{"id":141577,"date":"2026-09-03T13:09:42","date_gmt":"2026-09-03T20:09:42","guid":{"rendered":"https:\/\/fuentesfidedignas.com.mx\/?p=141577"},"modified":"2026-09-03T13:09:47","modified_gmt":"2026-09-03T20:09:47","slug":"el-fuerte-obtiene-mencion-honorifica-en-el-premio-de-contraloria-social-2026","status":"publish","type":"post","link":"https:\/\/fuentesfidedignas.com.mx\/index.php\/2026\/09\/03\/el-fuerte-obtiene-mencion-honorifica-en-el-premio-de-contraloria-social-2026\/","title":{"rendered":"El Fuerte obtiene Menci\u00f3n Honor\u00edfica en el Premio de Contralor\u00eda Social 2026"},"content":{"rendered":"\n<p class=\"wp-block-paragraph\"><strong><em>El reconocimiento destaca la labor de vigilancia y participaci\u00f3n ciudadana del Comit\u00e9 de Contralor\u00eda Social de la construcci\u00f3n de la Casita del Abuelo de Huepaco.<\/em><\/strong><\/p>\n\n\n\n<p class=\"wp-block-paragraph\">El Fuerte, Sin.- El municipio de El Fuerte obtuvo una Menci\u00f3n Honor\u00edfica en el Premio de Contralor\u00eda Social 2026, gracias al trabajo realizado por el Comit\u00e9 de Contralor\u00eda Social conformado para la construcci\u00f3n de la Casita del Abuelo de Huepaco.<\/p>\n\n\n\n<p class=\"wp-block-paragraph\">El jurado calificador determin\u00f3 que, por las labores de vigilancia realizadas y la integraci\u00f3n del proyecto, los integrantes del comit\u00e9 son merecedores de esta distinci\u00f3n, reconociendo su compromiso con la transparencia y la participaci\u00f3n ciudadana.<\/p>\n\n\n\n<p class=\"wp-block-paragraph\">El H. Ayuntamiento de El Fuerte, presidido por el alcalde Gildardo Leyva Ortega, a trav\u00e9s de la Sindicatura de Procuraci\u00f3n, felicit\u00f3 a las y los ciudadanos que integran este comit\u00e9 por su responsabilidad y disposici\u00f3n para participar activamente en la supervisi\u00f3n de una obra de beneficio social.<\/p>\n\n\n\n<p class=\"wp-block-paragraph\">La s\u00edndica procuradora, Mayra Lilian Osorio Armenta, reconoci\u00f3 especialmente a los integrantes del comit\u00e9 y destac\u00f3 que estos ejercicios fortalecen la participaci\u00f3n ciudadana y permiten que la sociedad se involucre directamente en la vigilancia de los procesos relacionados con las obras que se realizan en el municipio.<\/p>\n\n\n\n<p class=\"wp-block-paragraph\">\u201cEste reconocimiento es resultado de su compromiso, participaci\u00f3n y disposici\u00f3n para contribuir a una gesti\u00f3n p\u00fablica m\u00e1s transparente y cercana a la ciudadan\u00eda. Los invitamos a continuar formando parte de los comit\u00e9s de Contralor\u00eda Social, porque con la participaci\u00f3n ciudadana seguimos construyendo un municipio m\u00e1s transparente, responsable y participativo\u201d expres\u00f3.<\/p>\n\n\n\n<p class=\"wp-block-paragraph\">Con este logro, El Fuerte reafirma su compromiso con la transparencia, la rendici\u00f3n de cuentas y la participaci\u00f3n ciudadana, impulsando mecanismos que permiten a la poblaci\u00f3n ser parte activa de la transformaci\u00f3n de sus comunidades.<\/p>\n","protected":false},"excerpt":{"rendered":"<p>El reconocimiento destaca la labor de vigilancia y participaci\u00f3n ciudadana del Comit\u00e9 de Contralor\u00eda Social de la construcci\u00f3n de la Casita del Abuelo de Huepaco. El Fuerte, Sin.- El municipio de El Fuerte obtuvo una Menci\u00f3n Honor\u00edfica en el Premio de Contralor\u00eda Social 2026, gracias al trabajo realizado por el Comit\u00e9 de Contralor\u00eda Social conformado [&hellip;]<\/p>\n","protected":false},"author":4,"featured_media":141578,"comment_status":"open","ping_status":"open","sticky":false,"template":"","format":"standard","meta":{"tdm_status":"","tdm_grid_status":"","footnotes":""},"categories":[38],"tags":[],"class_list":["post-141577","post","type-post","status-publish","format-standard","has-post-thumbnail","category-noticias-locales"],"yoast_head":"<!-- This site is optimized with the Yoast SEO plugin v28.4 - https:\/\/yoast.com\/product\/yoast-seo-wordpress\/ -->\n<title>El Fuerte obtiene Menci\u00f3n Honor\u00edfica en el Premio de Contralor\u00eda Social 2026 - Fuentes Fidedignas<\/title>\n<meta name=\"robots\" content=\"index, follow, max-snippet:-1, max-image-preview:large, max-video-preview:-1\" \/>\n<link rel=\"canonical\" href=\"https:\/\/fuentesfidedignas.com.mx\/index.php\/2026\/09\/03\/el-fuerte-obtiene-mencion-honorifica-en-el-premio-de-contraloria-social-2026\/\" \/>\n<meta property=\"og:locale\" content=\"es_MX\" \/>\n<meta property=\"og:type\" content=\"article\" \/>\n<meta property=\"og:title\" content=\"El Fuerte obtiene Menci\u00f3n Honor\u00edfica en el Premio de Contralor\u00eda Social 2026 - Fuentes Fidedignas\" \/>\n<meta property=\"og:description\" content=\"El reconocimiento destaca la labor de vigilancia y participaci\u00f3n ciudadana del Comit\u00e9 de Contralor\u00eda Social de la construcci\u00f3n de la Casita del Abuelo de Huepaco. El Fuerte, Sin.- El municipio de El Fuerte obtuvo una Menci\u00f3n Honor\u00edfica en el Premio de Contralor\u00eda Social 2026, gracias al trabajo realizado por el Comit\u00e9 de Contralor\u00eda Social conformado [&hellip;]\" \/>\n<meta property=\"og:url\" content=\"https:\/\/fuentesfidedignas.com.mx\/index.php\/2026\/09\/03\/el-fuerte-obtiene-mencion-honorifica-en-el-premio-de-contraloria-social-2026\/\" \/>\n<meta property=\"og:site_name\" content=\"Fuentes Fidedignas\" \/>\n<meta property=\"article:publisher\" content=\"https:\/\/www.facebook.com\/Fuentes-Fidedignas-368234489921644\" \/>\n<meta property=\"article:published_time\" content=\"2026-09-03T20:09:42+00:00\" \/>\n<meta property=\"article:modified_time\" content=\"2026-09-03T20:09:47+00:00\" \/>\n<meta property=\"og:image\" content=\"https:\/\/fuentesfidedignas.com.mx\/wp-content\/uploads\/2026\/09\/WhatsApp-Image-2026-09-03-at-1.03.20-PM.jpeg\" \/>\n\t<meta property=\"og:image:width\" content=\"500\" \/>\n\t<meta property=\"og:image:height\" content=\"333\" \/>\n\t<meta property=\"og:image:type\" content=\"image\/jpeg\" \/>\n<meta name=\"author\" content=\"Redacci\u00f3n\" \/>\n<meta name=\"twitter:card\" content=\"summary_large_image\" \/>\n<meta name=\"twitter:creator\" content=\"@fidedignas\" \/>\n<meta name=\"twitter:site\" content=\"@fidedignas\" \/>\n<meta name=\"twitter:label1\" content=\"Escrito por\" \/>\n\t<meta name=\"twitter:data1\" content=\"Redacci\u00f3n\" \/>\n\t<meta name=\"twitter:label2\" content=\"Tiempo de lectura\" \/>\n\t<meta name=\"twitter:data2\" content=\"2 minutos\" \/>\n<script type=\"application\/ld+json\" class=\"yoast-schema-graph\">{\"@context\":\"https:\\\/\\\/schema.org\",\"@graph\":[{\"@type\":\"Article\",\"@id\":\"https:\\\/\\\/fuentesfidedignas.com.mx\\\/index.php\\\/2026\\\/09\\\/03\\\/el-fuerte-obtiene-mencion-honorifica-en-el-premio-de-contraloria-social-2026\\\/#article\",\"isPartOf\":{\"@id\":\"https:\\\/\\\/fuentesfidedignas.com.mx\\\/index.php\\\/2026\\\/09\\\/03\\\/el-fuerte-obtiene-mencion-honorifica-en-el-premio-de-contraloria-social-2026\\\/\"},\"author\":{\"name\":\"Redacci\u00f3n\",\"@id\":\"https:\\\/\\\/fuentesfidedignas.com.mx\\\/#\\\/schema\\\/person\\\/331be9283d37198e2acd5750279085b0\"},\"headline\":\"El Fuerte obtiene Menci\u00f3n Honor\u00edfica en el Premio de Contralor\u00eda Social 2026\",\"datePublished\":\"2026-09-03T20:09:42+00:00\",\"dateModified\":\"2026-09-03T20:09:47+00:00\",\"mainEntityOfPage\":{\"@id\":\"https:\\\/\\\/fuentesfidedignas.com.mx\\\/index.php\\\/2026\\\/09\\\/03\\\/el-fuerte-obtiene-mencion-honorifica-en-el-premio-de-contraloria-social-2026\\\/\"},\"wordCount\":324,\"commentCount\":0,\"publisher\":{\"@id\":\"https:\\\/\\\/fuentesfidedignas.com.mx\\\/#organization\"},\"image\":{\"@id\":\"https:\\\/\\\/fuentesfidedignas.com.mx\\\/index.php\\\/2026\\\/09\\\/03\\\/el-fuerte-obtiene-mencion-honorifica-en-el-premio-de-contraloria-social-2026\\\/#primaryimage\"},\"thumbnailUrl\":\"https:\\\/\\\/fuentesfidedignas.com.mx\\\/wp-content\\\/uploads\\\/2026\\\/09\\\/WhatsApp-Image-2026-09-03-at-1.03.20-PM.jpeg\",\"articleSection\":[\"NOTICIAS LOCALES\"],\"inLanguage\":\"es\",\"potentialAction\":[{\"@type\":\"CommentAction\",\"name\":\"Comment\",\"target\":[\"https:\\\/\\\/fuentesfidedignas.com.mx\\\/index.php\\\/2026\\\/09\\\/03\\\/el-fuerte-obtiene-mencion-honorifica-en-el-premio-de-contraloria-social-2026\\\/#respond\"]}]},{\"@type\":\"WebPage\",\"@id\":\"https:\\\/\\\/fuentesfidedignas.com.mx\\\/index.php\\\/2026\\\/09\\\/03\\\/el-fuerte-obtiene-mencion-honorifica-en-el-premio-de-contraloria-social-2026\\\/\",\"url\":\"https:\\\/\\\/fuentesfidedignas.com.mx\\\/index.php\\\/2026\\\/09\\\/03\\\/el-fuerte-obtiene-mencion-honorifica-en-el-premio-de-contraloria-social-2026\\\/\",\"name\":\"El Fuerte obtiene Menci\u00f3n Honor\u00edfica en el Premio de Contralor\u00eda Social 2026 - Fuentes Fidedignas\",\"isPartOf\":{\"@id\":\"https:\\\/\\\/fuentesfidedignas.com.mx\\\/#website\"},\"primaryImageOfPage\":{\"@id\":\"https:\\\/\\\/fuentesfidedignas.com.mx\\\/index.php\\\/2026\\\/09\\\/03\\\/el-fuerte-obtiene-mencion-honorifica-en-el-premio-de-contraloria-social-2026\\\/#primaryimage\"},\"image\":{\"@id\":\"https:\\\/\\\/fuentesfidedignas.com.mx\\\/index.php\\\/2026\\\/09\\\/03\\\/el-fuerte-obtiene-mencion-honorifica-en-el-premio-de-contraloria-social-2026\\\/#primaryimage\"},\"thumbnailUrl\":\"https:\\\/\\\/fuentesfidedignas.com.mx\\\/wp-content\\\/uploads\\\/2026\\\/09\\\/WhatsApp-Image-2026-09-03-at-1.03.20-PM.jpeg\",\"datePublished\":\"2026-09-03T20:09:42+00:00\",\"dateModified\":\"2026-09-03T20:09:47+00:00\",\"breadcrumb\":{\"@id\":\"https:\\\/\\\/fuentesfidedignas.com.mx\\\/index.php\\\/2026\\\/09\\\/03\\\/el-fuerte-obtiene-mencion-honorifica-en-el-premio-de-contraloria-social-2026\\\/#breadcrumb\"},\"inLanguage\":\"es\",\"potentialAction\":[{\"@type\":\"ReadAction\",\"target\":[\"https:\\\/\\\/fuentesfidedignas.com.mx\\\/index.php\\\/2026\\\/09\\\/03\\\/el-fuerte-obtiene-mencion-honorifica-en-el-premio-de-contraloria-social-2026\\\/\"]}]},{\"@type\":\"ImageObject\",\"inLanguage\":\"es\",\"@id\":\"https:\\\/\\\/fuentesfidedignas.com.mx\\\/index.php\\\/2026\\\/09\\\/03\\\/el-fuerte-obtiene-mencion-honorifica-en-el-premio-de-contraloria-social-2026\\\/#primaryimage\",\"url\":\"https:\\\/\\\/fuentesfidedignas.com.mx\\\/wp-content\\\/uploads\\\/2026\\\/09\\\/WhatsApp-Image-2026-09-03-at-1.03.20-PM.jpeg\",\"contentUrl\":\"https:\\\/\\\/fuentesfidedignas.com.mx\\\/wp-content\\\/uploads\\\/2026\\\/09\\\/WhatsApp-Image-2026-09-03-at-1.03.20-PM.jpeg\",\"width\":500,\"height\":333},{\"@type\":\"BreadcrumbList\",\"@id\":\"https:\\\/\\\/fuentesfidedignas.com.mx\\\/index.php\\\/2026\\\/09\\\/03\\\/el-fuerte-obtiene-mencion-honorifica-en-el-premio-de-contraloria-social-2026\\\/#breadcrumb\",\"itemListElement\":[{\"@type\":\"ListItem\",\"position\":1,\"name\":\"Inicio\",\"item\":\"https:\\\/\\\/fuentesfidedignas.com.mx\\\/\"},{\"@type\":\"ListItem\",\"position\":2,\"name\":\"El Fuerte obtiene Menci\u00f3n Honor\u00edfica en el Premio de Contralor\u00eda Social 2026\"}]},{\"@type\":\"WebSite\",\"@id\":\"https:\\\/\\\/fuentesfidedignas.com.mx\\\/#website\",\"url\":\"https:\\\/\\\/fuentesfidedignas.com.mx\\\/\",\"name\":\"Fuentes Fidedignas\",\"description\":\"Otro sitio realizado con WordPress\",\"publisher\":{\"@id\":\"https:\\\/\\\/fuentesfidedignas.com.mx\\\/#organization\"},\"potentialAction\":[{\"@type\":\"SearchAction\",\"target\":{\"@type\":\"EntryPoint\",\"urlTemplate\":\"https:\\\/\\\/fuentesfidedignas.com.mx\\\/?s={search_term_string}\"},\"query-input\":{\"@type\":\"PropertyValueSpecification\",\"valueRequired\":true,\"valueName\":\"search_term_string\"}}],\"inLanguage\":\"es\"},{\"@type\":\"Organization\",\"@id\":\"https:\\\/\\\/fuentesfidedignas.com.mx\\\/#organization\",\"name\":\"Fuentes Fidedignas\",\"url\":\"https:\\\/\\\/fuentesfidedignas.com.mx\\\/\",\"logo\":{\"@type\":\"ImageObject\",\"inLanguage\":\"es\",\"@id\":\"https:\\\/\\\/fuentesfidedignas.com.mx\\\/#\\\/schema\\\/logo\\\/image\\\/\",\"url\":\"https:\\\/\\\/fuentesfidedignas.com.mx\\\/wp-content\\\/uploads\\\/2021\\\/04\\\/logo-retina.png\",\"contentUrl\":\"https:\\\/\\\/fuentesfidedignas.com.mx\\\/wp-content\\\/uploads\\\/2021\\\/04\\\/logo-retina.png\",\"width\":280,\"height\":51,\"caption\":\"Fuentes Fidedignas\"},\"image\":{\"@id\":\"https:\\\/\\\/fuentesfidedignas.com.mx\\\/#\\\/schema\\\/logo\\\/image\\\/\"},\"sameAs\":[\"https:\\\/\\\/www.facebook.com\\\/Fuentes-Fidedignas-368234489921644\",\"https:\\\/\\\/x.com\\\/fidedignas\"]},{\"@type\":\"Person\",\"@id\":\"https:\\\/\\\/fuentesfidedignas.com.mx\\\/#\\\/schema\\\/person\\\/331be9283d37198e2acd5750279085b0\",\"name\":\"Redacci\u00f3n\",\"image\":{\"@type\":\"ImageObject\",\"inLanguage\":\"es\",\"@id\":\"https:\\\/\\\/secure.gravatar.com\\\/avatar\\\/f6d8782c11d12b2d4ad3fbb6931aeab5309937a4d6cd2fc9cfaa28a6396a5aec?s=96&d=mm&r=g\",\"url\":\"https:\\\/\\\/secure.gravatar.com\\\/avatar\\\/f6d8782c11d12b2d4ad3fbb6931aeab5309937a4d6cd2fc9cfaa28a6396a5aec?s=96&d=mm&r=g\",\"contentUrl\":\"https:\\\/\\\/secure.gravatar.com\\\/avatar\\\/f6d8782c11d12b2d4ad3fbb6931aeab5309937a4d6cd2fc9cfaa28a6396a5aec?s=96&d=mm&r=g\",\"caption\":\"Redacci\u00f3n\"},\"url\":\"https:\\\/\\\/fuentesfidedignas.com.mx\\\/index.php\\\/author\\\/redaccion\\\/\"}]}<\/script>\n<!-- \/ Yoast SEO plugin. -->","yoast_head_json":{"title":"El Fuerte obtiene Menci\u00f3n Honor\u00edfica en el Premio de Contralor\u00eda Social 2026 - Fuentes Fidedignas","robots":{"index":"index","follow":"follow","max-snippet":"max-snippet:-1","max-image-preview":"max-image-preview:large","max-video-preview":"max-video-preview:-1"},"canonical":"https:\/\/fuentesfidedignas.com.mx\/index.php\/2026\/09\/03\/el-fuerte-obtiene-mencion-honorifica-en-el-premio-de-contraloria-social-2026\/","og_locale":"es_MX","og_type":"article","og_title":"El Fuerte obtiene Menci\u00f3n Honor\u00edfica en el Premio de Contralor\u00eda Social 2026 - Fuentes Fidedignas","og_description":"El reconocimiento destaca la labor de vigilancia y participaci\u00f3n ciudadana del Comit\u00e9 de Contralor\u00eda Social de la construcci\u00f3n de la Casita del Abuelo de Huepaco. El Fuerte, Sin.- El municipio de El Fuerte obtuvo una Menci\u00f3n Honor\u00edfica en el Premio de Contralor\u00eda Social 2026, gracias al trabajo realizado por el Comit\u00e9 de Contralor\u00eda Social conformado [&hellip;]","og_url":"https:\/\/fuentesfidedignas.com.mx\/index.php\/2026\/09\/03\/el-fuerte-obtiene-mencion-honorifica-en-el-premio-de-contraloria-social-2026\/","og_site_name":"Fuentes Fidedignas","article_publisher":"https:\/\/www.facebook.com\/Fuentes-Fidedignas-368234489921644","article_published_time":"2026-09-03T20:09:42+00:00","article_modified_time":"2026-09-03T20:09:47+00:00","og_image":[{"width":500,"height":333,"url":"https:\/\/fuentesfidedignas.com.mx\/wp-content\/uploads\/2026\/09\/WhatsApp-Image-2026-09-03-at-1.03.20-PM.jpeg","type":"image\/jpeg"}],"author":"Redacci\u00f3n","twitter_card":"summary_large_image","twitter_creator":"@fidedignas","twitter_site":"@fidedignas","twitter_misc":{"Escrito por":"Redacci\u00f3n","Tiempo de lectura":"2 minutos"},"schema":{"@context":"https:\/\/schema.org","@graph":[{"@type":"Article","@id":"https:\/\/fuentesfidedignas.com.mx\/index.php\/2026\/09\/03\/el-fuerte-obtiene-mencion-honorifica-en-el-premio-de-contraloria-social-2026\/#article","isPartOf":{"@id":"https:\/\/fuentesfidedignas.com.mx\/index.php\/2026\/09\/03\/el-fuerte-obtiene-mencion-honorifica-en-el-premio-de-contraloria-social-2026\/"},"author":{"name":"Redacci\u00f3n","@id":"https:\/\/fuentesfidedignas.com.mx\/#\/schema\/person\/331be9283d37198e2acd5750279085b0"},"headline":"El Fuerte obtiene Menci\u00f3n Honor\u00edfica en el Premio de Contralor\u00eda Social 2026","datePublished":"2026-09-03T20:09:42+00:00","dateModified":"2026-09-03T20:09:47+00:00","mainEntityOfPage":{"@id":"https:\/\/fuentesfidedignas.com.mx\/index.php\/2026\/09\/03\/el-fuerte-obtiene-mencion-honorifica-en-el-premio-de-contraloria-social-2026\/"},"wordCount":324,"commentCount":0,"publisher":{"@id":"https:\/\/fuentesfidedignas.com.mx\/#organization"},"image":{"@id":"https:\/\/fuentesfidedignas.com.mx\/index.php\/2026\/09\/03\/el-fuerte-obtiene-mencion-honorifica-en-el-premio-de-contraloria-social-2026\/#primaryimage"},"thumbnailUrl":"https:\/\/fuentesfidedignas.com.mx\/wp-content\/uploads\/2026\/09\/WhatsApp-Image-2026-09-03-at-1.03.20-PM.jpeg","articleSection":["NOTICIAS LOCALES"],"inLanguage":"es","potentialAction":[{"@type":"CommentAction","name":"Comment","target":["https:\/\/fuentesfidedignas.com.mx\/index.php\/2026\/09\/03\/el-fuerte-obtiene-mencion-honorifica-en-el-premio-de-contraloria-social-2026\/#respond"]}]},{"@type":"WebPage","@id":"https:\/\/fuentesfidedignas.com.mx\/index.php\/2026\/09\/03\/el-fuerte-obtiene-mencion-honorifica-en-el-premio-de-contraloria-social-2026\/","url":"https:\/\/fuentesfidedignas.com.mx\/index.php\/2026\/09\/03\/el-fuerte-obtiene-mencion-honorifica-en-el-premio-de-contraloria-social-2026\/","name":"El Fuerte obtiene Menci\u00f3n Honor\u00edfica en el Premio de Contralor\u00eda Social 2026 - Fuentes Fidedignas","isPartOf":{"@id":"https:\/\/fuentesfidedignas.com.mx\/#website"},"primaryImageOfPage":{"@id":"https:\/\/fuentesfidedignas.com.mx\/index.php\/2026\/09\/03\/el-fuerte-obtiene-mencion-honorifica-en-el-premio-de-contraloria-social-2026\/#primaryimage"},"image":{"@id":"https:\/\/fuentesfidedignas.com.mx\/index.php\/2026\/09\/03\/el-fuerte-obtiene-mencion-honorifica-en-el-premio-de-contraloria-social-2026\/#primaryimage"},"thumbnailUrl":"https:\/\/fuentesfidedignas.com.mx\/wp-content\/uploads\/2026\/09\/WhatsApp-Image-2026-09-03-at-1.03.20-PM.jpeg","datePublished":"2026-09-03T20:09:42+00:00","dateModified":"2026-09-03T20:09:47+00:00","breadcrumb":{"@id":"https:\/\/fuentesfidedignas.com.mx\/index.php\/2026\/09\/03\/el-fuerte-obtiene-mencion-honorifica-en-el-premio-de-contraloria-social-2026\/#breadcrumb"},"inLanguage":"es","potentialAction":[{"@type":"ReadAction","target":["https:\/\/fuentesfidedignas.com.mx\/index.php\/2026\/09\/03\/el-fuerte-obtiene-mencion-honorifica-en-el-premio-de-contraloria-social-2026\/"]}]},{"@type":"ImageObject","inLanguage":"es","@id":"https:\/\/fuentesfidedignas.com.mx\/index.php\/2026\/09\/03\/el-fuerte-obtiene-mencion-honorifica-en-el-premio-de-contraloria-social-2026\/#primaryimage","url":"https:\/\/fuentesfidedignas.com.mx\/wp-content\/uploads\/2026\/09\/WhatsApp-Image-2026-09-03-at-1.03.20-PM.jpeg","contentUrl":"https:\/\/fuentesfidedignas.com.mx\/wp-content\/uploads\/2026\/09\/WhatsApp-Image-2026-09-03-at-1.03.20-PM.jpeg","width":500,"height":333},{"@type":"BreadcrumbList","@id":"https:\/\/fuentesfidedignas.com.mx\/index.php\/2026\/09\/03\/el-fuerte-obtiene-mencion-honorifica-en-el-premio-de-contraloria-social-2026\/#breadcrumb","itemListElement":[{"@type":"ListItem","position":1,"name":"Inicio","item":"https:\/\/fuentesfidedignas.com.mx\/"},{"@type":"ListItem","position":2,"name":"El Fuerte obtiene Menci\u00f3n Honor\u00edfica en el Premio de Contralor\u00eda Social 2026"}]},{"@type":"WebSite","@id":"https:\/\/fuentesfidedignas.com.mx\/#website","url":"https:\/\/fuentesfidedignas.com.mx\/","name":"Fuentes Fidedignas","description":"Otro sitio realizado con WordPress","publisher":{"@id":"https:\/\/fuentesfidedignas.com.mx\/#organization"},"potentialAction":[{"@type":"SearchAction","target":{"@type":"EntryPoint","urlTemplate":"https:\/\/fuentesfidedignas.com.mx\/?s={search_term_string}"},"query-input":{"@type":"PropertyValueSpecification","valueRequired":true,"valueName":"search_term_string"}}],"inLanguage":"es"},{"@type":"Organization","@id":"https:\/\/fuentesfidedignas.com.mx\/#organization","name":"Fuentes Fidedignas","url":"https:\/\/fuentesfidedignas.com.mx\/","logo":{"@type":"ImageObject","inLanguage":"es","@id":"https:\/\/fuentesfidedignas.com.mx\/#\/schema\/logo\/image\/","url":"https:\/\/fuentesfidedignas.com.mx\/wp-content\/uploads\/2021\/04\/logo-retina.png","contentUrl":"https:\/\/fuentesfidedignas.com.mx\/wp-content\/uploads\/2021\/04\/logo-retina.png","width":280,"height":51,"caption":"Fuentes Fidedignas"},"image":{"@id":"https:\/\/fuentesfidedignas.com.mx\/#\/schema\/logo\/image\/"},"sameAs":["https:\/\/www.facebook.com\/Fuentes-Fidedignas-368234489921644","https:\/\/x.com\/fidedignas"]},{"@type":"Person","@id":"https:\/\/fuentesfidedignas.com.mx\/#\/schema\/person\/331be9283d37198e2acd5750279085b0","name":"Redacci\u00f3n","image":{"@type":"ImageObject","inLanguage":"es","@id":"https:\/\/secure.gravatar.com\/avatar\/f6d8782c11d12b2d4ad3fbb6931aeab5309937a4d6cd2fc9cfaa28a6396a5aec?s=96&d=mm&r=g","url":"https:\/\/secure.gravatar.com\/avatar\/f6d8782c11d12b2d4ad3fbb6931aeab5309937a4d6cd2fc9cfaa28a6396a5aec?s=96&d=mm&r=g","contentUrl":"https:\/\/secure.gravatar.com\/avatar\/f6d8782c11d12b2d4ad3fbb6931aeab5309937a4d6cd2fc9cfaa28a6396a5aec?s=96&d=mm&r=g","caption":"Redacci\u00f3n"},"url":"https:\/\/fuentesfidedignas.com.mx\/index.php\/author\/redaccion\/"}]}},"_links":{"self":[{"href":"https:\/\/fuentesfidedignas.com.mx\/index.php\/wp-json\/wp\/v2\/posts\/141577","targetHints":{"allow":["GET"]}}],"collection":[{"href":"https:\/\/fuentesfidedignas.com.mx\/index.php\/wp-json\/wp\/v2\/posts"}],"about":[{"href":"https:\/\/fuentesfidedignas.com.mx\/index.php\/wp-json\/wp\/v2\/types\/post"}],"author":[{"embeddable":true,"href":"https:\/\/fuentesfidedignas.com.mx\/index.php\/wp-json\/wp\/v2\/users\/4"}],"replies":[{"embeddable":true,"href":"https:\/\/fuentesfidedignas.com.mx\/index.php\/wp-json\/wp\/v2\/comments?post=141577"}],"version-history":[{"count":1,"href":"https:\/\/fuentesfidedignas.com.mx\/index.php\/wp-json\/wp\/v2\/posts\/141577\/revisions"}],"predecessor-version":[{"id":141579,"href":"https:\/\/fuentesfidedignas.com.mx\/index.php\/wp-json\/wp\/v2\/posts\/141577\/revisions\/141579"}],"wp:featuredmedia":[{"embeddable":true,"href":"https:\/\/fuentesfidedignas.com.mx\/index.php\/wp-json\/wp\/v2\/media\/141578"}],"wp:attachment":[{"href":"https:\/\/fuentesfidedignas.com.mx\/index.php\/wp-json\/wp\/v2\/media?parent=141577"}],"wp:term":[{"taxonomy":"category","embeddable":true,"href":"https:\/\/fuentesfidedignas.com.mx\/index.php\/wp-json\/wp\/v2\/categories?post=141577"},{"taxonomy":"post_tag","embeddable":true,"href":"https:\/\/fuentesfidedignas.com.mx\/index.php\/wp-json\/wp\/v2\/tags?post=141577"}],"curies":[{"name":"wp","href":"https:\/\/api.w.org\/{rel}","templated":true}]}}