{"id":141575,"date":"2026-09-03T12:34:02","date_gmt":"2026-09-03T19:34:02","guid":{"rendered":"https:\/\/fuentesfidedignas.com.mx\/?p=141575"},"modified":"2026-09-03T12:34:02","modified_gmt":"2026-09-03T19:34:02","slug":"secretaria-de-economia-escucha-planteamientos-de-empresarios-del-centro-de-culiacan","status":"publish","type":"post","link":"https:\/\/fuentesfidedignas.com.mx\/index.php\/2026\/09\/03\/secretaria-de-economia-escucha-planteamientos-de-empresarios-del-centro-de-culiacan\/","title":{"rendered":"Secretar\u00eda de Econom\u00eda escucha planteamientos de empresarios del centro de Culiac\u00e1n"},"content":{"rendered":"\n<p class=\"wp-block-paragraph\"><em>El secretario de Econom\u00eda, Diego Aguerrebere, sostuvo un encuentro con empresarios de Culiac\u00e1n para escuchar sus planteamientos y establecer una agenda de trabajo en temas relacionados con financiamiento, capacitaci\u00f3n y reactivaci\u00f3n econ\u00f3mica.<\/em><\/p>\n\n\n\n<p class=\"wp-block-paragraph\">Culiac\u00e1n, Sinaloa.- Con la finalidad de mantener un di\u00e1logo directo con el sector empresarial y atender sus planteamientos, el secretario de Econom\u00eda, Diego Aguerrebere, se reuni\u00f3 con empresarios de Culiac\u00e1n integrantes de la Alianza para el Desarrollo y Competitividad de las Empresas (ADECEM), con quienes abord\u00f3 temas relacionados con la actividad econ\u00f3mica de la ciudad.<\/p>\n\n\n\n<p class=\"wp-block-paragraph\">Durante la reuni\u00f3n de trabajo, las y los empresarios presentaron planteamientos en distintas \u00e1reas, entre ellos el financiamiento para peque\u00f1as y medianas empresas del sector tecnol\u00f3gico, as\u00ed como esquemas de capacitaci\u00f3n para el control y seguimiento del modelo de franquicias. Tambi\u00e9n se abord\u00f3 la necesidad de promover y gestionar eventos y actividades que contribuyan a reactivar la econom\u00eda del centro de la ciudad de Culiac\u00e1n.<\/p>\n\n\n\n<p class=\"wp-block-paragraph\">Asimismo, se plante\u00f3 la oportunidad de desarrollar actividades que fortalezcan la din\u00e1mica econ\u00f3mica del puerto de Altata y sus diferentes servicios y giros, adem\u00e1s de trabajar en la integraci\u00f3n de un directorio de tr\u00e1mites y permisos de dependencias federales, estatales y municipales que facilite a los negocios conocer los procesos y requisitos necesarios para su operaci\u00f3n.<\/p>\n\n\n\n<p class=\"wp-block-paragraph\">El secretario de Econom\u00eda, Diego Aguerrebere, resalt\u00f3 la instrucci\u00f3n de la gobernadora Graciela Dom\u00ednguez Nava de mantener cercan\u00eda con el sector empresarial para conocer de primera mano sus necesidades, experiencias y propuestas.<\/p>\n\n\n\n<p class=\"wp-block-paragraph\">\u201cEn todos lados a donde voy no solo recojo necesidades, sino aprendo algo, y ustedes los empresarios traen una idea m\u00e1s claro de c\u00f3mo est\u00e1 la econom\u00eda y c\u00f3mo quieren que este, y que necesitan del gobierno\u201d, mencion\u00f3. Aguerrebere se\u00f1al\u00f3 que la Secretar\u00eda de Econom\u00eda cuenta con una serie de herramientas y programas dise\u00f1ados para apoyar a empresarias y empresarios, y reiter\u00f3 la disposici\u00f3n de mantener el di\u00e1logo y seguimiento a los temas planteados durante el encuentro.<\/p>\n\n\n\n<p class=\"wp-block-paragraph\">Para el presidente de la Alianza para el Desarrollo y Competitividad de las Empresas, Julio C\u00e9sar Silvas, este primer di\u00e1logo con el secretario de Econom\u00eda permiti\u00f3 a empresarios de Culiac\u00e1n compartir las inquietudes y propuestas del sector. \u201cLe planteamos algunas inquietudes y quedamos en el acuerdo de sostener una agenda de trabajo de forma particular, con la intenci\u00f3n de generar m\u00e1s econom\u00eda para Culiac\u00e1n\u201d, sostuvo.<\/p>\n\n\n\n<p class=\"wp-block-paragraph\">En la reuni\u00f3n tambi\u00e9n participaron la subsecretaria de Fomento Econ\u00f3mico, Wendy Hern\u00e1ndez Fierro, as\u00ed como empresarios integrantes de ADECEM.<\/p>\n","protected":false},"excerpt":{"rendered":"<p>El secretario de Econom\u00eda, Diego Aguerrebere, sostuvo un encuentro con empresarios de Culiac\u00e1n para escuchar sus planteamientos y establecer una agenda de trabajo en temas relacionados con financiamiento, capacitaci\u00f3n y reactivaci\u00f3n econ\u00f3mica. Culiac\u00e1n, Sinaloa.- Con la finalidad de mantener un di\u00e1logo directo con el sector empresarial y atender sus planteamientos, el secretario de Econom\u00eda, Diego [&hellip;]<\/p>\n","protected":false},"author":4,"featured_media":141574,"comment_status":"closed","ping_status":"open","sticky":false,"template":"","format":"standard","meta":{"tdm_status":"","tdm_grid_status":"","footnotes":""},"categories":[38],"tags":[],"class_list":["post-141575","post","type-post","status-publish","format-standard","has-post-thumbnail","category-noticias-locales"],"yoast_head":"<!-- This site is optimized with the Yoast SEO plugin v28.4 - https:\/\/yoast.com\/product\/yoast-seo-wordpress\/ -->\n<title>Secretar\u00eda de Econom\u00eda escucha planteamientos de empresarios del centro de Culiac\u00e1n - Fuentes Fidedignas<\/title>\n<meta name=\"robots\" content=\"index, follow, max-snippet:-1, max-image-preview:large, max-video-preview:-1\" \/>\n<link rel=\"canonical\" href=\"https:\/\/fuentesfidedignas.com.mx\/index.php\/2026\/09\/03\/secretaria-de-economia-escucha-planteamientos-de-empresarios-del-centro-de-culiacan\/\" \/>\n<meta property=\"og:locale\" content=\"es_MX\" \/>\n<meta property=\"og:type\" content=\"article\" \/>\n<meta property=\"og:title\" content=\"Secretar\u00eda de Econom\u00eda escucha planteamientos de empresarios del centro de Culiac\u00e1n - Fuentes Fidedignas\" \/>\n<meta property=\"og:description\" content=\"El secretario de Econom\u00eda, Diego Aguerrebere, sostuvo un encuentro con empresarios de Culiac\u00e1n para escuchar sus planteamientos y establecer una agenda de trabajo en temas relacionados con financiamiento, capacitaci\u00f3n y reactivaci\u00f3n econ\u00f3mica. Culiac\u00e1n, Sinaloa.- Con la finalidad de mantener un di\u00e1logo directo con el sector empresarial y atender sus planteamientos, el secretario de Econom\u00eda, Diego [&hellip;]\" \/>\n<meta property=\"og:url\" content=\"https:\/\/fuentesfidedignas.com.mx\/index.php\/2026\/09\/03\/secretaria-de-economia-escucha-planteamientos-de-empresarios-del-centro-de-culiacan\/\" \/>\n<meta property=\"og:site_name\" content=\"Fuentes Fidedignas\" \/>\n<meta property=\"article:publisher\" content=\"https:\/\/www.facebook.com\/Fuentes-Fidedignas-368234489921644\" \/>\n<meta property=\"article:published_time\" content=\"2026-09-03T19:34:02+00:00\" \/>\n<meta property=\"og:image\" content=\"https:\/\/fuentesfidedignas.com.mx\/wp-content\/uploads\/2026\/09\/6dcba901-193c-47b7-8ca8-c50606c3018e.jpeg\" \/>\n\t<meta property=\"og:image:width\" content=\"1600\" \/>\n\t<meta property=\"og:image:height\" content=\"1064\" \/>\n\t<meta property=\"og:image:type\" content=\"image\/jpeg\" \/>\n<meta name=\"author\" content=\"Redacci\u00f3n\" \/>\n<meta name=\"twitter:card\" content=\"summary_large_image\" \/>\n<meta name=\"twitter:creator\" content=\"@fidedignas\" \/>\n<meta name=\"twitter:site\" content=\"@fidedignas\" \/>\n<meta name=\"twitter:label1\" content=\"Escrito por\" \/>\n\t<meta name=\"twitter:data1\" content=\"Redacci\u00f3n\" \/>\n\t<meta name=\"twitter:label2\" content=\"Tiempo de lectura\" \/>\n\t<meta name=\"twitter:data2\" content=\"2 minutos\" \/>\n<script type=\"application\/ld+json\" class=\"yoast-schema-graph\">{\"@context\":\"https:\\\/\\\/schema.org\",\"@graph\":[{\"@type\":\"Article\",\"@id\":\"https:\\\/\\\/fuentesfidedignas.com.mx\\\/index.php\\\/2026\\\/09\\\/03\\\/secretaria-de-economia-escucha-planteamientos-de-empresarios-del-centro-de-culiacan\\\/#article\",\"isPartOf\":{\"@id\":\"https:\\\/\\\/fuentesfidedignas.com.mx\\\/index.php\\\/2026\\\/09\\\/03\\\/secretaria-de-economia-escucha-planteamientos-de-empresarios-del-centro-de-culiacan\\\/\"},\"author\":{\"name\":\"Redacci\u00f3n\",\"@id\":\"https:\\\/\\\/fuentesfidedignas.com.mx\\\/#\\\/schema\\\/person\\\/331be9283d37198e2acd5750279085b0\"},\"headline\":\"Secretar\u00eda de Econom\u00eda escucha planteamientos de empresarios del centro de Culiac\u00e1n\",\"datePublished\":\"2026-09-03T19:34:02+00:00\",\"mainEntityOfPage\":{\"@id\":\"https:\\\/\\\/fuentesfidedignas.com.mx\\\/index.php\\\/2026\\\/09\\\/03\\\/secretaria-de-economia-escucha-planteamientos-de-empresarios-del-centro-de-culiacan\\\/\"},\"wordCount\":465,\"publisher\":{\"@id\":\"https:\\\/\\\/fuentesfidedignas.com.mx\\\/#organization\"},\"image\":{\"@id\":\"https:\\\/\\\/fuentesfidedignas.com.mx\\\/index.php\\\/2026\\\/09\\\/03\\\/secretaria-de-economia-escucha-planteamientos-de-empresarios-del-centro-de-culiacan\\\/#primaryimage\"},\"thumbnailUrl\":\"https:\\\/\\\/fuentesfidedignas.com.mx\\\/wp-content\\\/uploads\\\/2026\\\/09\\\/6dcba901-193c-47b7-8ca8-c50606c3018e.jpeg\",\"articleSection\":[\"NOTICIAS LOCALES\"],\"inLanguage\":\"es\"},{\"@type\":\"WebPage\",\"@id\":\"https:\\\/\\\/fuentesfidedignas.com.mx\\\/index.php\\\/2026\\\/09\\\/03\\\/secretaria-de-economia-escucha-planteamientos-de-empresarios-del-centro-de-culiacan\\\/\",\"url\":\"https:\\\/\\\/fuentesfidedignas.com.mx\\\/index.php\\\/2026\\\/09\\\/03\\\/secretaria-de-economia-escucha-planteamientos-de-empresarios-del-centro-de-culiacan\\\/\",\"name\":\"Secretar\u00eda de Econom\u00eda escucha planteamientos de empresarios del centro de Culiac\u00e1n - Fuentes Fidedignas\",\"isPartOf\":{\"@id\":\"https:\\\/\\\/fuentesfidedignas.com.mx\\\/#website\"},\"primaryImageOfPage\":{\"@id\":\"https:\\\/\\\/fuentesfidedignas.com.mx\\\/index.php\\\/2026\\\/09\\\/03\\\/secretaria-de-economia-escucha-planteamientos-de-empresarios-del-centro-de-culiacan\\\/#primaryimage\"},\"image\":{\"@id\":\"https:\\\/\\\/fuentesfidedignas.com.mx\\\/index.php\\\/2026\\\/09\\\/03\\\/secretaria-de-economia-escucha-planteamientos-de-empresarios-del-centro-de-culiacan\\\/#primaryimage\"},\"thumbnailUrl\":\"https:\\\/\\\/fuentesfidedignas.com.mx\\\/wp-content\\\/uploads\\\/2026\\\/09\\\/6dcba901-193c-47b7-8ca8-c50606c3018e.jpeg\",\"datePublished\":\"2026-09-03T19:34:02+00:00\",\"breadcrumb\":{\"@id\":\"https:\\\/\\\/fuentesfidedignas.com.mx\\\/index.php\\\/2026\\\/09\\\/03\\\/secretaria-de-economia-escucha-planteamientos-de-empresarios-del-centro-de-culiacan\\\/#breadcrumb\"},\"inLanguage\":\"es\",\"potentialAction\":[{\"@type\":\"ReadAction\",\"target\":[\"https:\\\/\\\/fuentesfidedignas.com.mx\\\/index.php\\\/2026\\\/09\\\/03\\\/secretaria-de-economia-escucha-planteamientos-de-empresarios-del-centro-de-culiacan\\\/\"]}]},{\"@type\":\"ImageObject\",\"inLanguage\":\"es\",\"@id\":\"https:\\\/\\\/fuentesfidedignas.com.mx\\\/index.php\\\/2026\\\/09\\\/03\\\/secretaria-de-economia-escucha-planteamientos-de-empresarios-del-centro-de-culiacan\\\/#primaryimage\",\"url\":\"https:\\\/\\\/fuentesfidedignas.com.mx\\\/wp-content\\\/uploads\\\/2026\\\/09\\\/6dcba901-193c-47b7-8ca8-c50606c3018e.jpeg\",\"contentUrl\":\"https:\\\/\\\/fuentesfidedignas.com.mx\\\/wp-content\\\/uploads\\\/2026\\\/09\\\/6dcba901-193c-47b7-8ca8-c50606c3018e.jpeg\",\"width\":1600,\"height\":1064},{\"@type\":\"BreadcrumbList\",\"@id\":\"https:\\\/\\\/fuentesfidedignas.com.mx\\\/index.php\\\/2026\\\/09\\\/03\\\/secretaria-de-economia-escucha-planteamientos-de-empresarios-del-centro-de-culiacan\\\/#breadcrumb\",\"itemListElement\":[{\"@type\":\"ListItem\",\"position\":1,\"name\":\"Inicio\",\"item\":\"https:\\\/\\\/fuentesfidedignas.com.mx\\\/\"},{\"@type\":\"ListItem\",\"position\":2,\"name\":\"Secretar\u00eda de Econom\u00eda escucha planteamientos de empresarios del centro de Culiac\u00e1n\"}]},{\"@type\":\"WebSite\",\"@id\":\"https:\\\/\\\/fuentesfidedignas.com.mx\\\/#website\",\"url\":\"https:\\\/\\\/fuentesfidedignas.com.mx\\\/\",\"name\":\"Fuentes Fidedignas\",\"description\":\"Otro sitio realizado con WordPress\",\"publisher\":{\"@id\":\"https:\\\/\\\/fuentesfidedignas.com.mx\\\/#organization\"},\"potentialAction\":[{\"@type\":\"SearchAction\",\"target\":{\"@type\":\"EntryPoint\",\"urlTemplate\":\"https:\\\/\\\/fuentesfidedignas.com.mx\\\/?s={search_term_string}\"},\"query-input\":{\"@type\":\"PropertyValueSpecification\",\"valueRequired\":true,\"valueName\":\"search_term_string\"}}],\"inLanguage\":\"es\"},{\"@type\":\"Organization\",\"@id\":\"https:\\\/\\\/fuentesfidedignas.com.mx\\\/#organization\",\"name\":\"Fuentes Fidedignas\",\"url\":\"https:\\\/\\\/fuentesfidedignas.com.mx\\\/\",\"logo\":{\"@type\":\"ImageObject\",\"inLanguage\":\"es\",\"@id\":\"https:\\\/\\\/fuentesfidedignas.com.mx\\\/#\\\/schema\\\/logo\\\/image\\\/\",\"url\":\"https:\\\/\\\/fuentesfidedignas.com.mx\\\/wp-content\\\/uploads\\\/2021\\\/04\\\/logo-retina.png\",\"contentUrl\":\"https:\\\/\\\/fuentesfidedignas.com.mx\\\/wp-content\\\/uploads\\\/2021\\\/04\\\/logo-retina.png\",\"width\":280,\"height\":51,\"caption\":\"Fuentes Fidedignas\"},\"image\":{\"@id\":\"https:\\\/\\\/fuentesfidedignas.com.mx\\\/#\\\/schema\\\/logo\\\/image\\\/\"},\"sameAs\":[\"https:\\\/\\\/www.facebook.com\\\/Fuentes-Fidedignas-368234489921644\",\"https:\\\/\\\/x.com\\\/fidedignas\"]},{\"@type\":\"Person\",\"@id\":\"https:\\\/\\\/fuentesfidedignas.com.mx\\\/#\\\/schema\\\/person\\\/331be9283d37198e2acd5750279085b0\",\"name\":\"Redacci\u00f3n\",\"image\":{\"@type\":\"ImageObject\",\"inLanguage\":\"es\",\"@id\":\"https:\\\/\\\/secure.gravatar.com\\\/avatar\\\/f6d8782c11d12b2d4ad3fbb6931aeab5309937a4d6cd2fc9cfaa28a6396a5aec?s=96&d=mm&r=g\",\"url\":\"https:\\\/\\\/secure.gravatar.com\\\/avatar\\\/f6d8782c11d12b2d4ad3fbb6931aeab5309937a4d6cd2fc9cfaa28a6396a5aec?s=96&d=mm&r=g\",\"contentUrl\":\"https:\\\/\\\/secure.gravatar.com\\\/avatar\\\/f6d8782c11d12b2d4ad3fbb6931aeab5309937a4d6cd2fc9cfaa28a6396a5aec?s=96&d=mm&r=g\",\"caption\":\"Redacci\u00f3n\"},\"url\":\"https:\\\/\\\/fuentesfidedignas.com.mx\\\/index.php\\\/author\\\/redaccion\\\/\"}]}<\/script>\n<!-- \/ Yoast SEO plugin. -->","yoast_head_json":{"title":"Secretar\u00eda de Econom\u00eda escucha planteamientos de empresarios del centro de Culiac\u00e1n - Fuentes Fidedignas","robots":{"index":"index","follow":"follow","max-snippet":"max-snippet:-1","max-image-preview":"max-image-preview:large","max-video-preview":"max-video-preview:-1"},"canonical":"https:\/\/fuentesfidedignas.com.mx\/index.php\/2026\/09\/03\/secretaria-de-economia-escucha-planteamientos-de-empresarios-del-centro-de-culiacan\/","og_locale":"es_MX","og_type":"article","og_title":"Secretar\u00eda de Econom\u00eda escucha planteamientos de empresarios del centro de Culiac\u00e1n - Fuentes Fidedignas","og_description":"El secretario de Econom\u00eda, Diego Aguerrebere, sostuvo un encuentro con empresarios de Culiac\u00e1n para escuchar sus planteamientos y establecer una agenda de trabajo en temas relacionados con financiamiento, capacitaci\u00f3n y reactivaci\u00f3n econ\u00f3mica. Culiac\u00e1n, Sinaloa.- Con la finalidad de mantener un di\u00e1logo directo con el sector empresarial y atender sus planteamientos, el secretario de Econom\u00eda, Diego [&hellip;]","og_url":"https:\/\/fuentesfidedignas.com.mx\/index.php\/2026\/09\/03\/secretaria-de-economia-escucha-planteamientos-de-empresarios-del-centro-de-culiacan\/","og_site_name":"Fuentes Fidedignas","article_publisher":"https:\/\/www.facebook.com\/Fuentes-Fidedignas-368234489921644","article_published_time":"2026-09-03T19:34:02+00:00","og_image":[{"width":1600,"height":1064,"url":"https:\/\/fuentesfidedignas.com.mx\/wp-content\/uploads\/2026\/09\/6dcba901-193c-47b7-8ca8-c50606c3018e.jpeg","type":"image\/jpeg"}],"author":"Redacci\u00f3n","twitter_card":"summary_large_image","twitter_creator":"@fidedignas","twitter_site":"@fidedignas","twitter_misc":{"Escrito por":"Redacci\u00f3n","Tiempo de lectura":"2 minutos"},"schema":{"@context":"https:\/\/schema.org","@graph":[{"@type":"Article","@id":"https:\/\/fuentesfidedignas.com.mx\/index.php\/2026\/09\/03\/secretaria-de-economia-escucha-planteamientos-de-empresarios-del-centro-de-culiacan\/#article","isPartOf":{"@id":"https:\/\/fuentesfidedignas.com.mx\/index.php\/2026\/09\/03\/secretaria-de-economia-escucha-planteamientos-de-empresarios-del-centro-de-culiacan\/"},"author":{"name":"Redacci\u00f3n","@id":"https:\/\/fuentesfidedignas.com.mx\/#\/schema\/person\/331be9283d37198e2acd5750279085b0"},"headline":"Secretar\u00eda de Econom\u00eda escucha planteamientos de empresarios del centro de Culiac\u00e1n","datePublished":"2026-09-03T19:34:02+00:00","mainEntityOfPage":{"@id":"https:\/\/fuentesfidedignas.com.mx\/index.php\/2026\/09\/03\/secretaria-de-economia-escucha-planteamientos-de-empresarios-del-centro-de-culiacan\/"},"wordCount":465,"publisher":{"@id":"https:\/\/fuentesfidedignas.com.mx\/#organization"},"image":{"@id":"https:\/\/fuentesfidedignas.com.mx\/index.php\/2026\/09\/03\/secretaria-de-economia-escucha-planteamientos-de-empresarios-del-centro-de-culiacan\/#primaryimage"},"thumbnailUrl":"https:\/\/fuentesfidedignas.com.mx\/wp-content\/uploads\/2026\/09\/6dcba901-193c-47b7-8ca8-c50606c3018e.jpeg","articleSection":["NOTICIAS LOCALES"],"inLanguage":"es"},{"@type":"WebPage","@id":"https:\/\/fuentesfidedignas.com.mx\/index.php\/2026\/09\/03\/secretaria-de-economia-escucha-planteamientos-de-empresarios-del-centro-de-culiacan\/","url":"https:\/\/fuentesfidedignas.com.mx\/index.php\/2026\/09\/03\/secretaria-de-economia-escucha-planteamientos-de-empresarios-del-centro-de-culiacan\/","name":"Secretar\u00eda de Econom\u00eda escucha planteamientos de empresarios del centro de Culiac\u00e1n - Fuentes Fidedignas","isPartOf":{"@id":"https:\/\/fuentesfidedignas.com.mx\/#website"},"primaryImageOfPage":{"@id":"https:\/\/fuentesfidedignas.com.mx\/index.php\/2026\/09\/03\/secretaria-de-economia-escucha-planteamientos-de-empresarios-del-centro-de-culiacan\/#primaryimage"},"image":{"@id":"https:\/\/fuentesfidedignas.com.mx\/index.php\/2026\/09\/03\/secretaria-de-economia-escucha-planteamientos-de-empresarios-del-centro-de-culiacan\/#primaryimage"},"thumbnailUrl":"https:\/\/fuentesfidedignas.com.mx\/wp-content\/uploads\/2026\/09\/6dcba901-193c-47b7-8ca8-c50606c3018e.jpeg","datePublished":"2026-09-03T19:34:02+00:00","breadcrumb":{"@id":"https:\/\/fuentesfidedignas.com.mx\/index.php\/2026\/09\/03\/secretaria-de-economia-escucha-planteamientos-de-empresarios-del-centro-de-culiacan\/#breadcrumb"},"inLanguage":"es","potentialAction":[{"@type":"ReadAction","target":["https:\/\/fuentesfidedignas.com.mx\/index.php\/2026\/09\/03\/secretaria-de-economia-escucha-planteamientos-de-empresarios-del-centro-de-culiacan\/"]}]},{"@type":"ImageObject","inLanguage":"es","@id":"https:\/\/fuentesfidedignas.com.mx\/index.php\/2026\/09\/03\/secretaria-de-economia-escucha-planteamientos-de-empresarios-del-centro-de-culiacan\/#primaryimage","url":"https:\/\/fuentesfidedignas.com.mx\/wp-content\/uploads\/2026\/09\/6dcba901-193c-47b7-8ca8-c50606c3018e.jpeg","contentUrl":"https:\/\/fuentesfidedignas.com.mx\/wp-content\/uploads\/2026\/09\/6dcba901-193c-47b7-8ca8-c50606c3018e.jpeg","width":1600,"height":1064},{"@type":"BreadcrumbList","@id":"https:\/\/fuentesfidedignas.com.mx\/index.php\/2026\/09\/03\/secretaria-de-economia-escucha-planteamientos-de-empresarios-del-centro-de-culiacan\/#breadcrumb","itemListElement":[{"@type":"ListItem","position":1,"name":"Inicio","item":"https:\/\/fuentesfidedignas.com.mx\/"},{"@type":"ListItem","position":2,"name":"Secretar\u00eda de Econom\u00eda escucha planteamientos de empresarios del centro de Culiac\u00e1n"}]},{"@type":"WebSite","@id":"https:\/\/fuentesfidedignas.com.mx\/#website","url":"https:\/\/fuentesfidedignas.com.mx\/","name":"Fuentes Fidedignas","description":"Otro sitio realizado con WordPress","publisher":{"@id":"https:\/\/fuentesfidedignas.com.mx\/#organization"},"potentialAction":[{"@type":"SearchAction","target":{"@type":"EntryPoint","urlTemplate":"https:\/\/fuentesfidedignas.com.mx\/?s={search_term_string}"},"query-input":{"@type":"PropertyValueSpecification","valueRequired":true,"valueName":"search_term_string"}}],"inLanguage":"es"},{"@type":"Organization","@id":"https:\/\/fuentesfidedignas.com.mx\/#organization","name":"Fuentes Fidedignas","url":"https:\/\/fuentesfidedignas.com.mx\/","logo":{"@type":"ImageObject","inLanguage":"es","@id":"https:\/\/fuentesfidedignas.com.mx\/#\/schema\/logo\/image\/","url":"https:\/\/fuentesfidedignas.com.mx\/wp-content\/uploads\/2021\/04\/logo-retina.png","contentUrl":"https:\/\/fuentesfidedignas.com.mx\/wp-content\/uploads\/2021\/04\/logo-retina.png","width":280,"height":51,"caption":"Fuentes Fidedignas"},"image":{"@id":"https:\/\/fuentesfidedignas.com.mx\/#\/schema\/logo\/image\/"},"sameAs":["https:\/\/www.facebook.com\/Fuentes-Fidedignas-368234489921644","https:\/\/x.com\/fidedignas"]},{"@type":"Person","@id":"https:\/\/fuentesfidedignas.com.mx\/#\/schema\/person\/331be9283d37198e2acd5750279085b0","name":"Redacci\u00f3n","image":{"@type":"ImageObject","inLanguage":"es","@id":"https:\/\/secure.gravatar.com\/avatar\/f6d8782c11d12b2d4ad3fbb6931aeab5309937a4d6cd2fc9cfaa28a6396a5aec?s=96&d=mm&r=g","url":"https:\/\/secure.gravatar.com\/avatar\/f6d8782c11d12b2d4ad3fbb6931aeab5309937a4d6cd2fc9cfaa28a6396a5aec?s=96&d=mm&r=g","contentUrl":"https:\/\/secure.gravatar.com\/avatar\/f6d8782c11d12b2d4ad3fbb6931aeab5309937a4d6cd2fc9cfaa28a6396a5aec?s=96&d=mm&r=g","caption":"Redacci\u00f3n"},"url":"https:\/\/fuentesfidedignas.com.mx\/index.php\/author\/redaccion\/"}]}},"_links":{"self":[{"href":"https:\/\/fuentesfidedignas.com.mx\/index.php\/wp-json\/wp\/v2\/posts\/141575","targetHints":{"allow":["GET"]}}],"collection":[{"href":"https:\/\/fuentesfidedignas.com.mx\/index.php\/wp-json\/wp\/v2\/posts"}],"about":[{"href":"https:\/\/fuentesfidedignas.com.mx\/index.php\/wp-json\/wp\/v2\/types\/post"}],"author":[{"embeddable":true,"href":"https:\/\/fuentesfidedignas.com.mx\/index.php\/wp-json\/wp\/v2\/users\/4"}],"replies":[{"embeddable":true,"href":"https:\/\/fuentesfidedignas.com.mx\/index.php\/wp-json\/wp\/v2\/comments?post=141575"}],"version-history":[{"count":1,"href":"https:\/\/fuentesfidedignas.com.mx\/index.php\/wp-json\/wp\/v2\/posts\/141575\/revisions"}],"predecessor-version":[{"id":141576,"href":"https:\/\/fuentesfidedignas.com.mx\/index.php\/wp-json\/wp\/v2\/posts\/141575\/revisions\/141576"}],"wp:featuredmedia":[{"embeddable":true,"href":"https:\/\/fuentesfidedignas.com.mx\/index.php\/wp-json\/wp\/v2\/media\/141574"}],"wp:attachment":[{"href":"https:\/\/fuentesfidedignas.com.mx\/index.php\/wp-json\/wp\/v2\/media?parent=141575"}],"wp:term":[{"taxonomy":"category","embeddable":true,"href":"https:\/\/fuentesfidedignas.com.mx\/index.php\/wp-json\/wp\/v2\/categories?post=141575"},{"taxonomy":"post_tag","embeddable":true,"href":"https:\/\/fuentesfidedignas.com.mx\/index.php\/wp-json\/wp\/v2\/tags?post=141575"}],"curies":[{"name":"wp","href":"https:\/\/api.w.org\/{rel}","templated":true}]}}