{"id":141565,"date":"2026-09-04T00:00:00","date_gmt":"2026-09-04T07:00:00","guid":{"rendered":"https:\/\/fuentesfidedignas.com.mx\/?p=141565"},"modified":"2026-09-04T06:30:51","modified_gmt":"2026-09-04T13:30:51","slug":"rescatan-a-una-vaca-por-via-aerea-y-el-impresionante-momento-queda-captado-en-video","status":"publish","type":"post","link":"https:\/\/fuentesfidedignas.com.mx\/index.php\/2026\/09\/04\/rescatan-a-una-vaca-por-via-aerea-y-el-impresionante-momento-queda-captado-en-video\/","title":{"rendered":"Rescatan a una vaca por v\u00eda a\u00e9rea y el impresionante momento queda captado en VIDEO"},"content":{"rendered":"\n<p class=\"wp-block-paragraph\">En el video se observa c\u00f3mo la vaca es asegurada con correas especiales sujetas a un cable de carga conectado al helic\u00f3ptero<\/p>\n\n\n\n<p class=\"wp-block-paragraph\">Un reciente video se ha vuelto&nbsp;viral en redes sociales&nbsp;al mostrar una<strong>&nbsp;inusual y llamativa operaci\u00f3n de rescate<\/strong>: una&nbsp;<strong>vaca<\/strong>que hab\u00eda quedado atrapada en un barranco fue trasladada por aire con ayuda de un helic\u00f3ptero hasta un lugar seguro.<\/p>\n\n\n\n<p class=\"wp-block-paragraph\">Las&nbsp;<strong>im\u00e1genes<\/strong>, que aparentemente fueron captadas mediante un&nbsp;<strong>dron<\/strong>, documentan todo el recorrido del animal desde el momento en que es elevado por la aeronave hasta su llegada a&nbsp;<strong>tierrafirme<\/strong>. La escena ha llamado la atenci\u00f3n de miles de usuarios debido a lo poco com\u00fan de la maniobra y a la tranquilidad que parece mostrar la&nbsp;<strong>protagonista<\/strong>&nbsp;durante el&nbsp;<strong>trayecto<\/strong>.<\/p>\n\n\n\n<p class=\"wp-block-paragraph\">En el video se observa c\u00f3mo la&nbsp;<strong>vaca<\/strong>&nbsp;es asegurada con&nbsp;<strong>correas especiales&nbsp;<\/strong>sujetas a un cable de carga conectado al&nbsp;<strong>helic\u00f3ptero<\/strong>. Una vez lista, la&nbsp;<strong>aeronave<\/strong>&nbsp;comienza a elevarse y emprende el recorrido sobre una&nbsp;<strong>zonamonta\u00f1osa<\/strong>, mientras el dron sigue de cerca cada movimiento desde&nbsp;<strong>distintos \u00e1ngulos<\/strong>.<\/p>\n\n\n\n<p class=\"wp-block-paragraph\">A lo largo del&nbsp;<strong>trayecto<\/strong>, el animal permanece suspendido en el&nbsp;<strong>aire<\/strong>&nbsp;mientras cruza&nbsp;<strong>barrancos<\/strong>, caminos y extensiones de terreno. Las im\u00e1genes permiten apreciar el paisaje que rodea la zona, as\u00ed como la compleja log\u00edstica que implica una operaci\u00f3n de este tipo para garantizar la seguridad tanto del animal como del personal involucrado.<\/p>\n\n\n\n<figure class=\"wp-block-image size-large\"><img decoding=\"async\" width=\"300\" height=\"170\" src=\"https:\/\/fuentesfidedignas.com.mx\/wp-content\/uploads\/2026\/09\/img_6660-300x170.jpeg\" class=\"wp-image-141564\" srcset=\"https:\/\/fuentesfidedignas.com.mx\/wp-content\/uploads\/2026\/09\/img_6660-300x170.jpeg 300w, https:\/\/fuentesfidedignas.com.mx\/wp-content\/uploads\/2026\/09\/img_6660-742x420.jpeg 742w, https:\/\/fuentesfidedignas.com.mx\/wp-content\/uploads\/2026\/09\/img_6660-600x340.jpeg 600w, https:\/\/fuentesfidedignas.com.mx\/wp-content\/uploads\/2026\/09\/img_6660-696x394.jpeg 696w, https:\/\/fuentesfidedignas.com.mx\/wp-content\/uploads\/2026\/09\/img_6660.jpeg 768w\" sizes=\"(max-width: 300px) 100vw, 300px\" \/><\/figure>\n\n\n\n<p class=\"wp-block-paragraph\">Uno de los aspectos que m\u00e1s ha llamado la atenci\u00f3n es que la&nbsp;<strong>vaca<\/strong>&nbsp;parece mantenerse relativamente serena durante el traslado. Mientras avanza por el aire, el dron contin\u00faa registrando la escena hasta que finalmente se observa el destino final del rescate.<\/p>\n\n\n\n<p class=\"wp-block-paragraph\">Minutos despu\u00e9s, el&nbsp;<strong>helic\u00f3ptero<\/strong>&nbsp;desciende lentamente sobre un rancho que, de acuerdo con lo que se aprecia en las im\u00e1genes, podr\u00eda ser el lugar al que pertenece el animal. Una vez en tierra, varias personas se acercan para ayudar a estabilizarla y retirar cuidadosamente las correas y sistemas de seguridad utilizados durante la operaci\u00f3n.<\/p>\n\n\n\n<p class=\"wp-block-paragraph\">Tras ser liberada del equipo de rescate, la vaca permanece de pie en el terreno, marcando el final de una intervenci\u00f3n que permiti\u00f3 ponerla a salvo despu\u00e9s de haber quedado varada en una zona de dif\u00edcil acceso.&nbsp;<\/p>\n\n\n\n<p class=\"wp-block-paragraph\">https:\/\/x.com\/calvobetran_3\/status\/2092512104196505630?ref_src=twsrc%5Etfw%7Ctwcamp%5Etweetembed%7Ctwterm%5E2092512104196505630%7Ctwgr%5E567cabc4585ff489a66da2ee4707ff6db0eee79d%7Ctwcon%5Es1_&#038;ref_url=https%3A%2F%2Fheraldodemexico.com.mx%2Ftendencias%2F2026%2F8%2F27%2Frescatan-una-vaca-por-via-aerea-el-impresionante-momento-queda-captado-en-video-877535.html<\/p>\n\n\n\n<p class=\"wp-block-paragraph\"><\/p>\n","protected":false},"excerpt":{"rendered":"<p>En el video se observa c\u00f3mo la vaca es asegurada con correas especiales sujetas a un cable de carga conectado al helic\u00f3ptero Un reciente video se ha vuelto&nbsp;viral en redes sociales&nbsp;al mostrar una&nbsp;inusual y llamativa operaci\u00f3n de rescate: una&nbsp;vacaque hab\u00eda quedado atrapada en un barranco fue trasladada por aire con ayuda de un helic\u00f3ptero hasta [&hellip;]<\/p>\n","protected":false},"author":37,"featured_media":141563,"comment_status":"closed","ping_status":"open","sticky":false,"template":"","format":"standard","meta":{"tdm_status":"","tdm_grid_status":"","footnotes":""},"categories":[40],"tags":[],"class_list":["post-141565","post","type-post","status-publish","format-standard","has-post-thumbnail","category-las-asombrosas"],"yoast_head":"<!-- This site is optimized with the Yoast SEO plugin v28.4 - https:\/\/yoast.com\/product\/yoast-seo-wordpress\/ -->\n<title>Rescatan a una vaca por v\u00eda a\u00e9rea y el impresionante momento queda captado en VIDEO - Fuentes Fidedignas<\/title>\n<meta name=\"robots\" content=\"index, follow, max-snippet:-1, max-image-preview:large, max-video-preview:-1\" \/>\n<link rel=\"canonical\" href=\"https:\/\/fuentesfidedignas.com.mx\/index.php\/2026\/09\/04\/rescatan-a-una-vaca-por-via-aerea-y-el-impresionante-momento-queda-captado-en-video\/\" \/>\n<meta property=\"og:locale\" content=\"es_MX\" \/>\n<meta property=\"og:type\" content=\"article\" \/>\n<meta property=\"og:title\" content=\"Rescatan a una vaca por v\u00eda a\u00e9rea y el impresionante momento queda captado en VIDEO - Fuentes Fidedignas\" \/>\n<meta property=\"og:description\" content=\"En el video se observa c\u00f3mo la vaca es asegurada con correas especiales sujetas a un cable de carga conectado al helic\u00f3ptero Un reciente video se ha vuelto&nbsp;viral en redes sociales&nbsp;al mostrar una&nbsp;inusual y llamativa operaci\u00f3n de rescate: una&nbsp;vacaque hab\u00eda quedado atrapada en un barranco fue trasladada por aire con ayuda de un helic\u00f3ptero hasta [&hellip;]\" \/>\n<meta property=\"og:url\" content=\"https:\/\/fuentesfidedignas.com.mx\/index.php\/2026\/09\/04\/rescatan-a-una-vaca-por-via-aerea-y-el-impresionante-momento-queda-captado-en-video\/\" \/>\n<meta property=\"og:site_name\" content=\"Fuentes Fidedignas\" \/>\n<meta property=\"article:publisher\" content=\"https:\/\/www.facebook.com\/Fuentes-Fidedignas-368234489921644\" \/>\n<meta property=\"article:published_time\" content=\"2026-09-04T07:00:00+00:00\" \/>\n<meta property=\"article:modified_time\" content=\"2026-09-04T13:30:51+00:00\" \/>\n<meta property=\"og:image\" content=\"https:\/\/fuentesfidedignas.com.mx\/wp-content\/uploads\/2026\/09\/img_6659.jpeg\" \/>\n\t<meta property=\"og:image:width\" content=\"414\" \/>\n\t<meta property=\"og:image:height\" content=\"232\" \/>\n\t<meta property=\"og:image:type\" content=\"image\/jpeg\" \/>\n<meta name=\"author\" content=\"Heraldo de M\u00e9xico\" \/>\n<meta name=\"twitter:card\" content=\"summary_large_image\" \/>\n<meta name=\"twitter:creator\" content=\"@fidedignas\" \/>\n<meta name=\"twitter:site\" content=\"@fidedignas\" \/>\n<meta name=\"twitter:label1\" content=\"Escrito por\" \/>\n\t<meta name=\"twitter:data1\" content=\"Heraldo de M\u00e9xico\" \/>\n\t<meta name=\"twitter:label2\" content=\"Tiempo de lectura\" \/>\n\t<meta name=\"twitter:data2\" content=\"2 minutos\" \/>\n<script type=\"application\/ld+json\" class=\"yoast-schema-graph\">{\"@context\":\"https:\\\/\\\/schema.org\",\"@graph\":[{\"@type\":\"Article\",\"@id\":\"https:\\\/\\\/fuentesfidedignas.com.mx\\\/index.php\\\/2026\\\/09\\\/04\\\/rescatan-a-una-vaca-por-via-aerea-y-el-impresionante-momento-queda-captado-en-video\\\/#article\",\"isPartOf\":{\"@id\":\"https:\\\/\\\/fuentesfidedignas.com.mx\\\/index.php\\\/2026\\\/09\\\/04\\\/rescatan-a-una-vaca-por-via-aerea-y-el-impresionante-momento-queda-captado-en-video\\\/\"},\"author\":{\"name\":\"Heraldo de M\u00e9xico\",\"@id\":\"https:\\\/\\\/fuentesfidedignas.com.mx\\\/#\\\/schema\\\/person\\\/1c75a595e538894333ebe35c2bf6e23a\"},\"headline\":\"Rescatan a una vaca por v\u00eda a\u00e9rea y el impresionante momento queda captado en VIDEO\",\"datePublished\":\"2026-09-04T07:00:00+00:00\",\"dateModified\":\"2026-09-04T13:30:51+00:00\",\"mainEntityOfPage\":{\"@id\":\"https:\\\/\\\/fuentesfidedignas.com.mx\\\/index.php\\\/2026\\\/09\\\/04\\\/rescatan-a-una-vaca-por-via-aerea-y-el-impresionante-momento-queda-captado-en-video\\\/\"},\"wordCount\":467,\"publisher\":{\"@id\":\"https:\\\/\\\/fuentesfidedignas.com.mx\\\/#organization\"},\"image\":{\"@id\":\"https:\\\/\\\/fuentesfidedignas.com.mx\\\/index.php\\\/2026\\\/09\\\/04\\\/rescatan-a-una-vaca-por-via-aerea-y-el-impresionante-momento-queda-captado-en-video\\\/#primaryimage\"},\"thumbnailUrl\":\"https:\\\/\\\/fuentesfidedignas.com.mx\\\/wp-content\\\/uploads\\\/2026\\\/09\\\/img_6659.jpeg\",\"articleSection\":[\"LAS ASOMBROSAS\"],\"inLanguage\":\"es\"},{\"@type\":\"WebPage\",\"@id\":\"https:\\\/\\\/fuentesfidedignas.com.mx\\\/index.php\\\/2026\\\/09\\\/04\\\/rescatan-a-una-vaca-por-via-aerea-y-el-impresionante-momento-queda-captado-en-video\\\/\",\"url\":\"https:\\\/\\\/fuentesfidedignas.com.mx\\\/index.php\\\/2026\\\/09\\\/04\\\/rescatan-a-una-vaca-por-via-aerea-y-el-impresionante-momento-queda-captado-en-video\\\/\",\"name\":\"Rescatan a una vaca por v\u00eda a\u00e9rea y el impresionante momento queda captado en VIDEO - Fuentes Fidedignas\",\"isPartOf\":{\"@id\":\"https:\\\/\\\/fuentesfidedignas.com.mx\\\/#website\"},\"primaryImageOfPage\":{\"@id\":\"https:\\\/\\\/fuentesfidedignas.com.mx\\\/index.php\\\/2026\\\/09\\\/04\\\/rescatan-a-una-vaca-por-via-aerea-y-el-impresionante-momento-queda-captado-en-video\\\/#primaryimage\"},\"image\":{\"@id\":\"https:\\\/\\\/fuentesfidedignas.com.mx\\\/index.php\\\/2026\\\/09\\\/04\\\/rescatan-a-una-vaca-por-via-aerea-y-el-impresionante-momento-queda-captado-en-video\\\/#primaryimage\"},\"thumbnailUrl\":\"https:\\\/\\\/fuentesfidedignas.com.mx\\\/wp-content\\\/uploads\\\/2026\\\/09\\\/img_6659.jpeg\",\"datePublished\":\"2026-09-04T07:00:00+00:00\",\"dateModified\":\"2026-09-04T13:30:51+00:00\",\"breadcrumb\":{\"@id\":\"https:\\\/\\\/fuentesfidedignas.com.mx\\\/index.php\\\/2026\\\/09\\\/04\\\/rescatan-a-una-vaca-por-via-aerea-y-el-impresionante-momento-queda-captado-en-video\\\/#breadcrumb\"},\"inLanguage\":\"es\",\"potentialAction\":[{\"@type\":\"ReadAction\",\"target\":[\"https:\\\/\\\/fuentesfidedignas.com.mx\\\/index.php\\\/2026\\\/09\\\/04\\\/rescatan-a-una-vaca-por-via-aerea-y-el-impresionante-momento-queda-captado-en-video\\\/\"]}]},{\"@type\":\"ImageObject\",\"inLanguage\":\"es\",\"@id\":\"https:\\\/\\\/fuentesfidedignas.com.mx\\\/index.php\\\/2026\\\/09\\\/04\\\/rescatan-a-una-vaca-por-via-aerea-y-el-impresionante-momento-queda-captado-en-video\\\/#primaryimage\",\"url\":\"https:\\\/\\\/fuentesfidedignas.com.mx\\\/wp-content\\\/uploads\\\/2026\\\/09\\\/img_6659.jpeg\",\"contentUrl\":\"https:\\\/\\\/fuentesfidedignas.com.mx\\\/wp-content\\\/uploads\\\/2026\\\/09\\\/img_6659.jpeg\",\"width\":414,\"height\":232},{\"@type\":\"BreadcrumbList\",\"@id\":\"https:\\\/\\\/fuentesfidedignas.com.mx\\\/index.php\\\/2026\\\/09\\\/04\\\/rescatan-a-una-vaca-por-via-aerea-y-el-impresionante-momento-queda-captado-en-video\\\/#breadcrumb\",\"itemListElement\":[{\"@type\":\"ListItem\",\"position\":1,\"name\":\"Inicio\",\"item\":\"https:\\\/\\\/fuentesfidedignas.com.mx\\\/\"},{\"@type\":\"ListItem\",\"position\":2,\"name\":\"Rescatan a una vaca por v\u00eda a\u00e9rea y el impresionante momento queda captado en VIDEO\"}]},{\"@type\":\"WebSite\",\"@id\":\"https:\\\/\\\/fuentesfidedignas.com.mx\\\/#website\",\"url\":\"https:\\\/\\\/fuentesfidedignas.com.mx\\\/\",\"name\":\"Fuentes Fidedignas\",\"description\":\"Otro sitio realizado con WordPress\",\"publisher\":{\"@id\":\"https:\\\/\\\/fuentesfidedignas.com.mx\\\/#organization\"},\"potentialAction\":[{\"@type\":\"SearchAction\",\"target\":{\"@type\":\"EntryPoint\",\"urlTemplate\":\"https:\\\/\\\/fuentesfidedignas.com.mx\\\/?s={search_term_string}\"},\"query-input\":{\"@type\":\"PropertyValueSpecification\",\"valueRequired\":true,\"valueName\":\"search_term_string\"}}],\"inLanguage\":\"es\"},{\"@type\":\"Organization\",\"@id\":\"https:\\\/\\\/fuentesfidedignas.com.mx\\\/#organization\",\"name\":\"Fuentes Fidedignas\",\"url\":\"https:\\\/\\\/fuentesfidedignas.com.mx\\\/\",\"logo\":{\"@type\":\"ImageObject\",\"inLanguage\":\"es\",\"@id\":\"https:\\\/\\\/fuentesfidedignas.com.mx\\\/#\\\/schema\\\/logo\\\/image\\\/\",\"url\":\"https:\\\/\\\/fuentesfidedignas.com.mx\\\/wp-content\\\/uploads\\\/2021\\\/04\\\/logo-retina.png\",\"contentUrl\":\"https:\\\/\\\/fuentesfidedignas.com.mx\\\/wp-content\\\/uploads\\\/2021\\\/04\\\/logo-retina.png\",\"width\":280,\"height\":51,\"caption\":\"Fuentes Fidedignas\"},\"image\":{\"@id\":\"https:\\\/\\\/fuentesfidedignas.com.mx\\\/#\\\/schema\\\/logo\\\/image\\\/\"},\"sameAs\":[\"https:\\\/\\\/www.facebook.com\\\/Fuentes-Fidedignas-368234489921644\",\"https:\\\/\\\/x.com\\\/fidedignas\"]},{\"@type\":\"Person\",\"@id\":\"https:\\\/\\\/fuentesfidedignas.com.mx\\\/#\\\/schema\\\/person\\\/1c75a595e538894333ebe35c2bf6e23a\",\"name\":\"Heraldo de M\u00e9xico\",\"image\":{\"@type\":\"ImageObject\",\"inLanguage\":\"es\",\"@id\":\"https:\\\/\\\/secure.gravatar.com\\\/avatar\\\/6a6c40de68e5cf2d8aac15267bd2dad2b9fdeb309dac7c5a7c2bb87ed5b81cb6?s=96&d=mm&r=g\",\"url\":\"https:\\\/\\\/secure.gravatar.com\\\/avatar\\\/6a6c40de68e5cf2d8aac15267bd2dad2b9fdeb309dac7c5a7c2bb87ed5b81cb6?s=96&d=mm&r=g\",\"contentUrl\":\"https:\\\/\\\/secure.gravatar.com\\\/avatar\\\/6a6c40de68e5cf2d8aac15267bd2dad2b9fdeb309dac7c5a7c2bb87ed5b81cb6?s=96&d=mm&r=g\",\"caption\":\"Heraldo de M\u00e9xico\"},\"url\":\"https:\\\/\\\/fuentesfidedignas.com.mx\\\/index.php\\\/author\\\/heraldo\\\/\"}]}<\/script>\n<!-- \/ Yoast SEO plugin. -->","yoast_head_json":{"title":"Rescatan a una vaca por v\u00eda a\u00e9rea y el impresionante momento queda captado en VIDEO - Fuentes Fidedignas","robots":{"index":"index","follow":"follow","max-snippet":"max-snippet:-1","max-image-preview":"max-image-preview:large","max-video-preview":"max-video-preview:-1"},"canonical":"https:\/\/fuentesfidedignas.com.mx\/index.php\/2026\/09\/04\/rescatan-a-una-vaca-por-via-aerea-y-el-impresionante-momento-queda-captado-en-video\/","og_locale":"es_MX","og_type":"article","og_title":"Rescatan a una vaca por v\u00eda a\u00e9rea y el impresionante momento queda captado en VIDEO - Fuentes Fidedignas","og_description":"En el video se observa c\u00f3mo la vaca es asegurada con correas especiales sujetas a un cable de carga conectado al helic\u00f3ptero Un reciente video se ha vuelto&nbsp;viral en redes sociales&nbsp;al mostrar una&nbsp;inusual y llamativa operaci\u00f3n de rescate: una&nbsp;vacaque hab\u00eda quedado atrapada en un barranco fue trasladada por aire con ayuda de un helic\u00f3ptero hasta [&hellip;]","og_url":"https:\/\/fuentesfidedignas.com.mx\/index.php\/2026\/09\/04\/rescatan-a-una-vaca-por-via-aerea-y-el-impresionante-momento-queda-captado-en-video\/","og_site_name":"Fuentes Fidedignas","article_publisher":"https:\/\/www.facebook.com\/Fuentes-Fidedignas-368234489921644","article_published_time":"2026-09-04T07:00:00+00:00","article_modified_time":"2026-09-04T13:30:51+00:00","og_image":[{"width":414,"height":232,"url":"https:\/\/fuentesfidedignas.com.mx\/wp-content\/uploads\/2026\/09\/img_6659.jpeg","type":"image\/jpeg"}],"author":"Heraldo de M\u00e9xico","twitter_card":"summary_large_image","twitter_creator":"@fidedignas","twitter_site":"@fidedignas","twitter_misc":{"Escrito por":"Heraldo de M\u00e9xico","Tiempo de lectura":"2 minutos"},"schema":{"@context":"https:\/\/schema.org","@graph":[{"@type":"Article","@id":"https:\/\/fuentesfidedignas.com.mx\/index.php\/2026\/09\/04\/rescatan-a-una-vaca-por-via-aerea-y-el-impresionante-momento-queda-captado-en-video\/#article","isPartOf":{"@id":"https:\/\/fuentesfidedignas.com.mx\/index.php\/2026\/09\/04\/rescatan-a-una-vaca-por-via-aerea-y-el-impresionante-momento-queda-captado-en-video\/"},"author":{"name":"Heraldo de M\u00e9xico","@id":"https:\/\/fuentesfidedignas.com.mx\/#\/schema\/person\/1c75a595e538894333ebe35c2bf6e23a"},"headline":"Rescatan a una vaca por v\u00eda a\u00e9rea y el impresionante momento queda captado en VIDEO","datePublished":"2026-09-04T07:00:00+00:00","dateModified":"2026-09-04T13:30:51+00:00","mainEntityOfPage":{"@id":"https:\/\/fuentesfidedignas.com.mx\/index.php\/2026\/09\/04\/rescatan-a-una-vaca-por-via-aerea-y-el-impresionante-momento-queda-captado-en-video\/"},"wordCount":467,"publisher":{"@id":"https:\/\/fuentesfidedignas.com.mx\/#organization"},"image":{"@id":"https:\/\/fuentesfidedignas.com.mx\/index.php\/2026\/09\/04\/rescatan-a-una-vaca-por-via-aerea-y-el-impresionante-momento-queda-captado-en-video\/#primaryimage"},"thumbnailUrl":"https:\/\/fuentesfidedignas.com.mx\/wp-content\/uploads\/2026\/09\/img_6659.jpeg","articleSection":["LAS ASOMBROSAS"],"inLanguage":"es"},{"@type":"WebPage","@id":"https:\/\/fuentesfidedignas.com.mx\/index.php\/2026\/09\/04\/rescatan-a-una-vaca-por-via-aerea-y-el-impresionante-momento-queda-captado-en-video\/","url":"https:\/\/fuentesfidedignas.com.mx\/index.php\/2026\/09\/04\/rescatan-a-una-vaca-por-via-aerea-y-el-impresionante-momento-queda-captado-en-video\/","name":"Rescatan a una vaca por v\u00eda a\u00e9rea y el impresionante momento queda captado en VIDEO - Fuentes Fidedignas","isPartOf":{"@id":"https:\/\/fuentesfidedignas.com.mx\/#website"},"primaryImageOfPage":{"@id":"https:\/\/fuentesfidedignas.com.mx\/index.php\/2026\/09\/04\/rescatan-a-una-vaca-por-via-aerea-y-el-impresionante-momento-queda-captado-en-video\/#primaryimage"},"image":{"@id":"https:\/\/fuentesfidedignas.com.mx\/index.php\/2026\/09\/04\/rescatan-a-una-vaca-por-via-aerea-y-el-impresionante-momento-queda-captado-en-video\/#primaryimage"},"thumbnailUrl":"https:\/\/fuentesfidedignas.com.mx\/wp-content\/uploads\/2026\/09\/img_6659.jpeg","datePublished":"2026-09-04T07:00:00+00:00","dateModified":"2026-09-04T13:30:51+00:00","breadcrumb":{"@id":"https:\/\/fuentesfidedignas.com.mx\/index.php\/2026\/09\/04\/rescatan-a-una-vaca-por-via-aerea-y-el-impresionante-momento-queda-captado-en-video\/#breadcrumb"},"inLanguage":"es","potentialAction":[{"@type":"ReadAction","target":["https:\/\/fuentesfidedignas.com.mx\/index.php\/2026\/09\/04\/rescatan-a-una-vaca-por-via-aerea-y-el-impresionante-momento-queda-captado-en-video\/"]}]},{"@type":"ImageObject","inLanguage":"es","@id":"https:\/\/fuentesfidedignas.com.mx\/index.php\/2026\/09\/04\/rescatan-a-una-vaca-por-via-aerea-y-el-impresionante-momento-queda-captado-en-video\/#primaryimage","url":"https:\/\/fuentesfidedignas.com.mx\/wp-content\/uploads\/2026\/09\/img_6659.jpeg","contentUrl":"https:\/\/fuentesfidedignas.com.mx\/wp-content\/uploads\/2026\/09\/img_6659.jpeg","width":414,"height":232},{"@type":"BreadcrumbList","@id":"https:\/\/fuentesfidedignas.com.mx\/index.php\/2026\/09\/04\/rescatan-a-una-vaca-por-via-aerea-y-el-impresionante-momento-queda-captado-en-video\/#breadcrumb","itemListElement":[{"@type":"ListItem","position":1,"name":"Inicio","item":"https:\/\/fuentesfidedignas.com.mx\/"},{"@type":"ListItem","position":2,"name":"Rescatan a una vaca por v\u00eda a\u00e9rea y el impresionante momento queda captado en VIDEO"}]},{"@type":"WebSite","@id":"https:\/\/fuentesfidedignas.com.mx\/#website","url":"https:\/\/fuentesfidedignas.com.mx\/","name":"Fuentes Fidedignas","description":"Otro sitio realizado con WordPress","publisher":{"@id":"https:\/\/fuentesfidedignas.com.mx\/#organization"},"potentialAction":[{"@type":"SearchAction","target":{"@type":"EntryPoint","urlTemplate":"https:\/\/fuentesfidedignas.com.mx\/?s={search_term_string}"},"query-input":{"@type":"PropertyValueSpecification","valueRequired":true,"valueName":"search_term_string"}}],"inLanguage":"es"},{"@type":"Organization","@id":"https:\/\/fuentesfidedignas.com.mx\/#organization","name":"Fuentes Fidedignas","url":"https:\/\/fuentesfidedignas.com.mx\/","logo":{"@type":"ImageObject","inLanguage":"es","@id":"https:\/\/fuentesfidedignas.com.mx\/#\/schema\/logo\/image\/","url":"https:\/\/fuentesfidedignas.com.mx\/wp-content\/uploads\/2021\/04\/logo-retina.png","contentUrl":"https:\/\/fuentesfidedignas.com.mx\/wp-content\/uploads\/2021\/04\/logo-retina.png","width":280,"height":51,"caption":"Fuentes Fidedignas"},"image":{"@id":"https:\/\/fuentesfidedignas.com.mx\/#\/schema\/logo\/image\/"},"sameAs":["https:\/\/www.facebook.com\/Fuentes-Fidedignas-368234489921644","https:\/\/x.com\/fidedignas"]},{"@type":"Person","@id":"https:\/\/fuentesfidedignas.com.mx\/#\/schema\/person\/1c75a595e538894333ebe35c2bf6e23a","name":"Heraldo de M\u00e9xico","image":{"@type":"ImageObject","inLanguage":"es","@id":"https:\/\/secure.gravatar.com\/avatar\/6a6c40de68e5cf2d8aac15267bd2dad2b9fdeb309dac7c5a7c2bb87ed5b81cb6?s=96&d=mm&r=g","url":"https:\/\/secure.gravatar.com\/avatar\/6a6c40de68e5cf2d8aac15267bd2dad2b9fdeb309dac7c5a7c2bb87ed5b81cb6?s=96&d=mm&r=g","contentUrl":"https:\/\/secure.gravatar.com\/avatar\/6a6c40de68e5cf2d8aac15267bd2dad2b9fdeb309dac7c5a7c2bb87ed5b81cb6?s=96&d=mm&r=g","caption":"Heraldo de M\u00e9xico"},"url":"https:\/\/fuentesfidedignas.com.mx\/index.php\/author\/heraldo\/"}]}},"_links":{"self":[{"href":"https:\/\/fuentesfidedignas.com.mx\/index.php\/wp-json\/wp\/v2\/posts\/141565","targetHints":{"allow":["GET"]}}],"collection":[{"href":"https:\/\/fuentesfidedignas.com.mx\/index.php\/wp-json\/wp\/v2\/posts"}],"about":[{"href":"https:\/\/fuentesfidedignas.com.mx\/index.php\/wp-json\/wp\/v2\/types\/post"}],"author":[{"embeddable":true,"href":"https:\/\/fuentesfidedignas.com.mx\/index.php\/wp-json\/wp\/v2\/users\/37"}],"replies":[{"embeddable":true,"href":"https:\/\/fuentesfidedignas.com.mx\/index.php\/wp-json\/wp\/v2\/comments?post=141565"}],"version-history":[{"count":1,"href":"https:\/\/fuentesfidedignas.com.mx\/index.php\/wp-json\/wp\/v2\/posts\/141565\/revisions"}],"predecessor-version":[{"id":141566,"href":"https:\/\/fuentesfidedignas.com.mx\/index.php\/wp-json\/wp\/v2\/posts\/141565\/revisions\/141566"}],"wp:featuredmedia":[{"embeddable":true,"href":"https:\/\/fuentesfidedignas.com.mx\/index.php\/wp-json\/wp\/v2\/media\/141563"}],"wp:attachment":[{"href":"https:\/\/fuentesfidedignas.com.mx\/index.php\/wp-json\/wp\/v2\/media?parent=141565"}],"wp:term":[{"taxonomy":"category","embeddable":true,"href":"https:\/\/fuentesfidedignas.com.mx\/index.php\/wp-json\/wp\/v2\/categories?post=141565"},{"taxonomy":"post_tag","embeddable":true,"href":"https:\/\/fuentesfidedignas.com.mx\/index.php\/wp-json\/wp\/v2\/tags?post=141565"}],"curies":[{"name":"wp","href":"https:\/\/api.w.org\/{rel}","templated":true}]}}