{"id":141554,"date":"2026-09-03T12:31:48","date_gmt":"2026-09-03T19:31:48","guid":{"rendered":"https:\/\/fuentesfidedignas.com.mx\/?p=141554"},"modified":"2026-09-03T11:52:55","modified_gmt":"2026-09-03T18:52:55","slug":"ssa-confirma-brote-de-salmonella-en-hospital-general-de-mexico-dr-eduardo-liceaga","status":"publish","type":"post","link":"https:\/\/fuentesfidedignas.com.mx\/index.php\/2026\/09\/03\/ssa-confirma-brote-de-salmonella-en-hospital-general-de-mexico-dr-eduardo-liceaga\/","title":{"rendered":"Ssa confirma brote de salmonella en Hospital General de M\u00e9xico &#8216;Dr. Eduardo Liceaga&#8217;"},"content":{"rendered":"\n<p class=\"wp-block-paragraph\"><strong><em>La dependencia inform\u00f3 que identific\u00f3 un brote de gastroenteritis infecciosa entre m\u00e9dicos residentes y de alta especialidad.<\/em><\/strong><\/p>\n\n\n\n<p class=\"wp-block-paragraph\">La Secretar\u00eda de Salud inform\u00f3 que identific\u00f3 un brote de salmonella entre m\u00e9dicos residentes y de alta especialidad del Hospital General de M\u00e9xico &#8216;Dr. Eduardo Liceaga&#8217;.<\/p>\n\n\n\n<p class=\"wp-block-paragraph\">&#8220;El Hospital General de M\u00e9xico &#8216;Dr. Eduardo Liceaga&#8217; identific\u00f3 un brote de gastroenteritis infecciosa aguda entre m\u00e9dicos residentes y de alta especialidad asociado temporalmente al consumo de alimentos proporcionados por el servicio subrogado de comedor institucional&#8221;.<br><br>Mediante un comunicado, la dependencia detall\u00f3 que el evento se identific\u00f3 el 31 de agosto y que, de acuerdo con los reportes disponibles, 135 m\u00e9dicos presentan s\u00edntomas como dolor abdominal, diarrea, febr\u00edcula y v\u00f3mito.<\/p>\n\n\n\n<p class=\"wp-block-paragraph\">Asimismo, refiri\u00f3 que, al corte del 3 de septiembre, 41 personas permanecen hospitalizadas bajo vigilancia y tratamiento, aunque todas se encuentran estables.<\/p>\n\n\n\n<p class=\"wp-block-paragraph\">&#8220;Como parte de la investigaci\u00f3n se realizaron estudios de laboratorio que corroboraron la presencia de Salmonella spp en los casos analizados&#8221;.<\/p>\n\n\n\n<p class=\"wp-block-paragraph\">La Secretar\u00eda de Salud indic\u00f3 que ante la situaci\u00f3n se suspendi\u00f3 de manera inmediata el servicio subrogado de comedor para m\u00e9dicos residentes y que se mantiene una estrategia de b\u00fasqueda y seguimiento de casos entre las personas potencialmente expuestas.<\/p>\n\n\n\n<p class=\"wp-block-paragraph\">&#8220;La investigaci\u00f3n epidemiol\u00f3gica y sanitaria contin\u00faa para determinar la fuente espec\u00edfica de contaminaci\u00f3n y establecer las medidas adicionales de prevenci\u00f3n y control&#8221;.<\/p>\n","protected":false},"excerpt":{"rendered":"<p>La dependencia inform\u00f3 que identific\u00f3 un brote de gastroenteritis infecciosa entre m\u00e9dicos residentes y de alta especialidad. La Secretar\u00eda de Salud inform\u00f3 que identific\u00f3 un brote de salmonella entre m\u00e9dicos residentes y de alta especialidad del Hospital General de M\u00e9xico &#8216;Dr. Eduardo Liceaga&#8217;. &#8220;El Hospital General de M\u00e9xico &#8216;Dr. Eduardo Liceaga&#8217; identific\u00f3 un brote de [&hellip;]<\/p>\n","protected":false},"author":9,"featured_media":141558,"comment_status":"open","ping_status":"open","sticky":false,"template":"","format":"standard","meta":{"tdm_status":"","tdm_grid_status":"","footnotes":""},"categories":[39],"tags":[],"class_list":["post-141554","post","type-post","status-publish","format-standard","has-post-thumbnail","category-noticias-nacionales"],"yoast_head":"<!-- This site is optimized with the Yoast SEO plugin v28.4 - https:\/\/yoast.com\/product\/yoast-seo-wordpress\/ -->\n<title>Ssa confirma brote de salmonella en Hospital General de M\u00e9xico &#039;Dr. Eduardo Liceaga&#039; - Fuentes Fidedignas<\/title>\n<meta name=\"robots\" content=\"index, follow, max-snippet:-1, max-image-preview:large, max-video-preview:-1\" \/>\n<link rel=\"canonical\" href=\"https:\/\/fuentesfidedignas.com.mx\/index.php\/2026\/09\/03\/ssa-confirma-brote-de-salmonella-en-hospital-general-de-mexico-dr-eduardo-liceaga\/\" \/>\n<meta property=\"og:locale\" content=\"es_MX\" \/>\n<meta property=\"og:type\" content=\"article\" \/>\n<meta property=\"og:title\" content=\"Ssa confirma brote de salmonella en Hospital General de M\u00e9xico &#039;Dr. Eduardo Liceaga&#039; - Fuentes Fidedignas\" \/>\n<meta property=\"og:description\" content=\"La dependencia inform\u00f3 que identific\u00f3 un brote de gastroenteritis infecciosa entre m\u00e9dicos residentes y de alta especialidad. La Secretar\u00eda de Salud inform\u00f3 que identific\u00f3 un brote de salmonella entre m\u00e9dicos residentes y de alta especialidad del Hospital General de M\u00e9xico &#8216;Dr. Eduardo Liceaga&#8217;. &#8220;El Hospital General de M\u00e9xico &#8216;Dr. Eduardo Liceaga&#8217; identific\u00f3 un brote de [&hellip;]\" \/>\n<meta property=\"og:url\" content=\"https:\/\/fuentesfidedignas.com.mx\/index.php\/2026\/09\/03\/ssa-confirma-brote-de-salmonella-en-hospital-general-de-mexico-dr-eduardo-liceaga\/\" \/>\n<meta property=\"og:site_name\" content=\"Fuentes Fidedignas\" \/>\n<meta property=\"article:publisher\" content=\"https:\/\/www.facebook.com\/Fuentes-Fidedignas-368234489921644\" \/>\n<meta property=\"article:published_time\" content=\"2026-09-03T19:31:48+00:00\" \/>\n<meta property=\"og:image\" content=\"https:\/\/fuentesfidedignas.com.mx\/wp-content\/uploads\/2026\/09\/Hospital-General-de-Mexico.jpg\" \/>\n\t<meta property=\"og:image:width\" content=\"500\" \/>\n\t<meta property=\"og:image:height\" content=\"279\" \/>\n\t<meta property=\"og:image:type\" content=\"image\/jpeg\" \/>\n<meta name=\"author\" content=\"Milenio\" \/>\n<meta name=\"twitter:card\" content=\"summary_large_image\" \/>\n<meta name=\"twitter:creator\" content=\"@fidedignas\" \/>\n<meta name=\"twitter:site\" content=\"@fidedignas\" \/>\n<meta name=\"twitter:label1\" content=\"Escrito por\" \/>\n\t<meta name=\"twitter:data1\" content=\"Milenio\" \/>\n\t<meta name=\"twitter:label2\" content=\"Tiempo de lectura\" \/>\n\t<meta name=\"twitter:data2\" content=\"2 minutos\" \/>\n<script type=\"application\/ld+json\" class=\"yoast-schema-graph\">{\"@context\":\"https:\\\/\\\/schema.org\",\"@graph\":[{\"@type\":\"Article\",\"@id\":\"https:\\\/\\\/fuentesfidedignas.com.mx\\\/index.php\\\/2026\\\/09\\\/03\\\/ssa-confirma-brote-de-salmonella-en-hospital-general-de-mexico-dr-eduardo-liceaga\\\/#article\",\"isPartOf\":{\"@id\":\"https:\\\/\\\/fuentesfidedignas.com.mx\\\/index.php\\\/2026\\\/09\\\/03\\\/ssa-confirma-brote-de-salmonella-en-hospital-general-de-mexico-dr-eduardo-liceaga\\\/\"},\"author\":{\"name\":\"Milenio\",\"@id\":\"https:\\\/\\\/fuentesfidedignas.com.mx\\\/#\\\/schema\\\/person\\\/47ec0135738f4b0c7495f06a77a2c976\"},\"headline\":\"Ssa confirma brote de salmonella en Hospital General de M\u00e9xico &#8216;Dr. Eduardo Liceaga&#8217;\",\"datePublished\":\"2026-09-03T19:31:48+00:00\",\"mainEntityOfPage\":{\"@id\":\"https:\\\/\\\/fuentesfidedignas.com.mx\\\/index.php\\\/2026\\\/09\\\/03\\\/ssa-confirma-brote-de-salmonella-en-hospital-general-de-mexico-dr-eduardo-liceaga\\\/\"},\"wordCount\":248,\"commentCount\":0,\"publisher\":{\"@id\":\"https:\\\/\\\/fuentesfidedignas.com.mx\\\/#organization\"},\"image\":{\"@id\":\"https:\\\/\\\/fuentesfidedignas.com.mx\\\/index.php\\\/2026\\\/09\\\/03\\\/ssa-confirma-brote-de-salmonella-en-hospital-general-de-mexico-dr-eduardo-liceaga\\\/#primaryimage\"},\"thumbnailUrl\":\"https:\\\/\\\/fuentesfidedignas.com.mx\\\/wp-content\\\/uploads\\\/2026\\\/09\\\/Hospital-General-de-Mexico.jpg\",\"articleSection\":[\"NOTICIAS NACIONALES\"],\"inLanguage\":\"es\",\"potentialAction\":[{\"@type\":\"CommentAction\",\"name\":\"Comment\",\"target\":[\"https:\\\/\\\/fuentesfidedignas.com.mx\\\/index.php\\\/2026\\\/09\\\/03\\\/ssa-confirma-brote-de-salmonella-en-hospital-general-de-mexico-dr-eduardo-liceaga\\\/#respond\"]}]},{\"@type\":\"WebPage\",\"@id\":\"https:\\\/\\\/fuentesfidedignas.com.mx\\\/index.php\\\/2026\\\/09\\\/03\\\/ssa-confirma-brote-de-salmonella-en-hospital-general-de-mexico-dr-eduardo-liceaga\\\/\",\"url\":\"https:\\\/\\\/fuentesfidedignas.com.mx\\\/index.php\\\/2026\\\/09\\\/03\\\/ssa-confirma-brote-de-salmonella-en-hospital-general-de-mexico-dr-eduardo-liceaga\\\/\",\"name\":\"Ssa confirma brote de salmonella en Hospital General de M\u00e9xico 'Dr. Eduardo Liceaga' - Fuentes Fidedignas\",\"isPartOf\":{\"@id\":\"https:\\\/\\\/fuentesfidedignas.com.mx\\\/#website\"},\"primaryImageOfPage\":{\"@id\":\"https:\\\/\\\/fuentesfidedignas.com.mx\\\/index.php\\\/2026\\\/09\\\/03\\\/ssa-confirma-brote-de-salmonella-en-hospital-general-de-mexico-dr-eduardo-liceaga\\\/#primaryimage\"},\"image\":{\"@id\":\"https:\\\/\\\/fuentesfidedignas.com.mx\\\/index.php\\\/2026\\\/09\\\/03\\\/ssa-confirma-brote-de-salmonella-en-hospital-general-de-mexico-dr-eduardo-liceaga\\\/#primaryimage\"},\"thumbnailUrl\":\"https:\\\/\\\/fuentesfidedignas.com.mx\\\/wp-content\\\/uploads\\\/2026\\\/09\\\/Hospital-General-de-Mexico.jpg\",\"datePublished\":\"2026-09-03T19:31:48+00:00\",\"breadcrumb\":{\"@id\":\"https:\\\/\\\/fuentesfidedignas.com.mx\\\/index.php\\\/2026\\\/09\\\/03\\\/ssa-confirma-brote-de-salmonella-en-hospital-general-de-mexico-dr-eduardo-liceaga\\\/#breadcrumb\"},\"inLanguage\":\"es\",\"potentialAction\":[{\"@type\":\"ReadAction\",\"target\":[\"https:\\\/\\\/fuentesfidedignas.com.mx\\\/index.php\\\/2026\\\/09\\\/03\\\/ssa-confirma-brote-de-salmonella-en-hospital-general-de-mexico-dr-eduardo-liceaga\\\/\"]}]},{\"@type\":\"ImageObject\",\"inLanguage\":\"es\",\"@id\":\"https:\\\/\\\/fuentesfidedignas.com.mx\\\/index.php\\\/2026\\\/09\\\/03\\\/ssa-confirma-brote-de-salmonella-en-hospital-general-de-mexico-dr-eduardo-liceaga\\\/#primaryimage\",\"url\":\"https:\\\/\\\/fuentesfidedignas.com.mx\\\/wp-content\\\/uploads\\\/2026\\\/09\\\/Hospital-General-de-Mexico.jpg\",\"contentUrl\":\"https:\\\/\\\/fuentesfidedignas.com.mx\\\/wp-content\\\/uploads\\\/2026\\\/09\\\/Hospital-General-de-Mexico.jpg\",\"width\":500,\"height\":279},{\"@type\":\"BreadcrumbList\",\"@id\":\"https:\\\/\\\/fuentesfidedignas.com.mx\\\/index.php\\\/2026\\\/09\\\/03\\\/ssa-confirma-brote-de-salmonella-en-hospital-general-de-mexico-dr-eduardo-liceaga\\\/#breadcrumb\",\"itemListElement\":[{\"@type\":\"ListItem\",\"position\":1,\"name\":\"Inicio\",\"item\":\"https:\\\/\\\/fuentesfidedignas.com.mx\\\/\"},{\"@type\":\"ListItem\",\"position\":2,\"name\":\"Ssa confirma brote de salmonella en Hospital General de M\u00e9xico &#8216;Dr. Eduardo Liceaga&#8217;\"}]},{\"@type\":\"WebSite\",\"@id\":\"https:\\\/\\\/fuentesfidedignas.com.mx\\\/#website\",\"url\":\"https:\\\/\\\/fuentesfidedignas.com.mx\\\/\",\"name\":\"Fuentes Fidedignas\",\"description\":\"Otro sitio realizado con WordPress\",\"publisher\":{\"@id\":\"https:\\\/\\\/fuentesfidedignas.com.mx\\\/#organization\"},\"potentialAction\":[{\"@type\":\"SearchAction\",\"target\":{\"@type\":\"EntryPoint\",\"urlTemplate\":\"https:\\\/\\\/fuentesfidedignas.com.mx\\\/?s={search_term_string}\"},\"query-input\":{\"@type\":\"PropertyValueSpecification\",\"valueRequired\":true,\"valueName\":\"search_term_string\"}}],\"inLanguage\":\"es\"},{\"@type\":\"Organization\",\"@id\":\"https:\\\/\\\/fuentesfidedignas.com.mx\\\/#organization\",\"name\":\"Fuentes Fidedignas\",\"url\":\"https:\\\/\\\/fuentesfidedignas.com.mx\\\/\",\"logo\":{\"@type\":\"ImageObject\",\"inLanguage\":\"es\",\"@id\":\"https:\\\/\\\/fuentesfidedignas.com.mx\\\/#\\\/schema\\\/logo\\\/image\\\/\",\"url\":\"https:\\\/\\\/fuentesfidedignas.com.mx\\\/wp-content\\\/uploads\\\/2021\\\/04\\\/logo-retina.png\",\"contentUrl\":\"https:\\\/\\\/fuentesfidedignas.com.mx\\\/wp-content\\\/uploads\\\/2021\\\/04\\\/logo-retina.png\",\"width\":280,\"height\":51,\"caption\":\"Fuentes Fidedignas\"},\"image\":{\"@id\":\"https:\\\/\\\/fuentesfidedignas.com.mx\\\/#\\\/schema\\\/logo\\\/image\\\/\"},\"sameAs\":[\"https:\\\/\\\/www.facebook.com\\\/Fuentes-Fidedignas-368234489921644\",\"https:\\\/\\\/x.com\\\/fidedignas\"]},{\"@type\":\"Person\",\"@id\":\"https:\\\/\\\/fuentesfidedignas.com.mx\\\/#\\\/schema\\\/person\\\/47ec0135738f4b0c7495f06a77a2c976\",\"name\":\"Milenio\",\"image\":{\"@type\":\"ImageObject\",\"inLanguage\":\"es\",\"@id\":\"https:\\\/\\\/secure.gravatar.com\\\/avatar\\\/acabf7b54753e51c2c76457954577c236b3b764789b19879565769739d1e4a75?s=96&d=mm&r=g\",\"url\":\"https:\\\/\\\/secure.gravatar.com\\\/avatar\\\/acabf7b54753e51c2c76457954577c236b3b764789b19879565769739d1e4a75?s=96&d=mm&r=g\",\"contentUrl\":\"https:\\\/\\\/secure.gravatar.com\\\/avatar\\\/acabf7b54753e51c2c76457954577c236b3b764789b19879565769739d1e4a75?s=96&d=mm&r=g\",\"caption\":\"Milenio\"},\"url\":\"https:\\\/\\\/fuentesfidedignas.com.mx\\\/index.php\\\/author\\\/milenio\\\/\"}]}<\/script>\n<!-- \/ Yoast SEO plugin. -->","yoast_head_json":{"title":"Ssa confirma brote de salmonella en Hospital General de M\u00e9xico 'Dr. Eduardo Liceaga' - Fuentes Fidedignas","robots":{"index":"index","follow":"follow","max-snippet":"max-snippet:-1","max-image-preview":"max-image-preview:large","max-video-preview":"max-video-preview:-1"},"canonical":"https:\/\/fuentesfidedignas.com.mx\/index.php\/2026\/09\/03\/ssa-confirma-brote-de-salmonella-en-hospital-general-de-mexico-dr-eduardo-liceaga\/","og_locale":"es_MX","og_type":"article","og_title":"Ssa confirma brote de salmonella en Hospital General de M\u00e9xico 'Dr. Eduardo Liceaga' - Fuentes Fidedignas","og_description":"La dependencia inform\u00f3 que identific\u00f3 un brote de gastroenteritis infecciosa entre m\u00e9dicos residentes y de alta especialidad. La Secretar\u00eda de Salud inform\u00f3 que identific\u00f3 un brote de salmonella entre m\u00e9dicos residentes y de alta especialidad del Hospital General de M\u00e9xico &#8216;Dr. Eduardo Liceaga&#8217;. &#8220;El Hospital General de M\u00e9xico &#8216;Dr. Eduardo Liceaga&#8217; identific\u00f3 un brote de [&hellip;]","og_url":"https:\/\/fuentesfidedignas.com.mx\/index.php\/2026\/09\/03\/ssa-confirma-brote-de-salmonella-en-hospital-general-de-mexico-dr-eduardo-liceaga\/","og_site_name":"Fuentes Fidedignas","article_publisher":"https:\/\/www.facebook.com\/Fuentes-Fidedignas-368234489921644","article_published_time":"2026-09-03T19:31:48+00:00","og_image":[{"width":500,"height":279,"url":"https:\/\/fuentesfidedignas.com.mx\/wp-content\/uploads\/2026\/09\/Hospital-General-de-Mexico.jpg","type":"image\/jpeg"}],"author":"Milenio","twitter_card":"summary_large_image","twitter_creator":"@fidedignas","twitter_site":"@fidedignas","twitter_misc":{"Escrito por":"Milenio","Tiempo de lectura":"2 minutos"},"schema":{"@context":"https:\/\/schema.org","@graph":[{"@type":"Article","@id":"https:\/\/fuentesfidedignas.com.mx\/index.php\/2026\/09\/03\/ssa-confirma-brote-de-salmonella-en-hospital-general-de-mexico-dr-eduardo-liceaga\/#article","isPartOf":{"@id":"https:\/\/fuentesfidedignas.com.mx\/index.php\/2026\/09\/03\/ssa-confirma-brote-de-salmonella-en-hospital-general-de-mexico-dr-eduardo-liceaga\/"},"author":{"name":"Milenio","@id":"https:\/\/fuentesfidedignas.com.mx\/#\/schema\/person\/47ec0135738f4b0c7495f06a77a2c976"},"headline":"Ssa confirma brote de salmonella en Hospital General de M\u00e9xico &#8216;Dr. Eduardo Liceaga&#8217;","datePublished":"2026-09-03T19:31:48+00:00","mainEntityOfPage":{"@id":"https:\/\/fuentesfidedignas.com.mx\/index.php\/2026\/09\/03\/ssa-confirma-brote-de-salmonella-en-hospital-general-de-mexico-dr-eduardo-liceaga\/"},"wordCount":248,"commentCount":0,"publisher":{"@id":"https:\/\/fuentesfidedignas.com.mx\/#organization"},"image":{"@id":"https:\/\/fuentesfidedignas.com.mx\/index.php\/2026\/09\/03\/ssa-confirma-brote-de-salmonella-en-hospital-general-de-mexico-dr-eduardo-liceaga\/#primaryimage"},"thumbnailUrl":"https:\/\/fuentesfidedignas.com.mx\/wp-content\/uploads\/2026\/09\/Hospital-General-de-Mexico.jpg","articleSection":["NOTICIAS NACIONALES"],"inLanguage":"es","potentialAction":[{"@type":"CommentAction","name":"Comment","target":["https:\/\/fuentesfidedignas.com.mx\/index.php\/2026\/09\/03\/ssa-confirma-brote-de-salmonella-en-hospital-general-de-mexico-dr-eduardo-liceaga\/#respond"]}]},{"@type":"WebPage","@id":"https:\/\/fuentesfidedignas.com.mx\/index.php\/2026\/09\/03\/ssa-confirma-brote-de-salmonella-en-hospital-general-de-mexico-dr-eduardo-liceaga\/","url":"https:\/\/fuentesfidedignas.com.mx\/index.php\/2026\/09\/03\/ssa-confirma-brote-de-salmonella-en-hospital-general-de-mexico-dr-eduardo-liceaga\/","name":"Ssa confirma brote de salmonella en Hospital General de M\u00e9xico 'Dr. Eduardo Liceaga' - Fuentes Fidedignas","isPartOf":{"@id":"https:\/\/fuentesfidedignas.com.mx\/#website"},"primaryImageOfPage":{"@id":"https:\/\/fuentesfidedignas.com.mx\/index.php\/2026\/09\/03\/ssa-confirma-brote-de-salmonella-en-hospital-general-de-mexico-dr-eduardo-liceaga\/#primaryimage"},"image":{"@id":"https:\/\/fuentesfidedignas.com.mx\/index.php\/2026\/09\/03\/ssa-confirma-brote-de-salmonella-en-hospital-general-de-mexico-dr-eduardo-liceaga\/#primaryimage"},"thumbnailUrl":"https:\/\/fuentesfidedignas.com.mx\/wp-content\/uploads\/2026\/09\/Hospital-General-de-Mexico.jpg","datePublished":"2026-09-03T19:31:48+00:00","breadcrumb":{"@id":"https:\/\/fuentesfidedignas.com.mx\/index.php\/2026\/09\/03\/ssa-confirma-brote-de-salmonella-en-hospital-general-de-mexico-dr-eduardo-liceaga\/#breadcrumb"},"inLanguage":"es","potentialAction":[{"@type":"ReadAction","target":["https:\/\/fuentesfidedignas.com.mx\/index.php\/2026\/09\/03\/ssa-confirma-brote-de-salmonella-en-hospital-general-de-mexico-dr-eduardo-liceaga\/"]}]},{"@type":"ImageObject","inLanguage":"es","@id":"https:\/\/fuentesfidedignas.com.mx\/index.php\/2026\/09\/03\/ssa-confirma-brote-de-salmonella-en-hospital-general-de-mexico-dr-eduardo-liceaga\/#primaryimage","url":"https:\/\/fuentesfidedignas.com.mx\/wp-content\/uploads\/2026\/09\/Hospital-General-de-Mexico.jpg","contentUrl":"https:\/\/fuentesfidedignas.com.mx\/wp-content\/uploads\/2026\/09\/Hospital-General-de-Mexico.jpg","width":500,"height":279},{"@type":"BreadcrumbList","@id":"https:\/\/fuentesfidedignas.com.mx\/index.php\/2026\/09\/03\/ssa-confirma-brote-de-salmonella-en-hospital-general-de-mexico-dr-eduardo-liceaga\/#breadcrumb","itemListElement":[{"@type":"ListItem","position":1,"name":"Inicio","item":"https:\/\/fuentesfidedignas.com.mx\/"},{"@type":"ListItem","position":2,"name":"Ssa confirma brote de salmonella en Hospital General de M\u00e9xico &#8216;Dr. Eduardo Liceaga&#8217;"}]},{"@type":"WebSite","@id":"https:\/\/fuentesfidedignas.com.mx\/#website","url":"https:\/\/fuentesfidedignas.com.mx\/","name":"Fuentes Fidedignas","description":"Otro sitio realizado con WordPress","publisher":{"@id":"https:\/\/fuentesfidedignas.com.mx\/#organization"},"potentialAction":[{"@type":"SearchAction","target":{"@type":"EntryPoint","urlTemplate":"https:\/\/fuentesfidedignas.com.mx\/?s={search_term_string}"},"query-input":{"@type":"PropertyValueSpecification","valueRequired":true,"valueName":"search_term_string"}}],"inLanguage":"es"},{"@type":"Organization","@id":"https:\/\/fuentesfidedignas.com.mx\/#organization","name":"Fuentes Fidedignas","url":"https:\/\/fuentesfidedignas.com.mx\/","logo":{"@type":"ImageObject","inLanguage":"es","@id":"https:\/\/fuentesfidedignas.com.mx\/#\/schema\/logo\/image\/","url":"https:\/\/fuentesfidedignas.com.mx\/wp-content\/uploads\/2021\/04\/logo-retina.png","contentUrl":"https:\/\/fuentesfidedignas.com.mx\/wp-content\/uploads\/2021\/04\/logo-retina.png","width":280,"height":51,"caption":"Fuentes Fidedignas"},"image":{"@id":"https:\/\/fuentesfidedignas.com.mx\/#\/schema\/logo\/image\/"},"sameAs":["https:\/\/www.facebook.com\/Fuentes-Fidedignas-368234489921644","https:\/\/x.com\/fidedignas"]},{"@type":"Person","@id":"https:\/\/fuentesfidedignas.com.mx\/#\/schema\/person\/47ec0135738f4b0c7495f06a77a2c976","name":"Milenio","image":{"@type":"ImageObject","inLanguage":"es","@id":"https:\/\/secure.gravatar.com\/avatar\/acabf7b54753e51c2c76457954577c236b3b764789b19879565769739d1e4a75?s=96&d=mm&r=g","url":"https:\/\/secure.gravatar.com\/avatar\/acabf7b54753e51c2c76457954577c236b3b764789b19879565769739d1e4a75?s=96&d=mm&r=g","contentUrl":"https:\/\/secure.gravatar.com\/avatar\/acabf7b54753e51c2c76457954577c236b3b764789b19879565769739d1e4a75?s=96&d=mm&r=g","caption":"Milenio"},"url":"https:\/\/fuentesfidedignas.com.mx\/index.php\/author\/milenio\/"}]}},"_links":{"self":[{"href":"https:\/\/fuentesfidedignas.com.mx\/index.php\/wp-json\/wp\/v2\/posts\/141554","targetHints":{"allow":["GET"]}}],"collection":[{"href":"https:\/\/fuentesfidedignas.com.mx\/index.php\/wp-json\/wp\/v2\/posts"}],"about":[{"href":"https:\/\/fuentesfidedignas.com.mx\/index.php\/wp-json\/wp\/v2\/types\/post"}],"author":[{"embeddable":true,"href":"https:\/\/fuentesfidedignas.com.mx\/index.php\/wp-json\/wp\/v2\/users\/9"}],"replies":[{"embeddable":true,"href":"https:\/\/fuentesfidedignas.com.mx\/index.php\/wp-json\/wp\/v2\/comments?post=141554"}],"version-history":[{"count":1,"href":"https:\/\/fuentesfidedignas.com.mx\/index.php\/wp-json\/wp\/v2\/posts\/141554\/revisions"}],"predecessor-version":[{"id":141559,"href":"https:\/\/fuentesfidedignas.com.mx\/index.php\/wp-json\/wp\/v2\/posts\/141554\/revisions\/141559"}],"wp:featuredmedia":[{"embeddable":true,"href":"https:\/\/fuentesfidedignas.com.mx\/index.php\/wp-json\/wp\/v2\/media\/141558"}],"wp:attachment":[{"href":"https:\/\/fuentesfidedignas.com.mx\/index.php\/wp-json\/wp\/v2\/media?parent=141554"}],"wp:term":[{"taxonomy":"category","embeddable":true,"href":"https:\/\/fuentesfidedignas.com.mx\/index.php\/wp-json\/wp\/v2\/categories?post=141554"},{"taxonomy":"post_tag","embeddable":true,"href":"https:\/\/fuentesfidedignas.com.mx\/index.php\/wp-json\/wp\/v2\/tags?post=141554"}],"curies":[{"name":"wp","href":"https:\/\/api.w.org\/{rel}","templated":true}]}}