{"id":141551,"date":"2026-09-03T10:57:22","date_gmt":"2026-09-03T17:57:22","guid":{"rendered":"https:\/\/fuentesfidedignas.com.mx\/?p=141551"},"modified":"2026-09-03T10:57:26","modified_gmt":"2026-09-03T17:57:26","slug":"video-susto-en-pleno-vuelo-se-incendia-avion-de-oaxaca-a-ciudad-de-mexico","status":"publish","type":"post","link":"https:\/\/fuentesfidedignas.com.mx\/index.php\/2026\/09\/03\/video-susto-en-pleno-vuelo-se-incendia-avion-de-oaxaca-a-ciudad-de-mexico\/","title":{"rendered":"VIDEO: \u00a1Susto en pleno vuelo! Se incendia avi\u00f3n de Oaxaca a Ciudad de M\u00e9xico"},"content":{"rendered":"\n<p class=\"wp-block-paragraph\"><strong><em>El video del incidente r\u00e1pidamente llam\u00f3 la atenci\u00f3n en redes sociales debido a las im\u00e1genes captadas desde el interior de la aeronave y a la reacci\u00f3n de pasajeros, as\u00ed como de la tripulaci\u00f3n ante la emergencia<\/em><\/strong><\/p>\n\n\n\n<p class=\"wp-block-paragraph\">Un vuelo que cubr\u00eda la ruta Oaxaca-Ciudad de M\u00e9xico vivi\u00f3 momentos de tensi\u00f3n luego de que una bater\u00eda externa, conocida como power bank, presuntamente explotara en uno de los asientos de pasajeros que estaba desocupado y provocara un incendio. El incidente ocurri\u00f3 el mi\u00e9rcoles 2 de septiembre, en el vuelo AM37, que se dirig\u00eda a la capital mexicana.<\/p>\n\n\n\n<p class=\"wp-block-paragraph\">Un video difundido en redes sociales muestra el momento en el que pasajeros y miembros de la tripulaci\u00f3n se percatan de la emergencia y comienzan a movilizarse dentro del avi\u00f3n.<\/p>\n\n\n\n<p class=\"wp-block-paragraph\">En las im\u00e1genes se observa a varios pasajeros volteando hacia la parte delantera de la aeronave, mientras algunas personas se levantan de sus asientos para observar lo que ocurre. Posteriormente, integrantes de la tripulaci\u00f3n se desplazan por el pasillo para atender la situaci\u00f3n.<\/p>\n\n\n\n<p class=\"wp-block-paragraph\">El material audiovisual fue difundido por la cuenta de X @fl360aero, inform\u00f3 que una bater\u00eda externa de un pasajero habr\u00eda explotado, aparentemente en un asiento que se encontraba desocupado.<\/p>\n\n\n\n<figure class=\"wp-block-embed is-provider-twitter wp-block-embed-twitter\"><div class=\"wp-block-embed__wrapper\">\nhttps:\/\/twitter.com\/Imagen_Oax\/status\/2095250107235234117\/video\/1\n<\/div><\/figure>\n\n\n\n<p class=\"wp-block-paragraph\"><strong>\u00bfQu\u00e9 pas\u00f3 durante el vuelo?<\/strong><br>De acuerdo con la informaci\u00f3n difundida sobre el incidente, la explosi\u00f3n de la bater\u00eda provoc\u00f3 un incendio dentro de la cabina, por lo que se activaron de inmediato los protocolos de seguridad correspondientes.<\/p>\n\n\n\n<p class=\"wp-block-paragraph\">La tripulaci\u00f3n intervino para controlar la situaci\u00f3n y evitar que el fuego se extendiera mientras la aeronave continuaba su trayecto hacia la Ciudad de M\u00e9xico.<\/p>\n\n\n\n<p class=\"wp-block-paragraph\">Aunque las im\u00e1genes muestran la preocupaci\u00f3n de algunos pasajeros y el movimiento de la tripulaci\u00f3n para atender la emergencia, no se observa una evacuaci\u00f3n ni una situaci\u00f3n de descontrol generalizado dentro del avi\u00f3n o en la cabina.<\/p>\n\n\n\n<p class=\"wp-block-paragraph\">El incidente fue controlado por lo que no hubo personas lesionadas ni pasajeros que requirieran atenci\u00f3n m\u00e9dica. La aeronave finalmente aterriz\u00f3 sin problemas en la Ciudad de M\u00e9xico.<\/p>\n\n\n\n<p class=\"wp-block-paragraph\"><strong>La bater\u00eda fue entregada a las autoridades<\/strong><br>Una vez que el avi\u00f3n lleg\u00f3 a su destino, la bater\u00eda externa involucrada en el incidente fue entregada a las autoridades para realizar las revisiones correspondientes y determinar las circunstancias en las que ocurri\u00f3 la explosi\u00f3n.<\/p>\n\n\n\n<p class=\"wp-block-paragraph\">El caso vuelve a poner bajo la lupa los riesgos relacionados con las bater\u00edas de iones de litio, utilizadas en tel\u00e9fonos celulares, computadoras, tabletas y bater\u00edas externas.<\/p>\n\n\n\n<p class=\"wp-block-paragraph\">Estos dispositivos pueden representar un riesgo de incendio cuando presentan da\u00f1os, defectos, sobrecalentamiento o son utilizados o transportados de manera inadecuada.<\/p>\n\n\n\n<p class=\"wp-block-paragraph\">Por ello, las autoridades y aerol\u00edneas recomiendan a los pasajeros revisar las condiciones de sus bater\u00edas y seguir las reglas establecidas para el transporte y uso de power banks durante los vuelos.<\/p>\n\n\n\n<p class=\"wp-block-paragraph\">El video del incidente r\u00e1pidamente llam\u00f3 la atenci\u00f3n en redes sociales debido a las im\u00e1genes captadas desde el interior de la aeronave y a la reacci\u00f3n de pasajeros y tripulaci\u00f3n ante la emergencia.<\/p>\n","protected":false},"excerpt":{"rendered":"<p>El video del incidente r\u00e1pidamente llam\u00f3 la atenci\u00f3n en redes sociales debido a las im\u00e1genes captadas desde el interior de la aeronave y a la reacci\u00f3n de pasajeros, as\u00ed como de la tripulaci\u00f3n ante la emergencia Un vuelo que cubr\u00eda la ruta Oaxaca-Ciudad de M\u00e9xico vivi\u00f3 momentos de tensi\u00f3n luego de que una bater\u00eda externa, [&hellip;]<\/p>\n","protected":false},"author":37,"featured_media":141552,"comment_status":"open","ping_status":"open","sticky":false,"template":"","format":"standard","meta":{"tdm_status":"","tdm_grid_status":"","footnotes":""},"categories":[39],"tags":[],"class_list":["post-141551","post","type-post","status-publish","format-standard","has-post-thumbnail","category-noticias-nacionales"],"yoast_head":"<!-- This site is optimized with the Yoast SEO plugin v28.4 - https:\/\/yoast.com\/product\/yoast-seo-wordpress\/ -->\n<title>VIDEO: \u00a1Susto en pleno vuelo! Se incendia avi\u00f3n de Oaxaca a Ciudad de M\u00e9xico - Fuentes Fidedignas<\/title>\n<meta name=\"robots\" content=\"index, follow, max-snippet:-1, max-image-preview:large, max-video-preview:-1\" \/>\n<link rel=\"canonical\" href=\"https:\/\/fuentesfidedignas.com.mx\/index.php\/2026\/09\/03\/video-susto-en-pleno-vuelo-se-incendia-avion-de-oaxaca-a-ciudad-de-mexico\/\" \/>\n<meta property=\"og:locale\" content=\"es_MX\" \/>\n<meta property=\"og:type\" content=\"article\" \/>\n<meta property=\"og:title\" content=\"VIDEO: \u00a1Susto en pleno vuelo! Se incendia avi\u00f3n de Oaxaca a Ciudad de M\u00e9xico - Fuentes Fidedignas\" \/>\n<meta property=\"og:description\" content=\"El video del incidente r\u00e1pidamente llam\u00f3 la atenci\u00f3n en redes sociales debido a las im\u00e1genes captadas desde el interior de la aeronave y a la reacci\u00f3n de pasajeros, as\u00ed como de la tripulaci\u00f3n ante la emergencia Un vuelo que cubr\u00eda la ruta Oaxaca-Ciudad de M\u00e9xico vivi\u00f3 momentos de tensi\u00f3n luego de que una bater\u00eda externa, [&hellip;]\" \/>\n<meta property=\"og:url\" content=\"https:\/\/fuentesfidedignas.com.mx\/index.php\/2026\/09\/03\/video-susto-en-pleno-vuelo-se-incendia-avion-de-oaxaca-a-ciudad-de-mexico\/\" \/>\n<meta property=\"og:site_name\" content=\"Fuentes Fidedignas\" \/>\n<meta property=\"article:publisher\" content=\"https:\/\/www.facebook.com\/Fuentes-Fidedignas-368234489921644\" \/>\n<meta property=\"article:published_time\" content=\"2026-09-03T17:57:22+00:00\" \/>\n<meta property=\"article:modified_time\" content=\"2026-09-03T17:57:26+00:00\" \/>\n<meta property=\"og:image\" content=\"https:\/\/fuentesfidedignas.com.mx\/wp-content\/uploads\/2026\/09\/avion_bateria.jpg\" \/>\n\t<meta property=\"og:image:width\" content=\"500\" \/>\n\t<meta property=\"og:image:height\" content=\"278\" \/>\n\t<meta property=\"og:image:type\" content=\"image\/jpeg\" \/>\n<meta name=\"author\" content=\"Heraldo de M\u00e9xico\" \/>\n<meta name=\"twitter:card\" content=\"summary_large_image\" \/>\n<meta name=\"twitter:creator\" content=\"@fidedignas\" \/>\n<meta name=\"twitter:site\" content=\"@fidedignas\" \/>\n<meta name=\"twitter:label1\" content=\"Escrito por\" \/>\n\t<meta name=\"twitter:data1\" content=\"Heraldo de M\u00e9xico\" \/>\n\t<meta name=\"twitter:label2\" content=\"Tiempo de lectura\" \/>\n\t<meta name=\"twitter:data2\" content=\"3 minutos\" \/>\n<script type=\"application\/ld+json\" class=\"yoast-schema-graph\">{\"@context\":\"https:\\\/\\\/schema.org\",\"@graph\":[{\"@type\":\"Article\",\"@id\":\"https:\\\/\\\/fuentesfidedignas.com.mx\\\/index.php\\\/2026\\\/09\\\/03\\\/video-susto-en-pleno-vuelo-se-incendia-avion-de-oaxaca-a-ciudad-de-mexico\\\/#article\",\"isPartOf\":{\"@id\":\"https:\\\/\\\/fuentesfidedignas.com.mx\\\/index.php\\\/2026\\\/09\\\/03\\\/video-susto-en-pleno-vuelo-se-incendia-avion-de-oaxaca-a-ciudad-de-mexico\\\/\"},\"author\":{\"name\":\"Heraldo de M\u00e9xico\",\"@id\":\"https:\\\/\\\/fuentesfidedignas.com.mx\\\/#\\\/schema\\\/person\\\/1c75a595e538894333ebe35c2bf6e23a\"},\"headline\":\"VIDEO: \u00a1Susto en pleno vuelo! Se incendia avi\u00f3n de Oaxaca a Ciudad de M\u00e9xico\",\"datePublished\":\"2026-09-03T17:57:22+00:00\",\"dateModified\":\"2026-09-03T17:57:26+00:00\",\"mainEntityOfPage\":{\"@id\":\"https:\\\/\\\/fuentesfidedignas.com.mx\\\/index.php\\\/2026\\\/09\\\/03\\\/video-susto-en-pleno-vuelo-se-incendia-avion-de-oaxaca-a-ciudad-de-mexico\\\/\"},\"wordCount\":551,\"commentCount\":0,\"publisher\":{\"@id\":\"https:\\\/\\\/fuentesfidedignas.com.mx\\\/#organization\"},\"image\":{\"@id\":\"https:\\\/\\\/fuentesfidedignas.com.mx\\\/index.php\\\/2026\\\/09\\\/03\\\/video-susto-en-pleno-vuelo-se-incendia-avion-de-oaxaca-a-ciudad-de-mexico\\\/#primaryimage\"},\"thumbnailUrl\":\"https:\\\/\\\/fuentesfidedignas.com.mx\\\/wp-content\\\/uploads\\\/2026\\\/09\\\/avion_bateria.jpg\",\"articleSection\":[\"NOTICIAS NACIONALES\"],\"inLanguage\":\"es\",\"potentialAction\":[{\"@type\":\"CommentAction\",\"name\":\"Comment\",\"target\":[\"https:\\\/\\\/fuentesfidedignas.com.mx\\\/index.php\\\/2026\\\/09\\\/03\\\/video-susto-en-pleno-vuelo-se-incendia-avion-de-oaxaca-a-ciudad-de-mexico\\\/#respond\"]}]},{\"@type\":\"WebPage\",\"@id\":\"https:\\\/\\\/fuentesfidedignas.com.mx\\\/index.php\\\/2026\\\/09\\\/03\\\/video-susto-en-pleno-vuelo-se-incendia-avion-de-oaxaca-a-ciudad-de-mexico\\\/\",\"url\":\"https:\\\/\\\/fuentesfidedignas.com.mx\\\/index.php\\\/2026\\\/09\\\/03\\\/video-susto-en-pleno-vuelo-se-incendia-avion-de-oaxaca-a-ciudad-de-mexico\\\/\",\"name\":\"VIDEO: \u00a1Susto en pleno vuelo! Se incendia avi\u00f3n de Oaxaca a Ciudad de M\u00e9xico - Fuentes Fidedignas\",\"isPartOf\":{\"@id\":\"https:\\\/\\\/fuentesfidedignas.com.mx\\\/#website\"},\"primaryImageOfPage\":{\"@id\":\"https:\\\/\\\/fuentesfidedignas.com.mx\\\/index.php\\\/2026\\\/09\\\/03\\\/video-susto-en-pleno-vuelo-se-incendia-avion-de-oaxaca-a-ciudad-de-mexico\\\/#primaryimage\"},\"image\":{\"@id\":\"https:\\\/\\\/fuentesfidedignas.com.mx\\\/index.php\\\/2026\\\/09\\\/03\\\/video-susto-en-pleno-vuelo-se-incendia-avion-de-oaxaca-a-ciudad-de-mexico\\\/#primaryimage\"},\"thumbnailUrl\":\"https:\\\/\\\/fuentesfidedignas.com.mx\\\/wp-content\\\/uploads\\\/2026\\\/09\\\/avion_bateria.jpg\",\"datePublished\":\"2026-09-03T17:57:22+00:00\",\"dateModified\":\"2026-09-03T17:57:26+00:00\",\"breadcrumb\":{\"@id\":\"https:\\\/\\\/fuentesfidedignas.com.mx\\\/index.php\\\/2026\\\/09\\\/03\\\/video-susto-en-pleno-vuelo-se-incendia-avion-de-oaxaca-a-ciudad-de-mexico\\\/#breadcrumb\"},\"inLanguage\":\"es\",\"potentialAction\":[{\"@type\":\"ReadAction\",\"target\":[\"https:\\\/\\\/fuentesfidedignas.com.mx\\\/index.php\\\/2026\\\/09\\\/03\\\/video-susto-en-pleno-vuelo-se-incendia-avion-de-oaxaca-a-ciudad-de-mexico\\\/\"]}]},{\"@type\":\"ImageObject\",\"inLanguage\":\"es\",\"@id\":\"https:\\\/\\\/fuentesfidedignas.com.mx\\\/index.php\\\/2026\\\/09\\\/03\\\/video-susto-en-pleno-vuelo-se-incendia-avion-de-oaxaca-a-ciudad-de-mexico\\\/#primaryimage\",\"url\":\"https:\\\/\\\/fuentesfidedignas.com.mx\\\/wp-content\\\/uploads\\\/2026\\\/09\\\/avion_bateria.jpg\",\"contentUrl\":\"https:\\\/\\\/fuentesfidedignas.com.mx\\\/wp-content\\\/uploads\\\/2026\\\/09\\\/avion_bateria.jpg\",\"width\":500,\"height\":278},{\"@type\":\"BreadcrumbList\",\"@id\":\"https:\\\/\\\/fuentesfidedignas.com.mx\\\/index.php\\\/2026\\\/09\\\/03\\\/video-susto-en-pleno-vuelo-se-incendia-avion-de-oaxaca-a-ciudad-de-mexico\\\/#breadcrumb\",\"itemListElement\":[{\"@type\":\"ListItem\",\"position\":1,\"name\":\"Inicio\",\"item\":\"https:\\\/\\\/fuentesfidedignas.com.mx\\\/\"},{\"@type\":\"ListItem\",\"position\":2,\"name\":\"VIDEO: \u00a1Susto en pleno vuelo! Se incendia avi\u00f3n de Oaxaca a Ciudad de M\u00e9xico\"}]},{\"@type\":\"WebSite\",\"@id\":\"https:\\\/\\\/fuentesfidedignas.com.mx\\\/#website\",\"url\":\"https:\\\/\\\/fuentesfidedignas.com.mx\\\/\",\"name\":\"Fuentes Fidedignas\",\"description\":\"Otro sitio realizado con WordPress\",\"publisher\":{\"@id\":\"https:\\\/\\\/fuentesfidedignas.com.mx\\\/#organization\"},\"potentialAction\":[{\"@type\":\"SearchAction\",\"target\":{\"@type\":\"EntryPoint\",\"urlTemplate\":\"https:\\\/\\\/fuentesfidedignas.com.mx\\\/?s={search_term_string}\"},\"query-input\":{\"@type\":\"PropertyValueSpecification\",\"valueRequired\":true,\"valueName\":\"search_term_string\"}}],\"inLanguage\":\"es\"},{\"@type\":\"Organization\",\"@id\":\"https:\\\/\\\/fuentesfidedignas.com.mx\\\/#organization\",\"name\":\"Fuentes Fidedignas\",\"url\":\"https:\\\/\\\/fuentesfidedignas.com.mx\\\/\",\"logo\":{\"@type\":\"ImageObject\",\"inLanguage\":\"es\",\"@id\":\"https:\\\/\\\/fuentesfidedignas.com.mx\\\/#\\\/schema\\\/logo\\\/image\\\/\",\"url\":\"https:\\\/\\\/fuentesfidedignas.com.mx\\\/wp-content\\\/uploads\\\/2021\\\/04\\\/logo-retina.png\",\"contentUrl\":\"https:\\\/\\\/fuentesfidedignas.com.mx\\\/wp-content\\\/uploads\\\/2021\\\/04\\\/logo-retina.png\",\"width\":280,\"height\":51,\"caption\":\"Fuentes Fidedignas\"},\"image\":{\"@id\":\"https:\\\/\\\/fuentesfidedignas.com.mx\\\/#\\\/schema\\\/logo\\\/image\\\/\"},\"sameAs\":[\"https:\\\/\\\/www.facebook.com\\\/Fuentes-Fidedignas-368234489921644\",\"https:\\\/\\\/x.com\\\/fidedignas\"]},{\"@type\":\"Person\",\"@id\":\"https:\\\/\\\/fuentesfidedignas.com.mx\\\/#\\\/schema\\\/person\\\/1c75a595e538894333ebe35c2bf6e23a\",\"name\":\"Heraldo de M\u00e9xico\",\"image\":{\"@type\":\"ImageObject\",\"inLanguage\":\"es\",\"@id\":\"https:\\\/\\\/secure.gravatar.com\\\/avatar\\\/6a6c40de68e5cf2d8aac15267bd2dad2b9fdeb309dac7c5a7c2bb87ed5b81cb6?s=96&d=mm&r=g\",\"url\":\"https:\\\/\\\/secure.gravatar.com\\\/avatar\\\/6a6c40de68e5cf2d8aac15267bd2dad2b9fdeb309dac7c5a7c2bb87ed5b81cb6?s=96&d=mm&r=g\",\"contentUrl\":\"https:\\\/\\\/secure.gravatar.com\\\/avatar\\\/6a6c40de68e5cf2d8aac15267bd2dad2b9fdeb309dac7c5a7c2bb87ed5b81cb6?s=96&d=mm&r=g\",\"caption\":\"Heraldo de M\u00e9xico\"},\"url\":\"https:\\\/\\\/fuentesfidedignas.com.mx\\\/index.php\\\/author\\\/heraldo\\\/\"}]}<\/script>\n<!-- \/ Yoast SEO plugin. -->","yoast_head_json":{"title":"VIDEO: \u00a1Susto en pleno vuelo! Se incendia avi\u00f3n de Oaxaca a Ciudad de M\u00e9xico - Fuentes Fidedignas","robots":{"index":"index","follow":"follow","max-snippet":"max-snippet:-1","max-image-preview":"max-image-preview:large","max-video-preview":"max-video-preview:-1"},"canonical":"https:\/\/fuentesfidedignas.com.mx\/index.php\/2026\/09\/03\/video-susto-en-pleno-vuelo-se-incendia-avion-de-oaxaca-a-ciudad-de-mexico\/","og_locale":"es_MX","og_type":"article","og_title":"VIDEO: \u00a1Susto en pleno vuelo! Se incendia avi\u00f3n de Oaxaca a Ciudad de M\u00e9xico - Fuentes Fidedignas","og_description":"El video del incidente r\u00e1pidamente llam\u00f3 la atenci\u00f3n en redes sociales debido a las im\u00e1genes captadas desde el interior de la aeronave y a la reacci\u00f3n de pasajeros, as\u00ed como de la tripulaci\u00f3n ante la emergencia Un vuelo que cubr\u00eda la ruta Oaxaca-Ciudad de M\u00e9xico vivi\u00f3 momentos de tensi\u00f3n luego de que una bater\u00eda externa, [&hellip;]","og_url":"https:\/\/fuentesfidedignas.com.mx\/index.php\/2026\/09\/03\/video-susto-en-pleno-vuelo-se-incendia-avion-de-oaxaca-a-ciudad-de-mexico\/","og_site_name":"Fuentes Fidedignas","article_publisher":"https:\/\/www.facebook.com\/Fuentes-Fidedignas-368234489921644","article_published_time":"2026-09-03T17:57:22+00:00","article_modified_time":"2026-09-03T17:57:26+00:00","og_image":[{"width":500,"height":278,"url":"https:\/\/fuentesfidedignas.com.mx\/wp-content\/uploads\/2026\/09\/avion_bateria.jpg","type":"image\/jpeg"}],"author":"Heraldo de M\u00e9xico","twitter_card":"summary_large_image","twitter_creator":"@fidedignas","twitter_site":"@fidedignas","twitter_misc":{"Escrito por":"Heraldo de M\u00e9xico","Tiempo de lectura":"3 minutos"},"schema":{"@context":"https:\/\/schema.org","@graph":[{"@type":"Article","@id":"https:\/\/fuentesfidedignas.com.mx\/index.php\/2026\/09\/03\/video-susto-en-pleno-vuelo-se-incendia-avion-de-oaxaca-a-ciudad-de-mexico\/#article","isPartOf":{"@id":"https:\/\/fuentesfidedignas.com.mx\/index.php\/2026\/09\/03\/video-susto-en-pleno-vuelo-se-incendia-avion-de-oaxaca-a-ciudad-de-mexico\/"},"author":{"name":"Heraldo de M\u00e9xico","@id":"https:\/\/fuentesfidedignas.com.mx\/#\/schema\/person\/1c75a595e538894333ebe35c2bf6e23a"},"headline":"VIDEO: \u00a1Susto en pleno vuelo! Se incendia avi\u00f3n de Oaxaca a Ciudad de M\u00e9xico","datePublished":"2026-09-03T17:57:22+00:00","dateModified":"2026-09-03T17:57:26+00:00","mainEntityOfPage":{"@id":"https:\/\/fuentesfidedignas.com.mx\/index.php\/2026\/09\/03\/video-susto-en-pleno-vuelo-se-incendia-avion-de-oaxaca-a-ciudad-de-mexico\/"},"wordCount":551,"commentCount":0,"publisher":{"@id":"https:\/\/fuentesfidedignas.com.mx\/#organization"},"image":{"@id":"https:\/\/fuentesfidedignas.com.mx\/index.php\/2026\/09\/03\/video-susto-en-pleno-vuelo-se-incendia-avion-de-oaxaca-a-ciudad-de-mexico\/#primaryimage"},"thumbnailUrl":"https:\/\/fuentesfidedignas.com.mx\/wp-content\/uploads\/2026\/09\/avion_bateria.jpg","articleSection":["NOTICIAS NACIONALES"],"inLanguage":"es","potentialAction":[{"@type":"CommentAction","name":"Comment","target":["https:\/\/fuentesfidedignas.com.mx\/index.php\/2026\/09\/03\/video-susto-en-pleno-vuelo-se-incendia-avion-de-oaxaca-a-ciudad-de-mexico\/#respond"]}]},{"@type":"WebPage","@id":"https:\/\/fuentesfidedignas.com.mx\/index.php\/2026\/09\/03\/video-susto-en-pleno-vuelo-se-incendia-avion-de-oaxaca-a-ciudad-de-mexico\/","url":"https:\/\/fuentesfidedignas.com.mx\/index.php\/2026\/09\/03\/video-susto-en-pleno-vuelo-se-incendia-avion-de-oaxaca-a-ciudad-de-mexico\/","name":"VIDEO: \u00a1Susto en pleno vuelo! Se incendia avi\u00f3n de Oaxaca a Ciudad de M\u00e9xico - Fuentes Fidedignas","isPartOf":{"@id":"https:\/\/fuentesfidedignas.com.mx\/#website"},"primaryImageOfPage":{"@id":"https:\/\/fuentesfidedignas.com.mx\/index.php\/2026\/09\/03\/video-susto-en-pleno-vuelo-se-incendia-avion-de-oaxaca-a-ciudad-de-mexico\/#primaryimage"},"image":{"@id":"https:\/\/fuentesfidedignas.com.mx\/index.php\/2026\/09\/03\/video-susto-en-pleno-vuelo-se-incendia-avion-de-oaxaca-a-ciudad-de-mexico\/#primaryimage"},"thumbnailUrl":"https:\/\/fuentesfidedignas.com.mx\/wp-content\/uploads\/2026\/09\/avion_bateria.jpg","datePublished":"2026-09-03T17:57:22+00:00","dateModified":"2026-09-03T17:57:26+00:00","breadcrumb":{"@id":"https:\/\/fuentesfidedignas.com.mx\/index.php\/2026\/09\/03\/video-susto-en-pleno-vuelo-se-incendia-avion-de-oaxaca-a-ciudad-de-mexico\/#breadcrumb"},"inLanguage":"es","potentialAction":[{"@type":"ReadAction","target":["https:\/\/fuentesfidedignas.com.mx\/index.php\/2026\/09\/03\/video-susto-en-pleno-vuelo-se-incendia-avion-de-oaxaca-a-ciudad-de-mexico\/"]}]},{"@type":"ImageObject","inLanguage":"es","@id":"https:\/\/fuentesfidedignas.com.mx\/index.php\/2026\/09\/03\/video-susto-en-pleno-vuelo-se-incendia-avion-de-oaxaca-a-ciudad-de-mexico\/#primaryimage","url":"https:\/\/fuentesfidedignas.com.mx\/wp-content\/uploads\/2026\/09\/avion_bateria.jpg","contentUrl":"https:\/\/fuentesfidedignas.com.mx\/wp-content\/uploads\/2026\/09\/avion_bateria.jpg","width":500,"height":278},{"@type":"BreadcrumbList","@id":"https:\/\/fuentesfidedignas.com.mx\/index.php\/2026\/09\/03\/video-susto-en-pleno-vuelo-se-incendia-avion-de-oaxaca-a-ciudad-de-mexico\/#breadcrumb","itemListElement":[{"@type":"ListItem","position":1,"name":"Inicio","item":"https:\/\/fuentesfidedignas.com.mx\/"},{"@type":"ListItem","position":2,"name":"VIDEO: \u00a1Susto en pleno vuelo! Se incendia avi\u00f3n de Oaxaca a Ciudad de M\u00e9xico"}]},{"@type":"WebSite","@id":"https:\/\/fuentesfidedignas.com.mx\/#website","url":"https:\/\/fuentesfidedignas.com.mx\/","name":"Fuentes Fidedignas","description":"Otro sitio realizado con WordPress","publisher":{"@id":"https:\/\/fuentesfidedignas.com.mx\/#organization"},"potentialAction":[{"@type":"SearchAction","target":{"@type":"EntryPoint","urlTemplate":"https:\/\/fuentesfidedignas.com.mx\/?s={search_term_string}"},"query-input":{"@type":"PropertyValueSpecification","valueRequired":true,"valueName":"search_term_string"}}],"inLanguage":"es"},{"@type":"Organization","@id":"https:\/\/fuentesfidedignas.com.mx\/#organization","name":"Fuentes Fidedignas","url":"https:\/\/fuentesfidedignas.com.mx\/","logo":{"@type":"ImageObject","inLanguage":"es","@id":"https:\/\/fuentesfidedignas.com.mx\/#\/schema\/logo\/image\/","url":"https:\/\/fuentesfidedignas.com.mx\/wp-content\/uploads\/2021\/04\/logo-retina.png","contentUrl":"https:\/\/fuentesfidedignas.com.mx\/wp-content\/uploads\/2021\/04\/logo-retina.png","width":280,"height":51,"caption":"Fuentes Fidedignas"},"image":{"@id":"https:\/\/fuentesfidedignas.com.mx\/#\/schema\/logo\/image\/"},"sameAs":["https:\/\/www.facebook.com\/Fuentes-Fidedignas-368234489921644","https:\/\/x.com\/fidedignas"]},{"@type":"Person","@id":"https:\/\/fuentesfidedignas.com.mx\/#\/schema\/person\/1c75a595e538894333ebe35c2bf6e23a","name":"Heraldo de M\u00e9xico","image":{"@type":"ImageObject","inLanguage":"es","@id":"https:\/\/secure.gravatar.com\/avatar\/6a6c40de68e5cf2d8aac15267bd2dad2b9fdeb309dac7c5a7c2bb87ed5b81cb6?s=96&d=mm&r=g","url":"https:\/\/secure.gravatar.com\/avatar\/6a6c40de68e5cf2d8aac15267bd2dad2b9fdeb309dac7c5a7c2bb87ed5b81cb6?s=96&d=mm&r=g","contentUrl":"https:\/\/secure.gravatar.com\/avatar\/6a6c40de68e5cf2d8aac15267bd2dad2b9fdeb309dac7c5a7c2bb87ed5b81cb6?s=96&d=mm&r=g","caption":"Heraldo de M\u00e9xico"},"url":"https:\/\/fuentesfidedignas.com.mx\/index.php\/author\/heraldo\/"}]}},"_links":{"self":[{"href":"https:\/\/fuentesfidedignas.com.mx\/index.php\/wp-json\/wp\/v2\/posts\/141551","targetHints":{"allow":["GET"]}}],"collection":[{"href":"https:\/\/fuentesfidedignas.com.mx\/index.php\/wp-json\/wp\/v2\/posts"}],"about":[{"href":"https:\/\/fuentesfidedignas.com.mx\/index.php\/wp-json\/wp\/v2\/types\/post"}],"author":[{"embeddable":true,"href":"https:\/\/fuentesfidedignas.com.mx\/index.php\/wp-json\/wp\/v2\/users\/37"}],"replies":[{"embeddable":true,"href":"https:\/\/fuentesfidedignas.com.mx\/index.php\/wp-json\/wp\/v2\/comments?post=141551"}],"version-history":[{"count":1,"href":"https:\/\/fuentesfidedignas.com.mx\/index.php\/wp-json\/wp\/v2\/posts\/141551\/revisions"}],"predecessor-version":[{"id":141553,"href":"https:\/\/fuentesfidedignas.com.mx\/index.php\/wp-json\/wp\/v2\/posts\/141551\/revisions\/141553"}],"wp:featuredmedia":[{"embeddable":true,"href":"https:\/\/fuentesfidedignas.com.mx\/index.php\/wp-json\/wp\/v2\/media\/141552"}],"wp:attachment":[{"href":"https:\/\/fuentesfidedignas.com.mx\/index.php\/wp-json\/wp\/v2\/media?parent=141551"}],"wp:term":[{"taxonomy":"category","embeddable":true,"href":"https:\/\/fuentesfidedignas.com.mx\/index.php\/wp-json\/wp\/v2\/categories?post=141551"},{"taxonomy":"post_tag","embeddable":true,"href":"https:\/\/fuentesfidedignas.com.mx\/index.php\/wp-json\/wp\/v2\/tags?post=141551"}],"curies":[{"name":"wp","href":"https:\/\/api.w.org\/{rel}","templated":true}]}}