{"id":141548,"date":"2026-09-03T10:31:27","date_gmt":"2026-09-03T17:31:27","guid":{"rendered":"https:\/\/fuentesfidedignas.com.mx\/?p=141548"},"modified":"2026-09-03T10:31:32","modified_gmt":"2026-09-03T17:31:32","slug":"autoridades-de-la-uas-fortalecen-la-comunicacion-con-sus-estudiantes-en-las-aulas-de-unidades-academicas","status":"publish","type":"post","link":"https:\/\/fuentesfidedignas.com.mx\/index.php\/2026\/09\/03\/autoridades-de-la-uas-fortalecen-la-comunicacion-con-sus-estudiantes-en-las-aulas-de-unidades-academicas\/","title":{"rendered":"Autoridades de la UAS fortalecen la comunicaci\u00f3n con sus estudiantes en las aulas de unidades acad\u00e9micas"},"content":{"rendered":"\n<p class=\"wp-block-paragraph\"><strong><em>Con estas medidas, la UAS refrenda su compromiso de mantener una comunicaci\u00f3n constante, acompa\u00f1ar a su comunidad y contribuir a la consolidaci\u00f3n de un entorno seguro y \u00f3ptimo para el desarrollo de la vida universita<\/em><\/strong><\/p>\n\n\n\n<p class=\"wp-block-paragraph\">Autoridades de la UAS fortalecen la comunicaci\u00f3n con sus estudiantes en las aulas de unidades acad\u00e9micas con el objetivo de reforzar en el ambito de competencias universitarias la seguridad de todas y todos.<\/p>\n\n\n\n<p class=\"wp-block-paragraph\">Autoridades de la administraci\u00f3n central de la Universidad Aut\u00f3noma de Sinaloa (UAS) realizaron un recorrido por diversas unidades acad\u00e9micas de Ciudad Universitaria, con el prop\u00f3sito de constatar el desarrollo de las actividades cotidianas y atender de primera mano las necesidades de la comunidad universitaria.<\/p>\n\n\n\n<p class=\"wp-block-paragraph\">Durante el recorrido, la comitiva confirm\u00f3 que las labores acad\u00e9micas y administrativas transcurren con normalidad. Asimismo, los directivos entablaron un di\u00e1logo directo con estudiantes, docentes y personal administrativo para escuchar sus inquietudes, necesidades y requerimientos.<\/p>\n\n\n\n<p class=\"wp-block-paragraph\">Como parte de las acciones encaminadas a garantizar la tranquilidad y seguridad en todos los campus, se inform\u00f3 que una vez m\u00e1s se solicit\u00f3 al Gabinete de Seguridad reforzar la vigilancia y la presencia policial en los alrededores de los planteles educativos, as\u00ed como mantener una coordinaci\u00f3n con el personal de vigilancia universitaria.<\/p>\n\n\n\n<p class=\"wp-block-paragraph\">De igual manera, se destac\u00f3 que estos acercamientos forman parte de una estrategia permanente para fortalecer la atenci\u00f3n a la comunidad universitaria y ajustar las acciones institucionales de acuerdo con las condiciones particulares de cada unidad acad\u00e9mica. La flexibilidad en horarios y la modalidad de las actividades acad\u00e9micas ser\u00e1n atendidas en consenso con las opiniones de toda la comunidad universitaria.<\/p>\n\n\n\n<p class=\"wp-block-paragraph\">Con estas medidas, la UAS refrenda su compromiso de mantener una comunicaci\u00f3n constante, acompa\u00f1ar a su comunidad y contribuir a la consolidaci\u00f3n de un entorno seguro y \u00f3ptimo para el desarrollo de la vida universita<\/p>\n","protected":false},"excerpt":{"rendered":"<p>Con estas medidas, la UAS refrenda su compromiso de mantener una comunicaci\u00f3n constante, acompa\u00f1ar a su comunidad y contribuir a la consolidaci\u00f3n de un entorno seguro y \u00f3ptimo para el desarrollo de la vida universita Autoridades de la UAS fortalecen la comunicaci\u00f3n con sus estudiantes en las aulas de unidades acad\u00e9micas con el objetivo de [&hellip;]<\/p>\n","protected":false},"author":4,"featured_media":141549,"comment_status":"open","ping_status":"open","sticky":false,"template":"","format":"standard","meta":{"tdm_status":"","tdm_grid_status":"","footnotes":""},"categories":[38],"tags":[],"class_list":["post-141548","post","type-post","status-publish","format-standard","has-post-thumbnail","category-noticias-locales"],"yoast_head":"<!-- This site is optimized with the Yoast SEO plugin v28.4 - https:\/\/yoast.com\/product\/yoast-seo-wordpress\/ -->\n<title>Autoridades de la UAS fortalecen la comunicaci\u00f3n con sus estudiantes en las aulas de unidades acad\u00e9micas - Fuentes Fidedignas<\/title>\n<meta name=\"robots\" content=\"index, follow, max-snippet:-1, max-image-preview:large, max-video-preview:-1\" \/>\n<link rel=\"canonical\" href=\"https:\/\/fuentesfidedignas.com.mx\/index.php\/2026\/09\/03\/autoridades-de-la-uas-fortalecen-la-comunicacion-con-sus-estudiantes-en-las-aulas-de-unidades-academicas\/\" \/>\n<meta property=\"og:locale\" content=\"es_MX\" \/>\n<meta property=\"og:type\" content=\"article\" \/>\n<meta property=\"og:title\" content=\"Autoridades de la UAS fortalecen la comunicaci\u00f3n con sus estudiantes en las aulas de unidades acad\u00e9micas - Fuentes Fidedignas\" \/>\n<meta property=\"og:description\" content=\"Con estas medidas, la UAS refrenda su compromiso de mantener una comunicaci\u00f3n constante, acompa\u00f1ar a su comunidad y contribuir a la consolidaci\u00f3n de un entorno seguro y \u00f3ptimo para el desarrollo de la vida universita Autoridades de la UAS fortalecen la comunicaci\u00f3n con sus estudiantes en las aulas de unidades acad\u00e9micas con el objetivo de [&hellip;]\" \/>\n<meta property=\"og:url\" content=\"https:\/\/fuentesfidedignas.com.mx\/index.php\/2026\/09\/03\/autoridades-de-la-uas-fortalecen-la-comunicacion-con-sus-estudiantes-en-las-aulas-de-unidades-academicas\/\" \/>\n<meta property=\"og:site_name\" content=\"Fuentes Fidedignas\" \/>\n<meta property=\"article:publisher\" content=\"https:\/\/www.facebook.com\/Fuentes-Fidedignas-368234489921644\" \/>\n<meta property=\"article:published_time\" content=\"2026-09-03T17:31:27+00:00\" \/>\n<meta property=\"article:modified_time\" content=\"2026-09-03T17:31:32+00:00\" \/>\n<meta property=\"og:image\" content=\"https:\/\/fuentesfidedignas.com.mx\/wp-content\/uploads\/2026\/09\/aulas_UAS7.jpg\" \/>\n\t<meta property=\"og:image:width\" content=\"500\" \/>\n\t<meta property=\"og:image:height\" content=\"281\" \/>\n\t<meta property=\"og:image:type\" content=\"image\/jpeg\" \/>\n<meta name=\"author\" content=\"Redacci\u00f3n\" \/>\n<meta name=\"twitter:card\" content=\"summary_large_image\" \/>\n<meta name=\"twitter:creator\" content=\"@fidedignas\" \/>\n<meta name=\"twitter:site\" content=\"@fidedignas\" \/>\n<meta name=\"twitter:label1\" content=\"Escrito por\" \/>\n\t<meta name=\"twitter:data1\" content=\"Redacci\u00f3n\" \/>\n\t<meta name=\"twitter:label2\" content=\"Tiempo de lectura\" \/>\n\t<meta name=\"twitter:data2\" content=\"2 minutos\" \/>\n<script type=\"application\/ld+json\" class=\"yoast-schema-graph\">{\"@context\":\"https:\\\/\\\/schema.org\",\"@graph\":[{\"@type\":\"Article\",\"@id\":\"https:\\\/\\\/fuentesfidedignas.com.mx\\\/index.php\\\/2026\\\/09\\\/03\\\/autoridades-de-la-uas-fortalecen-la-comunicacion-con-sus-estudiantes-en-las-aulas-de-unidades-academicas\\\/#article\",\"isPartOf\":{\"@id\":\"https:\\\/\\\/fuentesfidedignas.com.mx\\\/index.php\\\/2026\\\/09\\\/03\\\/autoridades-de-la-uas-fortalecen-la-comunicacion-con-sus-estudiantes-en-las-aulas-de-unidades-academicas\\\/\"},\"author\":{\"name\":\"Redacci\u00f3n\",\"@id\":\"https:\\\/\\\/fuentesfidedignas.com.mx\\\/#\\\/schema\\\/person\\\/331be9283d37198e2acd5750279085b0\"},\"headline\":\"Autoridades de la UAS fortalecen la comunicaci\u00f3n con sus estudiantes en las aulas de unidades acad\u00e9micas\",\"datePublished\":\"2026-09-03T17:31:27+00:00\",\"dateModified\":\"2026-09-03T17:31:32+00:00\",\"mainEntityOfPage\":{\"@id\":\"https:\\\/\\\/fuentesfidedignas.com.mx\\\/index.php\\\/2026\\\/09\\\/03\\\/autoridades-de-la-uas-fortalecen-la-comunicacion-con-sus-estudiantes-en-las-aulas-de-unidades-academicas\\\/\"},\"wordCount\":333,\"commentCount\":0,\"publisher\":{\"@id\":\"https:\\\/\\\/fuentesfidedignas.com.mx\\\/#organization\"},\"image\":{\"@id\":\"https:\\\/\\\/fuentesfidedignas.com.mx\\\/index.php\\\/2026\\\/09\\\/03\\\/autoridades-de-la-uas-fortalecen-la-comunicacion-con-sus-estudiantes-en-las-aulas-de-unidades-academicas\\\/#primaryimage\"},\"thumbnailUrl\":\"https:\\\/\\\/fuentesfidedignas.com.mx\\\/wp-content\\\/uploads\\\/2026\\\/09\\\/aulas_UAS7.jpg\",\"articleSection\":[\"NOTICIAS LOCALES\"],\"inLanguage\":\"es\",\"potentialAction\":[{\"@type\":\"CommentAction\",\"name\":\"Comment\",\"target\":[\"https:\\\/\\\/fuentesfidedignas.com.mx\\\/index.php\\\/2026\\\/09\\\/03\\\/autoridades-de-la-uas-fortalecen-la-comunicacion-con-sus-estudiantes-en-las-aulas-de-unidades-academicas\\\/#respond\"]}]},{\"@type\":\"WebPage\",\"@id\":\"https:\\\/\\\/fuentesfidedignas.com.mx\\\/index.php\\\/2026\\\/09\\\/03\\\/autoridades-de-la-uas-fortalecen-la-comunicacion-con-sus-estudiantes-en-las-aulas-de-unidades-academicas\\\/\",\"url\":\"https:\\\/\\\/fuentesfidedignas.com.mx\\\/index.php\\\/2026\\\/09\\\/03\\\/autoridades-de-la-uas-fortalecen-la-comunicacion-con-sus-estudiantes-en-las-aulas-de-unidades-academicas\\\/\",\"name\":\"Autoridades de la UAS fortalecen la comunicaci\u00f3n con sus estudiantes en las aulas de unidades acad\u00e9micas - Fuentes Fidedignas\",\"isPartOf\":{\"@id\":\"https:\\\/\\\/fuentesfidedignas.com.mx\\\/#website\"},\"primaryImageOfPage\":{\"@id\":\"https:\\\/\\\/fuentesfidedignas.com.mx\\\/index.php\\\/2026\\\/09\\\/03\\\/autoridades-de-la-uas-fortalecen-la-comunicacion-con-sus-estudiantes-en-las-aulas-de-unidades-academicas\\\/#primaryimage\"},\"image\":{\"@id\":\"https:\\\/\\\/fuentesfidedignas.com.mx\\\/index.php\\\/2026\\\/09\\\/03\\\/autoridades-de-la-uas-fortalecen-la-comunicacion-con-sus-estudiantes-en-las-aulas-de-unidades-academicas\\\/#primaryimage\"},\"thumbnailUrl\":\"https:\\\/\\\/fuentesfidedignas.com.mx\\\/wp-content\\\/uploads\\\/2026\\\/09\\\/aulas_UAS7.jpg\",\"datePublished\":\"2026-09-03T17:31:27+00:00\",\"dateModified\":\"2026-09-03T17:31:32+00:00\",\"breadcrumb\":{\"@id\":\"https:\\\/\\\/fuentesfidedignas.com.mx\\\/index.php\\\/2026\\\/09\\\/03\\\/autoridades-de-la-uas-fortalecen-la-comunicacion-con-sus-estudiantes-en-las-aulas-de-unidades-academicas\\\/#breadcrumb\"},\"inLanguage\":\"es\",\"potentialAction\":[{\"@type\":\"ReadAction\",\"target\":[\"https:\\\/\\\/fuentesfidedignas.com.mx\\\/index.php\\\/2026\\\/09\\\/03\\\/autoridades-de-la-uas-fortalecen-la-comunicacion-con-sus-estudiantes-en-las-aulas-de-unidades-academicas\\\/\"]}]},{\"@type\":\"ImageObject\",\"inLanguage\":\"es\",\"@id\":\"https:\\\/\\\/fuentesfidedignas.com.mx\\\/index.php\\\/2026\\\/09\\\/03\\\/autoridades-de-la-uas-fortalecen-la-comunicacion-con-sus-estudiantes-en-las-aulas-de-unidades-academicas\\\/#primaryimage\",\"url\":\"https:\\\/\\\/fuentesfidedignas.com.mx\\\/wp-content\\\/uploads\\\/2026\\\/09\\\/aulas_UAS7.jpg\",\"contentUrl\":\"https:\\\/\\\/fuentesfidedignas.com.mx\\\/wp-content\\\/uploads\\\/2026\\\/09\\\/aulas_UAS7.jpg\",\"width\":500,\"height\":281},{\"@type\":\"BreadcrumbList\",\"@id\":\"https:\\\/\\\/fuentesfidedignas.com.mx\\\/index.php\\\/2026\\\/09\\\/03\\\/autoridades-de-la-uas-fortalecen-la-comunicacion-con-sus-estudiantes-en-las-aulas-de-unidades-academicas\\\/#breadcrumb\",\"itemListElement\":[{\"@type\":\"ListItem\",\"position\":1,\"name\":\"Inicio\",\"item\":\"https:\\\/\\\/fuentesfidedignas.com.mx\\\/\"},{\"@type\":\"ListItem\",\"position\":2,\"name\":\"Autoridades de la UAS fortalecen la comunicaci\u00f3n con sus estudiantes en las aulas de unidades acad\u00e9micas\"}]},{\"@type\":\"WebSite\",\"@id\":\"https:\\\/\\\/fuentesfidedignas.com.mx\\\/#website\",\"url\":\"https:\\\/\\\/fuentesfidedignas.com.mx\\\/\",\"name\":\"Fuentes Fidedignas\",\"description\":\"Otro sitio realizado con WordPress\",\"publisher\":{\"@id\":\"https:\\\/\\\/fuentesfidedignas.com.mx\\\/#organization\"},\"potentialAction\":[{\"@type\":\"SearchAction\",\"target\":{\"@type\":\"EntryPoint\",\"urlTemplate\":\"https:\\\/\\\/fuentesfidedignas.com.mx\\\/?s={search_term_string}\"},\"query-input\":{\"@type\":\"PropertyValueSpecification\",\"valueRequired\":true,\"valueName\":\"search_term_string\"}}],\"inLanguage\":\"es\"},{\"@type\":\"Organization\",\"@id\":\"https:\\\/\\\/fuentesfidedignas.com.mx\\\/#organization\",\"name\":\"Fuentes Fidedignas\",\"url\":\"https:\\\/\\\/fuentesfidedignas.com.mx\\\/\",\"logo\":{\"@type\":\"ImageObject\",\"inLanguage\":\"es\",\"@id\":\"https:\\\/\\\/fuentesfidedignas.com.mx\\\/#\\\/schema\\\/logo\\\/image\\\/\",\"url\":\"https:\\\/\\\/fuentesfidedignas.com.mx\\\/wp-content\\\/uploads\\\/2021\\\/04\\\/logo-retina.png\",\"contentUrl\":\"https:\\\/\\\/fuentesfidedignas.com.mx\\\/wp-content\\\/uploads\\\/2021\\\/04\\\/logo-retina.png\",\"width\":280,\"height\":51,\"caption\":\"Fuentes Fidedignas\"},\"image\":{\"@id\":\"https:\\\/\\\/fuentesfidedignas.com.mx\\\/#\\\/schema\\\/logo\\\/image\\\/\"},\"sameAs\":[\"https:\\\/\\\/www.facebook.com\\\/Fuentes-Fidedignas-368234489921644\",\"https:\\\/\\\/x.com\\\/fidedignas\"]},{\"@type\":\"Person\",\"@id\":\"https:\\\/\\\/fuentesfidedignas.com.mx\\\/#\\\/schema\\\/person\\\/331be9283d37198e2acd5750279085b0\",\"name\":\"Redacci\u00f3n\",\"image\":{\"@type\":\"ImageObject\",\"inLanguage\":\"es\",\"@id\":\"https:\\\/\\\/secure.gravatar.com\\\/avatar\\\/f6d8782c11d12b2d4ad3fbb6931aeab5309937a4d6cd2fc9cfaa28a6396a5aec?s=96&d=mm&r=g\",\"url\":\"https:\\\/\\\/secure.gravatar.com\\\/avatar\\\/f6d8782c11d12b2d4ad3fbb6931aeab5309937a4d6cd2fc9cfaa28a6396a5aec?s=96&d=mm&r=g\",\"contentUrl\":\"https:\\\/\\\/secure.gravatar.com\\\/avatar\\\/f6d8782c11d12b2d4ad3fbb6931aeab5309937a4d6cd2fc9cfaa28a6396a5aec?s=96&d=mm&r=g\",\"caption\":\"Redacci\u00f3n\"},\"url\":\"https:\\\/\\\/fuentesfidedignas.com.mx\\\/index.php\\\/author\\\/redaccion\\\/\"}]}<\/script>\n<!-- \/ Yoast SEO plugin. -->","yoast_head_json":{"title":"Autoridades de la UAS fortalecen la comunicaci\u00f3n con sus estudiantes en las aulas de unidades acad\u00e9micas - Fuentes Fidedignas","robots":{"index":"index","follow":"follow","max-snippet":"max-snippet:-1","max-image-preview":"max-image-preview:large","max-video-preview":"max-video-preview:-1"},"canonical":"https:\/\/fuentesfidedignas.com.mx\/index.php\/2026\/09\/03\/autoridades-de-la-uas-fortalecen-la-comunicacion-con-sus-estudiantes-en-las-aulas-de-unidades-academicas\/","og_locale":"es_MX","og_type":"article","og_title":"Autoridades de la UAS fortalecen la comunicaci\u00f3n con sus estudiantes en las aulas de unidades acad\u00e9micas - Fuentes Fidedignas","og_description":"Con estas medidas, la UAS refrenda su compromiso de mantener una comunicaci\u00f3n constante, acompa\u00f1ar a su comunidad y contribuir a la consolidaci\u00f3n de un entorno seguro y \u00f3ptimo para el desarrollo de la vida universita Autoridades de la UAS fortalecen la comunicaci\u00f3n con sus estudiantes en las aulas de unidades acad\u00e9micas con el objetivo de [&hellip;]","og_url":"https:\/\/fuentesfidedignas.com.mx\/index.php\/2026\/09\/03\/autoridades-de-la-uas-fortalecen-la-comunicacion-con-sus-estudiantes-en-las-aulas-de-unidades-academicas\/","og_site_name":"Fuentes Fidedignas","article_publisher":"https:\/\/www.facebook.com\/Fuentes-Fidedignas-368234489921644","article_published_time":"2026-09-03T17:31:27+00:00","article_modified_time":"2026-09-03T17:31:32+00:00","og_image":[{"width":500,"height":281,"url":"https:\/\/fuentesfidedignas.com.mx\/wp-content\/uploads\/2026\/09\/aulas_UAS7.jpg","type":"image\/jpeg"}],"author":"Redacci\u00f3n","twitter_card":"summary_large_image","twitter_creator":"@fidedignas","twitter_site":"@fidedignas","twitter_misc":{"Escrito por":"Redacci\u00f3n","Tiempo de lectura":"2 minutos"},"schema":{"@context":"https:\/\/schema.org","@graph":[{"@type":"Article","@id":"https:\/\/fuentesfidedignas.com.mx\/index.php\/2026\/09\/03\/autoridades-de-la-uas-fortalecen-la-comunicacion-con-sus-estudiantes-en-las-aulas-de-unidades-academicas\/#article","isPartOf":{"@id":"https:\/\/fuentesfidedignas.com.mx\/index.php\/2026\/09\/03\/autoridades-de-la-uas-fortalecen-la-comunicacion-con-sus-estudiantes-en-las-aulas-de-unidades-academicas\/"},"author":{"name":"Redacci\u00f3n","@id":"https:\/\/fuentesfidedignas.com.mx\/#\/schema\/person\/331be9283d37198e2acd5750279085b0"},"headline":"Autoridades de la UAS fortalecen la comunicaci\u00f3n con sus estudiantes en las aulas de unidades acad\u00e9micas","datePublished":"2026-09-03T17:31:27+00:00","dateModified":"2026-09-03T17:31:32+00:00","mainEntityOfPage":{"@id":"https:\/\/fuentesfidedignas.com.mx\/index.php\/2026\/09\/03\/autoridades-de-la-uas-fortalecen-la-comunicacion-con-sus-estudiantes-en-las-aulas-de-unidades-academicas\/"},"wordCount":333,"commentCount":0,"publisher":{"@id":"https:\/\/fuentesfidedignas.com.mx\/#organization"},"image":{"@id":"https:\/\/fuentesfidedignas.com.mx\/index.php\/2026\/09\/03\/autoridades-de-la-uas-fortalecen-la-comunicacion-con-sus-estudiantes-en-las-aulas-de-unidades-academicas\/#primaryimage"},"thumbnailUrl":"https:\/\/fuentesfidedignas.com.mx\/wp-content\/uploads\/2026\/09\/aulas_UAS7.jpg","articleSection":["NOTICIAS LOCALES"],"inLanguage":"es","potentialAction":[{"@type":"CommentAction","name":"Comment","target":["https:\/\/fuentesfidedignas.com.mx\/index.php\/2026\/09\/03\/autoridades-de-la-uas-fortalecen-la-comunicacion-con-sus-estudiantes-en-las-aulas-de-unidades-academicas\/#respond"]}]},{"@type":"WebPage","@id":"https:\/\/fuentesfidedignas.com.mx\/index.php\/2026\/09\/03\/autoridades-de-la-uas-fortalecen-la-comunicacion-con-sus-estudiantes-en-las-aulas-de-unidades-academicas\/","url":"https:\/\/fuentesfidedignas.com.mx\/index.php\/2026\/09\/03\/autoridades-de-la-uas-fortalecen-la-comunicacion-con-sus-estudiantes-en-las-aulas-de-unidades-academicas\/","name":"Autoridades de la UAS fortalecen la comunicaci\u00f3n con sus estudiantes en las aulas de unidades acad\u00e9micas - Fuentes Fidedignas","isPartOf":{"@id":"https:\/\/fuentesfidedignas.com.mx\/#website"},"primaryImageOfPage":{"@id":"https:\/\/fuentesfidedignas.com.mx\/index.php\/2026\/09\/03\/autoridades-de-la-uas-fortalecen-la-comunicacion-con-sus-estudiantes-en-las-aulas-de-unidades-academicas\/#primaryimage"},"image":{"@id":"https:\/\/fuentesfidedignas.com.mx\/index.php\/2026\/09\/03\/autoridades-de-la-uas-fortalecen-la-comunicacion-con-sus-estudiantes-en-las-aulas-de-unidades-academicas\/#primaryimage"},"thumbnailUrl":"https:\/\/fuentesfidedignas.com.mx\/wp-content\/uploads\/2026\/09\/aulas_UAS7.jpg","datePublished":"2026-09-03T17:31:27+00:00","dateModified":"2026-09-03T17:31:32+00:00","breadcrumb":{"@id":"https:\/\/fuentesfidedignas.com.mx\/index.php\/2026\/09\/03\/autoridades-de-la-uas-fortalecen-la-comunicacion-con-sus-estudiantes-en-las-aulas-de-unidades-academicas\/#breadcrumb"},"inLanguage":"es","potentialAction":[{"@type":"ReadAction","target":["https:\/\/fuentesfidedignas.com.mx\/index.php\/2026\/09\/03\/autoridades-de-la-uas-fortalecen-la-comunicacion-con-sus-estudiantes-en-las-aulas-de-unidades-academicas\/"]}]},{"@type":"ImageObject","inLanguage":"es","@id":"https:\/\/fuentesfidedignas.com.mx\/index.php\/2026\/09\/03\/autoridades-de-la-uas-fortalecen-la-comunicacion-con-sus-estudiantes-en-las-aulas-de-unidades-academicas\/#primaryimage","url":"https:\/\/fuentesfidedignas.com.mx\/wp-content\/uploads\/2026\/09\/aulas_UAS7.jpg","contentUrl":"https:\/\/fuentesfidedignas.com.mx\/wp-content\/uploads\/2026\/09\/aulas_UAS7.jpg","width":500,"height":281},{"@type":"BreadcrumbList","@id":"https:\/\/fuentesfidedignas.com.mx\/index.php\/2026\/09\/03\/autoridades-de-la-uas-fortalecen-la-comunicacion-con-sus-estudiantes-en-las-aulas-de-unidades-academicas\/#breadcrumb","itemListElement":[{"@type":"ListItem","position":1,"name":"Inicio","item":"https:\/\/fuentesfidedignas.com.mx\/"},{"@type":"ListItem","position":2,"name":"Autoridades de la UAS fortalecen la comunicaci\u00f3n con sus estudiantes en las aulas de unidades acad\u00e9micas"}]},{"@type":"WebSite","@id":"https:\/\/fuentesfidedignas.com.mx\/#website","url":"https:\/\/fuentesfidedignas.com.mx\/","name":"Fuentes Fidedignas","description":"Otro sitio realizado con WordPress","publisher":{"@id":"https:\/\/fuentesfidedignas.com.mx\/#organization"},"potentialAction":[{"@type":"SearchAction","target":{"@type":"EntryPoint","urlTemplate":"https:\/\/fuentesfidedignas.com.mx\/?s={search_term_string}"},"query-input":{"@type":"PropertyValueSpecification","valueRequired":true,"valueName":"search_term_string"}}],"inLanguage":"es"},{"@type":"Organization","@id":"https:\/\/fuentesfidedignas.com.mx\/#organization","name":"Fuentes Fidedignas","url":"https:\/\/fuentesfidedignas.com.mx\/","logo":{"@type":"ImageObject","inLanguage":"es","@id":"https:\/\/fuentesfidedignas.com.mx\/#\/schema\/logo\/image\/","url":"https:\/\/fuentesfidedignas.com.mx\/wp-content\/uploads\/2021\/04\/logo-retina.png","contentUrl":"https:\/\/fuentesfidedignas.com.mx\/wp-content\/uploads\/2021\/04\/logo-retina.png","width":280,"height":51,"caption":"Fuentes Fidedignas"},"image":{"@id":"https:\/\/fuentesfidedignas.com.mx\/#\/schema\/logo\/image\/"},"sameAs":["https:\/\/www.facebook.com\/Fuentes-Fidedignas-368234489921644","https:\/\/x.com\/fidedignas"]},{"@type":"Person","@id":"https:\/\/fuentesfidedignas.com.mx\/#\/schema\/person\/331be9283d37198e2acd5750279085b0","name":"Redacci\u00f3n","image":{"@type":"ImageObject","inLanguage":"es","@id":"https:\/\/secure.gravatar.com\/avatar\/f6d8782c11d12b2d4ad3fbb6931aeab5309937a4d6cd2fc9cfaa28a6396a5aec?s=96&d=mm&r=g","url":"https:\/\/secure.gravatar.com\/avatar\/f6d8782c11d12b2d4ad3fbb6931aeab5309937a4d6cd2fc9cfaa28a6396a5aec?s=96&d=mm&r=g","contentUrl":"https:\/\/secure.gravatar.com\/avatar\/f6d8782c11d12b2d4ad3fbb6931aeab5309937a4d6cd2fc9cfaa28a6396a5aec?s=96&d=mm&r=g","caption":"Redacci\u00f3n"},"url":"https:\/\/fuentesfidedignas.com.mx\/index.php\/author\/redaccion\/"}]}},"_links":{"self":[{"href":"https:\/\/fuentesfidedignas.com.mx\/index.php\/wp-json\/wp\/v2\/posts\/141548","targetHints":{"allow":["GET"]}}],"collection":[{"href":"https:\/\/fuentesfidedignas.com.mx\/index.php\/wp-json\/wp\/v2\/posts"}],"about":[{"href":"https:\/\/fuentesfidedignas.com.mx\/index.php\/wp-json\/wp\/v2\/types\/post"}],"author":[{"embeddable":true,"href":"https:\/\/fuentesfidedignas.com.mx\/index.php\/wp-json\/wp\/v2\/users\/4"}],"replies":[{"embeddable":true,"href":"https:\/\/fuentesfidedignas.com.mx\/index.php\/wp-json\/wp\/v2\/comments?post=141548"}],"version-history":[{"count":1,"href":"https:\/\/fuentesfidedignas.com.mx\/index.php\/wp-json\/wp\/v2\/posts\/141548\/revisions"}],"predecessor-version":[{"id":141550,"href":"https:\/\/fuentesfidedignas.com.mx\/index.php\/wp-json\/wp\/v2\/posts\/141548\/revisions\/141550"}],"wp:featuredmedia":[{"embeddable":true,"href":"https:\/\/fuentesfidedignas.com.mx\/index.php\/wp-json\/wp\/v2\/media\/141549"}],"wp:attachment":[{"href":"https:\/\/fuentesfidedignas.com.mx\/index.php\/wp-json\/wp\/v2\/media?parent=141548"}],"wp:term":[{"taxonomy":"category","embeddable":true,"href":"https:\/\/fuentesfidedignas.com.mx\/index.php\/wp-json\/wp\/v2\/categories?post=141548"},{"taxonomy":"post_tag","embeddable":true,"href":"https:\/\/fuentesfidedignas.com.mx\/index.php\/wp-json\/wp\/v2\/tags?post=141548"}],"curies":[{"name":"wp","href":"https:\/\/api.w.org\/{rel}","templated":true}]}}