{"id":141545,"date":"2026-09-03T09:44:57","date_gmt":"2026-09-03T16:44:57","guid":{"rendered":"https:\/\/fuentesfidedignas.com.mx\/?p=141545"},"modified":"2026-09-03T09:45:02","modified_gmt":"2026-09-03T16:45:02","slug":"sheinbaum-confirma-visita-oficial-a-sinaloa-y-un-encuentro-con-la-gobernadora-graciela-dominguez","status":"publish","type":"post","link":"https:\/\/fuentesfidedignas.com.mx\/index.php\/2026\/09\/03\/sheinbaum-confirma-visita-oficial-a-sinaloa-y-un-encuentro-con-la-gobernadora-graciela-dominguez\/","title":{"rendered":"Sheinbaum confirma visita oficial a Sinaloa y un encuentro con la Gobernadora Graciela Dom\u00ednguez"},"content":{"rendered":"\n<p class=\"wp-block-paragraph\"><strong><em>Adem\u00e1s, el gabinete de seguridad federal acudir\u00e1 a la entidad como parte de sus reuniones peri\u00f3dicas, destac\u00f3.<\/em><\/strong><\/p>\n\n\n\n<p class=\"wp-block-paragraph\">Culiac\u00e1n, Sin.\u2013 En el marco de la gira nacional por la presentaci\u00f3n de su Segundo Informe de Gobierno, la Presidenta Claudia Sheinbaum Pardo anunci\u00f3 este jueves durante su Conferencia Ma\u00f1anera que el pr\u00f3ximo 20 de septiembre visitar\u00e1 Sinaloa, destacando que aprovechar\u00e1 la ocasi\u00f3n para sostener un encuentro y dialogar con la Gobernadora Graciela Dom\u00ednguez Nava.<\/p>\n\n\n\n<p class=\"wp-block-paragraph\">\u201cNos toca ir ahora en las giras a Sinaloa. \u00bfQue d\u00eda vamos a ir? El 20 de septiembre vamos a ir a Sinaloa y ah\u00ed pues tendr\u00eda oportunidad de platicar con ella\u201d, se\u00f1al\u00f3, agregando que adem\u00e1s, el estado recibir\u00e1 la visita del gabinete de seguridad, como parte de las acciones de coordinaci\u00f3n plena con las autoridades estatales para garantizar la paz y la estabilidad en la entidad.<\/p>\n\n\n\n<p class=\"wp-block-paragraph\">\u201cVa a ir el gabinete de seguridad pronto a Sinaloa, no recuerdo exactamente el d\u00eda, van a ir ellos a reuniones peri\u00f3dicas que tienen para atender la seguridad de Sinaloa\u201d, explic\u00f3.<\/p>\n\n\n\n<p class=\"wp-block-paragraph\">La Presidenta Claudia Sheinbaum iniciar\u00e1 a partir del d\u00eda de hoy su gira nacional por los diferentes estados, durante la cual se prev\u00e9 el desarrollo de actividades institucionales y reuniones de trabajo, mismas que en el caso de Sinaloa se dar\u00e1n a conocer en su momento.<\/p>\n","protected":false},"excerpt":{"rendered":"<p>Adem\u00e1s, el gabinete de seguridad federal acudir\u00e1 a la entidad como parte de sus reuniones peri\u00f3dicas, destac\u00f3. Culiac\u00e1n, Sin.\u2013 En el marco de la gira nacional por la presentaci\u00f3n de su Segundo Informe de Gobierno, la Presidenta Claudia Sheinbaum Pardo anunci\u00f3 este jueves durante su Conferencia Ma\u00f1anera que el pr\u00f3ximo 20 de septiembre visitar\u00e1 Sinaloa, [&hellip;]<\/p>\n","protected":false},"author":4,"featured_media":141546,"comment_status":"open","ping_status":"open","sticky":false,"template":"","format":"standard","meta":{"tdm_status":"","tdm_grid_status":"","footnotes":""},"categories":[37],"tags":[],"class_list":["post-141545","post","type-post","status-publish","format-standard","has-post-thumbnail","category-nota-principal"],"yoast_head":"<!-- This site is optimized with the Yoast SEO plugin v28.4 - https:\/\/yoast.com\/product\/yoast-seo-wordpress\/ -->\n<title>Sheinbaum confirma visita oficial a Sinaloa y un encuentro con la Gobernadora Graciela Dom\u00ednguez - Fuentes Fidedignas<\/title>\n<meta name=\"robots\" content=\"index, follow, max-snippet:-1, max-image-preview:large, max-video-preview:-1\" \/>\n<link rel=\"canonical\" href=\"https:\/\/fuentesfidedignas.com.mx\/index.php\/2026\/09\/03\/sheinbaum-confirma-visita-oficial-a-sinaloa-y-un-encuentro-con-la-gobernadora-graciela-dominguez\/\" \/>\n<meta property=\"og:locale\" content=\"es_MX\" \/>\n<meta property=\"og:type\" content=\"article\" \/>\n<meta property=\"og:title\" content=\"Sheinbaum confirma visita oficial a Sinaloa y un encuentro con la Gobernadora Graciela Dom\u00ednguez - Fuentes Fidedignas\" \/>\n<meta property=\"og:description\" content=\"Adem\u00e1s, el gabinete de seguridad federal acudir\u00e1 a la entidad como parte de sus reuniones peri\u00f3dicas, destac\u00f3. Culiac\u00e1n, Sin.\u2013 En el marco de la gira nacional por la presentaci\u00f3n de su Segundo Informe de Gobierno, la Presidenta Claudia Sheinbaum Pardo anunci\u00f3 este jueves durante su Conferencia Ma\u00f1anera que el pr\u00f3ximo 20 de septiembre visitar\u00e1 Sinaloa, [&hellip;]\" \/>\n<meta property=\"og:url\" content=\"https:\/\/fuentesfidedignas.com.mx\/index.php\/2026\/09\/03\/sheinbaum-confirma-visita-oficial-a-sinaloa-y-un-encuentro-con-la-gobernadora-graciela-dominguez\/\" \/>\n<meta property=\"og:site_name\" content=\"Fuentes Fidedignas\" \/>\n<meta property=\"article:publisher\" content=\"https:\/\/www.facebook.com\/Fuentes-Fidedignas-368234489921644\" \/>\n<meta property=\"article:published_time\" content=\"2026-09-03T16:44:57+00:00\" \/>\n<meta property=\"article:modified_time\" content=\"2026-09-03T16:45:02+00:00\" \/>\n<meta property=\"og:image\" content=\"https:\/\/fuentesfidedignas.com.mx\/wp-content\/uploads\/2026\/09\/Claudia-Sheinbaum.jpeg\" \/>\n\t<meta property=\"og:image:width\" content=\"1600\" \/>\n\t<meta property=\"og:image:height\" content=\"887\" \/>\n\t<meta property=\"og:image:type\" content=\"image\/jpeg\" \/>\n<meta name=\"author\" content=\"Redacci\u00f3n\" \/>\n<meta name=\"twitter:card\" content=\"summary_large_image\" \/>\n<meta name=\"twitter:creator\" content=\"@fidedignas\" \/>\n<meta name=\"twitter:site\" content=\"@fidedignas\" \/>\n<meta name=\"twitter:label1\" content=\"Escrito por\" \/>\n\t<meta name=\"twitter:data1\" content=\"Redacci\u00f3n\" \/>\n\t<meta name=\"twitter:label2\" content=\"Tiempo de lectura\" \/>\n\t<meta name=\"twitter:data2\" content=\"2 minutos\" \/>\n<script type=\"application\/ld+json\" class=\"yoast-schema-graph\">{\"@context\":\"https:\\\/\\\/schema.org\",\"@graph\":[{\"@type\":\"Article\",\"@id\":\"https:\\\/\\\/fuentesfidedignas.com.mx\\\/index.php\\\/2026\\\/09\\\/03\\\/sheinbaum-confirma-visita-oficial-a-sinaloa-y-un-encuentro-con-la-gobernadora-graciela-dominguez\\\/#article\",\"isPartOf\":{\"@id\":\"https:\\\/\\\/fuentesfidedignas.com.mx\\\/index.php\\\/2026\\\/09\\\/03\\\/sheinbaum-confirma-visita-oficial-a-sinaloa-y-un-encuentro-con-la-gobernadora-graciela-dominguez\\\/\"},\"author\":{\"name\":\"Redacci\u00f3n\",\"@id\":\"https:\\\/\\\/fuentesfidedignas.com.mx\\\/#\\\/schema\\\/person\\\/331be9283d37198e2acd5750279085b0\"},\"headline\":\"Sheinbaum confirma visita oficial a Sinaloa y un encuentro con la Gobernadora Graciela Dom\u00ednguez\",\"datePublished\":\"2026-09-03T16:44:57+00:00\",\"dateModified\":\"2026-09-03T16:45:02+00:00\",\"mainEntityOfPage\":{\"@id\":\"https:\\\/\\\/fuentesfidedignas.com.mx\\\/index.php\\\/2026\\\/09\\\/03\\\/sheinbaum-confirma-visita-oficial-a-sinaloa-y-un-encuentro-con-la-gobernadora-graciela-dominguez\\\/\"},\"wordCount\":246,\"commentCount\":0,\"publisher\":{\"@id\":\"https:\\\/\\\/fuentesfidedignas.com.mx\\\/#organization\"},\"image\":{\"@id\":\"https:\\\/\\\/fuentesfidedignas.com.mx\\\/index.php\\\/2026\\\/09\\\/03\\\/sheinbaum-confirma-visita-oficial-a-sinaloa-y-un-encuentro-con-la-gobernadora-graciela-dominguez\\\/#primaryimage\"},\"thumbnailUrl\":\"https:\\\/\\\/fuentesfidedignas.com.mx\\\/wp-content\\\/uploads\\\/2026\\\/09\\\/Claudia-Sheinbaum.jpeg\",\"articleSection\":[\"NOTA PRINCIPAL\"],\"inLanguage\":\"es\",\"potentialAction\":[{\"@type\":\"CommentAction\",\"name\":\"Comment\",\"target\":[\"https:\\\/\\\/fuentesfidedignas.com.mx\\\/index.php\\\/2026\\\/09\\\/03\\\/sheinbaum-confirma-visita-oficial-a-sinaloa-y-un-encuentro-con-la-gobernadora-graciela-dominguez\\\/#respond\"]}]},{\"@type\":\"WebPage\",\"@id\":\"https:\\\/\\\/fuentesfidedignas.com.mx\\\/index.php\\\/2026\\\/09\\\/03\\\/sheinbaum-confirma-visita-oficial-a-sinaloa-y-un-encuentro-con-la-gobernadora-graciela-dominguez\\\/\",\"url\":\"https:\\\/\\\/fuentesfidedignas.com.mx\\\/index.php\\\/2026\\\/09\\\/03\\\/sheinbaum-confirma-visita-oficial-a-sinaloa-y-un-encuentro-con-la-gobernadora-graciela-dominguez\\\/\",\"name\":\"Sheinbaum confirma visita oficial a Sinaloa y un encuentro con la Gobernadora Graciela Dom\u00ednguez - Fuentes Fidedignas\",\"isPartOf\":{\"@id\":\"https:\\\/\\\/fuentesfidedignas.com.mx\\\/#website\"},\"primaryImageOfPage\":{\"@id\":\"https:\\\/\\\/fuentesfidedignas.com.mx\\\/index.php\\\/2026\\\/09\\\/03\\\/sheinbaum-confirma-visita-oficial-a-sinaloa-y-un-encuentro-con-la-gobernadora-graciela-dominguez\\\/#primaryimage\"},\"image\":{\"@id\":\"https:\\\/\\\/fuentesfidedignas.com.mx\\\/index.php\\\/2026\\\/09\\\/03\\\/sheinbaum-confirma-visita-oficial-a-sinaloa-y-un-encuentro-con-la-gobernadora-graciela-dominguez\\\/#primaryimage\"},\"thumbnailUrl\":\"https:\\\/\\\/fuentesfidedignas.com.mx\\\/wp-content\\\/uploads\\\/2026\\\/09\\\/Claudia-Sheinbaum.jpeg\",\"datePublished\":\"2026-09-03T16:44:57+00:00\",\"dateModified\":\"2026-09-03T16:45:02+00:00\",\"breadcrumb\":{\"@id\":\"https:\\\/\\\/fuentesfidedignas.com.mx\\\/index.php\\\/2026\\\/09\\\/03\\\/sheinbaum-confirma-visita-oficial-a-sinaloa-y-un-encuentro-con-la-gobernadora-graciela-dominguez\\\/#breadcrumb\"},\"inLanguage\":\"es\",\"potentialAction\":[{\"@type\":\"ReadAction\",\"target\":[\"https:\\\/\\\/fuentesfidedignas.com.mx\\\/index.php\\\/2026\\\/09\\\/03\\\/sheinbaum-confirma-visita-oficial-a-sinaloa-y-un-encuentro-con-la-gobernadora-graciela-dominguez\\\/\"]}]},{\"@type\":\"ImageObject\",\"inLanguage\":\"es\",\"@id\":\"https:\\\/\\\/fuentesfidedignas.com.mx\\\/index.php\\\/2026\\\/09\\\/03\\\/sheinbaum-confirma-visita-oficial-a-sinaloa-y-un-encuentro-con-la-gobernadora-graciela-dominguez\\\/#primaryimage\",\"url\":\"https:\\\/\\\/fuentesfidedignas.com.mx\\\/wp-content\\\/uploads\\\/2026\\\/09\\\/Claudia-Sheinbaum.jpeg\",\"contentUrl\":\"https:\\\/\\\/fuentesfidedignas.com.mx\\\/wp-content\\\/uploads\\\/2026\\\/09\\\/Claudia-Sheinbaum.jpeg\",\"width\":1600,\"height\":887},{\"@type\":\"BreadcrumbList\",\"@id\":\"https:\\\/\\\/fuentesfidedignas.com.mx\\\/index.php\\\/2026\\\/09\\\/03\\\/sheinbaum-confirma-visita-oficial-a-sinaloa-y-un-encuentro-con-la-gobernadora-graciela-dominguez\\\/#breadcrumb\",\"itemListElement\":[{\"@type\":\"ListItem\",\"position\":1,\"name\":\"Inicio\",\"item\":\"https:\\\/\\\/fuentesfidedignas.com.mx\\\/\"},{\"@type\":\"ListItem\",\"position\":2,\"name\":\"Sheinbaum confirma visita oficial a Sinaloa y un encuentro con la Gobernadora Graciela Dom\u00ednguez\"}]},{\"@type\":\"WebSite\",\"@id\":\"https:\\\/\\\/fuentesfidedignas.com.mx\\\/#website\",\"url\":\"https:\\\/\\\/fuentesfidedignas.com.mx\\\/\",\"name\":\"Fuentes Fidedignas\",\"description\":\"Otro sitio realizado con WordPress\",\"publisher\":{\"@id\":\"https:\\\/\\\/fuentesfidedignas.com.mx\\\/#organization\"},\"potentialAction\":[{\"@type\":\"SearchAction\",\"target\":{\"@type\":\"EntryPoint\",\"urlTemplate\":\"https:\\\/\\\/fuentesfidedignas.com.mx\\\/?s={search_term_string}\"},\"query-input\":{\"@type\":\"PropertyValueSpecification\",\"valueRequired\":true,\"valueName\":\"search_term_string\"}}],\"inLanguage\":\"es\"},{\"@type\":\"Organization\",\"@id\":\"https:\\\/\\\/fuentesfidedignas.com.mx\\\/#organization\",\"name\":\"Fuentes Fidedignas\",\"url\":\"https:\\\/\\\/fuentesfidedignas.com.mx\\\/\",\"logo\":{\"@type\":\"ImageObject\",\"inLanguage\":\"es\",\"@id\":\"https:\\\/\\\/fuentesfidedignas.com.mx\\\/#\\\/schema\\\/logo\\\/image\\\/\",\"url\":\"https:\\\/\\\/fuentesfidedignas.com.mx\\\/wp-content\\\/uploads\\\/2021\\\/04\\\/logo-retina.png\",\"contentUrl\":\"https:\\\/\\\/fuentesfidedignas.com.mx\\\/wp-content\\\/uploads\\\/2021\\\/04\\\/logo-retina.png\",\"width\":280,\"height\":51,\"caption\":\"Fuentes Fidedignas\"},\"image\":{\"@id\":\"https:\\\/\\\/fuentesfidedignas.com.mx\\\/#\\\/schema\\\/logo\\\/image\\\/\"},\"sameAs\":[\"https:\\\/\\\/www.facebook.com\\\/Fuentes-Fidedignas-368234489921644\",\"https:\\\/\\\/x.com\\\/fidedignas\"]},{\"@type\":\"Person\",\"@id\":\"https:\\\/\\\/fuentesfidedignas.com.mx\\\/#\\\/schema\\\/person\\\/331be9283d37198e2acd5750279085b0\",\"name\":\"Redacci\u00f3n\",\"image\":{\"@type\":\"ImageObject\",\"inLanguage\":\"es\",\"@id\":\"https:\\\/\\\/secure.gravatar.com\\\/avatar\\\/f6d8782c11d12b2d4ad3fbb6931aeab5309937a4d6cd2fc9cfaa28a6396a5aec?s=96&d=mm&r=g\",\"url\":\"https:\\\/\\\/secure.gravatar.com\\\/avatar\\\/f6d8782c11d12b2d4ad3fbb6931aeab5309937a4d6cd2fc9cfaa28a6396a5aec?s=96&d=mm&r=g\",\"contentUrl\":\"https:\\\/\\\/secure.gravatar.com\\\/avatar\\\/f6d8782c11d12b2d4ad3fbb6931aeab5309937a4d6cd2fc9cfaa28a6396a5aec?s=96&d=mm&r=g\",\"caption\":\"Redacci\u00f3n\"},\"url\":\"https:\\\/\\\/fuentesfidedignas.com.mx\\\/index.php\\\/author\\\/redaccion\\\/\"}]}<\/script>\n<!-- \/ Yoast SEO plugin. -->","yoast_head_json":{"title":"Sheinbaum confirma visita oficial a Sinaloa y un encuentro con la Gobernadora Graciela Dom\u00ednguez - Fuentes Fidedignas","robots":{"index":"index","follow":"follow","max-snippet":"max-snippet:-1","max-image-preview":"max-image-preview:large","max-video-preview":"max-video-preview:-1"},"canonical":"https:\/\/fuentesfidedignas.com.mx\/index.php\/2026\/09\/03\/sheinbaum-confirma-visita-oficial-a-sinaloa-y-un-encuentro-con-la-gobernadora-graciela-dominguez\/","og_locale":"es_MX","og_type":"article","og_title":"Sheinbaum confirma visita oficial a Sinaloa y un encuentro con la Gobernadora Graciela Dom\u00ednguez - Fuentes Fidedignas","og_description":"Adem\u00e1s, el gabinete de seguridad federal acudir\u00e1 a la entidad como parte de sus reuniones peri\u00f3dicas, destac\u00f3. Culiac\u00e1n, Sin.\u2013 En el marco de la gira nacional por la presentaci\u00f3n de su Segundo Informe de Gobierno, la Presidenta Claudia Sheinbaum Pardo anunci\u00f3 este jueves durante su Conferencia Ma\u00f1anera que el pr\u00f3ximo 20 de septiembre visitar\u00e1 Sinaloa, [&hellip;]","og_url":"https:\/\/fuentesfidedignas.com.mx\/index.php\/2026\/09\/03\/sheinbaum-confirma-visita-oficial-a-sinaloa-y-un-encuentro-con-la-gobernadora-graciela-dominguez\/","og_site_name":"Fuentes Fidedignas","article_publisher":"https:\/\/www.facebook.com\/Fuentes-Fidedignas-368234489921644","article_published_time":"2026-09-03T16:44:57+00:00","article_modified_time":"2026-09-03T16:45:02+00:00","og_image":[{"width":1600,"height":887,"url":"https:\/\/fuentesfidedignas.com.mx\/wp-content\/uploads\/2026\/09\/Claudia-Sheinbaum.jpeg","type":"image\/jpeg"}],"author":"Redacci\u00f3n","twitter_card":"summary_large_image","twitter_creator":"@fidedignas","twitter_site":"@fidedignas","twitter_misc":{"Escrito por":"Redacci\u00f3n","Tiempo de lectura":"2 minutos"},"schema":{"@context":"https:\/\/schema.org","@graph":[{"@type":"Article","@id":"https:\/\/fuentesfidedignas.com.mx\/index.php\/2026\/09\/03\/sheinbaum-confirma-visita-oficial-a-sinaloa-y-un-encuentro-con-la-gobernadora-graciela-dominguez\/#article","isPartOf":{"@id":"https:\/\/fuentesfidedignas.com.mx\/index.php\/2026\/09\/03\/sheinbaum-confirma-visita-oficial-a-sinaloa-y-un-encuentro-con-la-gobernadora-graciela-dominguez\/"},"author":{"name":"Redacci\u00f3n","@id":"https:\/\/fuentesfidedignas.com.mx\/#\/schema\/person\/331be9283d37198e2acd5750279085b0"},"headline":"Sheinbaum confirma visita oficial a Sinaloa y un encuentro con la Gobernadora Graciela Dom\u00ednguez","datePublished":"2026-09-03T16:44:57+00:00","dateModified":"2026-09-03T16:45:02+00:00","mainEntityOfPage":{"@id":"https:\/\/fuentesfidedignas.com.mx\/index.php\/2026\/09\/03\/sheinbaum-confirma-visita-oficial-a-sinaloa-y-un-encuentro-con-la-gobernadora-graciela-dominguez\/"},"wordCount":246,"commentCount":0,"publisher":{"@id":"https:\/\/fuentesfidedignas.com.mx\/#organization"},"image":{"@id":"https:\/\/fuentesfidedignas.com.mx\/index.php\/2026\/09\/03\/sheinbaum-confirma-visita-oficial-a-sinaloa-y-un-encuentro-con-la-gobernadora-graciela-dominguez\/#primaryimage"},"thumbnailUrl":"https:\/\/fuentesfidedignas.com.mx\/wp-content\/uploads\/2026\/09\/Claudia-Sheinbaum.jpeg","articleSection":["NOTA PRINCIPAL"],"inLanguage":"es","potentialAction":[{"@type":"CommentAction","name":"Comment","target":["https:\/\/fuentesfidedignas.com.mx\/index.php\/2026\/09\/03\/sheinbaum-confirma-visita-oficial-a-sinaloa-y-un-encuentro-con-la-gobernadora-graciela-dominguez\/#respond"]}]},{"@type":"WebPage","@id":"https:\/\/fuentesfidedignas.com.mx\/index.php\/2026\/09\/03\/sheinbaum-confirma-visita-oficial-a-sinaloa-y-un-encuentro-con-la-gobernadora-graciela-dominguez\/","url":"https:\/\/fuentesfidedignas.com.mx\/index.php\/2026\/09\/03\/sheinbaum-confirma-visita-oficial-a-sinaloa-y-un-encuentro-con-la-gobernadora-graciela-dominguez\/","name":"Sheinbaum confirma visita oficial a Sinaloa y un encuentro con la Gobernadora Graciela Dom\u00ednguez - Fuentes Fidedignas","isPartOf":{"@id":"https:\/\/fuentesfidedignas.com.mx\/#website"},"primaryImageOfPage":{"@id":"https:\/\/fuentesfidedignas.com.mx\/index.php\/2026\/09\/03\/sheinbaum-confirma-visita-oficial-a-sinaloa-y-un-encuentro-con-la-gobernadora-graciela-dominguez\/#primaryimage"},"image":{"@id":"https:\/\/fuentesfidedignas.com.mx\/index.php\/2026\/09\/03\/sheinbaum-confirma-visita-oficial-a-sinaloa-y-un-encuentro-con-la-gobernadora-graciela-dominguez\/#primaryimage"},"thumbnailUrl":"https:\/\/fuentesfidedignas.com.mx\/wp-content\/uploads\/2026\/09\/Claudia-Sheinbaum.jpeg","datePublished":"2026-09-03T16:44:57+00:00","dateModified":"2026-09-03T16:45:02+00:00","breadcrumb":{"@id":"https:\/\/fuentesfidedignas.com.mx\/index.php\/2026\/09\/03\/sheinbaum-confirma-visita-oficial-a-sinaloa-y-un-encuentro-con-la-gobernadora-graciela-dominguez\/#breadcrumb"},"inLanguage":"es","potentialAction":[{"@type":"ReadAction","target":["https:\/\/fuentesfidedignas.com.mx\/index.php\/2026\/09\/03\/sheinbaum-confirma-visita-oficial-a-sinaloa-y-un-encuentro-con-la-gobernadora-graciela-dominguez\/"]}]},{"@type":"ImageObject","inLanguage":"es","@id":"https:\/\/fuentesfidedignas.com.mx\/index.php\/2026\/09\/03\/sheinbaum-confirma-visita-oficial-a-sinaloa-y-un-encuentro-con-la-gobernadora-graciela-dominguez\/#primaryimage","url":"https:\/\/fuentesfidedignas.com.mx\/wp-content\/uploads\/2026\/09\/Claudia-Sheinbaum.jpeg","contentUrl":"https:\/\/fuentesfidedignas.com.mx\/wp-content\/uploads\/2026\/09\/Claudia-Sheinbaum.jpeg","width":1600,"height":887},{"@type":"BreadcrumbList","@id":"https:\/\/fuentesfidedignas.com.mx\/index.php\/2026\/09\/03\/sheinbaum-confirma-visita-oficial-a-sinaloa-y-un-encuentro-con-la-gobernadora-graciela-dominguez\/#breadcrumb","itemListElement":[{"@type":"ListItem","position":1,"name":"Inicio","item":"https:\/\/fuentesfidedignas.com.mx\/"},{"@type":"ListItem","position":2,"name":"Sheinbaum confirma visita oficial a Sinaloa y un encuentro con la Gobernadora Graciela Dom\u00ednguez"}]},{"@type":"WebSite","@id":"https:\/\/fuentesfidedignas.com.mx\/#website","url":"https:\/\/fuentesfidedignas.com.mx\/","name":"Fuentes Fidedignas","description":"Otro sitio realizado con WordPress","publisher":{"@id":"https:\/\/fuentesfidedignas.com.mx\/#organization"},"potentialAction":[{"@type":"SearchAction","target":{"@type":"EntryPoint","urlTemplate":"https:\/\/fuentesfidedignas.com.mx\/?s={search_term_string}"},"query-input":{"@type":"PropertyValueSpecification","valueRequired":true,"valueName":"search_term_string"}}],"inLanguage":"es"},{"@type":"Organization","@id":"https:\/\/fuentesfidedignas.com.mx\/#organization","name":"Fuentes Fidedignas","url":"https:\/\/fuentesfidedignas.com.mx\/","logo":{"@type":"ImageObject","inLanguage":"es","@id":"https:\/\/fuentesfidedignas.com.mx\/#\/schema\/logo\/image\/","url":"https:\/\/fuentesfidedignas.com.mx\/wp-content\/uploads\/2021\/04\/logo-retina.png","contentUrl":"https:\/\/fuentesfidedignas.com.mx\/wp-content\/uploads\/2021\/04\/logo-retina.png","width":280,"height":51,"caption":"Fuentes Fidedignas"},"image":{"@id":"https:\/\/fuentesfidedignas.com.mx\/#\/schema\/logo\/image\/"},"sameAs":["https:\/\/www.facebook.com\/Fuentes-Fidedignas-368234489921644","https:\/\/x.com\/fidedignas"]},{"@type":"Person","@id":"https:\/\/fuentesfidedignas.com.mx\/#\/schema\/person\/331be9283d37198e2acd5750279085b0","name":"Redacci\u00f3n","image":{"@type":"ImageObject","inLanguage":"es","@id":"https:\/\/secure.gravatar.com\/avatar\/f6d8782c11d12b2d4ad3fbb6931aeab5309937a4d6cd2fc9cfaa28a6396a5aec?s=96&d=mm&r=g","url":"https:\/\/secure.gravatar.com\/avatar\/f6d8782c11d12b2d4ad3fbb6931aeab5309937a4d6cd2fc9cfaa28a6396a5aec?s=96&d=mm&r=g","contentUrl":"https:\/\/secure.gravatar.com\/avatar\/f6d8782c11d12b2d4ad3fbb6931aeab5309937a4d6cd2fc9cfaa28a6396a5aec?s=96&d=mm&r=g","caption":"Redacci\u00f3n"},"url":"https:\/\/fuentesfidedignas.com.mx\/index.php\/author\/redaccion\/"}]}},"_links":{"self":[{"href":"https:\/\/fuentesfidedignas.com.mx\/index.php\/wp-json\/wp\/v2\/posts\/141545","targetHints":{"allow":["GET"]}}],"collection":[{"href":"https:\/\/fuentesfidedignas.com.mx\/index.php\/wp-json\/wp\/v2\/posts"}],"about":[{"href":"https:\/\/fuentesfidedignas.com.mx\/index.php\/wp-json\/wp\/v2\/types\/post"}],"author":[{"embeddable":true,"href":"https:\/\/fuentesfidedignas.com.mx\/index.php\/wp-json\/wp\/v2\/users\/4"}],"replies":[{"embeddable":true,"href":"https:\/\/fuentesfidedignas.com.mx\/index.php\/wp-json\/wp\/v2\/comments?post=141545"}],"version-history":[{"count":1,"href":"https:\/\/fuentesfidedignas.com.mx\/index.php\/wp-json\/wp\/v2\/posts\/141545\/revisions"}],"predecessor-version":[{"id":141547,"href":"https:\/\/fuentesfidedignas.com.mx\/index.php\/wp-json\/wp\/v2\/posts\/141545\/revisions\/141547"}],"wp:featuredmedia":[{"embeddable":true,"href":"https:\/\/fuentesfidedignas.com.mx\/index.php\/wp-json\/wp\/v2\/media\/141546"}],"wp:attachment":[{"href":"https:\/\/fuentesfidedignas.com.mx\/index.php\/wp-json\/wp\/v2\/media?parent=141545"}],"wp:term":[{"taxonomy":"category","embeddable":true,"href":"https:\/\/fuentesfidedignas.com.mx\/index.php\/wp-json\/wp\/v2\/categories?post=141545"},{"taxonomy":"post_tag","embeddable":true,"href":"https:\/\/fuentesfidedignas.com.mx\/index.php\/wp-json\/wp\/v2\/tags?post=141545"}],"curies":[{"name":"wp","href":"https:\/\/api.w.org\/{rel}","templated":true}]}}