{"id":141538,"date":"2026-09-03T09:16:36","date_gmt":"2026-09-03T16:16:36","guid":{"rendered":"https:\/\/fuentesfidedignas.com.mx\/?p=141538"},"modified":"2026-09-03T09:16:41","modified_gmt":"2026-09-03T16:16:41","slug":"cada-quien-es-responsable-de-sus-actos-sheinbaum-sobre-regreso-de-enrique-inzunza-al-senado","status":"publish","type":"post","link":"https:\/\/fuentesfidedignas.com.mx\/index.php\/2026\/09\/03\/cada-quien-es-responsable-de-sus-actos-sheinbaum-sobre-regreso-de-enrique-inzunza-al-senado\/","title":{"rendered":"Cada quien es responsable de sus actos: Sheinbaum sobre regreso de Enrique Inzunza al Senado"},"content":{"rendered":"\n<p class=\"wp-block-paragraph\"><strong><em>La presidenta record\u00f3 que el senador Enrique Inzunza ya conoce su postura y se\u00f1al\u00f3 que ahora deber\u00e1 asumir las consecuencias de haber decidido regresar al Senado.<\/em><\/strong><\/p>\n\n\n\n<p class=\"wp-block-paragraph\">La presidenta de M\u00e9xico, Claudia Sheinbaum Pardo, dej\u00f3 claro que el senador Enrique Inzunza C\u00e1zarez ya conoce su opini\u00f3n sobre su decisi\u00f3n de regresar a ocupar su esca\u00f1o en el Senado, luego de permanecer ausente durante m\u00e1s de 100 d\u00edas.<\/p>\n\n\n\n<p class=\"wp-block-paragraph\">Durante su conferencia ma\u00f1anera, la mandataria federal fue cuestionada nuevamente sobre el regreso del legislador sinaloense y sostuvo que cada persona debe hacerse responsable de las decisiones que toma. <\/p>\n\n\n\n<p class=\"wp-block-paragraph\">&#8220;Enrique Inzunza ya conoce mi opini\u00f3n. Cada quien es responsable de sus actos y de lo que decide\u201d, se\u00f1al\u00f3 Sheinbaum al referirse a la determinaci\u00f3n del senador de reincorporarse a los trabajos legislativos.<\/p>\n\n\n\n<p class=\"wp-block-paragraph\">La jefa de Estado hab\u00eda expresado previamente que correspond\u00eda a Inzunza tomar su propia decisi\u00f3n frente a las investigaciones que se mantienen en su contra. En ese momento, Sheinbaum llam\u00f3 a que quienes enfrentan se\u00f1alamientos asumieran su responsabilidad frente a la ciudadan\u00eda. <\/p>\n\n\n\n<p class=\"wp-block-paragraph\"><strong>Inzunza vuelve al Senado<\/strong><br>Enrique Inzunza regres\u00f3 formalmente al Senado el pasado 31 de agosto, despu\u00e9s de m\u00e1s de cuatro meses de ausencia. El legislador sinaloense ha rechazado los se\u00f1alamientos que lo vinculan presuntamente con el crimen organizado y se ha declarado inocente.<\/p>\n\n\n\n<p class=\"wp-block-paragraph\">Con el inicio del nuevo periodo ordinario de sesiones, Inzunza ocup\u00f3 nuevamente su esca\u00f1o en el pleno y confirm\u00f3 que permanecer\u00e1 como senador sin partido, luego de dejar la bancada de Morena.<\/p>\n\n\n\n<p class=\"wp-block-paragraph\">El legislador tambi\u00e9n asegur\u00f3 que continuar\u00e1 respaldando las iniciativas impulsadas por la presidenta Sheinbaum, pese a su salida del grupo parlamentario de Morena.<\/p>\n","protected":false},"excerpt":{"rendered":"<p>La presidenta record\u00f3 que el senador Enrique Inzunza ya conoce su postura y se\u00f1al\u00f3 que ahora deber\u00e1 asumir las consecuencias de haber decidido regresar al Senado. La presidenta de M\u00e9xico, Claudia Sheinbaum Pardo, dej\u00f3 claro que el senador Enrique Inzunza C\u00e1zarez ya conoce su opini\u00f3n sobre su decisi\u00f3n de regresar a ocupar su esca\u00f1o en [&hellip;]<\/p>\n","protected":false},"author":7,"featured_media":140648,"comment_status":"open","ping_status":"open","sticky":false,"template":"","format":"standard","meta":{"tdm_status":"","tdm_grid_status":"","footnotes":""},"categories":[39],"tags":[],"class_list":["post-141538","post","type-post","status-publish","format-standard","has-post-thumbnail","category-noticias-nacionales"],"yoast_head":"<!-- This site is optimized with the Yoast SEO plugin v28.4 - https:\/\/yoast.com\/product\/yoast-seo-wordpress\/ -->\n<title>Cada quien es responsable de sus actos: Sheinbaum sobre regreso de Enrique Inzunza al Senado - Fuentes Fidedignas<\/title>\n<meta name=\"robots\" content=\"index, follow, max-snippet:-1, max-image-preview:large, max-video-preview:-1\" \/>\n<link rel=\"canonical\" href=\"https:\/\/fuentesfidedignas.com.mx\/index.php\/2026\/09\/03\/cada-quien-es-responsable-de-sus-actos-sheinbaum-sobre-regreso-de-enrique-inzunza-al-senado\/\" \/>\n<meta property=\"og:locale\" content=\"es_MX\" \/>\n<meta property=\"og:type\" content=\"article\" \/>\n<meta property=\"og:title\" content=\"Cada quien es responsable de sus actos: Sheinbaum sobre regreso de Enrique Inzunza al Senado - Fuentes Fidedignas\" \/>\n<meta property=\"og:description\" content=\"La presidenta record\u00f3 que el senador Enrique Inzunza ya conoce su postura y se\u00f1al\u00f3 que ahora deber\u00e1 asumir las consecuencias de haber decidido regresar al Senado. La presidenta de M\u00e9xico, Claudia Sheinbaum Pardo, dej\u00f3 claro que el senador Enrique Inzunza C\u00e1zarez ya conoce su opini\u00f3n sobre su decisi\u00f3n de regresar a ocupar su esca\u00f1o en [&hellip;]\" \/>\n<meta property=\"og:url\" content=\"https:\/\/fuentesfidedignas.com.mx\/index.php\/2026\/09\/03\/cada-quien-es-responsable-de-sus-actos-sheinbaum-sobre-regreso-de-enrique-inzunza-al-senado\/\" \/>\n<meta property=\"og:site_name\" content=\"Fuentes Fidedignas\" \/>\n<meta property=\"article:publisher\" content=\"https:\/\/www.facebook.com\/Fuentes-Fidedignas-368234489921644\" \/>\n<meta property=\"article:published_time\" content=\"2026-09-03T16:16:36+00:00\" \/>\n<meta property=\"article:modified_time\" content=\"2026-09-03T16:16:41+00:00\" \/>\n<meta property=\"og:image\" content=\"https:\/\/fuentesfidedignas.com.mx\/wp-content\/uploads\/2026\/08\/enrique-inzunza-4.jpg\" \/>\n\t<meta property=\"og:image:width\" content=\"1200\" \/>\n\t<meta property=\"og:image:height\" content=\"740\" \/>\n\t<meta property=\"og:image:type\" content=\"image\/jpeg\" \/>\n<meta name=\"author\" content=\"Exc\u00e9lsior\" \/>\n<meta name=\"twitter:card\" content=\"summary_large_image\" \/>\n<meta name=\"twitter:creator\" content=\"@fidedignas\" \/>\n<meta name=\"twitter:site\" content=\"@fidedignas\" \/>\n<meta name=\"twitter:label1\" content=\"Escrito por\" \/>\n\t<meta name=\"twitter:data1\" content=\"Exc\u00e9lsior\" \/>\n\t<meta name=\"twitter:label2\" content=\"Tiempo de lectura\" \/>\n\t<meta name=\"twitter:data2\" content=\"2 minutos\" \/>\n<script type=\"application\/ld+json\" class=\"yoast-schema-graph\">{\"@context\":\"https:\\\/\\\/schema.org\",\"@graph\":[{\"@type\":\"Article\",\"@id\":\"https:\\\/\\\/fuentesfidedignas.com.mx\\\/index.php\\\/2026\\\/09\\\/03\\\/cada-quien-es-responsable-de-sus-actos-sheinbaum-sobre-regreso-de-enrique-inzunza-al-senado\\\/#article\",\"isPartOf\":{\"@id\":\"https:\\\/\\\/fuentesfidedignas.com.mx\\\/index.php\\\/2026\\\/09\\\/03\\\/cada-quien-es-responsable-de-sus-actos-sheinbaum-sobre-regreso-de-enrique-inzunza-al-senado\\\/\"},\"author\":{\"name\":\"Exc\u00e9lsior\",\"@id\":\"https:\\\/\\\/fuentesfidedignas.com.mx\\\/#\\\/schema\\\/person\\\/ec4edd1fbf5efa3e44fce34fe2787780\"},\"headline\":\"Cada quien es responsable de sus actos: Sheinbaum sobre regreso de Enrique Inzunza al Senado\",\"datePublished\":\"2026-09-03T16:16:36+00:00\",\"dateModified\":\"2026-09-03T16:16:41+00:00\",\"mainEntityOfPage\":{\"@id\":\"https:\\\/\\\/fuentesfidedignas.com.mx\\\/index.php\\\/2026\\\/09\\\/03\\\/cada-quien-es-responsable-de-sus-actos-sheinbaum-sobre-regreso-de-enrique-inzunza-al-senado\\\/\"},\"wordCount\":303,\"commentCount\":0,\"publisher\":{\"@id\":\"https:\\\/\\\/fuentesfidedignas.com.mx\\\/#organization\"},\"image\":{\"@id\":\"https:\\\/\\\/fuentesfidedignas.com.mx\\\/index.php\\\/2026\\\/09\\\/03\\\/cada-quien-es-responsable-de-sus-actos-sheinbaum-sobre-regreso-de-enrique-inzunza-al-senado\\\/#primaryimage\"},\"thumbnailUrl\":\"https:\\\/\\\/fuentesfidedignas.com.mx\\\/wp-content\\\/uploads\\\/2026\\\/08\\\/enrique-inzunza-4.jpg\",\"articleSection\":[\"NOTICIAS NACIONALES\"],\"inLanguage\":\"es\",\"potentialAction\":[{\"@type\":\"CommentAction\",\"name\":\"Comment\",\"target\":[\"https:\\\/\\\/fuentesfidedignas.com.mx\\\/index.php\\\/2026\\\/09\\\/03\\\/cada-quien-es-responsable-de-sus-actos-sheinbaum-sobre-regreso-de-enrique-inzunza-al-senado\\\/#respond\"]}]},{\"@type\":\"WebPage\",\"@id\":\"https:\\\/\\\/fuentesfidedignas.com.mx\\\/index.php\\\/2026\\\/09\\\/03\\\/cada-quien-es-responsable-de-sus-actos-sheinbaum-sobre-regreso-de-enrique-inzunza-al-senado\\\/\",\"url\":\"https:\\\/\\\/fuentesfidedignas.com.mx\\\/index.php\\\/2026\\\/09\\\/03\\\/cada-quien-es-responsable-de-sus-actos-sheinbaum-sobre-regreso-de-enrique-inzunza-al-senado\\\/\",\"name\":\"Cada quien es responsable de sus actos: Sheinbaum sobre regreso de Enrique Inzunza al Senado - Fuentes Fidedignas\",\"isPartOf\":{\"@id\":\"https:\\\/\\\/fuentesfidedignas.com.mx\\\/#website\"},\"primaryImageOfPage\":{\"@id\":\"https:\\\/\\\/fuentesfidedignas.com.mx\\\/index.php\\\/2026\\\/09\\\/03\\\/cada-quien-es-responsable-de-sus-actos-sheinbaum-sobre-regreso-de-enrique-inzunza-al-senado\\\/#primaryimage\"},\"image\":{\"@id\":\"https:\\\/\\\/fuentesfidedignas.com.mx\\\/index.php\\\/2026\\\/09\\\/03\\\/cada-quien-es-responsable-de-sus-actos-sheinbaum-sobre-regreso-de-enrique-inzunza-al-senado\\\/#primaryimage\"},\"thumbnailUrl\":\"https:\\\/\\\/fuentesfidedignas.com.mx\\\/wp-content\\\/uploads\\\/2026\\\/08\\\/enrique-inzunza-4.jpg\",\"datePublished\":\"2026-09-03T16:16:36+00:00\",\"dateModified\":\"2026-09-03T16:16:41+00:00\",\"breadcrumb\":{\"@id\":\"https:\\\/\\\/fuentesfidedignas.com.mx\\\/index.php\\\/2026\\\/09\\\/03\\\/cada-quien-es-responsable-de-sus-actos-sheinbaum-sobre-regreso-de-enrique-inzunza-al-senado\\\/#breadcrumb\"},\"inLanguage\":\"es\",\"potentialAction\":[{\"@type\":\"ReadAction\",\"target\":[\"https:\\\/\\\/fuentesfidedignas.com.mx\\\/index.php\\\/2026\\\/09\\\/03\\\/cada-quien-es-responsable-de-sus-actos-sheinbaum-sobre-regreso-de-enrique-inzunza-al-senado\\\/\"]}]},{\"@type\":\"ImageObject\",\"inLanguage\":\"es\",\"@id\":\"https:\\\/\\\/fuentesfidedignas.com.mx\\\/index.php\\\/2026\\\/09\\\/03\\\/cada-quien-es-responsable-de-sus-actos-sheinbaum-sobre-regreso-de-enrique-inzunza-al-senado\\\/#primaryimage\",\"url\":\"https:\\\/\\\/fuentesfidedignas.com.mx\\\/wp-content\\\/uploads\\\/2026\\\/08\\\/enrique-inzunza-4.jpg\",\"contentUrl\":\"https:\\\/\\\/fuentesfidedignas.com.mx\\\/wp-content\\\/uploads\\\/2026\\\/08\\\/enrique-inzunza-4.jpg\",\"width\":1200,\"height\":740},{\"@type\":\"BreadcrumbList\",\"@id\":\"https:\\\/\\\/fuentesfidedignas.com.mx\\\/index.php\\\/2026\\\/09\\\/03\\\/cada-quien-es-responsable-de-sus-actos-sheinbaum-sobre-regreso-de-enrique-inzunza-al-senado\\\/#breadcrumb\",\"itemListElement\":[{\"@type\":\"ListItem\",\"position\":1,\"name\":\"Inicio\",\"item\":\"https:\\\/\\\/fuentesfidedignas.com.mx\\\/\"},{\"@type\":\"ListItem\",\"position\":2,\"name\":\"Cada quien es responsable de sus actos: Sheinbaum sobre regreso de Enrique Inzunza al Senado\"}]},{\"@type\":\"WebSite\",\"@id\":\"https:\\\/\\\/fuentesfidedignas.com.mx\\\/#website\",\"url\":\"https:\\\/\\\/fuentesfidedignas.com.mx\\\/\",\"name\":\"Fuentes Fidedignas\",\"description\":\"Otro sitio realizado con WordPress\",\"publisher\":{\"@id\":\"https:\\\/\\\/fuentesfidedignas.com.mx\\\/#organization\"},\"potentialAction\":[{\"@type\":\"SearchAction\",\"target\":{\"@type\":\"EntryPoint\",\"urlTemplate\":\"https:\\\/\\\/fuentesfidedignas.com.mx\\\/?s={search_term_string}\"},\"query-input\":{\"@type\":\"PropertyValueSpecification\",\"valueRequired\":true,\"valueName\":\"search_term_string\"}}],\"inLanguage\":\"es\"},{\"@type\":\"Organization\",\"@id\":\"https:\\\/\\\/fuentesfidedignas.com.mx\\\/#organization\",\"name\":\"Fuentes Fidedignas\",\"url\":\"https:\\\/\\\/fuentesfidedignas.com.mx\\\/\",\"logo\":{\"@type\":\"ImageObject\",\"inLanguage\":\"es\",\"@id\":\"https:\\\/\\\/fuentesfidedignas.com.mx\\\/#\\\/schema\\\/logo\\\/image\\\/\",\"url\":\"https:\\\/\\\/fuentesfidedignas.com.mx\\\/wp-content\\\/uploads\\\/2021\\\/04\\\/logo-retina.png\",\"contentUrl\":\"https:\\\/\\\/fuentesfidedignas.com.mx\\\/wp-content\\\/uploads\\\/2021\\\/04\\\/logo-retina.png\",\"width\":280,\"height\":51,\"caption\":\"Fuentes Fidedignas\"},\"image\":{\"@id\":\"https:\\\/\\\/fuentesfidedignas.com.mx\\\/#\\\/schema\\\/logo\\\/image\\\/\"},\"sameAs\":[\"https:\\\/\\\/www.facebook.com\\\/Fuentes-Fidedignas-368234489921644\",\"https:\\\/\\\/x.com\\\/fidedignas\"]},{\"@type\":\"Person\",\"@id\":\"https:\\\/\\\/fuentesfidedignas.com.mx\\\/#\\\/schema\\\/person\\\/ec4edd1fbf5efa3e44fce34fe2787780\",\"name\":\"Exc\u00e9lsior\",\"image\":{\"@type\":\"ImageObject\",\"inLanguage\":\"es\",\"@id\":\"https:\\\/\\\/secure.gravatar.com\\\/avatar\\\/4b7ee9206b48be08447852b3f0814dbc7c0f3b51541b164f1464a2725614020b?s=96&d=mm&r=g\",\"url\":\"https:\\\/\\\/secure.gravatar.com\\\/avatar\\\/4b7ee9206b48be08447852b3f0814dbc7c0f3b51541b164f1464a2725614020b?s=96&d=mm&r=g\",\"contentUrl\":\"https:\\\/\\\/secure.gravatar.com\\\/avatar\\\/4b7ee9206b48be08447852b3f0814dbc7c0f3b51541b164f1464a2725614020b?s=96&d=mm&r=g\",\"caption\":\"Exc\u00e9lsior\"},\"url\":\"https:\\\/\\\/fuentesfidedignas.com.mx\\\/index.php\\\/author\\\/excelsior\\\/\"}]}<\/script>\n<!-- \/ Yoast SEO plugin. -->","yoast_head_json":{"title":"Cada quien es responsable de sus actos: Sheinbaum sobre regreso de Enrique Inzunza al Senado - Fuentes Fidedignas","robots":{"index":"index","follow":"follow","max-snippet":"max-snippet:-1","max-image-preview":"max-image-preview:large","max-video-preview":"max-video-preview:-1"},"canonical":"https:\/\/fuentesfidedignas.com.mx\/index.php\/2026\/09\/03\/cada-quien-es-responsable-de-sus-actos-sheinbaum-sobre-regreso-de-enrique-inzunza-al-senado\/","og_locale":"es_MX","og_type":"article","og_title":"Cada quien es responsable de sus actos: Sheinbaum sobre regreso de Enrique Inzunza al Senado - Fuentes Fidedignas","og_description":"La presidenta record\u00f3 que el senador Enrique Inzunza ya conoce su postura y se\u00f1al\u00f3 que ahora deber\u00e1 asumir las consecuencias de haber decidido regresar al Senado. La presidenta de M\u00e9xico, Claudia Sheinbaum Pardo, dej\u00f3 claro que el senador Enrique Inzunza C\u00e1zarez ya conoce su opini\u00f3n sobre su decisi\u00f3n de regresar a ocupar su esca\u00f1o en [&hellip;]","og_url":"https:\/\/fuentesfidedignas.com.mx\/index.php\/2026\/09\/03\/cada-quien-es-responsable-de-sus-actos-sheinbaum-sobre-regreso-de-enrique-inzunza-al-senado\/","og_site_name":"Fuentes Fidedignas","article_publisher":"https:\/\/www.facebook.com\/Fuentes-Fidedignas-368234489921644","article_published_time":"2026-09-03T16:16:36+00:00","article_modified_time":"2026-09-03T16:16:41+00:00","og_image":[{"width":1200,"height":740,"url":"https:\/\/fuentesfidedignas.com.mx\/wp-content\/uploads\/2026\/08\/enrique-inzunza-4.jpg","type":"image\/jpeg"}],"author":"Exc\u00e9lsior","twitter_card":"summary_large_image","twitter_creator":"@fidedignas","twitter_site":"@fidedignas","twitter_misc":{"Escrito por":"Exc\u00e9lsior","Tiempo de lectura":"2 minutos"},"schema":{"@context":"https:\/\/schema.org","@graph":[{"@type":"Article","@id":"https:\/\/fuentesfidedignas.com.mx\/index.php\/2026\/09\/03\/cada-quien-es-responsable-de-sus-actos-sheinbaum-sobre-regreso-de-enrique-inzunza-al-senado\/#article","isPartOf":{"@id":"https:\/\/fuentesfidedignas.com.mx\/index.php\/2026\/09\/03\/cada-quien-es-responsable-de-sus-actos-sheinbaum-sobre-regreso-de-enrique-inzunza-al-senado\/"},"author":{"name":"Exc\u00e9lsior","@id":"https:\/\/fuentesfidedignas.com.mx\/#\/schema\/person\/ec4edd1fbf5efa3e44fce34fe2787780"},"headline":"Cada quien es responsable de sus actos: Sheinbaum sobre regreso de Enrique Inzunza al Senado","datePublished":"2026-09-03T16:16:36+00:00","dateModified":"2026-09-03T16:16:41+00:00","mainEntityOfPage":{"@id":"https:\/\/fuentesfidedignas.com.mx\/index.php\/2026\/09\/03\/cada-quien-es-responsable-de-sus-actos-sheinbaum-sobre-regreso-de-enrique-inzunza-al-senado\/"},"wordCount":303,"commentCount":0,"publisher":{"@id":"https:\/\/fuentesfidedignas.com.mx\/#organization"},"image":{"@id":"https:\/\/fuentesfidedignas.com.mx\/index.php\/2026\/09\/03\/cada-quien-es-responsable-de-sus-actos-sheinbaum-sobre-regreso-de-enrique-inzunza-al-senado\/#primaryimage"},"thumbnailUrl":"https:\/\/fuentesfidedignas.com.mx\/wp-content\/uploads\/2026\/08\/enrique-inzunza-4.jpg","articleSection":["NOTICIAS NACIONALES"],"inLanguage":"es","potentialAction":[{"@type":"CommentAction","name":"Comment","target":["https:\/\/fuentesfidedignas.com.mx\/index.php\/2026\/09\/03\/cada-quien-es-responsable-de-sus-actos-sheinbaum-sobre-regreso-de-enrique-inzunza-al-senado\/#respond"]}]},{"@type":"WebPage","@id":"https:\/\/fuentesfidedignas.com.mx\/index.php\/2026\/09\/03\/cada-quien-es-responsable-de-sus-actos-sheinbaum-sobre-regreso-de-enrique-inzunza-al-senado\/","url":"https:\/\/fuentesfidedignas.com.mx\/index.php\/2026\/09\/03\/cada-quien-es-responsable-de-sus-actos-sheinbaum-sobre-regreso-de-enrique-inzunza-al-senado\/","name":"Cada quien es responsable de sus actos: Sheinbaum sobre regreso de Enrique Inzunza al Senado - Fuentes Fidedignas","isPartOf":{"@id":"https:\/\/fuentesfidedignas.com.mx\/#website"},"primaryImageOfPage":{"@id":"https:\/\/fuentesfidedignas.com.mx\/index.php\/2026\/09\/03\/cada-quien-es-responsable-de-sus-actos-sheinbaum-sobre-regreso-de-enrique-inzunza-al-senado\/#primaryimage"},"image":{"@id":"https:\/\/fuentesfidedignas.com.mx\/index.php\/2026\/09\/03\/cada-quien-es-responsable-de-sus-actos-sheinbaum-sobre-regreso-de-enrique-inzunza-al-senado\/#primaryimage"},"thumbnailUrl":"https:\/\/fuentesfidedignas.com.mx\/wp-content\/uploads\/2026\/08\/enrique-inzunza-4.jpg","datePublished":"2026-09-03T16:16:36+00:00","dateModified":"2026-09-03T16:16:41+00:00","breadcrumb":{"@id":"https:\/\/fuentesfidedignas.com.mx\/index.php\/2026\/09\/03\/cada-quien-es-responsable-de-sus-actos-sheinbaum-sobre-regreso-de-enrique-inzunza-al-senado\/#breadcrumb"},"inLanguage":"es","potentialAction":[{"@type":"ReadAction","target":["https:\/\/fuentesfidedignas.com.mx\/index.php\/2026\/09\/03\/cada-quien-es-responsable-de-sus-actos-sheinbaum-sobre-regreso-de-enrique-inzunza-al-senado\/"]}]},{"@type":"ImageObject","inLanguage":"es","@id":"https:\/\/fuentesfidedignas.com.mx\/index.php\/2026\/09\/03\/cada-quien-es-responsable-de-sus-actos-sheinbaum-sobre-regreso-de-enrique-inzunza-al-senado\/#primaryimage","url":"https:\/\/fuentesfidedignas.com.mx\/wp-content\/uploads\/2026\/08\/enrique-inzunza-4.jpg","contentUrl":"https:\/\/fuentesfidedignas.com.mx\/wp-content\/uploads\/2026\/08\/enrique-inzunza-4.jpg","width":1200,"height":740},{"@type":"BreadcrumbList","@id":"https:\/\/fuentesfidedignas.com.mx\/index.php\/2026\/09\/03\/cada-quien-es-responsable-de-sus-actos-sheinbaum-sobre-regreso-de-enrique-inzunza-al-senado\/#breadcrumb","itemListElement":[{"@type":"ListItem","position":1,"name":"Inicio","item":"https:\/\/fuentesfidedignas.com.mx\/"},{"@type":"ListItem","position":2,"name":"Cada quien es responsable de sus actos: Sheinbaum sobre regreso de Enrique Inzunza al Senado"}]},{"@type":"WebSite","@id":"https:\/\/fuentesfidedignas.com.mx\/#website","url":"https:\/\/fuentesfidedignas.com.mx\/","name":"Fuentes Fidedignas","description":"Otro sitio realizado con WordPress","publisher":{"@id":"https:\/\/fuentesfidedignas.com.mx\/#organization"},"potentialAction":[{"@type":"SearchAction","target":{"@type":"EntryPoint","urlTemplate":"https:\/\/fuentesfidedignas.com.mx\/?s={search_term_string}"},"query-input":{"@type":"PropertyValueSpecification","valueRequired":true,"valueName":"search_term_string"}}],"inLanguage":"es"},{"@type":"Organization","@id":"https:\/\/fuentesfidedignas.com.mx\/#organization","name":"Fuentes Fidedignas","url":"https:\/\/fuentesfidedignas.com.mx\/","logo":{"@type":"ImageObject","inLanguage":"es","@id":"https:\/\/fuentesfidedignas.com.mx\/#\/schema\/logo\/image\/","url":"https:\/\/fuentesfidedignas.com.mx\/wp-content\/uploads\/2021\/04\/logo-retina.png","contentUrl":"https:\/\/fuentesfidedignas.com.mx\/wp-content\/uploads\/2021\/04\/logo-retina.png","width":280,"height":51,"caption":"Fuentes Fidedignas"},"image":{"@id":"https:\/\/fuentesfidedignas.com.mx\/#\/schema\/logo\/image\/"},"sameAs":["https:\/\/www.facebook.com\/Fuentes-Fidedignas-368234489921644","https:\/\/x.com\/fidedignas"]},{"@type":"Person","@id":"https:\/\/fuentesfidedignas.com.mx\/#\/schema\/person\/ec4edd1fbf5efa3e44fce34fe2787780","name":"Exc\u00e9lsior","image":{"@type":"ImageObject","inLanguage":"es","@id":"https:\/\/secure.gravatar.com\/avatar\/4b7ee9206b48be08447852b3f0814dbc7c0f3b51541b164f1464a2725614020b?s=96&d=mm&r=g","url":"https:\/\/secure.gravatar.com\/avatar\/4b7ee9206b48be08447852b3f0814dbc7c0f3b51541b164f1464a2725614020b?s=96&d=mm&r=g","contentUrl":"https:\/\/secure.gravatar.com\/avatar\/4b7ee9206b48be08447852b3f0814dbc7c0f3b51541b164f1464a2725614020b?s=96&d=mm&r=g","caption":"Exc\u00e9lsior"},"url":"https:\/\/fuentesfidedignas.com.mx\/index.php\/author\/excelsior\/"}]}},"_links":{"self":[{"href":"https:\/\/fuentesfidedignas.com.mx\/index.php\/wp-json\/wp\/v2\/posts\/141538","targetHints":{"allow":["GET"]}}],"collection":[{"href":"https:\/\/fuentesfidedignas.com.mx\/index.php\/wp-json\/wp\/v2\/posts"}],"about":[{"href":"https:\/\/fuentesfidedignas.com.mx\/index.php\/wp-json\/wp\/v2\/types\/post"}],"author":[{"embeddable":true,"href":"https:\/\/fuentesfidedignas.com.mx\/index.php\/wp-json\/wp\/v2\/users\/7"}],"replies":[{"embeddable":true,"href":"https:\/\/fuentesfidedignas.com.mx\/index.php\/wp-json\/wp\/v2\/comments?post=141538"}],"version-history":[{"count":1,"href":"https:\/\/fuentesfidedignas.com.mx\/index.php\/wp-json\/wp\/v2\/posts\/141538\/revisions"}],"predecessor-version":[{"id":141540,"href":"https:\/\/fuentesfidedignas.com.mx\/index.php\/wp-json\/wp\/v2\/posts\/141538\/revisions\/141540"}],"wp:featuredmedia":[{"embeddable":true,"href":"https:\/\/fuentesfidedignas.com.mx\/index.php\/wp-json\/wp\/v2\/media\/140648"}],"wp:attachment":[{"href":"https:\/\/fuentesfidedignas.com.mx\/index.php\/wp-json\/wp\/v2\/media?parent=141538"}],"wp:term":[{"taxonomy":"category","embeddable":true,"href":"https:\/\/fuentesfidedignas.com.mx\/index.php\/wp-json\/wp\/v2\/categories?post=141538"},{"taxonomy":"post_tag","embeddable":true,"href":"https:\/\/fuentesfidedignas.com.mx\/index.php\/wp-json\/wp\/v2\/tags?post=141538"}],"curies":[{"name":"wp","href":"https:\/\/api.w.org\/{rel}","templated":true}]}}