{"id":141534,"date":"2026-09-03T08:53:20","date_gmt":"2026-09-03T15:53:20","guid":{"rendered":"https:\/\/fuentesfidedignas.com.mx\/?p=141534"},"modified":"2026-09-03T08:53:20","modified_gmt":"2026-09-03T15:53:20","slug":"buscan-adecem-y-se-propuestas-para-reactivar-economia-de-la-zona-centro-de-sinaloa","status":"publish","type":"post","link":"https:\/\/fuentesfidedignas.com.mx\/index.php\/2026\/09\/03\/buscan-adecem-y-se-propuestas-para-reactivar-economia-de-la-zona-centro-de-sinaloa\/","title":{"rendered":"Buscan ADECEM y SE propuestas para reactivar econom\u00eda de la zona centro de Sinaloa"},"content":{"rendered":"\n<p class=\"wp-block-paragraph\"><em>Financiamiento, fortalecimiento empresarial, recuperaci\u00f3n de la vida nocturna, promoci\u00f3n de Culiac\u00e1n y nuevos eventos para Navolato forman parte de la agenda planteada por empresarios ante la Secretar\u00eda de Econom\u00eda.<\/em><\/p>\n\n\n\n<p class=\"wp-block-paragraph\">La Alianza para el Desarrollo y Competitividad de las Empresas (ADECEM) y la Secretar\u00eda de Econom\u00eda de Sinaloa retomaron propuestas de empresarios de Culiac\u00e1n para explorar acciones que contribuyan a reactivar la econom\u00eda de la zona centro del estado.<\/p>\n\n\n\n<p class=\"wp-block-paragraph\">Durante la reuni\u00f3n encabezada por el secretario de Econom\u00eda, <em>Diego Armando Aguerrebere Espitia<\/em>, se abordaron necesidades de financiamiento, fortalecimiento de empresas, sucesi\u00f3n generacional, franquicias, digitalizaci\u00f3n, inteligencia artificial, promoci\u00f3n de Culiac\u00e1n y realizaci\u00f3n de eventos para recuperar movilidad, confianza y consumo.<\/p>\n\n\n\n<p class=\"wp-block-paragraph\">El presidente de ADECEM, <em>Julio C\u00e9sar Silvas Inzunza<\/em>, convoc\u00f3 a empresas de distintos giros con el prop\u00f3sito de encontrar coincidencias entre las necesidades que enfrentan y las herramientas que puede ofrecer la Secretar\u00eda de Econom\u00eda.<\/p>\n\n\n\n<p class=\"wp-block-paragraph\">Aguerrebere Espitia plante\u00f3 que el gobierno necesita salir de las oficinas, escuchar directamente a los empresarios y trabajar con flexibilidad para responder a necesidades concretas.<\/p>\n\n\n\n<p class=\"wp-block-paragraph\"><em>ESCUCHAR A LAS EMPRESAS Y SALIR DE LAS OFICINAS<\/em><\/p>\n\n\n\n<p class=\"wp-block-paragraph\">\u201cMe gustar\u00eda que me dijeran con total libertad exactamente lo que piensan; pueden decirme absolutamente todo, sin ning\u00fan tipo de miramiento. Yo estoy acostumbrado a escuchar hasta las cr\u00edticas m\u00e1s agrias, son m\u00e1s que bienvenidas\u201d, expres\u00f3.<\/p>\n\n\n\n<p class=\"wp-block-paragraph\">Explic\u00f3 que sus recorridos le han permitido conocer de primera mano lo que requieren las empresas para enfrentar las condiciones actuales.<\/p>\n\n\n\n<p class=\"wp-block-paragraph\">Entre los temas mencion\u00f3 financiamiento, sucesi\u00f3n generacional y empresas cuyo funcionamiento contin\u00faa dependiendo excesivamente del conocimiento y presencia de sus fundadores.<\/p>\n\n\n\n<p class=\"wp-block-paragraph\">La Secretar\u00eda, dijo, puede acompa\u00f1arlas para trasladar ese conocimiento hacia procesos m\u00e1s institucionales y reducir la dependencia permanente del propietario.<\/p>\n\n\n\n<p class=\"wp-block-paragraph\">\u201cDigamos que lo que queremos es ser \u00fatil, y para poder ser \u00fatil ustedes nos tienen que decir en qu\u00e9\u201d, se\u00f1al\u00f3.<\/p>\n\n\n\n<p class=\"wp-block-paragraph\"><em>420 MILLONES DE PESOS PARA FINANCIAMIENTO<\/em><\/p>\n\n\n\n<p class=\"wp-block-paragraph\">Uno de los temas centrales fue el acceso al cr\u00e9dito.<\/p>\n\n\n\n<p class=\"wp-block-paragraph\">Aguerrebere Espitia inform\u00f3 que este a\u00f1o se cuenta con alrededor de <em>420 millones de pesos en financiamiento<\/em> respaldado mediante garant\u00edas gubernamentales. Al momento de la reuni\u00f3n se hab\u00edan colocado aproximadamente 70 millones, por lo que todav\u00eda quedaban alrededor de 350 millones disponibles.<\/p>\n\n\n\n<p class=\"wp-block-paragraph\">El programa, que anteriormente otorgaba financiamientos de <em>300 mil a 1.5 millones de pesos<\/em>, ampli\u00f3 su <em>l\u00edmite m\u00e1ximo hasta 2.5 millones de pesos<\/em>. Los recursos pueden destinarse a capital de trabajo o adquisici\u00f3n de maquinaria.<\/p>\n\n\n\n<p class=\"wp-block-paragraph\">La Secretar\u00eda trabaja adem\u00e1s en una alternativa para atender empresas que necesitan financiamientos de entre <em>50 mil y 300 mil pesos<\/em>, segmento que actualmente no cubre el programa.<\/p>\n\n\n\n<p class=\"wp-block-paragraph\">Aguerrebere Espitia precis\u00f3 que esa herramienta todav\u00eda no existe y que se han realizado gestiones con la banca y Financiera del Bienestar para tratar de desarrollarla.<\/p>\n\n\n\n<p class=\"wp-block-paragraph\"><em>SOFTWARE Y ACTIVOS INTANGIBLES<\/em><\/p>\n\n\n\n<p class=\"wp-block-paragraph\">El presidente de la C\u00e1mara Nacional de la Industria Electr\u00f3nica de Telecomunicaciones y Tecnolog\u00eda de la Informaci\u00f3n en Sinaloa (CANIETI), <em>Rafael Armando Galeana Fregoso<\/em>, expuso las dificultades que enfrentan las empresas tecnol\u00f3gicas para acceder al cr\u00e9dito porque buena parte de su valor se encuentra en activos intangibles.<\/p>\n\n\n\n<p class=\"wp-block-paragraph\">Un desarrollador puede tener software, aplicaciones, servidores, conocimiento y una cartera de clientes con posibilidades de crecer, pero carecer de inmuebles o maquinaria que puedan presentarse como garant\u00edas tradicionales.<\/p>\n\n\n\n<p class=\"wp-block-paragraph\">A ello se suma que desarrollar una plataforma es solamente una parte del proceso. Posteriormente se requieren recursos para comercializarla, escalarla y ampliar el n\u00famero de clientes.<\/p>\n\n\n\n<p class=\"wp-block-paragraph\">Aguerrebere Espitia explic\u00f3 que en los esquemas promovidos por el Gobierno del Estado las garant\u00edas son aportadas por \u00e9ste, aunque los bancos conservan sus propios criterios de evaluaci\u00f3n y requisitos para autorizar los cr\u00e9ditos.<\/p>\n\n\n\n<p class=\"wp-block-paragraph\"><em>FORTALECER EMPRESAS, NO S\u00d3LO FINANCIARLAS<\/em><\/p>\n\n\n\n<p class=\"wp-block-paragraph\">La reuni\u00f3n tambi\u00e9n permiti\u00f3 revisar necesidades que van m\u00e1s all\u00e1 del acceso a recursos.<\/p>\n\n\n\n<p class=\"wp-block-paragraph\">La Secretar\u00eda plante\u00f3 acompa\u00f1ar procesos de sucesi\u00f3n generacional e institucionalizaci\u00f3n, adem\u00e1s de impulsar herramientas para comercio electr\u00f3nico, nuevas tecnolog\u00edas y desarrollo de franquicias.<\/p>\n\n\n\n<p class=\"wp-block-paragraph\">En este \u00faltimo tema, empresarios con experiencia se\u00f1alaron que el reto no termina al estructurar y vender una franquicia. Conforme la red crece aparecen necesidades de supervisi\u00f3n, estandarizaci\u00f3n, log\u00edstica y control para mantener la calidad del producto o servicio.<\/p>\n\n\n\n<p class=\"wp-block-paragraph\">El planteamiento abri\u00f3 la posibilidad de complementar los apoyos existentes con capacitaci\u00f3n para atender tambi\u00e9n la operaci\u00f3n posterior de las franquicias.<\/p>\n\n\n\n<p class=\"wp-block-paragraph\"><em>RECUPERAR CONFIANZA, MOVILIDAD Y CONSUMO<\/em><\/p>\n\n\n\n<p class=\"wp-block-paragraph\">Otro de los temas centrales fue generar condiciones para que las personas vuelvan a salir, convivir y consumir.<\/p>\n\n\n\n<p class=\"wp-block-paragraph\">Los empresarios plantearon promover actividades y eventos que ayuden a recuperar la vida social y econ\u00f3mica de Culiac\u00e1n, particularmente en horarios y sectores que han resentido una menor movilidad.<\/p>\n\n\n\n<p class=\"wp-block-paragraph\">Tambi\u00e9n se propuso atraer visitantes de otras ciudades y aprovechar esos encuentros para mostrar otra cara de la capital sinaloense: su gastronom\u00eda, empresas, espacios de convivencia y capacidad productiva.<\/p>\n\n\n\n<p class=\"wp-block-paragraph\">En ese contexto surgi\u00f3 la propuesta de fortalecer una narrativa alrededor de <em>\u201cLo Hecho en Sinaloa\u201d<\/em>, mediante eventos y medios digitales que promuevan productos y servicios locales y contribuyan a mejorar la percepci\u00f3n de Culiac\u00e1n y del estado.<\/p>\n\n\n\n<p class=\"wp-block-paragraph\"><em>NAVOLATO: EVENTOS Y RUTA SEGURA<\/em><\/p>\n\n\n\n<p class=\"wp-block-paragraph\">Para Navolato se propuso retomar experiencias que anteriormente ayudaron a generar movimiento econ\u00f3mico, particularmente en Altata.<\/p>\n\n\n\n<p class=\"wp-block-paragraph\">Durante la reuni\u00f3n se explic\u00f3 que los eventos acompa\u00f1ados por <em>Ruta Segura<\/em> contribu\u00edan a recuperar la confianza para desplazarse hacia el destino, incluso entre personas que no asist\u00edan directamente a las actividades programadas.<\/p>\n\n\n\n<p class=\"wp-block-paragraph\">De acuerdo con una empresaria de Altata, en periodos sin estos eventos la afluencia pod\u00eda ubicarse alrededor de 50 o 60 por ciento, mientras que con actividades y Ruta Segura llegaba a niveles de 80 o 90 por ciento.<\/p>\n\n\n\n<p class=\"wp-block-paragraph\">Reconoci\u00f3 que los eventos no resuelven por s\u00ed mismos el problema, porque posteriormente la afluencia puede volver a disminuir, pero s\u00ed ayudan a generar movimiento, visitas y ventas.<\/p>\n\n\n\n<p class=\"wp-block-paragraph\"><em>LAS EMPRESAS TAMBI\u00c9N PLANTEAN TRANSFORMARSE<\/em><\/p>\n\n\n\n<p class=\"wp-block-paragraph\">El encuentro no se limit\u00f3 a solicitar apoyos al Gobierno del Estado.<\/p>\n\n\n\n<p class=\"wp-block-paragraph\">Uno de los empresarios explic\u00f3 que las condiciones actuales han obligado a su organizaci\u00f3n a buscar clientes fuera de Sinaloa y replantear un modelo que hist\u00f3ricamente depend\u00eda de distribuidores y compradores mayoristas.<\/p>\n\n\n\n<p class=\"wp-block-paragraph\">El desaf\u00edo consiste ahora en llegar directamente al consumidor mediante redes sociales, eventos y nuevos canales, lo que defini\u00f3 como la necesidad de <em>\u201creaprender el comercio\u201d<\/em>.<\/p>\n\n\n\n<p class=\"wp-block-paragraph\">Tambi\u00e9n se plante\u00f3 la importancia de conservar al personal, mejorar sus ingresos, fomentar la colaboraci\u00f3n empresarial y aprovechar oportunidades econ\u00f3micas existentes en otros municipios.<\/p>\n\n\n\n<p class=\"wp-block-paragraph\">La reactivaci\u00f3n, coincidieron, tiene as\u00ed dos componentes: el gobierno puede facilitar financiamiento, capacitaci\u00f3n y vinculaci\u00f3n, pero las propias empresas necesitan transformar sus modelos comerciales y encontrar nuevos mercados.<\/p>\n\n\n\n<p class=\"wp-block-paragraph\"><em>UNA AGENDA PARA LA ZONA CENTRO<\/em><\/p>\n\n\n\n<p class=\"wp-block-paragraph\">La reuni\u00f3n dej\u00f3 sobre la mesa diferentes rutas de trabajo: acelerar el financiamiento, construir alternativas para empresas que requieren montos menores, atender las particularidades de los negocios tecnol\u00f3gicos, fortalecer procesos de sucesi\u00f3n e institucionalizaci\u00f3n y recuperar consumidores.<\/p>\n\n\n\n<p class=\"wp-block-paragraph\">A ello se agregan propuestas para promover Culiac\u00e1n, recuperar gradualmente la vida nocturna y retomar en Navolato experiencias que ya demostraron capacidad para atraer visitantes y generar ventas.<\/p>\n\n\n\n<p class=\"wp-block-paragraph\">La coincidencia central fue que reactivar la econom\u00eda de la zona centro no depende de una sola medida. Requiere <em>fortalecer empresas, poner recursos en circulaci\u00f3n, recuperar confianza y consumo, abrir nuevos mercados y generar condiciones para que la actividad econ\u00f3mica vuelva gradualmente a ganar dinamismo<\/em>.<\/p>\n","protected":false},"excerpt":{"rendered":"<p>Financiamiento, fortalecimiento empresarial, recuperaci\u00f3n de la vida nocturna, promoci\u00f3n de Culiac\u00e1n y nuevos eventos para Navolato forman parte de la agenda planteada por empresarios ante la Secretar\u00eda de Econom\u00eda. La Alianza para el Desarrollo y Competitividad de las Empresas (ADECEM) y la Secretar\u00eda de Econom\u00eda de Sinaloa retomaron propuestas de empresarios de Culiac\u00e1n para explorar [&hellip;]<\/p>\n","protected":false},"author":4,"featured_media":141533,"comment_status":"closed","ping_status":"open","sticky":false,"template":"","format":"standard","meta":{"tdm_status":"","tdm_grid_status":"","footnotes":""},"categories":[38],"tags":[],"class_list":["post-141534","post","type-post","status-publish","format-standard","has-post-thumbnail","category-noticias-locales"],"yoast_head":"<!-- This site is optimized with the Yoast SEO plugin v28.4 - https:\/\/yoast.com\/product\/yoast-seo-wordpress\/ -->\n<title>Buscan ADECEM y SE propuestas para reactivar econom\u00eda de la zona centro de Sinaloa - Fuentes Fidedignas<\/title>\n<meta name=\"robots\" content=\"index, follow, max-snippet:-1, max-image-preview:large, max-video-preview:-1\" \/>\n<link rel=\"canonical\" href=\"https:\/\/fuentesfidedignas.com.mx\/index.php\/2026\/09\/03\/buscan-adecem-y-se-propuestas-para-reactivar-economia-de-la-zona-centro-de-sinaloa\/\" \/>\n<meta property=\"og:locale\" content=\"es_MX\" \/>\n<meta property=\"og:type\" content=\"article\" \/>\n<meta property=\"og:title\" content=\"Buscan ADECEM y SE propuestas para reactivar econom\u00eda de la zona centro de Sinaloa - Fuentes Fidedignas\" \/>\n<meta property=\"og:description\" content=\"Financiamiento, fortalecimiento empresarial, recuperaci\u00f3n de la vida nocturna, promoci\u00f3n de Culiac\u00e1n y nuevos eventos para Navolato forman parte de la agenda planteada por empresarios ante la Secretar\u00eda de Econom\u00eda. La Alianza para el Desarrollo y Competitividad de las Empresas (ADECEM) y la Secretar\u00eda de Econom\u00eda de Sinaloa retomaron propuestas de empresarios de Culiac\u00e1n para explorar [&hellip;]\" \/>\n<meta property=\"og:url\" content=\"https:\/\/fuentesfidedignas.com.mx\/index.php\/2026\/09\/03\/buscan-adecem-y-se-propuestas-para-reactivar-economia-de-la-zona-centro-de-sinaloa\/\" \/>\n<meta property=\"og:site_name\" content=\"Fuentes Fidedignas\" \/>\n<meta property=\"article:publisher\" content=\"https:\/\/www.facebook.com\/Fuentes-Fidedignas-368234489921644\" \/>\n<meta property=\"article:published_time\" content=\"2026-09-03T15:53:20+00:00\" \/>\n<meta property=\"og:image\" content=\"https:\/\/fuentesfidedignas.com.mx\/wp-content\/uploads\/2026\/09\/149f01b6-aff6-4f76-9c6e-c94ee865e61d.jpeg\" \/>\n\t<meta property=\"og:image:width\" content=\"1600\" \/>\n\t<meta property=\"og:image:height\" content=\"1200\" \/>\n\t<meta property=\"og:image:type\" content=\"image\/jpeg\" \/>\n<meta name=\"author\" content=\"Redacci\u00f3n\" \/>\n<meta name=\"twitter:card\" content=\"summary_large_image\" \/>\n<meta name=\"twitter:creator\" content=\"@fidedignas\" \/>\n<meta name=\"twitter:site\" content=\"@fidedignas\" \/>\n<meta name=\"twitter:label1\" content=\"Escrito por\" \/>\n\t<meta name=\"twitter:data1\" content=\"Redacci\u00f3n\" \/>\n\t<meta name=\"twitter:label2\" content=\"Tiempo de lectura\" \/>\n\t<meta name=\"twitter:data2\" content=\"6 minutos\" \/>\n<script type=\"application\/ld+json\" class=\"yoast-schema-graph\">{\"@context\":\"https:\\\/\\\/schema.org\",\"@graph\":[{\"@type\":\"Article\",\"@id\":\"https:\\\/\\\/fuentesfidedignas.com.mx\\\/index.php\\\/2026\\\/09\\\/03\\\/buscan-adecem-y-se-propuestas-para-reactivar-economia-de-la-zona-centro-de-sinaloa\\\/#article\",\"isPartOf\":{\"@id\":\"https:\\\/\\\/fuentesfidedignas.com.mx\\\/index.php\\\/2026\\\/09\\\/03\\\/buscan-adecem-y-se-propuestas-para-reactivar-economia-de-la-zona-centro-de-sinaloa\\\/\"},\"author\":{\"name\":\"Redacci\u00f3n\",\"@id\":\"https:\\\/\\\/fuentesfidedignas.com.mx\\\/#\\\/schema\\\/person\\\/331be9283d37198e2acd5750279085b0\"},\"headline\":\"Buscan ADECEM y SE propuestas para reactivar econom\u00eda de la zona centro de Sinaloa\",\"datePublished\":\"2026-09-03T15:53:20+00:00\",\"mainEntityOfPage\":{\"@id\":\"https:\\\/\\\/fuentesfidedignas.com.mx\\\/index.php\\\/2026\\\/09\\\/03\\\/buscan-adecem-y-se-propuestas-para-reactivar-economia-de-la-zona-centro-de-sinaloa\\\/\"},\"wordCount\":1274,\"publisher\":{\"@id\":\"https:\\\/\\\/fuentesfidedignas.com.mx\\\/#organization\"},\"image\":{\"@id\":\"https:\\\/\\\/fuentesfidedignas.com.mx\\\/index.php\\\/2026\\\/09\\\/03\\\/buscan-adecem-y-se-propuestas-para-reactivar-economia-de-la-zona-centro-de-sinaloa\\\/#primaryimage\"},\"thumbnailUrl\":\"https:\\\/\\\/fuentesfidedignas.com.mx\\\/wp-content\\\/uploads\\\/2026\\\/09\\\/149f01b6-aff6-4f76-9c6e-c94ee865e61d.jpeg\",\"articleSection\":[\"NOTICIAS LOCALES\"],\"inLanguage\":\"es\"},{\"@type\":\"WebPage\",\"@id\":\"https:\\\/\\\/fuentesfidedignas.com.mx\\\/index.php\\\/2026\\\/09\\\/03\\\/buscan-adecem-y-se-propuestas-para-reactivar-economia-de-la-zona-centro-de-sinaloa\\\/\",\"url\":\"https:\\\/\\\/fuentesfidedignas.com.mx\\\/index.php\\\/2026\\\/09\\\/03\\\/buscan-adecem-y-se-propuestas-para-reactivar-economia-de-la-zona-centro-de-sinaloa\\\/\",\"name\":\"Buscan ADECEM y SE propuestas para reactivar econom\u00eda de la zona centro de Sinaloa - Fuentes Fidedignas\",\"isPartOf\":{\"@id\":\"https:\\\/\\\/fuentesfidedignas.com.mx\\\/#website\"},\"primaryImageOfPage\":{\"@id\":\"https:\\\/\\\/fuentesfidedignas.com.mx\\\/index.php\\\/2026\\\/09\\\/03\\\/buscan-adecem-y-se-propuestas-para-reactivar-economia-de-la-zona-centro-de-sinaloa\\\/#primaryimage\"},\"image\":{\"@id\":\"https:\\\/\\\/fuentesfidedignas.com.mx\\\/index.php\\\/2026\\\/09\\\/03\\\/buscan-adecem-y-se-propuestas-para-reactivar-economia-de-la-zona-centro-de-sinaloa\\\/#primaryimage\"},\"thumbnailUrl\":\"https:\\\/\\\/fuentesfidedignas.com.mx\\\/wp-content\\\/uploads\\\/2026\\\/09\\\/149f01b6-aff6-4f76-9c6e-c94ee865e61d.jpeg\",\"datePublished\":\"2026-09-03T15:53:20+00:00\",\"breadcrumb\":{\"@id\":\"https:\\\/\\\/fuentesfidedignas.com.mx\\\/index.php\\\/2026\\\/09\\\/03\\\/buscan-adecem-y-se-propuestas-para-reactivar-economia-de-la-zona-centro-de-sinaloa\\\/#breadcrumb\"},\"inLanguage\":\"es\",\"potentialAction\":[{\"@type\":\"ReadAction\",\"target\":[\"https:\\\/\\\/fuentesfidedignas.com.mx\\\/index.php\\\/2026\\\/09\\\/03\\\/buscan-adecem-y-se-propuestas-para-reactivar-economia-de-la-zona-centro-de-sinaloa\\\/\"]}]},{\"@type\":\"ImageObject\",\"inLanguage\":\"es\",\"@id\":\"https:\\\/\\\/fuentesfidedignas.com.mx\\\/index.php\\\/2026\\\/09\\\/03\\\/buscan-adecem-y-se-propuestas-para-reactivar-economia-de-la-zona-centro-de-sinaloa\\\/#primaryimage\",\"url\":\"https:\\\/\\\/fuentesfidedignas.com.mx\\\/wp-content\\\/uploads\\\/2026\\\/09\\\/149f01b6-aff6-4f76-9c6e-c94ee865e61d.jpeg\",\"contentUrl\":\"https:\\\/\\\/fuentesfidedignas.com.mx\\\/wp-content\\\/uploads\\\/2026\\\/09\\\/149f01b6-aff6-4f76-9c6e-c94ee865e61d.jpeg\",\"width\":1600,\"height\":1200},{\"@type\":\"BreadcrumbList\",\"@id\":\"https:\\\/\\\/fuentesfidedignas.com.mx\\\/index.php\\\/2026\\\/09\\\/03\\\/buscan-adecem-y-se-propuestas-para-reactivar-economia-de-la-zona-centro-de-sinaloa\\\/#breadcrumb\",\"itemListElement\":[{\"@type\":\"ListItem\",\"position\":1,\"name\":\"Inicio\",\"item\":\"https:\\\/\\\/fuentesfidedignas.com.mx\\\/\"},{\"@type\":\"ListItem\",\"position\":2,\"name\":\"Buscan ADECEM y SE propuestas para reactivar econom\u00eda de la zona centro de Sinaloa\"}]},{\"@type\":\"WebSite\",\"@id\":\"https:\\\/\\\/fuentesfidedignas.com.mx\\\/#website\",\"url\":\"https:\\\/\\\/fuentesfidedignas.com.mx\\\/\",\"name\":\"Fuentes Fidedignas\",\"description\":\"Otro sitio realizado con WordPress\",\"publisher\":{\"@id\":\"https:\\\/\\\/fuentesfidedignas.com.mx\\\/#organization\"},\"potentialAction\":[{\"@type\":\"SearchAction\",\"target\":{\"@type\":\"EntryPoint\",\"urlTemplate\":\"https:\\\/\\\/fuentesfidedignas.com.mx\\\/?s={search_term_string}\"},\"query-input\":{\"@type\":\"PropertyValueSpecification\",\"valueRequired\":true,\"valueName\":\"search_term_string\"}}],\"inLanguage\":\"es\"},{\"@type\":\"Organization\",\"@id\":\"https:\\\/\\\/fuentesfidedignas.com.mx\\\/#organization\",\"name\":\"Fuentes Fidedignas\",\"url\":\"https:\\\/\\\/fuentesfidedignas.com.mx\\\/\",\"logo\":{\"@type\":\"ImageObject\",\"inLanguage\":\"es\",\"@id\":\"https:\\\/\\\/fuentesfidedignas.com.mx\\\/#\\\/schema\\\/logo\\\/image\\\/\",\"url\":\"https:\\\/\\\/fuentesfidedignas.com.mx\\\/wp-content\\\/uploads\\\/2021\\\/04\\\/logo-retina.png\",\"contentUrl\":\"https:\\\/\\\/fuentesfidedignas.com.mx\\\/wp-content\\\/uploads\\\/2021\\\/04\\\/logo-retina.png\",\"width\":280,\"height\":51,\"caption\":\"Fuentes Fidedignas\"},\"image\":{\"@id\":\"https:\\\/\\\/fuentesfidedignas.com.mx\\\/#\\\/schema\\\/logo\\\/image\\\/\"},\"sameAs\":[\"https:\\\/\\\/www.facebook.com\\\/Fuentes-Fidedignas-368234489921644\",\"https:\\\/\\\/x.com\\\/fidedignas\"]},{\"@type\":\"Person\",\"@id\":\"https:\\\/\\\/fuentesfidedignas.com.mx\\\/#\\\/schema\\\/person\\\/331be9283d37198e2acd5750279085b0\",\"name\":\"Redacci\u00f3n\",\"image\":{\"@type\":\"ImageObject\",\"inLanguage\":\"es\",\"@id\":\"https:\\\/\\\/secure.gravatar.com\\\/avatar\\\/f6d8782c11d12b2d4ad3fbb6931aeab5309937a4d6cd2fc9cfaa28a6396a5aec?s=96&d=mm&r=g\",\"url\":\"https:\\\/\\\/secure.gravatar.com\\\/avatar\\\/f6d8782c11d12b2d4ad3fbb6931aeab5309937a4d6cd2fc9cfaa28a6396a5aec?s=96&d=mm&r=g\",\"contentUrl\":\"https:\\\/\\\/secure.gravatar.com\\\/avatar\\\/f6d8782c11d12b2d4ad3fbb6931aeab5309937a4d6cd2fc9cfaa28a6396a5aec?s=96&d=mm&r=g\",\"caption\":\"Redacci\u00f3n\"},\"url\":\"https:\\\/\\\/fuentesfidedignas.com.mx\\\/index.php\\\/author\\\/redaccion\\\/\"}]}<\/script>\n<!-- \/ Yoast SEO plugin. -->","yoast_head_json":{"title":"Buscan ADECEM y SE propuestas para reactivar econom\u00eda de la zona centro de Sinaloa - Fuentes Fidedignas","robots":{"index":"index","follow":"follow","max-snippet":"max-snippet:-1","max-image-preview":"max-image-preview:large","max-video-preview":"max-video-preview:-1"},"canonical":"https:\/\/fuentesfidedignas.com.mx\/index.php\/2026\/09\/03\/buscan-adecem-y-se-propuestas-para-reactivar-economia-de-la-zona-centro-de-sinaloa\/","og_locale":"es_MX","og_type":"article","og_title":"Buscan ADECEM y SE propuestas para reactivar econom\u00eda de la zona centro de Sinaloa - Fuentes Fidedignas","og_description":"Financiamiento, fortalecimiento empresarial, recuperaci\u00f3n de la vida nocturna, promoci\u00f3n de Culiac\u00e1n y nuevos eventos para Navolato forman parte de la agenda planteada por empresarios ante la Secretar\u00eda de Econom\u00eda. La Alianza para el Desarrollo y Competitividad de las Empresas (ADECEM) y la Secretar\u00eda de Econom\u00eda de Sinaloa retomaron propuestas de empresarios de Culiac\u00e1n para explorar [&hellip;]","og_url":"https:\/\/fuentesfidedignas.com.mx\/index.php\/2026\/09\/03\/buscan-adecem-y-se-propuestas-para-reactivar-economia-de-la-zona-centro-de-sinaloa\/","og_site_name":"Fuentes Fidedignas","article_publisher":"https:\/\/www.facebook.com\/Fuentes-Fidedignas-368234489921644","article_published_time":"2026-09-03T15:53:20+00:00","og_image":[{"width":1600,"height":1200,"url":"https:\/\/fuentesfidedignas.com.mx\/wp-content\/uploads\/2026\/09\/149f01b6-aff6-4f76-9c6e-c94ee865e61d.jpeg","type":"image\/jpeg"}],"author":"Redacci\u00f3n","twitter_card":"summary_large_image","twitter_creator":"@fidedignas","twitter_site":"@fidedignas","twitter_misc":{"Escrito por":"Redacci\u00f3n","Tiempo de lectura":"6 minutos"},"schema":{"@context":"https:\/\/schema.org","@graph":[{"@type":"Article","@id":"https:\/\/fuentesfidedignas.com.mx\/index.php\/2026\/09\/03\/buscan-adecem-y-se-propuestas-para-reactivar-economia-de-la-zona-centro-de-sinaloa\/#article","isPartOf":{"@id":"https:\/\/fuentesfidedignas.com.mx\/index.php\/2026\/09\/03\/buscan-adecem-y-se-propuestas-para-reactivar-economia-de-la-zona-centro-de-sinaloa\/"},"author":{"name":"Redacci\u00f3n","@id":"https:\/\/fuentesfidedignas.com.mx\/#\/schema\/person\/331be9283d37198e2acd5750279085b0"},"headline":"Buscan ADECEM y SE propuestas para reactivar econom\u00eda de la zona centro de Sinaloa","datePublished":"2026-09-03T15:53:20+00:00","mainEntityOfPage":{"@id":"https:\/\/fuentesfidedignas.com.mx\/index.php\/2026\/09\/03\/buscan-adecem-y-se-propuestas-para-reactivar-economia-de-la-zona-centro-de-sinaloa\/"},"wordCount":1274,"publisher":{"@id":"https:\/\/fuentesfidedignas.com.mx\/#organization"},"image":{"@id":"https:\/\/fuentesfidedignas.com.mx\/index.php\/2026\/09\/03\/buscan-adecem-y-se-propuestas-para-reactivar-economia-de-la-zona-centro-de-sinaloa\/#primaryimage"},"thumbnailUrl":"https:\/\/fuentesfidedignas.com.mx\/wp-content\/uploads\/2026\/09\/149f01b6-aff6-4f76-9c6e-c94ee865e61d.jpeg","articleSection":["NOTICIAS LOCALES"],"inLanguage":"es"},{"@type":"WebPage","@id":"https:\/\/fuentesfidedignas.com.mx\/index.php\/2026\/09\/03\/buscan-adecem-y-se-propuestas-para-reactivar-economia-de-la-zona-centro-de-sinaloa\/","url":"https:\/\/fuentesfidedignas.com.mx\/index.php\/2026\/09\/03\/buscan-adecem-y-se-propuestas-para-reactivar-economia-de-la-zona-centro-de-sinaloa\/","name":"Buscan ADECEM y SE propuestas para reactivar econom\u00eda de la zona centro de Sinaloa - Fuentes Fidedignas","isPartOf":{"@id":"https:\/\/fuentesfidedignas.com.mx\/#website"},"primaryImageOfPage":{"@id":"https:\/\/fuentesfidedignas.com.mx\/index.php\/2026\/09\/03\/buscan-adecem-y-se-propuestas-para-reactivar-economia-de-la-zona-centro-de-sinaloa\/#primaryimage"},"image":{"@id":"https:\/\/fuentesfidedignas.com.mx\/index.php\/2026\/09\/03\/buscan-adecem-y-se-propuestas-para-reactivar-economia-de-la-zona-centro-de-sinaloa\/#primaryimage"},"thumbnailUrl":"https:\/\/fuentesfidedignas.com.mx\/wp-content\/uploads\/2026\/09\/149f01b6-aff6-4f76-9c6e-c94ee865e61d.jpeg","datePublished":"2026-09-03T15:53:20+00:00","breadcrumb":{"@id":"https:\/\/fuentesfidedignas.com.mx\/index.php\/2026\/09\/03\/buscan-adecem-y-se-propuestas-para-reactivar-economia-de-la-zona-centro-de-sinaloa\/#breadcrumb"},"inLanguage":"es","potentialAction":[{"@type":"ReadAction","target":["https:\/\/fuentesfidedignas.com.mx\/index.php\/2026\/09\/03\/buscan-adecem-y-se-propuestas-para-reactivar-economia-de-la-zona-centro-de-sinaloa\/"]}]},{"@type":"ImageObject","inLanguage":"es","@id":"https:\/\/fuentesfidedignas.com.mx\/index.php\/2026\/09\/03\/buscan-adecem-y-se-propuestas-para-reactivar-economia-de-la-zona-centro-de-sinaloa\/#primaryimage","url":"https:\/\/fuentesfidedignas.com.mx\/wp-content\/uploads\/2026\/09\/149f01b6-aff6-4f76-9c6e-c94ee865e61d.jpeg","contentUrl":"https:\/\/fuentesfidedignas.com.mx\/wp-content\/uploads\/2026\/09\/149f01b6-aff6-4f76-9c6e-c94ee865e61d.jpeg","width":1600,"height":1200},{"@type":"BreadcrumbList","@id":"https:\/\/fuentesfidedignas.com.mx\/index.php\/2026\/09\/03\/buscan-adecem-y-se-propuestas-para-reactivar-economia-de-la-zona-centro-de-sinaloa\/#breadcrumb","itemListElement":[{"@type":"ListItem","position":1,"name":"Inicio","item":"https:\/\/fuentesfidedignas.com.mx\/"},{"@type":"ListItem","position":2,"name":"Buscan ADECEM y SE propuestas para reactivar econom\u00eda de la zona centro de Sinaloa"}]},{"@type":"WebSite","@id":"https:\/\/fuentesfidedignas.com.mx\/#website","url":"https:\/\/fuentesfidedignas.com.mx\/","name":"Fuentes Fidedignas","description":"Otro sitio realizado con WordPress","publisher":{"@id":"https:\/\/fuentesfidedignas.com.mx\/#organization"},"potentialAction":[{"@type":"SearchAction","target":{"@type":"EntryPoint","urlTemplate":"https:\/\/fuentesfidedignas.com.mx\/?s={search_term_string}"},"query-input":{"@type":"PropertyValueSpecification","valueRequired":true,"valueName":"search_term_string"}}],"inLanguage":"es"},{"@type":"Organization","@id":"https:\/\/fuentesfidedignas.com.mx\/#organization","name":"Fuentes Fidedignas","url":"https:\/\/fuentesfidedignas.com.mx\/","logo":{"@type":"ImageObject","inLanguage":"es","@id":"https:\/\/fuentesfidedignas.com.mx\/#\/schema\/logo\/image\/","url":"https:\/\/fuentesfidedignas.com.mx\/wp-content\/uploads\/2021\/04\/logo-retina.png","contentUrl":"https:\/\/fuentesfidedignas.com.mx\/wp-content\/uploads\/2021\/04\/logo-retina.png","width":280,"height":51,"caption":"Fuentes Fidedignas"},"image":{"@id":"https:\/\/fuentesfidedignas.com.mx\/#\/schema\/logo\/image\/"},"sameAs":["https:\/\/www.facebook.com\/Fuentes-Fidedignas-368234489921644","https:\/\/x.com\/fidedignas"]},{"@type":"Person","@id":"https:\/\/fuentesfidedignas.com.mx\/#\/schema\/person\/331be9283d37198e2acd5750279085b0","name":"Redacci\u00f3n","image":{"@type":"ImageObject","inLanguage":"es","@id":"https:\/\/secure.gravatar.com\/avatar\/f6d8782c11d12b2d4ad3fbb6931aeab5309937a4d6cd2fc9cfaa28a6396a5aec?s=96&d=mm&r=g","url":"https:\/\/secure.gravatar.com\/avatar\/f6d8782c11d12b2d4ad3fbb6931aeab5309937a4d6cd2fc9cfaa28a6396a5aec?s=96&d=mm&r=g","contentUrl":"https:\/\/secure.gravatar.com\/avatar\/f6d8782c11d12b2d4ad3fbb6931aeab5309937a4d6cd2fc9cfaa28a6396a5aec?s=96&d=mm&r=g","caption":"Redacci\u00f3n"},"url":"https:\/\/fuentesfidedignas.com.mx\/index.php\/author\/redaccion\/"}]}},"_links":{"self":[{"href":"https:\/\/fuentesfidedignas.com.mx\/index.php\/wp-json\/wp\/v2\/posts\/141534","targetHints":{"allow":["GET"]}}],"collection":[{"href":"https:\/\/fuentesfidedignas.com.mx\/index.php\/wp-json\/wp\/v2\/posts"}],"about":[{"href":"https:\/\/fuentesfidedignas.com.mx\/index.php\/wp-json\/wp\/v2\/types\/post"}],"author":[{"embeddable":true,"href":"https:\/\/fuentesfidedignas.com.mx\/index.php\/wp-json\/wp\/v2\/users\/4"}],"replies":[{"embeddable":true,"href":"https:\/\/fuentesfidedignas.com.mx\/index.php\/wp-json\/wp\/v2\/comments?post=141534"}],"version-history":[{"count":1,"href":"https:\/\/fuentesfidedignas.com.mx\/index.php\/wp-json\/wp\/v2\/posts\/141534\/revisions"}],"predecessor-version":[{"id":141535,"href":"https:\/\/fuentesfidedignas.com.mx\/index.php\/wp-json\/wp\/v2\/posts\/141534\/revisions\/141535"}],"wp:featuredmedia":[{"embeddable":true,"href":"https:\/\/fuentesfidedignas.com.mx\/index.php\/wp-json\/wp\/v2\/media\/141533"}],"wp:attachment":[{"href":"https:\/\/fuentesfidedignas.com.mx\/index.php\/wp-json\/wp\/v2\/media?parent=141534"}],"wp:term":[{"taxonomy":"category","embeddable":true,"href":"https:\/\/fuentesfidedignas.com.mx\/index.php\/wp-json\/wp\/v2\/categories?post=141534"},{"taxonomy":"post_tag","embeddable":true,"href":"https:\/\/fuentesfidedignas.com.mx\/index.php\/wp-json\/wp\/v2\/tags?post=141534"}],"curies":[{"name":"wp","href":"https:\/\/api.w.org\/{rel}","templated":true}]}}