{"id":141526,"date":"2026-09-03T06:56:08","date_gmt":"2026-09-03T13:56:08","guid":{"rendered":"https:\/\/fuentesfidedignas.com.mx\/?p=141526"},"modified":"2026-09-03T06:56:15","modified_gmt":"2026-09-03T13:56:15","slug":"detienen-a-el-goben-ligado-al-cartel-de-sinaloa-en-un-fraccionamiento-en-puebla","status":"publish","type":"post","link":"https:\/\/fuentesfidedignas.com.mx\/index.php\/2026\/09\/03\/detienen-a-el-goben-ligado-al-cartel-de-sinaloa-en-un-fraccionamiento-en-puebla\/","title":{"rendered":"Detienen a \u2018El G\u00f3ben\u2019, ligado al C\u00e1rtel de Sinaloa, en un fraccionamiento en Puebla"},"content":{"rendered":"\n<p class=\"wp-block-paragraph\"><strong><em>\u2018El Amarillo\u2019, presunto l\u00edder de Los Rusos, era uno de los objetivos prioritarios de la Secretar\u00eda de Seguridad.<\/em><\/strong><\/p>\n\n\n\n<p class=\"wp-block-paragraph\">G\u00f3ven Ulisses \u2018N\u2019, alias \u2018El Amarillo\u2019 o \u2018El G\u00f3ben\u2019, presunto l\u00edder del grupo delictivo Los Rusos, fue detenido en el fraccionamiento Lomas de Angel\u00f3polis, en Puebla, en una operaci\u00f3n conjunta de las fuerzas de seguridad federales y estatales, inform\u00f3 el secretario de Seguridad, Omar Garc\u00eda Harfuch a trav\u00e9s de sus redes sociales.<\/p>\n\n\n\n<p class=\"wp-block-paragraph\">El sujeto, considerado un objetivo prioritario y uno de los principales generadores de violencia con centro de operaciones en Acapulco, Guerrero, fue aprehendido junto con dos de sus escoltas. Adem\u00e1s, durante la operaci\u00f3n se aseguraron armas, drogas y veh\u00edculos de lujo.<\/p>\n\n\n\n<p class=\"wp-block-paragraph\">Garc\u00eda Harfuch detall\u00f3 que la captura es resultado de labores de inteligencia e investigaci\u00f3n ejecutadas por la Agencia de Investigaci\u00f3n Criminal y la FEMDO de la Fiscal\u00eda General de la Rep\u00fablica (FGR), la Secretar\u00eda de Seguridad y Protecci\u00f3n Ciudadana (SSPC) y la Secretar\u00eda de Marina (SEMAR).<\/p>\n\n\n\n<p class=\"wp-block-paragraph\">La intervenci\u00f3n cont\u00f3 adem\u00e1s con informaci\u00f3n proporcionada por el Centro Nacional de Inteligencia (CNI), en coordinaci\u00f3n estrat\u00e9gica con las autoridades locales de Puebla y Guerrero.<\/p>\n\n\n\n<p class=\"wp-block-paragraph\"><strong>\u00bfQu\u00e9 sabemos de \u2018El Amarillo\u2019, presunto l\u00edder de Los Rusos?<\/strong><br>De acuerdo con el informe oficial, \u2018El Amarillo\u2019 est\u00e1 presuntamente implicado en delitos de alto impacto que afectan de forma directa a la poblaci\u00f3n de la regi\u00f3n del Pac\u00edfico, entre los que destacan extorsi\u00f3n, secuestro, privaci\u00f3n ilegal de la libertad, homicidio, as\u00ed como el tr\u00e1fico y distribuci\u00f3n de sustancias il\u00edcitas.<\/p>\n\n\n\n<p class=\"wp-block-paragraph\">Durante el operativo de captura, las autoridades aseguraron armamento, diversos cargamentos de droga y veh\u00edculos de lujo.<\/p>\n\n\n\n<p class=\"wp-block-paragraph\">Como parte de las investigaciones en curso derivadas de esta detenci\u00f3n, de manera simult\u00e1nea se efect\u00faan m\u00faltiples cateos en distintas propiedades y puntos estrat\u00e9gicos de la zona para desmantelar por completo la infraestructura operativa de la red criminal.<\/p>\n\n\n\n<p class=\"wp-block-paragraph\">El secretario de Seguridad agradeci\u00f3 a los gobernadores de Puebla, Alejandro Armenta; y de Guerrero, Evelyn Salgado, por el apoyo en la coordinaci\u00f3n para realizar el operativo.<\/p>\n","protected":false},"excerpt":{"rendered":"<p>\u2018El Amarillo\u2019, presunto l\u00edder de Los Rusos, era uno de los objetivos prioritarios de la Secretar\u00eda de Seguridad. G\u00f3ven Ulisses \u2018N\u2019, alias \u2018El Amarillo\u2019 o \u2018El G\u00f3ben\u2019, presunto l\u00edder del grupo delictivo Los Rusos, fue detenido en el fraccionamiento Lomas de Angel\u00f3polis, en Puebla, en una operaci\u00f3n conjunta de las fuerzas de seguridad federales y [&hellip;]<\/p>\n","protected":false},"author":86,"featured_media":141527,"comment_status":"open","ping_status":"open","sticky":false,"template":"","format":"standard","meta":{"tdm_status":"","tdm_grid_status":"","footnotes":""},"categories":[39],"tags":[],"class_list":["post-141526","post","type-post","status-publish","format-standard","has-post-thumbnail","category-noticias-nacionales"],"yoast_head":"<!-- This site is optimized with the Yoast SEO plugin v28.4 - https:\/\/yoast.com\/product\/yoast-seo-wordpress\/ -->\n<title>Detienen a \u2018El G\u00f3ben\u2019, ligado al C\u00e1rtel de Sinaloa, en un fraccionamiento en Puebla - Fuentes Fidedignas<\/title>\n<meta name=\"robots\" content=\"index, follow, max-snippet:-1, max-image-preview:large, max-video-preview:-1\" \/>\n<link rel=\"canonical\" href=\"https:\/\/fuentesfidedignas.com.mx\/index.php\/2026\/09\/03\/detienen-a-el-goben-ligado-al-cartel-de-sinaloa-en-un-fraccionamiento-en-puebla\/\" \/>\n<meta property=\"og:locale\" content=\"es_MX\" \/>\n<meta property=\"og:type\" content=\"article\" \/>\n<meta property=\"og:title\" content=\"Detienen a \u2018El G\u00f3ben\u2019, ligado al C\u00e1rtel de Sinaloa, en un fraccionamiento en Puebla - Fuentes Fidedignas\" \/>\n<meta property=\"og:description\" content=\"\u2018El Amarillo\u2019, presunto l\u00edder de Los Rusos, era uno de los objetivos prioritarios de la Secretar\u00eda de Seguridad. G\u00f3ven Ulisses \u2018N\u2019, alias \u2018El Amarillo\u2019 o \u2018El G\u00f3ben\u2019, presunto l\u00edder del grupo delictivo Los Rusos, fue detenido en el fraccionamiento Lomas de Angel\u00f3polis, en Puebla, en una operaci\u00f3n conjunta de las fuerzas de seguridad federales y [&hellip;]\" \/>\n<meta property=\"og:url\" content=\"https:\/\/fuentesfidedignas.com.mx\/index.php\/2026\/09\/03\/detienen-a-el-goben-ligado-al-cartel-de-sinaloa-en-un-fraccionamiento-en-puebla\/\" \/>\n<meta property=\"og:site_name\" content=\"Fuentes Fidedignas\" \/>\n<meta property=\"article:publisher\" content=\"https:\/\/www.facebook.com\/Fuentes-Fidedignas-368234489921644\" \/>\n<meta property=\"article:published_time\" content=\"2026-09-03T13:56:08+00:00\" \/>\n<meta property=\"article:modified_time\" content=\"2026-09-03T13:56:15+00:00\" \/>\n<meta property=\"og:image\" content=\"https:\/\/fuentesfidedignas.com.mx\/wp-content\/uploads\/2026\/09\/El-amarillo.jpg\" \/>\n\t<meta property=\"og:image:width\" content=\"500\" \/>\n\t<meta property=\"og:image:height\" content=\"283\" \/>\n\t<meta property=\"og:image:type\" content=\"image\/jpeg\" \/>\n<meta name=\"author\" content=\"Quadratin\" \/>\n<meta name=\"twitter:card\" content=\"summary_large_image\" \/>\n<meta name=\"twitter:creator\" content=\"@fidedignas\" \/>\n<meta name=\"twitter:site\" content=\"@fidedignas\" \/>\n<meta name=\"twitter:label1\" content=\"Escrito por\" \/>\n\t<meta name=\"twitter:data1\" content=\"Quadratin\" \/>\n\t<meta name=\"twitter:label2\" content=\"Tiempo de lectura\" \/>\n\t<meta name=\"twitter:data2\" content=\"2 minutos\" \/>\n<script type=\"application\/ld+json\" class=\"yoast-schema-graph\">{\"@context\":\"https:\\\/\\\/schema.org\",\"@graph\":[{\"@type\":\"Article\",\"@id\":\"https:\\\/\\\/fuentesfidedignas.com.mx\\\/index.php\\\/2026\\\/09\\\/03\\\/detienen-a-el-goben-ligado-al-cartel-de-sinaloa-en-un-fraccionamiento-en-puebla\\\/#article\",\"isPartOf\":{\"@id\":\"https:\\\/\\\/fuentesfidedignas.com.mx\\\/index.php\\\/2026\\\/09\\\/03\\\/detienen-a-el-goben-ligado-al-cartel-de-sinaloa-en-un-fraccionamiento-en-puebla\\\/\"},\"author\":{\"name\":\"Quadratin\",\"@id\":\"https:\\\/\\\/fuentesfidedignas.com.mx\\\/#\\\/schema\\\/person\\\/c5d18bb8e93b58774862b6d72156b47d\"},\"headline\":\"Detienen a \u2018El G\u00f3ben\u2019, ligado al C\u00e1rtel de Sinaloa, en un fraccionamiento en Puebla\",\"datePublished\":\"2026-09-03T13:56:08+00:00\",\"dateModified\":\"2026-09-03T13:56:15+00:00\",\"mainEntityOfPage\":{\"@id\":\"https:\\\/\\\/fuentesfidedignas.com.mx\\\/index.php\\\/2026\\\/09\\\/03\\\/detienen-a-el-goben-ligado-al-cartel-de-sinaloa-en-un-fraccionamiento-en-puebla\\\/\"},\"wordCount\":381,\"commentCount\":0,\"publisher\":{\"@id\":\"https:\\\/\\\/fuentesfidedignas.com.mx\\\/#organization\"},\"image\":{\"@id\":\"https:\\\/\\\/fuentesfidedignas.com.mx\\\/index.php\\\/2026\\\/09\\\/03\\\/detienen-a-el-goben-ligado-al-cartel-de-sinaloa-en-un-fraccionamiento-en-puebla\\\/#primaryimage\"},\"thumbnailUrl\":\"https:\\\/\\\/fuentesfidedignas.com.mx\\\/wp-content\\\/uploads\\\/2026\\\/09\\\/El-amarillo.jpg\",\"articleSection\":[\"NOTICIAS NACIONALES\"],\"inLanguage\":\"es\",\"potentialAction\":[{\"@type\":\"CommentAction\",\"name\":\"Comment\",\"target\":[\"https:\\\/\\\/fuentesfidedignas.com.mx\\\/index.php\\\/2026\\\/09\\\/03\\\/detienen-a-el-goben-ligado-al-cartel-de-sinaloa-en-un-fraccionamiento-en-puebla\\\/#respond\"]}]},{\"@type\":\"WebPage\",\"@id\":\"https:\\\/\\\/fuentesfidedignas.com.mx\\\/index.php\\\/2026\\\/09\\\/03\\\/detienen-a-el-goben-ligado-al-cartel-de-sinaloa-en-un-fraccionamiento-en-puebla\\\/\",\"url\":\"https:\\\/\\\/fuentesfidedignas.com.mx\\\/index.php\\\/2026\\\/09\\\/03\\\/detienen-a-el-goben-ligado-al-cartel-de-sinaloa-en-un-fraccionamiento-en-puebla\\\/\",\"name\":\"Detienen a \u2018El G\u00f3ben\u2019, ligado al C\u00e1rtel de Sinaloa, en un fraccionamiento en Puebla - Fuentes Fidedignas\",\"isPartOf\":{\"@id\":\"https:\\\/\\\/fuentesfidedignas.com.mx\\\/#website\"},\"primaryImageOfPage\":{\"@id\":\"https:\\\/\\\/fuentesfidedignas.com.mx\\\/index.php\\\/2026\\\/09\\\/03\\\/detienen-a-el-goben-ligado-al-cartel-de-sinaloa-en-un-fraccionamiento-en-puebla\\\/#primaryimage\"},\"image\":{\"@id\":\"https:\\\/\\\/fuentesfidedignas.com.mx\\\/index.php\\\/2026\\\/09\\\/03\\\/detienen-a-el-goben-ligado-al-cartel-de-sinaloa-en-un-fraccionamiento-en-puebla\\\/#primaryimage\"},\"thumbnailUrl\":\"https:\\\/\\\/fuentesfidedignas.com.mx\\\/wp-content\\\/uploads\\\/2026\\\/09\\\/El-amarillo.jpg\",\"datePublished\":\"2026-09-03T13:56:08+00:00\",\"dateModified\":\"2026-09-03T13:56:15+00:00\",\"breadcrumb\":{\"@id\":\"https:\\\/\\\/fuentesfidedignas.com.mx\\\/index.php\\\/2026\\\/09\\\/03\\\/detienen-a-el-goben-ligado-al-cartel-de-sinaloa-en-un-fraccionamiento-en-puebla\\\/#breadcrumb\"},\"inLanguage\":\"es\",\"potentialAction\":[{\"@type\":\"ReadAction\",\"target\":[\"https:\\\/\\\/fuentesfidedignas.com.mx\\\/index.php\\\/2026\\\/09\\\/03\\\/detienen-a-el-goben-ligado-al-cartel-de-sinaloa-en-un-fraccionamiento-en-puebla\\\/\"]}]},{\"@type\":\"ImageObject\",\"inLanguage\":\"es\",\"@id\":\"https:\\\/\\\/fuentesfidedignas.com.mx\\\/index.php\\\/2026\\\/09\\\/03\\\/detienen-a-el-goben-ligado-al-cartel-de-sinaloa-en-un-fraccionamiento-en-puebla\\\/#primaryimage\",\"url\":\"https:\\\/\\\/fuentesfidedignas.com.mx\\\/wp-content\\\/uploads\\\/2026\\\/09\\\/El-amarillo.jpg\",\"contentUrl\":\"https:\\\/\\\/fuentesfidedignas.com.mx\\\/wp-content\\\/uploads\\\/2026\\\/09\\\/El-amarillo.jpg\",\"width\":500,\"height\":283},{\"@type\":\"BreadcrumbList\",\"@id\":\"https:\\\/\\\/fuentesfidedignas.com.mx\\\/index.php\\\/2026\\\/09\\\/03\\\/detienen-a-el-goben-ligado-al-cartel-de-sinaloa-en-un-fraccionamiento-en-puebla\\\/#breadcrumb\",\"itemListElement\":[{\"@type\":\"ListItem\",\"position\":1,\"name\":\"Inicio\",\"item\":\"https:\\\/\\\/fuentesfidedignas.com.mx\\\/\"},{\"@type\":\"ListItem\",\"position\":2,\"name\":\"Detienen a \u2018El G\u00f3ben\u2019, ligado al C\u00e1rtel de Sinaloa, en un fraccionamiento en Puebla\"}]},{\"@type\":\"WebSite\",\"@id\":\"https:\\\/\\\/fuentesfidedignas.com.mx\\\/#website\",\"url\":\"https:\\\/\\\/fuentesfidedignas.com.mx\\\/\",\"name\":\"Fuentes Fidedignas\",\"description\":\"Otro sitio realizado con WordPress\",\"publisher\":{\"@id\":\"https:\\\/\\\/fuentesfidedignas.com.mx\\\/#organization\"},\"potentialAction\":[{\"@type\":\"SearchAction\",\"target\":{\"@type\":\"EntryPoint\",\"urlTemplate\":\"https:\\\/\\\/fuentesfidedignas.com.mx\\\/?s={search_term_string}\"},\"query-input\":{\"@type\":\"PropertyValueSpecification\",\"valueRequired\":true,\"valueName\":\"search_term_string\"}}],\"inLanguage\":\"es\"},{\"@type\":\"Organization\",\"@id\":\"https:\\\/\\\/fuentesfidedignas.com.mx\\\/#organization\",\"name\":\"Fuentes Fidedignas\",\"url\":\"https:\\\/\\\/fuentesfidedignas.com.mx\\\/\",\"logo\":{\"@type\":\"ImageObject\",\"inLanguage\":\"es\",\"@id\":\"https:\\\/\\\/fuentesfidedignas.com.mx\\\/#\\\/schema\\\/logo\\\/image\\\/\",\"url\":\"https:\\\/\\\/fuentesfidedignas.com.mx\\\/wp-content\\\/uploads\\\/2021\\\/04\\\/logo-retina.png\",\"contentUrl\":\"https:\\\/\\\/fuentesfidedignas.com.mx\\\/wp-content\\\/uploads\\\/2021\\\/04\\\/logo-retina.png\",\"width\":280,\"height\":51,\"caption\":\"Fuentes Fidedignas\"},\"image\":{\"@id\":\"https:\\\/\\\/fuentesfidedignas.com.mx\\\/#\\\/schema\\\/logo\\\/image\\\/\"},\"sameAs\":[\"https:\\\/\\\/www.facebook.com\\\/Fuentes-Fidedignas-368234489921644\",\"https:\\\/\\\/x.com\\\/fidedignas\"]},{\"@type\":\"Person\",\"@id\":\"https:\\\/\\\/fuentesfidedignas.com.mx\\\/#\\\/schema\\\/person\\\/c5d18bb8e93b58774862b6d72156b47d\",\"name\":\"Quadratin\",\"image\":{\"@type\":\"ImageObject\",\"inLanguage\":\"es\",\"@id\":\"https:\\\/\\\/secure.gravatar.com\\\/avatar\\\/2d4877177a9b4c38e641cf77a6da7784c766ff83b8ff034ef3f8d32826493008?s=96&d=mm&r=g\",\"url\":\"https:\\\/\\\/secure.gravatar.com\\\/avatar\\\/2d4877177a9b4c38e641cf77a6da7784c766ff83b8ff034ef3f8d32826493008?s=96&d=mm&r=g\",\"contentUrl\":\"https:\\\/\\\/secure.gravatar.com\\\/avatar\\\/2d4877177a9b4c38e641cf77a6da7784c766ff83b8ff034ef3f8d32826493008?s=96&d=mm&r=g\",\"caption\":\"Quadratin\"},\"url\":\"https:\\\/\\\/fuentesfidedignas.com.mx\\\/index.php\\\/author\\\/quadratin\\\/\"}]}<\/script>\n<!-- \/ Yoast SEO plugin. -->","yoast_head_json":{"title":"Detienen a \u2018El G\u00f3ben\u2019, ligado al C\u00e1rtel de Sinaloa, en un fraccionamiento en Puebla - Fuentes Fidedignas","robots":{"index":"index","follow":"follow","max-snippet":"max-snippet:-1","max-image-preview":"max-image-preview:large","max-video-preview":"max-video-preview:-1"},"canonical":"https:\/\/fuentesfidedignas.com.mx\/index.php\/2026\/09\/03\/detienen-a-el-goben-ligado-al-cartel-de-sinaloa-en-un-fraccionamiento-en-puebla\/","og_locale":"es_MX","og_type":"article","og_title":"Detienen a \u2018El G\u00f3ben\u2019, ligado al C\u00e1rtel de Sinaloa, en un fraccionamiento en Puebla - Fuentes Fidedignas","og_description":"\u2018El Amarillo\u2019, presunto l\u00edder de Los Rusos, era uno de los objetivos prioritarios de la Secretar\u00eda de Seguridad. G\u00f3ven Ulisses \u2018N\u2019, alias \u2018El Amarillo\u2019 o \u2018El G\u00f3ben\u2019, presunto l\u00edder del grupo delictivo Los Rusos, fue detenido en el fraccionamiento Lomas de Angel\u00f3polis, en Puebla, en una operaci\u00f3n conjunta de las fuerzas de seguridad federales y [&hellip;]","og_url":"https:\/\/fuentesfidedignas.com.mx\/index.php\/2026\/09\/03\/detienen-a-el-goben-ligado-al-cartel-de-sinaloa-en-un-fraccionamiento-en-puebla\/","og_site_name":"Fuentes Fidedignas","article_publisher":"https:\/\/www.facebook.com\/Fuentes-Fidedignas-368234489921644","article_published_time":"2026-09-03T13:56:08+00:00","article_modified_time":"2026-09-03T13:56:15+00:00","og_image":[{"width":500,"height":283,"url":"https:\/\/fuentesfidedignas.com.mx\/wp-content\/uploads\/2026\/09\/El-amarillo.jpg","type":"image\/jpeg"}],"author":"Quadratin","twitter_card":"summary_large_image","twitter_creator":"@fidedignas","twitter_site":"@fidedignas","twitter_misc":{"Escrito por":"Quadratin","Tiempo de lectura":"2 minutos"},"schema":{"@context":"https:\/\/schema.org","@graph":[{"@type":"Article","@id":"https:\/\/fuentesfidedignas.com.mx\/index.php\/2026\/09\/03\/detienen-a-el-goben-ligado-al-cartel-de-sinaloa-en-un-fraccionamiento-en-puebla\/#article","isPartOf":{"@id":"https:\/\/fuentesfidedignas.com.mx\/index.php\/2026\/09\/03\/detienen-a-el-goben-ligado-al-cartel-de-sinaloa-en-un-fraccionamiento-en-puebla\/"},"author":{"name":"Quadratin","@id":"https:\/\/fuentesfidedignas.com.mx\/#\/schema\/person\/c5d18bb8e93b58774862b6d72156b47d"},"headline":"Detienen a \u2018El G\u00f3ben\u2019, ligado al C\u00e1rtel de Sinaloa, en un fraccionamiento en Puebla","datePublished":"2026-09-03T13:56:08+00:00","dateModified":"2026-09-03T13:56:15+00:00","mainEntityOfPage":{"@id":"https:\/\/fuentesfidedignas.com.mx\/index.php\/2026\/09\/03\/detienen-a-el-goben-ligado-al-cartel-de-sinaloa-en-un-fraccionamiento-en-puebla\/"},"wordCount":381,"commentCount":0,"publisher":{"@id":"https:\/\/fuentesfidedignas.com.mx\/#organization"},"image":{"@id":"https:\/\/fuentesfidedignas.com.mx\/index.php\/2026\/09\/03\/detienen-a-el-goben-ligado-al-cartel-de-sinaloa-en-un-fraccionamiento-en-puebla\/#primaryimage"},"thumbnailUrl":"https:\/\/fuentesfidedignas.com.mx\/wp-content\/uploads\/2026\/09\/El-amarillo.jpg","articleSection":["NOTICIAS NACIONALES"],"inLanguage":"es","potentialAction":[{"@type":"CommentAction","name":"Comment","target":["https:\/\/fuentesfidedignas.com.mx\/index.php\/2026\/09\/03\/detienen-a-el-goben-ligado-al-cartel-de-sinaloa-en-un-fraccionamiento-en-puebla\/#respond"]}]},{"@type":"WebPage","@id":"https:\/\/fuentesfidedignas.com.mx\/index.php\/2026\/09\/03\/detienen-a-el-goben-ligado-al-cartel-de-sinaloa-en-un-fraccionamiento-en-puebla\/","url":"https:\/\/fuentesfidedignas.com.mx\/index.php\/2026\/09\/03\/detienen-a-el-goben-ligado-al-cartel-de-sinaloa-en-un-fraccionamiento-en-puebla\/","name":"Detienen a \u2018El G\u00f3ben\u2019, ligado al C\u00e1rtel de Sinaloa, en un fraccionamiento en Puebla - Fuentes Fidedignas","isPartOf":{"@id":"https:\/\/fuentesfidedignas.com.mx\/#website"},"primaryImageOfPage":{"@id":"https:\/\/fuentesfidedignas.com.mx\/index.php\/2026\/09\/03\/detienen-a-el-goben-ligado-al-cartel-de-sinaloa-en-un-fraccionamiento-en-puebla\/#primaryimage"},"image":{"@id":"https:\/\/fuentesfidedignas.com.mx\/index.php\/2026\/09\/03\/detienen-a-el-goben-ligado-al-cartel-de-sinaloa-en-un-fraccionamiento-en-puebla\/#primaryimage"},"thumbnailUrl":"https:\/\/fuentesfidedignas.com.mx\/wp-content\/uploads\/2026\/09\/El-amarillo.jpg","datePublished":"2026-09-03T13:56:08+00:00","dateModified":"2026-09-03T13:56:15+00:00","breadcrumb":{"@id":"https:\/\/fuentesfidedignas.com.mx\/index.php\/2026\/09\/03\/detienen-a-el-goben-ligado-al-cartel-de-sinaloa-en-un-fraccionamiento-en-puebla\/#breadcrumb"},"inLanguage":"es","potentialAction":[{"@type":"ReadAction","target":["https:\/\/fuentesfidedignas.com.mx\/index.php\/2026\/09\/03\/detienen-a-el-goben-ligado-al-cartel-de-sinaloa-en-un-fraccionamiento-en-puebla\/"]}]},{"@type":"ImageObject","inLanguage":"es","@id":"https:\/\/fuentesfidedignas.com.mx\/index.php\/2026\/09\/03\/detienen-a-el-goben-ligado-al-cartel-de-sinaloa-en-un-fraccionamiento-en-puebla\/#primaryimage","url":"https:\/\/fuentesfidedignas.com.mx\/wp-content\/uploads\/2026\/09\/El-amarillo.jpg","contentUrl":"https:\/\/fuentesfidedignas.com.mx\/wp-content\/uploads\/2026\/09\/El-amarillo.jpg","width":500,"height":283},{"@type":"BreadcrumbList","@id":"https:\/\/fuentesfidedignas.com.mx\/index.php\/2026\/09\/03\/detienen-a-el-goben-ligado-al-cartel-de-sinaloa-en-un-fraccionamiento-en-puebla\/#breadcrumb","itemListElement":[{"@type":"ListItem","position":1,"name":"Inicio","item":"https:\/\/fuentesfidedignas.com.mx\/"},{"@type":"ListItem","position":2,"name":"Detienen a \u2018El G\u00f3ben\u2019, ligado al C\u00e1rtel de Sinaloa, en un fraccionamiento en Puebla"}]},{"@type":"WebSite","@id":"https:\/\/fuentesfidedignas.com.mx\/#website","url":"https:\/\/fuentesfidedignas.com.mx\/","name":"Fuentes Fidedignas","description":"Otro sitio realizado con WordPress","publisher":{"@id":"https:\/\/fuentesfidedignas.com.mx\/#organization"},"potentialAction":[{"@type":"SearchAction","target":{"@type":"EntryPoint","urlTemplate":"https:\/\/fuentesfidedignas.com.mx\/?s={search_term_string}"},"query-input":{"@type":"PropertyValueSpecification","valueRequired":true,"valueName":"search_term_string"}}],"inLanguage":"es"},{"@type":"Organization","@id":"https:\/\/fuentesfidedignas.com.mx\/#organization","name":"Fuentes Fidedignas","url":"https:\/\/fuentesfidedignas.com.mx\/","logo":{"@type":"ImageObject","inLanguage":"es","@id":"https:\/\/fuentesfidedignas.com.mx\/#\/schema\/logo\/image\/","url":"https:\/\/fuentesfidedignas.com.mx\/wp-content\/uploads\/2021\/04\/logo-retina.png","contentUrl":"https:\/\/fuentesfidedignas.com.mx\/wp-content\/uploads\/2021\/04\/logo-retina.png","width":280,"height":51,"caption":"Fuentes Fidedignas"},"image":{"@id":"https:\/\/fuentesfidedignas.com.mx\/#\/schema\/logo\/image\/"},"sameAs":["https:\/\/www.facebook.com\/Fuentes-Fidedignas-368234489921644","https:\/\/x.com\/fidedignas"]},{"@type":"Person","@id":"https:\/\/fuentesfidedignas.com.mx\/#\/schema\/person\/c5d18bb8e93b58774862b6d72156b47d","name":"Quadratin","image":{"@type":"ImageObject","inLanguage":"es","@id":"https:\/\/secure.gravatar.com\/avatar\/2d4877177a9b4c38e641cf77a6da7784c766ff83b8ff034ef3f8d32826493008?s=96&d=mm&r=g","url":"https:\/\/secure.gravatar.com\/avatar\/2d4877177a9b4c38e641cf77a6da7784c766ff83b8ff034ef3f8d32826493008?s=96&d=mm&r=g","contentUrl":"https:\/\/secure.gravatar.com\/avatar\/2d4877177a9b4c38e641cf77a6da7784c766ff83b8ff034ef3f8d32826493008?s=96&d=mm&r=g","caption":"Quadratin"},"url":"https:\/\/fuentesfidedignas.com.mx\/index.php\/author\/quadratin\/"}]}},"_links":{"self":[{"href":"https:\/\/fuentesfidedignas.com.mx\/index.php\/wp-json\/wp\/v2\/posts\/141526","targetHints":{"allow":["GET"]}}],"collection":[{"href":"https:\/\/fuentesfidedignas.com.mx\/index.php\/wp-json\/wp\/v2\/posts"}],"about":[{"href":"https:\/\/fuentesfidedignas.com.mx\/index.php\/wp-json\/wp\/v2\/types\/post"}],"author":[{"embeddable":true,"href":"https:\/\/fuentesfidedignas.com.mx\/index.php\/wp-json\/wp\/v2\/users\/86"}],"replies":[{"embeddable":true,"href":"https:\/\/fuentesfidedignas.com.mx\/index.php\/wp-json\/wp\/v2\/comments?post=141526"}],"version-history":[{"count":1,"href":"https:\/\/fuentesfidedignas.com.mx\/index.php\/wp-json\/wp\/v2\/posts\/141526\/revisions"}],"predecessor-version":[{"id":141528,"href":"https:\/\/fuentesfidedignas.com.mx\/index.php\/wp-json\/wp\/v2\/posts\/141526\/revisions\/141528"}],"wp:featuredmedia":[{"embeddable":true,"href":"https:\/\/fuentesfidedignas.com.mx\/index.php\/wp-json\/wp\/v2\/media\/141527"}],"wp:attachment":[{"href":"https:\/\/fuentesfidedignas.com.mx\/index.php\/wp-json\/wp\/v2\/media?parent=141526"}],"wp:term":[{"taxonomy":"category","embeddable":true,"href":"https:\/\/fuentesfidedignas.com.mx\/index.php\/wp-json\/wp\/v2\/categories?post=141526"},{"taxonomy":"post_tag","embeddable":true,"href":"https:\/\/fuentesfidedignas.com.mx\/index.php\/wp-json\/wp\/v2\/tags?post=141526"}],"curies":[{"name":"wp","href":"https:\/\/api.w.org\/{rel}","templated":true}]}}