{"id":141503,"date":"2026-09-02T20:20:29","date_gmt":"2026-09-03T03:20:29","guid":{"rendered":"https:\/\/fuentesfidedignas.com.mx\/?p=141503"},"modified":"2026-09-02T20:20:29","modified_gmt":"2026-09-03T03:20:29","slug":"fortalecen-a-comerciantes-de-el-fuerte-con-209-apoyos-del-programa-equipa-sinaloa","status":"publish","type":"post","link":"https:\/\/fuentesfidedignas.com.mx\/index.php\/2026\/09\/02\/fortalecen-a-comerciantes-de-el-fuerte-con-209-apoyos-del-programa-equipa-sinaloa\/","title":{"rendered":"Fortalecen a comerciantes de El Fuerte con 209 apoyos del programa Equipa Sinaloa."},"content":{"rendered":"\n<p class=\"wp-block-paragraph\"><strong><em>Con una inversi\u00f3n en equipamiento productivo, 52 comerciantes de El Fuerte reciben herramientas y maquinaria para fortalecer sus negocios y generar mejores oportunidades de autoempleo.<\/em><\/strong><\/p>\n\n\n\n<p class=\"wp-block-paragraph\">El Fuerte, Sinaloa.- Con el compromiso de seguir impulsando a quienes trabajan y emprenden desde sus comunidades, el Gobierno del Estado de Sinaloa, a trav\u00e9s de la Secretar\u00eda de Econom\u00eda, entreg\u00f3 209 apoyos de equipamiento productivo a 52 comerciantes del municipio de El Fuerte, como parte del programa Equipa Sinaloa, una estrategia de cobertura estatal que fortalece a los micronegocios y el autoempleo.<\/p>\n\n\n\n<p class=\"wp-block-paragraph\">El evento fue encabezado por el Mtro. Diego Armando Aguerrebere Espitia, Secretario de Econom\u00eda del Estado de Sinaloa, y el presidente municipal de El Fuerte, Gildardo Leyva Ortega, quienes coincidieron en se\u00f1alar que respaldar a los peque\u00f1os comerciantes y emprendedores significa fortalecer directamente la econom\u00eda de las familias y de las comunidades.<\/p>\n\n\n\n<p class=\"wp-block-paragraph\">El Secretario de Econom\u00eda se\u00f1al\u00f3 que el programa Equipa Sinaloa es una muestra del compromiso del Gobierno del Estado por acercar herramientas concretas a las y los emprendedores, para que puedan mejorar sus condiciones de trabajo, incrementar su productividad y consolidar sus negocios.<\/p>\n\n\n\n<p class=\"wp-block-paragraph\">\u201cEstamos entregando 209 equipos el d\u00eda de hoy. Este tipo de programas que tiene la secretaria de econom\u00eda son muy importantes porque permiten construir la econom\u00eda desde abajo\u201d, destac\u00f3 durante el encuentro.<\/p>\n\n\n\n<p class=\"wp-block-paragraph\">Por su parte, el alcalde Gildardo Leyva Ortega reconoci\u00f3 el respaldo del Gobierno del Estado hacia El Fuerte y destac\u00f3 la importancia de que los programas y apoyos lleguen directamente a las personas que trabajan todos los d\u00edas para sacar adelante a sus familias.<\/p>\n\n\n\n<p class=\"wp-block-paragraph\">\u201cEquipa Sinaloa es un programa que adem\u00e1s de entregar herramientas y maquinaria; tambi\u00e9n entrega oportunidades para que quienes tienen un peque\u00f1o negocio puedan crecer, mejorar sus servicios y generar m\u00e1s ingresos para sus familias\u201d, expres\u00f3.<\/p>\n\n\n\n<p class=\"wp-block-paragraph\">En el acto estuvieron presentes el Ing. Jos\u00e9 \u00c1ngel L\u00f3pez Fierro, Subsecretario de Gesti\u00f3n de Fondos y Financiamientos; Mirna Le\u00f3n, directora de Desarrollo Econ\u00f3mico; Jes\u00fas Guzm\u00e1n Ayala, director de Planeaci\u00f3n y Desarrollo Social, as\u00ed como el ciudadano Gari Arnoldo Trevedan Leyva, representante de las y los beneficiarios.<\/p>\n\n\n\n<p class=\"wp-block-paragraph\">Los 52 beneficiarios de El Fuerte desarrollan actividades en distintos sectores, entre ellos panader\u00eda, venta de hot dogs, carnicer\u00eda, abarrotes, est\u00e9ticas, elaboraci\u00f3n y venta de alimentos, construcci\u00f3n, venta de tamales, herrer\u00eda y carpinter\u00eda, entre otros giros.<\/p>\n\n\n\n<p class=\"wp-block-paragraph\">Durante la jornada se resalt\u00f3 que detr\u00e1s de cada apoyo existe una historia de esfuerzo, trabajo y emprendimiento, por lo que fortalecer a los peque\u00f1os negocios representa tambi\u00e9n fortalecer el tejido econ\u00f3mico y social de Sinaloa.<\/p>\n\n\n\n<p class=\"wp-block-paragraph\">El representante de las y los beneficiarios, Gari Arnoldo Trevedan Leyva, agradeci\u00f3 a las autoridades estatales y municipales por los apoyos recibidos y reconoci\u00f3 que contar con equipo y herramientas adecuadas representa una ayuda importante para continuar trabajando y hacer crecer sus negocios.<\/p>\n\n\n\n<p class=\"wp-block-paragraph\">El Gobierno de Sinaloa reiter\u00f3 que continuar\u00e1 trabajando de manera coordinada con los ayuntamientos para acercar programas que permitan a las y los sinaloenses acceder a mejores oportunidades de desarrollo, promoviendo el emprendimiento, el autoempleo y el fortalecimiento de la econom\u00eda local.<\/p>\n\n\n\n<p class=\"wp-block-paragraph\">Con 209 apoyos entregados a 52 comerciantes de El Fuerte, Equipa Sinaloa refrenda su prop\u00f3sito de acompa\u00f1ar a quienes diariamente, desde sus peque\u00f1os negocios y oficios, contribuyen con su esfuerzo al crecimiento econ\u00f3mico de sus comunidades.<\/p>\n","protected":false},"excerpt":{"rendered":"<p>Con una inversi\u00f3n en equipamiento productivo, 52 comerciantes de El Fuerte reciben herramientas y maquinaria para fortalecer sus negocios y generar mejores oportunidades de autoempleo. El Fuerte, Sinaloa.- Con el compromiso de seguir impulsando a quienes trabajan y emprenden desde sus comunidades, el Gobierno del Estado de Sinaloa, a trav\u00e9s de la Secretar\u00eda de Econom\u00eda, [&hellip;]<\/p>\n","protected":false},"author":4,"featured_media":141502,"comment_status":"closed","ping_status":"open","sticky":false,"template":"","format":"standard","meta":{"tdm_status":"","tdm_grid_status":"","footnotes":""},"categories":[38],"tags":[],"class_list":["post-141503","post","type-post","status-publish","format-standard","has-post-thumbnail","category-noticias-locales"],"yoast_head":"<!-- This site is optimized with the Yoast SEO plugin v28.4 - https:\/\/yoast.com\/product\/yoast-seo-wordpress\/ -->\n<title>Fortalecen a comerciantes de El Fuerte con 209 apoyos del programa Equipa Sinaloa. - Fuentes Fidedignas<\/title>\n<meta name=\"robots\" content=\"index, follow, max-snippet:-1, max-image-preview:large, max-video-preview:-1\" \/>\n<link rel=\"canonical\" href=\"https:\/\/fuentesfidedignas.com.mx\/index.php\/2026\/09\/02\/fortalecen-a-comerciantes-de-el-fuerte-con-209-apoyos-del-programa-equipa-sinaloa\/\" \/>\n<meta property=\"og:locale\" content=\"es_MX\" \/>\n<meta property=\"og:type\" content=\"article\" \/>\n<meta property=\"og:title\" content=\"Fortalecen a comerciantes de El Fuerte con 209 apoyos del programa Equipa Sinaloa. - Fuentes Fidedignas\" \/>\n<meta property=\"og:description\" content=\"Con una inversi\u00f3n en equipamiento productivo, 52 comerciantes de El Fuerte reciben herramientas y maquinaria para fortalecer sus negocios y generar mejores oportunidades de autoempleo. El Fuerte, Sinaloa.- Con el compromiso de seguir impulsando a quienes trabajan y emprenden desde sus comunidades, el Gobierno del Estado de Sinaloa, a trav\u00e9s de la Secretar\u00eda de Econom\u00eda, [&hellip;]\" \/>\n<meta property=\"og:url\" content=\"https:\/\/fuentesfidedignas.com.mx\/index.php\/2026\/09\/02\/fortalecen-a-comerciantes-de-el-fuerte-con-209-apoyos-del-programa-equipa-sinaloa\/\" \/>\n<meta property=\"og:site_name\" content=\"Fuentes Fidedignas\" \/>\n<meta property=\"article:publisher\" content=\"https:\/\/www.facebook.com\/Fuentes-Fidedignas-368234489921644\" \/>\n<meta property=\"article:published_time\" content=\"2026-09-03T03:20:29+00:00\" \/>\n<meta property=\"og:image\" content=\"https:\/\/fuentesfidedignas.com.mx\/wp-content\/uploads\/2026\/09\/5d533830-672c-4039-9e22-19577d33c1bc.jpeg\" \/>\n\t<meta property=\"og:image:width\" content=\"1280\" \/>\n\t<meta property=\"og:image:height\" content=\"960\" \/>\n\t<meta property=\"og:image:type\" content=\"image\/jpeg\" \/>\n<meta name=\"author\" content=\"Redacci\u00f3n\" \/>\n<meta name=\"twitter:card\" content=\"summary_large_image\" \/>\n<meta name=\"twitter:creator\" content=\"@fidedignas\" \/>\n<meta name=\"twitter:site\" content=\"@fidedignas\" \/>\n<meta name=\"twitter:label1\" content=\"Escrito por\" \/>\n\t<meta name=\"twitter:data1\" content=\"Redacci\u00f3n\" \/>\n\t<meta name=\"twitter:label2\" content=\"Tiempo de lectura\" \/>\n\t<meta name=\"twitter:data2\" content=\"3 minutos\" \/>\n<script type=\"application\/ld+json\" class=\"yoast-schema-graph\">{\"@context\":\"https:\\\/\\\/schema.org\",\"@graph\":[{\"@type\":\"Article\",\"@id\":\"https:\\\/\\\/fuentesfidedignas.com.mx\\\/index.php\\\/2026\\\/09\\\/02\\\/fortalecen-a-comerciantes-de-el-fuerte-con-209-apoyos-del-programa-equipa-sinaloa\\\/#article\",\"isPartOf\":{\"@id\":\"https:\\\/\\\/fuentesfidedignas.com.mx\\\/index.php\\\/2026\\\/09\\\/02\\\/fortalecen-a-comerciantes-de-el-fuerte-con-209-apoyos-del-programa-equipa-sinaloa\\\/\"},\"author\":{\"name\":\"Redacci\u00f3n\",\"@id\":\"https:\\\/\\\/fuentesfidedignas.com.mx\\\/#\\\/schema\\\/person\\\/331be9283d37198e2acd5750279085b0\"},\"headline\":\"Fortalecen a comerciantes de El Fuerte con 209 apoyos del programa Equipa Sinaloa.\",\"datePublished\":\"2026-09-03T03:20:29+00:00\",\"mainEntityOfPage\":{\"@id\":\"https:\\\/\\\/fuentesfidedignas.com.mx\\\/index.php\\\/2026\\\/09\\\/02\\\/fortalecen-a-comerciantes-de-el-fuerte-con-209-apoyos-del-programa-equipa-sinaloa\\\/\"},\"wordCount\":581,\"publisher\":{\"@id\":\"https:\\\/\\\/fuentesfidedignas.com.mx\\\/#organization\"},\"image\":{\"@id\":\"https:\\\/\\\/fuentesfidedignas.com.mx\\\/index.php\\\/2026\\\/09\\\/02\\\/fortalecen-a-comerciantes-de-el-fuerte-con-209-apoyos-del-programa-equipa-sinaloa\\\/#primaryimage\"},\"thumbnailUrl\":\"https:\\\/\\\/fuentesfidedignas.com.mx\\\/wp-content\\\/uploads\\\/2026\\\/09\\\/5d533830-672c-4039-9e22-19577d33c1bc.jpeg\",\"articleSection\":[\"NOTICIAS LOCALES\"],\"inLanguage\":\"es\"},{\"@type\":\"WebPage\",\"@id\":\"https:\\\/\\\/fuentesfidedignas.com.mx\\\/index.php\\\/2026\\\/09\\\/02\\\/fortalecen-a-comerciantes-de-el-fuerte-con-209-apoyos-del-programa-equipa-sinaloa\\\/\",\"url\":\"https:\\\/\\\/fuentesfidedignas.com.mx\\\/index.php\\\/2026\\\/09\\\/02\\\/fortalecen-a-comerciantes-de-el-fuerte-con-209-apoyos-del-programa-equipa-sinaloa\\\/\",\"name\":\"Fortalecen a comerciantes de El Fuerte con 209 apoyos del programa Equipa Sinaloa. - Fuentes Fidedignas\",\"isPartOf\":{\"@id\":\"https:\\\/\\\/fuentesfidedignas.com.mx\\\/#website\"},\"primaryImageOfPage\":{\"@id\":\"https:\\\/\\\/fuentesfidedignas.com.mx\\\/index.php\\\/2026\\\/09\\\/02\\\/fortalecen-a-comerciantes-de-el-fuerte-con-209-apoyos-del-programa-equipa-sinaloa\\\/#primaryimage\"},\"image\":{\"@id\":\"https:\\\/\\\/fuentesfidedignas.com.mx\\\/index.php\\\/2026\\\/09\\\/02\\\/fortalecen-a-comerciantes-de-el-fuerte-con-209-apoyos-del-programa-equipa-sinaloa\\\/#primaryimage\"},\"thumbnailUrl\":\"https:\\\/\\\/fuentesfidedignas.com.mx\\\/wp-content\\\/uploads\\\/2026\\\/09\\\/5d533830-672c-4039-9e22-19577d33c1bc.jpeg\",\"datePublished\":\"2026-09-03T03:20:29+00:00\",\"breadcrumb\":{\"@id\":\"https:\\\/\\\/fuentesfidedignas.com.mx\\\/index.php\\\/2026\\\/09\\\/02\\\/fortalecen-a-comerciantes-de-el-fuerte-con-209-apoyos-del-programa-equipa-sinaloa\\\/#breadcrumb\"},\"inLanguage\":\"es\",\"potentialAction\":[{\"@type\":\"ReadAction\",\"target\":[\"https:\\\/\\\/fuentesfidedignas.com.mx\\\/index.php\\\/2026\\\/09\\\/02\\\/fortalecen-a-comerciantes-de-el-fuerte-con-209-apoyos-del-programa-equipa-sinaloa\\\/\"]}]},{\"@type\":\"ImageObject\",\"inLanguage\":\"es\",\"@id\":\"https:\\\/\\\/fuentesfidedignas.com.mx\\\/index.php\\\/2026\\\/09\\\/02\\\/fortalecen-a-comerciantes-de-el-fuerte-con-209-apoyos-del-programa-equipa-sinaloa\\\/#primaryimage\",\"url\":\"https:\\\/\\\/fuentesfidedignas.com.mx\\\/wp-content\\\/uploads\\\/2026\\\/09\\\/5d533830-672c-4039-9e22-19577d33c1bc.jpeg\",\"contentUrl\":\"https:\\\/\\\/fuentesfidedignas.com.mx\\\/wp-content\\\/uploads\\\/2026\\\/09\\\/5d533830-672c-4039-9e22-19577d33c1bc.jpeg\",\"width\":1280,\"height\":960},{\"@type\":\"BreadcrumbList\",\"@id\":\"https:\\\/\\\/fuentesfidedignas.com.mx\\\/index.php\\\/2026\\\/09\\\/02\\\/fortalecen-a-comerciantes-de-el-fuerte-con-209-apoyos-del-programa-equipa-sinaloa\\\/#breadcrumb\",\"itemListElement\":[{\"@type\":\"ListItem\",\"position\":1,\"name\":\"Inicio\",\"item\":\"https:\\\/\\\/fuentesfidedignas.com.mx\\\/\"},{\"@type\":\"ListItem\",\"position\":2,\"name\":\"Fortalecen a comerciantes de El Fuerte con 209 apoyos del programa Equipa Sinaloa.\"}]},{\"@type\":\"WebSite\",\"@id\":\"https:\\\/\\\/fuentesfidedignas.com.mx\\\/#website\",\"url\":\"https:\\\/\\\/fuentesfidedignas.com.mx\\\/\",\"name\":\"Fuentes Fidedignas\",\"description\":\"Otro sitio realizado con WordPress\",\"publisher\":{\"@id\":\"https:\\\/\\\/fuentesfidedignas.com.mx\\\/#organization\"},\"potentialAction\":[{\"@type\":\"SearchAction\",\"target\":{\"@type\":\"EntryPoint\",\"urlTemplate\":\"https:\\\/\\\/fuentesfidedignas.com.mx\\\/?s={search_term_string}\"},\"query-input\":{\"@type\":\"PropertyValueSpecification\",\"valueRequired\":true,\"valueName\":\"search_term_string\"}}],\"inLanguage\":\"es\"},{\"@type\":\"Organization\",\"@id\":\"https:\\\/\\\/fuentesfidedignas.com.mx\\\/#organization\",\"name\":\"Fuentes Fidedignas\",\"url\":\"https:\\\/\\\/fuentesfidedignas.com.mx\\\/\",\"logo\":{\"@type\":\"ImageObject\",\"inLanguage\":\"es\",\"@id\":\"https:\\\/\\\/fuentesfidedignas.com.mx\\\/#\\\/schema\\\/logo\\\/image\\\/\",\"url\":\"https:\\\/\\\/fuentesfidedignas.com.mx\\\/wp-content\\\/uploads\\\/2021\\\/04\\\/logo-retina.png\",\"contentUrl\":\"https:\\\/\\\/fuentesfidedignas.com.mx\\\/wp-content\\\/uploads\\\/2021\\\/04\\\/logo-retina.png\",\"width\":280,\"height\":51,\"caption\":\"Fuentes Fidedignas\"},\"image\":{\"@id\":\"https:\\\/\\\/fuentesfidedignas.com.mx\\\/#\\\/schema\\\/logo\\\/image\\\/\"},\"sameAs\":[\"https:\\\/\\\/www.facebook.com\\\/Fuentes-Fidedignas-368234489921644\",\"https:\\\/\\\/x.com\\\/fidedignas\"]},{\"@type\":\"Person\",\"@id\":\"https:\\\/\\\/fuentesfidedignas.com.mx\\\/#\\\/schema\\\/person\\\/331be9283d37198e2acd5750279085b0\",\"name\":\"Redacci\u00f3n\",\"image\":{\"@type\":\"ImageObject\",\"inLanguage\":\"es\",\"@id\":\"https:\\\/\\\/secure.gravatar.com\\\/avatar\\\/f6d8782c11d12b2d4ad3fbb6931aeab5309937a4d6cd2fc9cfaa28a6396a5aec?s=96&d=mm&r=g\",\"url\":\"https:\\\/\\\/secure.gravatar.com\\\/avatar\\\/f6d8782c11d12b2d4ad3fbb6931aeab5309937a4d6cd2fc9cfaa28a6396a5aec?s=96&d=mm&r=g\",\"contentUrl\":\"https:\\\/\\\/secure.gravatar.com\\\/avatar\\\/f6d8782c11d12b2d4ad3fbb6931aeab5309937a4d6cd2fc9cfaa28a6396a5aec?s=96&d=mm&r=g\",\"caption\":\"Redacci\u00f3n\"},\"url\":\"https:\\\/\\\/fuentesfidedignas.com.mx\\\/index.php\\\/author\\\/redaccion\\\/\"}]}<\/script>\n<!-- \/ Yoast SEO plugin. -->","yoast_head_json":{"title":"Fortalecen a comerciantes de El Fuerte con 209 apoyos del programa Equipa Sinaloa. - Fuentes Fidedignas","robots":{"index":"index","follow":"follow","max-snippet":"max-snippet:-1","max-image-preview":"max-image-preview:large","max-video-preview":"max-video-preview:-1"},"canonical":"https:\/\/fuentesfidedignas.com.mx\/index.php\/2026\/09\/02\/fortalecen-a-comerciantes-de-el-fuerte-con-209-apoyos-del-programa-equipa-sinaloa\/","og_locale":"es_MX","og_type":"article","og_title":"Fortalecen a comerciantes de El Fuerte con 209 apoyos del programa Equipa Sinaloa. - Fuentes Fidedignas","og_description":"Con una inversi\u00f3n en equipamiento productivo, 52 comerciantes de El Fuerte reciben herramientas y maquinaria para fortalecer sus negocios y generar mejores oportunidades de autoempleo. El Fuerte, Sinaloa.- Con el compromiso de seguir impulsando a quienes trabajan y emprenden desde sus comunidades, el Gobierno del Estado de Sinaloa, a trav\u00e9s de la Secretar\u00eda de Econom\u00eda, [&hellip;]","og_url":"https:\/\/fuentesfidedignas.com.mx\/index.php\/2026\/09\/02\/fortalecen-a-comerciantes-de-el-fuerte-con-209-apoyos-del-programa-equipa-sinaloa\/","og_site_name":"Fuentes Fidedignas","article_publisher":"https:\/\/www.facebook.com\/Fuentes-Fidedignas-368234489921644","article_published_time":"2026-09-03T03:20:29+00:00","og_image":[{"width":1280,"height":960,"url":"https:\/\/fuentesfidedignas.com.mx\/wp-content\/uploads\/2026\/09\/5d533830-672c-4039-9e22-19577d33c1bc.jpeg","type":"image\/jpeg"}],"author":"Redacci\u00f3n","twitter_card":"summary_large_image","twitter_creator":"@fidedignas","twitter_site":"@fidedignas","twitter_misc":{"Escrito por":"Redacci\u00f3n","Tiempo de lectura":"3 minutos"},"schema":{"@context":"https:\/\/schema.org","@graph":[{"@type":"Article","@id":"https:\/\/fuentesfidedignas.com.mx\/index.php\/2026\/09\/02\/fortalecen-a-comerciantes-de-el-fuerte-con-209-apoyos-del-programa-equipa-sinaloa\/#article","isPartOf":{"@id":"https:\/\/fuentesfidedignas.com.mx\/index.php\/2026\/09\/02\/fortalecen-a-comerciantes-de-el-fuerte-con-209-apoyos-del-programa-equipa-sinaloa\/"},"author":{"name":"Redacci\u00f3n","@id":"https:\/\/fuentesfidedignas.com.mx\/#\/schema\/person\/331be9283d37198e2acd5750279085b0"},"headline":"Fortalecen a comerciantes de El Fuerte con 209 apoyos del programa Equipa Sinaloa.","datePublished":"2026-09-03T03:20:29+00:00","mainEntityOfPage":{"@id":"https:\/\/fuentesfidedignas.com.mx\/index.php\/2026\/09\/02\/fortalecen-a-comerciantes-de-el-fuerte-con-209-apoyos-del-programa-equipa-sinaloa\/"},"wordCount":581,"publisher":{"@id":"https:\/\/fuentesfidedignas.com.mx\/#organization"},"image":{"@id":"https:\/\/fuentesfidedignas.com.mx\/index.php\/2026\/09\/02\/fortalecen-a-comerciantes-de-el-fuerte-con-209-apoyos-del-programa-equipa-sinaloa\/#primaryimage"},"thumbnailUrl":"https:\/\/fuentesfidedignas.com.mx\/wp-content\/uploads\/2026\/09\/5d533830-672c-4039-9e22-19577d33c1bc.jpeg","articleSection":["NOTICIAS LOCALES"],"inLanguage":"es"},{"@type":"WebPage","@id":"https:\/\/fuentesfidedignas.com.mx\/index.php\/2026\/09\/02\/fortalecen-a-comerciantes-de-el-fuerte-con-209-apoyos-del-programa-equipa-sinaloa\/","url":"https:\/\/fuentesfidedignas.com.mx\/index.php\/2026\/09\/02\/fortalecen-a-comerciantes-de-el-fuerte-con-209-apoyos-del-programa-equipa-sinaloa\/","name":"Fortalecen a comerciantes de El Fuerte con 209 apoyos del programa Equipa Sinaloa. - Fuentes Fidedignas","isPartOf":{"@id":"https:\/\/fuentesfidedignas.com.mx\/#website"},"primaryImageOfPage":{"@id":"https:\/\/fuentesfidedignas.com.mx\/index.php\/2026\/09\/02\/fortalecen-a-comerciantes-de-el-fuerte-con-209-apoyos-del-programa-equipa-sinaloa\/#primaryimage"},"image":{"@id":"https:\/\/fuentesfidedignas.com.mx\/index.php\/2026\/09\/02\/fortalecen-a-comerciantes-de-el-fuerte-con-209-apoyos-del-programa-equipa-sinaloa\/#primaryimage"},"thumbnailUrl":"https:\/\/fuentesfidedignas.com.mx\/wp-content\/uploads\/2026\/09\/5d533830-672c-4039-9e22-19577d33c1bc.jpeg","datePublished":"2026-09-03T03:20:29+00:00","breadcrumb":{"@id":"https:\/\/fuentesfidedignas.com.mx\/index.php\/2026\/09\/02\/fortalecen-a-comerciantes-de-el-fuerte-con-209-apoyos-del-programa-equipa-sinaloa\/#breadcrumb"},"inLanguage":"es","potentialAction":[{"@type":"ReadAction","target":["https:\/\/fuentesfidedignas.com.mx\/index.php\/2026\/09\/02\/fortalecen-a-comerciantes-de-el-fuerte-con-209-apoyos-del-programa-equipa-sinaloa\/"]}]},{"@type":"ImageObject","inLanguage":"es","@id":"https:\/\/fuentesfidedignas.com.mx\/index.php\/2026\/09\/02\/fortalecen-a-comerciantes-de-el-fuerte-con-209-apoyos-del-programa-equipa-sinaloa\/#primaryimage","url":"https:\/\/fuentesfidedignas.com.mx\/wp-content\/uploads\/2026\/09\/5d533830-672c-4039-9e22-19577d33c1bc.jpeg","contentUrl":"https:\/\/fuentesfidedignas.com.mx\/wp-content\/uploads\/2026\/09\/5d533830-672c-4039-9e22-19577d33c1bc.jpeg","width":1280,"height":960},{"@type":"BreadcrumbList","@id":"https:\/\/fuentesfidedignas.com.mx\/index.php\/2026\/09\/02\/fortalecen-a-comerciantes-de-el-fuerte-con-209-apoyos-del-programa-equipa-sinaloa\/#breadcrumb","itemListElement":[{"@type":"ListItem","position":1,"name":"Inicio","item":"https:\/\/fuentesfidedignas.com.mx\/"},{"@type":"ListItem","position":2,"name":"Fortalecen a comerciantes de El Fuerte con 209 apoyos del programa Equipa Sinaloa."}]},{"@type":"WebSite","@id":"https:\/\/fuentesfidedignas.com.mx\/#website","url":"https:\/\/fuentesfidedignas.com.mx\/","name":"Fuentes Fidedignas","description":"Otro sitio realizado con WordPress","publisher":{"@id":"https:\/\/fuentesfidedignas.com.mx\/#organization"},"potentialAction":[{"@type":"SearchAction","target":{"@type":"EntryPoint","urlTemplate":"https:\/\/fuentesfidedignas.com.mx\/?s={search_term_string}"},"query-input":{"@type":"PropertyValueSpecification","valueRequired":true,"valueName":"search_term_string"}}],"inLanguage":"es"},{"@type":"Organization","@id":"https:\/\/fuentesfidedignas.com.mx\/#organization","name":"Fuentes Fidedignas","url":"https:\/\/fuentesfidedignas.com.mx\/","logo":{"@type":"ImageObject","inLanguage":"es","@id":"https:\/\/fuentesfidedignas.com.mx\/#\/schema\/logo\/image\/","url":"https:\/\/fuentesfidedignas.com.mx\/wp-content\/uploads\/2021\/04\/logo-retina.png","contentUrl":"https:\/\/fuentesfidedignas.com.mx\/wp-content\/uploads\/2021\/04\/logo-retina.png","width":280,"height":51,"caption":"Fuentes Fidedignas"},"image":{"@id":"https:\/\/fuentesfidedignas.com.mx\/#\/schema\/logo\/image\/"},"sameAs":["https:\/\/www.facebook.com\/Fuentes-Fidedignas-368234489921644","https:\/\/x.com\/fidedignas"]},{"@type":"Person","@id":"https:\/\/fuentesfidedignas.com.mx\/#\/schema\/person\/331be9283d37198e2acd5750279085b0","name":"Redacci\u00f3n","image":{"@type":"ImageObject","inLanguage":"es","@id":"https:\/\/secure.gravatar.com\/avatar\/f6d8782c11d12b2d4ad3fbb6931aeab5309937a4d6cd2fc9cfaa28a6396a5aec?s=96&d=mm&r=g","url":"https:\/\/secure.gravatar.com\/avatar\/f6d8782c11d12b2d4ad3fbb6931aeab5309937a4d6cd2fc9cfaa28a6396a5aec?s=96&d=mm&r=g","contentUrl":"https:\/\/secure.gravatar.com\/avatar\/f6d8782c11d12b2d4ad3fbb6931aeab5309937a4d6cd2fc9cfaa28a6396a5aec?s=96&d=mm&r=g","caption":"Redacci\u00f3n"},"url":"https:\/\/fuentesfidedignas.com.mx\/index.php\/author\/redaccion\/"}]}},"_links":{"self":[{"href":"https:\/\/fuentesfidedignas.com.mx\/index.php\/wp-json\/wp\/v2\/posts\/141503","targetHints":{"allow":["GET"]}}],"collection":[{"href":"https:\/\/fuentesfidedignas.com.mx\/index.php\/wp-json\/wp\/v2\/posts"}],"about":[{"href":"https:\/\/fuentesfidedignas.com.mx\/index.php\/wp-json\/wp\/v2\/types\/post"}],"author":[{"embeddable":true,"href":"https:\/\/fuentesfidedignas.com.mx\/index.php\/wp-json\/wp\/v2\/users\/4"}],"replies":[{"embeddable":true,"href":"https:\/\/fuentesfidedignas.com.mx\/index.php\/wp-json\/wp\/v2\/comments?post=141503"}],"version-history":[{"count":1,"href":"https:\/\/fuentesfidedignas.com.mx\/index.php\/wp-json\/wp\/v2\/posts\/141503\/revisions"}],"predecessor-version":[{"id":141504,"href":"https:\/\/fuentesfidedignas.com.mx\/index.php\/wp-json\/wp\/v2\/posts\/141503\/revisions\/141504"}],"wp:featuredmedia":[{"embeddable":true,"href":"https:\/\/fuentesfidedignas.com.mx\/index.php\/wp-json\/wp\/v2\/media\/141502"}],"wp:attachment":[{"href":"https:\/\/fuentesfidedignas.com.mx\/index.php\/wp-json\/wp\/v2\/media?parent=141503"}],"wp:term":[{"taxonomy":"category","embeddable":true,"href":"https:\/\/fuentesfidedignas.com.mx\/index.php\/wp-json\/wp\/v2\/categories?post=141503"},{"taxonomy":"post_tag","embeddable":true,"href":"https:\/\/fuentesfidedignas.com.mx\/index.php\/wp-json\/wp\/v2\/tags?post=141503"}],"curies":[{"name":"wp","href":"https:\/\/api.w.org\/{rel}","templated":true}]}}