{"id":141491,"date":"2026-09-02T16:30:59","date_gmt":"2026-09-02T23:30:59","guid":{"rendered":"https:\/\/fuentesfidedignas.com.mx\/?p=141491"},"modified":"2026-09-02T16:30:59","modified_gmt":"2026-09-02T23:30:59","slug":"extiende-la-uas-su-oferta-de-talleres-artisticos-a-distintas-regiones-de-sinaloa","status":"publish","type":"post","link":"https:\/\/fuentesfidedignas.com.mx\/index.php\/2026\/09\/02\/extiende-la-uas-su-oferta-de-talleres-artisticos-a-distintas-regiones-de-sinaloa\/","title":{"rendered":"Extiende la UAS su oferta de Talleres Art\u00edsticos a distintas regiones de Sinaloa"},"content":{"rendered":"\n<p class=\"wp-block-paragraph\"><\/p>\n\n\n\n<p class=\"wp-block-paragraph\">Con el firme compromiso de impulsar el desarrollo social y fortalecer la identidad cultural, la Universidad Aut\u00f3noma de Sinaloa (UAS), a trav\u00e9s de la Direcci\u00f3n General de Extensi\u00f3n de la Cultura, lanz\u00f3 la convocatoria de inscripci\u00f3n para su variada oferta de Talleres Art\u00edsticos, que se imparten en los recintos culturales de la instituci\u00f3n a lo largo y ancho del estado.<\/p>\n\n\n\n<p class=\"wp-block-paragraph\">El doctor Homar Medina Barreda, director general de Extensi\u00f3n de la Cultura, destac\u00f3 que estas acciones responden a la visi\u00f3n de formaci\u00f3n integral impulsada por la administraci\u00f3n del Rector, doctor Jes\u00fas Madue\u00f1a Molina, con el prop\u00f3sito de consolidar la cultura como un pilar fundamental para la transformaci\u00f3n y la cohesi\u00f3n social.<\/p>\n\n\n\n<p class=\"wp-block-paragraph\">Detall\u00f3 que, adem\u00e1s de los tradicionales talleres de pintura, teatro, ballet, danza contempor\u00e1nea y literatura, la oferta universitaria se ha fortalecido en la Unidad Regional Centro, particularmente en la Casa de la Cultura \u201cMiguel Tamayo Espinosa de los Monteros\u201d, donde se incorporaron nuevas disciplinas para atender la demanda de la poblaci\u00f3n.<\/p>\n\n\n\n<p class=\"wp-block-paragraph\">\u201cEn el \u00e1rea de la Direcci\u00f3n General de Extensi\u00f3n de la Cultura hemos estado trabajando mucho para mantener esta oferta y hacerla crecer (\u2026) ahora tambi\u00e9n se suman dos talleres muy importantes: uno de viol\u00edn, impartido por el maestro Ernesto Higuera, y un taller de guitarra popular que estar\u00e1 a cargo del maestro Andrei Landeros\u201d, precis\u00f3.<\/p>\n\n\n\n<p class=\"wp-block-paragraph\">Indic\u00f3 que en el Centro Cultural Culiacancito y en la Casa de la Cultura de Eldorado tambi\u00e9n se ofrecen diversas alternativas formativas y creativas dirigidas a ni\u00f1as, ni\u00f1os, j\u00f3venes, adultos y adultos mayores.<\/p>\n\n\n\n<p class=\"wp-block-paragraph\">El gestor cultural anunci\u00f3 que, como parte de un logro relevante en materia de infraestructura cultural universitaria, el pr\u00f3ximo 7 de septiembre iniciar\u00e1n oficialmente los Talleres Art\u00edsticos en el Centro Cultural Universitario Mocorito. Esta nueva oferta en la regi\u00f3n contempla disciplinas como danza folcl\u00f3rica, jazz, porristas, teatro, guitarra, bajo, bater\u00eda y canto, adem\u00e1s del Taller de Banda Regional.<\/p>\n\n\n\n<p class=\"wp-block-paragraph\">\u201cGracias a la gran gesti\u00f3n y al apoyo de nuestro Rector, el doctor Jes\u00fas Madue\u00f1a Molina, as\u00ed como al Vicerrector de la Unidad Regional Centro Norte, el doctor Mario Soto, quien hizo toda esta gesti\u00f3n en conjunto con el maestro Rub\u00e9n Sainz, coordinador de Cultura de la Unidad Regional Centro Norte, se ha logrado contar con estos talleres\u201d, enfatiz\u00f3.<\/p>\n\n\n\n<p class=\"wp-block-paragraph\">Asimismo, se\u00f1al\u00f3 que tanto en la Unidad Regional Sur como en la Unidad Regional Norte, la sociedad en general puede encontrar una gran diversidad de talleres culturales y art\u00edsticos ofertados por la m\u00e1xima casa de estudios sinaloense, con los cuales se busca cumplir con la funci\u00f3n sustantiva de fortalecer el quehacer cultural.<\/p>\n\n\n\n<p class=\"wp-block-paragraph\">Medina Barreda enfatiz\u00f3 que las inscripciones contin\u00faan abiertas para estudiantes y p\u00fablico en general, con una cuota de recuperaci\u00f3n de 250 pesos por semestre. Para mayores informes e inscripciones, los interesados pueden consultar las convocatorias y formatos de registro a trav\u00e9s de las p\u00e1ginas oficiales de Facebook de Cultura UAS de cada Unidad Regional, mediante el sitio web&nbsp;<a href=\"http:\/\/culturauas.mx\" target=\"_blank\" rel=\"noreferrer noopener\">culturauas.mx<\/a>o bien acudir directamente al recinto cultural de la UAS de su preferencia.<\/p>\n\n\n\n<p class=\"wp-block-paragraph\">\u201cQue se acerquen a la Universidad Aut\u00f3noma de Sinaloa de manera directa, donde est\u00e1n los centros culturales, as\u00ed como a los sitios web, para que vean toda esta gran oferta que tiene la UAS para mejorar la vida de todos, la salud mental y la formaci\u00f3n integral\u201d, invit\u00f3.<\/p>\n","protected":false},"excerpt":{"rendered":"<p>Con el firme compromiso de impulsar el desarrollo social y fortalecer la identidad cultural, la Universidad Aut\u00f3noma de Sinaloa (UAS), a trav\u00e9s de la Direcci\u00f3n General de Extensi\u00f3n de la Cultura, lanz\u00f3 la convocatoria de inscripci\u00f3n para su variada oferta de Talleres Art\u00edsticos, que se imparten en los recintos culturales de la instituci\u00f3n a lo [&hellip;]<\/p>\n","protected":false},"author":4,"featured_media":141490,"comment_status":"closed","ping_status":"open","sticky":false,"template":"","format":"standard","meta":{"tdm_status":"","tdm_grid_status":"","footnotes":""},"categories":[38],"tags":[],"class_list":["post-141491","post","type-post","status-publish","format-standard","has-post-thumbnail","category-noticias-locales"],"yoast_head":"<!-- This site is optimized with the Yoast SEO plugin v28.4 - https:\/\/yoast.com\/product\/yoast-seo-wordpress\/ -->\n<title>Extiende la UAS su oferta de Talleres Art\u00edsticos a distintas regiones de Sinaloa - Fuentes Fidedignas<\/title>\n<meta name=\"robots\" content=\"index, follow, max-snippet:-1, max-image-preview:large, max-video-preview:-1\" \/>\n<link rel=\"canonical\" href=\"https:\/\/fuentesfidedignas.com.mx\/index.php\/2026\/09\/02\/extiende-la-uas-su-oferta-de-talleres-artisticos-a-distintas-regiones-de-sinaloa\/\" \/>\n<meta property=\"og:locale\" content=\"es_MX\" \/>\n<meta property=\"og:type\" content=\"article\" \/>\n<meta property=\"og:title\" content=\"Extiende la UAS su oferta de Talleres Art\u00edsticos a distintas regiones de Sinaloa - Fuentes Fidedignas\" \/>\n<meta property=\"og:description\" content=\"Con el firme compromiso de impulsar el desarrollo social y fortalecer la identidad cultural, la Universidad Aut\u00f3noma de Sinaloa (UAS), a trav\u00e9s de la Direcci\u00f3n General de Extensi\u00f3n de la Cultura, lanz\u00f3 la convocatoria de inscripci\u00f3n para su variada oferta de Talleres Art\u00edsticos, que se imparten en los recintos culturales de la instituci\u00f3n a lo [&hellip;]\" \/>\n<meta property=\"og:url\" content=\"https:\/\/fuentesfidedignas.com.mx\/index.php\/2026\/09\/02\/extiende-la-uas-su-oferta-de-talleres-artisticos-a-distintas-regiones-de-sinaloa\/\" \/>\n<meta property=\"og:site_name\" content=\"Fuentes Fidedignas\" \/>\n<meta property=\"article:publisher\" content=\"https:\/\/www.facebook.com\/Fuentes-Fidedignas-368234489921644\" \/>\n<meta property=\"article:published_time\" content=\"2026-09-02T23:30:59+00:00\" \/>\n<meta property=\"og:image\" content=\"https:\/\/fuentesfidedignas.com.mx\/wp-content\/uploads\/2026\/09\/img_8680.jpeg\" \/>\n\t<meta property=\"og:image:width\" content=\"1280\" \/>\n\t<meta property=\"og:image:height\" content=\"576\" \/>\n\t<meta property=\"og:image:type\" content=\"image\/jpeg\" \/>\n<meta name=\"author\" content=\"Redacci\u00f3n\" \/>\n<meta name=\"twitter:card\" content=\"summary_large_image\" \/>\n<meta name=\"twitter:creator\" content=\"@fidedignas\" \/>\n<meta name=\"twitter:site\" content=\"@fidedignas\" \/>\n<meta name=\"twitter:label1\" content=\"Escrito por\" \/>\n\t<meta name=\"twitter:data1\" content=\"Redacci\u00f3n\" \/>\n\t<meta name=\"twitter:label2\" content=\"Tiempo de lectura\" \/>\n\t<meta name=\"twitter:data2\" content=\"3 minutos\" \/>\n<script type=\"application\/ld+json\" class=\"yoast-schema-graph\">{\"@context\":\"https:\\\/\\\/schema.org\",\"@graph\":[{\"@type\":\"Article\",\"@id\":\"https:\\\/\\\/fuentesfidedignas.com.mx\\\/index.php\\\/2026\\\/09\\\/02\\\/extiende-la-uas-su-oferta-de-talleres-artisticos-a-distintas-regiones-de-sinaloa\\\/#article\",\"isPartOf\":{\"@id\":\"https:\\\/\\\/fuentesfidedignas.com.mx\\\/index.php\\\/2026\\\/09\\\/02\\\/extiende-la-uas-su-oferta-de-talleres-artisticos-a-distintas-regiones-de-sinaloa\\\/\"},\"author\":{\"name\":\"Redacci\u00f3n\",\"@id\":\"https:\\\/\\\/fuentesfidedignas.com.mx\\\/#\\\/schema\\\/person\\\/331be9283d37198e2acd5750279085b0\"},\"headline\":\"Extiende la UAS su oferta de Talleres Art\u00edsticos a distintas regiones de Sinaloa\",\"datePublished\":\"2026-09-02T23:30:59+00:00\",\"mainEntityOfPage\":{\"@id\":\"https:\\\/\\\/fuentesfidedignas.com.mx\\\/index.php\\\/2026\\\/09\\\/02\\\/extiende-la-uas-su-oferta-de-talleres-artisticos-a-distintas-regiones-de-sinaloa\\\/\"},\"wordCount\":603,\"publisher\":{\"@id\":\"https:\\\/\\\/fuentesfidedignas.com.mx\\\/#organization\"},\"image\":{\"@id\":\"https:\\\/\\\/fuentesfidedignas.com.mx\\\/index.php\\\/2026\\\/09\\\/02\\\/extiende-la-uas-su-oferta-de-talleres-artisticos-a-distintas-regiones-de-sinaloa\\\/#primaryimage\"},\"thumbnailUrl\":\"https:\\\/\\\/fuentesfidedignas.com.mx\\\/wp-content\\\/uploads\\\/2026\\\/09\\\/img_8680.jpeg\",\"articleSection\":[\"NOTICIAS LOCALES\"],\"inLanguage\":\"es\"},{\"@type\":\"WebPage\",\"@id\":\"https:\\\/\\\/fuentesfidedignas.com.mx\\\/index.php\\\/2026\\\/09\\\/02\\\/extiende-la-uas-su-oferta-de-talleres-artisticos-a-distintas-regiones-de-sinaloa\\\/\",\"url\":\"https:\\\/\\\/fuentesfidedignas.com.mx\\\/index.php\\\/2026\\\/09\\\/02\\\/extiende-la-uas-su-oferta-de-talleres-artisticos-a-distintas-regiones-de-sinaloa\\\/\",\"name\":\"Extiende la UAS su oferta de Talleres Art\u00edsticos a distintas regiones de Sinaloa - Fuentes Fidedignas\",\"isPartOf\":{\"@id\":\"https:\\\/\\\/fuentesfidedignas.com.mx\\\/#website\"},\"primaryImageOfPage\":{\"@id\":\"https:\\\/\\\/fuentesfidedignas.com.mx\\\/index.php\\\/2026\\\/09\\\/02\\\/extiende-la-uas-su-oferta-de-talleres-artisticos-a-distintas-regiones-de-sinaloa\\\/#primaryimage\"},\"image\":{\"@id\":\"https:\\\/\\\/fuentesfidedignas.com.mx\\\/index.php\\\/2026\\\/09\\\/02\\\/extiende-la-uas-su-oferta-de-talleres-artisticos-a-distintas-regiones-de-sinaloa\\\/#primaryimage\"},\"thumbnailUrl\":\"https:\\\/\\\/fuentesfidedignas.com.mx\\\/wp-content\\\/uploads\\\/2026\\\/09\\\/img_8680.jpeg\",\"datePublished\":\"2026-09-02T23:30:59+00:00\",\"breadcrumb\":{\"@id\":\"https:\\\/\\\/fuentesfidedignas.com.mx\\\/index.php\\\/2026\\\/09\\\/02\\\/extiende-la-uas-su-oferta-de-talleres-artisticos-a-distintas-regiones-de-sinaloa\\\/#breadcrumb\"},\"inLanguage\":\"es\",\"potentialAction\":[{\"@type\":\"ReadAction\",\"target\":[\"https:\\\/\\\/fuentesfidedignas.com.mx\\\/index.php\\\/2026\\\/09\\\/02\\\/extiende-la-uas-su-oferta-de-talleres-artisticos-a-distintas-regiones-de-sinaloa\\\/\"]}]},{\"@type\":\"ImageObject\",\"inLanguage\":\"es\",\"@id\":\"https:\\\/\\\/fuentesfidedignas.com.mx\\\/index.php\\\/2026\\\/09\\\/02\\\/extiende-la-uas-su-oferta-de-talleres-artisticos-a-distintas-regiones-de-sinaloa\\\/#primaryimage\",\"url\":\"https:\\\/\\\/fuentesfidedignas.com.mx\\\/wp-content\\\/uploads\\\/2026\\\/09\\\/img_8680.jpeg\",\"contentUrl\":\"https:\\\/\\\/fuentesfidedignas.com.mx\\\/wp-content\\\/uploads\\\/2026\\\/09\\\/img_8680.jpeg\",\"width\":1280,\"height\":576},{\"@type\":\"BreadcrumbList\",\"@id\":\"https:\\\/\\\/fuentesfidedignas.com.mx\\\/index.php\\\/2026\\\/09\\\/02\\\/extiende-la-uas-su-oferta-de-talleres-artisticos-a-distintas-regiones-de-sinaloa\\\/#breadcrumb\",\"itemListElement\":[{\"@type\":\"ListItem\",\"position\":1,\"name\":\"Inicio\",\"item\":\"https:\\\/\\\/fuentesfidedignas.com.mx\\\/\"},{\"@type\":\"ListItem\",\"position\":2,\"name\":\"Extiende la UAS su oferta de Talleres Art\u00edsticos a distintas regiones de Sinaloa\"}]},{\"@type\":\"WebSite\",\"@id\":\"https:\\\/\\\/fuentesfidedignas.com.mx\\\/#website\",\"url\":\"https:\\\/\\\/fuentesfidedignas.com.mx\\\/\",\"name\":\"Fuentes Fidedignas\",\"description\":\"Otro sitio realizado con WordPress\",\"publisher\":{\"@id\":\"https:\\\/\\\/fuentesfidedignas.com.mx\\\/#organization\"},\"potentialAction\":[{\"@type\":\"SearchAction\",\"target\":{\"@type\":\"EntryPoint\",\"urlTemplate\":\"https:\\\/\\\/fuentesfidedignas.com.mx\\\/?s={search_term_string}\"},\"query-input\":{\"@type\":\"PropertyValueSpecification\",\"valueRequired\":true,\"valueName\":\"search_term_string\"}}],\"inLanguage\":\"es\"},{\"@type\":\"Organization\",\"@id\":\"https:\\\/\\\/fuentesfidedignas.com.mx\\\/#organization\",\"name\":\"Fuentes Fidedignas\",\"url\":\"https:\\\/\\\/fuentesfidedignas.com.mx\\\/\",\"logo\":{\"@type\":\"ImageObject\",\"inLanguage\":\"es\",\"@id\":\"https:\\\/\\\/fuentesfidedignas.com.mx\\\/#\\\/schema\\\/logo\\\/image\\\/\",\"url\":\"https:\\\/\\\/fuentesfidedignas.com.mx\\\/wp-content\\\/uploads\\\/2021\\\/04\\\/logo-retina.png\",\"contentUrl\":\"https:\\\/\\\/fuentesfidedignas.com.mx\\\/wp-content\\\/uploads\\\/2021\\\/04\\\/logo-retina.png\",\"width\":280,\"height\":51,\"caption\":\"Fuentes Fidedignas\"},\"image\":{\"@id\":\"https:\\\/\\\/fuentesfidedignas.com.mx\\\/#\\\/schema\\\/logo\\\/image\\\/\"},\"sameAs\":[\"https:\\\/\\\/www.facebook.com\\\/Fuentes-Fidedignas-368234489921644\",\"https:\\\/\\\/x.com\\\/fidedignas\"]},{\"@type\":\"Person\",\"@id\":\"https:\\\/\\\/fuentesfidedignas.com.mx\\\/#\\\/schema\\\/person\\\/331be9283d37198e2acd5750279085b0\",\"name\":\"Redacci\u00f3n\",\"image\":{\"@type\":\"ImageObject\",\"inLanguage\":\"es\",\"@id\":\"https:\\\/\\\/secure.gravatar.com\\\/avatar\\\/f6d8782c11d12b2d4ad3fbb6931aeab5309937a4d6cd2fc9cfaa28a6396a5aec?s=96&d=mm&r=g\",\"url\":\"https:\\\/\\\/secure.gravatar.com\\\/avatar\\\/f6d8782c11d12b2d4ad3fbb6931aeab5309937a4d6cd2fc9cfaa28a6396a5aec?s=96&d=mm&r=g\",\"contentUrl\":\"https:\\\/\\\/secure.gravatar.com\\\/avatar\\\/f6d8782c11d12b2d4ad3fbb6931aeab5309937a4d6cd2fc9cfaa28a6396a5aec?s=96&d=mm&r=g\",\"caption\":\"Redacci\u00f3n\"},\"url\":\"https:\\\/\\\/fuentesfidedignas.com.mx\\\/index.php\\\/author\\\/redaccion\\\/\"}]}<\/script>\n<!-- \/ Yoast SEO plugin. -->","yoast_head_json":{"title":"Extiende la UAS su oferta de Talleres Art\u00edsticos a distintas regiones de Sinaloa - Fuentes Fidedignas","robots":{"index":"index","follow":"follow","max-snippet":"max-snippet:-1","max-image-preview":"max-image-preview:large","max-video-preview":"max-video-preview:-1"},"canonical":"https:\/\/fuentesfidedignas.com.mx\/index.php\/2026\/09\/02\/extiende-la-uas-su-oferta-de-talleres-artisticos-a-distintas-regiones-de-sinaloa\/","og_locale":"es_MX","og_type":"article","og_title":"Extiende la UAS su oferta de Talleres Art\u00edsticos a distintas regiones de Sinaloa - Fuentes Fidedignas","og_description":"Con el firme compromiso de impulsar el desarrollo social y fortalecer la identidad cultural, la Universidad Aut\u00f3noma de Sinaloa (UAS), a trav\u00e9s de la Direcci\u00f3n General de Extensi\u00f3n de la Cultura, lanz\u00f3 la convocatoria de inscripci\u00f3n para su variada oferta de Talleres Art\u00edsticos, que se imparten en los recintos culturales de la instituci\u00f3n a lo [&hellip;]","og_url":"https:\/\/fuentesfidedignas.com.mx\/index.php\/2026\/09\/02\/extiende-la-uas-su-oferta-de-talleres-artisticos-a-distintas-regiones-de-sinaloa\/","og_site_name":"Fuentes Fidedignas","article_publisher":"https:\/\/www.facebook.com\/Fuentes-Fidedignas-368234489921644","article_published_time":"2026-09-02T23:30:59+00:00","og_image":[{"width":1280,"height":576,"url":"https:\/\/fuentesfidedignas.com.mx\/wp-content\/uploads\/2026\/09\/img_8680.jpeg","type":"image\/jpeg"}],"author":"Redacci\u00f3n","twitter_card":"summary_large_image","twitter_creator":"@fidedignas","twitter_site":"@fidedignas","twitter_misc":{"Escrito por":"Redacci\u00f3n","Tiempo de lectura":"3 minutos"},"schema":{"@context":"https:\/\/schema.org","@graph":[{"@type":"Article","@id":"https:\/\/fuentesfidedignas.com.mx\/index.php\/2026\/09\/02\/extiende-la-uas-su-oferta-de-talleres-artisticos-a-distintas-regiones-de-sinaloa\/#article","isPartOf":{"@id":"https:\/\/fuentesfidedignas.com.mx\/index.php\/2026\/09\/02\/extiende-la-uas-su-oferta-de-talleres-artisticos-a-distintas-regiones-de-sinaloa\/"},"author":{"name":"Redacci\u00f3n","@id":"https:\/\/fuentesfidedignas.com.mx\/#\/schema\/person\/331be9283d37198e2acd5750279085b0"},"headline":"Extiende la UAS su oferta de Talleres Art\u00edsticos a distintas regiones de Sinaloa","datePublished":"2026-09-02T23:30:59+00:00","mainEntityOfPage":{"@id":"https:\/\/fuentesfidedignas.com.mx\/index.php\/2026\/09\/02\/extiende-la-uas-su-oferta-de-talleres-artisticos-a-distintas-regiones-de-sinaloa\/"},"wordCount":603,"publisher":{"@id":"https:\/\/fuentesfidedignas.com.mx\/#organization"},"image":{"@id":"https:\/\/fuentesfidedignas.com.mx\/index.php\/2026\/09\/02\/extiende-la-uas-su-oferta-de-talleres-artisticos-a-distintas-regiones-de-sinaloa\/#primaryimage"},"thumbnailUrl":"https:\/\/fuentesfidedignas.com.mx\/wp-content\/uploads\/2026\/09\/img_8680.jpeg","articleSection":["NOTICIAS LOCALES"],"inLanguage":"es"},{"@type":"WebPage","@id":"https:\/\/fuentesfidedignas.com.mx\/index.php\/2026\/09\/02\/extiende-la-uas-su-oferta-de-talleres-artisticos-a-distintas-regiones-de-sinaloa\/","url":"https:\/\/fuentesfidedignas.com.mx\/index.php\/2026\/09\/02\/extiende-la-uas-su-oferta-de-talleres-artisticos-a-distintas-regiones-de-sinaloa\/","name":"Extiende la UAS su oferta de Talleres Art\u00edsticos a distintas regiones de Sinaloa - Fuentes Fidedignas","isPartOf":{"@id":"https:\/\/fuentesfidedignas.com.mx\/#website"},"primaryImageOfPage":{"@id":"https:\/\/fuentesfidedignas.com.mx\/index.php\/2026\/09\/02\/extiende-la-uas-su-oferta-de-talleres-artisticos-a-distintas-regiones-de-sinaloa\/#primaryimage"},"image":{"@id":"https:\/\/fuentesfidedignas.com.mx\/index.php\/2026\/09\/02\/extiende-la-uas-su-oferta-de-talleres-artisticos-a-distintas-regiones-de-sinaloa\/#primaryimage"},"thumbnailUrl":"https:\/\/fuentesfidedignas.com.mx\/wp-content\/uploads\/2026\/09\/img_8680.jpeg","datePublished":"2026-09-02T23:30:59+00:00","breadcrumb":{"@id":"https:\/\/fuentesfidedignas.com.mx\/index.php\/2026\/09\/02\/extiende-la-uas-su-oferta-de-talleres-artisticos-a-distintas-regiones-de-sinaloa\/#breadcrumb"},"inLanguage":"es","potentialAction":[{"@type":"ReadAction","target":["https:\/\/fuentesfidedignas.com.mx\/index.php\/2026\/09\/02\/extiende-la-uas-su-oferta-de-talleres-artisticos-a-distintas-regiones-de-sinaloa\/"]}]},{"@type":"ImageObject","inLanguage":"es","@id":"https:\/\/fuentesfidedignas.com.mx\/index.php\/2026\/09\/02\/extiende-la-uas-su-oferta-de-talleres-artisticos-a-distintas-regiones-de-sinaloa\/#primaryimage","url":"https:\/\/fuentesfidedignas.com.mx\/wp-content\/uploads\/2026\/09\/img_8680.jpeg","contentUrl":"https:\/\/fuentesfidedignas.com.mx\/wp-content\/uploads\/2026\/09\/img_8680.jpeg","width":1280,"height":576},{"@type":"BreadcrumbList","@id":"https:\/\/fuentesfidedignas.com.mx\/index.php\/2026\/09\/02\/extiende-la-uas-su-oferta-de-talleres-artisticos-a-distintas-regiones-de-sinaloa\/#breadcrumb","itemListElement":[{"@type":"ListItem","position":1,"name":"Inicio","item":"https:\/\/fuentesfidedignas.com.mx\/"},{"@type":"ListItem","position":2,"name":"Extiende la UAS su oferta de Talleres Art\u00edsticos a distintas regiones de Sinaloa"}]},{"@type":"WebSite","@id":"https:\/\/fuentesfidedignas.com.mx\/#website","url":"https:\/\/fuentesfidedignas.com.mx\/","name":"Fuentes Fidedignas","description":"Otro sitio realizado con WordPress","publisher":{"@id":"https:\/\/fuentesfidedignas.com.mx\/#organization"},"potentialAction":[{"@type":"SearchAction","target":{"@type":"EntryPoint","urlTemplate":"https:\/\/fuentesfidedignas.com.mx\/?s={search_term_string}"},"query-input":{"@type":"PropertyValueSpecification","valueRequired":true,"valueName":"search_term_string"}}],"inLanguage":"es"},{"@type":"Organization","@id":"https:\/\/fuentesfidedignas.com.mx\/#organization","name":"Fuentes Fidedignas","url":"https:\/\/fuentesfidedignas.com.mx\/","logo":{"@type":"ImageObject","inLanguage":"es","@id":"https:\/\/fuentesfidedignas.com.mx\/#\/schema\/logo\/image\/","url":"https:\/\/fuentesfidedignas.com.mx\/wp-content\/uploads\/2021\/04\/logo-retina.png","contentUrl":"https:\/\/fuentesfidedignas.com.mx\/wp-content\/uploads\/2021\/04\/logo-retina.png","width":280,"height":51,"caption":"Fuentes Fidedignas"},"image":{"@id":"https:\/\/fuentesfidedignas.com.mx\/#\/schema\/logo\/image\/"},"sameAs":["https:\/\/www.facebook.com\/Fuentes-Fidedignas-368234489921644","https:\/\/x.com\/fidedignas"]},{"@type":"Person","@id":"https:\/\/fuentesfidedignas.com.mx\/#\/schema\/person\/331be9283d37198e2acd5750279085b0","name":"Redacci\u00f3n","image":{"@type":"ImageObject","inLanguage":"es","@id":"https:\/\/secure.gravatar.com\/avatar\/f6d8782c11d12b2d4ad3fbb6931aeab5309937a4d6cd2fc9cfaa28a6396a5aec?s=96&d=mm&r=g","url":"https:\/\/secure.gravatar.com\/avatar\/f6d8782c11d12b2d4ad3fbb6931aeab5309937a4d6cd2fc9cfaa28a6396a5aec?s=96&d=mm&r=g","contentUrl":"https:\/\/secure.gravatar.com\/avatar\/f6d8782c11d12b2d4ad3fbb6931aeab5309937a4d6cd2fc9cfaa28a6396a5aec?s=96&d=mm&r=g","caption":"Redacci\u00f3n"},"url":"https:\/\/fuentesfidedignas.com.mx\/index.php\/author\/redaccion\/"}]}},"_links":{"self":[{"href":"https:\/\/fuentesfidedignas.com.mx\/index.php\/wp-json\/wp\/v2\/posts\/141491","targetHints":{"allow":["GET"]}}],"collection":[{"href":"https:\/\/fuentesfidedignas.com.mx\/index.php\/wp-json\/wp\/v2\/posts"}],"about":[{"href":"https:\/\/fuentesfidedignas.com.mx\/index.php\/wp-json\/wp\/v2\/types\/post"}],"author":[{"embeddable":true,"href":"https:\/\/fuentesfidedignas.com.mx\/index.php\/wp-json\/wp\/v2\/users\/4"}],"replies":[{"embeddable":true,"href":"https:\/\/fuentesfidedignas.com.mx\/index.php\/wp-json\/wp\/v2\/comments?post=141491"}],"version-history":[{"count":1,"href":"https:\/\/fuentesfidedignas.com.mx\/index.php\/wp-json\/wp\/v2\/posts\/141491\/revisions"}],"predecessor-version":[{"id":141492,"href":"https:\/\/fuentesfidedignas.com.mx\/index.php\/wp-json\/wp\/v2\/posts\/141491\/revisions\/141492"}],"wp:featuredmedia":[{"embeddable":true,"href":"https:\/\/fuentesfidedignas.com.mx\/index.php\/wp-json\/wp\/v2\/media\/141490"}],"wp:attachment":[{"href":"https:\/\/fuentesfidedignas.com.mx\/index.php\/wp-json\/wp\/v2\/media?parent=141491"}],"wp:term":[{"taxonomy":"category","embeddable":true,"href":"https:\/\/fuentesfidedignas.com.mx\/index.php\/wp-json\/wp\/v2\/categories?post=141491"},{"taxonomy":"post_tag","embeddable":true,"href":"https:\/\/fuentesfidedignas.com.mx\/index.php\/wp-json\/wp\/v2\/tags?post=141491"}],"curies":[{"name":"wp","href":"https:\/\/api.w.org\/{rel}","templated":true}]}}