{"id":141487,"date":"2026-09-02T15:41:40","date_gmt":"2026-09-02T22:41:40","guid":{"rendered":"https:\/\/fuentesfidedignas.com.mx\/?p=141487"},"modified":"2026-09-02T15:41:40","modified_gmt":"2026-09-02T22:41:40","slug":"asesinan-a-tecladista-de-camilo-septimo-y-su-familia-hay-dos-detenidos","status":"publish","type":"post","link":"https:\/\/fuentesfidedignas.com.mx\/index.php\/2026\/09\/02\/asesinan-a-tecladista-de-camilo-septimo-y-su-familia-hay-dos-detenidos\/","title":{"rendered":"Asesinan a tecladista de Camilo S\u00e9ptimo y su familia; hay dos detenidos"},"content":{"rendered":"\n<p class=\"wp-block-paragraph\"><br><strong><em>La FGJEM inform\u00f3 la detenci\u00f3n de dos hombres, como presuntos autores del asesinato del tecladista de Camilo S\u00e9ptimo<\/em><\/strong><\/p>\n\n\n\n<p class=\"wp-block-paragraph\">Jonathan Samuel, tecladista de la banda de rock mexicano Camilo S\u00e9ptimo, fue asesinado en el Estado de M\u00e9xico.Mapa interactivo clima<\/p>\n\n\n\n<p class=\"wp-block-paragraph\">Los hechos ocurrieron la noche del 2 de septiembre en Atizap\u00e1n de Zaragoza.<\/p>\n\n\n\n<p class=\"wp-block-paragraph\">La v\u00edctima avis\u00f3 a un amigo que sostendr\u00eda una reuni\u00f3n con un socio, pero que si no sab\u00eda de \u00e9l en algunas horas avisara a las autoridades.<\/p>\n\n\n\n<p class=\"wp-block-paragraph\">Dado que el amigo no supo m\u00e1s de Jonathan Samuel acudi\u00f3 a buscarlo al departamento donde viv\u00eda, junto con la Polic\u00eda.<\/p>\n\n\n\n<p class=\"wp-block-paragraph\">En el lugar fueron hallados los cuerpos del m\u00fasico y de su familia.<\/p>\n\n\n\n<p class=\"wp-block-paragraph\">En el ba\u00f1o del departamento fueron localizados los&nbsp;<strong>cuerpos<\/strong>&nbsp;de Ana Paola,&nbsp;<strong>esposa<\/strong>&nbsp;del&nbsp;<strong>tecladista<\/strong>, y la&nbsp;<strong>hija<\/strong>&nbsp;de ambos, de aproximadamente 3 a\u00f1os de edad.<\/p>\n\n\n\n<p class=\"wp-block-paragraph\">Cabe destacar que Ana Paola se encontraba embarazada.<\/p>\n\n\n\n<p class=\"wp-block-paragraph\">En una de las rec\u00e1maras se hall\u00f3 el&nbsp;<strong>cuerpo<\/strong>&nbsp;de Alexis,&nbsp;<strong>trabajadora del<\/strong>&nbsp;<strong>hogar<\/strong>.<\/p>\n\n\n\n<p class=\"wp-block-paragraph\">En la sala se hall\u00f3 el&nbsp;<strong>cuerpo<\/strong>&nbsp;de&nbsp;<strong>Jonathan<\/strong>&nbsp;<strong>Samuel<\/strong>, tecladista de Camilo S\u00e9ptimo.<\/p>\n\n\n\n<p class=\"wp-block-paragraph\">Asimismo, la&nbsp;<strong>mascota<\/strong>&nbsp;de la familia fue&nbsp;<strong>asesinada<\/strong>.<\/p>\n\n\n\n<p class=\"wp-block-paragraph\">Todas las&nbsp;<strong>v\u00edctimas<\/strong>&nbsp;se encontraban&nbsp;<strong>maniatadas<\/strong>; tres presentaban un&nbsp;<strong>disparo<\/strong>&nbsp;en la&nbsp;<strong>cabeza<\/strong>&nbsp;y una m\u00e1s en la&nbsp;<strong>espalda<\/strong>.<\/p>\n\n\n\n<p class=\"wp-block-paragraph\">En otra de las rec\u00e1maras se hall\u00f3&nbsp;<strong>vivo<\/strong>&nbsp;a un&nbsp;<strong>ni\u00f1o<\/strong>&nbsp;de 6 a\u00f1os de edad, tambi\u00e9n hijo de Jonathan y Ana Paola. Al parecer se habr\u00eda escondido del o los responsables.<\/p>\n\n\n\n<p class=\"wp-block-paragraph\">Al departamento se movilizaron polic\u00edas municipales y estatales para las indagatorias pertinentes, en tanto que la Guardia Nacional se encarg\u00f3 del resguardo de la escena del crimen.<\/p>\n\n\n\n<h2 class=\"wp-block-heading\">&nbsp;Detienen a dos por asesinato del tecladista de Camilo S\u00e9ptimo<\/h2>\n\n\n\n<p class=\"wp-block-paragraph\">La Fiscal\u00eda General de Justicia del Estado de M\u00e9xico (FGJEM) inform\u00f3 la&nbsp;<strong>detenci\u00f3n<\/strong>&nbsp;de&nbsp;<strong>dos hombres<\/strong>,&nbsp;como presuntos&nbsp;<strong>autores<\/strong>&nbsp;del&nbsp;<strong>multihomicidio<\/strong>.Mapa interactivo clima<\/p>\n\n\n\n<p class=\"wp-block-paragraph\">Uno de los detenidos fue identificado como Diego Sebasti\u00e1n, socio de Jonathan Samuel.<\/p>\n","protected":false},"excerpt":{"rendered":"<p>La FGJEM inform\u00f3 la detenci\u00f3n de dos hombres, como presuntos autores del asesinato del tecladista de Camilo S\u00e9ptimo Jonathan Samuel, tecladista de la banda de rock mexicano Camilo S\u00e9ptimo, fue asesinado en el Estado de M\u00e9xico.Mapa interactivo clima Los hechos ocurrieron la noche del 2 de septiembre en Atizap\u00e1n de Zaragoza. La v\u00edctima avis\u00f3 a [&hellip;]<\/p>\n","protected":false},"author":47,"featured_media":141486,"comment_status":"closed","ping_status":"open","sticky":false,"template":"","format":"standard","meta":{"tdm_status":"","tdm_grid_status":"","footnotes":""},"categories":[39],"tags":[],"class_list":["post-141487","post","type-post","status-publish","format-standard","has-post-thumbnail","category-noticias-nacionales"],"yoast_head":"<!-- This site is optimized with the Yoast SEO plugin v28.4 - https:\/\/yoast.com\/product\/yoast-seo-wordpress\/ -->\n<title>Asesinan a tecladista de Camilo S\u00e9ptimo y su familia; hay dos detenidos - Fuentes Fidedignas<\/title>\n<meta name=\"robots\" content=\"index, follow, max-snippet:-1, max-image-preview:large, max-video-preview:-1\" \/>\n<link rel=\"canonical\" href=\"https:\/\/fuentesfidedignas.com.mx\/index.php\/2026\/09\/02\/asesinan-a-tecladista-de-camilo-septimo-y-su-familia-hay-dos-detenidos\/\" \/>\n<meta property=\"og:locale\" content=\"es_MX\" \/>\n<meta property=\"og:type\" content=\"article\" \/>\n<meta property=\"og:title\" content=\"Asesinan a tecladista de Camilo S\u00e9ptimo y su familia; hay dos detenidos - Fuentes Fidedignas\" \/>\n<meta property=\"og:description\" content=\"La FGJEM inform\u00f3 la detenci\u00f3n de dos hombres, como presuntos autores del asesinato del tecladista de Camilo S\u00e9ptimo Jonathan Samuel, tecladista de la banda de rock mexicano Camilo S\u00e9ptimo, fue asesinado en el Estado de M\u00e9xico.Mapa interactivo clima Los hechos ocurrieron la noche del 2 de septiembre en Atizap\u00e1n de Zaragoza. La v\u00edctima avis\u00f3 a [&hellip;]\" \/>\n<meta property=\"og:url\" content=\"https:\/\/fuentesfidedignas.com.mx\/index.php\/2026\/09\/02\/asesinan-a-tecladista-de-camilo-septimo-y-su-familia-hay-dos-detenidos\/\" \/>\n<meta property=\"og:site_name\" content=\"Fuentes Fidedignas\" \/>\n<meta property=\"article:publisher\" content=\"https:\/\/www.facebook.com\/Fuentes-Fidedignas-368234489921644\" \/>\n<meta property=\"article:published_time\" content=\"2026-09-02T22:41:40+00:00\" \/>\n<meta property=\"og:image\" content=\"https:\/\/fuentesfidedignas.com.mx\/wp-content\/uploads\/2026\/09\/img_8676.png\" \/>\n\t<meta property=\"og:image:width\" content=\"390\" \/>\n\t<meta property=\"og:image:height\" content=\"240\" \/>\n\t<meta property=\"og:image:type\" content=\"image\/png\" \/>\n<meta name=\"author\" content=\"L\u00f3pez D\u00f3riga\" \/>\n<meta name=\"twitter:card\" content=\"summary_large_image\" \/>\n<meta name=\"twitter:creator\" content=\"@fidedignas\" \/>\n<meta name=\"twitter:site\" content=\"@fidedignas\" \/>\n<meta name=\"twitter:label1\" content=\"Escrito por\" \/>\n\t<meta name=\"twitter:data1\" content=\"L\u00f3pez D\u00f3riga\" \/>\n\t<meta name=\"twitter:label2\" content=\"Tiempo de lectura\" \/>\n\t<meta name=\"twitter:data2\" content=\"2 minutos\" \/>\n<script type=\"application\/ld+json\" class=\"yoast-schema-graph\">{\"@context\":\"https:\\\/\\\/schema.org\",\"@graph\":[{\"@type\":\"Article\",\"@id\":\"https:\\\/\\\/fuentesfidedignas.com.mx\\\/index.php\\\/2026\\\/09\\\/02\\\/asesinan-a-tecladista-de-camilo-septimo-y-su-familia-hay-dos-detenidos\\\/#article\",\"isPartOf\":{\"@id\":\"https:\\\/\\\/fuentesfidedignas.com.mx\\\/index.php\\\/2026\\\/09\\\/02\\\/asesinan-a-tecladista-de-camilo-septimo-y-su-familia-hay-dos-detenidos\\\/\"},\"author\":{\"name\":\"L\u00f3pez D\u00f3riga\",\"@id\":\"https:\\\/\\\/fuentesfidedignas.com.mx\\\/#\\\/schema\\\/person\\\/67d852f0557c8509146a4b9ddebd543a\"},\"headline\":\"Asesinan a tecladista de Camilo S\u00e9ptimo y su familia; hay dos detenidos\",\"datePublished\":\"2026-09-02T22:41:40+00:00\",\"mainEntityOfPage\":{\"@id\":\"https:\\\/\\\/fuentesfidedignas.com.mx\\\/index.php\\\/2026\\\/09\\\/02\\\/asesinan-a-tecladista-de-camilo-septimo-y-su-familia-hay-dos-detenidos\\\/\"},\"wordCount\":386,\"publisher\":{\"@id\":\"https:\\\/\\\/fuentesfidedignas.com.mx\\\/#organization\"},\"image\":{\"@id\":\"https:\\\/\\\/fuentesfidedignas.com.mx\\\/index.php\\\/2026\\\/09\\\/02\\\/asesinan-a-tecladista-de-camilo-septimo-y-su-familia-hay-dos-detenidos\\\/#primaryimage\"},\"thumbnailUrl\":\"https:\\\/\\\/fuentesfidedignas.com.mx\\\/wp-content\\\/uploads\\\/2026\\\/09\\\/img_8676.png\",\"articleSection\":[\"NOTICIAS NACIONALES\"],\"inLanguage\":\"es\"},{\"@type\":\"WebPage\",\"@id\":\"https:\\\/\\\/fuentesfidedignas.com.mx\\\/index.php\\\/2026\\\/09\\\/02\\\/asesinan-a-tecladista-de-camilo-septimo-y-su-familia-hay-dos-detenidos\\\/\",\"url\":\"https:\\\/\\\/fuentesfidedignas.com.mx\\\/index.php\\\/2026\\\/09\\\/02\\\/asesinan-a-tecladista-de-camilo-septimo-y-su-familia-hay-dos-detenidos\\\/\",\"name\":\"Asesinan a tecladista de Camilo S\u00e9ptimo y su familia; hay dos detenidos - Fuentes Fidedignas\",\"isPartOf\":{\"@id\":\"https:\\\/\\\/fuentesfidedignas.com.mx\\\/#website\"},\"primaryImageOfPage\":{\"@id\":\"https:\\\/\\\/fuentesfidedignas.com.mx\\\/index.php\\\/2026\\\/09\\\/02\\\/asesinan-a-tecladista-de-camilo-septimo-y-su-familia-hay-dos-detenidos\\\/#primaryimage\"},\"image\":{\"@id\":\"https:\\\/\\\/fuentesfidedignas.com.mx\\\/index.php\\\/2026\\\/09\\\/02\\\/asesinan-a-tecladista-de-camilo-septimo-y-su-familia-hay-dos-detenidos\\\/#primaryimage\"},\"thumbnailUrl\":\"https:\\\/\\\/fuentesfidedignas.com.mx\\\/wp-content\\\/uploads\\\/2026\\\/09\\\/img_8676.png\",\"datePublished\":\"2026-09-02T22:41:40+00:00\",\"breadcrumb\":{\"@id\":\"https:\\\/\\\/fuentesfidedignas.com.mx\\\/index.php\\\/2026\\\/09\\\/02\\\/asesinan-a-tecladista-de-camilo-septimo-y-su-familia-hay-dos-detenidos\\\/#breadcrumb\"},\"inLanguage\":\"es\",\"potentialAction\":[{\"@type\":\"ReadAction\",\"target\":[\"https:\\\/\\\/fuentesfidedignas.com.mx\\\/index.php\\\/2026\\\/09\\\/02\\\/asesinan-a-tecladista-de-camilo-septimo-y-su-familia-hay-dos-detenidos\\\/\"]}]},{\"@type\":\"ImageObject\",\"inLanguage\":\"es\",\"@id\":\"https:\\\/\\\/fuentesfidedignas.com.mx\\\/index.php\\\/2026\\\/09\\\/02\\\/asesinan-a-tecladista-de-camilo-septimo-y-su-familia-hay-dos-detenidos\\\/#primaryimage\",\"url\":\"https:\\\/\\\/fuentesfidedignas.com.mx\\\/wp-content\\\/uploads\\\/2026\\\/09\\\/img_8676.png\",\"contentUrl\":\"https:\\\/\\\/fuentesfidedignas.com.mx\\\/wp-content\\\/uploads\\\/2026\\\/09\\\/img_8676.png\",\"width\":390,\"height\":240},{\"@type\":\"BreadcrumbList\",\"@id\":\"https:\\\/\\\/fuentesfidedignas.com.mx\\\/index.php\\\/2026\\\/09\\\/02\\\/asesinan-a-tecladista-de-camilo-septimo-y-su-familia-hay-dos-detenidos\\\/#breadcrumb\",\"itemListElement\":[{\"@type\":\"ListItem\",\"position\":1,\"name\":\"Inicio\",\"item\":\"https:\\\/\\\/fuentesfidedignas.com.mx\\\/\"},{\"@type\":\"ListItem\",\"position\":2,\"name\":\"Asesinan a tecladista de Camilo S\u00e9ptimo y su familia; hay dos detenidos\"}]},{\"@type\":\"WebSite\",\"@id\":\"https:\\\/\\\/fuentesfidedignas.com.mx\\\/#website\",\"url\":\"https:\\\/\\\/fuentesfidedignas.com.mx\\\/\",\"name\":\"Fuentes Fidedignas\",\"description\":\"Otro sitio realizado con WordPress\",\"publisher\":{\"@id\":\"https:\\\/\\\/fuentesfidedignas.com.mx\\\/#organization\"},\"potentialAction\":[{\"@type\":\"SearchAction\",\"target\":{\"@type\":\"EntryPoint\",\"urlTemplate\":\"https:\\\/\\\/fuentesfidedignas.com.mx\\\/?s={search_term_string}\"},\"query-input\":{\"@type\":\"PropertyValueSpecification\",\"valueRequired\":true,\"valueName\":\"search_term_string\"}}],\"inLanguage\":\"es\"},{\"@type\":\"Organization\",\"@id\":\"https:\\\/\\\/fuentesfidedignas.com.mx\\\/#organization\",\"name\":\"Fuentes Fidedignas\",\"url\":\"https:\\\/\\\/fuentesfidedignas.com.mx\\\/\",\"logo\":{\"@type\":\"ImageObject\",\"inLanguage\":\"es\",\"@id\":\"https:\\\/\\\/fuentesfidedignas.com.mx\\\/#\\\/schema\\\/logo\\\/image\\\/\",\"url\":\"https:\\\/\\\/fuentesfidedignas.com.mx\\\/wp-content\\\/uploads\\\/2021\\\/04\\\/logo-retina.png\",\"contentUrl\":\"https:\\\/\\\/fuentesfidedignas.com.mx\\\/wp-content\\\/uploads\\\/2021\\\/04\\\/logo-retina.png\",\"width\":280,\"height\":51,\"caption\":\"Fuentes Fidedignas\"},\"image\":{\"@id\":\"https:\\\/\\\/fuentesfidedignas.com.mx\\\/#\\\/schema\\\/logo\\\/image\\\/\"},\"sameAs\":[\"https:\\\/\\\/www.facebook.com\\\/Fuentes-Fidedignas-368234489921644\",\"https:\\\/\\\/x.com\\\/fidedignas\"]},{\"@type\":\"Person\",\"@id\":\"https:\\\/\\\/fuentesfidedignas.com.mx\\\/#\\\/schema\\\/person\\\/67d852f0557c8509146a4b9ddebd543a\",\"name\":\"L\u00f3pez D\u00f3riga\",\"image\":{\"@type\":\"ImageObject\",\"inLanguage\":\"es\",\"@id\":\"https:\\\/\\\/secure.gravatar.com\\\/avatar\\\/e525b06574ca18b33cded59dfe5778d6c823b9513154eff47da551b0551bdd1e?s=96&d=mm&r=g\",\"url\":\"https:\\\/\\\/secure.gravatar.com\\\/avatar\\\/e525b06574ca18b33cded59dfe5778d6c823b9513154eff47da551b0551bdd1e?s=96&d=mm&r=g\",\"contentUrl\":\"https:\\\/\\\/secure.gravatar.com\\\/avatar\\\/e525b06574ca18b33cded59dfe5778d6c823b9513154eff47da551b0551bdd1e?s=96&d=mm&r=g\",\"caption\":\"L\u00f3pez D\u00f3riga\"},\"url\":\"https:\\\/\\\/fuentesfidedignas.com.mx\\\/index.php\\\/author\\\/doriga\\\/\"}]}<\/script>\n<!-- \/ Yoast SEO plugin. -->","yoast_head_json":{"title":"Asesinan a tecladista de Camilo S\u00e9ptimo y su familia; hay dos detenidos - Fuentes Fidedignas","robots":{"index":"index","follow":"follow","max-snippet":"max-snippet:-1","max-image-preview":"max-image-preview:large","max-video-preview":"max-video-preview:-1"},"canonical":"https:\/\/fuentesfidedignas.com.mx\/index.php\/2026\/09\/02\/asesinan-a-tecladista-de-camilo-septimo-y-su-familia-hay-dos-detenidos\/","og_locale":"es_MX","og_type":"article","og_title":"Asesinan a tecladista de Camilo S\u00e9ptimo y su familia; hay dos detenidos - Fuentes Fidedignas","og_description":"La FGJEM inform\u00f3 la detenci\u00f3n de dos hombres, como presuntos autores del asesinato del tecladista de Camilo S\u00e9ptimo Jonathan Samuel, tecladista de la banda de rock mexicano Camilo S\u00e9ptimo, fue asesinado en el Estado de M\u00e9xico.Mapa interactivo clima Los hechos ocurrieron la noche del 2 de septiembre en Atizap\u00e1n de Zaragoza. La v\u00edctima avis\u00f3 a [&hellip;]","og_url":"https:\/\/fuentesfidedignas.com.mx\/index.php\/2026\/09\/02\/asesinan-a-tecladista-de-camilo-septimo-y-su-familia-hay-dos-detenidos\/","og_site_name":"Fuentes Fidedignas","article_publisher":"https:\/\/www.facebook.com\/Fuentes-Fidedignas-368234489921644","article_published_time":"2026-09-02T22:41:40+00:00","og_image":[{"width":390,"height":240,"url":"https:\/\/fuentesfidedignas.com.mx\/wp-content\/uploads\/2026\/09\/img_8676.png","type":"image\/png"}],"author":"L\u00f3pez D\u00f3riga","twitter_card":"summary_large_image","twitter_creator":"@fidedignas","twitter_site":"@fidedignas","twitter_misc":{"Escrito por":"L\u00f3pez D\u00f3riga","Tiempo de lectura":"2 minutos"},"schema":{"@context":"https:\/\/schema.org","@graph":[{"@type":"Article","@id":"https:\/\/fuentesfidedignas.com.mx\/index.php\/2026\/09\/02\/asesinan-a-tecladista-de-camilo-septimo-y-su-familia-hay-dos-detenidos\/#article","isPartOf":{"@id":"https:\/\/fuentesfidedignas.com.mx\/index.php\/2026\/09\/02\/asesinan-a-tecladista-de-camilo-septimo-y-su-familia-hay-dos-detenidos\/"},"author":{"name":"L\u00f3pez D\u00f3riga","@id":"https:\/\/fuentesfidedignas.com.mx\/#\/schema\/person\/67d852f0557c8509146a4b9ddebd543a"},"headline":"Asesinan a tecladista de Camilo S\u00e9ptimo y su familia; hay dos detenidos","datePublished":"2026-09-02T22:41:40+00:00","mainEntityOfPage":{"@id":"https:\/\/fuentesfidedignas.com.mx\/index.php\/2026\/09\/02\/asesinan-a-tecladista-de-camilo-septimo-y-su-familia-hay-dos-detenidos\/"},"wordCount":386,"publisher":{"@id":"https:\/\/fuentesfidedignas.com.mx\/#organization"},"image":{"@id":"https:\/\/fuentesfidedignas.com.mx\/index.php\/2026\/09\/02\/asesinan-a-tecladista-de-camilo-septimo-y-su-familia-hay-dos-detenidos\/#primaryimage"},"thumbnailUrl":"https:\/\/fuentesfidedignas.com.mx\/wp-content\/uploads\/2026\/09\/img_8676.png","articleSection":["NOTICIAS NACIONALES"],"inLanguage":"es"},{"@type":"WebPage","@id":"https:\/\/fuentesfidedignas.com.mx\/index.php\/2026\/09\/02\/asesinan-a-tecladista-de-camilo-septimo-y-su-familia-hay-dos-detenidos\/","url":"https:\/\/fuentesfidedignas.com.mx\/index.php\/2026\/09\/02\/asesinan-a-tecladista-de-camilo-septimo-y-su-familia-hay-dos-detenidos\/","name":"Asesinan a tecladista de Camilo S\u00e9ptimo y su familia; hay dos detenidos - Fuentes Fidedignas","isPartOf":{"@id":"https:\/\/fuentesfidedignas.com.mx\/#website"},"primaryImageOfPage":{"@id":"https:\/\/fuentesfidedignas.com.mx\/index.php\/2026\/09\/02\/asesinan-a-tecladista-de-camilo-septimo-y-su-familia-hay-dos-detenidos\/#primaryimage"},"image":{"@id":"https:\/\/fuentesfidedignas.com.mx\/index.php\/2026\/09\/02\/asesinan-a-tecladista-de-camilo-septimo-y-su-familia-hay-dos-detenidos\/#primaryimage"},"thumbnailUrl":"https:\/\/fuentesfidedignas.com.mx\/wp-content\/uploads\/2026\/09\/img_8676.png","datePublished":"2026-09-02T22:41:40+00:00","breadcrumb":{"@id":"https:\/\/fuentesfidedignas.com.mx\/index.php\/2026\/09\/02\/asesinan-a-tecladista-de-camilo-septimo-y-su-familia-hay-dos-detenidos\/#breadcrumb"},"inLanguage":"es","potentialAction":[{"@type":"ReadAction","target":["https:\/\/fuentesfidedignas.com.mx\/index.php\/2026\/09\/02\/asesinan-a-tecladista-de-camilo-septimo-y-su-familia-hay-dos-detenidos\/"]}]},{"@type":"ImageObject","inLanguage":"es","@id":"https:\/\/fuentesfidedignas.com.mx\/index.php\/2026\/09\/02\/asesinan-a-tecladista-de-camilo-septimo-y-su-familia-hay-dos-detenidos\/#primaryimage","url":"https:\/\/fuentesfidedignas.com.mx\/wp-content\/uploads\/2026\/09\/img_8676.png","contentUrl":"https:\/\/fuentesfidedignas.com.mx\/wp-content\/uploads\/2026\/09\/img_8676.png","width":390,"height":240},{"@type":"BreadcrumbList","@id":"https:\/\/fuentesfidedignas.com.mx\/index.php\/2026\/09\/02\/asesinan-a-tecladista-de-camilo-septimo-y-su-familia-hay-dos-detenidos\/#breadcrumb","itemListElement":[{"@type":"ListItem","position":1,"name":"Inicio","item":"https:\/\/fuentesfidedignas.com.mx\/"},{"@type":"ListItem","position":2,"name":"Asesinan a tecladista de Camilo S\u00e9ptimo y su familia; hay dos detenidos"}]},{"@type":"WebSite","@id":"https:\/\/fuentesfidedignas.com.mx\/#website","url":"https:\/\/fuentesfidedignas.com.mx\/","name":"Fuentes Fidedignas","description":"Otro sitio realizado con WordPress","publisher":{"@id":"https:\/\/fuentesfidedignas.com.mx\/#organization"},"potentialAction":[{"@type":"SearchAction","target":{"@type":"EntryPoint","urlTemplate":"https:\/\/fuentesfidedignas.com.mx\/?s={search_term_string}"},"query-input":{"@type":"PropertyValueSpecification","valueRequired":true,"valueName":"search_term_string"}}],"inLanguage":"es"},{"@type":"Organization","@id":"https:\/\/fuentesfidedignas.com.mx\/#organization","name":"Fuentes Fidedignas","url":"https:\/\/fuentesfidedignas.com.mx\/","logo":{"@type":"ImageObject","inLanguage":"es","@id":"https:\/\/fuentesfidedignas.com.mx\/#\/schema\/logo\/image\/","url":"https:\/\/fuentesfidedignas.com.mx\/wp-content\/uploads\/2021\/04\/logo-retina.png","contentUrl":"https:\/\/fuentesfidedignas.com.mx\/wp-content\/uploads\/2021\/04\/logo-retina.png","width":280,"height":51,"caption":"Fuentes Fidedignas"},"image":{"@id":"https:\/\/fuentesfidedignas.com.mx\/#\/schema\/logo\/image\/"},"sameAs":["https:\/\/www.facebook.com\/Fuentes-Fidedignas-368234489921644","https:\/\/x.com\/fidedignas"]},{"@type":"Person","@id":"https:\/\/fuentesfidedignas.com.mx\/#\/schema\/person\/67d852f0557c8509146a4b9ddebd543a","name":"L\u00f3pez D\u00f3riga","image":{"@type":"ImageObject","inLanguage":"es","@id":"https:\/\/secure.gravatar.com\/avatar\/e525b06574ca18b33cded59dfe5778d6c823b9513154eff47da551b0551bdd1e?s=96&d=mm&r=g","url":"https:\/\/secure.gravatar.com\/avatar\/e525b06574ca18b33cded59dfe5778d6c823b9513154eff47da551b0551bdd1e?s=96&d=mm&r=g","contentUrl":"https:\/\/secure.gravatar.com\/avatar\/e525b06574ca18b33cded59dfe5778d6c823b9513154eff47da551b0551bdd1e?s=96&d=mm&r=g","caption":"L\u00f3pez D\u00f3riga"},"url":"https:\/\/fuentesfidedignas.com.mx\/index.php\/author\/doriga\/"}]}},"_links":{"self":[{"href":"https:\/\/fuentesfidedignas.com.mx\/index.php\/wp-json\/wp\/v2\/posts\/141487","targetHints":{"allow":["GET"]}}],"collection":[{"href":"https:\/\/fuentesfidedignas.com.mx\/index.php\/wp-json\/wp\/v2\/posts"}],"about":[{"href":"https:\/\/fuentesfidedignas.com.mx\/index.php\/wp-json\/wp\/v2\/types\/post"}],"author":[{"embeddable":true,"href":"https:\/\/fuentesfidedignas.com.mx\/index.php\/wp-json\/wp\/v2\/users\/47"}],"replies":[{"embeddable":true,"href":"https:\/\/fuentesfidedignas.com.mx\/index.php\/wp-json\/wp\/v2\/comments?post=141487"}],"version-history":[{"count":1,"href":"https:\/\/fuentesfidedignas.com.mx\/index.php\/wp-json\/wp\/v2\/posts\/141487\/revisions"}],"predecessor-version":[{"id":141488,"href":"https:\/\/fuentesfidedignas.com.mx\/index.php\/wp-json\/wp\/v2\/posts\/141487\/revisions\/141488"}],"wp:featuredmedia":[{"embeddable":true,"href":"https:\/\/fuentesfidedignas.com.mx\/index.php\/wp-json\/wp\/v2\/media\/141486"}],"wp:attachment":[{"href":"https:\/\/fuentesfidedignas.com.mx\/index.php\/wp-json\/wp\/v2\/media?parent=141487"}],"wp:term":[{"taxonomy":"category","embeddable":true,"href":"https:\/\/fuentesfidedignas.com.mx\/index.php\/wp-json\/wp\/v2\/categories?post=141487"},{"taxonomy":"post_tag","embeddable":true,"href":"https:\/\/fuentesfidedignas.com.mx\/index.php\/wp-json\/wp\/v2\/tags?post=141487"}],"curies":[{"name":"wp","href":"https:\/\/api.w.org\/{rel}","templated":true}]}}