{"id":141481,"date":"2026-09-02T14:46:32","date_gmt":"2026-09-02T21:46:32","guid":{"rendered":"https:\/\/fuentesfidedignas.com.mx\/?p=141481"},"modified":"2026-09-02T14:46:37","modified_gmt":"2026-09-02T21:46:37","slug":"inauguran-cocina-express-la-lomita-nueva-opcion-gastronomica-en-culiacan","status":"publish","type":"post","link":"https:\/\/fuentesfidedignas.com.mx\/index.php\/2026\/09\/02\/inauguran-cocina-express-la-lomita-nueva-opcion-gastronomica-en-culiacan\/","title":{"rendered":"Inauguran Cocina Express La Lomita, nueva opci\u00f3n gastron\u00f3mica en Culiac\u00e1n"},"content":{"rendered":"\n<p class=\"wp-block-paragraph\"><strong><em>El nuevo establecimiento de Campestre La Herradura busca acercar sus tradicionales platillos a m\u00e1s familias, adem\u00e1s de generar empleos y mantener la apuesta empresarial en la capital sinaloense.<\/em><\/strong><\/p>\n\n\n\n<p class=\"wp-block-paragraph\">Culiac\u00e1n, Sin.- Con el objetivo de ampliar la oferta gastron\u00f3mica y continuar impulsando la actividad econ\u00f3mica en la ciudad, se llev\u00f3 a cabo la ceremonia de inauguraci\u00f3n de Cocina Express La Lomita, nuevo concepto de Campestre La Herradura.<\/p>\n\n\n\n<p class=\"wp-block-paragraph\">El establecimiento se encuentra ubicado en Plaza La Lomita, sobre Prolongaci\u00f3n \u00c1lvaro Obreg\u00f3n 1782, en la colonia Colinas de San Miguel, donde autoridades municipales, familiares e invitados acompa\u00f1aron a los propietarios durante la apertura.<\/p>\n\n\n\n<p class=\"wp-block-paragraph\">La secretaria de Desarrollo Econ\u00f3mico, Janet Faviola Tostado Noriega, destac\u00f3 la trayectoria de Campestre La Herradura y reconoci\u00f3 la decisi\u00f3n de sus propietarios de continuar invirtiendo y generando empleos, particularmente ante los retos econ\u00f3micos que ha enfrentado Culiac\u00e1n.<\/p>\n\n\n\n<p class=\"wp-block-paragraph\">Se\u00f1al\u00f3 que durante casi una d\u00e9cada Campestre La Herradura se ha consolidado como un referente gastron\u00f3mico de la ciudad, ofreciendo no solamente sus tradicionales platillos, sino tambi\u00e9n una experiencia para habitantes y visitantes.<\/p>\n\n\n\n<p class=\"wp-block-paragraph\">Asimismo, resalt\u00f3 el car\u00e1cter emprendedor de la familia al recordar que la primera Cocina Express surgi\u00f3 durante la pandemia y que ahora, ante un nuevo escenario complejo para la ciudad, decidieron apostar nuevamente por la apertura de una segunda sucursal.<\/p>\n\n\n\n<p class=\"wp-block-paragraph\">\u201cEsta modalidad creativa y arriesgada da cuenta de una familia, de un esfuerzo y un compromiso familiar que genera empleos, pero que adem\u00e1s representa una nueva opci\u00f3n para las familias que viven aqu\u00ed en la ciudad\u201d, expres\u00f3.<\/p>\n\n\n\n<p class=\"wp-block-paragraph\">Tostado Noriega dese\u00f3 \u00e9xito al nuevo establecimiento e invit\u00f3 a la ciudadan\u00eda a conocerlo y consumir los diferentes platillos que ofrece Cocina Express La Lomita.<\/p>\n\n\n\n<p class=\"wp-block-paragraph\">Por su parte, el propietario de Campestre La Herradura, Homobono \u201cDon Gonny\u201d Moreno, record\u00f3 que la primera sucursal de Cocina Express naci\u00f3 durante la pandemia de COVID-19, cuando las circunstancias obligaron a buscar nuevas formas de mantener activo el negocio.<\/p>\n\n\n\n<p class=\"wp-block-paragraph\">Explic\u00f3 que aquella primera Cocina Express comenz\u00f3 en las cocheras de la casa de uno de sus hijos, en el sector La Campi\u00f1a, como respuesta al llamado de permanecer en casa durante la contingencia sanitaria.<\/p>\n\n\n\n<p class=\"wp-block-paragraph\">\u201cLos momentos dif\u00edciles son momentos para que reaccionemos, despertemos, para innovar, para emprender\u201d, manifest\u00f3.<\/p>\n\n\n\n<p class=\"wp-block-paragraph\">Tras los mensajes de buenos augurios se realiz\u00f3 el tradicional corte de list\u00f3n, con el que qued\u00f3 formalmente inaugurada la nueva sucursal.<\/p>\n\n\n\n<p class=\"wp-block-paragraph\">Cocina Express La Lomita atender\u00e1 de lunes a viernes, de 9:00 de la ma\u00f1ana a 4:00 de la tarde, ofreciendo diferentes opciones de la cocina de Campestre La Herradura. Entre sus especialidades destacan la barbacoa y los tradicionales frijoles puercos, considerados los platillos estrella del establecimiento, adem\u00e1s de otras opciones que forman parte de su propuesta gastron\u00f3mica.<\/p>\n","protected":false},"excerpt":{"rendered":"<p>El nuevo establecimiento de Campestre La Herradura busca acercar sus tradicionales platillos a m\u00e1s familias, adem\u00e1s de generar empleos y mantener la apuesta empresarial en la capital sinaloense. Culiac\u00e1n, Sin.- Con el objetivo de ampliar la oferta gastron\u00f3mica y continuar impulsando la actividad econ\u00f3mica en la ciudad, se llev\u00f3 a cabo la ceremonia de inauguraci\u00f3n [&hellip;]<\/p>\n","protected":false},"author":4,"featured_media":141482,"comment_status":"open","ping_status":"open","sticky":false,"template":"","format":"standard","meta":{"tdm_status":"","tdm_grid_status":"","footnotes":""},"categories":[38],"tags":[],"class_list":["post-141481","post","type-post","status-publish","format-standard","has-post-thumbnail","category-noticias-locales"],"yoast_head":"<!-- This site is optimized with the Yoast SEO plugin v28.4 - https:\/\/yoast.com\/product\/yoast-seo-wordpress\/ -->\n<title>Inauguran Cocina Express La Lomita, nueva opci\u00f3n gastron\u00f3mica en Culiac\u00e1n - Fuentes Fidedignas<\/title>\n<meta name=\"robots\" content=\"index, follow, max-snippet:-1, max-image-preview:large, max-video-preview:-1\" \/>\n<link rel=\"canonical\" href=\"https:\/\/fuentesfidedignas.com.mx\/index.php\/2026\/09\/02\/inauguran-cocina-express-la-lomita-nueva-opcion-gastronomica-en-culiacan\/\" \/>\n<meta property=\"og:locale\" content=\"es_MX\" \/>\n<meta property=\"og:type\" content=\"article\" \/>\n<meta property=\"og:title\" content=\"Inauguran Cocina Express La Lomita, nueva opci\u00f3n gastron\u00f3mica en Culiac\u00e1n - Fuentes Fidedignas\" \/>\n<meta property=\"og:description\" content=\"El nuevo establecimiento de Campestre La Herradura busca acercar sus tradicionales platillos a m\u00e1s familias, adem\u00e1s de generar empleos y mantener la apuesta empresarial en la capital sinaloense. Culiac\u00e1n, Sin.- Con el objetivo de ampliar la oferta gastron\u00f3mica y continuar impulsando la actividad econ\u00f3mica en la ciudad, se llev\u00f3 a cabo la ceremonia de inauguraci\u00f3n [&hellip;]\" \/>\n<meta property=\"og:url\" content=\"https:\/\/fuentesfidedignas.com.mx\/index.php\/2026\/09\/02\/inauguran-cocina-express-la-lomita-nueva-opcion-gastronomica-en-culiacan\/\" \/>\n<meta property=\"og:site_name\" content=\"Fuentes Fidedignas\" \/>\n<meta property=\"article:publisher\" content=\"https:\/\/www.facebook.com\/Fuentes-Fidedignas-368234489921644\" \/>\n<meta property=\"article:published_time\" content=\"2026-09-02T21:46:32+00:00\" \/>\n<meta property=\"article:modified_time\" content=\"2026-09-02T21:46:37+00:00\" \/>\n<meta property=\"og:image\" content=\"https:\/\/fuentesfidedignas.com.mx\/wp-content\/uploads\/2026\/09\/WhatsApp-Image-2026-09-02-at-1.44.17-PM.jpeg\" \/>\n\t<meta property=\"og:image:width\" content=\"500\" \/>\n\t<meta property=\"og:image:height\" content=\"333\" \/>\n\t<meta property=\"og:image:type\" content=\"image\/jpeg\" \/>\n<meta name=\"author\" content=\"Redacci\u00f3n\" \/>\n<meta name=\"twitter:card\" content=\"summary_large_image\" \/>\n<meta name=\"twitter:creator\" content=\"@fidedignas\" \/>\n<meta name=\"twitter:site\" content=\"@fidedignas\" \/>\n<meta name=\"twitter:label1\" content=\"Escrito por\" \/>\n\t<meta name=\"twitter:data1\" content=\"Redacci\u00f3n\" \/>\n\t<meta name=\"twitter:label2\" content=\"Tiempo de lectura\" \/>\n\t<meta name=\"twitter:data2\" content=\"3 minutos\" \/>\n<script type=\"application\/ld+json\" class=\"yoast-schema-graph\">{\"@context\":\"https:\\\/\\\/schema.org\",\"@graph\":[{\"@type\":\"Article\",\"@id\":\"https:\\\/\\\/fuentesfidedignas.com.mx\\\/index.php\\\/2026\\\/09\\\/02\\\/inauguran-cocina-express-la-lomita-nueva-opcion-gastronomica-en-culiacan\\\/#article\",\"isPartOf\":{\"@id\":\"https:\\\/\\\/fuentesfidedignas.com.mx\\\/index.php\\\/2026\\\/09\\\/02\\\/inauguran-cocina-express-la-lomita-nueva-opcion-gastronomica-en-culiacan\\\/\"},\"author\":{\"name\":\"Redacci\u00f3n\",\"@id\":\"https:\\\/\\\/fuentesfidedignas.com.mx\\\/#\\\/schema\\\/person\\\/331be9283d37198e2acd5750279085b0\"},\"headline\":\"Inauguran Cocina Express La Lomita, nueva opci\u00f3n gastron\u00f3mica en Culiac\u00e1n\",\"datePublished\":\"2026-09-02T21:46:32+00:00\",\"dateModified\":\"2026-09-02T21:46:37+00:00\",\"mainEntityOfPage\":{\"@id\":\"https:\\\/\\\/fuentesfidedignas.com.mx\\\/index.php\\\/2026\\\/09\\\/02\\\/inauguran-cocina-express-la-lomita-nueva-opcion-gastronomica-en-culiacan\\\/\"},\"wordCount\":479,\"commentCount\":0,\"publisher\":{\"@id\":\"https:\\\/\\\/fuentesfidedignas.com.mx\\\/#organization\"},\"image\":{\"@id\":\"https:\\\/\\\/fuentesfidedignas.com.mx\\\/index.php\\\/2026\\\/09\\\/02\\\/inauguran-cocina-express-la-lomita-nueva-opcion-gastronomica-en-culiacan\\\/#primaryimage\"},\"thumbnailUrl\":\"https:\\\/\\\/fuentesfidedignas.com.mx\\\/wp-content\\\/uploads\\\/2026\\\/09\\\/WhatsApp-Image-2026-09-02-at-1.44.17-PM.jpeg\",\"articleSection\":[\"NOTICIAS LOCALES\"],\"inLanguage\":\"es\",\"potentialAction\":[{\"@type\":\"CommentAction\",\"name\":\"Comment\",\"target\":[\"https:\\\/\\\/fuentesfidedignas.com.mx\\\/index.php\\\/2026\\\/09\\\/02\\\/inauguran-cocina-express-la-lomita-nueva-opcion-gastronomica-en-culiacan\\\/#respond\"]}]},{\"@type\":\"WebPage\",\"@id\":\"https:\\\/\\\/fuentesfidedignas.com.mx\\\/index.php\\\/2026\\\/09\\\/02\\\/inauguran-cocina-express-la-lomita-nueva-opcion-gastronomica-en-culiacan\\\/\",\"url\":\"https:\\\/\\\/fuentesfidedignas.com.mx\\\/index.php\\\/2026\\\/09\\\/02\\\/inauguran-cocina-express-la-lomita-nueva-opcion-gastronomica-en-culiacan\\\/\",\"name\":\"Inauguran Cocina Express La Lomita, nueva opci\u00f3n gastron\u00f3mica en Culiac\u00e1n - Fuentes Fidedignas\",\"isPartOf\":{\"@id\":\"https:\\\/\\\/fuentesfidedignas.com.mx\\\/#website\"},\"primaryImageOfPage\":{\"@id\":\"https:\\\/\\\/fuentesfidedignas.com.mx\\\/index.php\\\/2026\\\/09\\\/02\\\/inauguran-cocina-express-la-lomita-nueva-opcion-gastronomica-en-culiacan\\\/#primaryimage\"},\"image\":{\"@id\":\"https:\\\/\\\/fuentesfidedignas.com.mx\\\/index.php\\\/2026\\\/09\\\/02\\\/inauguran-cocina-express-la-lomita-nueva-opcion-gastronomica-en-culiacan\\\/#primaryimage\"},\"thumbnailUrl\":\"https:\\\/\\\/fuentesfidedignas.com.mx\\\/wp-content\\\/uploads\\\/2026\\\/09\\\/WhatsApp-Image-2026-09-02-at-1.44.17-PM.jpeg\",\"datePublished\":\"2026-09-02T21:46:32+00:00\",\"dateModified\":\"2026-09-02T21:46:37+00:00\",\"breadcrumb\":{\"@id\":\"https:\\\/\\\/fuentesfidedignas.com.mx\\\/index.php\\\/2026\\\/09\\\/02\\\/inauguran-cocina-express-la-lomita-nueva-opcion-gastronomica-en-culiacan\\\/#breadcrumb\"},\"inLanguage\":\"es\",\"potentialAction\":[{\"@type\":\"ReadAction\",\"target\":[\"https:\\\/\\\/fuentesfidedignas.com.mx\\\/index.php\\\/2026\\\/09\\\/02\\\/inauguran-cocina-express-la-lomita-nueva-opcion-gastronomica-en-culiacan\\\/\"]}]},{\"@type\":\"ImageObject\",\"inLanguage\":\"es\",\"@id\":\"https:\\\/\\\/fuentesfidedignas.com.mx\\\/index.php\\\/2026\\\/09\\\/02\\\/inauguran-cocina-express-la-lomita-nueva-opcion-gastronomica-en-culiacan\\\/#primaryimage\",\"url\":\"https:\\\/\\\/fuentesfidedignas.com.mx\\\/wp-content\\\/uploads\\\/2026\\\/09\\\/WhatsApp-Image-2026-09-02-at-1.44.17-PM.jpeg\",\"contentUrl\":\"https:\\\/\\\/fuentesfidedignas.com.mx\\\/wp-content\\\/uploads\\\/2026\\\/09\\\/WhatsApp-Image-2026-09-02-at-1.44.17-PM.jpeg\",\"width\":500,\"height\":333},{\"@type\":\"BreadcrumbList\",\"@id\":\"https:\\\/\\\/fuentesfidedignas.com.mx\\\/index.php\\\/2026\\\/09\\\/02\\\/inauguran-cocina-express-la-lomita-nueva-opcion-gastronomica-en-culiacan\\\/#breadcrumb\",\"itemListElement\":[{\"@type\":\"ListItem\",\"position\":1,\"name\":\"Inicio\",\"item\":\"https:\\\/\\\/fuentesfidedignas.com.mx\\\/\"},{\"@type\":\"ListItem\",\"position\":2,\"name\":\"Inauguran Cocina Express La Lomita, nueva opci\u00f3n gastron\u00f3mica en Culiac\u00e1n\"}]},{\"@type\":\"WebSite\",\"@id\":\"https:\\\/\\\/fuentesfidedignas.com.mx\\\/#website\",\"url\":\"https:\\\/\\\/fuentesfidedignas.com.mx\\\/\",\"name\":\"Fuentes Fidedignas\",\"description\":\"Otro sitio realizado con WordPress\",\"publisher\":{\"@id\":\"https:\\\/\\\/fuentesfidedignas.com.mx\\\/#organization\"},\"potentialAction\":[{\"@type\":\"SearchAction\",\"target\":{\"@type\":\"EntryPoint\",\"urlTemplate\":\"https:\\\/\\\/fuentesfidedignas.com.mx\\\/?s={search_term_string}\"},\"query-input\":{\"@type\":\"PropertyValueSpecification\",\"valueRequired\":true,\"valueName\":\"search_term_string\"}}],\"inLanguage\":\"es\"},{\"@type\":\"Organization\",\"@id\":\"https:\\\/\\\/fuentesfidedignas.com.mx\\\/#organization\",\"name\":\"Fuentes Fidedignas\",\"url\":\"https:\\\/\\\/fuentesfidedignas.com.mx\\\/\",\"logo\":{\"@type\":\"ImageObject\",\"inLanguage\":\"es\",\"@id\":\"https:\\\/\\\/fuentesfidedignas.com.mx\\\/#\\\/schema\\\/logo\\\/image\\\/\",\"url\":\"https:\\\/\\\/fuentesfidedignas.com.mx\\\/wp-content\\\/uploads\\\/2021\\\/04\\\/logo-retina.png\",\"contentUrl\":\"https:\\\/\\\/fuentesfidedignas.com.mx\\\/wp-content\\\/uploads\\\/2021\\\/04\\\/logo-retina.png\",\"width\":280,\"height\":51,\"caption\":\"Fuentes Fidedignas\"},\"image\":{\"@id\":\"https:\\\/\\\/fuentesfidedignas.com.mx\\\/#\\\/schema\\\/logo\\\/image\\\/\"},\"sameAs\":[\"https:\\\/\\\/www.facebook.com\\\/Fuentes-Fidedignas-368234489921644\",\"https:\\\/\\\/x.com\\\/fidedignas\"]},{\"@type\":\"Person\",\"@id\":\"https:\\\/\\\/fuentesfidedignas.com.mx\\\/#\\\/schema\\\/person\\\/331be9283d37198e2acd5750279085b0\",\"name\":\"Redacci\u00f3n\",\"image\":{\"@type\":\"ImageObject\",\"inLanguage\":\"es\",\"@id\":\"https:\\\/\\\/secure.gravatar.com\\\/avatar\\\/f6d8782c11d12b2d4ad3fbb6931aeab5309937a4d6cd2fc9cfaa28a6396a5aec?s=96&d=mm&r=g\",\"url\":\"https:\\\/\\\/secure.gravatar.com\\\/avatar\\\/f6d8782c11d12b2d4ad3fbb6931aeab5309937a4d6cd2fc9cfaa28a6396a5aec?s=96&d=mm&r=g\",\"contentUrl\":\"https:\\\/\\\/secure.gravatar.com\\\/avatar\\\/f6d8782c11d12b2d4ad3fbb6931aeab5309937a4d6cd2fc9cfaa28a6396a5aec?s=96&d=mm&r=g\",\"caption\":\"Redacci\u00f3n\"},\"url\":\"https:\\\/\\\/fuentesfidedignas.com.mx\\\/index.php\\\/author\\\/redaccion\\\/\"}]}<\/script>\n<!-- \/ Yoast SEO plugin. -->","yoast_head_json":{"title":"Inauguran Cocina Express La Lomita, nueva opci\u00f3n gastron\u00f3mica en Culiac\u00e1n - Fuentes Fidedignas","robots":{"index":"index","follow":"follow","max-snippet":"max-snippet:-1","max-image-preview":"max-image-preview:large","max-video-preview":"max-video-preview:-1"},"canonical":"https:\/\/fuentesfidedignas.com.mx\/index.php\/2026\/09\/02\/inauguran-cocina-express-la-lomita-nueva-opcion-gastronomica-en-culiacan\/","og_locale":"es_MX","og_type":"article","og_title":"Inauguran Cocina Express La Lomita, nueva opci\u00f3n gastron\u00f3mica en Culiac\u00e1n - Fuentes Fidedignas","og_description":"El nuevo establecimiento de Campestre La Herradura busca acercar sus tradicionales platillos a m\u00e1s familias, adem\u00e1s de generar empleos y mantener la apuesta empresarial en la capital sinaloense. Culiac\u00e1n, Sin.- Con el objetivo de ampliar la oferta gastron\u00f3mica y continuar impulsando la actividad econ\u00f3mica en la ciudad, se llev\u00f3 a cabo la ceremonia de inauguraci\u00f3n [&hellip;]","og_url":"https:\/\/fuentesfidedignas.com.mx\/index.php\/2026\/09\/02\/inauguran-cocina-express-la-lomita-nueva-opcion-gastronomica-en-culiacan\/","og_site_name":"Fuentes Fidedignas","article_publisher":"https:\/\/www.facebook.com\/Fuentes-Fidedignas-368234489921644","article_published_time":"2026-09-02T21:46:32+00:00","article_modified_time":"2026-09-02T21:46:37+00:00","og_image":[{"width":500,"height":333,"url":"https:\/\/fuentesfidedignas.com.mx\/wp-content\/uploads\/2026\/09\/WhatsApp-Image-2026-09-02-at-1.44.17-PM.jpeg","type":"image\/jpeg"}],"author":"Redacci\u00f3n","twitter_card":"summary_large_image","twitter_creator":"@fidedignas","twitter_site":"@fidedignas","twitter_misc":{"Escrito por":"Redacci\u00f3n","Tiempo de lectura":"3 minutos"},"schema":{"@context":"https:\/\/schema.org","@graph":[{"@type":"Article","@id":"https:\/\/fuentesfidedignas.com.mx\/index.php\/2026\/09\/02\/inauguran-cocina-express-la-lomita-nueva-opcion-gastronomica-en-culiacan\/#article","isPartOf":{"@id":"https:\/\/fuentesfidedignas.com.mx\/index.php\/2026\/09\/02\/inauguran-cocina-express-la-lomita-nueva-opcion-gastronomica-en-culiacan\/"},"author":{"name":"Redacci\u00f3n","@id":"https:\/\/fuentesfidedignas.com.mx\/#\/schema\/person\/331be9283d37198e2acd5750279085b0"},"headline":"Inauguran Cocina Express La Lomita, nueva opci\u00f3n gastron\u00f3mica en Culiac\u00e1n","datePublished":"2026-09-02T21:46:32+00:00","dateModified":"2026-09-02T21:46:37+00:00","mainEntityOfPage":{"@id":"https:\/\/fuentesfidedignas.com.mx\/index.php\/2026\/09\/02\/inauguran-cocina-express-la-lomita-nueva-opcion-gastronomica-en-culiacan\/"},"wordCount":479,"commentCount":0,"publisher":{"@id":"https:\/\/fuentesfidedignas.com.mx\/#organization"},"image":{"@id":"https:\/\/fuentesfidedignas.com.mx\/index.php\/2026\/09\/02\/inauguran-cocina-express-la-lomita-nueva-opcion-gastronomica-en-culiacan\/#primaryimage"},"thumbnailUrl":"https:\/\/fuentesfidedignas.com.mx\/wp-content\/uploads\/2026\/09\/WhatsApp-Image-2026-09-02-at-1.44.17-PM.jpeg","articleSection":["NOTICIAS LOCALES"],"inLanguage":"es","potentialAction":[{"@type":"CommentAction","name":"Comment","target":["https:\/\/fuentesfidedignas.com.mx\/index.php\/2026\/09\/02\/inauguran-cocina-express-la-lomita-nueva-opcion-gastronomica-en-culiacan\/#respond"]}]},{"@type":"WebPage","@id":"https:\/\/fuentesfidedignas.com.mx\/index.php\/2026\/09\/02\/inauguran-cocina-express-la-lomita-nueva-opcion-gastronomica-en-culiacan\/","url":"https:\/\/fuentesfidedignas.com.mx\/index.php\/2026\/09\/02\/inauguran-cocina-express-la-lomita-nueva-opcion-gastronomica-en-culiacan\/","name":"Inauguran Cocina Express La Lomita, nueva opci\u00f3n gastron\u00f3mica en Culiac\u00e1n - Fuentes Fidedignas","isPartOf":{"@id":"https:\/\/fuentesfidedignas.com.mx\/#website"},"primaryImageOfPage":{"@id":"https:\/\/fuentesfidedignas.com.mx\/index.php\/2026\/09\/02\/inauguran-cocina-express-la-lomita-nueva-opcion-gastronomica-en-culiacan\/#primaryimage"},"image":{"@id":"https:\/\/fuentesfidedignas.com.mx\/index.php\/2026\/09\/02\/inauguran-cocina-express-la-lomita-nueva-opcion-gastronomica-en-culiacan\/#primaryimage"},"thumbnailUrl":"https:\/\/fuentesfidedignas.com.mx\/wp-content\/uploads\/2026\/09\/WhatsApp-Image-2026-09-02-at-1.44.17-PM.jpeg","datePublished":"2026-09-02T21:46:32+00:00","dateModified":"2026-09-02T21:46:37+00:00","breadcrumb":{"@id":"https:\/\/fuentesfidedignas.com.mx\/index.php\/2026\/09\/02\/inauguran-cocina-express-la-lomita-nueva-opcion-gastronomica-en-culiacan\/#breadcrumb"},"inLanguage":"es","potentialAction":[{"@type":"ReadAction","target":["https:\/\/fuentesfidedignas.com.mx\/index.php\/2026\/09\/02\/inauguran-cocina-express-la-lomita-nueva-opcion-gastronomica-en-culiacan\/"]}]},{"@type":"ImageObject","inLanguage":"es","@id":"https:\/\/fuentesfidedignas.com.mx\/index.php\/2026\/09\/02\/inauguran-cocina-express-la-lomita-nueva-opcion-gastronomica-en-culiacan\/#primaryimage","url":"https:\/\/fuentesfidedignas.com.mx\/wp-content\/uploads\/2026\/09\/WhatsApp-Image-2026-09-02-at-1.44.17-PM.jpeg","contentUrl":"https:\/\/fuentesfidedignas.com.mx\/wp-content\/uploads\/2026\/09\/WhatsApp-Image-2026-09-02-at-1.44.17-PM.jpeg","width":500,"height":333},{"@type":"BreadcrumbList","@id":"https:\/\/fuentesfidedignas.com.mx\/index.php\/2026\/09\/02\/inauguran-cocina-express-la-lomita-nueva-opcion-gastronomica-en-culiacan\/#breadcrumb","itemListElement":[{"@type":"ListItem","position":1,"name":"Inicio","item":"https:\/\/fuentesfidedignas.com.mx\/"},{"@type":"ListItem","position":2,"name":"Inauguran Cocina Express La Lomita, nueva opci\u00f3n gastron\u00f3mica en Culiac\u00e1n"}]},{"@type":"WebSite","@id":"https:\/\/fuentesfidedignas.com.mx\/#website","url":"https:\/\/fuentesfidedignas.com.mx\/","name":"Fuentes Fidedignas","description":"Otro sitio realizado con WordPress","publisher":{"@id":"https:\/\/fuentesfidedignas.com.mx\/#organization"},"potentialAction":[{"@type":"SearchAction","target":{"@type":"EntryPoint","urlTemplate":"https:\/\/fuentesfidedignas.com.mx\/?s={search_term_string}"},"query-input":{"@type":"PropertyValueSpecification","valueRequired":true,"valueName":"search_term_string"}}],"inLanguage":"es"},{"@type":"Organization","@id":"https:\/\/fuentesfidedignas.com.mx\/#organization","name":"Fuentes Fidedignas","url":"https:\/\/fuentesfidedignas.com.mx\/","logo":{"@type":"ImageObject","inLanguage":"es","@id":"https:\/\/fuentesfidedignas.com.mx\/#\/schema\/logo\/image\/","url":"https:\/\/fuentesfidedignas.com.mx\/wp-content\/uploads\/2021\/04\/logo-retina.png","contentUrl":"https:\/\/fuentesfidedignas.com.mx\/wp-content\/uploads\/2021\/04\/logo-retina.png","width":280,"height":51,"caption":"Fuentes Fidedignas"},"image":{"@id":"https:\/\/fuentesfidedignas.com.mx\/#\/schema\/logo\/image\/"},"sameAs":["https:\/\/www.facebook.com\/Fuentes-Fidedignas-368234489921644","https:\/\/x.com\/fidedignas"]},{"@type":"Person","@id":"https:\/\/fuentesfidedignas.com.mx\/#\/schema\/person\/331be9283d37198e2acd5750279085b0","name":"Redacci\u00f3n","image":{"@type":"ImageObject","inLanguage":"es","@id":"https:\/\/secure.gravatar.com\/avatar\/f6d8782c11d12b2d4ad3fbb6931aeab5309937a4d6cd2fc9cfaa28a6396a5aec?s=96&d=mm&r=g","url":"https:\/\/secure.gravatar.com\/avatar\/f6d8782c11d12b2d4ad3fbb6931aeab5309937a4d6cd2fc9cfaa28a6396a5aec?s=96&d=mm&r=g","contentUrl":"https:\/\/secure.gravatar.com\/avatar\/f6d8782c11d12b2d4ad3fbb6931aeab5309937a4d6cd2fc9cfaa28a6396a5aec?s=96&d=mm&r=g","caption":"Redacci\u00f3n"},"url":"https:\/\/fuentesfidedignas.com.mx\/index.php\/author\/redaccion\/"}]}},"_links":{"self":[{"href":"https:\/\/fuentesfidedignas.com.mx\/index.php\/wp-json\/wp\/v2\/posts\/141481","targetHints":{"allow":["GET"]}}],"collection":[{"href":"https:\/\/fuentesfidedignas.com.mx\/index.php\/wp-json\/wp\/v2\/posts"}],"about":[{"href":"https:\/\/fuentesfidedignas.com.mx\/index.php\/wp-json\/wp\/v2\/types\/post"}],"author":[{"embeddable":true,"href":"https:\/\/fuentesfidedignas.com.mx\/index.php\/wp-json\/wp\/v2\/users\/4"}],"replies":[{"embeddable":true,"href":"https:\/\/fuentesfidedignas.com.mx\/index.php\/wp-json\/wp\/v2\/comments?post=141481"}],"version-history":[{"count":1,"href":"https:\/\/fuentesfidedignas.com.mx\/index.php\/wp-json\/wp\/v2\/posts\/141481\/revisions"}],"predecessor-version":[{"id":141483,"href":"https:\/\/fuentesfidedignas.com.mx\/index.php\/wp-json\/wp\/v2\/posts\/141481\/revisions\/141483"}],"wp:featuredmedia":[{"embeddable":true,"href":"https:\/\/fuentesfidedignas.com.mx\/index.php\/wp-json\/wp\/v2\/media\/141482"}],"wp:attachment":[{"href":"https:\/\/fuentesfidedignas.com.mx\/index.php\/wp-json\/wp\/v2\/media?parent=141481"}],"wp:term":[{"taxonomy":"category","embeddable":true,"href":"https:\/\/fuentesfidedignas.com.mx\/index.php\/wp-json\/wp\/v2\/categories?post=141481"},{"taxonomy":"post_tag","embeddable":true,"href":"https:\/\/fuentesfidedignas.com.mx\/index.php\/wp-json\/wp\/v2\/tags?post=141481"}],"curies":[{"name":"wp","href":"https:\/\/api.w.org\/{rel}","templated":true}]}}