{"id":141479,"date":"2026-09-02T14:17:56","date_gmt":"2026-09-02T21:17:56","guid":{"rendered":"https:\/\/fuentesfidedignas.com.mx\/?p=141479"},"modified":"2026-09-02T14:48:21","modified_gmt":"2026-09-02T21:48:21","slug":"alcaldesa-de-culiacan-alienta-a-empresas-con-impulso-nafin","status":"publish","type":"post","link":"https:\/\/fuentesfidedignas.com.mx\/index.php\/2026\/09\/02\/alcaldesa-de-culiacan-alienta-a-empresas-con-impulso-nafin\/","title":{"rendered":"Alcaldesa de Culiac\u00e1n alienta a empresas con Impulso NAFIN"},"content":{"rendered":"\n<p class=\"wp-block-paragraph\"><strong><em>Ramos Villarreal precis\u00f3 que, a trav\u00e9s de este esquema de financiamiento, se ha consolidado el apoyo a empresas de diversos giros, que van desde el sector de alimentos y restaurantero hasta el aeron\u00e1utico y, en este caso, el agr\u00edcola, enfocado en las plataformas digitales.                                                                                                                              <\/em><\/strong><\/p>\n\n\n\n<p class=\"wp-block-paragraph\">Culiac\u00e1n, Sin.- El despliegue de recursos para el fortalecimiento de la econom\u00eda local mantiene su curso a trav\u00e9s del programa Impulso NAFIN, mediante el cual la presidenta municipal, Ana Miriam Ramos Villarreal, hizo entrega de un financiamiento a la empresa Aliado Continental, AgriCompras.<\/p>\n\n\n\n<p class=\"wp-block-paragraph\">Durante su visita a la empresa, dedicada a la comercializaci\u00f3n de insumos para la industria agr\u00edcola a trav\u00e9s de su plataforma tecnol\u00f3gica, la alcaldesa resalt\u00f3 que actualmente el Ayuntamiento de Culiac\u00e1n mantiene abiertos los recursos destinados al programa Impulso NAFIN.<\/p>\n\n\n\n<p class=\"wp-block-paragraph\">Ramos Villarreal precis\u00f3 que, a trav\u00e9s de este esquema de financiamiento, se ha consolidado el apoyo a empresas de diversos giros, que van desde el sector de alimentos y restaurantero hasta el aeron\u00e1utico y, en este caso, el agr\u00edcola, enfocado en las plataformas digitales.<\/p>\n\n\n\n<p class=\"wp-block-paragraph\">\u201cEs Aliado Continental, la empresa a la que se le entrega este apoyo; son parte de los programas que el Ayuntamiento sigue impulsando\u201d, detall\u00f3 la mun\u00edcipe.<\/p>\n\n\n\n<p class=\"wp-block-paragraph\">Por su parte, Juan Carlos Ramos Gonz\u00e1lez, director operativo de Grupo AgriCompras, explic\u00f3 que la empresa es una plataforma tecnol\u00f3gica que busca conectar a agricultores con proveedores de insumos, adem\u00e1s de dedicarse a la fabricaci\u00f3n de tarimas.<\/p>\n\n\n\n<p class=\"wp-block-paragraph\">\u201cEn AgriCompras buscamos ser el Amazon de los insumos agr\u00edcolas\u201d, indic\u00f3 el empresario.<\/p>\n\n\n\n<p class=\"wp-block-paragraph\">Al respecto, destac\u00f3 que, al ser la industria agr\u00edcola un pilar fundamental del estado y del pa\u00eds, Aliado Continental se suma a esta cadena de valor mediante una plataforma digital en la que los clientes pueden adquirir sus insumos a un buen costo.<\/p>\n\n\n\n<p class=\"wp-block-paragraph\">\u201cQue se animen y que se sumen a emprender; lo necesitan Culiac\u00e1n y Sinaloa\u201d, afirm\u00f3 Juan Carlos Ramos Gonz\u00e1lez.<\/p>\n\n\n\n<p class=\"wp-block-paragraph\">Con seis a\u00f1os de trayectoria y 13 colaboradores en planta y oficina, Aliado Continental destinar\u00e1 el cr\u00e9dito recibido a la compra de un horno industrial para la construcci\u00f3n de tarimas.<\/p>\n\n\n\n<p class=\"wp-block-paragraph\">Finalmente, Juan Carlos Ramos Gonz\u00e1lez agradeci\u00f3 a la presidenta municipal, Ana Miriam Ramos Villarreal, por impulsar este esquema de financiamiento, que favorece a las empresas culiacanenses en su b\u00fasqueda por continuar creciendo y desarrollando nuevas tecnolog\u00edas.<\/p>\n\n\n\n<p class=\"wp-block-paragraph\">En el ejercicio 2026, el programa Impulso NAFIN ha atendido 160 solicitudes de cr\u00e9dito, mientras que 67 permanecen en lista de espera, con una dispersi\u00f3n acumulada de 750 millones de pesos desde 2022 hasta el transcurso de 2026.<\/p>\n","protected":false},"excerpt":{"rendered":"<p>Ramos Villarreal precis\u00f3 que, a trav\u00e9s de este esquema de financiamiento, se ha consolidado el apoyo a empresas de diversos giros, que van desde el sector de alimentos y restaurantero hasta el aeron\u00e1utico y, en este caso, el agr\u00edcola, enfocado en las plataformas digitales. Culiac\u00e1n, Sin.- El despliegue de recursos para el fortalecimiento de la [&hellip;]<\/p>\n","protected":false},"author":4,"featured_media":141484,"comment_status":"open","ping_status":"open","sticky":false,"template":"","format":"standard","meta":{"tdm_status":"","tdm_grid_status":"","footnotes":""},"categories":[38],"tags":[],"class_list":["post-141479","post","type-post","status-publish","format-standard","has-post-thumbnail","category-noticias-locales"],"yoast_head":"<!-- This site is optimized with the Yoast SEO plugin v28.4 - https:\/\/yoast.com\/product\/yoast-seo-wordpress\/ -->\n<title>Alcaldesa de Culiac\u00e1n alienta a empresas con Impulso NAFIN - Fuentes Fidedignas<\/title>\n<meta name=\"robots\" content=\"index, follow, max-snippet:-1, max-image-preview:large, max-video-preview:-1\" \/>\n<link rel=\"canonical\" href=\"https:\/\/fuentesfidedignas.com.mx\/index.php\/2026\/09\/02\/alcaldesa-de-culiacan-alienta-a-empresas-con-impulso-nafin\/\" \/>\n<meta property=\"og:locale\" content=\"es_MX\" \/>\n<meta property=\"og:type\" content=\"article\" \/>\n<meta property=\"og:title\" content=\"Alcaldesa de Culiac\u00e1n alienta a empresas con Impulso NAFIN - Fuentes Fidedignas\" \/>\n<meta property=\"og:description\" content=\"Ramos Villarreal precis\u00f3 que, a trav\u00e9s de este esquema de financiamiento, se ha consolidado el apoyo a empresas de diversos giros, que van desde el sector de alimentos y restaurantero hasta el aeron\u00e1utico y, en este caso, el agr\u00edcola, enfocado en las plataformas digitales. Culiac\u00e1n, Sin.- El despliegue de recursos para el fortalecimiento de la [&hellip;]\" \/>\n<meta property=\"og:url\" content=\"https:\/\/fuentesfidedignas.com.mx\/index.php\/2026\/09\/02\/alcaldesa-de-culiacan-alienta-a-empresas-con-impulso-nafin\/\" \/>\n<meta property=\"og:site_name\" content=\"Fuentes Fidedignas\" \/>\n<meta property=\"article:publisher\" content=\"https:\/\/www.facebook.com\/Fuentes-Fidedignas-368234489921644\" \/>\n<meta property=\"article:published_time\" content=\"2026-09-02T21:17:56+00:00\" \/>\n<meta property=\"article:modified_time\" content=\"2026-09-02T21:48:21+00:00\" \/>\n<meta property=\"og:image\" content=\"https:\/\/fuentesfidedignas.com.mx\/wp-content\/uploads\/2026\/09\/WhatsApp-Image-2026-09-02-at-12.37.23-PM-e1788385656735.jpeg\" \/>\n\t<meta property=\"og:image:width\" content=\"500\" \/>\n\t<meta property=\"og:image:height\" content=\"334\" \/>\n\t<meta property=\"og:image:type\" content=\"image\/jpeg\" \/>\n<meta name=\"author\" content=\"Redacci\u00f3n\" \/>\n<meta name=\"twitter:card\" content=\"summary_large_image\" \/>\n<meta name=\"twitter:creator\" content=\"@fidedignas\" \/>\n<meta name=\"twitter:site\" content=\"@fidedignas\" \/>\n<meta name=\"twitter:label1\" content=\"Escrito por\" \/>\n\t<meta name=\"twitter:data1\" content=\"Redacci\u00f3n\" \/>\n\t<meta name=\"twitter:label2\" content=\"Tiempo de lectura\" \/>\n\t<meta name=\"twitter:data2\" content=\"3 minutos\" \/>\n<script type=\"application\/ld+json\" class=\"yoast-schema-graph\">{\"@context\":\"https:\\\/\\\/schema.org\",\"@graph\":[{\"@type\":\"Article\",\"@id\":\"https:\\\/\\\/fuentesfidedignas.com.mx\\\/index.php\\\/2026\\\/09\\\/02\\\/alcaldesa-de-culiacan-alienta-a-empresas-con-impulso-nafin\\\/#article\",\"isPartOf\":{\"@id\":\"https:\\\/\\\/fuentesfidedignas.com.mx\\\/index.php\\\/2026\\\/09\\\/02\\\/alcaldesa-de-culiacan-alienta-a-empresas-con-impulso-nafin\\\/\"},\"author\":{\"name\":\"Redacci\u00f3n\",\"@id\":\"https:\\\/\\\/fuentesfidedignas.com.mx\\\/#\\\/schema\\\/person\\\/331be9283d37198e2acd5750279085b0\"},\"headline\":\"Alcaldesa de Culiac\u00e1n alienta a empresas con Impulso NAFIN\",\"datePublished\":\"2026-09-02T21:17:56+00:00\",\"dateModified\":\"2026-09-02T21:48:21+00:00\",\"mainEntityOfPage\":{\"@id\":\"https:\\\/\\\/fuentesfidedignas.com.mx\\\/index.php\\\/2026\\\/09\\\/02\\\/alcaldesa-de-culiacan-alienta-a-empresas-con-impulso-nafin\\\/\"},\"wordCount\":449,\"commentCount\":0,\"publisher\":{\"@id\":\"https:\\\/\\\/fuentesfidedignas.com.mx\\\/#organization\"},\"image\":{\"@id\":\"https:\\\/\\\/fuentesfidedignas.com.mx\\\/index.php\\\/2026\\\/09\\\/02\\\/alcaldesa-de-culiacan-alienta-a-empresas-con-impulso-nafin\\\/#primaryimage\"},\"thumbnailUrl\":\"https:\\\/\\\/fuentesfidedignas.com.mx\\\/wp-content\\\/uploads\\\/2026\\\/09\\\/WhatsApp-Image-2026-09-02-at-12.37.23-PM-e1788385656735.jpeg\",\"articleSection\":[\"NOTICIAS LOCALES\"],\"inLanguage\":\"es\",\"potentialAction\":[{\"@type\":\"CommentAction\",\"name\":\"Comment\",\"target\":[\"https:\\\/\\\/fuentesfidedignas.com.mx\\\/index.php\\\/2026\\\/09\\\/02\\\/alcaldesa-de-culiacan-alienta-a-empresas-con-impulso-nafin\\\/#respond\"]}]},{\"@type\":\"WebPage\",\"@id\":\"https:\\\/\\\/fuentesfidedignas.com.mx\\\/index.php\\\/2026\\\/09\\\/02\\\/alcaldesa-de-culiacan-alienta-a-empresas-con-impulso-nafin\\\/\",\"url\":\"https:\\\/\\\/fuentesfidedignas.com.mx\\\/index.php\\\/2026\\\/09\\\/02\\\/alcaldesa-de-culiacan-alienta-a-empresas-con-impulso-nafin\\\/\",\"name\":\"Alcaldesa de Culiac\u00e1n alienta a empresas con Impulso NAFIN - Fuentes Fidedignas\",\"isPartOf\":{\"@id\":\"https:\\\/\\\/fuentesfidedignas.com.mx\\\/#website\"},\"primaryImageOfPage\":{\"@id\":\"https:\\\/\\\/fuentesfidedignas.com.mx\\\/index.php\\\/2026\\\/09\\\/02\\\/alcaldesa-de-culiacan-alienta-a-empresas-con-impulso-nafin\\\/#primaryimage\"},\"image\":{\"@id\":\"https:\\\/\\\/fuentesfidedignas.com.mx\\\/index.php\\\/2026\\\/09\\\/02\\\/alcaldesa-de-culiacan-alienta-a-empresas-con-impulso-nafin\\\/#primaryimage\"},\"thumbnailUrl\":\"https:\\\/\\\/fuentesfidedignas.com.mx\\\/wp-content\\\/uploads\\\/2026\\\/09\\\/WhatsApp-Image-2026-09-02-at-12.37.23-PM-e1788385656735.jpeg\",\"datePublished\":\"2026-09-02T21:17:56+00:00\",\"dateModified\":\"2026-09-02T21:48:21+00:00\",\"breadcrumb\":{\"@id\":\"https:\\\/\\\/fuentesfidedignas.com.mx\\\/index.php\\\/2026\\\/09\\\/02\\\/alcaldesa-de-culiacan-alienta-a-empresas-con-impulso-nafin\\\/#breadcrumb\"},\"inLanguage\":\"es\",\"potentialAction\":[{\"@type\":\"ReadAction\",\"target\":[\"https:\\\/\\\/fuentesfidedignas.com.mx\\\/index.php\\\/2026\\\/09\\\/02\\\/alcaldesa-de-culiacan-alienta-a-empresas-con-impulso-nafin\\\/\"]}]},{\"@type\":\"ImageObject\",\"inLanguage\":\"es\",\"@id\":\"https:\\\/\\\/fuentesfidedignas.com.mx\\\/index.php\\\/2026\\\/09\\\/02\\\/alcaldesa-de-culiacan-alienta-a-empresas-con-impulso-nafin\\\/#primaryimage\",\"url\":\"https:\\\/\\\/fuentesfidedignas.com.mx\\\/wp-content\\\/uploads\\\/2026\\\/09\\\/WhatsApp-Image-2026-09-02-at-12.37.23-PM-e1788385656735.jpeg\",\"contentUrl\":\"https:\\\/\\\/fuentesfidedignas.com.mx\\\/wp-content\\\/uploads\\\/2026\\\/09\\\/WhatsApp-Image-2026-09-02-at-12.37.23-PM-e1788385656735.jpeg\",\"width\":500,\"height\":334},{\"@type\":\"BreadcrumbList\",\"@id\":\"https:\\\/\\\/fuentesfidedignas.com.mx\\\/index.php\\\/2026\\\/09\\\/02\\\/alcaldesa-de-culiacan-alienta-a-empresas-con-impulso-nafin\\\/#breadcrumb\",\"itemListElement\":[{\"@type\":\"ListItem\",\"position\":1,\"name\":\"Inicio\",\"item\":\"https:\\\/\\\/fuentesfidedignas.com.mx\\\/\"},{\"@type\":\"ListItem\",\"position\":2,\"name\":\"Alcaldesa de Culiac\u00e1n alienta a empresas con Impulso NAFIN\"}]},{\"@type\":\"WebSite\",\"@id\":\"https:\\\/\\\/fuentesfidedignas.com.mx\\\/#website\",\"url\":\"https:\\\/\\\/fuentesfidedignas.com.mx\\\/\",\"name\":\"Fuentes Fidedignas\",\"description\":\"Otro sitio realizado con WordPress\",\"publisher\":{\"@id\":\"https:\\\/\\\/fuentesfidedignas.com.mx\\\/#organization\"},\"potentialAction\":[{\"@type\":\"SearchAction\",\"target\":{\"@type\":\"EntryPoint\",\"urlTemplate\":\"https:\\\/\\\/fuentesfidedignas.com.mx\\\/?s={search_term_string}\"},\"query-input\":{\"@type\":\"PropertyValueSpecification\",\"valueRequired\":true,\"valueName\":\"search_term_string\"}}],\"inLanguage\":\"es\"},{\"@type\":\"Organization\",\"@id\":\"https:\\\/\\\/fuentesfidedignas.com.mx\\\/#organization\",\"name\":\"Fuentes Fidedignas\",\"url\":\"https:\\\/\\\/fuentesfidedignas.com.mx\\\/\",\"logo\":{\"@type\":\"ImageObject\",\"inLanguage\":\"es\",\"@id\":\"https:\\\/\\\/fuentesfidedignas.com.mx\\\/#\\\/schema\\\/logo\\\/image\\\/\",\"url\":\"https:\\\/\\\/fuentesfidedignas.com.mx\\\/wp-content\\\/uploads\\\/2021\\\/04\\\/logo-retina.png\",\"contentUrl\":\"https:\\\/\\\/fuentesfidedignas.com.mx\\\/wp-content\\\/uploads\\\/2021\\\/04\\\/logo-retina.png\",\"width\":280,\"height\":51,\"caption\":\"Fuentes Fidedignas\"},\"image\":{\"@id\":\"https:\\\/\\\/fuentesfidedignas.com.mx\\\/#\\\/schema\\\/logo\\\/image\\\/\"},\"sameAs\":[\"https:\\\/\\\/www.facebook.com\\\/Fuentes-Fidedignas-368234489921644\",\"https:\\\/\\\/x.com\\\/fidedignas\"]},{\"@type\":\"Person\",\"@id\":\"https:\\\/\\\/fuentesfidedignas.com.mx\\\/#\\\/schema\\\/person\\\/331be9283d37198e2acd5750279085b0\",\"name\":\"Redacci\u00f3n\",\"image\":{\"@type\":\"ImageObject\",\"inLanguage\":\"es\",\"@id\":\"https:\\\/\\\/secure.gravatar.com\\\/avatar\\\/f6d8782c11d12b2d4ad3fbb6931aeab5309937a4d6cd2fc9cfaa28a6396a5aec?s=96&d=mm&r=g\",\"url\":\"https:\\\/\\\/secure.gravatar.com\\\/avatar\\\/f6d8782c11d12b2d4ad3fbb6931aeab5309937a4d6cd2fc9cfaa28a6396a5aec?s=96&d=mm&r=g\",\"contentUrl\":\"https:\\\/\\\/secure.gravatar.com\\\/avatar\\\/f6d8782c11d12b2d4ad3fbb6931aeab5309937a4d6cd2fc9cfaa28a6396a5aec?s=96&d=mm&r=g\",\"caption\":\"Redacci\u00f3n\"},\"url\":\"https:\\\/\\\/fuentesfidedignas.com.mx\\\/index.php\\\/author\\\/redaccion\\\/\"}]}<\/script>\n<!-- \/ Yoast SEO plugin. -->","yoast_head_json":{"title":"Alcaldesa de Culiac\u00e1n alienta a empresas con Impulso NAFIN - Fuentes Fidedignas","robots":{"index":"index","follow":"follow","max-snippet":"max-snippet:-1","max-image-preview":"max-image-preview:large","max-video-preview":"max-video-preview:-1"},"canonical":"https:\/\/fuentesfidedignas.com.mx\/index.php\/2026\/09\/02\/alcaldesa-de-culiacan-alienta-a-empresas-con-impulso-nafin\/","og_locale":"es_MX","og_type":"article","og_title":"Alcaldesa de Culiac\u00e1n alienta a empresas con Impulso NAFIN - Fuentes Fidedignas","og_description":"Ramos Villarreal precis\u00f3 que, a trav\u00e9s de este esquema de financiamiento, se ha consolidado el apoyo a empresas de diversos giros, que van desde el sector de alimentos y restaurantero hasta el aeron\u00e1utico y, en este caso, el agr\u00edcola, enfocado en las plataformas digitales. Culiac\u00e1n, Sin.- El despliegue de recursos para el fortalecimiento de la [&hellip;]","og_url":"https:\/\/fuentesfidedignas.com.mx\/index.php\/2026\/09\/02\/alcaldesa-de-culiacan-alienta-a-empresas-con-impulso-nafin\/","og_site_name":"Fuentes Fidedignas","article_publisher":"https:\/\/www.facebook.com\/Fuentes-Fidedignas-368234489921644","article_published_time":"2026-09-02T21:17:56+00:00","article_modified_time":"2026-09-02T21:48:21+00:00","og_image":[{"width":500,"height":334,"url":"https:\/\/fuentesfidedignas.com.mx\/wp-content\/uploads\/2026\/09\/WhatsApp-Image-2026-09-02-at-12.37.23-PM-e1788385656735.jpeg","type":"image\/jpeg"}],"author":"Redacci\u00f3n","twitter_card":"summary_large_image","twitter_creator":"@fidedignas","twitter_site":"@fidedignas","twitter_misc":{"Escrito por":"Redacci\u00f3n","Tiempo de lectura":"3 minutos"},"schema":{"@context":"https:\/\/schema.org","@graph":[{"@type":"Article","@id":"https:\/\/fuentesfidedignas.com.mx\/index.php\/2026\/09\/02\/alcaldesa-de-culiacan-alienta-a-empresas-con-impulso-nafin\/#article","isPartOf":{"@id":"https:\/\/fuentesfidedignas.com.mx\/index.php\/2026\/09\/02\/alcaldesa-de-culiacan-alienta-a-empresas-con-impulso-nafin\/"},"author":{"name":"Redacci\u00f3n","@id":"https:\/\/fuentesfidedignas.com.mx\/#\/schema\/person\/331be9283d37198e2acd5750279085b0"},"headline":"Alcaldesa de Culiac\u00e1n alienta a empresas con Impulso NAFIN","datePublished":"2026-09-02T21:17:56+00:00","dateModified":"2026-09-02T21:48:21+00:00","mainEntityOfPage":{"@id":"https:\/\/fuentesfidedignas.com.mx\/index.php\/2026\/09\/02\/alcaldesa-de-culiacan-alienta-a-empresas-con-impulso-nafin\/"},"wordCount":449,"commentCount":0,"publisher":{"@id":"https:\/\/fuentesfidedignas.com.mx\/#organization"},"image":{"@id":"https:\/\/fuentesfidedignas.com.mx\/index.php\/2026\/09\/02\/alcaldesa-de-culiacan-alienta-a-empresas-con-impulso-nafin\/#primaryimage"},"thumbnailUrl":"https:\/\/fuentesfidedignas.com.mx\/wp-content\/uploads\/2026\/09\/WhatsApp-Image-2026-09-02-at-12.37.23-PM-e1788385656735.jpeg","articleSection":["NOTICIAS LOCALES"],"inLanguage":"es","potentialAction":[{"@type":"CommentAction","name":"Comment","target":["https:\/\/fuentesfidedignas.com.mx\/index.php\/2026\/09\/02\/alcaldesa-de-culiacan-alienta-a-empresas-con-impulso-nafin\/#respond"]}]},{"@type":"WebPage","@id":"https:\/\/fuentesfidedignas.com.mx\/index.php\/2026\/09\/02\/alcaldesa-de-culiacan-alienta-a-empresas-con-impulso-nafin\/","url":"https:\/\/fuentesfidedignas.com.mx\/index.php\/2026\/09\/02\/alcaldesa-de-culiacan-alienta-a-empresas-con-impulso-nafin\/","name":"Alcaldesa de Culiac\u00e1n alienta a empresas con Impulso NAFIN - Fuentes Fidedignas","isPartOf":{"@id":"https:\/\/fuentesfidedignas.com.mx\/#website"},"primaryImageOfPage":{"@id":"https:\/\/fuentesfidedignas.com.mx\/index.php\/2026\/09\/02\/alcaldesa-de-culiacan-alienta-a-empresas-con-impulso-nafin\/#primaryimage"},"image":{"@id":"https:\/\/fuentesfidedignas.com.mx\/index.php\/2026\/09\/02\/alcaldesa-de-culiacan-alienta-a-empresas-con-impulso-nafin\/#primaryimage"},"thumbnailUrl":"https:\/\/fuentesfidedignas.com.mx\/wp-content\/uploads\/2026\/09\/WhatsApp-Image-2026-09-02-at-12.37.23-PM-e1788385656735.jpeg","datePublished":"2026-09-02T21:17:56+00:00","dateModified":"2026-09-02T21:48:21+00:00","breadcrumb":{"@id":"https:\/\/fuentesfidedignas.com.mx\/index.php\/2026\/09\/02\/alcaldesa-de-culiacan-alienta-a-empresas-con-impulso-nafin\/#breadcrumb"},"inLanguage":"es","potentialAction":[{"@type":"ReadAction","target":["https:\/\/fuentesfidedignas.com.mx\/index.php\/2026\/09\/02\/alcaldesa-de-culiacan-alienta-a-empresas-con-impulso-nafin\/"]}]},{"@type":"ImageObject","inLanguage":"es","@id":"https:\/\/fuentesfidedignas.com.mx\/index.php\/2026\/09\/02\/alcaldesa-de-culiacan-alienta-a-empresas-con-impulso-nafin\/#primaryimage","url":"https:\/\/fuentesfidedignas.com.mx\/wp-content\/uploads\/2026\/09\/WhatsApp-Image-2026-09-02-at-12.37.23-PM-e1788385656735.jpeg","contentUrl":"https:\/\/fuentesfidedignas.com.mx\/wp-content\/uploads\/2026\/09\/WhatsApp-Image-2026-09-02-at-12.37.23-PM-e1788385656735.jpeg","width":500,"height":334},{"@type":"BreadcrumbList","@id":"https:\/\/fuentesfidedignas.com.mx\/index.php\/2026\/09\/02\/alcaldesa-de-culiacan-alienta-a-empresas-con-impulso-nafin\/#breadcrumb","itemListElement":[{"@type":"ListItem","position":1,"name":"Inicio","item":"https:\/\/fuentesfidedignas.com.mx\/"},{"@type":"ListItem","position":2,"name":"Alcaldesa de Culiac\u00e1n alienta a empresas con Impulso NAFIN"}]},{"@type":"WebSite","@id":"https:\/\/fuentesfidedignas.com.mx\/#website","url":"https:\/\/fuentesfidedignas.com.mx\/","name":"Fuentes Fidedignas","description":"Otro sitio realizado con WordPress","publisher":{"@id":"https:\/\/fuentesfidedignas.com.mx\/#organization"},"potentialAction":[{"@type":"SearchAction","target":{"@type":"EntryPoint","urlTemplate":"https:\/\/fuentesfidedignas.com.mx\/?s={search_term_string}"},"query-input":{"@type":"PropertyValueSpecification","valueRequired":true,"valueName":"search_term_string"}}],"inLanguage":"es"},{"@type":"Organization","@id":"https:\/\/fuentesfidedignas.com.mx\/#organization","name":"Fuentes Fidedignas","url":"https:\/\/fuentesfidedignas.com.mx\/","logo":{"@type":"ImageObject","inLanguage":"es","@id":"https:\/\/fuentesfidedignas.com.mx\/#\/schema\/logo\/image\/","url":"https:\/\/fuentesfidedignas.com.mx\/wp-content\/uploads\/2021\/04\/logo-retina.png","contentUrl":"https:\/\/fuentesfidedignas.com.mx\/wp-content\/uploads\/2021\/04\/logo-retina.png","width":280,"height":51,"caption":"Fuentes Fidedignas"},"image":{"@id":"https:\/\/fuentesfidedignas.com.mx\/#\/schema\/logo\/image\/"},"sameAs":["https:\/\/www.facebook.com\/Fuentes-Fidedignas-368234489921644","https:\/\/x.com\/fidedignas"]},{"@type":"Person","@id":"https:\/\/fuentesfidedignas.com.mx\/#\/schema\/person\/331be9283d37198e2acd5750279085b0","name":"Redacci\u00f3n","image":{"@type":"ImageObject","inLanguage":"es","@id":"https:\/\/secure.gravatar.com\/avatar\/f6d8782c11d12b2d4ad3fbb6931aeab5309937a4d6cd2fc9cfaa28a6396a5aec?s=96&d=mm&r=g","url":"https:\/\/secure.gravatar.com\/avatar\/f6d8782c11d12b2d4ad3fbb6931aeab5309937a4d6cd2fc9cfaa28a6396a5aec?s=96&d=mm&r=g","contentUrl":"https:\/\/secure.gravatar.com\/avatar\/f6d8782c11d12b2d4ad3fbb6931aeab5309937a4d6cd2fc9cfaa28a6396a5aec?s=96&d=mm&r=g","caption":"Redacci\u00f3n"},"url":"https:\/\/fuentesfidedignas.com.mx\/index.php\/author\/redaccion\/"}]}},"_links":{"self":[{"href":"https:\/\/fuentesfidedignas.com.mx\/index.php\/wp-json\/wp\/v2\/posts\/141479","targetHints":{"allow":["GET"]}}],"collection":[{"href":"https:\/\/fuentesfidedignas.com.mx\/index.php\/wp-json\/wp\/v2\/posts"}],"about":[{"href":"https:\/\/fuentesfidedignas.com.mx\/index.php\/wp-json\/wp\/v2\/types\/post"}],"author":[{"embeddable":true,"href":"https:\/\/fuentesfidedignas.com.mx\/index.php\/wp-json\/wp\/v2\/users\/4"}],"replies":[{"embeddable":true,"href":"https:\/\/fuentesfidedignas.com.mx\/index.php\/wp-json\/wp\/v2\/comments?post=141479"}],"version-history":[{"count":1,"href":"https:\/\/fuentesfidedignas.com.mx\/index.php\/wp-json\/wp\/v2\/posts\/141479\/revisions"}],"predecessor-version":[{"id":141480,"href":"https:\/\/fuentesfidedignas.com.mx\/index.php\/wp-json\/wp\/v2\/posts\/141479\/revisions\/141480"}],"wp:featuredmedia":[{"embeddable":true,"href":"https:\/\/fuentesfidedignas.com.mx\/index.php\/wp-json\/wp\/v2\/media\/141484"}],"wp:attachment":[{"href":"https:\/\/fuentesfidedignas.com.mx\/index.php\/wp-json\/wp\/v2\/media?parent=141479"}],"wp:term":[{"taxonomy":"category","embeddable":true,"href":"https:\/\/fuentesfidedignas.com.mx\/index.php\/wp-json\/wp\/v2\/categories?post=141479"},{"taxonomy":"post_tag","embeddable":true,"href":"https:\/\/fuentesfidedignas.com.mx\/index.php\/wp-json\/wp\/v2\/tags?post=141479"}],"curies":[{"name":"wp","href":"https:\/\/api.w.org\/{rel}","templated":true}]}}