{"id":141476,"date":"2026-09-02T13:37:59","date_gmt":"2026-09-02T20:37:59","guid":{"rendered":"https:\/\/fuentesfidedignas.com.mx\/?p=141476"},"modified":"2026-09-02T13:38:05","modified_gmt":"2026-09-02T20:38:05","slug":"coordinan-esfuerzos-para-dar-seguimiento-a-las-acciones-en-favor-de-ninas-ninos-y-adolescentes","status":"publish","type":"post","link":"https:\/\/fuentesfidedignas.com.mx\/index.php\/2026\/09\/02\/coordinan-esfuerzos-para-dar-seguimiento-a-las-acciones-en-favor-de-ninas-ninos-y-adolescentes\/","title":{"rendered":"Coordinan esfuerzos para dar seguimiento a las acciones en favor de ni\u00f1as, ni\u00f1os y adolescentes"},"content":{"rendered":"\n<p class=\"wp-block-paragraph\"><strong><em>Estas actividades tienen como objetivo desarrollar habilidades y conocimientos en ni\u00f1as, ni\u00f1os y adolescentes que les permitan identificar, prevenir y enfrentar situaciones de violencia, promoviendo ambientes escolares seguros, respetuosos e inclusivos y garantizando su derecho a una vida libre de violencia.<\/em><\/strong><\/p>\n\n\n\n<p class=\"wp-block-paragraph\">Culiac\u00e1n, Sin- Con el prop\u00f3sito de dar seguimiento a las acciones de prevenci\u00f3n, protecci\u00f3n y garant\u00eda de los derechos de ni\u00f1as, ni\u00f1os y adolescentes en la entidad, se llev\u00f3 a cabo la Segunda Sesi\u00f3n Extraordinaria de la Comisi\u00f3n de Secretar\u00edas Ejecutivas de Protecci\u00f3n Integral de los Sistemas Estatal y de Municipios de Sinaloa, en la que se abordaron estrategias de capacitaci\u00f3n, prevenci\u00f3n de las violencias y generaci\u00f3n de entornos escolares seguros.<\/p>\n\n\n\n<p class=\"wp-block-paragraph\">Durante la sesi\u00f3n, la Secretar\u00eda Ejecutiva del SIPINNA, Connie Zazueta Castro present\u00f3 las acciones que se desarrollan con motivo del regreso a clases, orientadas a acompa\u00f1ar a ni\u00f1as, ni\u00f1os y adolescentes en el inicio del ciclo escolar, as\u00ed como a promover la participaci\u00f3n de familias, comunidades educativas e instituciones en la construcci\u00f3n de redes de protecci\u00f3n.<\/p>\n\n\n\n<p class=\"wp-block-paragraph\">Como parte de los trabajos, tambi\u00e9n se dio a conocer una vez m\u00e1s la oferta de capacitaci\u00f3n 2026 de la Secretar\u00eda Ejecutiva Estatal, as\u00ed como el taller \u201cManejo de grupos en aula activa\u201d, ser\u00e1 impartido por Javier del \u00c1ngel, dirigido a brindar herramientas para el trabajo con grupos y el desarrollo de actividades formativas.<\/p>\n\n\n\n<p class=\"wp-block-paragraph\">Uno de los temas centrales fue la prevenci\u00f3n de la violencia sexual contra ni\u00f1as, ni\u00f1os y adolescentes y la realizaci\u00f3n de actividades que permitan identificar la necesidad de continuar impulsando acciones preventivas desde el \u00e1mbito estatal y municipal, particularmente mediante la capacitaci\u00f3n de quienes tienen contacto directo con la ni\u00f1ez y adolescencia, as\u00ed como mediante mecanismos que permitan identificar situaciones de riesgo y actuar oportunamente.<\/p>\n\n\n\n<p class=\"wp-block-paragraph\">El Gobierno del Estado de Sinaloa, encabezado por la Gobernadora, Graciela Dom\u00ednguez Nava, mantiene como una prioridad la protecci\u00f3n de los derechos de ni\u00f1as, ni\u00f1os y adolescentes, por lo que a trav\u00e9s de la Secretar\u00eda Ejecutiva del SIPINNA estatal, se promueve la coordinaci\u00f3n con los municipios para llevar las acciones de prevenci\u00f3n, capacitaci\u00f3n y protecci\u00f3n a las comunidades y atender de manera conjunta los retos que enfrenta la ni\u00f1ez y adolescencia en la entidad.<\/p>\n\n\n\n<p class=\"wp-block-paragraph\">En este sentido, se inform\u00f3 que durante el periodo de enero a junio de 2026 se capacit\u00f3 a mil 340 personas en los Protocolos de Prevenci\u00f3n, Detecci\u00f3n y Actuaci\u00f3n en Casos de Abuso Sexual Infantil, Acoso Escolar y Maltrato Infantil en planteles educativos, as\u00ed como en el Protocolo de Erradicaci\u00f3n de la Violencia Sexual (PEVISEBES), con acciones desarrolladas en Culiac\u00e1n, Ahome, Guasave, Juan Jos\u00e9 R\u00edos, El Fuerte, Choix, Mazatl\u00e1n y Concordia.<\/p>\n\n\n\n<p class=\"wp-block-paragraph\">Asimismo, se presentaron las Jornadas de Concientizaci\u00f3n sobre la Gravedad del Abuso Sexual y Maltrato Infantil, convocadas por la Secretar\u00eda de Educaci\u00f3n P\u00fablica y Cultura (SEPyC), que iniciar\u00e1n a partir del 7 de septiembre, como parte de las acciones dirigidas a la comunidad educativa.<\/p>\n\n\n\n<p class=\"wp-block-paragraph\">Estas actividades tienen como objetivo desarrollar habilidades y conocimientos en ni\u00f1as, ni\u00f1os y adolescentes que les permitan identificar, prevenir y enfrentar situaciones de violencia, promoviendo ambientes escolares seguros, respetuosos e inclusivos y garantizando su derecho a una vida libre de violencia.<\/p>\n\n\n\n<p class=\"wp-block-paragraph\">Durante la sesi\u00f3n tambi\u00e9n se abordaron las campa\u00f1as de prevenci\u00f3n de la violencia que impulsa SIPINNA Sinaloa y se present\u00f3 el cat\u00e1logo \u201cMentes sanas y entornos seguros\u201d, que concentra servicios de atenci\u00f3n psicol\u00f3gica, salud mental, apoyo emocional y l\u00edneas de emergencia disponibles para la poblaci\u00f3n.<\/p>\n\n\n\n<p class=\"wp-block-paragraph\">A trav\u00e9s de la Comisi\u00f3n de Secretar\u00edas Ejecutivas se mantiene la coordinaci\u00f3n entre el \u00e1mbito estatal y municipal para acercar estas estrategias a los territorios y avanzar en acciones de prevenci\u00f3n, detecci\u00f3n y atenci\u00f3n que contribuyan a que ni\u00f1as, ni\u00f1os y adolescentes crezcan y se desarrollen en espacios seguros y libres de violencia.<\/p>\n","protected":false},"excerpt":{"rendered":"<p>Estas actividades tienen como objetivo desarrollar habilidades y conocimientos en ni\u00f1as, ni\u00f1os y adolescentes que les permitan identificar, prevenir y enfrentar situaciones de violencia, promoviendo ambientes escolares seguros, respetuosos e inclusivos y garantizando su derecho a una vida libre de violencia. Culiac\u00e1n, Sin- Con el prop\u00f3sito de dar seguimiento a las acciones de prevenci\u00f3n, protecci\u00f3n [&hellip;]<\/p>\n","protected":false},"author":4,"featured_media":141477,"comment_status":"open","ping_status":"open","sticky":false,"template":"","format":"standard","meta":{"tdm_status":"","tdm_grid_status":"","footnotes":""},"categories":[38],"tags":[],"class_list":["post-141476","post","type-post","status-publish","format-standard","has-post-thumbnail","category-noticias-locales"],"yoast_head":"<!-- This site is optimized with the Yoast SEO plugin v28.4 - https:\/\/yoast.com\/product\/yoast-seo-wordpress\/ -->\n<title>Coordinan esfuerzos para dar seguimiento a las acciones en favor de ni\u00f1as, ni\u00f1os y adolescentes - Fuentes Fidedignas<\/title>\n<meta name=\"robots\" content=\"index, follow, max-snippet:-1, max-image-preview:large, max-video-preview:-1\" \/>\n<link rel=\"canonical\" href=\"https:\/\/fuentesfidedignas.com.mx\/index.php\/2026\/09\/02\/coordinan-esfuerzos-para-dar-seguimiento-a-las-acciones-en-favor-de-ninas-ninos-y-adolescentes\/\" \/>\n<meta property=\"og:locale\" content=\"es_MX\" \/>\n<meta property=\"og:type\" content=\"article\" \/>\n<meta property=\"og:title\" content=\"Coordinan esfuerzos para dar seguimiento a las acciones en favor de ni\u00f1as, ni\u00f1os y adolescentes - Fuentes Fidedignas\" \/>\n<meta property=\"og:description\" content=\"Estas actividades tienen como objetivo desarrollar habilidades y conocimientos en ni\u00f1as, ni\u00f1os y adolescentes que les permitan identificar, prevenir y enfrentar situaciones de violencia, promoviendo ambientes escolares seguros, respetuosos e inclusivos y garantizando su derecho a una vida libre de violencia. Culiac\u00e1n, Sin- Con el prop\u00f3sito de dar seguimiento a las acciones de prevenci\u00f3n, protecci\u00f3n [&hellip;]\" \/>\n<meta property=\"og:url\" content=\"https:\/\/fuentesfidedignas.com.mx\/index.php\/2026\/09\/02\/coordinan-esfuerzos-para-dar-seguimiento-a-las-acciones-en-favor-de-ninas-ninos-y-adolescentes\/\" \/>\n<meta property=\"og:site_name\" content=\"Fuentes Fidedignas\" \/>\n<meta property=\"article:publisher\" content=\"https:\/\/www.facebook.com\/Fuentes-Fidedignas-368234489921644\" \/>\n<meta property=\"article:published_time\" content=\"2026-09-02T20:37:59+00:00\" \/>\n<meta property=\"article:modified_time\" content=\"2026-09-02T20:38:05+00:00\" \/>\n<meta property=\"og:image\" content=\"https:\/\/fuentesfidedignas.com.mx\/wp-content\/uploads\/2026\/09\/WhatsApp-Image-2026-09-02-at-1.08.51-PM.jpeg\" \/>\n\t<meta property=\"og:image:width\" content=\"500\" \/>\n\t<meta property=\"og:image:height\" content=\"331\" \/>\n\t<meta property=\"og:image:type\" content=\"image\/jpeg\" \/>\n<meta name=\"author\" content=\"Redacci\u00f3n\" \/>\n<meta name=\"twitter:card\" content=\"summary_large_image\" \/>\n<meta name=\"twitter:creator\" content=\"@fidedignas\" \/>\n<meta name=\"twitter:site\" content=\"@fidedignas\" \/>\n<meta name=\"twitter:label1\" content=\"Escrito por\" \/>\n\t<meta name=\"twitter:data1\" content=\"Redacci\u00f3n\" \/>\n\t<meta name=\"twitter:label2\" content=\"Tiempo de lectura\" \/>\n\t<meta name=\"twitter:data2\" content=\"4 minutos\" \/>\n<script type=\"application\/ld+json\" class=\"yoast-schema-graph\">{\"@context\":\"https:\\\/\\\/schema.org\",\"@graph\":[{\"@type\":\"Article\",\"@id\":\"https:\\\/\\\/fuentesfidedignas.com.mx\\\/index.php\\\/2026\\\/09\\\/02\\\/coordinan-esfuerzos-para-dar-seguimiento-a-las-acciones-en-favor-de-ninas-ninos-y-adolescentes\\\/#article\",\"isPartOf\":{\"@id\":\"https:\\\/\\\/fuentesfidedignas.com.mx\\\/index.php\\\/2026\\\/09\\\/02\\\/coordinan-esfuerzos-para-dar-seguimiento-a-las-acciones-en-favor-de-ninas-ninos-y-adolescentes\\\/\"},\"author\":{\"name\":\"Redacci\u00f3n\",\"@id\":\"https:\\\/\\\/fuentesfidedignas.com.mx\\\/#\\\/schema\\\/person\\\/331be9283d37198e2acd5750279085b0\"},\"headline\":\"Coordinan esfuerzos para dar seguimiento a las acciones en favor de ni\u00f1as, ni\u00f1os y adolescentes\",\"datePublished\":\"2026-09-02T20:37:59+00:00\",\"dateModified\":\"2026-09-02T20:38:05+00:00\",\"mainEntityOfPage\":{\"@id\":\"https:\\\/\\\/fuentesfidedignas.com.mx\\\/index.php\\\/2026\\\/09\\\/02\\\/coordinan-esfuerzos-para-dar-seguimiento-a-las-acciones-en-favor-de-ninas-ninos-y-adolescentes\\\/\"},\"wordCount\":705,\"commentCount\":0,\"publisher\":{\"@id\":\"https:\\\/\\\/fuentesfidedignas.com.mx\\\/#organization\"},\"image\":{\"@id\":\"https:\\\/\\\/fuentesfidedignas.com.mx\\\/index.php\\\/2026\\\/09\\\/02\\\/coordinan-esfuerzos-para-dar-seguimiento-a-las-acciones-en-favor-de-ninas-ninos-y-adolescentes\\\/#primaryimage\"},\"thumbnailUrl\":\"https:\\\/\\\/fuentesfidedignas.com.mx\\\/wp-content\\\/uploads\\\/2026\\\/09\\\/WhatsApp-Image-2026-09-02-at-1.08.51-PM.jpeg\",\"articleSection\":[\"NOTICIAS LOCALES\"],\"inLanguage\":\"es\",\"potentialAction\":[{\"@type\":\"CommentAction\",\"name\":\"Comment\",\"target\":[\"https:\\\/\\\/fuentesfidedignas.com.mx\\\/index.php\\\/2026\\\/09\\\/02\\\/coordinan-esfuerzos-para-dar-seguimiento-a-las-acciones-en-favor-de-ninas-ninos-y-adolescentes\\\/#respond\"]}]},{\"@type\":\"WebPage\",\"@id\":\"https:\\\/\\\/fuentesfidedignas.com.mx\\\/index.php\\\/2026\\\/09\\\/02\\\/coordinan-esfuerzos-para-dar-seguimiento-a-las-acciones-en-favor-de-ninas-ninos-y-adolescentes\\\/\",\"url\":\"https:\\\/\\\/fuentesfidedignas.com.mx\\\/index.php\\\/2026\\\/09\\\/02\\\/coordinan-esfuerzos-para-dar-seguimiento-a-las-acciones-en-favor-de-ninas-ninos-y-adolescentes\\\/\",\"name\":\"Coordinan esfuerzos para dar seguimiento a las acciones en favor de ni\u00f1as, ni\u00f1os y adolescentes - Fuentes Fidedignas\",\"isPartOf\":{\"@id\":\"https:\\\/\\\/fuentesfidedignas.com.mx\\\/#website\"},\"primaryImageOfPage\":{\"@id\":\"https:\\\/\\\/fuentesfidedignas.com.mx\\\/index.php\\\/2026\\\/09\\\/02\\\/coordinan-esfuerzos-para-dar-seguimiento-a-las-acciones-en-favor-de-ninas-ninos-y-adolescentes\\\/#primaryimage\"},\"image\":{\"@id\":\"https:\\\/\\\/fuentesfidedignas.com.mx\\\/index.php\\\/2026\\\/09\\\/02\\\/coordinan-esfuerzos-para-dar-seguimiento-a-las-acciones-en-favor-de-ninas-ninos-y-adolescentes\\\/#primaryimage\"},\"thumbnailUrl\":\"https:\\\/\\\/fuentesfidedignas.com.mx\\\/wp-content\\\/uploads\\\/2026\\\/09\\\/WhatsApp-Image-2026-09-02-at-1.08.51-PM.jpeg\",\"datePublished\":\"2026-09-02T20:37:59+00:00\",\"dateModified\":\"2026-09-02T20:38:05+00:00\",\"breadcrumb\":{\"@id\":\"https:\\\/\\\/fuentesfidedignas.com.mx\\\/index.php\\\/2026\\\/09\\\/02\\\/coordinan-esfuerzos-para-dar-seguimiento-a-las-acciones-en-favor-de-ninas-ninos-y-adolescentes\\\/#breadcrumb\"},\"inLanguage\":\"es\",\"potentialAction\":[{\"@type\":\"ReadAction\",\"target\":[\"https:\\\/\\\/fuentesfidedignas.com.mx\\\/index.php\\\/2026\\\/09\\\/02\\\/coordinan-esfuerzos-para-dar-seguimiento-a-las-acciones-en-favor-de-ninas-ninos-y-adolescentes\\\/\"]}]},{\"@type\":\"ImageObject\",\"inLanguage\":\"es\",\"@id\":\"https:\\\/\\\/fuentesfidedignas.com.mx\\\/index.php\\\/2026\\\/09\\\/02\\\/coordinan-esfuerzos-para-dar-seguimiento-a-las-acciones-en-favor-de-ninas-ninos-y-adolescentes\\\/#primaryimage\",\"url\":\"https:\\\/\\\/fuentesfidedignas.com.mx\\\/wp-content\\\/uploads\\\/2026\\\/09\\\/WhatsApp-Image-2026-09-02-at-1.08.51-PM.jpeg\",\"contentUrl\":\"https:\\\/\\\/fuentesfidedignas.com.mx\\\/wp-content\\\/uploads\\\/2026\\\/09\\\/WhatsApp-Image-2026-09-02-at-1.08.51-PM.jpeg\",\"width\":500,\"height\":331},{\"@type\":\"BreadcrumbList\",\"@id\":\"https:\\\/\\\/fuentesfidedignas.com.mx\\\/index.php\\\/2026\\\/09\\\/02\\\/coordinan-esfuerzos-para-dar-seguimiento-a-las-acciones-en-favor-de-ninas-ninos-y-adolescentes\\\/#breadcrumb\",\"itemListElement\":[{\"@type\":\"ListItem\",\"position\":1,\"name\":\"Inicio\",\"item\":\"https:\\\/\\\/fuentesfidedignas.com.mx\\\/\"},{\"@type\":\"ListItem\",\"position\":2,\"name\":\"Coordinan esfuerzos para dar seguimiento a las acciones en favor de ni\u00f1as, ni\u00f1os y adolescentes\"}]},{\"@type\":\"WebSite\",\"@id\":\"https:\\\/\\\/fuentesfidedignas.com.mx\\\/#website\",\"url\":\"https:\\\/\\\/fuentesfidedignas.com.mx\\\/\",\"name\":\"Fuentes Fidedignas\",\"description\":\"Otro sitio realizado con WordPress\",\"publisher\":{\"@id\":\"https:\\\/\\\/fuentesfidedignas.com.mx\\\/#organization\"},\"potentialAction\":[{\"@type\":\"SearchAction\",\"target\":{\"@type\":\"EntryPoint\",\"urlTemplate\":\"https:\\\/\\\/fuentesfidedignas.com.mx\\\/?s={search_term_string}\"},\"query-input\":{\"@type\":\"PropertyValueSpecification\",\"valueRequired\":true,\"valueName\":\"search_term_string\"}}],\"inLanguage\":\"es\"},{\"@type\":\"Organization\",\"@id\":\"https:\\\/\\\/fuentesfidedignas.com.mx\\\/#organization\",\"name\":\"Fuentes Fidedignas\",\"url\":\"https:\\\/\\\/fuentesfidedignas.com.mx\\\/\",\"logo\":{\"@type\":\"ImageObject\",\"inLanguage\":\"es\",\"@id\":\"https:\\\/\\\/fuentesfidedignas.com.mx\\\/#\\\/schema\\\/logo\\\/image\\\/\",\"url\":\"https:\\\/\\\/fuentesfidedignas.com.mx\\\/wp-content\\\/uploads\\\/2021\\\/04\\\/logo-retina.png\",\"contentUrl\":\"https:\\\/\\\/fuentesfidedignas.com.mx\\\/wp-content\\\/uploads\\\/2021\\\/04\\\/logo-retina.png\",\"width\":280,\"height\":51,\"caption\":\"Fuentes Fidedignas\"},\"image\":{\"@id\":\"https:\\\/\\\/fuentesfidedignas.com.mx\\\/#\\\/schema\\\/logo\\\/image\\\/\"},\"sameAs\":[\"https:\\\/\\\/www.facebook.com\\\/Fuentes-Fidedignas-368234489921644\",\"https:\\\/\\\/x.com\\\/fidedignas\"]},{\"@type\":\"Person\",\"@id\":\"https:\\\/\\\/fuentesfidedignas.com.mx\\\/#\\\/schema\\\/person\\\/331be9283d37198e2acd5750279085b0\",\"name\":\"Redacci\u00f3n\",\"image\":{\"@type\":\"ImageObject\",\"inLanguage\":\"es\",\"@id\":\"https:\\\/\\\/secure.gravatar.com\\\/avatar\\\/f6d8782c11d12b2d4ad3fbb6931aeab5309937a4d6cd2fc9cfaa28a6396a5aec?s=96&d=mm&r=g\",\"url\":\"https:\\\/\\\/secure.gravatar.com\\\/avatar\\\/f6d8782c11d12b2d4ad3fbb6931aeab5309937a4d6cd2fc9cfaa28a6396a5aec?s=96&d=mm&r=g\",\"contentUrl\":\"https:\\\/\\\/secure.gravatar.com\\\/avatar\\\/f6d8782c11d12b2d4ad3fbb6931aeab5309937a4d6cd2fc9cfaa28a6396a5aec?s=96&d=mm&r=g\",\"caption\":\"Redacci\u00f3n\"},\"url\":\"https:\\\/\\\/fuentesfidedignas.com.mx\\\/index.php\\\/author\\\/redaccion\\\/\"}]}<\/script>\n<!-- \/ Yoast SEO plugin. -->","yoast_head_json":{"title":"Coordinan esfuerzos para dar seguimiento a las acciones en favor de ni\u00f1as, ni\u00f1os y adolescentes - Fuentes Fidedignas","robots":{"index":"index","follow":"follow","max-snippet":"max-snippet:-1","max-image-preview":"max-image-preview:large","max-video-preview":"max-video-preview:-1"},"canonical":"https:\/\/fuentesfidedignas.com.mx\/index.php\/2026\/09\/02\/coordinan-esfuerzos-para-dar-seguimiento-a-las-acciones-en-favor-de-ninas-ninos-y-adolescentes\/","og_locale":"es_MX","og_type":"article","og_title":"Coordinan esfuerzos para dar seguimiento a las acciones en favor de ni\u00f1as, ni\u00f1os y adolescentes - Fuentes Fidedignas","og_description":"Estas actividades tienen como objetivo desarrollar habilidades y conocimientos en ni\u00f1as, ni\u00f1os y adolescentes que les permitan identificar, prevenir y enfrentar situaciones de violencia, promoviendo ambientes escolares seguros, respetuosos e inclusivos y garantizando su derecho a una vida libre de violencia. Culiac\u00e1n, Sin- Con el prop\u00f3sito de dar seguimiento a las acciones de prevenci\u00f3n, protecci\u00f3n [&hellip;]","og_url":"https:\/\/fuentesfidedignas.com.mx\/index.php\/2026\/09\/02\/coordinan-esfuerzos-para-dar-seguimiento-a-las-acciones-en-favor-de-ninas-ninos-y-adolescentes\/","og_site_name":"Fuentes Fidedignas","article_publisher":"https:\/\/www.facebook.com\/Fuentes-Fidedignas-368234489921644","article_published_time":"2026-09-02T20:37:59+00:00","article_modified_time":"2026-09-02T20:38:05+00:00","og_image":[{"width":500,"height":331,"url":"https:\/\/fuentesfidedignas.com.mx\/wp-content\/uploads\/2026\/09\/WhatsApp-Image-2026-09-02-at-1.08.51-PM.jpeg","type":"image\/jpeg"}],"author":"Redacci\u00f3n","twitter_card":"summary_large_image","twitter_creator":"@fidedignas","twitter_site":"@fidedignas","twitter_misc":{"Escrito por":"Redacci\u00f3n","Tiempo de lectura":"4 minutos"},"schema":{"@context":"https:\/\/schema.org","@graph":[{"@type":"Article","@id":"https:\/\/fuentesfidedignas.com.mx\/index.php\/2026\/09\/02\/coordinan-esfuerzos-para-dar-seguimiento-a-las-acciones-en-favor-de-ninas-ninos-y-adolescentes\/#article","isPartOf":{"@id":"https:\/\/fuentesfidedignas.com.mx\/index.php\/2026\/09\/02\/coordinan-esfuerzos-para-dar-seguimiento-a-las-acciones-en-favor-de-ninas-ninos-y-adolescentes\/"},"author":{"name":"Redacci\u00f3n","@id":"https:\/\/fuentesfidedignas.com.mx\/#\/schema\/person\/331be9283d37198e2acd5750279085b0"},"headline":"Coordinan esfuerzos para dar seguimiento a las acciones en favor de ni\u00f1as, ni\u00f1os y adolescentes","datePublished":"2026-09-02T20:37:59+00:00","dateModified":"2026-09-02T20:38:05+00:00","mainEntityOfPage":{"@id":"https:\/\/fuentesfidedignas.com.mx\/index.php\/2026\/09\/02\/coordinan-esfuerzos-para-dar-seguimiento-a-las-acciones-en-favor-de-ninas-ninos-y-adolescentes\/"},"wordCount":705,"commentCount":0,"publisher":{"@id":"https:\/\/fuentesfidedignas.com.mx\/#organization"},"image":{"@id":"https:\/\/fuentesfidedignas.com.mx\/index.php\/2026\/09\/02\/coordinan-esfuerzos-para-dar-seguimiento-a-las-acciones-en-favor-de-ninas-ninos-y-adolescentes\/#primaryimage"},"thumbnailUrl":"https:\/\/fuentesfidedignas.com.mx\/wp-content\/uploads\/2026\/09\/WhatsApp-Image-2026-09-02-at-1.08.51-PM.jpeg","articleSection":["NOTICIAS LOCALES"],"inLanguage":"es","potentialAction":[{"@type":"CommentAction","name":"Comment","target":["https:\/\/fuentesfidedignas.com.mx\/index.php\/2026\/09\/02\/coordinan-esfuerzos-para-dar-seguimiento-a-las-acciones-en-favor-de-ninas-ninos-y-adolescentes\/#respond"]}]},{"@type":"WebPage","@id":"https:\/\/fuentesfidedignas.com.mx\/index.php\/2026\/09\/02\/coordinan-esfuerzos-para-dar-seguimiento-a-las-acciones-en-favor-de-ninas-ninos-y-adolescentes\/","url":"https:\/\/fuentesfidedignas.com.mx\/index.php\/2026\/09\/02\/coordinan-esfuerzos-para-dar-seguimiento-a-las-acciones-en-favor-de-ninas-ninos-y-adolescentes\/","name":"Coordinan esfuerzos para dar seguimiento a las acciones en favor de ni\u00f1as, ni\u00f1os y adolescentes - Fuentes Fidedignas","isPartOf":{"@id":"https:\/\/fuentesfidedignas.com.mx\/#website"},"primaryImageOfPage":{"@id":"https:\/\/fuentesfidedignas.com.mx\/index.php\/2026\/09\/02\/coordinan-esfuerzos-para-dar-seguimiento-a-las-acciones-en-favor-de-ninas-ninos-y-adolescentes\/#primaryimage"},"image":{"@id":"https:\/\/fuentesfidedignas.com.mx\/index.php\/2026\/09\/02\/coordinan-esfuerzos-para-dar-seguimiento-a-las-acciones-en-favor-de-ninas-ninos-y-adolescentes\/#primaryimage"},"thumbnailUrl":"https:\/\/fuentesfidedignas.com.mx\/wp-content\/uploads\/2026\/09\/WhatsApp-Image-2026-09-02-at-1.08.51-PM.jpeg","datePublished":"2026-09-02T20:37:59+00:00","dateModified":"2026-09-02T20:38:05+00:00","breadcrumb":{"@id":"https:\/\/fuentesfidedignas.com.mx\/index.php\/2026\/09\/02\/coordinan-esfuerzos-para-dar-seguimiento-a-las-acciones-en-favor-de-ninas-ninos-y-adolescentes\/#breadcrumb"},"inLanguage":"es","potentialAction":[{"@type":"ReadAction","target":["https:\/\/fuentesfidedignas.com.mx\/index.php\/2026\/09\/02\/coordinan-esfuerzos-para-dar-seguimiento-a-las-acciones-en-favor-de-ninas-ninos-y-adolescentes\/"]}]},{"@type":"ImageObject","inLanguage":"es","@id":"https:\/\/fuentesfidedignas.com.mx\/index.php\/2026\/09\/02\/coordinan-esfuerzos-para-dar-seguimiento-a-las-acciones-en-favor-de-ninas-ninos-y-adolescentes\/#primaryimage","url":"https:\/\/fuentesfidedignas.com.mx\/wp-content\/uploads\/2026\/09\/WhatsApp-Image-2026-09-02-at-1.08.51-PM.jpeg","contentUrl":"https:\/\/fuentesfidedignas.com.mx\/wp-content\/uploads\/2026\/09\/WhatsApp-Image-2026-09-02-at-1.08.51-PM.jpeg","width":500,"height":331},{"@type":"BreadcrumbList","@id":"https:\/\/fuentesfidedignas.com.mx\/index.php\/2026\/09\/02\/coordinan-esfuerzos-para-dar-seguimiento-a-las-acciones-en-favor-de-ninas-ninos-y-adolescentes\/#breadcrumb","itemListElement":[{"@type":"ListItem","position":1,"name":"Inicio","item":"https:\/\/fuentesfidedignas.com.mx\/"},{"@type":"ListItem","position":2,"name":"Coordinan esfuerzos para dar seguimiento a las acciones en favor de ni\u00f1as, ni\u00f1os y adolescentes"}]},{"@type":"WebSite","@id":"https:\/\/fuentesfidedignas.com.mx\/#website","url":"https:\/\/fuentesfidedignas.com.mx\/","name":"Fuentes Fidedignas","description":"Otro sitio realizado con WordPress","publisher":{"@id":"https:\/\/fuentesfidedignas.com.mx\/#organization"},"potentialAction":[{"@type":"SearchAction","target":{"@type":"EntryPoint","urlTemplate":"https:\/\/fuentesfidedignas.com.mx\/?s={search_term_string}"},"query-input":{"@type":"PropertyValueSpecification","valueRequired":true,"valueName":"search_term_string"}}],"inLanguage":"es"},{"@type":"Organization","@id":"https:\/\/fuentesfidedignas.com.mx\/#organization","name":"Fuentes Fidedignas","url":"https:\/\/fuentesfidedignas.com.mx\/","logo":{"@type":"ImageObject","inLanguage":"es","@id":"https:\/\/fuentesfidedignas.com.mx\/#\/schema\/logo\/image\/","url":"https:\/\/fuentesfidedignas.com.mx\/wp-content\/uploads\/2021\/04\/logo-retina.png","contentUrl":"https:\/\/fuentesfidedignas.com.mx\/wp-content\/uploads\/2021\/04\/logo-retina.png","width":280,"height":51,"caption":"Fuentes Fidedignas"},"image":{"@id":"https:\/\/fuentesfidedignas.com.mx\/#\/schema\/logo\/image\/"},"sameAs":["https:\/\/www.facebook.com\/Fuentes-Fidedignas-368234489921644","https:\/\/x.com\/fidedignas"]},{"@type":"Person","@id":"https:\/\/fuentesfidedignas.com.mx\/#\/schema\/person\/331be9283d37198e2acd5750279085b0","name":"Redacci\u00f3n","image":{"@type":"ImageObject","inLanguage":"es","@id":"https:\/\/secure.gravatar.com\/avatar\/f6d8782c11d12b2d4ad3fbb6931aeab5309937a4d6cd2fc9cfaa28a6396a5aec?s=96&d=mm&r=g","url":"https:\/\/secure.gravatar.com\/avatar\/f6d8782c11d12b2d4ad3fbb6931aeab5309937a4d6cd2fc9cfaa28a6396a5aec?s=96&d=mm&r=g","contentUrl":"https:\/\/secure.gravatar.com\/avatar\/f6d8782c11d12b2d4ad3fbb6931aeab5309937a4d6cd2fc9cfaa28a6396a5aec?s=96&d=mm&r=g","caption":"Redacci\u00f3n"},"url":"https:\/\/fuentesfidedignas.com.mx\/index.php\/author\/redaccion\/"}]}},"_links":{"self":[{"href":"https:\/\/fuentesfidedignas.com.mx\/index.php\/wp-json\/wp\/v2\/posts\/141476","targetHints":{"allow":["GET"]}}],"collection":[{"href":"https:\/\/fuentesfidedignas.com.mx\/index.php\/wp-json\/wp\/v2\/posts"}],"about":[{"href":"https:\/\/fuentesfidedignas.com.mx\/index.php\/wp-json\/wp\/v2\/types\/post"}],"author":[{"embeddable":true,"href":"https:\/\/fuentesfidedignas.com.mx\/index.php\/wp-json\/wp\/v2\/users\/4"}],"replies":[{"embeddable":true,"href":"https:\/\/fuentesfidedignas.com.mx\/index.php\/wp-json\/wp\/v2\/comments?post=141476"}],"version-history":[{"count":1,"href":"https:\/\/fuentesfidedignas.com.mx\/index.php\/wp-json\/wp\/v2\/posts\/141476\/revisions"}],"predecessor-version":[{"id":141478,"href":"https:\/\/fuentesfidedignas.com.mx\/index.php\/wp-json\/wp\/v2\/posts\/141476\/revisions\/141478"}],"wp:featuredmedia":[{"embeddable":true,"href":"https:\/\/fuentesfidedignas.com.mx\/index.php\/wp-json\/wp\/v2\/media\/141477"}],"wp:attachment":[{"href":"https:\/\/fuentesfidedignas.com.mx\/index.php\/wp-json\/wp\/v2\/media?parent=141476"}],"wp:term":[{"taxonomy":"category","embeddable":true,"href":"https:\/\/fuentesfidedignas.com.mx\/index.php\/wp-json\/wp\/v2\/categories?post=141476"},{"taxonomy":"post_tag","embeddable":true,"href":"https:\/\/fuentesfidedignas.com.mx\/index.php\/wp-json\/wp\/v2\/tags?post=141476"}],"curies":[{"name":"wp","href":"https:\/\/api.w.org\/{rel}","templated":true}]}}