{"id":141471,"date":"2026-09-02T13:23:39","date_gmt":"2026-09-02T20:23:39","guid":{"rendered":"https:\/\/fuentesfidedignas.com.mx\/?p=141471"},"modified":"2026-09-02T13:28:21","modified_gmt":"2026-09-02T20:28:21","slug":"gobierno-del-estado-impulsa-la-profesionalizacion-de-servidores-publicos-mediante-programa-de-titulacion-por-experiencia-laboral","status":"publish","type":"post","link":"https:\/\/fuentesfidedignas.com.mx\/index.php\/2026\/09\/02\/gobierno-del-estado-impulsa-la-profesionalizacion-de-servidores-publicos-mediante-programa-de-titulacion-por-experiencia-laboral\/","title":{"rendered":"Gobierno del Estado impulsa la profesionalizaci\u00f3n de servidores p\u00fablicos mediante programa de Titulaci\u00f3n por Experiencia Laboral"},"content":{"rendered":"\n<p class=\"wp-block-paragraph\"><strong><em>El programa est\u00e1 dirigido a personas de 25 a\u00f1os o m\u00e1s que cuenten con al menos tres a\u00f1os de experiencia laboral. Quienes a trav\u00e9s de este programa, podr\u00e1n aprovechar su trayectoria para obtener un t\u00edtulo profesional en tan solo dos meses, sin dejar de lado sus actividades laborales.<\/em><\/strong><\/p>\n\n\n\n<p class=\"wp-block-paragraph\">Culiac\u00e1n, Sin.-El Gobierno del Estado de Sinaloa, a trav\u00e9s de la Coordinaci\u00f3n General de Desarrollo Tecnol\u00f3gico y proyectos Especiales, en colaboraci\u00f3n con Red Educativa M\u00e9xico, impulsa acciones para fortalecer la profesionalizaci\u00f3n de las servidoras y servidores p\u00fablicos y sus familias, mediante el programa Titulaci\u00f3n por Experiencia Laboral, una alternativa que reconoce los conocimientos y habilidades adquiridos a lo largo de la trayectoria profesional.<\/p>\n\n\n\n<p class=\"wp-block-paragraph\">El programa est\u00e1 dirigido a personas de 25 a\u00f1os o m\u00e1s que cuenten con al menos tres a\u00f1os de experiencia laboral. Quienes a trav\u00e9s de este programa, podr\u00e1n aprovechar su trayectoria para obtener un t\u00edtulo profesional en tan solo dos meses, sin dejar de lado sus actividades laborales.<\/p>\n\n\n\n<p class=\"wp-block-paragraph\">Como parte de esta iniciativa, las servidoras y servidores p\u00fablicos del Gobierno del Estado, as\u00ed como sus familias, podr\u00e1n acceder a una de las becas del 50% de descuento, facilitando el acceso a opciones de profesionalizaci\u00f3n y fortalecimiento acad\u00e9mico.<\/p>\n\n\n\n<p class=\"wp-block-paragraph\">Entre los principales beneficios del programa se encuentran:<\/p>\n\n\n\n<ul class=\"wp-block-list\">\n<li>Titularse aprovechando la experiencia laboral adquirida durante la trayectoria profesional.<\/li>\n\n\n\n<li>Obtener el t\u00edtulo profesional en solo dos meses.<\/li>\n\n\n\n<li>Acceder a una beca del 50% de descuento.<\/li>\n\n\n\n<li>Continuar trabajando mientras se avanza en el proceso de profesionalizaci\u00f3n.<\/li>\n<\/ul>\n\n\n\n<p class=\"wp-block-paragraph\">El inicio de clases est\u00e1 programado para el 5 de septiembre de 2026, por lo que se invita a las personas interesadas a conocer los requisitos y realizar su registro.<\/p>\n\n\n\n<p class=\"wp-block-paragraph\">Con este tipo de acciones, el Gobierno del Estado refrenda su compromiso de promover oportunidades que contribuyan al desarrollo profesional de las y los servidores p\u00fablicos, reconociendo el valor de su experiencia y generando alternativas para continuar con su preparaci\u00f3n acad\u00e9mica.<\/p>\n\n\n\n<p class=\"wp-block-paragraph\">Registro: <a href=\"https:\/\/zfrmz.com\/Pb1wxmy8LtyrTi8YsJDm\">https:\/\/zfrmz.com\/Pb1wxmy8LtyrTi8YsJDm<\/a><\/p>\n\n\n\n<p class=\"wp-block-paragraph\">Para m\u00e1s informaci\u00f3n, cont\u00e1ctanos:<br><a href=\"http:\/\/www.rededucativamexico.org\">www.rededucativamexico.org<\/a><br>Tel\u00e9fono: 800 044 0189<br>Whatsapp: 1 56 1038 7189<\/p>\n","protected":false},"excerpt":{"rendered":"<p>El programa est\u00e1 dirigido a personas de 25 a\u00f1os o m\u00e1s que cuenten con al menos tres a\u00f1os de experiencia laboral. Quienes a trav\u00e9s de este programa, podr\u00e1n aprovechar su trayectoria para obtener un t\u00edtulo profesional en tan solo dos meses, sin dejar de lado sus actividades laborales. Culiac\u00e1n, Sin.-El Gobierno del Estado de Sinaloa, [&hellip;]<\/p>\n","protected":false},"author":4,"featured_media":92929,"comment_status":"open","ping_status":"open","sticky":false,"template":"","format":"standard","meta":{"tdm_status":"","tdm_grid_status":"","footnotes":""},"categories":[37],"tags":[],"class_list":["post-141471","post","type-post","status-publish","format-standard","has-post-thumbnail","category-nota-principal"],"yoast_head":"<!-- This site is optimized with the Yoast SEO plugin v28.4 - https:\/\/yoast.com\/product\/yoast-seo-wordpress\/ -->\n<title>Gobierno del Estado impulsa la profesionalizaci\u00f3n de servidores p\u00fablicos mediante programa de Titulaci\u00f3n por Experiencia Laboral - Fuentes Fidedignas<\/title>\n<meta name=\"robots\" content=\"index, follow, max-snippet:-1, max-image-preview:large, max-video-preview:-1\" \/>\n<link rel=\"canonical\" href=\"https:\/\/fuentesfidedignas.com.mx\/index.php\/2026\/09\/02\/gobierno-del-estado-impulsa-la-profesionalizacion-de-servidores-publicos-mediante-programa-de-titulacion-por-experiencia-laboral\/\" \/>\n<meta property=\"og:locale\" content=\"es_MX\" \/>\n<meta property=\"og:type\" content=\"article\" \/>\n<meta property=\"og:title\" content=\"Gobierno del Estado impulsa la profesionalizaci\u00f3n de servidores p\u00fablicos mediante programa de Titulaci\u00f3n por Experiencia Laboral - Fuentes Fidedignas\" \/>\n<meta property=\"og:description\" content=\"El programa est\u00e1 dirigido a personas de 25 a\u00f1os o m\u00e1s que cuenten con al menos tres a\u00f1os de experiencia laboral. Quienes a trav\u00e9s de este programa, podr\u00e1n aprovechar su trayectoria para obtener un t\u00edtulo profesional en tan solo dos meses, sin dejar de lado sus actividades laborales. Culiac\u00e1n, Sin.-El Gobierno del Estado de Sinaloa, [&hellip;]\" \/>\n<meta property=\"og:url\" content=\"https:\/\/fuentesfidedignas.com.mx\/index.php\/2026\/09\/02\/gobierno-del-estado-impulsa-la-profesionalizacion-de-servidores-publicos-mediante-programa-de-titulacion-por-experiencia-laboral\/\" \/>\n<meta property=\"og:site_name\" content=\"Fuentes Fidedignas\" \/>\n<meta property=\"article:publisher\" content=\"https:\/\/www.facebook.com\/Fuentes-Fidedignas-368234489921644\" \/>\n<meta property=\"article:published_time\" content=\"2026-09-02T20:23:39+00:00\" \/>\n<meta property=\"article:modified_time\" content=\"2026-09-02T20:28:21+00:00\" \/>\n<meta property=\"og:image\" content=\"https:\/\/fuentesfidedignas.com.mx\/wp-content\/uploads\/2024\/10\/Palacio-de-Gobierno-de-Sinaloa.jpeg\" \/>\n\t<meta property=\"og:image:width\" content=\"720\" \/>\n\t<meta property=\"og:image:height\" content=\"442\" \/>\n\t<meta property=\"og:image:type\" content=\"image\/jpeg\" \/>\n<meta name=\"author\" content=\"Redacci\u00f3n\" \/>\n<meta name=\"twitter:card\" content=\"summary_large_image\" \/>\n<meta name=\"twitter:creator\" content=\"@fidedignas\" \/>\n<meta name=\"twitter:site\" content=\"@fidedignas\" \/>\n<meta name=\"twitter:label1\" content=\"Escrito por\" \/>\n\t<meta name=\"twitter:data1\" content=\"Redacci\u00f3n\" \/>\n\t<meta name=\"twitter:label2\" content=\"Tiempo de lectura\" \/>\n\t<meta name=\"twitter:data2\" content=\"2 minutos\" \/>\n<script type=\"application\/ld+json\" class=\"yoast-schema-graph\">{\"@context\":\"https:\\\/\\\/schema.org\",\"@graph\":[{\"@type\":\"Article\",\"@id\":\"https:\\\/\\\/fuentesfidedignas.com.mx\\\/index.php\\\/2026\\\/09\\\/02\\\/gobierno-del-estado-impulsa-la-profesionalizacion-de-servidores-publicos-mediante-programa-de-titulacion-por-experiencia-laboral\\\/#article\",\"isPartOf\":{\"@id\":\"https:\\\/\\\/fuentesfidedignas.com.mx\\\/index.php\\\/2026\\\/09\\\/02\\\/gobierno-del-estado-impulsa-la-profesionalizacion-de-servidores-publicos-mediante-programa-de-titulacion-por-experiencia-laboral\\\/\"},\"author\":{\"name\":\"Redacci\u00f3n\",\"@id\":\"https:\\\/\\\/fuentesfidedignas.com.mx\\\/#\\\/schema\\\/person\\\/331be9283d37198e2acd5750279085b0\"},\"headline\":\"Gobierno del Estado impulsa la profesionalizaci\u00f3n de servidores p\u00fablicos mediante programa de Titulaci\u00f3n por Experiencia Laboral\",\"datePublished\":\"2026-09-02T20:23:39+00:00\",\"dateModified\":\"2026-09-02T20:28:21+00:00\",\"mainEntityOfPage\":{\"@id\":\"https:\\\/\\\/fuentesfidedignas.com.mx\\\/index.php\\\/2026\\\/09\\\/02\\\/gobierno-del-estado-impulsa-la-profesionalizacion-de-servidores-publicos-mediante-programa-de-titulacion-por-experiencia-laboral\\\/\"},\"wordCount\":378,\"commentCount\":0,\"publisher\":{\"@id\":\"https:\\\/\\\/fuentesfidedignas.com.mx\\\/#organization\"},\"image\":{\"@id\":\"https:\\\/\\\/fuentesfidedignas.com.mx\\\/index.php\\\/2026\\\/09\\\/02\\\/gobierno-del-estado-impulsa-la-profesionalizacion-de-servidores-publicos-mediante-programa-de-titulacion-por-experiencia-laboral\\\/#primaryimage\"},\"thumbnailUrl\":\"https:\\\/\\\/fuentesfidedignas.com.mx\\\/wp-content\\\/uploads\\\/2024\\\/10\\\/Palacio-de-Gobierno-de-Sinaloa.jpeg\",\"articleSection\":[\"NOTA PRINCIPAL\"],\"inLanguage\":\"es\",\"potentialAction\":[{\"@type\":\"CommentAction\",\"name\":\"Comment\",\"target\":[\"https:\\\/\\\/fuentesfidedignas.com.mx\\\/index.php\\\/2026\\\/09\\\/02\\\/gobierno-del-estado-impulsa-la-profesionalizacion-de-servidores-publicos-mediante-programa-de-titulacion-por-experiencia-laboral\\\/#respond\"]}]},{\"@type\":\"WebPage\",\"@id\":\"https:\\\/\\\/fuentesfidedignas.com.mx\\\/index.php\\\/2026\\\/09\\\/02\\\/gobierno-del-estado-impulsa-la-profesionalizacion-de-servidores-publicos-mediante-programa-de-titulacion-por-experiencia-laboral\\\/\",\"url\":\"https:\\\/\\\/fuentesfidedignas.com.mx\\\/index.php\\\/2026\\\/09\\\/02\\\/gobierno-del-estado-impulsa-la-profesionalizacion-de-servidores-publicos-mediante-programa-de-titulacion-por-experiencia-laboral\\\/\",\"name\":\"Gobierno del Estado impulsa la profesionalizaci\u00f3n de servidores p\u00fablicos mediante programa de Titulaci\u00f3n por Experiencia Laboral - Fuentes Fidedignas\",\"isPartOf\":{\"@id\":\"https:\\\/\\\/fuentesfidedignas.com.mx\\\/#website\"},\"primaryImageOfPage\":{\"@id\":\"https:\\\/\\\/fuentesfidedignas.com.mx\\\/index.php\\\/2026\\\/09\\\/02\\\/gobierno-del-estado-impulsa-la-profesionalizacion-de-servidores-publicos-mediante-programa-de-titulacion-por-experiencia-laboral\\\/#primaryimage\"},\"image\":{\"@id\":\"https:\\\/\\\/fuentesfidedignas.com.mx\\\/index.php\\\/2026\\\/09\\\/02\\\/gobierno-del-estado-impulsa-la-profesionalizacion-de-servidores-publicos-mediante-programa-de-titulacion-por-experiencia-laboral\\\/#primaryimage\"},\"thumbnailUrl\":\"https:\\\/\\\/fuentesfidedignas.com.mx\\\/wp-content\\\/uploads\\\/2024\\\/10\\\/Palacio-de-Gobierno-de-Sinaloa.jpeg\",\"datePublished\":\"2026-09-02T20:23:39+00:00\",\"dateModified\":\"2026-09-02T20:28:21+00:00\",\"breadcrumb\":{\"@id\":\"https:\\\/\\\/fuentesfidedignas.com.mx\\\/index.php\\\/2026\\\/09\\\/02\\\/gobierno-del-estado-impulsa-la-profesionalizacion-de-servidores-publicos-mediante-programa-de-titulacion-por-experiencia-laboral\\\/#breadcrumb\"},\"inLanguage\":\"es\",\"potentialAction\":[{\"@type\":\"ReadAction\",\"target\":[\"https:\\\/\\\/fuentesfidedignas.com.mx\\\/index.php\\\/2026\\\/09\\\/02\\\/gobierno-del-estado-impulsa-la-profesionalizacion-de-servidores-publicos-mediante-programa-de-titulacion-por-experiencia-laboral\\\/\"]}]},{\"@type\":\"ImageObject\",\"inLanguage\":\"es\",\"@id\":\"https:\\\/\\\/fuentesfidedignas.com.mx\\\/index.php\\\/2026\\\/09\\\/02\\\/gobierno-del-estado-impulsa-la-profesionalizacion-de-servidores-publicos-mediante-programa-de-titulacion-por-experiencia-laboral\\\/#primaryimage\",\"url\":\"https:\\\/\\\/fuentesfidedignas.com.mx\\\/wp-content\\\/uploads\\\/2024\\\/10\\\/Palacio-de-Gobierno-de-Sinaloa.jpeg\",\"contentUrl\":\"https:\\\/\\\/fuentesfidedignas.com.mx\\\/wp-content\\\/uploads\\\/2024\\\/10\\\/Palacio-de-Gobierno-de-Sinaloa.jpeg\",\"width\":720,\"height\":442},{\"@type\":\"BreadcrumbList\",\"@id\":\"https:\\\/\\\/fuentesfidedignas.com.mx\\\/index.php\\\/2026\\\/09\\\/02\\\/gobierno-del-estado-impulsa-la-profesionalizacion-de-servidores-publicos-mediante-programa-de-titulacion-por-experiencia-laboral\\\/#breadcrumb\",\"itemListElement\":[{\"@type\":\"ListItem\",\"position\":1,\"name\":\"Inicio\",\"item\":\"https:\\\/\\\/fuentesfidedignas.com.mx\\\/\"},{\"@type\":\"ListItem\",\"position\":2,\"name\":\"Gobierno del Estado impulsa la profesionalizaci\u00f3n de servidores p\u00fablicos mediante programa de Titulaci\u00f3n por Experiencia Laboral\"}]},{\"@type\":\"WebSite\",\"@id\":\"https:\\\/\\\/fuentesfidedignas.com.mx\\\/#website\",\"url\":\"https:\\\/\\\/fuentesfidedignas.com.mx\\\/\",\"name\":\"Fuentes Fidedignas\",\"description\":\"Otro sitio realizado con WordPress\",\"publisher\":{\"@id\":\"https:\\\/\\\/fuentesfidedignas.com.mx\\\/#organization\"},\"potentialAction\":[{\"@type\":\"SearchAction\",\"target\":{\"@type\":\"EntryPoint\",\"urlTemplate\":\"https:\\\/\\\/fuentesfidedignas.com.mx\\\/?s={search_term_string}\"},\"query-input\":{\"@type\":\"PropertyValueSpecification\",\"valueRequired\":true,\"valueName\":\"search_term_string\"}}],\"inLanguage\":\"es\"},{\"@type\":\"Organization\",\"@id\":\"https:\\\/\\\/fuentesfidedignas.com.mx\\\/#organization\",\"name\":\"Fuentes Fidedignas\",\"url\":\"https:\\\/\\\/fuentesfidedignas.com.mx\\\/\",\"logo\":{\"@type\":\"ImageObject\",\"inLanguage\":\"es\",\"@id\":\"https:\\\/\\\/fuentesfidedignas.com.mx\\\/#\\\/schema\\\/logo\\\/image\\\/\",\"url\":\"https:\\\/\\\/fuentesfidedignas.com.mx\\\/wp-content\\\/uploads\\\/2021\\\/04\\\/logo-retina.png\",\"contentUrl\":\"https:\\\/\\\/fuentesfidedignas.com.mx\\\/wp-content\\\/uploads\\\/2021\\\/04\\\/logo-retina.png\",\"width\":280,\"height\":51,\"caption\":\"Fuentes Fidedignas\"},\"image\":{\"@id\":\"https:\\\/\\\/fuentesfidedignas.com.mx\\\/#\\\/schema\\\/logo\\\/image\\\/\"},\"sameAs\":[\"https:\\\/\\\/www.facebook.com\\\/Fuentes-Fidedignas-368234489921644\",\"https:\\\/\\\/x.com\\\/fidedignas\"]},{\"@type\":\"Person\",\"@id\":\"https:\\\/\\\/fuentesfidedignas.com.mx\\\/#\\\/schema\\\/person\\\/331be9283d37198e2acd5750279085b0\",\"name\":\"Redacci\u00f3n\",\"image\":{\"@type\":\"ImageObject\",\"inLanguage\":\"es\",\"@id\":\"https:\\\/\\\/secure.gravatar.com\\\/avatar\\\/f6d8782c11d12b2d4ad3fbb6931aeab5309937a4d6cd2fc9cfaa28a6396a5aec?s=96&d=mm&r=g\",\"url\":\"https:\\\/\\\/secure.gravatar.com\\\/avatar\\\/f6d8782c11d12b2d4ad3fbb6931aeab5309937a4d6cd2fc9cfaa28a6396a5aec?s=96&d=mm&r=g\",\"contentUrl\":\"https:\\\/\\\/secure.gravatar.com\\\/avatar\\\/f6d8782c11d12b2d4ad3fbb6931aeab5309937a4d6cd2fc9cfaa28a6396a5aec?s=96&d=mm&r=g\",\"caption\":\"Redacci\u00f3n\"},\"url\":\"https:\\\/\\\/fuentesfidedignas.com.mx\\\/index.php\\\/author\\\/redaccion\\\/\"}]}<\/script>\n<!-- \/ Yoast SEO plugin. -->","yoast_head_json":{"title":"Gobierno del Estado impulsa la profesionalizaci\u00f3n de servidores p\u00fablicos mediante programa de Titulaci\u00f3n por Experiencia Laboral - Fuentes Fidedignas","robots":{"index":"index","follow":"follow","max-snippet":"max-snippet:-1","max-image-preview":"max-image-preview:large","max-video-preview":"max-video-preview:-1"},"canonical":"https:\/\/fuentesfidedignas.com.mx\/index.php\/2026\/09\/02\/gobierno-del-estado-impulsa-la-profesionalizacion-de-servidores-publicos-mediante-programa-de-titulacion-por-experiencia-laboral\/","og_locale":"es_MX","og_type":"article","og_title":"Gobierno del Estado impulsa la profesionalizaci\u00f3n de servidores p\u00fablicos mediante programa de Titulaci\u00f3n por Experiencia Laboral - Fuentes Fidedignas","og_description":"El programa est\u00e1 dirigido a personas de 25 a\u00f1os o m\u00e1s que cuenten con al menos tres a\u00f1os de experiencia laboral. Quienes a trav\u00e9s de este programa, podr\u00e1n aprovechar su trayectoria para obtener un t\u00edtulo profesional en tan solo dos meses, sin dejar de lado sus actividades laborales. Culiac\u00e1n, Sin.-El Gobierno del Estado de Sinaloa, [&hellip;]","og_url":"https:\/\/fuentesfidedignas.com.mx\/index.php\/2026\/09\/02\/gobierno-del-estado-impulsa-la-profesionalizacion-de-servidores-publicos-mediante-programa-de-titulacion-por-experiencia-laboral\/","og_site_name":"Fuentes Fidedignas","article_publisher":"https:\/\/www.facebook.com\/Fuentes-Fidedignas-368234489921644","article_published_time":"2026-09-02T20:23:39+00:00","article_modified_time":"2026-09-02T20:28:21+00:00","og_image":[{"width":720,"height":442,"url":"https:\/\/fuentesfidedignas.com.mx\/wp-content\/uploads\/2024\/10\/Palacio-de-Gobierno-de-Sinaloa.jpeg","type":"image\/jpeg"}],"author":"Redacci\u00f3n","twitter_card":"summary_large_image","twitter_creator":"@fidedignas","twitter_site":"@fidedignas","twitter_misc":{"Escrito por":"Redacci\u00f3n","Tiempo de lectura":"2 minutos"},"schema":{"@context":"https:\/\/schema.org","@graph":[{"@type":"Article","@id":"https:\/\/fuentesfidedignas.com.mx\/index.php\/2026\/09\/02\/gobierno-del-estado-impulsa-la-profesionalizacion-de-servidores-publicos-mediante-programa-de-titulacion-por-experiencia-laboral\/#article","isPartOf":{"@id":"https:\/\/fuentesfidedignas.com.mx\/index.php\/2026\/09\/02\/gobierno-del-estado-impulsa-la-profesionalizacion-de-servidores-publicos-mediante-programa-de-titulacion-por-experiencia-laboral\/"},"author":{"name":"Redacci\u00f3n","@id":"https:\/\/fuentesfidedignas.com.mx\/#\/schema\/person\/331be9283d37198e2acd5750279085b0"},"headline":"Gobierno del Estado impulsa la profesionalizaci\u00f3n de servidores p\u00fablicos mediante programa de Titulaci\u00f3n por Experiencia Laboral","datePublished":"2026-09-02T20:23:39+00:00","dateModified":"2026-09-02T20:28:21+00:00","mainEntityOfPage":{"@id":"https:\/\/fuentesfidedignas.com.mx\/index.php\/2026\/09\/02\/gobierno-del-estado-impulsa-la-profesionalizacion-de-servidores-publicos-mediante-programa-de-titulacion-por-experiencia-laboral\/"},"wordCount":378,"commentCount":0,"publisher":{"@id":"https:\/\/fuentesfidedignas.com.mx\/#organization"},"image":{"@id":"https:\/\/fuentesfidedignas.com.mx\/index.php\/2026\/09\/02\/gobierno-del-estado-impulsa-la-profesionalizacion-de-servidores-publicos-mediante-programa-de-titulacion-por-experiencia-laboral\/#primaryimage"},"thumbnailUrl":"https:\/\/fuentesfidedignas.com.mx\/wp-content\/uploads\/2024\/10\/Palacio-de-Gobierno-de-Sinaloa.jpeg","articleSection":["NOTA PRINCIPAL"],"inLanguage":"es","potentialAction":[{"@type":"CommentAction","name":"Comment","target":["https:\/\/fuentesfidedignas.com.mx\/index.php\/2026\/09\/02\/gobierno-del-estado-impulsa-la-profesionalizacion-de-servidores-publicos-mediante-programa-de-titulacion-por-experiencia-laboral\/#respond"]}]},{"@type":"WebPage","@id":"https:\/\/fuentesfidedignas.com.mx\/index.php\/2026\/09\/02\/gobierno-del-estado-impulsa-la-profesionalizacion-de-servidores-publicos-mediante-programa-de-titulacion-por-experiencia-laboral\/","url":"https:\/\/fuentesfidedignas.com.mx\/index.php\/2026\/09\/02\/gobierno-del-estado-impulsa-la-profesionalizacion-de-servidores-publicos-mediante-programa-de-titulacion-por-experiencia-laboral\/","name":"Gobierno del Estado impulsa la profesionalizaci\u00f3n de servidores p\u00fablicos mediante programa de Titulaci\u00f3n por Experiencia Laboral - Fuentes Fidedignas","isPartOf":{"@id":"https:\/\/fuentesfidedignas.com.mx\/#website"},"primaryImageOfPage":{"@id":"https:\/\/fuentesfidedignas.com.mx\/index.php\/2026\/09\/02\/gobierno-del-estado-impulsa-la-profesionalizacion-de-servidores-publicos-mediante-programa-de-titulacion-por-experiencia-laboral\/#primaryimage"},"image":{"@id":"https:\/\/fuentesfidedignas.com.mx\/index.php\/2026\/09\/02\/gobierno-del-estado-impulsa-la-profesionalizacion-de-servidores-publicos-mediante-programa-de-titulacion-por-experiencia-laboral\/#primaryimage"},"thumbnailUrl":"https:\/\/fuentesfidedignas.com.mx\/wp-content\/uploads\/2024\/10\/Palacio-de-Gobierno-de-Sinaloa.jpeg","datePublished":"2026-09-02T20:23:39+00:00","dateModified":"2026-09-02T20:28:21+00:00","breadcrumb":{"@id":"https:\/\/fuentesfidedignas.com.mx\/index.php\/2026\/09\/02\/gobierno-del-estado-impulsa-la-profesionalizacion-de-servidores-publicos-mediante-programa-de-titulacion-por-experiencia-laboral\/#breadcrumb"},"inLanguage":"es","potentialAction":[{"@type":"ReadAction","target":["https:\/\/fuentesfidedignas.com.mx\/index.php\/2026\/09\/02\/gobierno-del-estado-impulsa-la-profesionalizacion-de-servidores-publicos-mediante-programa-de-titulacion-por-experiencia-laboral\/"]}]},{"@type":"ImageObject","inLanguage":"es","@id":"https:\/\/fuentesfidedignas.com.mx\/index.php\/2026\/09\/02\/gobierno-del-estado-impulsa-la-profesionalizacion-de-servidores-publicos-mediante-programa-de-titulacion-por-experiencia-laboral\/#primaryimage","url":"https:\/\/fuentesfidedignas.com.mx\/wp-content\/uploads\/2024\/10\/Palacio-de-Gobierno-de-Sinaloa.jpeg","contentUrl":"https:\/\/fuentesfidedignas.com.mx\/wp-content\/uploads\/2024\/10\/Palacio-de-Gobierno-de-Sinaloa.jpeg","width":720,"height":442},{"@type":"BreadcrumbList","@id":"https:\/\/fuentesfidedignas.com.mx\/index.php\/2026\/09\/02\/gobierno-del-estado-impulsa-la-profesionalizacion-de-servidores-publicos-mediante-programa-de-titulacion-por-experiencia-laboral\/#breadcrumb","itemListElement":[{"@type":"ListItem","position":1,"name":"Inicio","item":"https:\/\/fuentesfidedignas.com.mx\/"},{"@type":"ListItem","position":2,"name":"Gobierno del Estado impulsa la profesionalizaci\u00f3n de servidores p\u00fablicos mediante programa de Titulaci\u00f3n por Experiencia Laboral"}]},{"@type":"WebSite","@id":"https:\/\/fuentesfidedignas.com.mx\/#website","url":"https:\/\/fuentesfidedignas.com.mx\/","name":"Fuentes Fidedignas","description":"Otro sitio realizado con WordPress","publisher":{"@id":"https:\/\/fuentesfidedignas.com.mx\/#organization"},"potentialAction":[{"@type":"SearchAction","target":{"@type":"EntryPoint","urlTemplate":"https:\/\/fuentesfidedignas.com.mx\/?s={search_term_string}"},"query-input":{"@type":"PropertyValueSpecification","valueRequired":true,"valueName":"search_term_string"}}],"inLanguage":"es"},{"@type":"Organization","@id":"https:\/\/fuentesfidedignas.com.mx\/#organization","name":"Fuentes Fidedignas","url":"https:\/\/fuentesfidedignas.com.mx\/","logo":{"@type":"ImageObject","inLanguage":"es","@id":"https:\/\/fuentesfidedignas.com.mx\/#\/schema\/logo\/image\/","url":"https:\/\/fuentesfidedignas.com.mx\/wp-content\/uploads\/2021\/04\/logo-retina.png","contentUrl":"https:\/\/fuentesfidedignas.com.mx\/wp-content\/uploads\/2021\/04\/logo-retina.png","width":280,"height":51,"caption":"Fuentes Fidedignas"},"image":{"@id":"https:\/\/fuentesfidedignas.com.mx\/#\/schema\/logo\/image\/"},"sameAs":["https:\/\/www.facebook.com\/Fuentes-Fidedignas-368234489921644","https:\/\/x.com\/fidedignas"]},{"@type":"Person","@id":"https:\/\/fuentesfidedignas.com.mx\/#\/schema\/person\/331be9283d37198e2acd5750279085b0","name":"Redacci\u00f3n","image":{"@type":"ImageObject","inLanguage":"es","@id":"https:\/\/secure.gravatar.com\/avatar\/f6d8782c11d12b2d4ad3fbb6931aeab5309937a4d6cd2fc9cfaa28a6396a5aec?s=96&d=mm&r=g","url":"https:\/\/secure.gravatar.com\/avatar\/f6d8782c11d12b2d4ad3fbb6931aeab5309937a4d6cd2fc9cfaa28a6396a5aec?s=96&d=mm&r=g","contentUrl":"https:\/\/secure.gravatar.com\/avatar\/f6d8782c11d12b2d4ad3fbb6931aeab5309937a4d6cd2fc9cfaa28a6396a5aec?s=96&d=mm&r=g","caption":"Redacci\u00f3n"},"url":"https:\/\/fuentesfidedignas.com.mx\/index.php\/author\/redaccion\/"}]}},"_links":{"self":[{"href":"https:\/\/fuentesfidedignas.com.mx\/index.php\/wp-json\/wp\/v2\/posts\/141471","targetHints":{"allow":["GET"]}}],"collection":[{"href":"https:\/\/fuentesfidedignas.com.mx\/index.php\/wp-json\/wp\/v2\/posts"}],"about":[{"href":"https:\/\/fuentesfidedignas.com.mx\/index.php\/wp-json\/wp\/v2\/types\/post"}],"author":[{"embeddable":true,"href":"https:\/\/fuentesfidedignas.com.mx\/index.php\/wp-json\/wp\/v2\/users\/4"}],"replies":[{"embeddable":true,"href":"https:\/\/fuentesfidedignas.com.mx\/index.php\/wp-json\/wp\/v2\/comments?post=141471"}],"version-history":[{"count":3,"href":"https:\/\/fuentesfidedignas.com.mx\/index.php\/wp-json\/wp\/v2\/posts\/141471\/revisions"}],"predecessor-version":[{"id":141474,"href":"https:\/\/fuentesfidedignas.com.mx\/index.php\/wp-json\/wp\/v2\/posts\/141471\/revisions\/141474"}],"wp:attachment":[{"href":"https:\/\/fuentesfidedignas.com.mx\/index.php\/wp-json\/wp\/v2\/media?parent=141471"}],"wp:term":[{"taxonomy":"category","embeddable":true,"href":"https:\/\/fuentesfidedignas.com.mx\/index.php\/wp-json\/wp\/v2\/categories?post=141471"},{"taxonomy":"post_tag","embeddable":true,"href":"https:\/\/fuentesfidedignas.com.mx\/index.php\/wp-json\/wp\/v2\/tags?post=141471"}],"curies":[{"name":"wp","href":"https:\/\/api.w.org\/{rel}","templated":true}]}}