{"id":141466,"date":"2026-09-02T12:13:17","date_gmt":"2026-09-02T19:13:17","guid":{"rendered":"https:\/\/fuentesfidedignas.com.mx\/?p=141466"},"modified":"2026-09-02T12:13:17","modified_gmt":"2026-09-02T19:13:17","slug":"aprueban-diputados-presupuesto-de-egresos-del-poder-legislativo-para-2027","status":"publish","type":"post","link":"https:\/\/fuentesfidedignas.com.mx\/index.php\/2026\/09\/02\/aprueban-diputados-presupuesto-de-egresos-del-poder-legislativo-para-2027\/","title":{"rendered":"Aprueban diputados Presupuesto de Egresos del Poder Legislativo para 2027"},"content":{"rendered":"\n<p class=\"wp-block-paragraph\">Culiac\u00e1n, Sinaloa.- Conforme a las disposiciones de la Ley de Presupuesto y Responsabilidad Hacendaria del Estado de Sinaloa, as\u00ed como a la normatividad en materia de contabilidad gubernamental y disciplina financiera, el Pleno del Congreso del Estado de Sinaloa aprob\u00f3, durante la Sesi\u00f3n Extraordinaria desarrollada este mi\u00e9rcoles, el Proyecto de Presupuesto de Egresos del Poder Legislativo para el ejercicio fiscal 2027, el cual asciende a un monto total de 639 millones 488 mil 83 pesos.<\/p>\n\n\n\n<p class=\"wp-block-paragraph\">El proyecto de presupuesto aprobado contempla 412 millones 532 mil 582 pesos para el Congreso del Estado; 210 millones 509 mil 996 pesos para la Auditor\u00eda Superior del Estado, y 16 millones 445 mil 505 pesos para jubilados y pensionados de la instituci\u00f3n.<\/p>\n\n\n\n<p class=\"wp-block-paragraph\">Seg\u00fan el Acuerdo enviado por la Junta de Coordinaci\u00f3n Pol\u00edtica del Poder Legislativo, para su integraci\u00f3n de esta propuesta presupuestal, se consideraron las etapas de planeaci\u00f3n, programaci\u00f3n y presupuestaci\u00f3n, con el objetivo de orientar el gasto p\u00fablico hacia las prioridades y garantizar el uso eficaz y eficiente de los recursos.<\/p>\n\n\n\n<p class=\"wp-block-paragraph\">Asimismo, el Acuerdo establece que el ejercicio del gasto estar\u00e1 sujeto a criterios de austeridad, disciplina y racionalidad, y ser\u00e1 vigilado por el \u00d3rgano Interno de Control, los \u00f3rganos de Fiscalizaci\u00f3n Superior, la Auditor\u00eda Superior del Estado y la Auditor\u00eda Superior de la Federaci\u00f3n, adem\u00e1s de la propia Junta de Coordinaci\u00f3n Pol\u00edtica.<\/p>\n\n\n\n<p class=\"wp-block-paragraph\">Una vez aprobado el Acuerdo, el presidente de la Mesa Directiva, el diputado Juan Diego Aranzubia Iturrios, orden\u00f3 que se le hiciera de su conocimiento de este proceso a la Secretar\u00eda de Administraci\u00f3n y Finanzas del Estado de Sinaloa, en cumplimiento de lo establecido en la Ley antes referida.<\/p>\n","protected":false},"excerpt":{"rendered":"<p>Culiac\u00e1n, Sinaloa.- Conforme a las disposiciones de la Ley de Presupuesto y Responsabilidad Hacendaria del Estado de Sinaloa, as\u00ed como a la normatividad en materia de contabilidad gubernamental y disciplina financiera, el Pleno del Congreso del Estado de Sinaloa aprob\u00f3, durante la Sesi\u00f3n Extraordinaria desarrollada este mi\u00e9rcoles, el Proyecto de Presupuesto de Egresos del Poder [&hellip;]<\/p>\n","protected":false},"author":4,"featured_media":141465,"comment_status":"closed","ping_status":"open","sticky":false,"template":"","format":"standard","meta":{"tdm_status":"","tdm_grid_status":"","footnotes":""},"categories":[38],"tags":[],"class_list":["post-141466","post","type-post","status-publish","format-standard","has-post-thumbnail","category-noticias-locales"],"yoast_head":"<!-- This site is optimized with the Yoast SEO plugin v28.4 - https:\/\/yoast.com\/product\/yoast-seo-wordpress\/ -->\n<title>Aprueban diputados Presupuesto de Egresos del Poder Legislativo para 2027 - Fuentes Fidedignas<\/title>\n<meta name=\"robots\" content=\"index, follow, max-snippet:-1, max-image-preview:large, max-video-preview:-1\" \/>\n<link rel=\"canonical\" href=\"https:\/\/fuentesfidedignas.com.mx\/index.php\/2026\/09\/02\/aprueban-diputados-presupuesto-de-egresos-del-poder-legislativo-para-2027\/\" \/>\n<meta property=\"og:locale\" content=\"es_MX\" \/>\n<meta property=\"og:type\" content=\"article\" \/>\n<meta property=\"og:title\" content=\"Aprueban diputados Presupuesto de Egresos del Poder Legislativo para 2027 - Fuentes Fidedignas\" \/>\n<meta property=\"og:description\" content=\"Culiac\u00e1n, Sinaloa.- Conforme a las disposiciones de la Ley de Presupuesto y Responsabilidad Hacendaria del Estado de Sinaloa, as\u00ed como a la normatividad en materia de contabilidad gubernamental y disciplina financiera, el Pleno del Congreso del Estado de Sinaloa aprob\u00f3, durante la Sesi\u00f3n Extraordinaria desarrollada este mi\u00e9rcoles, el Proyecto de Presupuesto de Egresos del Poder [&hellip;]\" \/>\n<meta property=\"og:url\" content=\"https:\/\/fuentesfidedignas.com.mx\/index.php\/2026\/09\/02\/aprueban-diputados-presupuesto-de-egresos-del-poder-legislativo-para-2027\/\" \/>\n<meta property=\"og:site_name\" content=\"Fuentes Fidedignas\" \/>\n<meta property=\"article:publisher\" content=\"https:\/\/www.facebook.com\/Fuentes-Fidedignas-368234489921644\" \/>\n<meta property=\"article:published_time\" content=\"2026-09-02T19:13:17+00:00\" \/>\n<meta property=\"og:image\" content=\"https:\/\/fuentesfidedignas.com.mx\/wp-content\/uploads\/2026\/09\/e143bdc9-5c10-4e21-a67b-531cee3f9dea.jpeg\" \/>\n\t<meta property=\"og:image:width\" content=\"1280\" \/>\n\t<meta property=\"og:image:height\" content=\"855\" \/>\n\t<meta property=\"og:image:type\" content=\"image\/jpeg\" \/>\n<meta name=\"author\" content=\"Redacci\u00f3n\" \/>\n<meta name=\"twitter:card\" content=\"summary_large_image\" \/>\n<meta name=\"twitter:creator\" content=\"@fidedignas\" \/>\n<meta name=\"twitter:site\" content=\"@fidedignas\" \/>\n<meta name=\"twitter:label1\" content=\"Escrito por\" \/>\n\t<meta name=\"twitter:data1\" content=\"Redacci\u00f3n\" \/>\n\t<meta name=\"twitter:label2\" content=\"Tiempo de lectura\" \/>\n\t<meta name=\"twitter:data2\" content=\"1 minuto\" \/>\n<script type=\"application\/ld+json\" class=\"yoast-schema-graph\">{\"@context\":\"https:\\\/\\\/schema.org\",\"@graph\":[{\"@type\":\"Article\",\"@id\":\"https:\\\/\\\/fuentesfidedignas.com.mx\\\/index.php\\\/2026\\\/09\\\/02\\\/aprueban-diputados-presupuesto-de-egresos-del-poder-legislativo-para-2027\\\/#article\",\"isPartOf\":{\"@id\":\"https:\\\/\\\/fuentesfidedignas.com.mx\\\/index.php\\\/2026\\\/09\\\/02\\\/aprueban-diputados-presupuesto-de-egresos-del-poder-legislativo-para-2027\\\/\"},\"author\":{\"name\":\"Redacci\u00f3n\",\"@id\":\"https:\\\/\\\/fuentesfidedignas.com.mx\\\/#\\\/schema\\\/person\\\/331be9283d37198e2acd5750279085b0\"},\"headline\":\"Aprueban diputados Presupuesto de Egresos del Poder Legislativo para 2027\",\"datePublished\":\"2026-09-02T19:13:17+00:00\",\"mainEntityOfPage\":{\"@id\":\"https:\\\/\\\/fuentesfidedignas.com.mx\\\/index.php\\\/2026\\\/09\\\/02\\\/aprueban-diputados-presupuesto-de-egresos-del-poder-legislativo-para-2027\\\/\"},\"wordCount\":288,\"publisher\":{\"@id\":\"https:\\\/\\\/fuentesfidedignas.com.mx\\\/#organization\"},\"image\":{\"@id\":\"https:\\\/\\\/fuentesfidedignas.com.mx\\\/index.php\\\/2026\\\/09\\\/02\\\/aprueban-diputados-presupuesto-de-egresos-del-poder-legislativo-para-2027\\\/#primaryimage\"},\"thumbnailUrl\":\"https:\\\/\\\/fuentesfidedignas.com.mx\\\/wp-content\\\/uploads\\\/2026\\\/09\\\/e143bdc9-5c10-4e21-a67b-531cee3f9dea.jpeg\",\"articleSection\":[\"NOTICIAS LOCALES\"],\"inLanguage\":\"es\"},{\"@type\":\"WebPage\",\"@id\":\"https:\\\/\\\/fuentesfidedignas.com.mx\\\/index.php\\\/2026\\\/09\\\/02\\\/aprueban-diputados-presupuesto-de-egresos-del-poder-legislativo-para-2027\\\/\",\"url\":\"https:\\\/\\\/fuentesfidedignas.com.mx\\\/index.php\\\/2026\\\/09\\\/02\\\/aprueban-diputados-presupuesto-de-egresos-del-poder-legislativo-para-2027\\\/\",\"name\":\"Aprueban diputados Presupuesto de Egresos del Poder Legislativo para 2027 - Fuentes Fidedignas\",\"isPartOf\":{\"@id\":\"https:\\\/\\\/fuentesfidedignas.com.mx\\\/#website\"},\"primaryImageOfPage\":{\"@id\":\"https:\\\/\\\/fuentesfidedignas.com.mx\\\/index.php\\\/2026\\\/09\\\/02\\\/aprueban-diputados-presupuesto-de-egresos-del-poder-legislativo-para-2027\\\/#primaryimage\"},\"image\":{\"@id\":\"https:\\\/\\\/fuentesfidedignas.com.mx\\\/index.php\\\/2026\\\/09\\\/02\\\/aprueban-diputados-presupuesto-de-egresos-del-poder-legislativo-para-2027\\\/#primaryimage\"},\"thumbnailUrl\":\"https:\\\/\\\/fuentesfidedignas.com.mx\\\/wp-content\\\/uploads\\\/2026\\\/09\\\/e143bdc9-5c10-4e21-a67b-531cee3f9dea.jpeg\",\"datePublished\":\"2026-09-02T19:13:17+00:00\",\"breadcrumb\":{\"@id\":\"https:\\\/\\\/fuentesfidedignas.com.mx\\\/index.php\\\/2026\\\/09\\\/02\\\/aprueban-diputados-presupuesto-de-egresos-del-poder-legislativo-para-2027\\\/#breadcrumb\"},\"inLanguage\":\"es\",\"potentialAction\":[{\"@type\":\"ReadAction\",\"target\":[\"https:\\\/\\\/fuentesfidedignas.com.mx\\\/index.php\\\/2026\\\/09\\\/02\\\/aprueban-diputados-presupuesto-de-egresos-del-poder-legislativo-para-2027\\\/\"]}]},{\"@type\":\"ImageObject\",\"inLanguage\":\"es\",\"@id\":\"https:\\\/\\\/fuentesfidedignas.com.mx\\\/index.php\\\/2026\\\/09\\\/02\\\/aprueban-diputados-presupuesto-de-egresos-del-poder-legislativo-para-2027\\\/#primaryimage\",\"url\":\"https:\\\/\\\/fuentesfidedignas.com.mx\\\/wp-content\\\/uploads\\\/2026\\\/09\\\/e143bdc9-5c10-4e21-a67b-531cee3f9dea.jpeg\",\"contentUrl\":\"https:\\\/\\\/fuentesfidedignas.com.mx\\\/wp-content\\\/uploads\\\/2026\\\/09\\\/e143bdc9-5c10-4e21-a67b-531cee3f9dea.jpeg\",\"width\":1280,\"height\":855},{\"@type\":\"BreadcrumbList\",\"@id\":\"https:\\\/\\\/fuentesfidedignas.com.mx\\\/index.php\\\/2026\\\/09\\\/02\\\/aprueban-diputados-presupuesto-de-egresos-del-poder-legislativo-para-2027\\\/#breadcrumb\",\"itemListElement\":[{\"@type\":\"ListItem\",\"position\":1,\"name\":\"Inicio\",\"item\":\"https:\\\/\\\/fuentesfidedignas.com.mx\\\/\"},{\"@type\":\"ListItem\",\"position\":2,\"name\":\"Aprueban diputados Presupuesto de Egresos del Poder Legislativo para 2027\"}]},{\"@type\":\"WebSite\",\"@id\":\"https:\\\/\\\/fuentesfidedignas.com.mx\\\/#website\",\"url\":\"https:\\\/\\\/fuentesfidedignas.com.mx\\\/\",\"name\":\"Fuentes Fidedignas\",\"description\":\"Otro sitio realizado con WordPress\",\"publisher\":{\"@id\":\"https:\\\/\\\/fuentesfidedignas.com.mx\\\/#organization\"},\"potentialAction\":[{\"@type\":\"SearchAction\",\"target\":{\"@type\":\"EntryPoint\",\"urlTemplate\":\"https:\\\/\\\/fuentesfidedignas.com.mx\\\/?s={search_term_string}\"},\"query-input\":{\"@type\":\"PropertyValueSpecification\",\"valueRequired\":true,\"valueName\":\"search_term_string\"}}],\"inLanguage\":\"es\"},{\"@type\":\"Organization\",\"@id\":\"https:\\\/\\\/fuentesfidedignas.com.mx\\\/#organization\",\"name\":\"Fuentes Fidedignas\",\"url\":\"https:\\\/\\\/fuentesfidedignas.com.mx\\\/\",\"logo\":{\"@type\":\"ImageObject\",\"inLanguage\":\"es\",\"@id\":\"https:\\\/\\\/fuentesfidedignas.com.mx\\\/#\\\/schema\\\/logo\\\/image\\\/\",\"url\":\"https:\\\/\\\/fuentesfidedignas.com.mx\\\/wp-content\\\/uploads\\\/2021\\\/04\\\/logo-retina.png\",\"contentUrl\":\"https:\\\/\\\/fuentesfidedignas.com.mx\\\/wp-content\\\/uploads\\\/2021\\\/04\\\/logo-retina.png\",\"width\":280,\"height\":51,\"caption\":\"Fuentes Fidedignas\"},\"image\":{\"@id\":\"https:\\\/\\\/fuentesfidedignas.com.mx\\\/#\\\/schema\\\/logo\\\/image\\\/\"},\"sameAs\":[\"https:\\\/\\\/www.facebook.com\\\/Fuentes-Fidedignas-368234489921644\",\"https:\\\/\\\/x.com\\\/fidedignas\"]},{\"@type\":\"Person\",\"@id\":\"https:\\\/\\\/fuentesfidedignas.com.mx\\\/#\\\/schema\\\/person\\\/331be9283d37198e2acd5750279085b0\",\"name\":\"Redacci\u00f3n\",\"image\":{\"@type\":\"ImageObject\",\"inLanguage\":\"es\",\"@id\":\"https:\\\/\\\/secure.gravatar.com\\\/avatar\\\/f6d8782c11d12b2d4ad3fbb6931aeab5309937a4d6cd2fc9cfaa28a6396a5aec?s=96&d=mm&r=g\",\"url\":\"https:\\\/\\\/secure.gravatar.com\\\/avatar\\\/f6d8782c11d12b2d4ad3fbb6931aeab5309937a4d6cd2fc9cfaa28a6396a5aec?s=96&d=mm&r=g\",\"contentUrl\":\"https:\\\/\\\/secure.gravatar.com\\\/avatar\\\/f6d8782c11d12b2d4ad3fbb6931aeab5309937a4d6cd2fc9cfaa28a6396a5aec?s=96&d=mm&r=g\",\"caption\":\"Redacci\u00f3n\"},\"url\":\"https:\\\/\\\/fuentesfidedignas.com.mx\\\/index.php\\\/author\\\/redaccion\\\/\"}]}<\/script>\n<!-- \/ Yoast SEO plugin. -->","yoast_head_json":{"title":"Aprueban diputados Presupuesto de Egresos del Poder Legislativo para 2027 - Fuentes Fidedignas","robots":{"index":"index","follow":"follow","max-snippet":"max-snippet:-1","max-image-preview":"max-image-preview:large","max-video-preview":"max-video-preview:-1"},"canonical":"https:\/\/fuentesfidedignas.com.mx\/index.php\/2026\/09\/02\/aprueban-diputados-presupuesto-de-egresos-del-poder-legislativo-para-2027\/","og_locale":"es_MX","og_type":"article","og_title":"Aprueban diputados Presupuesto de Egresos del Poder Legislativo para 2027 - Fuentes Fidedignas","og_description":"Culiac\u00e1n, Sinaloa.- Conforme a las disposiciones de la Ley de Presupuesto y Responsabilidad Hacendaria del Estado de Sinaloa, as\u00ed como a la normatividad en materia de contabilidad gubernamental y disciplina financiera, el Pleno del Congreso del Estado de Sinaloa aprob\u00f3, durante la Sesi\u00f3n Extraordinaria desarrollada este mi\u00e9rcoles, el Proyecto de Presupuesto de Egresos del Poder [&hellip;]","og_url":"https:\/\/fuentesfidedignas.com.mx\/index.php\/2026\/09\/02\/aprueban-diputados-presupuesto-de-egresos-del-poder-legislativo-para-2027\/","og_site_name":"Fuentes Fidedignas","article_publisher":"https:\/\/www.facebook.com\/Fuentes-Fidedignas-368234489921644","article_published_time":"2026-09-02T19:13:17+00:00","og_image":[{"width":1280,"height":855,"url":"https:\/\/fuentesfidedignas.com.mx\/wp-content\/uploads\/2026\/09\/e143bdc9-5c10-4e21-a67b-531cee3f9dea.jpeg","type":"image\/jpeg"}],"author":"Redacci\u00f3n","twitter_card":"summary_large_image","twitter_creator":"@fidedignas","twitter_site":"@fidedignas","twitter_misc":{"Escrito por":"Redacci\u00f3n","Tiempo de lectura":"1 minuto"},"schema":{"@context":"https:\/\/schema.org","@graph":[{"@type":"Article","@id":"https:\/\/fuentesfidedignas.com.mx\/index.php\/2026\/09\/02\/aprueban-diputados-presupuesto-de-egresos-del-poder-legislativo-para-2027\/#article","isPartOf":{"@id":"https:\/\/fuentesfidedignas.com.mx\/index.php\/2026\/09\/02\/aprueban-diputados-presupuesto-de-egresos-del-poder-legislativo-para-2027\/"},"author":{"name":"Redacci\u00f3n","@id":"https:\/\/fuentesfidedignas.com.mx\/#\/schema\/person\/331be9283d37198e2acd5750279085b0"},"headline":"Aprueban diputados Presupuesto de Egresos del Poder Legislativo para 2027","datePublished":"2026-09-02T19:13:17+00:00","mainEntityOfPage":{"@id":"https:\/\/fuentesfidedignas.com.mx\/index.php\/2026\/09\/02\/aprueban-diputados-presupuesto-de-egresos-del-poder-legislativo-para-2027\/"},"wordCount":288,"publisher":{"@id":"https:\/\/fuentesfidedignas.com.mx\/#organization"},"image":{"@id":"https:\/\/fuentesfidedignas.com.mx\/index.php\/2026\/09\/02\/aprueban-diputados-presupuesto-de-egresos-del-poder-legislativo-para-2027\/#primaryimage"},"thumbnailUrl":"https:\/\/fuentesfidedignas.com.mx\/wp-content\/uploads\/2026\/09\/e143bdc9-5c10-4e21-a67b-531cee3f9dea.jpeg","articleSection":["NOTICIAS LOCALES"],"inLanguage":"es"},{"@type":"WebPage","@id":"https:\/\/fuentesfidedignas.com.mx\/index.php\/2026\/09\/02\/aprueban-diputados-presupuesto-de-egresos-del-poder-legislativo-para-2027\/","url":"https:\/\/fuentesfidedignas.com.mx\/index.php\/2026\/09\/02\/aprueban-diputados-presupuesto-de-egresos-del-poder-legislativo-para-2027\/","name":"Aprueban diputados Presupuesto de Egresos del Poder Legislativo para 2027 - Fuentes Fidedignas","isPartOf":{"@id":"https:\/\/fuentesfidedignas.com.mx\/#website"},"primaryImageOfPage":{"@id":"https:\/\/fuentesfidedignas.com.mx\/index.php\/2026\/09\/02\/aprueban-diputados-presupuesto-de-egresos-del-poder-legislativo-para-2027\/#primaryimage"},"image":{"@id":"https:\/\/fuentesfidedignas.com.mx\/index.php\/2026\/09\/02\/aprueban-diputados-presupuesto-de-egresos-del-poder-legislativo-para-2027\/#primaryimage"},"thumbnailUrl":"https:\/\/fuentesfidedignas.com.mx\/wp-content\/uploads\/2026\/09\/e143bdc9-5c10-4e21-a67b-531cee3f9dea.jpeg","datePublished":"2026-09-02T19:13:17+00:00","breadcrumb":{"@id":"https:\/\/fuentesfidedignas.com.mx\/index.php\/2026\/09\/02\/aprueban-diputados-presupuesto-de-egresos-del-poder-legislativo-para-2027\/#breadcrumb"},"inLanguage":"es","potentialAction":[{"@type":"ReadAction","target":["https:\/\/fuentesfidedignas.com.mx\/index.php\/2026\/09\/02\/aprueban-diputados-presupuesto-de-egresos-del-poder-legislativo-para-2027\/"]}]},{"@type":"ImageObject","inLanguage":"es","@id":"https:\/\/fuentesfidedignas.com.mx\/index.php\/2026\/09\/02\/aprueban-diputados-presupuesto-de-egresos-del-poder-legislativo-para-2027\/#primaryimage","url":"https:\/\/fuentesfidedignas.com.mx\/wp-content\/uploads\/2026\/09\/e143bdc9-5c10-4e21-a67b-531cee3f9dea.jpeg","contentUrl":"https:\/\/fuentesfidedignas.com.mx\/wp-content\/uploads\/2026\/09\/e143bdc9-5c10-4e21-a67b-531cee3f9dea.jpeg","width":1280,"height":855},{"@type":"BreadcrumbList","@id":"https:\/\/fuentesfidedignas.com.mx\/index.php\/2026\/09\/02\/aprueban-diputados-presupuesto-de-egresos-del-poder-legislativo-para-2027\/#breadcrumb","itemListElement":[{"@type":"ListItem","position":1,"name":"Inicio","item":"https:\/\/fuentesfidedignas.com.mx\/"},{"@type":"ListItem","position":2,"name":"Aprueban diputados Presupuesto de Egresos del Poder Legislativo para 2027"}]},{"@type":"WebSite","@id":"https:\/\/fuentesfidedignas.com.mx\/#website","url":"https:\/\/fuentesfidedignas.com.mx\/","name":"Fuentes Fidedignas","description":"Otro sitio realizado con WordPress","publisher":{"@id":"https:\/\/fuentesfidedignas.com.mx\/#organization"},"potentialAction":[{"@type":"SearchAction","target":{"@type":"EntryPoint","urlTemplate":"https:\/\/fuentesfidedignas.com.mx\/?s={search_term_string}"},"query-input":{"@type":"PropertyValueSpecification","valueRequired":true,"valueName":"search_term_string"}}],"inLanguage":"es"},{"@type":"Organization","@id":"https:\/\/fuentesfidedignas.com.mx\/#organization","name":"Fuentes Fidedignas","url":"https:\/\/fuentesfidedignas.com.mx\/","logo":{"@type":"ImageObject","inLanguage":"es","@id":"https:\/\/fuentesfidedignas.com.mx\/#\/schema\/logo\/image\/","url":"https:\/\/fuentesfidedignas.com.mx\/wp-content\/uploads\/2021\/04\/logo-retina.png","contentUrl":"https:\/\/fuentesfidedignas.com.mx\/wp-content\/uploads\/2021\/04\/logo-retina.png","width":280,"height":51,"caption":"Fuentes Fidedignas"},"image":{"@id":"https:\/\/fuentesfidedignas.com.mx\/#\/schema\/logo\/image\/"},"sameAs":["https:\/\/www.facebook.com\/Fuentes-Fidedignas-368234489921644","https:\/\/x.com\/fidedignas"]},{"@type":"Person","@id":"https:\/\/fuentesfidedignas.com.mx\/#\/schema\/person\/331be9283d37198e2acd5750279085b0","name":"Redacci\u00f3n","image":{"@type":"ImageObject","inLanguage":"es","@id":"https:\/\/secure.gravatar.com\/avatar\/f6d8782c11d12b2d4ad3fbb6931aeab5309937a4d6cd2fc9cfaa28a6396a5aec?s=96&d=mm&r=g","url":"https:\/\/secure.gravatar.com\/avatar\/f6d8782c11d12b2d4ad3fbb6931aeab5309937a4d6cd2fc9cfaa28a6396a5aec?s=96&d=mm&r=g","contentUrl":"https:\/\/secure.gravatar.com\/avatar\/f6d8782c11d12b2d4ad3fbb6931aeab5309937a4d6cd2fc9cfaa28a6396a5aec?s=96&d=mm&r=g","caption":"Redacci\u00f3n"},"url":"https:\/\/fuentesfidedignas.com.mx\/index.php\/author\/redaccion\/"}]}},"_links":{"self":[{"href":"https:\/\/fuentesfidedignas.com.mx\/index.php\/wp-json\/wp\/v2\/posts\/141466","targetHints":{"allow":["GET"]}}],"collection":[{"href":"https:\/\/fuentesfidedignas.com.mx\/index.php\/wp-json\/wp\/v2\/posts"}],"about":[{"href":"https:\/\/fuentesfidedignas.com.mx\/index.php\/wp-json\/wp\/v2\/types\/post"}],"author":[{"embeddable":true,"href":"https:\/\/fuentesfidedignas.com.mx\/index.php\/wp-json\/wp\/v2\/users\/4"}],"replies":[{"embeddable":true,"href":"https:\/\/fuentesfidedignas.com.mx\/index.php\/wp-json\/wp\/v2\/comments?post=141466"}],"version-history":[{"count":1,"href":"https:\/\/fuentesfidedignas.com.mx\/index.php\/wp-json\/wp\/v2\/posts\/141466\/revisions"}],"predecessor-version":[{"id":141467,"href":"https:\/\/fuentesfidedignas.com.mx\/index.php\/wp-json\/wp\/v2\/posts\/141466\/revisions\/141467"}],"wp:featuredmedia":[{"embeddable":true,"href":"https:\/\/fuentesfidedignas.com.mx\/index.php\/wp-json\/wp\/v2\/media\/141465"}],"wp:attachment":[{"href":"https:\/\/fuentesfidedignas.com.mx\/index.php\/wp-json\/wp\/v2\/media?parent=141466"}],"wp:term":[{"taxonomy":"category","embeddable":true,"href":"https:\/\/fuentesfidedignas.com.mx\/index.php\/wp-json\/wp\/v2\/categories?post=141466"},{"taxonomy":"post_tag","embeddable":true,"href":"https:\/\/fuentesfidedignas.com.mx\/index.php\/wp-json\/wp\/v2\/tags?post=141466"}],"curies":[{"name":"wp","href":"https:\/\/api.w.org\/{rel}","templated":true}]}}