{"id":141452,"date":"2026-09-02T10:06:42","date_gmt":"2026-09-02T17:06:42","guid":{"rendered":"https:\/\/fuentesfidedignas.com.mx\/?p=141452"},"modified":"2026-09-02T10:07:52","modified_gmt":"2026-09-02T17:07:52","slug":"atacan-a-balazos-a-director-de-pc-de-mazatlan-se-encuentra-recibiendo-atencion-medica","status":"publish","type":"post","link":"https:\/\/fuentesfidedignas.com.mx\/index.php\/2026\/09\/02\/atacan-a-balazos-a-director-de-pc-de-mazatlan-se-encuentra-recibiendo-atencion-medica\/","title":{"rendered":"Atacan a balazos a director de PC de Mazatl\u00e1n; se encuentra recibiendo atenci\u00f3n m\u00e9dica"},"content":{"rendered":"\n<p class=\"wp-block-paragraph\"><strong><em>\u00d3scar Osuna Tirado fue interceptado por hombres que viajaban en una motocicleta<\/em><\/strong><\/p>\n\n\n\n<p class=\"wp-block-paragraph\">Mazatl\u00e1n, Sin.- El director de Protecci\u00f3n Civil Municipal de Mazatl\u00e1n, \u00d3scar Osuna Tirado, fue atacado a balazos la ma\u00f1ana de este mi\u00e9rcoles mientras se trasladaba en una camioneta oficial de la dependencia.<\/p>\n\n\n\n\n\n<p class=\"wp-block-paragraph\">La agresi\u00f3n ocurri\u00f3 en el sector Montuosa, en una de las principales vialidades del puerto. De acuerdo con los primeros reportes, hombres que viajaban en una motocicleta siguieron el veh\u00edculo y dispararon contra el funcionario.<\/p>\n\n\n\n<p class=\"wp-block-paragraph\">Osuna Tirado result\u00f3 herido, por lo que fue trasladado a un hospital para recibir atenci\u00f3n m\u00e9dica. Hasta el momento, las autoridades no han informado oficialmente sobre su estado de salud ni la gravedad de las heridas.<\/p>\n\n\n\n<p class=\"wp-block-paragraph\">La camioneta qued\u00f3 detenida sobre la vialidad y la zona fue acordonada para permitir el trabajo del personal encargado de realizar las primeras diligencias y recabar indicios.<\/p>\n\n\n\n<p class=\"wp-block-paragraph\">Despu\u00e9s de la agresi\u00f3n, se despleg\u00f3 un operativo en distintos puntos de Mazatl\u00e1n, con la participaci\u00f3n de corporaciones de seguridad de los tres \u00f3rdenes de gobierno, para tratar de localizar a los responsables.<\/p>\n\n\n\n<p class=\"wp-block-paragraph\">Operativo contin\u00faa en el sector Montuosa<br>Despu\u00e9s de la agresi\u00f3n, corporaciones de los tres \u00f3rdenes de gobierno desplegaron una fuerza de reacci\u00f3n en el sector Montuosa.<\/p>\n\n\n\n<p class=\"wp-block-paragraph\">Los trabajos de seguridad y las diligencias se concentraron sobre la avenida Guti\u00e9rrez N\u00e1jera, donde las autoridades pidieron a la poblaci\u00f3n atender las indicaciones de los agentes y evitar interferir con el operativo.<\/p>\n\n\n\n<p class=\"wp-block-paragraph\">El Grupo Interinstitucional mantiene acciones de b\u00fasqueda para localizar a quienes participaron en el ataque. Hasta el \u00faltimo reporte oficial no se hab\u00edan dado a conocer detenciones.<br><a href=\"https:\/\/www.milenio.com\/estados\/atacan-a-oscar-osuna-titular-proteccion-civil-de-mazatlan\">https:\/\/www.milenio.com\/estados\/atacan-a-oscar-osuna-titular-proteccion-civil-de-mazatlan<\/a><\/p>\n","protected":false},"excerpt":{"rendered":"<p>\u00d3scar Osuna Tirado fue interceptado por hombres que viajaban en una motocicleta Mazatl\u00e1n, Sin.- El director de Protecci\u00f3n Civil Municipal de Mazatl\u00e1n, \u00d3scar Osuna Tirado, fue atacado a balazos la ma\u00f1ana de este mi\u00e9rcoles mientras se trasladaba en una camioneta oficial de la dependencia. La agresi\u00f3n ocurri\u00f3 en el sector Montuosa, en una de las [&hellip;]<\/p>\n","protected":false},"author":9,"featured_media":141453,"comment_status":"open","ping_status":"open","sticky":false,"template":"","format":"standard","meta":{"tdm_status":"","tdm_grid_status":"","footnotes":""},"categories":[37],"tags":[],"class_list":["post-141452","post","type-post","status-publish","format-standard","has-post-thumbnail","category-nota-principal"],"yoast_head":"<!-- This site is optimized with the Yoast SEO plugin v28.4 - https:\/\/yoast.com\/product\/yoast-seo-wordpress\/ -->\n<title>Atacan a balazos a director de PC de Mazatl\u00e1n; se encuentra recibiendo atenci\u00f3n m\u00e9dica - Fuentes Fidedignas<\/title>\n<meta name=\"robots\" content=\"index, follow, max-snippet:-1, max-image-preview:large, max-video-preview:-1\" \/>\n<link rel=\"canonical\" href=\"https:\/\/fuentesfidedignas.com.mx\/index.php\/2026\/09\/02\/atacan-a-balazos-a-director-de-pc-de-mazatlan-se-encuentra-recibiendo-atencion-medica\/\" \/>\n<meta property=\"og:locale\" content=\"es_MX\" \/>\n<meta property=\"og:type\" content=\"article\" \/>\n<meta property=\"og:title\" content=\"Atacan a balazos a director de PC de Mazatl\u00e1n; se encuentra recibiendo atenci\u00f3n m\u00e9dica - Fuentes Fidedignas\" \/>\n<meta property=\"og:description\" content=\"\u00d3scar Osuna Tirado fue interceptado por hombres que viajaban en una motocicleta Mazatl\u00e1n, Sin.- El director de Protecci\u00f3n Civil Municipal de Mazatl\u00e1n, \u00d3scar Osuna Tirado, fue atacado a balazos la ma\u00f1ana de este mi\u00e9rcoles mientras se trasladaba en una camioneta oficial de la dependencia. La agresi\u00f3n ocurri\u00f3 en el sector Montuosa, en una de las [&hellip;]\" \/>\n<meta property=\"og:url\" content=\"https:\/\/fuentesfidedignas.com.mx\/index.php\/2026\/09\/02\/atacan-a-balazos-a-director-de-pc-de-mazatlan-se-encuentra-recibiendo-atencion-medica\/\" \/>\n<meta property=\"og:site_name\" content=\"Fuentes Fidedignas\" \/>\n<meta property=\"article:publisher\" content=\"https:\/\/www.facebook.com\/Fuentes-Fidedignas-368234489921644\" \/>\n<meta property=\"article:published_time\" content=\"2026-09-02T17:06:42+00:00\" \/>\n<meta property=\"article:modified_time\" content=\"2026-09-02T17:07:52+00:00\" \/>\n<meta property=\"og:image\" content=\"https:\/\/fuentesfidedignas.com.mx\/wp-content\/uploads\/2026\/09\/PC_mz.jpg\" \/>\n\t<meta property=\"og:image:width\" content=\"500\" \/>\n\t<meta property=\"og:image:height\" content=\"348\" \/>\n\t<meta property=\"og:image:type\" content=\"image\/jpeg\" \/>\n<meta name=\"author\" content=\"Milenio\" \/>\n<meta name=\"twitter:card\" content=\"summary_large_image\" \/>\n<meta name=\"twitter:creator\" content=\"@fidedignas\" \/>\n<meta name=\"twitter:site\" content=\"@fidedignas\" \/>\n<meta name=\"twitter:label1\" content=\"Escrito por\" \/>\n\t<meta name=\"twitter:data1\" content=\"Milenio\" \/>\n\t<meta name=\"twitter:label2\" content=\"Tiempo de lectura\" \/>\n\t<meta name=\"twitter:data2\" content=\"2 minutos\" \/>\n<script type=\"application\/ld+json\" class=\"yoast-schema-graph\">{\"@context\":\"https:\\\/\\\/schema.org\",\"@graph\":[{\"@type\":\"Article\",\"@id\":\"https:\\\/\\\/fuentesfidedignas.com.mx\\\/index.php\\\/2026\\\/09\\\/02\\\/atacan-a-balazos-a-director-de-pc-de-mazatlan-se-encuentra-recibiendo-atencion-medica\\\/#article\",\"isPartOf\":{\"@id\":\"https:\\\/\\\/fuentesfidedignas.com.mx\\\/index.php\\\/2026\\\/09\\\/02\\\/atacan-a-balazos-a-director-de-pc-de-mazatlan-se-encuentra-recibiendo-atencion-medica\\\/\"},\"author\":{\"name\":\"Milenio\",\"@id\":\"https:\\\/\\\/fuentesfidedignas.com.mx\\\/#\\\/schema\\\/person\\\/47ec0135738f4b0c7495f06a77a2c976\"},\"headline\":\"Atacan a balazos a director de PC de Mazatl\u00e1n; se encuentra recibiendo atenci\u00f3n m\u00e9dica\",\"datePublished\":\"2026-09-02T17:06:42+00:00\",\"dateModified\":\"2026-09-02T17:07:52+00:00\",\"mainEntityOfPage\":{\"@id\":\"https:\\\/\\\/fuentesfidedignas.com.mx\\\/index.php\\\/2026\\\/09\\\/02\\\/atacan-a-balazos-a-director-de-pc-de-mazatlan-se-encuentra-recibiendo-atencion-medica\\\/\"},\"wordCount\":363,\"commentCount\":0,\"publisher\":{\"@id\":\"https:\\\/\\\/fuentesfidedignas.com.mx\\\/#organization\"},\"image\":{\"@id\":\"https:\\\/\\\/fuentesfidedignas.com.mx\\\/index.php\\\/2026\\\/09\\\/02\\\/atacan-a-balazos-a-director-de-pc-de-mazatlan-se-encuentra-recibiendo-atencion-medica\\\/#primaryimage\"},\"thumbnailUrl\":\"https:\\\/\\\/fuentesfidedignas.com.mx\\\/wp-content\\\/uploads\\\/2026\\\/09\\\/PC_mz.jpg\",\"articleSection\":[\"NOTA PRINCIPAL\"],\"inLanguage\":\"es\",\"potentialAction\":[{\"@type\":\"CommentAction\",\"name\":\"Comment\",\"target\":[\"https:\\\/\\\/fuentesfidedignas.com.mx\\\/index.php\\\/2026\\\/09\\\/02\\\/atacan-a-balazos-a-director-de-pc-de-mazatlan-se-encuentra-recibiendo-atencion-medica\\\/#respond\"]}]},{\"@type\":\"WebPage\",\"@id\":\"https:\\\/\\\/fuentesfidedignas.com.mx\\\/index.php\\\/2026\\\/09\\\/02\\\/atacan-a-balazos-a-director-de-pc-de-mazatlan-se-encuentra-recibiendo-atencion-medica\\\/\",\"url\":\"https:\\\/\\\/fuentesfidedignas.com.mx\\\/index.php\\\/2026\\\/09\\\/02\\\/atacan-a-balazos-a-director-de-pc-de-mazatlan-se-encuentra-recibiendo-atencion-medica\\\/\",\"name\":\"Atacan a balazos a director de PC de Mazatl\u00e1n; se encuentra recibiendo atenci\u00f3n m\u00e9dica - Fuentes Fidedignas\",\"isPartOf\":{\"@id\":\"https:\\\/\\\/fuentesfidedignas.com.mx\\\/#website\"},\"primaryImageOfPage\":{\"@id\":\"https:\\\/\\\/fuentesfidedignas.com.mx\\\/index.php\\\/2026\\\/09\\\/02\\\/atacan-a-balazos-a-director-de-pc-de-mazatlan-se-encuentra-recibiendo-atencion-medica\\\/#primaryimage\"},\"image\":{\"@id\":\"https:\\\/\\\/fuentesfidedignas.com.mx\\\/index.php\\\/2026\\\/09\\\/02\\\/atacan-a-balazos-a-director-de-pc-de-mazatlan-se-encuentra-recibiendo-atencion-medica\\\/#primaryimage\"},\"thumbnailUrl\":\"https:\\\/\\\/fuentesfidedignas.com.mx\\\/wp-content\\\/uploads\\\/2026\\\/09\\\/PC_mz.jpg\",\"datePublished\":\"2026-09-02T17:06:42+00:00\",\"dateModified\":\"2026-09-02T17:07:52+00:00\",\"breadcrumb\":{\"@id\":\"https:\\\/\\\/fuentesfidedignas.com.mx\\\/index.php\\\/2026\\\/09\\\/02\\\/atacan-a-balazos-a-director-de-pc-de-mazatlan-se-encuentra-recibiendo-atencion-medica\\\/#breadcrumb\"},\"inLanguage\":\"es\",\"potentialAction\":[{\"@type\":\"ReadAction\",\"target\":[\"https:\\\/\\\/fuentesfidedignas.com.mx\\\/index.php\\\/2026\\\/09\\\/02\\\/atacan-a-balazos-a-director-de-pc-de-mazatlan-se-encuentra-recibiendo-atencion-medica\\\/\"]}]},{\"@type\":\"ImageObject\",\"inLanguage\":\"es\",\"@id\":\"https:\\\/\\\/fuentesfidedignas.com.mx\\\/index.php\\\/2026\\\/09\\\/02\\\/atacan-a-balazos-a-director-de-pc-de-mazatlan-se-encuentra-recibiendo-atencion-medica\\\/#primaryimage\",\"url\":\"https:\\\/\\\/fuentesfidedignas.com.mx\\\/wp-content\\\/uploads\\\/2026\\\/09\\\/PC_mz.jpg\",\"contentUrl\":\"https:\\\/\\\/fuentesfidedignas.com.mx\\\/wp-content\\\/uploads\\\/2026\\\/09\\\/PC_mz.jpg\",\"width\":500,\"height\":348},{\"@type\":\"BreadcrumbList\",\"@id\":\"https:\\\/\\\/fuentesfidedignas.com.mx\\\/index.php\\\/2026\\\/09\\\/02\\\/atacan-a-balazos-a-director-de-pc-de-mazatlan-se-encuentra-recibiendo-atencion-medica\\\/#breadcrumb\",\"itemListElement\":[{\"@type\":\"ListItem\",\"position\":1,\"name\":\"Inicio\",\"item\":\"https:\\\/\\\/fuentesfidedignas.com.mx\\\/\"},{\"@type\":\"ListItem\",\"position\":2,\"name\":\"Atacan a balazos a director de PC de Mazatl\u00e1n; se encuentra recibiendo atenci\u00f3n m\u00e9dica\"}]},{\"@type\":\"WebSite\",\"@id\":\"https:\\\/\\\/fuentesfidedignas.com.mx\\\/#website\",\"url\":\"https:\\\/\\\/fuentesfidedignas.com.mx\\\/\",\"name\":\"Fuentes Fidedignas\",\"description\":\"Otro sitio realizado con WordPress\",\"publisher\":{\"@id\":\"https:\\\/\\\/fuentesfidedignas.com.mx\\\/#organization\"},\"potentialAction\":[{\"@type\":\"SearchAction\",\"target\":{\"@type\":\"EntryPoint\",\"urlTemplate\":\"https:\\\/\\\/fuentesfidedignas.com.mx\\\/?s={search_term_string}\"},\"query-input\":{\"@type\":\"PropertyValueSpecification\",\"valueRequired\":true,\"valueName\":\"search_term_string\"}}],\"inLanguage\":\"es\"},{\"@type\":\"Organization\",\"@id\":\"https:\\\/\\\/fuentesfidedignas.com.mx\\\/#organization\",\"name\":\"Fuentes Fidedignas\",\"url\":\"https:\\\/\\\/fuentesfidedignas.com.mx\\\/\",\"logo\":{\"@type\":\"ImageObject\",\"inLanguage\":\"es\",\"@id\":\"https:\\\/\\\/fuentesfidedignas.com.mx\\\/#\\\/schema\\\/logo\\\/image\\\/\",\"url\":\"https:\\\/\\\/fuentesfidedignas.com.mx\\\/wp-content\\\/uploads\\\/2021\\\/04\\\/logo-retina.png\",\"contentUrl\":\"https:\\\/\\\/fuentesfidedignas.com.mx\\\/wp-content\\\/uploads\\\/2021\\\/04\\\/logo-retina.png\",\"width\":280,\"height\":51,\"caption\":\"Fuentes Fidedignas\"},\"image\":{\"@id\":\"https:\\\/\\\/fuentesfidedignas.com.mx\\\/#\\\/schema\\\/logo\\\/image\\\/\"},\"sameAs\":[\"https:\\\/\\\/www.facebook.com\\\/Fuentes-Fidedignas-368234489921644\",\"https:\\\/\\\/x.com\\\/fidedignas\"]},{\"@type\":\"Person\",\"@id\":\"https:\\\/\\\/fuentesfidedignas.com.mx\\\/#\\\/schema\\\/person\\\/47ec0135738f4b0c7495f06a77a2c976\",\"name\":\"Milenio\",\"image\":{\"@type\":\"ImageObject\",\"inLanguage\":\"es\",\"@id\":\"https:\\\/\\\/secure.gravatar.com\\\/avatar\\\/acabf7b54753e51c2c76457954577c236b3b764789b19879565769739d1e4a75?s=96&d=mm&r=g\",\"url\":\"https:\\\/\\\/secure.gravatar.com\\\/avatar\\\/acabf7b54753e51c2c76457954577c236b3b764789b19879565769739d1e4a75?s=96&d=mm&r=g\",\"contentUrl\":\"https:\\\/\\\/secure.gravatar.com\\\/avatar\\\/acabf7b54753e51c2c76457954577c236b3b764789b19879565769739d1e4a75?s=96&d=mm&r=g\",\"caption\":\"Milenio\"},\"url\":\"https:\\\/\\\/fuentesfidedignas.com.mx\\\/index.php\\\/author\\\/milenio\\\/\"}]}<\/script>\n<!-- \/ Yoast SEO plugin. -->","yoast_head_json":{"title":"Atacan a balazos a director de PC de Mazatl\u00e1n; se encuentra recibiendo atenci\u00f3n m\u00e9dica - Fuentes Fidedignas","robots":{"index":"index","follow":"follow","max-snippet":"max-snippet:-1","max-image-preview":"max-image-preview:large","max-video-preview":"max-video-preview:-1"},"canonical":"https:\/\/fuentesfidedignas.com.mx\/index.php\/2026\/09\/02\/atacan-a-balazos-a-director-de-pc-de-mazatlan-se-encuentra-recibiendo-atencion-medica\/","og_locale":"es_MX","og_type":"article","og_title":"Atacan a balazos a director de PC de Mazatl\u00e1n; se encuentra recibiendo atenci\u00f3n m\u00e9dica - Fuentes Fidedignas","og_description":"\u00d3scar Osuna Tirado fue interceptado por hombres que viajaban en una motocicleta Mazatl\u00e1n, Sin.- El director de Protecci\u00f3n Civil Municipal de Mazatl\u00e1n, \u00d3scar Osuna Tirado, fue atacado a balazos la ma\u00f1ana de este mi\u00e9rcoles mientras se trasladaba en una camioneta oficial de la dependencia. La agresi\u00f3n ocurri\u00f3 en el sector Montuosa, en una de las [&hellip;]","og_url":"https:\/\/fuentesfidedignas.com.mx\/index.php\/2026\/09\/02\/atacan-a-balazos-a-director-de-pc-de-mazatlan-se-encuentra-recibiendo-atencion-medica\/","og_site_name":"Fuentes Fidedignas","article_publisher":"https:\/\/www.facebook.com\/Fuentes-Fidedignas-368234489921644","article_published_time":"2026-09-02T17:06:42+00:00","article_modified_time":"2026-09-02T17:07:52+00:00","og_image":[{"width":500,"height":348,"url":"https:\/\/fuentesfidedignas.com.mx\/wp-content\/uploads\/2026\/09\/PC_mz.jpg","type":"image\/jpeg"}],"author":"Milenio","twitter_card":"summary_large_image","twitter_creator":"@fidedignas","twitter_site":"@fidedignas","twitter_misc":{"Escrito por":"Milenio","Tiempo de lectura":"2 minutos"},"schema":{"@context":"https:\/\/schema.org","@graph":[{"@type":"Article","@id":"https:\/\/fuentesfidedignas.com.mx\/index.php\/2026\/09\/02\/atacan-a-balazos-a-director-de-pc-de-mazatlan-se-encuentra-recibiendo-atencion-medica\/#article","isPartOf":{"@id":"https:\/\/fuentesfidedignas.com.mx\/index.php\/2026\/09\/02\/atacan-a-balazos-a-director-de-pc-de-mazatlan-se-encuentra-recibiendo-atencion-medica\/"},"author":{"name":"Milenio","@id":"https:\/\/fuentesfidedignas.com.mx\/#\/schema\/person\/47ec0135738f4b0c7495f06a77a2c976"},"headline":"Atacan a balazos a director de PC de Mazatl\u00e1n; se encuentra recibiendo atenci\u00f3n m\u00e9dica","datePublished":"2026-09-02T17:06:42+00:00","dateModified":"2026-09-02T17:07:52+00:00","mainEntityOfPage":{"@id":"https:\/\/fuentesfidedignas.com.mx\/index.php\/2026\/09\/02\/atacan-a-balazos-a-director-de-pc-de-mazatlan-se-encuentra-recibiendo-atencion-medica\/"},"wordCount":363,"commentCount":0,"publisher":{"@id":"https:\/\/fuentesfidedignas.com.mx\/#organization"},"image":{"@id":"https:\/\/fuentesfidedignas.com.mx\/index.php\/2026\/09\/02\/atacan-a-balazos-a-director-de-pc-de-mazatlan-se-encuentra-recibiendo-atencion-medica\/#primaryimage"},"thumbnailUrl":"https:\/\/fuentesfidedignas.com.mx\/wp-content\/uploads\/2026\/09\/PC_mz.jpg","articleSection":["NOTA PRINCIPAL"],"inLanguage":"es","potentialAction":[{"@type":"CommentAction","name":"Comment","target":["https:\/\/fuentesfidedignas.com.mx\/index.php\/2026\/09\/02\/atacan-a-balazos-a-director-de-pc-de-mazatlan-se-encuentra-recibiendo-atencion-medica\/#respond"]}]},{"@type":"WebPage","@id":"https:\/\/fuentesfidedignas.com.mx\/index.php\/2026\/09\/02\/atacan-a-balazos-a-director-de-pc-de-mazatlan-se-encuentra-recibiendo-atencion-medica\/","url":"https:\/\/fuentesfidedignas.com.mx\/index.php\/2026\/09\/02\/atacan-a-balazos-a-director-de-pc-de-mazatlan-se-encuentra-recibiendo-atencion-medica\/","name":"Atacan a balazos a director de PC de Mazatl\u00e1n; se encuentra recibiendo atenci\u00f3n m\u00e9dica - Fuentes Fidedignas","isPartOf":{"@id":"https:\/\/fuentesfidedignas.com.mx\/#website"},"primaryImageOfPage":{"@id":"https:\/\/fuentesfidedignas.com.mx\/index.php\/2026\/09\/02\/atacan-a-balazos-a-director-de-pc-de-mazatlan-se-encuentra-recibiendo-atencion-medica\/#primaryimage"},"image":{"@id":"https:\/\/fuentesfidedignas.com.mx\/index.php\/2026\/09\/02\/atacan-a-balazos-a-director-de-pc-de-mazatlan-se-encuentra-recibiendo-atencion-medica\/#primaryimage"},"thumbnailUrl":"https:\/\/fuentesfidedignas.com.mx\/wp-content\/uploads\/2026\/09\/PC_mz.jpg","datePublished":"2026-09-02T17:06:42+00:00","dateModified":"2026-09-02T17:07:52+00:00","breadcrumb":{"@id":"https:\/\/fuentesfidedignas.com.mx\/index.php\/2026\/09\/02\/atacan-a-balazos-a-director-de-pc-de-mazatlan-se-encuentra-recibiendo-atencion-medica\/#breadcrumb"},"inLanguage":"es","potentialAction":[{"@type":"ReadAction","target":["https:\/\/fuentesfidedignas.com.mx\/index.php\/2026\/09\/02\/atacan-a-balazos-a-director-de-pc-de-mazatlan-se-encuentra-recibiendo-atencion-medica\/"]}]},{"@type":"ImageObject","inLanguage":"es","@id":"https:\/\/fuentesfidedignas.com.mx\/index.php\/2026\/09\/02\/atacan-a-balazos-a-director-de-pc-de-mazatlan-se-encuentra-recibiendo-atencion-medica\/#primaryimage","url":"https:\/\/fuentesfidedignas.com.mx\/wp-content\/uploads\/2026\/09\/PC_mz.jpg","contentUrl":"https:\/\/fuentesfidedignas.com.mx\/wp-content\/uploads\/2026\/09\/PC_mz.jpg","width":500,"height":348},{"@type":"BreadcrumbList","@id":"https:\/\/fuentesfidedignas.com.mx\/index.php\/2026\/09\/02\/atacan-a-balazos-a-director-de-pc-de-mazatlan-se-encuentra-recibiendo-atencion-medica\/#breadcrumb","itemListElement":[{"@type":"ListItem","position":1,"name":"Inicio","item":"https:\/\/fuentesfidedignas.com.mx\/"},{"@type":"ListItem","position":2,"name":"Atacan a balazos a director de PC de Mazatl\u00e1n; se encuentra recibiendo atenci\u00f3n m\u00e9dica"}]},{"@type":"WebSite","@id":"https:\/\/fuentesfidedignas.com.mx\/#website","url":"https:\/\/fuentesfidedignas.com.mx\/","name":"Fuentes Fidedignas","description":"Otro sitio realizado con WordPress","publisher":{"@id":"https:\/\/fuentesfidedignas.com.mx\/#organization"},"potentialAction":[{"@type":"SearchAction","target":{"@type":"EntryPoint","urlTemplate":"https:\/\/fuentesfidedignas.com.mx\/?s={search_term_string}"},"query-input":{"@type":"PropertyValueSpecification","valueRequired":true,"valueName":"search_term_string"}}],"inLanguage":"es"},{"@type":"Organization","@id":"https:\/\/fuentesfidedignas.com.mx\/#organization","name":"Fuentes Fidedignas","url":"https:\/\/fuentesfidedignas.com.mx\/","logo":{"@type":"ImageObject","inLanguage":"es","@id":"https:\/\/fuentesfidedignas.com.mx\/#\/schema\/logo\/image\/","url":"https:\/\/fuentesfidedignas.com.mx\/wp-content\/uploads\/2021\/04\/logo-retina.png","contentUrl":"https:\/\/fuentesfidedignas.com.mx\/wp-content\/uploads\/2021\/04\/logo-retina.png","width":280,"height":51,"caption":"Fuentes Fidedignas"},"image":{"@id":"https:\/\/fuentesfidedignas.com.mx\/#\/schema\/logo\/image\/"},"sameAs":["https:\/\/www.facebook.com\/Fuentes-Fidedignas-368234489921644","https:\/\/x.com\/fidedignas"]},{"@type":"Person","@id":"https:\/\/fuentesfidedignas.com.mx\/#\/schema\/person\/47ec0135738f4b0c7495f06a77a2c976","name":"Milenio","image":{"@type":"ImageObject","inLanguage":"es","@id":"https:\/\/secure.gravatar.com\/avatar\/acabf7b54753e51c2c76457954577c236b3b764789b19879565769739d1e4a75?s=96&d=mm&r=g","url":"https:\/\/secure.gravatar.com\/avatar\/acabf7b54753e51c2c76457954577c236b3b764789b19879565769739d1e4a75?s=96&d=mm&r=g","contentUrl":"https:\/\/secure.gravatar.com\/avatar\/acabf7b54753e51c2c76457954577c236b3b764789b19879565769739d1e4a75?s=96&d=mm&r=g","caption":"Milenio"},"url":"https:\/\/fuentesfidedignas.com.mx\/index.php\/author\/milenio\/"}]}},"_links":{"self":[{"href":"https:\/\/fuentesfidedignas.com.mx\/index.php\/wp-json\/wp\/v2\/posts\/141452","targetHints":{"allow":["GET"]}}],"collection":[{"href":"https:\/\/fuentesfidedignas.com.mx\/index.php\/wp-json\/wp\/v2\/posts"}],"about":[{"href":"https:\/\/fuentesfidedignas.com.mx\/index.php\/wp-json\/wp\/v2\/types\/post"}],"author":[{"embeddable":true,"href":"https:\/\/fuentesfidedignas.com.mx\/index.php\/wp-json\/wp\/v2\/users\/9"}],"replies":[{"embeddable":true,"href":"https:\/\/fuentesfidedignas.com.mx\/index.php\/wp-json\/wp\/v2\/comments?post=141452"}],"version-history":[{"count":2,"href":"https:\/\/fuentesfidedignas.com.mx\/index.php\/wp-json\/wp\/v2\/posts\/141452\/revisions"}],"predecessor-version":[{"id":141456,"href":"https:\/\/fuentesfidedignas.com.mx\/index.php\/wp-json\/wp\/v2\/posts\/141452\/revisions\/141456"}],"wp:featuredmedia":[{"embeddable":true,"href":"https:\/\/fuentesfidedignas.com.mx\/index.php\/wp-json\/wp\/v2\/media\/141453"}],"wp:attachment":[{"href":"https:\/\/fuentesfidedignas.com.mx\/index.php\/wp-json\/wp\/v2\/media?parent=141452"}],"wp:term":[{"taxonomy":"category","embeddable":true,"href":"https:\/\/fuentesfidedignas.com.mx\/index.php\/wp-json\/wp\/v2\/categories?post=141452"},{"taxonomy":"post_tag","embeddable":true,"href":"https:\/\/fuentesfidedignas.com.mx\/index.php\/wp-json\/wp\/v2\/tags?post=141452"}],"curies":[{"name":"wp","href":"https:\/\/api.w.org\/{rel}","templated":true}]}}