{"id":141449,"date":"2026-09-02T09:25:15","date_gmt":"2026-09-02T16:25:15","guid":{"rendered":"https:\/\/fuentesfidedignas.com.mx\/?p=141449"},"modified":"2026-09-02T09:25:20","modified_gmt":"2026-09-02T16:25:20","slug":"el-nino-podria-prolongar-las-condiciones-climaticas-extremas-en-sinaloa-durante-el-cierre-de-2026","status":"publish","type":"post","link":"https:\/\/fuentesfidedignas.com.mx\/index.php\/2026\/09\/02\/el-nino-podria-prolongar-las-condiciones-climaticas-extremas-en-sinaloa-durante-el-cierre-de-2026\/","title":{"rendered":"El Ni\u00f1o podr\u00eda prolongar las condiciones clim\u00e1ticas extremas en Sinaloa durante el cierre de 2026"},"content":{"rendered":"\n<p class=\"wp-block-paragraph\"><strong><em>Las altas temperaturas registradas recientemente fueron ocasionadas por un canal de baja presi\u00f3n que atraves\u00f3 el noroeste de M\u00e9xico, lo que provoc\u00f3 que las sensaciones t\u00e9rmicas alcanzaran hasta los 50 grados.<\/em><\/strong><\/p>\n\n\n\n<p class=\"wp-block-paragraph\">Las m\u00e1ximas registradas en la Estaci\u00f3n Climatol\u00f3gica de la Facultad de Biolog\u00eda de la Universidad Aut\u00f3noma de Sinaloa (UAS), en Culiac\u00e1n, rondan entre los 39 y 42 grados cent\u00edgrados al cierre de agosto de 2026.<\/p>\n\n\n\n<p class=\"wp-block-paragraph\">El responsable de la Estaci\u00f3n Climatol\u00f3gica, el maestro en Ciencias Jes\u00fas Miguel Corrales Sauceda, explic\u00f3 que las altas temperaturas registradas recientemente fueron ocasionadas por un canal de baja presi\u00f3n que atraves\u00f3 el noroeste de M\u00e9xico, lo que provoc\u00f3 que las sensaciones t\u00e9rmicas alcanzaran hasta los 50 grados.<\/p>\n\n\n\n<p class=\"wp-block-paragraph\">\u201cApenas este s\u00e1bado estuvimos saliendo de la influencia de este sistema de baja presi\u00f3n y, por lo tanto, hemos tenido algunas lluvias puntuales o recurrentes. Principalmente ha llovido en la zona monta\u00f1osa de Sinaloa y, en la ciudad, en algunos puntos de manera m\u00e1s o menos frecuente\u201d, se\u00f1al\u00f3.<\/p>\n\n\n\n<p class=\"wp-block-paragraph\">A este panorama se suma la presencia del fen\u00f3meno de \u201cEl Ni\u00f1o\u201d en el Pac\u00edfico tropical, que, de acuerdo con la Administraci\u00f3n Nacional Oce\u00e1nica y Atmosf\u00e9rica de Estados Unidos (NOAA), alcanzar\u00e1 una intensidad muy fuerte durante el oto\u00f1o y el invierno.<\/p>\n\n\n\n<p class=\"wp-block-paragraph\">\u201cAl menos de aqu\u00ed a diciembre tenemos una probabilidad del 95 por ciento de que El Ni\u00f1o sea extremadamente fuerte. De ah\u00ed en adelante, en febrero, ya empezar\u00edamos a ver un descenso, pero hay que estar al pendiente para ver si estos pron\u00f3sticos cambian, que regularmente es lo que sucede\u201d, indic\u00f3.<\/p>\n\n\n\n<p class=\"wp-block-paragraph\">Explic\u00f3 que la agencia estadounidense detect\u00f3 temperaturas de la superficie del mar superiores a los valores medios en sectores del Pac\u00edfico oriental y centro-oriental, adem\u00e1s de cambios en la circulaci\u00f3n atmosf\u00e9rica que coinciden con esta fase del sistema clim\u00e1tico.<\/p>\n\n\n\n<p class=\"wp-block-paragraph\">\u201cEsto significa que, durante estos meses, principalmente hacia finales de 2026, vamos a continuar teniendo temperaturas m\u00e1ximas elevadas y temperaturas fr\u00edas, pero tambi\u00e9n tendremos la presencia de lluvias invernales o lluvias at\u00edpicas. Este efecto provoca que esos fen\u00f3menos, o lo que conocemos aqu\u00ed como la temporada de lluvias y huracanes, por ejemplo, se vayan a extender un poco m\u00e1s, ya que El Ni\u00f1o, al menos de acuerdo con los datos de la NOAA y el Servicio Meteorol\u00f3gico Nacional, estar\u00e1 presente durante esos meses\u201d, inform\u00f3.<\/p>\n\n\n\n<p class=\"wp-block-paragraph\">En ese sentido, record\u00f3 que el Servicio Meteorol\u00f3gico Nacional (SMN) de la Comisi\u00f3n Nacional del Agua (Conagua) realiz\u00f3 un pron\u00f3stico de entre 18 y 21 eventos clim\u00e1ticos para la Temporada de Ciclones Tropicales 2026 en el Pac\u00edfico, los cuales podr\u00edan presentarse hasta el invierno.<\/p>\n\n\n\n<p class=\"wp-block-paragraph\">\u201cExiste un beneficio por el lado de que vamos a tener lluvias at\u00edpicas y, en ese caso, las presas se pueden beneficiar porque vamos a tener captaci\u00f3n de agua. Sin embargo, en la parte agr\u00edcola podr\u00eda afectar en algunas cuestiones. Si hay lluvias muy prolongadas, el techo de humedad puede provocar da\u00f1os en los cultivos\u201d, expuso.<\/p>\n\n\n\n<p class=\"wp-block-paragraph\">Finalmente, hizo un llamado a la poblaci\u00f3n y al sector productivo para que se mantengan atentos a los anuncios y boletines emitidos por Protecci\u00f3n Civil, con el fin de prevenir cualquier eventualidad.<\/p>\n","protected":false},"excerpt":{"rendered":"<p>Las altas temperaturas registradas recientemente fueron ocasionadas por un canal de baja presi\u00f3n que atraves\u00f3 el noroeste de M\u00e9xico, lo que provoc\u00f3 que las sensaciones t\u00e9rmicas alcanzaran hasta los 50 grados. Las m\u00e1ximas registradas en la Estaci\u00f3n Climatol\u00f3gica de la Facultad de Biolog\u00eda de la Universidad Aut\u00f3noma de Sinaloa (UAS), en Culiac\u00e1n, rondan entre los [&hellip;]<\/p>\n","protected":false},"author":4,"featured_media":141450,"comment_status":"open","ping_status":"open","sticky":false,"template":"","format":"standard","meta":{"tdm_status":"","tdm_grid_status":"","footnotes":""},"categories":[37],"tags":[],"class_list":["post-141449","post","type-post","status-publish","format-standard","has-post-thumbnail","category-nota-principal"],"yoast_head":"<!-- This site is optimized with the Yoast SEO plugin v28.4 - https:\/\/yoast.com\/product\/yoast-seo-wordpress\/ -->\n<title>El Ni\u00f1o podr\u00eda prolongar las condiciones clim\u00e1ticas extremas en Sinaloa durante el cierre de 2026 - Fuentes Fidedignas<\/title>\n<meta name=\"robots\" content=\"index, follow, max-snippet:-1, max-image-preview:large, max-video-preview:-1\" \/>\n<link rel=\"canonical\" href=\"https:\/\/fuentesfidedignas.com.mx\/index.php\/2026\/09\/02\/el-nino-podria-prolongar-las-condiciones-climaticas-extremas-en-sinaloa-durante-el-cierre-de-2026\/\" \/>\n<meta property=\"og:locale\" content=\"es_MX\" \/>\n<meta property=\"og:type\" content=\"article\" \/>\n<meta property=\"og:title\" content=\"El Ni\u00f1o podr\u00eda prolongar las condiciones clim\u00e1ticas extremas en Sinaloa durante el cierre de 2026 - Fuentes Fidedignas\" \/>\n<meta property=\"og:description\" content=\"Las altas temperaturas registradas recientemente fueron ocasionadas por un canal de baja presi\u00f3n que atraves\u00f3 el noroeste de M\u00e9xico, lo que provoc\u00f3 que las sensaciones t\u00e9rmicas alcanzaran hasta los 50 grados. Las m\u00e1ximas registradas en la Estaci\u00f3n Climatol\u00f3gica de la Facultad de Biolog\u00eda de la Universidad Aut\u00f3noma de Sinaloa (UAS), en Culiac\u00e1n, rondan entre los [&hellip;]\" \/>\n<meta property=\"og:url\" content=\"https:\/\/fuentesfidedignas.com.mx\/index.php\/2026\/09\/02\/el-nino-podria-prolongar-las-condiciones-climaticas-extremas-en-sinaloa-durante-el-cierre-de-2026\/\" \/>\n<meta property=\"og:site_name\" content=\"Fuentes Fidedignas\" \/>\n<meta property=\"article:publisher\" content=\"https:\/\/www.facebook.com\/Fuentes-Fidedignas-368234489921644\" \/>\n<meta property=\"article:published_time\" content=\"2026-09-02T16:25:15+00:00\" \/>\n<meta property=\"article:modified_time\" content=\"2026-09-02T16:25:20+00:00\" \/>\n<meta property=\"og:image\" content=\"https:\/\/fuentesfidedignas.com.mx\/wp-content\/uploads\/2026\/09\/TEMPERATURAS-FAC-BIOLOGIA-MIGUEL-CORRALES-11.jpg\" \/>\n\t<meta property=\"og:image:width\" content=\"500\" \/>\n\t<meta property=\"og:image:height\" content=\"333\" \/>\n\t<meta property=\"og:image:type\" content=\"image\/jpeg\" \/>\n<meta name=\"author\" content=\"Redacci\u00f3n\" \/>\n<meta name=\"twitter:card\" content=\"summary_large_image\" \/>\n<meta name=\"twitter:creator\" content=\"@fidedignas\" \/>\n<meta name=\"twitter:site\" content=\"@fidedignas\" \/>\n<meta name=\"twitter:label1\" content=\"Escrito por\" \/>\n\t<meta name=\"twitter:data1\" content=\"Redacci\u00f3n\" \/>\n\t<meta name=\"twitter:label2\" content=\"Tiempo de lectura\" \/>\n\t<meta name=\"twitter:data2\" content=\"3 minutos\" \/>\n<script type=\"application\/ld+json\" class=\"yoast-schema-graph\">{\"@context\":\"https:\\\/\\\/schema.org\",\"@graph\":[{\"@type\":\"Article\",\"@id\":\"https:\\\/\\\/fuentesfidedignas.com.mx\\\/index.php\\\/2026\\\/09\\\/02\\\/el-nino-podria-prolongar-las-condiciones-climaticas-extremas-en-sinaloa-durante-el-cierre-de-2026\\\/#article\",\"isPartOf\":{\"@id\":\"https:\\\/\\\/fuentesfidedignas.com.mx\\\/index.php\\\/2026\\\/09\\\/02\\\/el-nino-podria-prolongar-las-condiciones-climaticas-extremas-en-sinaloa-durante-el-cierre-de-2026\\\/\"},\"author\":{\"name\":\"Redacci\u00f3n\",\"@id\":\"https:\\\/\\\/fuentesfidedignas.com.mx\\\/#\\\/schema\\\/person\\\/331be9283d37198e2acd5750279085b0\"},\"headline\":\"El Ni\u00f1o podr\u00eda prolongar las condiciones clim\u00e1ticas extremas en Sinaloa durante el cierre de 2026\",\"datePublished\":\"2026-09-02T16:25:15+00:00\",\"dateModified\":\"2026-09-02T16:25:20+00:00\",\"mainEntityOfPage\":{\"@id\":\"https:\\\/\\\/fuentesfidedignas.com.mx\\\/index.php\\\/2026\\\/09\\\/02\\\/el-nino-podria-prolongar-las-condiciones-climaticas-extremas-en-sinaloa-durante-el-cierre-de-2026\\\/\"},\"wordCount\":572,\"commentCount\":0,\"publisher\":{\"@id\":\"https:\\\/\\\/fuentesfidedignas.com.mx\\\/#organization\"},\"image\":{\"@id\":\"https:\\\/\\\/fuentesfidedignas.com.mx\\\/index.php\\\/2026\\\/09\\\/02\\\/el-nino-podria-prolongar-las-condiciones-climaticas-extremas-en-sinaloa-durante-el-cierre-de-2026\\\/#primaryimage\"},\"thumbnailUrl\":\"https:\\\/\\\/fuentesfidedignas.com.mx\\\/wp-content\\\/uploads\\\/2026\\\/09\\\/TEMPERATURAS-FAC-BIOLOGIA-MIGUEL-CORRALES-11.jpg\",\"articleSection\":[\"NOTA PRINCIPAL\"],\"inLanguage\":\"es\",\"potentialAction\":[{\"@type\":\"CommentAction\",\"name\":\"Comment\",\"target\":[\"https:\\\/\\\/fuentesfidedignas.com.mx\\\/index.php\\\/2026\\\/09\\\/02\\\/el-nino-podria-prolongar-las-condiciones-climaticas-extremas-en-sinaloa-durante-el-cierre-de-2026\\\/#respond\"]}]},{\"@type\":\"WebPage\",\"@id\":\"https:\\\/\\\/fuentesfidedignas.com.mx\\\/index.php\\\/2026\\\/09\\\/02\\\/el-nino-podria-prolongar-las-condiciones-climaticas-extremas-en-sinaloa-durante-el-cierre-de-2026\\\/\",\"url\":\"https:\\\/\\\/fuentesfidedignas.com.mx\\\/index.php\\\/2026\\\/09\\\/02\\\/el-nino-podria-prolongar-las-condiciones-climaticas-extremas-en-sinaloa-durante-el-cierre-de-2026\\\/\",\"name\":\"El Ni\u00f1o podr\u00eda prolongar las condiciones clim\u00e1ticas extremas en Sinaloa durante el cierre de 2026 - Fuentes Fidedignas\",\"isPartOf\":{\"@id\":\"https:\\\/\\\/fuentesfidedignas.com.mx\\\/#website\"},\"primaryImageOfPage\":{\"@id\":\"https:\\\/\\\/fuentesfidedignas.com.mx\\\/index.php\\\/2026\\\/09\\\/02\\\/el-nino-podria-prolongar-las-condiciones-climaticas-extremas-en-sinaloa-durante-el-cierre-de-2026\\\/#primaryimage\"},\"image\":{\"@id\":\"https:\\\/\\\/fuentesfidedignas.com.mx\\\/index.php\\\/2026\\\/09\\\/02\\\/el-nino-podria-prolongar-las-condiciones-climaticas-extremas-en-sinaloa-durante-el-cierre-de-2026\\\/#primaryimage\"},\"thumbnailUrl\":\"https:\\\/\\\/fuentesfidedignas.com.mx\\\/wp-content\\\/uploads\\\/2026\\\/09\\\/TEMPERATURAS-FAC-BIOLOGIA-MIGUEL-CORRALES-11.jpg\",\"datePublished\":\"2026-09-02T16:25:15+00:00\",\"dateModified\":\"2026-09-02T16:25:20+00:00\",\"breadcrumb\":{\"@id\":\"https:\\\/\\\/fuentesfidedignas.com.mx\\\/index.php\\\/2026\\\/09\\\/02\\\/el-nino-podria-prolongar-las-condiciones-climaticas-extremas-en-sinaloa-durante-el-cierre-de-2026\\\/#breadcrumb\"},\"inLanguage\":\"es\",\"potentialAction\":[{\"@type\":\"ReadAction\",\"target\":[\"https:\\\/\\\/fuentesfidedignas.com.mx\\\/index.php\\\/2026\\\/09\\\/02\\\/el-nino-podria-prolongar-las-condiciones-climaticas-extremas-en-sinaloa-durante-el-cierre-de-2026\\\/\"]}]},{\"@type\":\"ImageObject\",\"inLanguage\":\"es\",\"@id\":\"https:\\\/\\\/fuentesfidedignas.com.mx\\\/index.php\\\/2026\\\/09\\\/02\\\/el-nino-podria-prolongar-las-condiciones-climaticas-extremas-en-sinaloa-durante-el-cierre-de-2026\\\/#primaryimage\",\"url\":\"https:\\\/\\\/fuentesfidedignas.com.mx\\\/wp-content\\\/uploads\\\/2026\\\/09\\\/TEMPERATURAS-FAC-BIOLOGIA-MIGUEL-CORRALES-11.jpg\",\"contentUrl\":\"https:\\\/\\\/fuentesfidedignas.com.mx\\\/wp-content\\\/uploads\\\/2026\\\/09\\\/TEMPERATURAS-FAC-BIOLOGIA-MIGUEL-CORRALES-11.jpg\",\"width\":500,\"height\":333},{\"@type\":\"BreadcrumbList\",\"@id\":\"https:\\\/\\\/fuentesfidedignas.com.mx\\\/index.php\\\/2026\\\/09\\\/02\\\/el-nino-podria-prolongar-las-condiciones-climaticas-extremas-en-sinaloa-durante-el-cierre-de-2026\\\/#breadcrumb\",\"itemListElement\":[{\"@type\":\"ListItem\",\"position\":1,\"name\":\"Inicio\",\"item\":\"https:\\\/\\\/fuentesfidedignas.com.mx\\\/\"},{\"@type\":\"ListItem\",\"position\":2,\"name\":\"El Ni\u00f1o podr\u00eda prolongar las condiciones clim\u00e1ticas extremas en Sinaloa durante el cierre de 2026\"}]},{\"@type\":\"WebSite\",\"@id\":\"https:\\\/\\\/fuentesfidedignas.com.mx\\\/#website\",\"url\":\"https:\\\/\\\/fuentesfidedignas.com.mx\\\/\",\"name\":\"Fuentes Fidedignas\",\"description\":\"Otro sitio realizado con WordPress\",\"publisher\":{\"@id\":\"https:\\\/\\\/fuentesfidedignas.com.mx\\\/#organization\"},\"potentialAction\":[{\"@type\":\"SearchAction\",\"target\":{\"@type\":\"EntryPoint\",\"urlTemplate\":\"https:\\\/\\\/fuentesfidedignas.com.mx\\\/?s={search_term_string}\"},\"query-input\":{\"@type\":\"PropertyValueSpecification\",\"valueRequired\":true,\"valueName\":\"search_term_string\"}}],\"inLanguage\":\"es\"},{\"@type\":\"Organization\",\"@id\":\"https:\\\/\\\/fuentesfidedignas.com.mx\\\/#organization\",\"name\":\"Fuentes Fidedignas\",\"url\":\"https:\\\/\\\/fuentesfidedignas.com.mx\\\/\",\"logo\":{\"@type\":\"ImageObject\",\"inLanguage\":\"es\",\"@id\":\"https:\\\/\\\/fuentesfidedignas.com.mx\\\/#\\\/schema\\\/logo\\\/image\\\/\",\"url\":\"https:\\\/\\\/fuentesfidedignas.com.mx\\\/wp-content\\\/uploads\\\/2021\\\/04\\\/logo-retina.png\",\"contentUrl\":\"https:\\\/\\\/fuentesfidedignas.com.mx\\\/wp-content\\\/uploads\\\/2021\\\/04\\\/logo-retina.png\",\"width\":280,\"height\":51,\"caption\":\"Fuentes Fidedignas\"},\"image\":{\"@id\":\"https:\\\/\\\/fuentesfidedignas.com.mx\\\/#\\\/schema\\\/logo\\\/image\\\/\"},\"sameAs\":[\"https:\\\/\\\/www.facebook.com\\\/Fuentes-Fidedignas-368234489921644\",\"https:\\\/\\\/x.com\\\/fidedignas\"]},{\"@type\":\"Person\",\"@id\":\"https:\\\/\\\/fuentesfidedignas.com.mx\\\/#\\\/schema\\\/person\\\/331be9283d37198e2acd5750279085b0\",\"name\":\"Redacci\u00f3n\",\"image\":{\"@type\":\"ImageObject\",\"inLanguage\":\"es\",\"@id\":\"https:\\\/\\\/secure.gravatar.com\\\/avatar\\\/f6d8782c11d12b2d4ad3fbb6931aeab5309937a4d6cd2fc9cfaa28a6396a5aec?s=96&d=mm&r=g\",\"url\":\"https:\\\/\\\/secure.gravatar.com\\\/avatar\\\/f6d8782c11d12b2d4ad3fbb6931aeab5309937a4d6cd2fc9cfaa28a6396a5aec?s=96&d=mm&r=g\",\"contentUrl\":\"https:\\\/\\\/secure.gravatar.com\\\/avatar\\\/f6d8782c11d12b2d4ad3fbb6931aeab5309937a4d6cd2fc9cfaa28a6396a5aec?s=96&d=mm&r=g\",\"caption\":\"Redacci\u00f3n\"},\"url\":\"https:\\\/\\\/fuentesfidedignas.com.mx\\\/index.php\\\/author\\\/redaccion\\\/\"}]}<\/script>\n<!-- \/ Yoast SEO plugin. -->","yoast_head_json":{"title":"El Ni\u00f1o podr\u00eda prolongar las condiciones clim\u00e1ticas extremas en Sinaloa durante el cierre de 2026 - Fuentes Fidedignas","robots":{"index":"index","follow":"follow","max-snippet":"max-snippet:-1","max-image-preview":"max-image-preview:large","max-video-preview":"max-video-preview:-1"},"canonical":"https:\/\/fuentesfidedignas.com.mx\/index.php\/2026\/09\/02\/el-nino-podria-prolongar-las-condiciones-climaticas-extremas-en-sinaloa-durante-el-cierre-de-2026\/","og_locale":"es_MX","og_type":"article","og_title":"El Ni\u00f1o podr\u00eda prolongar las condiciones clim\u00e1ticas extremas en Sinaloa durante el cierre de 2026 - Fuentes Fidedignas","og_description":"Las altas temperaturas registradas recientemente fueron ocasionadas por un canal de baja presi\u00f3n que atraves\u00f3 el noroeste de M\u00e9xico, lo que provoc\u00f3 que las sensaciones t\u00e9rmicas alcanzaran hasta los 50 grados. Las m\u00e1ximas registradas en la Estaci\u00f3n Climatol\u00f3gica de la Facultad de Biolog\u00eda de la Universidad Aut\u00f3noma de Sinaloa (UAS), en Culiac\u00e1n, rondan entre los [&hellip;]","og_url":"https:\/\/fuentesfidedignas.com.mx\/index.php\/2026\/09\/02\/el-nino-podria-prolongar-las-condiciones-climaticas-extremas-en-sinaloa-durante-el-cierre-de-2026\/","og_site_name":"Fuentes Fidedignas","article_publisher":"https:\/\/www.facebook.com\/Fuentes-Fidedignas-368234489921644","article_published_time":"2026-09-02T16:25:15+00:00","article_modified_time":"2026-09-02T16:25:20+00:00","og_image":[{"width":500,"height":333,"url":"https:\/\/fuentesfidedignas.com.mx\/wp-content\/uploads\/2026\/09\/TEMPERATURAS-FAC-BIOLOGIA-MIGUEL-CORRALES-11.jpg","type":"image\/jpeg"}],"author":"Redacci\u00f3n","twitter_card":"summary_large_image","twitter_creator":"@fidedignas","twitter_site":"@fidedignas","twitter_misc":{"Escrito por":"Redacci\u00f3n","Tiempo de lectura":"3 minutos"},"schema":{"@context":"https:\/\/schema.org","@graph":[{"@type":"Article","@id":"https:\/\/fuentesfidedignas.com.mx\/index.php\/2026\/09\/02\/el-nino-podria-prolongar-las-condiciones-climaticas-extremas-en-sinaloa-durante-el-cierre-de-2026\/#article","isPartOf":{"@id":"https:\/\/fuentesfidedignas.com.mx\/index.php\/2026\/09\/02\/el-nino-podria-prolongar-las-condiciones-climaticas-extremas-en-sinaloa-durante-el-cierre-de-2026\/"},"author":{"name":"Redacci\u00f3n","@id":"https:\/\/fuentesfidedignas.com.mx\/#\/schema\/person\/331be9283d37198e2acd5750279085b0"},"headline":"El Ni\u00f1o podr\u00eda prolongar las condiciones clim\u00e1ticas extremas en Sinaloa durante el cierre de 2026","datePublished":"2026-09-02T16:25:15+00:00","dateModified":"2026-09-02T16:25:20+00:00","mainEntityOfPage":{"@id":"https:\/\/fuentesfidedignas.com.mx\/index.php\/2026\/09\/02\/el-nino-podria-prolongar-las-condiciones-climaticas-extremas-en-sinaloa-durante-el-cierre-de-2026\/"},"wordCount":572,"commentCount":0,"publisher":{"@id":"https:\/\/fuentesfidedignas.com.mx\/#organization"},"image":{"@id":"https:\/\/fuentesfidedignas.com.mx\/index.php\/2026\/09\/02\/el-nino-podria-prolongar-las-condiciones-climaticas-extremas-en-sinaloa-durante-el-cierre-de-2026\/#primaryimage"},"thumbnailUrl":"https:\/\/fuentesfidedignas.com.mx\/wp-content\/uploads\/2026\/09\/TEMPERATURAS-FAC-BIOLOGIA-MIGUEL-CORRALES-11.jpg","articleSection":["NOTA PRINCIPAL"],"inLanguage":"es","potentialAction":[{"@type":"CommentAction","name":"Comment","target":["https:\/\/fuentesfidedignas.com.mx\/index.php\/2026\/09\/02\/el-nino-podria-prolongar-las-condiciones-climaticas-extremas-en-sinaloa-durante-el-cierre-de-2026\/#respond"]}]},{"@type":"WebPage","@id":"https:\/\/fuentesfidedignas.com.mx\/index.php\/2026\/09\/02\/el-nino-podria-prolongar-las-condiciones-climaticas-extremas-en-sinaloa-durante-el-cierre-de-2026\/","url":"https:\/\/fuentesfidedignas.com.mx\/index.php\/2026\/09\/02\/el-nino-podria-prolongar-las-condiciones-climaticas-extremas-en-sinaloa-durante-el-cierre-de-2026\/","name":"El Ni\u00f1o podr\u00eda prolongar las condiciones clim\u00e1ticas extremas en Sinaloa durante el cierre de 2026 - Fuentes Fidedignas","isPartOf":{"@id":"https:\/\/fuentesfidedignas.com.mx\/#website"},"primaryImageOfPage":{"@id":"https:\/\/fuentesfidedignas.com.mx\/index.php\/2026\/09\/02\/el-nino-podria-prolongar-las-condiciones-climaticas-extremas-en-sinaloa-durante-el-cierre-de-2026\/#primaryimage"},"image":{"@id":"https:\/\/fuentesfidedignas.com.mx\/index.php\/2026\/09\/02\/el-nino-podria-prolongar-las-condiciones-climaticas-extremas-en-sinaloa-durante-el-cierre-de-2026\/#primaryimage"},"thumbnailUrl":"https:\/\/fuentesfidedignas.com.mx\/wp-content\/uploads\/2026\/09\/TEMPERATURAS-FAC-BIOLOGIA-MIGUEL-CORRALES-11.jpg","datePublished":"2026-09-02T16:25:15+00:00","dateModified":"2026-09-02T16:25:20+00:00","breadcrumb":{"@id":"https:\/\/fuentesfidedignas.com.mx\/index.php\/2026\/09\/02\/el-nino-podria-prolongar-las-condiciones-climaticas-extremas-en-sinaloa-durante-el-cierre-de-2026\/#breadcrumb"},"inLanguage":"es","potentialAction":[{"@type":"ReadAction","target":["https:\/\/fuentesfidedignas.com.mx\/index.php\/2026\/09\/02\/el-nino-podria-prolongar-las-condiciones-climaticas-extremas-en-sinaloa-durante-el-cierre-de-2026\/"]}]},{"@type":"ImageObject","inLanguage":"es","@id":"https:\/\/fuentesfidedignas.com.mx\/index.php\/2026\/09\/02\/el-nino-podria-prolongar-las-condiciones-climaticas-extremas-en-sinaloa-durante-el-cierre-de-2026\/#primaryimage","url":"https:\/\/fuentesfidedignas.com.mx\/wp-content\/uploads\/2026\/09\/TEMPERATURAS-FAC-BIOLOGIA-MIGUEL-CORRALES-11.jpg","contentUrl":"https:\/\/fuentesfidedignas.com.mx\/wp-content\/uploads\/2026\/09\/TEMPERATURAS-FAC-BIOLOGIA-MIGUEL-CORRALES-11.jpg","width":500,"height":333},{"@type":"BreadcrumbList","@id":"https:\/\/fuentesfidedignas.com.mx\/index.php\/2026\/09\/02\/el-nino-podria-prolongar-las-condiciones-climaticas-extremas-en-sinaloa-durante-el-cierre-de-2026\/#breadcrumb","itemListElement":[{"@type":"ListItem","position":1,"name":"Inicio","item":"https:\/\/fuentesfidedignas.com.mx\/"},{"@type":"ListItem","position":2,"name":"El Ni\u00f1o podr\u00eda prolongar las condiciones clim\u00e1ticas extremas en Sinaloa durante el cierre de 2026"}]},{"@type":"WebSite","@id":"https:\/\/fuentesfidedignas.com.mx\/#website","url":"https:\/\/fuentesfidedignas.com.mx\/","name":"Fuentes Fidedignas","description":"Otro sitio realizado con WordPress","publisher":{"@id":"https:\/\/fuentesfidedignas.com.mx\/#organization"},"potentialAction":[{"@type":"SearchAction","target":{"@type":"EntryPoint","urlTemplate":"https:\/\/fuentesfidedignas.com.mx\/?s={search_term_string}"},"query-input":{"@type":"PropertyValueSpecification","valueRequired":true,"valueName":"search_term_string"}}],"inLanguage":"es"},{"@type":"Organization","@id":"https:\/\/fuentesfidedignas.com.mx\/#organization","name":"Fuentes Fidedignas","url":"https:\/\/fuentesfidedignas.com.mx\/","logo":{"@type":"ImageObject","inLanguage":"es","@id":"https:\/\/fuentesfidedignas.com.mx\/#\/schema\/logo\/image\/","url":"https:\/\/fuentesfidedignas.com.mx\/wp-content\/uploads\/2021\/04\/logo-retina.png","contentUrl":"https:\/\/fuentesfidedignas.com.mx\/wp-content\/uploads\/2021\/04\/logo-retina.png","width":280,"height":51,"caption":"Fuentes Fidedignas"},"image":{"@id":"https:\/\/fuentesfidedignas.com.mx\/#\/schema\/logo\/image\/"},"sameAs":["https:\/\/www.facebook.com\/Fuentes-Fidedignas-368234489921644","https:\/\/x.com\/fidedignas"]},{"@type":"Person","@id":"https:\/\/fuentesfidedignas.com.mx\/#\/schema\/person\/331be9283d37198e2acd5750279085b0","name":"Redacci\u00f3n","image":{"@type":"ImageObject","inLanguage":"es","@id":"https:\/\/secure.gravatar.com\/avatar\/f6d8782c11d12b2d4ad3fbb6931aeab5309937a4d6cd2fc9cfaa28a6396a5aec?s=96&d=mm&r=g","url":"https:\/\/secure.gravatar.com\/avatar\/f6d8782c11d12b2d4ad3fbb6931aeab5309937a4d6cd2fc9cfaa28a6396a5aec?s=96&d=mm&r=g","contentUrl":"https:\/\/secure.gravatar.com\/avatar\/f6d8782c11d12b2d4ad3fbb6931aeab5309937a4d6cd2fc9cfaa28a6396a5aec?s=96&d=mm&r=g","caption":"Redacci\u00f3n"},"url":"https:\/\/fuentesfidedignas.com.mx\/index.php\/author\/redaccion\/"}]}},"_links":{"self":[{"href":"https:\/\/fuentesfidedignas.com.mx\/index.php\/wp-json\/wp\/v2\/posts\/141449","targetHints":{"allow":["GET"]}}],"collection":[{"href":"https:\/\/fuentesfidedignas.com.mx\/index.php\/wp-json\/wp\/v2\/posts"}],"about":[{"href":"https:\/\/fuentesfidedignas.com.mx\/index.php\/wp-json\/wp\/v2\/types\/post"}],"author":[{"embeddable":true,"href":"https:\/\/fuentesfidedignas.com.mx\/index.php\/wp-json\/wp\/v2\/users\/4"}],"replies":[{"embeddable":true,"href":"https:\/\/fuentesfidedignas.com.mx\/index.php\/wp-json\/wp\/v2\/comments?post=141449"}],"version-history":[{"count":1,"href":"https:\/\/fuentesfidedignas.com.mx\/index.php\/wp-json\/wp\/v2\/posts\/141449\/revisions"}],"predecessor-version":[{"id":141451,"href":"https:\/\/fuentesfidedignas.com.mx\/index.php\/wp-json\/wp\/v2\/posts\/141449\/revisions\/141451"}],"wp:featuredmedia":[{"embeddable":true,"href":"https:\/\/fuentesfidedignas.com.mx\/index.php\/wp-json\/wp\/v2\/media\/141450"}],"wp:attachment":[{"href":"https:\/\/fuentesfidedignas.com.mx\/index.php\/wp-json\/wp\/v2\/media?parent=141449"}],"wp:term":[{"taxonomy":"category","embeddable":true,"href":"https:\/\/fuentesfidedignas.com.mx\/index.php\/wp-json\/wp\/v2\/categories?post=141449"},{"taxonomy":"post_tag","embeddable":true,"href":"https:\/\/fuentesfidedignas.com.mx\/index.php\/wp-json\/wp\/v2\/tags?post=141449"}],"curies":[{"name":"wp","href":"https:\/\/api.w.org\/{rel}","templated":true}]}}