{"id":141444,"date":"2026-09-02T08:20:41","date_gmt":"2026-09-02T15:20:41","guid":{"rendered":"https:\/\/fuentesfidedignas.com.mx\/?p=141444"},"modified":"2026-09-02T08:20:41","modified_gmt":"2026-09-02T15:20:41","slug":"productores-mexicanos-aplazan-al-8-de-septiembre-reinicio-de-exportacion-de-ganado-a-ee-uu","status":"publish","type":"post","link":"https:\/\/fuentesfidedignas.com.mx\/index.php\/2026\/09\/02\/productores-mexicanos-aplazan-al-8-de-septiembre-reinicio-de-exportacion-de-ganado-a-ee-uu\/","title":{"rendered":"Productores mexicanos aplazan al 8 de septiembre reinicio de exportaci\u00f3n de ganado a EE.UU."},"content":{"rendered":"\n<p class=\"p1 wp-block-paragraph\">La interrupci\u00f3n ocurre despu\u00e9s de que M\u00e9xico y Estados Unidos reabrieran el 24 de agosto el puerto de Douglas para el ganado mexicano.<\/p>\n\n\n\n<p class=\"wp-block-paragraph\">La exportaci\u00f3n de ganado en pie hacia Estados Unidos por Agua Prieta, estado de Sonora, se aplaz\u00f3 para el 8 de septiembre debido a una falla t\u00e9cnica en la estaci\u00f3n cuarentenaria debido al tama\u00f1o y peso de algunas reses que estaban rezagadas durante los meses de cierre.<\/p>\n\n\n\n<p class=\"wp-block-paragraph\">En un comunicado emitido este martes, la Uni\u00f3n Ganadera Regional de Sonora (UGRS) inform\u00f3 de la situaci\u00f3n.<\/p>\n\n\n\n<p class=\"wp-block-paragraph\">Explic\u00f3 que el pasado 28 de agosto, el chute de inspecci\u00f3n de ganado -un pasillo estrecho y cercado dise\u00f1ado para inmovilizar temporalmente y revisar a los animales- utilizado por el personal del Departamento de Agricultura de Estados Unidos (USDA) \u201cpresent\u00f3 anomal\u00edas que representaban un riesgo para el personal y el propio ganado\u201d.<\/p>\n\n\n\n<p class=\"wp-block-paragraph\">Debido a ello, dijo la UGRS, se \u201csuspendi\u00f3 temporalmente la exportaci\u00f3n, hasta que se lleve a cabo la sustituci\u00f3n del equipo, y garantizar la seguridad de todos los involucrados en este proceso tan esperado por los ganaderos de Sonora\u201d.<\/p>\n\n\n\n<p class=\"wp-block-paragraph\">La Uni\u00f3n expuso que el responsable de la obra consider\u00f3 que \u201ctomar\u00e1 de tres a cuatro d\u00edas el fraguado de los pisos e instalaci\u00f3n del chute nuevo\u201d.<\/p>\n\n\n\n<p class=\"wp-block-paragraph\">Y considerando que el lunes 7, es d\u00eda feriado en Estados Unidos (Labor Day) \u201cse reiniciaran operaciones el martes 8 de septiembre con la programaci\u00f3n de citas previa a la suspensi\u00f3n de actividades\u201d.<\/p>\n\n\n\n<p class=\"wp-block-paragraph\">Estas acciones, se\u00f1alaron los ganaderos de Sonora, justifican sus gestiones para que \u201cse considere la apertura de la cuarentenaria de Nogales, Sonora\u201d, instalaciones que, precisaron, \u201ccuentan con toda la infraestructura adecuada para el protocolo de recepci\u00f3n y preinspecci\u00f3n del ganado\u201d.<\/p>\n\n\n\n<p class=\"wp-block-paragraph\">La interrupci\u00f3n ocurre despu\u00e9s de que M\u00e9xico y Estados Unidos reabrieran el 24 de agosto el puerto de Douglas para el ganado mexicano, con un primer env\u00edo de 750 cabezas desde Agua Prieta y la previsi\u00f3n de aumentar gradualmente el volumen hasta 1.500 animales diarios.<\/p>\n\n\n\n<p class=\"wp-block-paragraph\">La reapertura puso fin a m\u00e1s de un a\u00f1o de cierres intermitentes derivados del avance del gusano barrenador del ganado (GBG), una larva que invade tejidos vivos de animales de sangre caliente.<\/p>\n\n\n\n<p class=\"wp-block-paragraph\">Estados Unidos suspendi\u00f3 las importaciones de ganado mexicano en noviembre de 2024, tras la detecci\u00f3n del primer caso en Chiapas.<\/p>\n\n\n\n<p class=\"wp-block-paragraph\">Luego de una reanudaci\u00f3n, Washington volvi\u00f3 a cerrar sus puertos fronterizos el 11 de mayo de 2025 por la expansi\u00f3n de la plaga hacia Oaxaca y Veracruz.<\/p>\n\n\n\n<p class=\"wp-block-paragraph\">El paso por Douglas reabri\u00f3 nuevamente el 7 de julio de 2025, pero Estados Unidos orden\u00f3 cerrarlo dos d\u00edas despu\u00e9s tras notificarse otro caso en Veracruz, con lo que las exportaciones permanecieron suspendidas hasta la reapertura de este agosto.<\/p>\n","protected":false},"excerpt":{"rendered":"<p>La interrupci\u00f3n ocurre despu\u00e9s de que M\u00e9xico y Estados Unidos reabrieran el 24 de agosto el puerto de Douglas para el ganado mexicano. La exportaci\u00f3n de ganado en pie hacia Estados Unidos por Agua Prieta, estado de Sonora, se aplaz\u00f3 para el 8 de septiembre debido a una falla t\u00e9cnica en la estaci\u00f3n cuarentenaria debido [&hellip;]<\/p>\n","protected":false},"author":47,"featured_media":141443,"comment_status":"closed","ping_status":"open","sticky":false,"template":"","format":"standard","meta":{"tdm_status":"","tdm_grid_status":"","footnotes":""},"categories":[39],"tags":[],"class_list":["post-141444","post","type-post","status-publish","format-standard","has-post-thumbnail","category-noticias-nacionales"],"yoast_head":"<!-- This site is optimized with the Yoast SEO plugin v28.4 - https:\/\/yoast.com\/product\/yoast-seo-wordpress\/ -->\n<title>Productores mexicanos aplazan al 8 de septiembre reinicio de exportaci\u00f3n de ganado a EE.UU. - Fuentes Fidedignas<\/title>\n<meta name=\"robots\" content=\"index, follow, max-snippet:-1, max-image-preview:large, max-video-preview:-1\" \/>\n<link rel=\"canonical\" href=\"https:\/\/fuentesfidedignas.com.mx\/index.php\/2026\/09\/02\/productores-mexicanos-aplazan-al-8-de-septiembre-reinicio-de-exportacion-de-ganado-a-ee-uu\/\" \/>\n<meta property=\"og:locale\" content=\"es_MX\" \/>\n<meta property=\"og:type\" content=\"article\" \/>\n<meta property=\"og:title\" content=\"Productores mexicanos aplazan al 8 de septiembre reinicio de exportaci\u00f3n de ganado a EE.UU. - Fuentes Fidedignas\" \/>\n<meta property=\"og:description\" content=\"La interrupci\u00f3n ocurre despu\u00e9s de que M\u00e9xico y Estados Unidos reabrieran el 24 de agosto el puerto de Douglas para el ganado mexicano. La exportaci\u00f3n de ganado en pie hacia Estados Unidos por Agua Prieta, estado de Sonora, se aplaz\u00f3 para el 8 de septiembre debido a una falla t\u00e9cnica en la estaci\u00f3n cuarentenaria debido [&hellip;]\" \/>\n<meta property=\"og:url\" content=\"https:\/\/fuentesfidedignas.com.mx\/index.php\/2026\/09\/02\/productores-mexicanos-aplazan-al-8-de-septiembre-reinicio-de-exportacion-de-ganado-a-ee-uu\/\" \/>\n<meta property=\"og:site_name\" content=\"Fuentes Fidedignas\" \/>\n<meta property=\"article:publisher\" content=\"https:\/\/www.facebook.com\/Fuentes-Fidedignas-368234489921644\" \/>\n<meta property=\"article:published_time\" content=\"2026-09-02T15:20:41+00:00\" \/>\n<meta property=\"og:image\" content=\"https:\/\/fuentesfidedignas.com.mx\/wp-content\/uploads\/2026\/09\/img_6603.jpeg\" \/>\n\t<meta property=\"og:image:width\" content=\"1536\" \/>\n\t<meta property=\"og:image:height\" content=\"1023\" \/>\n\t<meta property=\"og:image:type\" content=\"image\/jpeg\" \/>\n<meta name=\"author\" content=\"L\u00f3pez D\u00f3riga\" \/>\n<meta name=\"twitter:card\" content=\"summary_large_image\" \/>\n<meta name=\"twitter:creator\" content=\"@fidedignas\" \/>\n<meta name=\"twitter:site\" content=\"@fidedignas\" \/>\n<meta name=\"twitter:label1\" content=\"Escrito por\" \/>\n\t<meta name=\"twitter:data1\" content=\"L\u00f3pez D\u00f3riga\" \/>\n\t<meta name=\"twitter:label2\" content=\"Tiempo de lectura\" \/>\n\t<meta name=\"twitter:data2\" content=\"2 minutos\" \/>\n<script type=\"application\/ld+json\" class=\"yoast-schema-graph\">{\"@context\":\"https:\\\/\\\/schema.org\",\"@graph\":[{\"@type\":\"Article\",\"@id\":\"https:\\\/\\\/fuentesfidedignas.com.mx\\\/index.php\\\/2026\\\/09\\\/02\\\/productores-mexicanos-aplazan-al-8-de-septiembre-reinicio-de-exportacion-de-ganado-a-ee-uu\\\/#article\",\"isPartOf\":{\"@id\":\"https:\\\/\\\/fuentesfidedignas.com.mx\\\/index.php\\\/2026\\\/09\\\/02\\\/productores-mexicanos-aplazan-al-8-de-septiembre-reinicio-de-exportacion-de-ganado-a-ee-uu\\\/\"},\"author\":{\"name\":\"L\u00f3pez D\u00f3riga\",\"@id\":\"https:\\\/\\\/fuentesfidedignas.com.mx\\\/#\\\/schema\\\/person\\\/67d852f0557c8509146a4b9ddebd543a\"},\"headline\":\"Productores mexicanos aplazan al 8 de septiembre reinicio de exportaci\u00f3n de ganado a EE.UU.\",\"datePublished\":\"2026-09-02T15:20:41+00:00\",\"mainEntityOfPage\":{\"@id\":\"https:\\\/\\\/fuentesfidedignas.com.mx\\\/index.php\\\/2026\\\/09\\\/02\\\/productores-mexicanos-aplazan-al-8-de-septiembre-reinicio-de-exportacion-de-ganado-a-ee-uu\\\/\"},\"wordCount\":478,\"publisher\":{\"@id\":\"https:\\\/\\\/fuentesfidedignas.com.mx\\\/#organization\"},\"image\":{\"@id\":\"https:\\\/\\\/fuentesfidedignas.com.mx\\\/index.php\\\/2026\\\/09\\\/02\\\/productores-mexicanos-aplazan-al-8-de-septiembre-reinicio-de-exportacion-de-ganado-a-ee-uu\\\/#primaryimage\"},\"thumbnailUrl\":\"https:\\\/\\\/fuentesfidedignas.com.mx\\\/wp-content\\\/uploads\\\/2026\\\/09\\\/img_6603.jpeg\",\"articleSection\":[\"NOTICIAS NACIONALES\"],\"inLanguage\":\"es\"},{\"@type\":\"WebPage\",\"@id\":\"https:\\\/\\\/fuentesfidedignas.com.mx\\\/index.php\\\/2026\\\/09\\\/02\\\/productores-mexicanos-aplazan-al-8-de-septiembre-reinicio-de-exportacion-de-ganado-a-ee-uu\\\/\",\"url\":\"https:\\\/\\\/fuentesfidedignas.com.mx\\\/index.php\\\/2026\\\/09\\\/02\\\/productores-mexicanos-aplazan-al-8-de-septiembre-reinicio-de-exportacion-de-ganado-a-ee-uu\\\/\",\"name\":\"Productores mexicanos aplazan al 8 de septiembre reinicio de exportaci\u00f3n de ganado a EE.UU. - Fuentes Fidedignas\",\"isPartOf\":{\"@id\":\"https:\\\/\\\/fuentesfidedignas.com.mx\\\/#website\"},\"primaryImageOfPage\":{\"@id\":\"https:\\\/\\\/fuentesfidedignas.com.mx\\\/index.php\\\/2026\\\/09\\\/02\\\/productores-mexicanos-aplazan-al-8-de-septiembre-reinicio-de-exportacion-de-ganado-a-ee-uu\\\/#primaryimage\"},\"image\":{\"@id\":\"https:\\\/\\\/fuentesfidedignas.com.mx\\\/index.php\\\/2026\\\/09\\\/02\\\/productores-mexicanos-aplazan-al-8-de-septiembre-reinicio-de-exportacion-de-ganado-a-ee-uu\\\/#primaryimage\"},\"thumbnailUrl\":\"https:\\\/\\\/fuentesfidedignas.com.mx\\\/wp-content\\\/uploads\\\/2026\\\/09\\\/img_6603.jpeg\",\"datePublished\":\"2026-09-02T15:20:41+00:00\",\"breadcrumb\":{\"@id\":\"https:\\\/\\\/fuentesfidedignas.com.mx\\\/index.php\\\/2026\\\/09\\\/02\\\/productores-mexicanos-aplazan-al-8-de-septiembre-reinicio-de-exportacion-de-ganado-a-ee-uu\\\/#breadcrumb\"},\"inLanguage\":\"es\",\"potentialAction\":[{\"@type\":\"ReadAction\",\"target\":[\"https:\\\/\\\/fuentesfidedignas.com.mx\\\/index.php\\\/2026\\\/09\\\/02\\\/productores-mexicanos-aplazan-al-8-de-septiembre-reinicio-de-exportacion-de-ganado-a-ee-uu\\\/\"]}]},{\"@type\":\"ImageObject\",\"inLanguage\":\"es\",\"@id\":\"https:\\\/\\\/fuentesfidedignas.com.mx\\\/index.php\\\/2026\\\/09\\\/02\\\/productores-mexicanos-aplazan-al-8-de-septiembre-reinicio-de-exportacion-de-ganado-a-ee-uu\\\/#primaryimage\",\"url\":\"https:\\\/\\\/fuentesfidedignas.com.mx\\\/wp-content\\\/uploads\\\/2026\\\/09\\\/img_6603.jpeg\",\"contentUrl\":\"https:\\\/\\\/fuentesfidedignas.com.mx\\\/wp-content\\\/uploads\\\/2026\\\/09\\\/img_6603.jpeg\",\"width\":1536,\"height\":1023,\"caption\":\"Fotograf\u00eda donde se observa ganado vacuno este viernes, en una finca en Ciudad Ju\u00e1rez Chihuahua (M\u00e9xico). EFE\\\/ Luis Torres\"},{\"@type\":\"BreadcrumbList\",\"@id\":\"https:\\\/\\\/fuentesfidedignas.com.mx\\\/index.php\\\/2026\\\/09\\\/02\\\/productores-mexicanos-aplazan-al-8-de-septiembre-reinicio-de-exportacion-de-ganado-a-ee-uu\\\/#breadcrumb\",\"itemListElement\":[{\"@type\":\"ListItem\",\"position\":1,\"name\":\"Inicio\",\"item\":\"https:\\\/\\\/fuentesfidedignas.com.mx\\\/\"},{\"@type\":\"ListItem\",\"position\":2,\"name\":\"Productores mexicanos aplazan al 8 de septiembre reinicio de exportaci\u00f3n de ganado a EE.UU.\"}]},{\"@type\":\"WebSite\",\"@id\":\"https:\\\/\\\/fuentesfidedignas.com.mx\\\/#website\",\"url\":\"https:\\\/\\\/fuentesfidedignas.com.mx\\\/\",\"name\":\"Fuentes Fidedignas\",\"description\":\"Otro sitio realizado con WordPress\",\"publisher\":{\"@id\":\"https:\\\/\\\/fuentesfidedignas.com.mx\\\/#organization\"},\"potentialAction\":[{\"@type\":\"SearchAction\",\"target\":{\"@type\":\"EntryPoint\",\"urlTemplate\":\"https:\\\/\\\/fuentesfidedignas.com.mx\\\/?s={search_term_string}\"},\"query-input\":{\"@type\":\"PropertyValueSpecification\",\"valueRequired\":true,\"valueName\":\"search_term_string\"}}],\"inLanguage\":\"es\"},{\"@type\":\"Organization\",\"@id\":\"https:\\\/\\\/fuentesfidedignas.com.mx\\\/#organization\",\"name\":\"Fuentes Fidedignas\",\"url\":\"https:\\\/\\\/fuentesfidedignas.com.mx\\\/\",\"logo\":{\"@type\":\"ImageObject\",\"inLanguage\":\"es\",\"@id\":\"https:\\\/\\\/fuentesfidedignas.com.mx\\\/#\\\/schema\\\/logo\\\/image\\\/\",\"url\":\"https:\\\/\\\/fuentesfidedignas.com.mx\\\/wp-content\\\/uploads\\\/2021\\\/04\\\/logo-retina.png\",\"contentUrl\":\"https:\\\/\\\/fuentesfidedignas.com.mx\\\/wp-content\\\/uploads\\\/2021\\\/04\\\/logo-retina.png\",\"width\":280,\"height\":51,\"caption\":\"Fuentes Fidedignas\"},\"image\":{\"@id\":\"https:\\\/\\\/fuentesfidedignas.com.mx\\\/#\\\/schema\\\/logo\\\/image\\\/\"},\"sameAs\":[\"https:\\\/\\\/www.facebook.com\\\/Fuentes-Fidedignas-368234489921644\",\"https:\\\/\\\/x.com\\\/fidedignas\"]},{\"@type\":\"Person\",\"@id\":\"https:\\\/\\\/fuentesfidedignas.com.mx\\\/#\\\/schema\\\/person\\\/67d852f0557c8509146a4b9ddebd543a\",\"name\":\"L\u00f3pez D\u00f3riga\",\"image\":{\"@type\":\"ImageObject\",\"inLanguage\":\"es\",\"@id\":\"https:\\\/\\\/secure.gravatar.com\\\/avatar\\\/e525b06574ca18b33cded59dfe5778d6c823b9513154eff47da551b0551bdd1e?s=96&d=mm&r=g\",\"url\":\"https:\\\/\\\/secure.gravatar.com\\\/avatar\\\/e525b06574ca18b33cded59dfe5778d6c823b9513154eff47da551b0551bdd1e?s=96&d=mm&r=g\",\"contentUrl\":\"https:\\\/\\\/secure.gravatar.com\\\/avatar\\\/e525b06574ca18b33cded59dfe5778d6c823b9513154eff47da551b0551bdd1e?s=96&d=mm&r=g\",\"caption\":\"L\u00f3pez D\u00f3riga\"},\"url\":\"https:\\\/\\\/fuentesfidedignas.com.mx\\\/index.php\\\/author\\\/doriga\\\/\"}]}<\/script>\n<!-- \/ Yoast SEO plugin. -->","yoast_head_json":{"title":"Productores mexicanos aplazan al 8 de septiembre reinicio de exportaci\u00f3n de ganado a EE.UU. - Fuentes Fidedignas","robots":{"index":"index","follow":"follow","max-snippet":"max-snippet:-1","max-image-preview":"max-image-preview:large","max-video-preview":"max-video-preview:-1"},"canonical":"https:\/\/fuentesfidedignas.com.mx\/index.php\/2026\/09\/02\/productores-mexicanos-aplazan-al-8-de-septiembre-reinicio-de-exportacion-de-ganado-a-ee-uu\/","og_locale":"es_MX","og_type":"article","og_title":"Productores mexicanos aplazan al 8 de septiembre reinicio de exportaci\u00f3n de ganado a EE.UU. - Fuentes Fidedignas","og_description":"La interrupci\u00f3n ocurre despu\u00e9s de que M\u00e9xico y Estados Unidos reabrieran el 24 de agosto el puerto de Douglas para el ganado mexicano. La exportaci\u00f3n de ganado en pie hacia Estados Unidos por Agua Prieta, estado de Sonora, se aplaz\u00f3 para el 8 de septiembre debido a una falla t\u00e9cnica en la estaci\u00f3n cuarentenaria debido [&hellip;]","og_url":"https:\/\/fuentesfidedignas.com.mx\/index.php\/2026\/09\/02\/productores-mexicanos-aplazan-al-8-de-septiembre-reinicio-de-exportacion-de-ganado-a-ee-uu\/","og_site_name":"Fuentes Fidedignas","article_publisher":"https:\/\/www.facebook.com\/Fuentes-Fidedignas-368234489921644","article_published_time":"2026-09-02T15:20:41+00:00","og_image":[{"width":1536,"height":1023,"url":"https:\/\/fuentesfidedignas.com.mx\/wp-content\/uploads\/2026\/09\/img_6603.jpeg","type":"image\/jpeg"}],"author":"L\u00f3pez D\u00f3riga","twitter_card":"summary_large_image","twitter_creator":"@fidedignas","twitter_site":"@fidedignas","twitter_misc":{"Escrito por":"L\u00f3pez D\u00f3riga","Tiempo de lectura":"2 minutos"},"schema":{"@context":"https:\/\/schema.org","@graph":[{"@type":"Article","@id":"https:\/\/fuentesfidedignas.com.mx\/index.php\/2026\/09\/02\/productores-mexicanos-aplazan-al-8-de-septiembre-reinicio-de-exportacion-de-ganado-a-ee-uu\/#article","isPartOf":{"@id":"https:\/\/fuentesfidedignas.com.mx\/index.php\/2026\/09\/02\/productores-mexicanos-aplazan-al-8-de-septiembre-reinicio-de-exportacion-de-ganado-a-ee-uu\/"},"author":{"name":"L\u00f3pez D\u00f3riga","@id":"https:\/\/fuentesfidedignas.com.mx\/#\/schema\/person\/67d852f0557c8509146a4b9ddebd543a"},"headline":"Productores mexicanos aplazan al 8 de septiembre reinicio de exportaci\u00f3n de ganado a EE.UU.","datePublished":"2026-09-02T15:20:41+00:00","mainEntityOfPage":{"@id":"https:\/\/fuentesfidedignas.com.mx\/index.php\/2026\/09\/02\/productores-mexicanos-aplazan-al-8-de-septiembre-reinicio-de-exportacion-de-ganado-a-ee-uu\/"},"wordCount":478,"publisher":{"@id":"https:\/\/fuentesfidedignas.com.mx\/#organization"},"image":{"@id":"https:\/\/fuentesfidedignas.com.mx\/index.php\/2026\/09\/02\/productores-mexicanos-aplazan-al-8-de-septiembre-reinicio-de-exportacion-de-ganado-a-ee-uu\/#primaryimage"},"thumbnailUrl":"https:\/\/fuentesfidedignas.com.mx\/wp-content\/uploads\/2026\/09\/img_6603.jpeg","articleSection":["NOTICIAS NACIONALES"],"inLanguage":"es"},{"@type":"WebPage","@id":"https:\/\/fuentesfidedignas.com.mx\/index.php\/2026\/09\/02\/productores-mexicanos-aplazan-al-8-de-septiembre-reinicio-de-exportacion-de-ganado-a-ee-uu\/","url":"https:\/\/fuentesfidedignas.com.mx\/index.php\/2026\/09\/02\/productores-mexicanos-aplazan-al-8-de-septiembre-reinicio-de-exportacion-de-ganado-a-ee-uu\/","name":"Productores mexicanos aplazan al 8 de septiembre reinicio de exportaci\u00f3n de ganado a EE.UU. - Fuentes Fidedignas","isPartOf":{"@id":"https:\/\/fuentesfidedignas.com.mx\/#website"},"primaryImageOfPage":{"@id":"https:\/\/fuentesfidedignas.com.mx\/index.php\/2026\/09\/02\/productores-mexicanos-aplazan-al-8-de-septiembre-reinicio-de-exportacion-de-ganado-a-ee-uu\/#primaryimage"},"image":{"@id":"https:\/\/fuentesfidedignas.com.mx\/index.php\/2026\/09\/02\/productores-mexicanos-aplazan-al-8-de-septiembre-reinicio-de-exportacion-de-ganado-a-ee-uu\/#primaryimage"},"thumbnailUrl":"https:\/\/fuentesfidedignas.com.mx\/wp-content\/uploads\/2026\/09\/img_6603.jpeg","datePublished":"2026-09-02T15:20:41+00:00","breadcrumb":{"@id":"https:\/\/fuentesfidedignas.com.mx\/index.php\/2026\/09\/02\/productores-mexicanos-aplazan-al-8-de-septiembre-reinicio-de-exportacion-de-ganado-a-ee-uu\/#breadcrumb"},"inLanguage":"es","potentialAction":[{"@type":"ReadAction","target":["https:\/\/fuentesfidedignas.com.mx\/index.php\/2026\/09\/02\/productores-mexicanos-aplazan-al-8-de-septiembre-reinicio-de-exportacion-de-ganado-a-ee-uu\/"]}]},{"@type":"ImageObject","inLanguage":"es","@id":"https:\/\/fuentesfidedignas.com.mx\/index.php\/2026\/09\/02\/productores-mexicanos-aplazan-al-8-de-septiembre-reinicio-de-exportacion-de-ganado-a-ee-uu\/#primaryimage","url":"https:\/\/fuentesfidedignas.com.mx\/wp-content\/uploads\/2026\/09\/img_6603.jpeg","contentUrl":"https:\/\/fuentesfidedignas.com.mx\/wp-content\/uploads\/2026\/09\/img_6603.jpeg","width":1536,"height":1023,"caption":"Fotograf\u00eda donde se observa ganado vacuno este viernes, en una finca en Ciudad Ju\u00e1rez Chihuahua (M\u00e9xico). EFE\/ Luis Torres"},{"@type":"BreadcrumbList","@id":"https:\/\/fuentesfidedignas.com.mx\/index.php\/2026\/09\/02\/productores-mexicanos-aplazan-al-8-de-septiembre-reinicio-de-exportacion-de-ganado-a-ee-uu\/#breadcrumb","itemListElement":[{"@type":"ListItem","position":1,"name":"Inicio","item":"https:\/\/fuentesfidedignas.com.mx\/"},{"@type":"ListItem","position":2,"name":"Productores mexicanos aplazan al 8 de septiembre reinicio de exportaci\u00f3n de ganado a EE.UU."}]},{"@type":"WebSite","@id":"https:\/\/fuentesfidedignas.com.mx\/#website","url":"https:\/\/fuentesfidedignas.com.mx\/","name":"Fuentes Fidedignas","description":"Otro sitio realizado con WordPress","publisher":{"@id":"https:\/\/fuentesfidedignas.com.mx\/#organization"},"potentialAction":[{"@type":"SearchAction","target":{"@type":"EntryPoint","urlTemplate":"https:\/\/fuentesfidedignas.com.mx\/?s={search_term_string}"},"query-input":{"@type":"PropertyValueSpecification","valueRequired":true,"valueName":"search_term_string"}}],"inLanguage":"es"},{"@type":"Organization","@id":"https:\/\/fuentesfidedignas.com.mx\/#organization","name":"Fuentes Fidedignas","url":"https:\/\/fuentesfidedignas.com.mx\/","logo":{"@type":"ImageObject","inLanguage":"es","@id":"https:\/\/fuentesfidedignas.com.mx\/#\/schema\/logo\/image\/","url":"https:\/\/fuentesfidedignas.com.mx\/wp-content\/uploads\/2021\/04\/logo-retina.png","contentUrl":"https:\/\/fuentesfidedignas.com.mx\/wp-content\/uploads\/2021\/04\/logo-retina.png","width":280,"height":51,"caption":"Fuentes Fidedignas"},"image":{"@id":"https:\/\/fuentesfidedignas.com.mx\/#\/schema\/logo\/image\/"},"sameAs":["https:\/\/www.facebook.com\/Fuentes-Fidedignas-368234489921644","https:\/\/x.com\/fidedignas"]},{"@type":"Person","@id":"https:\/\/fuentesfidedignas.com.mx\/#\/schema\/person\/67d852f0557c8509146a4b9ddebd543a","name":"L\u00f3pez D\u00f3riga","image":{"@type":"ImageObject","inLanguage":"es","@id":"https:\/\/secure.gravatar.com\/avatar\/e525b06574ca18b33cded59dfe5778d6c823b9513154eff47da551b0551bdd1e?s=96&d=mm&r=g","url":"https:\/\/secure.gravatar.com\/avatar\/e525b06574ca18b33cded59dfe5778d6c823b9513154eff47da551b0551bdd1e?s=96&d=mm&r=g","contentUrl":"https:\/\/secure.gravatar.com\/avatar\/e525b06574ca18b33cded59dfe5778d6c823b9513154eff47da551b0551bdd1e?s=96&d=mm&r=g","caption":"L\u00f3pez D\u00f3riga"},"url":"https:\/\/fuentesfidedignas.com.mx\/index.php\/author\/doriga\/"}]}},"_links":{"self":[{"href":"https:\/\/fuentesfidedignas.com.mx\/index.php\/wp-json\/wp\/v2\/posts\/141444","targetHints":{"allow":["GET"]}}],"collection":[{"href":"https:\/\/fuentesfidedignas.com.mx\/index.php\/wp-json\/wp\/v2\/posts"}],"about":[{"href":"https:\/\/fuentesfidedignas.com.mx\/index.php\/wp-json\/wp\/v2\/types\/post"}],"author":[{"embeddable":true,"href":"https:\/\/fuentesfidedignas.com.mx\/index.php\/wp-json\/wp\/v2\/users\/47"}],"replies":[{"embeddable":true,"href":"https:\/\/fuentesfidedignas.com.mx\/index.php\/wp-json\/wp\/v2\/comments?post=141444"}],"version-history":[{"count":1,"href":"https:\/\/fuentesfidedignas.com.mx\/index.php\/wp-json\/wp\/v2\/posts\/141444\/revisions"}],"predecessor-version":[{"id":141445,"href":"https:\/\/fuentesfidedignas.com.mx\/index.php\/wp-json\/wp\/v2\/posts\/141444\/revisions\/141445"}],"wp:featuredmedia":[{"embeddable":true,"href":"https:\/\/fuentesfidedignas.com.mx\/index.php\/wp-json\/wp\/v2\/media\/141443"}],"wp:attachment":[{"href":"https:\/\/fuentesfidedignas.com.mx\/index.php\/wp-json\/wp\/v2\/media?parent=141444"}],"wp:term":[{"taxonomy":"category","embeddable":true,"href":"https:\/\/fuentesfidedignas.com.mx\/index.php\/wp-json\/wp\/v2\/categories?post=141444"},{"taxonomy":"post_tag","embeddable":true,"href":"https:\/\/fuentesfidedignas.com.mx\/index.php\/wp-json\/wp\/v2\/tags?post=141444"}],"curies":[{"name":"wp","href":"https:\/\/api.w.org\/{rel}","templated":true}]}}