{"id":141438,"date":"2026-09-02T06:53:34","date_gmt":"2026-09-02T13:53:34","guid":{"rendered":"https:\/\/fuentesfidedignas.com.mx\/?p=141438"},"modified":"2026-09-02T06:53:41","modified_gmt":"2026-09-02T13:53:41","slug":"brote-de-ebola-deja-mas-de-3-mil-muertos-en-republica-democratica-del-congo","status":"publish","type":"post","link":"https:\/\/fuentesfidedignas.com.mx\/index.php\/2026\/09\/02\/brote-de-ebola-deja-mas-de-3-mil-muertos-en-republica-democratica-del-congo\/","title":{"rendered":"Brote de \u00e9bola deja m\u00e1s de 3 mil muertos en Rep\u00fablica Democr\u00e1tica del Congo"},"content":{"rendered":"\n<p class=\"wp-block-paragraph\"><strong><em>Autoridades de la Rep\u00fablica Democr\u00e1tica del Congo han confirmado m\u00e1s de seis mil 100 casos de \u00e9bola desde el 15 de mayo<\/em><\/strong><\/p>\n\n\n\n<p class=\"wp-block-paragraph\">M\u00e1s de tres mil personas han muerto ya por el brote de \u00e9bola declarado el 15 de mayo de 2026 en el este de la Rep\u00fablica Democr\u00e1tica del Congo (RDC), donde se han registrado un total de seis mil 186 casos confirmados, informaron las autoridades congole\u00f1as.<\/p>\n\n\n\n<p class=\"wp-block-paragraph\">Seg\u00fan el \u00faltimo informe publicado por el Instituto Nacional de Salud P\u00fablica (INSP) de la RDC, con datos recabados hasta el 31 de agosto, un total de tres mil 7 personas murieron a causa de la enfermedad, que acumula una tasa de letalidad del 48.6 por ciento.<\/p>\n\n\n\n<p class=\"wp-block-paragraph\">Asimismo, mil 409 pacientes se han recuperado hasta el momento y otros 830 se encuentran hospitalizados o en aislamiento.<\/p>\n\n\n\n<p class=\"wp-block-paragraph\">La respuesta contra la transmisi\u00f3n del virus contin\u00faa en 60 zonas sanitarias de seis provincias congole\u00f1as, incluyendo la oriental Ituri -epicentro del brote-, que encabez\u00f3 los contagios en las \u00faltimas 24 horas analizadas con 49 personas infectadas.<\/p>\n\n\n\n<p class=\"wp-block-paragraph\">Adem\u00e1s, contin\u00faan afectadas tambi\u00e9n las provincias de Tshopo (centro-norte), Bas-U\u00e9l\u00e9 (norte), Haut-U\u00e9l\u00e9, Kivu del Norte y Kivu del Sur (este), aunque esta \u00faltima solo tiene una zona sanitaria activa y no ha reportado nuevos casos confirmados en m\u00e1s de noventa d\u00edas.<\/p>\n\n\n\n<p class=\"wp-block-paragraph\">Entre las dificultades que todav\u00eda enfrenta la respuesta al brote, el INSP destac\u00f3 una \u201coperatividad deficiente\u201d de los puntos de control y de entrada a la zona afectada, tanto por la inseguridad del conflictivo este congole\u00f1o como por acciones de huelga de los trabajadores, que protestan porque no se les ha pagado.<\/p>\n\n\n\n<p class=\"wp-block-paragraph\">Tambi\u00e9n sigue habiendo \u201csaturaci\u00f3n\u201d en algunos centros de tratamiento de \u00e9bola (CTE) y algunos desaf\u00edos en las comunidades, que oponen \u201cresistencia\u201d en ocasiones a que se realicen pruebas a los cad\u00e1veres, mientras algunos enfermos no quieren ser aislados.<\/p>\n\n\n\n<p class=\"wp-block-paragraph\">\u201cEl refuerzo de las medidas prioritarias (vigilancia, atenci\u00f3n sanitaria, prevenci\u00f3n y control de la infecci\u00f3n, log\u00edstica y participaci\u00f3n comunitaria) sigue siendo fundamental para interrumpir r\u00e1pidamente las cadenas de transmisi\u00f3n\u201d, concluy\u00f3 la instituci\u00f3n.<\/p>\n\n\n\n<p class=\"wp-block-paragraph\">La cepa Bundibugyo, causante del actual brote, carece de tratamientos espec\u00edficos, aunque la Organizaci\u00f3n Mundial de la Salud (OMS) trabaja en dos vacunas que han iniciado ensayos de fase 1 en humanos y que, hasta la fecha, se han mostrado seguras, pero su desarrollo podr\u00eda llevar varios meses.<\/p>\n\n\n\n<p class=\"wp-block-paragraph\">Paralelamente, la RDC inici\u00f3 la semana pasada una campa\u00f1a de inmunizaci\u00f3n contra el \u00e9bola con la vacuna Ervebo, dise\u00f1ada originalmente para la variante Zaire del virus, pero que ha dado indicios positivos contra la cepa Bundibugyo en animales.<\/p>\n\n\n\n<p class=\"wp-block-paragraph\">Este brote es ya el segundo m\u00e1s mort\u00edfero de la historia, tras superar al ocurrido en la misma regi\u00f3n congole\u00f1a entre 2018 y 2020, si bien todav\u00eda est\u00e1 lejos del m\u00e1s grave registrado hasta la fecha, que provoc\u00f3 unos 11 mil muertos y 28 mil contagios en \u00c1frica occidental entre 2014 y 2016.<\/p>\n\n\n\n<p class=\"wp-block-paragraph\">La actual epidemia de \u00e9bola tambi\u00e9n se propag\u00f3 a la vecina Uganda, donde la OMS declar\u00f3 el pasado 26 de agosto el fin de la epidemia, despu\u00e9s de contabilizarse 20 contagios confirmados, incluidos 15 importados de la RDC, entre los que hubo dos muertos.<\/p>\n","protected":false},"excerpt":{"rendered":"<p>Autoridades de la Rep\u00fablica Democr\u00e1tica del Congo han confirmado m\u00e1s de seis mil 100 casos de \u00e9bola desde el 15 de mayo M\u00e1s de tres mil personas han muerto ya por el brote de \u00e9bola declarado el 15 de mayo de 2026 en el este de la Rep\u00fablica Democr\u00e1tica del Congo (RDC), donde se han [&hellip;]<\/p>\n","protected":false},"author":22,"featured_media":134280,"comment_status":"open","ping_status":"open","sticky":false,"template":"","format":"standard","meta":{"tdm_status":"","tdm_grid_status":"","footnotes":""},"categories":[39],"tags":[],"class_list":["post-141438","post","type-post","status-publish","format-standard","has-post-thumbnail","category-noticias-nacionales"],"yoast_head":"<!-- This site is optimized with the Yoast SEO plugin v28.4 - https:\/\/yoast.com\/product\/yoast-seo-wordpress\/ -->\n<title>Brote de \u00e9bola deja m\u00e1s de 3 mil muertos en Rep\u00fablica Democr\u00e1tica del Congo - Fuentes Fidedignas<\/title>\n<meta name=\"robots\" content=\"index, follow, max-snippet:-1, max-image-preview:large, max-video-preview:-1\" \/>\n<link rel=\"canonical\" href=\"https:\/\/fuentesfidedignas.com.mx\/index.php\/2026\/09\/02\/brote-de-ebola-deja-mas-de-3-mil-muertos-en-republica-democratica-del-congo\/\" \/>\n<meta property=\"og:locale\" content=\"es_MX\" \/>\n<meta property=\"og:type\" content=\"article\" \/>\n<meta property=\"og:title\" content=\"Brote de \u00e9bola deja m\u00e1s de 3 mil muertos en Rep\u00fablica Democr\u00e1tica del Congo - Fuentes Fidedignas\" \/>\n<meta property=\"og:description\" content=\"Autoridades de la Rep\u00fablica Democr\u00e1tica del Congo han confirmado m\u00e1s de seis mil 100 casos de \u00e9bola desde el 15 de mayo M\u00e1s de tres mil personas han muerto ya por el brote de \u00e9bola declarado el 15 de mayo de 2026 en el este de la Rep\u00fablica Democr\u00e1tica del Congo (RDC), donde se han [&hellip;]\" \/>\n<meta property=\"og:url\" content=\"https:\/\/fuentesfidedignas.com.mx\/index.php\/2026\/09\/02\/brote-de-ebola-deja-mas-de-3-mil-muertos-en-republica-democratica-del-congo\/\" \/>\n<meta property=\"og:site_name\" content=\"Fuentes Fidedignas\" \/>\n<meta property=\"article:publisher\" content=\"https:\/\/www.facebook.com\/Fuentes-Fidedignas-368234489921644\" \/>\n<meta property=\"article:published_time\" content=\"2026-09-02T13:53:34+00:00\" \/>\n<meta property=\"article:modified_time\" content=\"2026-09-02T13:53:41+00:00\" \/>\n<meta property=\"og:image\" content=\"https:\/\/fuentesfidedignas.com.mx\/wp-content\/uploads\/2026\/05\/traslado-de-presunta-victima-de-ebola-en-rd-del-congo.jpg\" \/>\n\t<meta property=\"og:image:width\" content=\"1200\" \/>\n\t<meta property=\"og:image:height\" content=\"740\" \/>\n\t<meta property=\"og:image:type\" content=\"image\/jpeg\" \/>\n<meta name=\"author\" content=\"EFE\" \/>\n<meta name=\"twitter:card\" content=\"summary_large_image\" \/>\n<meta name=\"twitter:creator\" content=\"@fidedignas\" \/>\n<meta name=\"twitter:site\" content=\"@fidedignas\" \/>\n<meta name=\"twitter:label1\" content=\"Escrito por\" \/>\n\t<meta name=\"twitter:data1\" content=\"EFE\" \/>\n\t<meta name=\"twitter:label2\" content=\"Tiempo de lectura\" \/>\n\t<meta name=\"twitter:data2\" content=\"3 minutos\" \/>\n<script type=\"application\/ld+json\" class=\"yoast-schema-graph\">{\"@context\":\"https:\\\/\\\/schema.org\",\"@graph\":[{\"@type\":\"Article\",\"@id\":\"https:\\\/\\\/fuentesfidedignas.com.mx\\\/index.php\\\/2026\\\/09\\\/02\\\/brote-de-ebola-deja-mas-de-3-mil-muertos-en-republica-democratica-del-congo\\\/#article\",\"isPartOf\":{\"@id\":\"https:\\\/\\\/fuentesfidedignas.com.mx\\\/index.php\\\/2026\\\/09\\\/02\\\/brote-de-ebola-deja-mas-de-3-mil-muertos-en-republica-democratica-del-congo\\\/\"},\"author\":{\"name\":\"EFE\",\"@id\":\"https:\\\/\\\/fuentesfidedignas.com.mx\\\/#\\\/schema\\\/person\\\/0d44615087b5a626d5d3f13afe31ac41\"},\"headline\":\"Brote de \u00e9bola deja m\u00e1s de 3 mil muertos en Rep\u00fablica Democr\u00e1tica del Congo\",\"datePublished\":\"2026-09-02T13:53:34+00:00\",\"dateModified\":\"2026-09-02T13:53:41+00:00\",\"mainEntityOfPage\":{\"@id\":\"https:\\\/\\\/fuentesfidedignas.com.mx\\\/index.php\\\/2026\\\/09\\\/02\\\/brote-de-ebola-deja-mas-de-3-mil-muertos-en-republica-democratica-del-congo\\\/\"},\"wordCount\":557,\"commentCount\":0,\"publisher\":{\"@id\":\"https:\\\/\\\/fuentesfidedignas.com.mx\\\/#organization\"},\"image\":{\"@id\":\"https:\\\/\\\/fuentesfidedignas.com.mx\\\/index.php\\\/2026\\\/09\\\/02\\\/brote-de-ebola-deja-mas-de-3-mil-muertos-en-republica-democratica-del-congo\\\/#primaryimage\"},\"thumbnailUrl\":\"https:\\\/\\\/fuentesfidedignas.com.mx\\\/wp-content\\\/uploads\\\/2026\\\/05\\\/traslado-de-presunta-victima-de-ebola-en-rd-del-congo.jpg\",\"articleSection\":[\"NOTICIAS NACIONALES\"],\"inLanguage\":\"es\",\"potentialAction\":[{\"@type\":\"CommentAction\",\"name\":\"Comment\",\"target\":[\"https:\\\/\\\/fuentesfidedignas.com.mx\\\/index.php\\\/2026\\\/09\\\/02\\\/brote-de-ebola-deja-mas-de-3-mil-muertos-en-republica-democratica-del-congo\\\/#respond\"]}]},{\"@type\":\"WebPage\",\"@id\":\"https:\\\/\\\/fuentesfidedignas.com.mx\\\/index.php\\\/2026\\\/09\\\/02\\\/brote-de-ebola-deja-mas-de-3-mil-muertos-en-republica-democratica-del-congo\\\/\",\"url\":\"https:\\\/\\\/fuentesfidedignas.com.mx\\\/index.php\\\/2026\\\/09\\\/02\\\/brote-de-ebola-deja-mas-de-3-mil-muertos-en-republica-democratica-del-congo\\\/\",\"name\":\"Brote de \u00e9bola deja m\u00e1s de 3 mil muertos en Rep\u00fablica Democr\u00e1tica del Congo - Fuentes Fidedignas\",\"isPartOf\":{\"@id\":\"https:\\\/\\\/fuentesfidedignas.com.mx\\\/#website\"},\"primaryImageOfPage\":{\"@id\":\"https:\\\/\\\/fuentesfidedignas.com.mx\\\/index.php\\\/2026\\\/09\\\/02\\\/brote-de-ebola-deja-mas-de-3-mil-muertos-en-republica-democratica-del-congo\\\/#primaryimage\"},\"image\":{\"@id\":\"https:\\\/\\\/fuentesfidedignas.com.mx\\\/index.php\\\/2026\\\/09\\\/02\\\/brote-de-ebola-deja-mas-de-3-mil-muertos-en-republica-democratica-del-congo\\\/#primaryimage\"},\"thumbnailUrl\":\"https:\\\/\\\/fuentesfidedignas.com.mx\\\/wp-content\\\/uploads\\\/2026\\\/05\\\/traslado-de-presunta-victima-de-ebola-en-rd-del-congo.jpg\",\"datePublished\":\"2026-09-02T13:53:34+00:00\",\"dateModified\":\"2026-09-02T13:53:41+00:00\",\"breadcrumb\":{\"@id\":\"https:\\\/\\\/fuentesfidedignas.com.mx\\\/index.php\\\/2026\\\/09\\\/02\\\/brote-de-ebola-deja-mas-de-3-mil-muertos-en-republica-democratica-del-congo\\\/#breadcrumb\"},\"inLanguage\":\"es\",\"potentialAction\":[{\"@type\":\"ReadAction\",\"target\":[\"https:\\\/\\\/fuentesfidedignas.com.mx\\\/index.php\\\/2026\\\/09\\\/02\\\/brote-de-ebola-deja-mas-de-3-mil-muertos-en-republica-democratica-del-congo\\\/\"]}]},{\"@type\":\"ImageObject\",\"inLanguage\":\"es\",\"@id\":\"https:\\\/\\\/fuentesfidedignas.com.mx\\\/index.php\\\/2026\\\/09\\\/02\\\/brote-de-ebola-deja-mas-de-3-mil-muertos-en-republica-democratica-del-congo\\\/#primaryimage\",\"url\":\"https:\\\/\\\/fuentesfidedignas.com.mx\\\/wp-content\\\/uploads\\\/2026\\\/05\\\/traslado-de-presunta-victima-de-ebola-en-rd-del-congo.jpg\",\"contentUrl\":\"https:\\\/\\\/fuentesfidedignas.com.mx\\\/wp-content\\\/uploads\\\/2026\\\/05\\\/traslado-de-presunta-victima-de-ebola-en-rd-del-congo.jpg\",\"width\":1200,\"height\":740},{\"@type\":\"BreadcrumbList\",\"@id\":\"https:\\\/\\\/fuentesfidedignas.com.mx\\\/index.php\\\/2026\\\/09\\\/02\\\/brote-de-ebola-deja-mas-de-3-mil-muertos-en-republica-democratica-del-congo\\\/#breadcrumb\",\"itemListElement\":[{\"@type\":\"ListItem\",\"position\":1,\"name\":\"Inicio\",\"item\":\"https:\\\/\\\/fuentesfidedignas.com.mx\\\/\"},{\"@type\":\"ListItem\",\"position\":2,\"name\":\"Brote de \u00e9bola deja m\u00e1s de 3 mil muertos en Rep\u00fablica Democr\u00e1tica del Congo\"}]},{\"@type\":\"WebSite\",\"@id\":\"https:\\\/\\\/fuentesfidedignas.com.mx\\\/#website\",\"url\":\"https:\\\/\\\/fuentesfidedignas.com.mx\\\/\",\"name\":\"Fuentes Fidedignas\",\"description\":\"Otro sitio realizado con WordPress\",\"publisher\":{\"@id\":\"https:\\\/\\\/fuentesfidedignas.com.mx\\\/#organization\"},\"potentialAction\":[{\"@type\":\"SearchAction\",\"target\":{\"@type\":\"EntryPoint\",\"urlTemplate\":\"https:\\\/\\\/fuentesfidedignas.com.mx\\\/?s={search_term_string}\"},\"query-input\":{\"@type\":\"PropertyValueSpecification\",\"valueRequired\":true,\"valueName\":\"search_term_string\"}}],\"inLanguage\":\"es\"},{\"@type\":\"Organization\",\"@id\":\"https:\\\/\\\/fuentesfidedignas.com.mx\\\/#organization\",\"name\":\"Fuentes Fidedignas\",\"url\":\"https:\\\/\\\/fuentesfidedignas.com.mx\\\/\",\"logo\":{\"@type\":\"ImageObject\",\"inLanguage\":\"es\",\"@id\":\"https:\\\/\\\/fuentesfidedignas.com.mx\\\/#\\\/schema\\\/logo\\\/image\\\/\",\"url\":\"https:\\\/\\\/fuentesfidedignas.com.mx\\\/wp-content\\\/uploads\\\/2021\\\/04\\\/logo-retina.png\",\"contentUrl\":\"https:\\\/\\\/fuentesfidedignas.com.mx\\\/wp-content\\\/uploads\\\/2021\\\/04\\\/logo-retina.png\",\"width\":280,\"height\":51,\"caption\":\"Fuentes Fidedignas\"},\"image\":{\"@id\":\"https:\\\/\\\/fuentesfidedignas.com.mx\\\/#\\\/schema\\\/logo\\\/image\\\/\"},\"sameAs\":[\"https:\\\/\\\/www.facebook.com\\\/Fuentes-Fidedignas-368234489921644\",\"https:\\\/\\\/x.com\\\/fidedignas\"]},{\"@type\":\"Person\",\"@id\":\"https:\\\/\\\/fuentesfidedignas.com.mx\\\/#\\\/schema\\\/person\\\/0d44615087b5a626d5d3f13afe31ac41\",\"name\":\"EFE\",\"image\":{\"@type\":\"ImageObject\",\"inLanguage\":\"es\",\"@id\":\"https:\\\/\\\/secure.gravatar.com\\\/avatar\\\/7048c2d9b569d9bed55bb53ad23821e6e047aa66338fb6ea9868627bbb9f54e8?s=96&d=mm&r=g\",\"url\":\"https:\\\/\\\/secure.gravatar.com\\\/avatar\\\/7048c2d9b569d9bed55bb53ad23821e6e047aa66338fb6ea9868627bbb9f54e8?s=96&d=mm&r=g\",\"contentUrl\":\"https:\\\/\\\/secure.gravatar.com\\\/avatar\\\/7048c2d9b569d9bed55bb53ad23821e6e047aa66338fb6ea9868627bbb9f54e8?s=96&d=mm&r=g\",\"caption\":\"EFE\"},\"url\":\"https:\\\/\\\/fuentesfidedignas.com.mx\\\/index.php\\\/author\\\/efe\\\/\"}]}<\/script>\n<!-- \/ Yoast SEO plugin. -->","yoast_head_json":{"title":"Brote de \u00e9bola deja m\u00e1s de 3 mil muertos en Rep\u00fablica Democr\u00e1tica del Congo - Fuentes Fidedignas","robots":{"index":"index","follow":"follow","max-snippet":"max-snippet:-1","max-image-preview":"max-image-preview:large","max-video-preview":"max-video-preview:-1"},"canonical":"https:\/\/fuentesfidedignas.com.mx\/index.php\/2026\/09\/02\/brote-de-ebola-deja-mas-de-3-mil-muertos-en-republica-democratica-del-congo\/","og_locale":"es_MX","og_type":"article","og_title":"Brote de \u00e9bola deja m\u00e1s de 3 mil muertos en Rep\u00fablica Democr\u00e1tica del Congo - Fuentes Fidedignas","og_description":"Autoridades de la Rep\u00fablica Democr\u00e1tica del Congo han confirmado m\u00e1s de seis mil 100 casos de \u00e9bola desde el 15 de mayo M\u00e1s de tres mil personas han muerto ya por el brote de \u00e9bola declarado el 15 de mayo de 2026 en el este de la Rep\u00fablica Democr\u00e1tica del Congo (RDC), donde se han [&hellip;]","og_url":"https:\/\/fuentesfidedignas.com.mx\/index.php\/2026\/09\/02\/brote-de-ebola-deja-mas-de-3-mil-muertos-en-republica-democratica-del-congo\/","og_site_name":"Fuentes Fidedignas","article_publisher":"https:\/\/www.facebook.com\/Fuentes-Fidedignas-368234489921644","article_published_time":"2026-09-02T13:53:34+00:00","article_modified_time":"2026-09-02T13:53:41+00:00","og_image":[{"width":1200,"height":740,"url":"https:\/\/fuentesfidedignas.com.mx\/wp-content\/uploads\/2026\/05\/traslado-de-presunta-victima-de-ebola-en-rd-del-congo.jpg","type":"image\/jpeg"}],"author":"EFE","twitter_card":"summary_large_image","twitter_creator":"@fidedignas","twitter_site":"@fidedignas","twitter_misc":{"Escrito por":"EFE","Tiempo de lectura":"3 minutos"},"schema":{"@context":"https:\/\/schema.org","@graph":[{"@type":"Article","@id":"https:\/\/fuentesfidedignas.com.mx\/index.php\/2026\/09\/02\/brote-de-ebola-deja-mas-de-3-mil-muertos-en-republica-democratica-del-congo\/#article","isPartOf":{"@id":"https:\/\/fuentesfidedignas.com.mx\/index.php\/2026\/09\/02\/brote-de-ebola-deja-mas-de-3-mil-muertos-en-republica-democratica-del-congo\/"},"author":{"name":"EFE","@id":"https:\/\/fuentesfidedignas.com.mx\/#\/schema\/person\/0d44615087b5a626d5d3f13afe31ac41"},"headline":"Brote de \u00e9bola deja m\u00e1s de 3 mil muertos en Rep\u00fablica Democr\u00e1tica del Congo","datePublished":"2026-09-02T13:53:34+00:00","dateModified":"2026-09-02T13:53:41+00:00","mainEntityOfPage":{"@id":"https:\/\/fuentesfidedignas.com.mx\/index.php\/2026\/09\/02\/brote-de-ebola-deja-mas-de-3-mil-muertos-en-republica-democratica-del-congo\/"},"wordCount":557,"commentCount":0,"publisher":{"@id":"https:\/\/fuentesfidedignas.com.mx\/#organization"},"image":{"@id":"https:\/\/fuentesfidedignas.com.mx\/index.php\/2026\/09\/02\/brote-de-ebola-deja-mas-de-3-mil-muertos-en-republica-democratica-del-congo\/#primaryimage"},"thumbnailUrl":"https:\/\/fuentesfidedignas.com.mx\/wp-content\/uploads\/2026\/05\/traslado-de-presunta-victima-de-ebola-en-rd-del-congo.jpg","articleSection":["NOTICIAS NACIONALES"],"inLanguage":"es","potentialAction":[{"@type":"CommentAction","name":"Comment","target":["https:\/\/fuentesfidedignas.com.mx\/index.php\/2026\/09\/02\/brote-de-ebola-deja-mas-de-3-mil-muertos-en-republica-democratica-del-congo\/#respond"]}]},{"@type":"WebPage","@id":"https:\/\/fuentesfidedignas.com.mx\/index.php\/2026\/09\/02\/brote-de-ebola-deja-mas-de-3-mil-muertos-en-republica-democratica-del-congo\/","url":"https:\/\/fuentesfidedignas.com.mx\/index.php\/2026\/09\/02\/brote-de-ebola-deja-mas-de-3-mil-muertos-en-republica-democratica-del-congo\/","name":"Brote de \u00e9bola deja m\u00e1s de 3 mil muertos en Rep\u00fablica Democr\u00e1tica del Congo - Fuentes Fidedignas","isPartOf":{"@id":"https:\/\/fuentesfidedignas.com.mx\/#website"},"primaryImageOfPage":{"@id":"https:\/\/fuentesfidedignas.com.mx\/index.php\/2026\/09\/02\/brote-de-ebola-deja-mas-de-3-mil-muertos-en-republica-democratica-del-congo\/#primaryimage"},"image":{"@id":"https:\/\/fuentesfidedignas.com.mx\/index.php\/2026\/09\/02\/brote-de-ebola-deja-mas-de-3-mil-muertos-en-republica-democratica-del-congo\/#primaryimage"},"thumbnailUrl":"https:\/\/fuentesfidedignas.com.mx\/wp-content\/uploads\/2026\/05\/traslado-de-presunta-victima-de-ebola-en-rd-del-congo.jpg","datePublished":"2026-09-02T13:53:34+00:00","dateModified":"2026-09-02T13:53:41+00:00","breadcrumb":{"@id":"https:\/\/fuentesfidedignas.com.mx\/index.php\/2026\/09\/02\/brote-de-ebola-deja-mas-de-3-mil-muertos-en-republica-democratica-del-congo\/#breadcrumb"},"inLanguage":"es","potentialAction":[{"@type":"ReadAction","target":["https:\/\/fuentesfidedignas.com.mx\/index.php\/2026\/09\/02\/brote-de-ebola-deja-mas-de-3-mil-muertos-en-republica-democratica-del-congo\/"]}]},{"@type":"ImageObject","inLanguage":"es","@id":"https:\/\/fuentesfidedignas.com.mx\/index.php\/2026\/09\/02\/brote-de-ebola-deja-mas-de-3-mil-muertos-en-republica-democratica-del-congo\/#primaryimage","url":"https:\/\/fuentesfidedignas.com.mx\/wp-content\/uploads\/2026\/05\/traslado-de-presunta-victima-de-ebola-en-rd-del-congo.jpg","contentUrl":"https:\/\/fuentesfidedignas.com.mx\/wp-content\/uploads\/2026\/05\/traslado-de-presunta-victima-de-ebola-en-rd-del-congo.jpg","width":1200,"height":740},{"@type":"BreadcrumbList","@id":"https:\/\/fuentesfidedignas.com.mx\/index.php\/2026\/09\/02\/brote-de-ebola-deja-mas-de-3-mil-muertos-en-republica-democratica-del-congo\/#breadcrumb","itemListElement":[{"@type":"ListItem","position":1,"name":"Inicio","item":"https:\/\/fuentesfidedignas.com.mx\/"},{"@type":"ListItem","position":2,"name":"Brote de \u00e9bola deja m\u00e1s de 3 mil muertos en Rep\u00fablica Democr\u00e1tica del Congo"}]},{"@type":"WebSite","@id":"https:\/\/fuentesfidedignas.com.mx\/#website","url":"https:\/\/fuentesfidedignas.com.mx\/","name":"Fuentes Fidedignas","description":"Otro sitio realizado con WordPress","publisher":{"@id":"https:\/\/fuentesfidedignas.com.mx\/#organization"},"potentialAction":[{"@type":"SearchAction","target":{"@type":"EntryPoint","urlTemplate":"https:\/\/fuentesfidedignas.com.mx\/?s={search_term_string}"},"query-input":{"@type":"PropertyValueSpecification","valueRequired":true,"valueName":"search_term_string"}}],"inLanguage":"es"},{"@type":"Organization","@id":"https:\/\/fuentesfidedignas.com.mx\/#organization","name":"Fuentes Fidedignas","url":"https:\/\/fuentesfidedignas.com.mx\/","logo":{"@type":"ImageObject","inLanguage":"es","@id":"https:\/\/fuentesfidedignas.com.mx\/#\/schema\/logo\/image\/","url":"https:\/\/fuentesfidedignas.com.mx\/wp-content\/uploads\/2021\/04\/logo-retina.png","contentUrl":"https:\/\/fuentesfidedignas.com.mx\/wp-content\/uploads\/2021\/04\/logo-retina.png","width":280,"height":51,"caption":"Fuentes Fidedignas"},"image":{"@id":"https:\/\/fuentesfidedignas.com.mx\/#\/schema\/logo\/image\/"},"sameAs":["https:\/\/www.facebook.com\/Fuentes-Fidedignas-368234489921644","https:\/\/x.com\/fidedignas"]},{"@type":"Person","@id":"https:\/\/fuentesfidedignas.com.mx\/#\/schema\/person\/0d44615087b5a626d5d3f13afe31ac41","name":"EFE","image":{"@type":"ImageObject","inLanguage":"es","@id":"https:\/\/secure.gravatar.com\/avatar\/7048c2d9b569d9bed55bb53ad23821e6e047aa66338fb6ea9868627bbb9f54e8?s=96&d=mm&r=g","url":"https:\/\/secure.gravatar.com\/avatar\/7048c2d9b569d9bed55bb53ad23821e6e047aa66338fb6ea9868627bbb9f54e8?s=96&d=mm&r=g","contentUrl":"https:\/\/secure.gravatar.com\/avatar\/7048c2d9b569d9bed55bb53ad23821e6e047aa66338fb6ea9868627bbb9f54e8?s=96&d=mm&r=g","caption":"EFE"},"url":"https:\/\/fuentesfidedignas.com.mx\/index.php\/author\/efe\/"}]}},"_links":{"self":[{"href":"https:\/\/fuentesfidedignas.com.mx\/index.php\/wp-json\/wp\/v2\/posts\/141438","targetHints":{"allow":["GET"]}}],"collection":[{"href":"https:\/\/fuentesfidedignas.com.mx\/index.php\/wp-json\/wp\/v2\/posts"}],"about":[{"href":"https:\/\/fuentesfidedignas.com.mx\/index.php\/wp-json\/wp\/v2\/types\/post"}],"author":[{"embeddable":true,"href":"https:\/\/fuentesfidedignas.com.mx\/index.php\/wp-json\/wp\/v2\/users\/22"}],"replies":[{"embeddable":true,"href":"https:\/\/fuentesfidedignas.com.mx\/index.php\/wp-json\/wp\/v2\/comments?post=141438"}],"version-history":[{"count":1,"href":"https:\/\/fuentesfidedignas.com.mx\/index.php\/wp-json\/wp\/v2\/posts\/141438\/revisions"}],"predecessor-version":[{"id":141439,"href":"https:\/\/fuentesfidedignas.com.mx\/index.php\/wp-json\/wp\/v2\/posts\/141438\/revisions\/141439"}],"wp:featuredmedia":[{"embeddable":true,"href":"https:\/\/fuentesfidedignas.com.mx\/index.php\/wp-json\/wp\/v2\/media\/134280"}],"wp:attachment":[{"href":"https:\/\/fuentesfidedignas.com.mx\/index.php\/wp-json\/wp\/v2\/media?parent=141438"}],"wp:term":[{"taxonomy":"category","embeddable":true,"href":"https:\/\/fuentesfidedignas.com.mx\/index.php\/wp-json\/wp\/v2\/categories?post=141438"},{"taxonomy":"post_tag","embeddable":true,"href":"https:\/\/fuentesfidedignas.com.mx\/index.php\/wp-json\/wp\/v2\/tags?post=141438"}],"curies":[{"name":"wp","href":"https:\/\/api.w.org\/{rel}","templated":true}]}}