{"id":141435,"date":"2026-09-02T06:33:38","date_gmt":"2026-09-02T13:33:38","guid":{"rendered":"https:\/\/fuentesfidedignas.com.mx\/?p=141435"},"modified":"2026-09-02T06:33:50","modified_gmt":"2026-09-02T13:33:50","slug":"inicia-en-la-uas-el-taller-para-docentes-diseno-de-productos-de-participacion-estudiantil","status":"publish","type":"post","link":"https:\/\/fuentesfidedignas.com.mx\/index.php\/2026\/09\/02\/inicia-en-la-uas-el-taller-para-docentes-diseno-de-productos-de-participacion-estudiantil\/","title":{"rendered":"Inicia en la UAS el taller para docentes \u201cDise\u00f1o de productos de participaci\u00f3n estudiantil\u201d"},"content":{"rendered":"\n<p class=\"wp-block-paragraph\"><strong><em>Est\u00e1 dise\u00f1ado para promover la participaci\u00f3n estudiantil y consolidar una cultura de paz desde los derechos humanos<\/em><\/strong><\/p>\n\n\n\n<p class=\"wp-block-paragraph\">&#8220;No se trata nada m\u00e1s de educar en los contenidos cient\u00edficos, sino de educar en el ser humano, en entender c\u00f3mo coexistir y c\u00f3mo cohabitar como la gran familia que somos\u201d, se\u00f1al\u00f3 Alma Luz Bernal, responsable del Programa Institucional de Cultura de Paz desde los Derechos Humanos de la Universidad Aut\u00f3noma de Sinaloa (UAS), al inaugurar el taller para docentes \u201cDise\u00f1o de productos de participaci\u00f3n estudiantil\u201d.<\/p>\n\n\n\n<p class=\"wp-block-paragraph\">La doctora explic\u00f3 que este taller forma parte de un programa de capacitaci\u00f3n dirigido a profesores representantes del Programa Institucional de Cultura de Paz desde los Derechos Humanos, de Difusi\u00f3n Cultural y del Programa Institucional de Tutor\u00edas, patrocinado por la Unidad de Bienestar Universitario, que atinadamente dirige la doctora Sof\u00eda Angulo Olivas. Precis\u00f3 que estas actividades se imparten en todas y cada una de las unidades acad\u00e9micas de la instituci\u00f3n.<\/p>\n\n\n\n<p class=\"wp-block-paragraph\">\u201cEn el Plan de Desarrollo Institucional con Visi\u00f3n de Futuro 2029 de nuestro rector, el doctor Jes\u00fas Madue\u00f1a Molina, se contempla el Programa Institucional de Cultura de Paz desde los Derechos Humanos, depositado en cuatro ejes: el eje 1, \u2018La paz como derecho humano\u2019; el eje 2, \u2018Paz positiva, paz negativa y salud emocional\u2019; el eje 3, \u2018Paz feminista, igualdad sustantiva y no violencia\u2019; y el eje 4, \u2018Paz hol\u00edstica y ciudadan\u00eda terrestre\u2019. Con ello cumplimos tambi\u00e9n con la formalidad que dicta la Secretar\u00eda de Educaci\u00f3n P\u00fablica\u201d, refiri\u00f3.<\/p>\n\n\n\n<p class=\"wp-block-paragraph\">En ese sentido, Alma Luz Bernal subray\u00f3 que la educaci\u00f3n no debe limitarse \u00fanicamente a la transmisi\u00f3n de conocimientos cient\u00edficos, sino que tambi\u00e9n debe formar en la pluralidad, la independencia y la transversalidad de las materias, partiendo de la esencia del ser humano y de la dignidad humana.<\/p>\n\n\n\n<p class=\"wp-block-paragraph\">Destac\u00f3 que es fundamental que los docentes comprendan qu\u00e9 son los derechos humanos para, a partir de ello, desarrollar actividades y estrategias que permitan planear el trabajo del semestre que reci\u00e9n inicia. Asimismo, se\u00f1al\u00f3 que se busca recibir las propuestas de los estudiantes para fortalecer y ampliar la cultura de paz dentro de la comunidad universitaria.<\/p>\n","protected":false},"excerpt":{"rendered":"<p>Est\u00e1 dise\u00f1ado para promover la participaci\u00f3n estudiantil y consolidar una cultura de paz desde los derechos humanos &#8220;No se trata nada m\u00e1s de educar en los contenidos cient\u00edficos, sino de educar en el ser humano, en entender c\u00f3mo coexistir y c\u00f3mo cohabitar como la gran familia que somos\u201d, se\u00f1al\u00f3 Alma Luz Bernal, responsable del Programa [&hellip;]<\/p>\n","protected":false},"author":4,"featured_media":141436,"comment_status":"open","ping_status":"open","sticky":false,"template":"","format":"standard","meta":{"tdm_status":"","tdm_grid_status":"","footnotes":""},"categories":[38],"tags":[],"class_list":["post-141435","post","type-post","status-publish","format-standard","has-post-thumbnail","category-noticias-locales"],"yoast_head":"<!-- This site is optimized with the Yoast SEO plugin v28.4 - https:\/\/yoast.com\/product\/yoast-seo-wordpress\/ -->\n<title>Inicia en la UAS el taller para docentes \u201cDise\u00f1o de productos de participaci\u00f3n estudiantil\u201d - Fuentes Fidedignas<\/title>\n<meta name=\"robots\" content=\"index, follow, max-snippet:-1, max-image-preview:large, max-video-preview:-1\" \/>\n<link rel=\"canonical\" href=\"https:\/\/fuentesfidedignas.com.mx\/index.php\/2026\/09\/02\/inicia-en-la-uas-el-taller-para-docentes-diseno-de-productos-de-participacion-estudiantil\/\" \/>\n<meta property=\"og:locale\" content=\"es_MX\" \/>\n<meta property=\"og:type\" content=\"article\" \/>\n<meta property=\"og:title\" content=\"Inicia en la UAS el taller para docentes \u201cDise\u00f1o de productos de participaci\u00f3n estudiantil\u201d - Fuentes Fidedignas\" \/>\n<meta property=\"og:description\" content=\"Est\u00e1 dise\u00f1ado para promover la participaci\u00f3n estudiantil y consolidar una cultura de paz desde los derechos humanos &#8220;No se trata nada m\u00e1s de educar en los contenidos cient\u00edficos, sino de educar en el ser humano, en entender c\u00f3mo coexistir y c\u00f3mo cohabitar como la gran familia que somos\u201d, se\u00f1al\u00f3 Alma Luz Bernal, responsable del Programa [&hellip;]\" \/>\n<meta property=\"og:url\" content=\"https:\/\/fuentesfidedignas.com.mx\/index.php\/2026\/09\/02\/inicia-en-la-uas-el-taller-para-docentes-diseno-de-productos-de-participacion-estudiantil\/\" \/>\n<meta property=\"og:site_name\" content=\"Fuentes Fidedignas\" \/>\n<meta property=\"article:publisher\" content=\"https:\/\/www.facebook.com\/Fuentes-Fidedignas-368234489921644\" \/>\n<meta property=\"article:published_time\" content=\"2026-09-02T13:33:38+00:00\" \/>\n<meta property=\"article:modified_time\" content=\"2026-09-02T13:33:50+00:00\" \/>\n<meta property=\"og:image\" content=\"https:\/\/fuentesfidedignas.com.mx\/wp-content\/uploads\/2026\/09\/taller-UBU-9.jpg\" \/>\n\t<meta property=\"og:image:width\" content=\"500\" \/>\n\t<meta property=\"og:image:height\" content=\"333\" \/>\n\t<meta property=\"og:image:type\" content=\"image\/jpeg\" \/>\n<meta name=\"author\" content=\"Redacci\u00f3n\" \/>\n<meta name=\"twitter:card\" content=\"summary_large_image\" \/>\n<meta name=\"twitter:creator\" content=\"@fidedignas\" \/>\n<meta name=\"twitter:site\" content=\"@fidedignas\" \/>\n<meta name=\"twitter:label1\" content=\"Escrito por\" \/>\n\t<meta name=\"twitter:data1\" content=\"Redacci\u00f3n\" \/>\n\t<meta name=\"twitter:label2\" content=\"Tiempo de lectura\" \/>\n\t<meta name=\"twitter:data2\" content=\"2 minutos\" \/>\n<script type=\"application\/ld+json\" class=\"yoast-schema-graph\">{\"@context\":\"https:\\\/\\\/schema.org\",\"@graph\":[{\"@type\":\"Article\",\"@id\":\"https:\\\/\\\/fuentesfidedignas.com.mx\\\/index.php\\\/2026\\\/09\\\/02\\\/inicia-en-la-uas-el-taller-para-docentes-diseno-de-productos-de-participacion-estudiantil\\\/#article\",\"isPartOf\":{\"@id\":\"https:\\\/\\\/fuentesfidedignas.com.mx\\\/index.php\\\/2026\\\/09\\\/02\\\/inicia-en-la-uas-el-taller-para-docentes-diseno-de-productos-de-participacion-estudiantil\\\/\"},\"author\":{\"name\":\"Redacci\u00f3n\",\"@id\":\"https:\\\/\\\/fuentesfidedignas.com.mx\\\/#\\\/schema\\\/person\\\/331be9283d37198e2acd5750279085b0\"},\"headline\":\"Inicia en la UAS el taller para docentes \u201cDise\u00f1o de productos de participaci\u00f3n estudiantil\u201d\",\"datePublished\":\"2026-09-02T13:33:38+00:00\",\"dateModified\":\"2026-09-02T13:33:50+00:00\",\"mainEntityOfPage\":{\"@id\":\"https:\\\/\\\/fuentesfidedignas.com.mx\\\/index.php\\\/2026\\\/09\\\/02\\\/inicia-en-la-uas-el-taller-para-docentes-diseno-de-productos-de-participacion-estudiantil\\\/\"},\"wordCount\":387,\"commentCount\":0,\"publisher\":{\"@id\":\"https:\\\/\\\/fuentesfidedignas.com.mx\\\/#organization\"},\"image\":{\"@id\":\"https:\\\/\\\/fuentesfidedignas.com.mx\\\/index.php\\\/2026\\\/09\\\/02\\\/inicia-en-la-uas-el-taller-para-docentes-diseno-de-productos-de-participacion-estudiantil\\\/#primaryimage\"},\"thumbnailUrl\":\"https:\\\/\\\/fuentesfidedignas.com.mx\\\/wp-content\\\/uploads\\\/2026\\\/09\\\/taller-UBU-9.jpg\",\"articleSection\":[\"NOTICIAS LOCALES\"],\"inLanguage\":\"es\",\"potentialAction\":[{\"@type\":\"CommentAction\",\"name\":\"Comment\",\"target\":[\"https:\\\/\\\/fuentesfidedignas.com.mx\\\/index.php\\\/2026\\\/09\\\/02\\\/inicia-en-la-uas-el-taller-para-docentes-diseno-de-productos-de-participacion-estudiantil\\\/#respond\"]}]},{\"@type\":\"WebPage\",\"@id\":\"https:\\\/\\\/fuentesfidedignas.com.mx\\\/index.php\\\/2026\\\/09\\\/02\\\/inicia-en-la-uas-el-taller-para-docentes-diseno-de-productos-de-participacion-estudiantil\\\/\",\"url\":\"https:\\\/\\\/fuentesfidedignas.com.mx\\\/index.php\\\/2026\\\/09\\\/02\\\/inicia-en-la-uas-el-taller-para-docentes-diseno-de-productos-de-participacion-estudiantil\\\/\",\"name\":\"Inicia en la UAS el taller para docentes \u201cDise\u00f1o de productos de participaci\u00f3n estudiantil\u201d - Fuentes Fidedignas\",\"isPartOf\":{\"@id\":\"https:\\\/\\\/fuentesfidedignas.com.mx\\\/#website\"},\"primaryImageOfPage\":{\"@id\":\"https:\\\/\\\/fuentesfidedignas.com.mx\\\/index.php\\\/2026\\\/09\\\/02\\\/inicia-en-la-uas-el-taller-para-docentes-diseno-de-productos-de-participacion-estudiantil\\\/#primaryimage\"},\"image\":{\"@id\":\"https:\\\/\\\/fuentesfidedignas.com.mx\\\/index.php\\\/2026\\\/09\\\/02\\\/inicia-en-la-uas-el-taller-para-docentes-diseno-de-productos-de-participacion-estudiantil\\\/#primaryimage\"},\"thumbnailUrl\":\"https:\\\/\\\/fuentesfidedignas.com.mx\\\/wp-content\\\/uploads\\\/2026\\\/09\\\/taller-UBU-9.jpg\",\"datePublished\":\"2026-09-02T13:33:38+00:00\",\"dateModified\":\"2026-09-02T13:33:50+00:00\",\"breadcrumb\":{\"@id\":\"https:\\\/\\\/fuentesfidedignas.com.mx\\\/index.php\\\/2026\\\/09\\\/02\\\/inicia-en-la-uas-el-taller-para-docentes-diseno-de-productos-de-participacion-estudiantil\\\/#breadcrumb\"},\"inLanguage\":\"es\",\"potentialAction\":[{\"@type\":\"ReadAction\",\"target\":[\"https:\\\/\\\/fuentesfidedignas.com.mx\\\/index.php\\\/2026\\\/09\\\/02\\\/inicia-en-la-uas-el-taller-para-docentes-diseno-de-productos-de-participacion-estudiantil\\\/\"]}]},{\"@type\":\"ImageObject\",\"inLanguage\":\"es\",\"@id\":\"https:\\\/\\\/fuentesfidedignas.com.mx\\\/index.php\\\/2026\\\/09\\\/02\\\/inicia-en-la-uas-el-taller-para-docentes-diseno-de-productos-de-participacion-estudiantil\\\/#primaryimage\",\"url\":\"https:\\\/\\\/fuentesfidedignas.com.mx\\\/wp-content\\\/uploads\\\/2026\\\/09\\\/taller-UBU-9.jpg\",\"contentUrl\":\"https:\\\/\\\/fuentesfidedignas.com.mx\\\/wp-content\\\/uploads\\\/2026\\\/09\\\/taller-UBU-9.jpg\",\"width\":500,\"height\":333},{\"@type\":\"BreadcrumbList\",\"@id\":\"https:\\\/\\\/fuentesfidedignas.com.mx\\\/index.php\\\/2026\\\/09\\\/02\\\/inicia-en-la-uas-el-taller-para-docentes-diseno-de-productos-de-participacion-estudiantil\\\/#breadcrumb\",\"itemListElement\":[{\"@type\":\"ListItem\",\"position\":1,\"name\":\"Inicio\",\"item\":\"https:\\\/\\\/fuentesfidedignas.com.mx\\\/\"},{\"@type\":\"ListItem\",\"position\":2,\"name\":\"Inicia en la UAS el taller para docentes \u201cDise\u00f1o de productos de participaci\u00f3n estudiantil\u201d\"}]},{\"@type\":\"WebSite\",\"@id\":\"https:\\\/\\\/fuentesfidedignas.com.mx\\\/#website\",\"url\":\"https:\\\/\\\/fuentesfidedignas.com.mx\\\/\",\"name\":\"Fuentes Fidedignas\",\"description\":\"Otro sitio realizado con WordPress\",\"publisher\":{\"@id\":\"https:\\\/\\\/fuentesfidedignas.com.mx\\\/#organization\"},\"potentialAction\":[{\"@type\":\"SearchAction\",\"target\":{\"@type\":\"EntryPoint\",\"urlTemplate\":\"https:\\\/\\\/fuentesfidedignas.com.mx\\\/?s={search_term_string}\"},\"query-input\":{\"@type\":\"PropertyValueSpecification\",\"valueRequired\":true,\"valueName\":\"search_term_string\"}}],\"inLanguage\":\"es\"},{\"@type\":\"Organization\",\"@id\":\"https:\\\/\\\/fuentesfidedignas.com.mx\\\/#organization\",\"name\":\"Fuentes Fidedignas\",\"url\":\"https:\\\/\\\/fuentesfidedignas.com.mx\\\/\",\"logo\":{\"@type\":\"ImageObject\",\"inLanguage\":\"es\",\"@id\":\"https:\\\/\\\/fuentesfidedignas.com.mx\\\/#\\\/schema\\\/logo\\\/image\\\/\",\"url\":\"https:\\\/\\\/fuentesfidedignas.com.mx\\\/wp-content\\\/uploads\\\/2021\\\/04\\\/logo-retina.png\",\"contentUrl\":\"https:\\\/\\\/fuentesfidedignas.com.mx\\\/wp-content\\\/uploads\\\/2021\\\/04\\\/logo-retina.png\",\"width\":280,\"height\":51,\"caption\":\"Fuentes Fidedignas\"},\"image\":{\"@id\":\"https:\\\/\\\/fuentesfidedignas.com.mx\\\/#\\\/schema\\\/logo\\\/image\\\/\"},\"sameAs\":[\"https:\\\/\\\/www.facebook.com\\\/Fuentes-Fidedignas-368234489921644\",\"https:\\\/\\\/x.com\\\/fidedignas\"]},{\"@type\":\"Person\",\"@id\":\"https:\\\/\\\/fuentesfidedignas.com.mx\\\/#\\\/schema\\\/person\\\/331be9283d37198e2acd5750279085b0\",\"name\":\"Redacci\u00f3n\",\"image\":{\"@type\":\"ImageObject\",\"inLanguage\":\"es\",\"@id\":\"https:\\\/\\\/secure.gravatar.com\\\/avatar\\\/f6d8782c11d12b2d4ad3fbb6931aeab5309937a4d6cd2fc9cfaa28a6396a5aec?s=96&d=mm&r=g\",\"url\":\"https:\\\/\\\/secure.gravatar.com\\\/avatar\\\/f6d8782c11d12b2d4ad3fbb6931aeab5309937a4d6cd2fc9cfaa28a6396a5aec?s=96&d=mm&r=g\",\"contentUrl\":\"https:\\\/\\\/secure.gravatar.com\\\/avatar\\\/f6d8782c11d12b2d4ad3fbb6931aeab5309937a4d6cd2fc9cfaa28a6396a5aec?s=96&d=mm&r=g\",\"caption\":\"Redacci\u00f3n\"},\"url\":\"https:\\\/\\\/fuentesfidedignas.com.mx\\\/index.php\\\/author\\\/redaccion\\\/\"}]}<\/script>\n<!-- \/ Yoast SEO plugin. -->","yoast_head_json":{"title":"Inicia en la UAS el taller para docentes \u201cDise\u00f1o de productos de participaci\u00f3n estudiantil\u201d - Fuentes Fidedignas","robots":{"index":"index","follow":"follow","max-snippet":"max-snippet:-1","max-image-preview":"max-image-preview:large","max-video-preview":"max-video-preview:-1"},"canonical":"https:\/\/fuentesfidedignas.com.mx\/index.php\/2026\/09\/02\/inicia-en-la-uas-el-taller-para-docentes-diseno-de-productos-de-participacion-estudiantil\/","og_locale":"es_MX","og_type":"article","og_title":"Inicia en la UAS el taller para docentes \u201cDise\u00f1o de productos de participaci\u00f3n estudiantil\u201d - Fuentes Fidedignas","og_description":"Est\u00e1 dise\u00f1ado para promover la participaci\u00f3n estudiantil y consolidar una cultura de paz desde los derechos humanos &#8220;No se trata nada m\u00e1s de educar en los contenidos cient\u00edficos, sino de educar en el ser humano, en entender c\u00f3mo coexistir y c\u00f3mo cohabitar como la gran familia que somos\u201d, se\u00f1al\u00f3 Alma Luz Bernal, responsable del Programa [&hellip;]","og_url":"https:\/\/fuentesfidedignas.com.mx\/index.php\/2026\/09\/02\/inicia-en-la-uas-el-taller-para-docentes-diseno-de-productos-de-participacion-estudiantil\/","og_site_name":"Fuentes Fidedignas","article_publisher":"https:\/\/www.facebook.com\/Fuentes-Fidedignas-368234489921644","article_published_time":"2026-09-02T13:33:38+00:00","article_modified_time":"2026-09-02T13:33:50+00:00","og_image":[{"width":500,"height":333,"url":"https:\/\/fuentesfidedignas.com.mx\/wp-content\/uploads\/2026\/09\/taller-UBU-9.jpg","type":"image\/jpeg"}],"author":"Redacci\u00f3n","twitter_card":"summary_large_image","twitter_creator":"@fidedignas","twitter_site":"@fidedignas","twitter_misc":{"Escrito por":"Redacci\u00f3n","Tiempo de lectura":"2 minutos"},"schema":{"@context":"https:\/\/schema.org","@graph":[{"@type":"Article","@id":"https:\/\/fuentesfidedignas.com.mx\/index.php\/2026\/09\/02\/inicia-en-la-uas-el-taller-para-docentes-diseno-de-productos-de-participacion-estudiantil\/#article","isPartOf":{"@id":"https:\/\/fuentesfidedignas.com.mx\/index.php\/2026\/09\/02\/inicia-en-la-uas-el-taller-para-docentes-diseno-de-productos-de-participacion-estudiantil\/"},"author":{"name":"Redacci\u00f3n","@id":"https:\/\/fuentesfidedignas.com.mx\/#\/schema\/person\/331be9283d37198e2acd5750279085b0"},"headline":"Inicia en la UAS el taller para docentes \u201cDise\u00f1o de productos de participaci\u00f3n estudiantil\u201d","datePublished":"2026-09-02T13:33:38+00:00","dateModified":"2026-09-02T13:33:50+00:00","mainEntityOfPage":{"@id":"https:\/\/fuentesfidedignas.com.mx\/index.php\/2026\/09\/02\/inicia-en-la-uas-el-taller-para-docentes-diseno-de-productos-de-participacion-estudiantil\/"},"wordCount":387,"commentCount":0,"publisher":{"@id":"https:\/\/fuentesfidedignas.com.mx\/#organization"},"image":{"@id":"https:\/\/fuentesfidedignas.com.mx\/index.php\/2026\/09\/02\/inicia-en-la-uas-el-taller-para-docentes-diseno-de-productos-de-participacion-estudiantil\/#primaryimage"},"thumbnailUrl":"https:\/\/fuentesfidedignas.com.mx\/wp-content\/uploads\/2026\/09\/taller-UBU-9.jpg","articleSection":["NOTICIAS LOCALES"],"inLanguage":"es","potentialAction":[{"@type":"CommentAction","name":"Comment","target":["https:\/\/fuentesfidedignas.com.mx\/index.php\/2026\/09\/02\/inicia-en-la-uas-el-taller-para-docentes-diseno-de-productos-de-participacion-estudiantil\/#respond"]}]},{"@type":"WebPage","@id":"https:\/\/fuentesfidedignas.com.mx\/index.php\/2026\/09\/02\/inicia-en-la-uas-el-taller-para-docentes-diseno-de-productos-de-participacion-estudiantil\/","url":"https:\/\/fuentesfidedignas.com.mx\/index.php\/2026\/09\/02\/inicia-en-la-uas-el-taller-para-docentes-diseno-de-productos-de-participacion-estudiantil\/","name":"Inicia en la UAS el taller para docentes \u201cDise\u00f1o de productos de participaci\u00f3n estudiantil\u201d - Fuentes Fidedignas","isPartOf":{"@id":"https:\/\/fuentesfidedignas.com.mx\/#website"},"primaryImageOfPage":{"@id":"https:\/\/fuentesfidedignas.com.mx\/index.php\/2026\/09\/02\/inicia-en-la-uas-el-taller-para-docentes-diseno-de-productos-de-participacion-estudiantil\/#primaryimage"},"image":{"@id":"https:\/\/fuentesfidedignas.com.mx\/index.php\/2026\/09\/02\/inicia-en-la-uas-el-taller-para-docentes-diseno-de-productos-de-participacion-estudiantil\/#primaryimage"},"thumbnailUrl":"https:\/\/fuentesfidedignas.com.mx\/wp-content\/uploads\/2026\/09\/taller-UBU-9.jpg","datePublished":"2026-09-02T13:33:38+00:00","dateModified":"2026-09-02T13:33:50+00:00","breadcrumb":{"@id":"https:\/\/fuentesfidedignas.com.mx\/index.php\/2026\/09\/02\/inicia-en-la-uas-el-taller-para-docentes-diseno-de-productos-de-participacion-estudiantil\/#breadcrumb"},"inLanguage":"es","potentialAction":[{"@type":"ReadAction","target":["https:\/\/fuentesfidedignas.com.mx\/index.php\/2026\/09\/02\/inicia-en-la-uas-el-taller-para-docentes-diseno-de-productos-de-participacion-estudiantil\/"]}]},{"@type":"ImageObject","inLanguage":"es","@id":"https:\/\/fuentesfidedignas.com.mx\/index.php\/2026\/09\/02\/inicia-en-la-uas-el-taller-para-docentes-diseno-de-productos-de-participacion-estudiantil\/#primaryimage","url":"https:\/\/fuentesfidedignas.com.mx\/wp-content\/uploads\/2026\/09\/taller-UBU-9.jpg","contentUrl":"https:\/\/fuentesfidedignas.com.mx\/wp-content\/uploads\/2026\/09\/taller-UBU-9.jpg","width":500,"height":333},{"@type":"BreadcrumbList","@id":"https:\/\/fuentesfidedignas.com.mx\/index.php\/2026\/09\/02\/inicia-en-la-uas-el-taller-para-docentes-diseno-de-productos-de-participacion-estudiantil\/#breadcrumb","itemListElement":[{"@type":"ListItem","position":1,"name":"Inicio","item":"https:\/\/fuentesfidedignas.com.mx\/"},{"@type":"ListItem","position":2,"name":"Inicia en la UAS el taller para docentes \u201cDise\u00f1o de productos de participaci\u00f3n estudiantil\u201d"}]},{"@type":"WebSite","@id":"https:\/\/fuentesfidedignas.com.mx\/#website","url":"https:\/\/fuentesfidedignas.com.mx\/","name":"Fuentes Fidedignas","description":"Otro sitio realizado con WordPress","publisher":{"@id":"https:\/\/fuentesfidedignas.com.mx\/#organization"},"potentialAction":[{"@type":"SearchAction","target":{"@type":"EntryPoint","urlTemplate":"https:\/\/fuentesfidedignas.com.mx\/?s={search_term_string}"},"query-input":{"@type":"PropertyValueSpecification","valueRequired":true,"valueName":"search_term_string"}}],"inLanguage":"es"},{"@type":"Organization","@id":"https:\/\/fuentesfidedignas.com.mx\/#organization","name":"Fuentes Fidedignas","url":"https:\/\/fuentesfidedignas.com.mx\/","logo":{"@type":"ImageObject","inLanguage":"es","@id":"https:\/\/fuentesfidedignas.com.mx\/#\/schema\/logo\/image\/","url":"https:\/\/fuentesfidedignas.com.mx\/wp-content\/uploads\/2021\/04\/logo-retina.png","contentUrl":"https:\/\/fuentesfidedignas.com.mx\/wp-content\/uploads\/2021\/04\/logo-retina.png","width":280,"height":51,"caption":"Fuentes Fidedignas"},"image":{"@id":"https:\/\/fuentesfidedignas.com.mx\/#\/schema\/logo\/image\/"},"sameAs":["https:\/\/www.facebook.com\/Fuentes-Fidedignas-368234489921644","https:\/\/x.com\/fidedignas"]},{"@type":"Person","@id":"https:\/\/fuentesfidedignas.com.mx\/#\/schema\/person\/331be9283d37198e2acd5750279085b0","name":"Redacci\u00f3n","image":{"@type":"ImageObject","inLanguage":"es","@id":"https:\/\/secure.gravatar.com\/avatar\/f6d8782c11d12b2d4ad3fbb6931aeab5309937a4d6cd2fc9cfaa28a6396a5aec?s=96&d=mm&r=g","url":"https:\/\/secure.gravatar.com\/avatar\/f6d8782c11d12b2d4ad3fbb6931aeab5309937a4d6cd2fc9cfaa28a6396a5aec?s=96&d=mm&r=g","contentUrl":"https:\/\/secure.gravatar.com\/avatar\/f6d8782c11d12b2d4ad3fbb6931aeab5309937a4d6cd2fc9cfaa28a6396a5aec?s=96&d=mm&r=g","caption":"Redacci\u00f3n"},"url":"https:\/\/fuentesfidedignas.com.mx\/index.php\/author\/redaccion\/"}]}},"_links":{"self":[{"href":"https:\/\/fuentesfidedignas.com.mx\/index.php\/wp-json\/wp\/v2\/posts\/141435","targetHints":{"allow":["GET"]}}],"collection":[{"href":"https:\/\/fuentesfidedignas.com.mx\/index.php\/wp-json\/wp\/v2\/posts"}],"about":[{"href":"https:\/\/fuentesfidedignas.com.mx\/index.php\/wp-json\/wp\/v2\/types\/post"}],"author":[{"embeddable":true,"href":"https:\/\/fuentesfidedignas.com.mx\/index.php\/wp-json\/wp\/v2\/users\/4"}],"replies":[{"embeddable":true,"href":"https:\/\/fuentesfidedignas.com.mx\/index.php\/wp-json\/wp\/v2\/comments?post=141435"}],"version-history":[{"count":1,"href":"https:\/\/fuentesfidedignas.com.mx\/index.php\/wp-json\/wp\/v2\/posts\/141435\/revisions"}],"predecessor-version":[{"id":141437,"href":"https:\/\/fuentesfidedignas.com.mx\/index.php\/wp-json\/wp\/v2\/posts\/141435\/revisions\/141437"}],"wp:featuredmedia":[{"embeddable":true,"href":"https:\/\/fuentesfidedignas.com.mx\/index.php\/wp-json\/wp\/v2\/media\/141436"}],"wp:attachment":[{"href":"https:\/\/fuentesfidedignas.com.mx\/index.php\/wp-json\/wp\/v2\/media?parent=141435"}],"wp:term":[{"taxonomy":"category","embeddable":true,"href":"https:\/\/fuentesfidedignas.com.mx\/index.php\/wp-json\/wp\/v2\/categories?post=141435"},{"taxonomy":"post_tag","embeddable":true,"href":"https:\/\/fuentesfidedignas.com.mx\/index.php\/wp-json\/wp\/v2\/tags?post=141435"}],"curies":[{"name":"wp","href":"https:\/\/api.w.org\/{rel}","templated":true}]}}