{"id":141433,"date":"2026-09-02T06:12:30","date_gmt":"2026-09-02T13:12:30","guid":{"rendered":"https:\/\/fuentesfidedignas.com.mx\/?p=141433"},"modified":"2026-09-02T06:13:57","modified_gmt":"2026-09-02T13:13:57","slug":"preve-el-smn-lluvias-fuertes-y-calor-de-hasta-45c-en-sinaloa-para-este-miercoles","status":"publish","type":"post","link":"https:\/\/fuentesfidedignas.com.mx\/index.php\/2026\/09\/02\/preve-el-smn-lluvias-fuertes-y-calor-de-hasta-45c-en-sinaloa-para-este-miercoles\/","title":{"rendered":"Prev\u00e9 el SMN lluvias fuertes y calor de hasta 45\u00b0C en Sinaloa para este mi\u00e9rcoles"},"content":{"rendered":"\n<p class=\"wp-block-paragraph\"><strong><em>Una circulaci\u00f3n anticicl\u00f3nica en niveles medios de la atm\u00f3sfera mantendr\u00e1 el ambiente caluroso a muy caluroso en el norte del territorio mexicano, estados del litoral del Pac\u00edfico, del golfo de M\u00e9xico y de la pen\u00ednsula de Yucat\u00e1n<\/em><\/strong><\/p>\n\n\n\n<p class=\"wp-block-paragraph\">Este d\u00eda, el monz\u00f3n mexicano sobre el noroeste de M\u00e9xico e inestabilidad atmosf\u00e9rica, propiciar\u00e1n lluvias fuertes a muy fuertes, descargas el\u00e9ctricas y rachas de viento en dicha regi\u00f3n. Por otra parte, la tormenta tropical Marie podr\u00eda intensificarse a hurac\u00e1n durante este d\u00eda en el oc\u00e9ano Pac\u00edfico, desplaz\u00e1ndose al suroeste de Baja California Sur; su extensa circulaci\u00f3n originar\u00e1 oleaje elevado en la pen\u00ednsula de Baja California y las costas de Pac\u00edfico Central mexicano, as\u00ed como reforzar la presencia de lluvias fuertes a muy fuertes en Baja California Sur y el occidente del territorio nacional. Simult\u00e1neamente, canales de baja presi\u00f3n sobre el interior de la Rep\u00fablica Mexicana, en interacci\u00f3n con circulaciones cicl\u00f3nicas y vaguadas en niveles altos de la atm\u00f3sfera, adem\u00e1s del paso de la onda tropical n\u00fam. 35 sobre el sur de M\u00e9xico, ocasionar\u00e1n chubascos y lluvias fuertes a muy fuertes acompa\u00f1adas con descargas el\u00e9ctricas en el noreste, oriente, sur y sureste mexicano, y con posible ca\u00edda de granizo en el occidente y centro del pa\u00eds. Asimismo, la nueva onda tropical n\u00fam. 36 sobre la pen\u00ednsula de Yucat\u00e1n, generar\u00e1 lluvias fuertes en dicha pen\u00ednsula. Finalmente, una circulaci\u00f3n anticicl\u00f3nica en niveles medios de la atm\u00f3sfera mantendr\u00e1 el ambiente caluroso a muy caluroso en el norte del territorio mexicano, estados del litoral del Pac\u00edfico, del golfo de M\u00e9xico y de la pen\u00ednsula de Yucat\u00e1n; prevaleciendo la onda de calor en Tamaulipas (oeste), Nuevo Le\u00f3n (centro, sur y este), Coahuila (norte y sur) y Sinaloa (centro y sur).<\/p>\n\n\n\n<p class=\"wp-block-paragraph\"><strong>Pac\u00edfico Norte:<\/strong>\u00a0Cielo medio nublado a nublado en el transcurso del d\u00eda, con lluvias puntuales muy fuertes en Sonora (este) y lluvias fuertes en Sinaloa (norte y centro), todas con descargas el\u00e9ctricas,\u00a0<em>mismas que cuales podr\u00edan originar el incremento en los niveles de r\u00edos y arroyos, deslaves, inundaciones, encharcamientos y visibilidad reducida<\/em>. Por la ma\u00f1ana, ambiente c\u00e1lido en la mayor parte de la regi\u00f3n, y templado en zonas serranas. Durante la tarde ambiente c\u00e1lido en zonas serranas, caluroso en la mayor parte de la regi\u00f3n y muy caluroso en el noroeste de Sonora, prevaleciendo la\u00a0<strong>onda de calor<\/strong>\u00a0en Sinaloa (centro y sur). Viento de componente oeste de 10 a 20 km\/h con rachas de 30 a 50 km\/h en zonas de Sonora y Sinaloa. Mar de Fondo con oleaje de 1.5 a 2.5 metros de altura en la costa de Sinaloa.<\/p>\n\n\n\n<p class=\"wp-block-paragraph\"><strong>Pron\u00f3stico de lluvias para\u00a0hoy 02 de septiembre de 2026:<\/strong><\/p>\n\n\n\n<p class=\"wp-block-paragraph\"><strong>Lluvias fuertes con puntuales muy fuertes (50 a 75 mm):&nbsp;<\/strong>Baja California Sur (sur), Sonora (este), Chihuahua (oeste y suroeste), Nayarit (norte) y Michoac\u00e1n (norte, centro y este).<\/p>\n\n\n\n<p class=\"wp-block-paragraph\"><strong>Chubascos con lluvias puntuales fuertes (25 a 50 mm):&nbsp;<\/strong>Sinaloa (norte y centro), Durango (oeste), Zacatecas (oeste y sur), Aguascalientes, Jalisco (norte, oeste, sur y este), Colima, Guerrero (centro, oeste y este), Guanajuato (norte y oeste), Quer\u00e9taro (centro y sur), Hidalgo (norte, centro y suroeste), Estado de M\u00e9xico (norte y noroeste), Puebla (oeste), Veracruz (centro y sur), Oaxaca (norte y este), Chiapas (sur), Campeche (norte y centro), Yucat\u00e1n (oeste, centro y sur) y Quintana Roo (norte, centro y sur).<\/p>\n\n\n\n<p class=\"wp-block-paragraph\"><strong>Intervalos de chubascos (5 a 25 mm):&nbsp;<\/strong>Coahuila, Nuevo Le\u00f3n, Tamaulipas, San Luis Potos\u00ed, Ciudad de M\u00e9xico, Morelos, Tlaxcala y Tabasco.<\/p>\n\n\n\n<p class=\"wp-block-paragraph\"><strong>Lluvias aisladas (0.1 a 5 mm):<\/strong>&nbsp;Baja California.<\/p>\n\n\n\n<p class=\"wp-block-paragraph\"><strong>Pron\u00f3stico de temperaturas m\u00e1ximas para&nbsp;hoy 02 de septiembre de 2026:<br><br><\/strong><strong>Temperaturas m\u00e1ximas de 40 a 45 \u00b0C:&nbsp;<\/strong>Baja California (noreste y sur), Sonora (noroeste), Chihuahua (noreste), Sinaloa (centro y sur), Coahuila (norte), Nuevo Le\u00f3n (norte y este), Tamaulipas (oeste y centro), San Luis Potos\u00ed (este) y Oaxaca (sur).<br><strong>Temperaturas m\u00e1ximas de 35 a 40 \u00b0C:<\/strong>&nbsp;Baja California Sur (centro y sureste), Durango, Nayarit, Jalisco, Colima, Morelos, Puebla (norte y suroeste), Veracruz, Guerrero, Chiapas, Tabasco, Campeche, Yucat\u00e1n y Quintana Roo.<br><strong>Temperaturas m\u00e1ximas de 30 a 35 \u00b0C:&nbsp;<\/strong>Michoac\u00e1n, Zacatecas, Aguascalientes, Hidalgo, Estado de M\u00e9xico (suroeste) y Quer\u00e9taro.<\/p>\n","protected":false},"excerpt":{"rendered":"<p>Una circulaci\u00f3n anticicl\u00f3nica en niveles medios de la atm\u00f3sfera mantendr\u00e1 el ambiente caluroso a muy caluroso en el norte del territorio mexicano, estados del litoral del Pac\u00edfico, del golfo de M\u00e9xico y de la pen\u00ednsula de Yucat\u00e1n Este d\u00eda, el monz\u00f3n mexicano sobre el noroeste de M\u00e9xico e inestabilidad atmosf\u00e9rica, propiciar\u00e1n lluvias fuertes a muy [&hellip;]<\/p>\n","protected":false},"author":4,"featured_media":45507,"comment_status":"open","ping_status":"open","sticky":false,"template":"","format":"standard","meta":{"tdm_status":"","tdm_grid_status":"","footnotes":""},"categories":[38],"tags":[],"class_list":["post-141433","post","type-post","status-publish","format-standard","has-post-thumbnail","category-noticias-locales"],"yoast_head":"<!-- This site is optimized with the Yoast SEO plugin v28.4 - https:\/\/yoast.com\/product\/yoast-seo-wordpress\/ -->\n<title>Prev\u00e9 el SMN lluvias fuertes y calor de hasta 45\u00b0C en Sinaloa para este mi\u00e9rcoles - Fuentes Fidedignas<\/title>\n<meta name=\"robots\" content=\"index, follow, max-snippet:-1, max-image-preview:large, max-video-preview:-1\" \/>\n<link rel=\"canonical\" href=\"https:\/\/fuentesfidedignas.com.mx\/index.php\/2026\/09\/02\/preve-el-smn-lluvias-fuertes-y-calor-de-hasta-45c-en-sinaloa-para-este-miercoles\/\" \/>\n<meta property=\"og:locale\" content=\"es_MX\" \/>\n<meta property=\"og:type\" content=\"article\" \/>\n<meta property=\"og:title\" content=\"Prev\u00e9 el SMN lluvias fuertes y calor de hasta 45\u00b0C en Sinaloa para este mi\u00e9rcoles - Fuentes Fidedignas\" \/>\n<meta property=\"og:description\" content=\"Una circulaci\u00f3n anticicl\u00f3nica en niveles medios de la atm\u00f3sfera mantendr\u00e1 el ambiente caluroso a muy caluroso en el norte del territorio mexicano, estados del litoral del Pac\u00edfico, del golfo de M\u00e9xico y de la pen\u00ednsula de Yucat\u00e1n Este d\u00eda, el monz\u00f3n mexicano sobre el noroeste de M\u00e9xico e inestabilidad atmosf\u00e9rica, propiciar\u00e1n lluvias fuertes a muy [&hellip;]\" \/>\n<meta property=\"og:url\" content=\"https:\/\/fuentesfidedignas.com.mx\/index.php\/2026\/09\/02\/preve-el-smn-lluvias-fuertes-y-calor-de-hasta-45c-en-sinaloa-para-este-miercoles\/\" \/>\n<meta property=\"og:site_name\" content=\"Fuentes Fidedignas\" \/>\n<meta property=\"article:publisher\" content=\"https:\/\/www.facebook.com\/Fuentes-Fidedignas-368234489921644\" \/>\n<meta property=\"article:published_time\" content=\"2026-09-02T13:12:30+00:00\" \/>\n<meta property=\"article:modified_time\" content=\"2026-09-02T13:13:57+00:00\" \/>\n<meta property=\"og:image\" content=\"https:\/\/fuentesfidedignas.com.mx\/wp-content\/uploads\/2023\/04\/calor-verano-persona-con-sombrilla.jpg\" \/>\n\t<meta property=\"og:image:width\" content=\"1140\" \/>\n\t<meta property=\"og:image:height\" content=\"712\" \/>\n\t<meta property=\"og:image:type\" content=\"image\/jpeg\" \/>\n<meta name=\"author\" content=\"Redacci\u00f3n\" \/>\n<meta name=\"twitter:card\" content=\"summary_large_image\" \/>\n<meta name=\"twitter:creator\" content=\"@fidedignas\" \/>\n<meta name=\"twitter:site\" content=\"@fidedignas\" \/>\n<meta name=\"twitter:label1\" content=\"Escrito por\" \/>\n\t<meta name=\"twitter:data1\" content=\"Redacci\u00f3n\" \/>\n\t<meta name=\"twitter:label2\" content=\"Tiempo de lectura\" \/>\n\t<meta name=\"twitter:data2\" content=\"4 minutos\" \/>\n<script type=\"application\/ld+json\" class=\"yoast-schema-graph\">{\"@context\":\"https:\\\/\\\/schema.org\",\"@graph\":[{\"@type\":\"Article\",\"@id\":\"https:\\\/\\\/fuentesfidedignas.com.mx\\\/index.php\\\/2026\\\/09\\\/02\\\/preve-el-smn-lluvias-fuertes-y-calor-de-hasta-45c-en-sinaloa-para-este-miercoles\\\/#article\",\"isPartOf\":{\"@id\":\"https:\\\/\\\/fuentesfidedignas.com.mx\\\/index.php\\\/2026\\\/09\\\/02\\\/preve-el-smn-lluvias-fuertes-y-calor-de-hasta-45c-en-sinaloa-para-este-miercoles\\\/\"},\"author\":{\"name\":\"Redacci\u00f3n\",\"@id\":\"https:\\\/\\\/fuentesfidedignas.com.mx\\\/#\\\/schema\\\/person\\\/331be9283d37198e2acd5750279085b0\"},\"headline\":\"Prev\u00e9 el SMN lluvias fuertes y calor de hasta 45\u00b0C en Sinaloa para este mi\u00e9rcoles\",\"datePublished\":\"2026-09-02T13:12:30+00:00\",\"dateModified\":\"2026-09-02T13:13:57+00:00\",\"mainEntityOfPage\":{\"@id\":\"https:\\\/\\\/fuentesfidedignas.com.mx\\\/index.php\\\/2026\\\/09\\\/02\\\/preve-el-smn-lluvias-fuertes-y-calor-de-hasta-45c-en-sinaloa-para-este-miercoles\\\/\"},\"wordCount\":742,\"commentCount\":0,\"publisher\":{\"@id\":\"https:\\\/\\\/fuentesfidedignas.com.mx\\\/#organization\"},\"image\":{\"@id\":\"https:\\\/\\\/fuentesfidedignas.com.mx\\\/index.php\\\/2026\\\/09\\\/02\\\/preve-el-smn-lluvias-fuertes-y-calor-de-hasta-45c-en-sinaloa-para-este-miercoles\\\/#primaryimage\"},\"thumbnailUrl\":\"https:\\\/\\\/fuentesfidedignas.com.mx\\\/wp-content\\\/uploads\\\/2023\\\/04\\\/calor-verano-persona-con-sombrilla.jpg\",\"articleSection\":[\"NOTICIAS LOCALES\"],\"inLanguage\":\"es\",\"potentialAction\":[{\"@type\":\"CommentAction\",\"name\":\"Comment\",\"target\":[\"https:\\\/\\\/fuentesfidedignas.com.mx\\\/index.php\\\/2026\\\/09\\\/02\\\/preve-el-smn-lluvias-fuertes-y-calor-de-hasta-45c-en-sinaloa-para-este-miercoles\\\/#respond\"]}]},{\"@type\":\"WebPage\",\"@id\":\"https:\\\/\\\/fuentesfidedignas.com.mx\\\/index.php\\\/2026\\\/09\\\/02\\\/preve-el-smn-lluvias-fuertes-y-calor-de-hasta-45c-en-sinaloa-para-este-miercoles\\\/\",\"url\":\"https:\\\/\\\/fuentesfidedignas.com.mx\\\/index.php\\\/2026\\\/09\\\/02\\\/preve-el-smn-lluvias-fuertes-y-calor-de-hasta-45c-en-sinaloa-para-este-miercoles\\\/\",\"name\":\"Prev\u00e9 el SMN lluvias fuertes y calor de hasta 45\u00b0C en Sinaloa para este mi\u00e9rcoles - Fuentes Fidedignas\",\"isPartOf\":{\"@id\":\"https:\\\/\\\/fuentesfidedignas.com.mx\\\/#website\"},\"primaryImageOfPage\":{\"@id\":\"https:\\\/\\\/fuentesfidedignas.com.mx\\\/index.php\\\/2026\\\/09\\\/02\\\/preve-el-smn-lluvias-fuertes-y-calor-de-hasta-45c-en-sinaloa-para-este-miercoles\\\/#primaryimage\"},\"image\":{\"@id\":\"https:\\\/\\\/fuentesfidedignas.com.mx\\\/index.php\\\/2026\\\/09\\\/02\\\/preve-el-smn-lluvias-fuertes-y-calor-de-hasta-45c-en-sinaloa-para-este-miercoles\\\/#primaryimage\"},\"thumbnailUrl\":\"https:\\\/\\\/fuentesfidedignas.com.mx\\\/wp-content\\\/uploads\\\/2023\\\/04\\\/calor-verano-persona-con-sombrilla.jpg\",\"datePublished\":\"2026-09-02T13:12:30+00:00\",\"dateModified\":\"2026-09-02T13:13:57+00:00\",\"breadcrumb\":{\"@id\":\"https:\\\/\\\/fuentesfidedignas.com.mx\\\/index.php\\\/2026\\\/09\\\/02\\\/preve-el-smn-lluvias-fuertes-y-calor-de-hasta-45c-en-sinaloa-para-este-miercoles\\\/#breadcrumb\"},\"inLanguage\":\"es\",\"potentialAction\":[{\"@type\":\"ReadAction\",\"target\":[\"https:\\\/\\\/fuentesfidedignas.com.mx\\\/index.php\\\/2026\\\/09\\\/02\\\/preve-el-smn-lluvias-fuertes-y-calor-de-hasta-45c-en-sinaloa-para-este-miercoles\\\/\"]}]},{\"@type\":\"ImageObject\",\"inLanguage\":\"es\",\"@id\":\"https:\\\/\\\/fuentesfidedignas.com.mx\\\/index.php\\\/2026\\\/09\\\/02\\\/preve-el-smn-lluvias-fuertes-y-calor-de-hasta-45c-en-sinaloa-para-este-miercoles\\\/#primaryimage\",\"url\":\"https:\\\/\\\/fuentesfidedignas.com.mx\\\/wp-content\\\/uploads\\\/2023\\\/04\\\/calor-verano-persona-con-sombrilla.jpg\",\"contentUrl\":\"https:\\\/\\\/fuentesfidedignas.com.mx\\\/wp-content\\\/uploads\\\/2023\\\/04\\\/calor-verano-persona-con-sombrilla.jpg\",\"width\":1140,\"height\":712},{\"@type\":\"BreadcrumbList\",\"@id\":\"https:\\\/\\\/fuentesfidedignas.com.mx\\\/index.php\\\/2026\\\/09\\\/02\\\/preve-el-smn-lluvias-fuertes-y-calor-de-hasta-45c-en-sinaloa-para-este-miercoles\\\/#breadcrumb\",\"itemListElement\":[{\"@type\":\"ListItem\",\"position\":1,\"name\":\"Inicio\",\"item\":\"https:\\\/\\\/fuentesfidedignas.com.mx\\\/\"},{\"@type\":\"ListItem\",\"position\":2,\"name\":\"Prev\u00e9 el SMN lluvias fuertes y calor de hasta 45\u00b0C en Sinaloa para este mi\u00e9rcoles\"}]},{\"@type\":\"WebSite\",\"@id\":\"https:\\\/\\\/fuentesfidedignas.com.mx\\\/#website\",\"url\":\"https:\\\/\\\/fuentesfidedignas.com.mx\\\/\",\"name\":\"Fuentes Fidedignas\",\"description\":\"Otro sitio realizado con WordPress\",\"publisher\":{\"@id\":\"https:\\\/\\\/fuentesfidedignas.com.mx\\\/#organization\"},\"potentialAction\":[{\"@type\":\"SearchAction\",\"target\":{\"@type\":\"EntryPoint\",\"urlTemplate\":\"https:\\\/\\\/fuentesfidedignas.com.mx\\\/?s={search_term_string}\"},\"query-input\":{\"@type\":\"PropertyValueSpecification\",\"valueRequired\":true,\"valueName\":\"search_term_string\"}}],\"inLanguage\":\"es\"},{\"@type\":\"Organization\",\"@id\":\"https:\\\/\\\/fuentesfidedignas.com.mx\\\/#organization\",\"name\":\"Fuentes Fidedignas\",\"url\":\"https:\\\/\\\/fuentesfidedignas.com.mx\\\/\",\"logo\":{\"@type\":\"ImageObject\",\"inLanguage\":\"es\",\"@id\":\"https:\\\/\\\/fuentesfidedignas.com.mx\\\/#\\\/schema\\\/logo\\\/image\\\/\",\"url\":\"https:\\\/\\\/fuentesfidedignas.com.mx\\\/wp-content\\\/uploads\\\/2021\\\/04\\\/logo-retina.png\",\"contentUrl\":\"https:\\\/\\\/fuentesfidedignas.com.mx\\\/wp-content\\\/uploads\\\/2021\\\/04\\\/logo-retina.png\",\"width\":280,\"height\":51,\"caption\":\"Fuentes Fidedignas\"},\"image\":{\"@id\":\"https:\\\/\\\/fuentesfidedignas.com.mx\\\/#\\\/schema\\\/logo\\\/image\\\/\"},\"sameAs\":[\"https:\\\/\\\/www.facebook.com\\\/Fuentes-Fidedignas-368234489921644\",\"https:\\\/\\\/x.com\\\/fidedignas\"]},{\"@type\":\"Person\",\"@id\":\"https:\\\/\\\/fuentesfidedignas.com.mx\\\/#\\\/schema\\\/person\\\/331be9283d37198e2acd5750279085b0\",\"name\":\"Redacci\u00f3n\",\"image\":{\"@type\":\"ImageObject\",\"inLanguage\":\"es\",\"@id\":\"https:\\\/\\\/secure.gravatar.com\\\/avatar\\\/f6d8782c11d12b2d4ad3fbb6931aeab5309937a4d6cd2fc9cfaa28a6396a5aec?s=96&d=mm&r=g\",\"url\":\"https:\\\/\\\/secure.gravatar.com\\\/avatar\\\/f6d8782c11d12b2d4ad3fbb6931aeab5309937a4d6cd2fc9cfaa28a6396a5aec?s=96&d=mm&r=g\",\"contentUrl\":\"https:\\\/\\\/secure.gravatar.com\\\/avatar\\\/f6d8782c11d12b2d4ad3fbb6931aeab5309937a4d6cd2fc9cfaa28a6396a5aec?s=96&d=mm&r=g\",\"caption\":\"Redacci\u00f3n\"},\"url\":\"https:\\\/\\\/fuentesfidedignas.com.mx\\\/index.php\\\/author\\\/redaccion\\\/\"}]}<\/script>\n<!-- \/ Yoast SEO plugin. -->","yoast_head_json":{"title":"Prev\u00e9 el SMN lluvias fuertes y calor de hasta 45\u00b0C en Sinaloa para este mi\u00e9rcoles - Fuentes Fidedignas","robots":{"index":"index","follow":"follow","max-snippet":"max-snippet:-1","max-image-preview":"max-image-preview:large","max-video-preview":"max-video-preview:-1"},"canonical":"https:\/\/fuentesfidedignas.com.mx\/index.php\/2026\/09\/02\/preve-el-smn-lluvias-fuertes-y-calor-de-hasta-45c-en-sinaloa-para-este-miercoles\/","og_locale":"es_MX","og_type":"article","og_title":"Prev\u00e9 el SMN lluvias fuertes y calor de hasta 45\u00b0C en Sinaloa para este mi\u00e9rcoles - Fuentes Fidedignas","og_description":"Una circulaci\u00f3n anticicl\u00f3nica en niveles medios de la atm\u00f3sfera mantendr\u00e1 el ambiente caluroso a muy caluroso en el norte del territorio mexicano, estados del litoral del Pac\u00edfico, del golfo de M\u00e9xico y de la pen\u00ednsula de Yucat\u00e1n Este d\u00eda, el monz\u00f3n mexicano sobre el noroeste de M\u00e9xico e inestabilidad atmosf\u00e9rica, propiciar\u00e1n lluvias fuertes a muy [&hellip;]","og_url":"https:\/\/fuentesfidedignas.com.mx\/index.php\/2026\/09\/02\/preve-el-smn-lluvias-fuertes-y-calor-de-hasta-45c-en-sinaloa-para-este-miercoles\/","og_site_name":"Fuentes Fidedignas","article_publisher":"https:\/\/www.facebook.com\/Fuentes-Fidedignas-368234489921644","article_published_time":"2026-09-02T13:12:30+00:00","article_modified_time":"2026-09-02T13:13:57+00:00","og_image":[{"width":1140,"height":712,"url":"https:\/\/fuentesfidedignas.com.mx\/wp-content\/uploads\/2023\/04\/calor-verano-persona-con-sombrilla.jpg","type":"image\/jpeg"}],"author":"Redacci\u00f3n","twitter_card":"summary_large_image","twitter_creator":"@fidedignas","twitter_site":"@fidedignas","twitter_misc":{"Escrito por":"Redacci\u00f3n","Tiempo de lectura":"4 minutos"},"schema":{"@context":"https:\/\/schema.org","@graph":[{"@type":"Article","@id":"https:\/\/fuentesfidedignas.com.mx\/index.php\/2026\/09\/02\/preve-el-smn-lluvias-fuertes-y-calor-de-hasta-45c-en-sinaloa-para-este-miercoles\/#article","isPartOf":{"@id":"https:\/\/fuentesfidedignas.com.mx\/index.php\/2026\/09\/02\/preve-el-smn-lluvias-fuertes-y-calor-de-hasta-45c-en-sinaloa-para-este-miercoles\/"},"author":{"name":"Redacci\u00f3n","@id":"https:\/\/fuentesfidedignas.com.mx\/#\/schema\/person\/331be9283d37198e2acd5750279085b0"},"headline":"Prev\u00e9 el SMN lluvias fuertes y calor de hasta 45\u00b0C en Sinaloa para este mi\u00e9rcoles","datePublished":"2026-09-02T13:12:30+00:00","dateModified":"2026-09-02T13:13:57+00:00","mainEntityOfPage":{"@id":"https:\/\/fuentesfidedignas.com.mx\/index.php\/2026\/09\/02\/preve-el-smn-lluvias-fuertes-y-calor-de-hasta-45c-en-sinaloa-para-este-miercoles\/"},"wordCount":742,"commentCount":0,"publisher":{"@id":"https:\/\/fuentesfidedignas.com.mx\/#organization"},"image":{"@id":"https:\/\/fuentesfidedignas.com.mx\/index.php\/2026\/09\/02\/preve-el-smn-lluvias-fuertes-y-calor-de-hasta-45c-en-sinaloa-para-este-miercoles\/#primaryimage"},"thumbnailUrl":"https:\/\/fuentesfidedignas.com.mx\/wp-content\/uploads\/2023\/04\/calor-verano-persona-con-sombrilla.jpg","articleSection":["NOTICIAS LOCALES"],"inLanguage":"es","potentialAction":[{"@type":"CommentAction","name":"Comment","target":["https:\/\/fuentesfidedignas.com.mx\/index.php\/2026\/09\/02\/preve-el-smn-lluvias-fuertes-y-calor-de-hasta-45c-en-sinaloa-para-este-miercoles\/#respond"]}]},{"@type":"WebPage","@id":"https:\/\/fuentesfidedignas.com.mx\/index.php\/2026\/09\/02\/preve-el-smn-lluvias-fuertes-y-calor-de-hasta-45c-en-sinaloa-para-este-miercoles\/","url":"https:\/\/fuentesfidedignas.com.mx\/index.php\/2026\/09\/02\/preve-el-smn-lluvias-fuertes-y-calor-de-hasta-45c-en-sinaloa-para-este-miercoles\/","name":"Prev\u00e9 el SMN lluvias fuertes y calor de hasta 45\u00b0C en Sinaloa para este mi\u00e9rcoles - Fuentes Fidedignas","isPartOf":{"@id":"https:\/\/fuentesfidedignas.com.mx\/#website"},"primaryImageOfPage":{"@id":"https:\/\/fuentesfidedignas.com.mx\/index.php\/2026\/09\/02\/preve-el-smn-lluvias-fuertes-y-calor-de-hasta-45c-en-sinaloa-para-este-miercoles\/#primaryimage"},"image":{"@id":"https:\/\/fuentesfidedignas.com.mx\/index.php\/2026\/09\/02\/preve-el-smn-lluvias-fuertes-y-calor-de-hasta-45c-en-sinaloa-para-este-miercoles\/#primaryimage"},"thumbnailUrl":"https:\/\/fuentesfidedignas.com.mx\/wp-content\/uploads\/2023\/04\/calor-verano-persona-con-sombrilla.jpg","datePublished":"2026-09-02T13:12:30+00:00","dateModified":"2026-09-02T13:13:57+00:00","breadcrumb":{"@id":"https:\/\/fuentesfidedignas.com.mx\/index.php\/2026\/09\/02\/preve-el-smn-lluvias-fuertes-y-calor-de-hasta-45c-en-sinaloa-para-este-miercoles\/#breadcrumb"},"inLanguage":"es","potentialAction":[{"@type":"ReadAction","target":["https:\/\/fuentesfidedignas.com.mx\/index.php\/2026\/09\/02\/preve-el-smn-lluvias-fuertes-y-calor-de-hasta-45c-en-sinaloa-para-este-miercoles\/"]}]},{"@type":"ImageObject","inLanguage":"es","@id":"https:\/\/fuentesfidedignas.com.mx\/index.php\/2026\/09\/02\/preve-el-smn-lluvias-fuertes-y-calor-de-hasta-45c-en-sinaloa-para-este-miercoles\/#primaryimage","url":"https:\/\/fuentesfidedignas.com.mx\/wp-content\/uploads\/2023\/04\/calor-verano-persona-con-sombrilla.jpg","contentUrl":"https:\/\/fuentesfidedignas.com.mx\/wp-content\/uploads\/2023\/04\/calor-verano-persona-con-sombrilla.jpg","width":1140,"height":712},{"@type":"BreadcrumbList","@id":"https:\/\/fuentesfidedignas.com.mx\/index.php\/2026\/09\/02\/preve-el-smn-lluvias-fuertes-y-calor-de-hasta-45c-en-sinaloa-para-este-miercoles\/#breadcrumb","itemListElement":[{"@type":"ListItem","position":1,"name":"Inicio","item":"https:\/\/fuentesfidedignas.com.mx\/"},{"@type":"ListItem","position":2,"name":"Prev\u00e9 el SMN lluvias fuertes y calor de hasta 45\u00b0C en Sinaloa para este mi\u00e9rcoles"}]},{"@type":"WebSite","@id":"https:\/\/fuentesfidedignas.com.mx\/#website","url":"https:\/\/fuentesfidedignas.com.mx\/","name":"Fuentes Fidedignas","description":"Otro sitio realizado con WordPress","publisher":{"@id":"https:\/\/fuentesfidedignas.com.mx\/#organization"},"potentialAction":[{"@type":"SearchAction","target":{"@type":"EntryPoint","urlTemplate":"https:\/\/fuentesfidedignas.com.mx\/?s={search_term_string}"},"query-input":{"@type":"PropertyValueSpecification","valueRequired":true,"valueName":"search_term_string"}}],"inLanguage":"es"},{"@type":"Organization","@id":"https:\/\/fuentesfidedignas.com.mx\/#organization","name":"Fuentes Fidedignas","url":"https:\/\/fuentesfidedignas.com.mx\/","logo":{"@type":"ImageObject","inLanguage":"es","@id":"https:\/\/fuentesfidedignas.com.mx\/#\/schema\/logo\/image\/","url":"https:\/\/fuentesfidedignas.com.mx\/wp-content\/uploads\/2021\/04\/logo-retina.png","contentUrl":"https:\/\/fuentesfidedignas.com.mx\/wp-content\/uploads\/2021\/04\/logo-retina.png","width":280,"height":51,"caption":"Fuentes Fidedignas"},"image":{"@id":"https:\/\/fuentesfidedignas.com.mx\/#\/schema\/logo\/image\/"},"sameAs":["https:\/\/www.facebook.com\/Fuentes-Fidedignas-368234489921644","https:\/\/x.com\/fidedignas"]},{"@type":"Person","@id":"https:\/\/fuentesfidedignas.com.mx\/#\/schema\/person\/331be9283d37198e2acd5750279085b0","name":"Redacci\u00f3n","image":{"@type":"ImageObject","inLanguage":"es","@id":"https:\/\/secure.gravatar.com\/avatar\/f6d8782c11d12b2d4ad3fbb6931aeab5309937a4d6cd2fc9cfaa28a6396a5aec?s=96&d=mm&r=g","url":"https:\/\/secure.gravatar.com\/avatar\/f6d8782c11d12b2d4ad3fbb6931aeab5309937a4d6cd2fc9cfaa28a6396a5aec?s=96&d=mm&r=g","contentUrl":"https:\/\/secure.gravatar.com\/avatar\/f6d8782c11d12b2d4ad3fbb6931aeab5309937a4d6cd2fc9cfaa28a6396a5aec?s=96&d=mm&r=g","caption":"Redacci\u00f3n"},"url":"https:\/\/fuentesfidedignas.com.mx\/index.php\/author\/redaccion\/"}]}},"_links":{"self":[{"href":"https:\/\/fuentesfidedignas.com.mx\/index.php\/wp-json\/wp\/v2\/posts\/141433","targetHints":{"allow":["GET"]}}],"collection":[{"href":"https:\/\/fuentesfidedignas.com.mx\/index.php\/wp-json\/wp\/v2\/posts"}],"about":[{"href":"https:\/\/fuentesfidedignas.com.mx\/index.php\/wp-json\/wp\/v2\/types\/post"}],"author":[{"embeddable":true,"href":"https:\/\/fuentesfidedignas.com.mx\/index.php\/wp-json\/wp\/v2\/users\/4"}],"replies":[{"embeddable":true,"href":"https:\/\/fuentesfidedignas.com.mx\/index.php\/wp-json\/wp\/v2\/comments?post=141433"}],"version-history":[{"count":1,"href":"https:\/\/fuentesfidedignas.com.mx\/index.php\/wp-json\/wp\/v2\/posts\/141433\/revisions"}],"predecessor-version":[{"id":141434,"href":"https:\/\/fuentesfidedignas.com.mx\/index.php\/wp-json\/wp\/v2\/posts\/141433\/revisions\/141434"}],"wp:featuredmedia":[{"embeddable":true,"href":"https:\/\/fuentesfidedignas.com.mx\/index.php\/wp-json\/wp\/v2\/media\/45507"}],"wp:attachment":[{"href":"https:\/\/fuentesfidedignas.com.mx\/index.php\/wp-json\/wp\/v2\/media?parent=141433"}],"wp:term":[{"taxonomy":"category","embeddable":true,"href":"https:\/\/fuentesfidedignas.com.mx\/index.php\/wp-json\/wp\/v2\/categories?post=141433"},{"taxonomy":"post_tag","embeddable":true,"href":"https:\/\/fuentesfidedignas.com.mx\/index.php\/wp-json\/wp\/v2\/tags?post=141433"}],"curies":[{"name":"wp","href":"https:\/\/api.w.org\/{rel}","templated":true}]}}