{"id":141430,"date":"2026-09-01T21:15:36","date_gmt":"2026-09-02T04:15:36","guid":{"rendered":"https:\/\/fuentesfidedignas.com.mx\/?p=141430"},"modified":"2026-09-01T21:15:42","modified_gmt":"2026-09-02T04:15:42","slug":"con-mas-de-300-titulos-uas-fortalece-su-presencia-editorial","status":"publish","type":"post","link":"https:\/\/fuentesfidedignas.com.mx\/index.php\/2026\/09\/01\/con-mas-de-300-titulos-uas-fortalece-su-presencia-editorial\/","title":{"rendered":"Con m\u00e1s de 300 t\u00edtulos, UAS fortalece su presencia editorial"},"content":{"rendered":"\n<p class=\"wp-block-paragraph\"><\/p>\n\n\n\n<p class=\"wp-block-paragraph\">La Universidad Aut\u00f3noma de Sinaloa (UAS) consolid\u00f3 su proyecci\u00f3n internacional durante la VIII Feria Internacional del Libro de las Universitarias y los Universitarios (FILUNI) 2026, celebrada del 25 al 30 de agosto en el Centro de Exposiciones y Congresos de la UNAM, al lograr una importante respuesta del p\u00fablico y fortalecer la vinculaci\u00f3n con instituciones internacionales, inform\u00f3 la doctora Azucena Manjarrez Bastidas, directora de Editorial UAS.<\/p>\n\n\n\n<p class=\"wp-block-paragraph\">Durante este encuentro, que reuni\u00f3 a m\u00e1s de 40 mil visitantes, la UAS particip\u00f3 con una oferta de m\u00e1s de 300 t\u00edtulos y cerca de mil 200 ejemplares de novedades literarias y acad\u00e9micas, registrando un importante volumen de ventas y una gran demanda por parte de estudiantes, acad\u00e9micos y libreros especializados, interesados en la producci\u00f3n editorial de la universidad para incorporarla a acervos de instituciones educativas y bibliotecas de Estados Unidos.<\/p>\n\n\n\n<p class=\"wp-block-paragraph\">\u201cEn esta ocasi\u00f3n tuvimos la oportunidad de que se llevaran libros para el Instituto de Investigaciones sobre la Universidad y la Educaci\u00f3n, el Instituto de Investigaciones Filol\u00f3gicas, el Centro de Investigaci\u00f3n sobre Am\u00e9rica del Norte y el Instituto de Investigaciones Antropol\u00f3gicas, as\u00ed como para universidades de Estados Unidos, en los espacios de sus bibliotecas. Estos libros de la universidad van a llegar a esos espacios\u201d, comunic\u00f3.<\/p>\n\n\n\n<p class=\"wp-block-paragraph\">De igual manera, inform\u00f3 que la instituci\u00f3n form\u00f3 parte de los trabajos de la Red Nacional Altexto, que re\u00fane a 60 instituciones de educaci\u00f3n superior, as\u00ed como de la reuni\u00f3n de rectoras y rectores. En ambos encuentros se abordaron temas prioritarios como la inclusi\u00f3n, la perspectiva de g\u00e9nero, el impulso a las publicaciones digitales y los retos que representa la inteligencia artificial en la edici\u00f3n acad\u00e9mica.<\/p>\n\n\n\n<p class=\"wp-block-paragraph\">Como parte de estas alianzas institucionales y como resultado de la participaci\u00f3n en estas reuniones, la funcionaria universitaria dio a conocer que se encuentra en fase de desarrollo una coedici\u00f3n con la Universidad de Guadalajara (UdeG).<\/p>\n\n\n\n<p class=\"wp-block-paragraph\">\u201cNosotros consideramos que fue una buena participaci\u00f3n porque el stand de la UAS siempre, aparte de que nos da presencia, trae nostalgias, porque la gente que est\u00e1 en Ciudad de M\u00e9xico anda buscando el stand de la UAS (\u2026) y eso es importante para nosotros. Son buenas noticias porque esta administraci\u00f3n del doctor Jes\u00fas Madue\u00f1a Molina sigue apostando a la visibilidad de los libros y a su difusi\u00f3n, que es lo que estamos trabajando nosotros de manera permanente\u201d, resalt\u00f3.<\/p>\n\n\n\n<p class=\"wp-block-paragraph\">Manjarrez Bastidas enfatiz\u00f3 que estos resultados responden al compromiso de la m\u00e1xima casa de estudios de fortalecer la difusi\u00f3n cultural, promover la lectura y proyectar la calidad de su producci\u00f3n acad\u00e9mica.<\/p>\n\n\n\n<p class=\"wp-block-paragraph\">\u201cSiempre es bueno estar en estas ferias porque nos damos cuenta de que estamos haciendo un trabajo importante. Un trabajo que, con esta era de la tecnolog\u00eda, en algunas universidades ha ido disminuyendo un poco, pero nosotros nos hemos mantenido con una buena cartera de libros y publicaciones, y eso siempre va a ser importante no solo para nosotros, sino para la universidad y para los sinaloenses, porque somos en estos espacios esa cara de Sinaloa\u201d, comparti\u00f3 la directora de Editorial UAS.<\/p>\n","protected":false},"excerpt":{"rendered":"<p>La Universidad Aut\u00f3noma de Sinaloa (UAS) consolid\u00f3 su proyecci\u00f3n internacional durante la VIII Feria Internacional del Libro de las Universitarias y los Universitarios (FILUNI) 2026, celebrada del 25 al 30 de agosto en el Centro de Exposiciones y Congresos de la UNAM, al lograr una importante respuesta del p\u00fablico y fortalecer la vinculaci\u00f3n con instituciones [&hellip;]<\/p>\n","protected":false},"author":4,"featured_media":141432,"comment_status":"open","ping_status":"open","sticky":false,"template":"","format":"standard","meta":{"tdm_status":"","tdm_grid_status":"","footnotes":""},"categories":[38],"tags":[],"class_list":["post-141430","post","type-post","status-publish","format-standard","has-post-thumbnail","category-noticias-locales"],"yoast_head":"<!-- This site is optimized with the Yoast SEO plugin v28.4 - https:\/\/yoast.com\/product\/yoast-seo-wordpress\/ -->\n<title>Con m\u00e1s de 300 t\u00edtulos, UAS fortalece su presencia editorial - Fuentes Fidedignas<\/title>\n<meta name=\"robots\" content=\"index, follow, max-snippet:-1, max-image-preview:large, max-video-preview:-1\" \/>\n<link rel=\"canonical\" href=\"https:\/\/fuentesfidedignas.com.mx\/index.php\/2026\/09\/01\/con-mas-de-300-titulos-uas-fortalece-su-presencia-editorial\/\" \/>\n<meta property=\"og:locale\" content=\"es_MX\" \/>\n<meta property=\"og:type\" content=\"article\" \/>\n<meta property=\"og:title\" content=\"Con m\u00e1s de 300 t\u00edtulos, UAS fortalece su presencia editorial - Fuentes Fidedignas\" \/>\n<meta property=\"og:description\" content=\"La Universidad Aut\u00f3noma de Sinaloa (UAS) consolid\u00f3 su proyecci\u00f3n internacional durante la VIII Feria Internacional del Libro de las Universitarias y los Universitarios (FILUNI) 2026, celebrada del 25 al 30 de agosto en el Centro de Exposiciones y Congresos de la UNAM, al lograr una importante respuesta del p\u00fablico y fortalecer la vinculaci\u00f3n con instituciones [&hellip;]\" \/>\n<meta property=\"og:url\" content=\"https:\/\/fuentesfidedignas.com.mx\/index.php\/2026\/09\/01\/con-mas-de-300-titulos-uas-fortalece-su-presencia-editorial\/\" \/>\n<meta property=\"og:site_name\" content=\"Fuentes Fidedignas\" \/>\n<meta property=\"article:publisher\" content=\"https:\/\/www.facebook.com\/Fuentes-Fidedignas-368234489921644\" \/>\n<meta property=\"article:published_time\" content=\"2026-09-02T04:15:36+00:00\" \/>\n<meta property=\"article:modified_time\" content=\"2026-09-02T04:15:42+00:00\" \/>\n<meta property=\"og:image\" content=\"https:\/\/fuentesfidedignas.com.mx\/wp-content\/uploads\/2026\/09\/IMG_8619.jpeg\" \/>\n\t<meta property=\"og:image:width\" content=\"1600\" \/>\n\t<meta property=\"og:image:height\" content=\"1200\" \/>\n\t<meta property=\"og:image:type\" content=\"image\/jpeg\" \/>\n<meta name=\"author\" content=\"Redacci\u00f3n\" \/>\n<meta name=\"twitter:card\" content=\"summary_large_image\" \/>\n<meta name=\"twitter:creator\" content=\"@fidedignas\" \/>\n<meta name=\"twitter:site\" content=\"@fidedignas\" \/>\n<meta name=\"twitter:label1\" content=\"Escrito por\" \/>\n\t<meta name=\"twitter:data1\" content=\"Redacci\u00f3n\" \/>\n\t<meta name=\"twitter:label2\" content=\"Tiempo de lectura\" \/>\n\t<meta name=\"twitter:data2\" content=\"3 minutos\" \/>\n<script type=\"application\/ld+json\" class=\"yoast-schema-graph\">{\"@context\":\"https:\\\/\\\/schema.org\",\"@graph\":[{\"@type\":\"Article\",\"@id\":\"https:\\\/\\\/fuentesfidedignas.com.mx\\\/index.php\\\/2026\\\/09\\\/01\\\/con-mas-de-300-titulos-uas-fortalece-su-presencia-editorial\\\/#article\",\"isPartOf\":{\"@id\":\"https:\\\/\\\/fuentesfidedignas.com.mx\\\/index.php\\\/2026\\\/09\\\/01\\\/con-mas-de-300-titulos-uas-fortalece-su-presencia-editorial\\\/\"},\"author\":{\"name\":\"Redacci\u00f3n\",\"@id\":\"https:\\\/\\\/fuentesfidedignas.com.mx\\\/#\\\/schema\\\/person\\\/331be9283d37198e2acd5750279085b0\"},\"headline\":\"Con m\u00e1s de 300 t\u00edtulos, UAS fortalece su presencia editorial\",\"datePublished\":\"2026-09-02T04:15:36+00:00\",\"dateModified\":\"2026-09-02T04:15:42+00:00\",\"mainEntityOfPage\":{\"@id\":\"https:\\\/\\\/fuentesfidedignas.com.mx\\\/index.php\\\/2026\\\/09\\\/01\\\/con-mas-de-300-titulos-uas-fortalece-su-presencia-editorial\\\/\"},\"wordCount\":537,\"commentCount\":0,\"publisher\":{\"@id\":\"https:\\\/\\\/fuentesfidedignas.com.mx\\\/#organization\"},\"image\":{\"@id\":\"https:\\\/\\\/fuentesfidedignas.com.mx\\\/index.php\\\/2026\\\/09\\\/01\\\/con-mas-de-300-titulos-uas-fortalece-su-presencia-editorial\\\/#primaryimage\"},\"thumbnailUrl\":\"https:\\\/\\\/fuentesfidedignas.com.mx\\\/wp-content\\\/uploads\\\/2026\\\/09\\\/IMG_8619.jpeg\",\"articleSection\":[\"NOTICIAS LOCALES\"],\"inLanguage\":\"es\",\"potentialAction\":[{\"@type\":\"CommentAction\",\"name\":\"Comment\",\"target\":[\"https:\\\/\\\/fuentesfidedignas.com.mx\\\/index.php\\\/2026\\\/09\\\/01\\\/con-mas-de-300-titulos-uas-fortalece-su-presencia-editorial\\\/#respond\"]}]},{\"@type\":\"WebPage\",\"@id\":\"https:\\\/\\\/fuentesfidedignas.com.mx\\\/index.php\\\/2026\\\/09\\\/01\\\/con-mas-de-300-titulos-uas-fortalece-su-presencia-editorial\\\/\",\"url\":\"https:\\\/\\\/fuentesfidedignas.com.mx\\\/index.php\\\/2026\\\/09\\\/01\\\/con-mas-de-300-titulos-uas-fortalece-su-presencia-editorial\\\/\",\"name\":\"Con m\u00e1s de 300 t\u00edtulos, UAS fortalece su presencia editorial - Fuentes Fidedignas\",\"isPartOf\":{\"@id\":\"https:\\\/\\\/fuentesfidedignas.com.mx\\\/#website\"},\"primaryImageOfPage\":{\"@id\":\"https:\\\/\\\/fuentesfidedignas.com.mx\\\/index.php\\\/2026\\\/09\\\/01\\\/con-mas-de-300-titulos-uas-fortalece-su-presencia-editorial\\\/#primaryimage\"},\"image\":{\"@id\":\"https:\\\/\\\/fuentesfidedignas.com.mx\\\/index.php\\\/2026\\\/09\\\/01\\\/con-mas-de-300-titulos-uas-fortalece-su-presencia-editorial\\\/#primaryimage\"},\"thumbnailUrl\":\"https:\\\/\\\/fuentesfidedignas.com.mx\\\/wp-content\\\/uploads\\\/2026\\\/09\\\/IMG_8619.jpeg\",\"datePublished\":\"2026-09-02T04:15:36+00:00\",\"dateModified\":\"2026-09-02T04:15:42+00:00\",\"breadcrumb\":{\"@id\":\"https:\\\/\\\/fuentesfidedignas.com.mx\\\/index.php\\\/2026\\\/09\\\/01\\\/con-mas-de-300-titulos-uas-fortalece-su-presencia-editorial\\\/#breadcrumb\"},\"inLanguage\":\"es\",\"potentialAction\":[{\"@type\":\"ReadAction\",\"target\":[\"https:\\\/\\\/fuentesfidedignas.com.mx\\\/index.php\\\/2026\\\/09\\\/01\\\/con-mas-de-300-titulos-uas-fortalece-su-presencia-editorial\\\/\"]}]},{\"@type\":\"ImageObject\",\"inLanguage\":\"es\",\"@id\":\"https:\\\/\\\/fuentesfidedignas.com.mx\\\/index.php\\\/2026\\\/09\\\/01\\\/con-mas-de-300-titulos-uas-fortalece-su-presencia-editorial\\\/#primaryimage\",\"url\":\"https:\\\/\\\/fuentesfidedignas.com.mx\\\/wp-content\\\/uploads\\\/2026\\\/09\\\/IMG_8619.jpeg\",\"contentUrl\":\"https:\\\/\\\/fuentesfidedignas.com.mx\\\/wp-content\\\/uploads\\\/2026\\\/09\\\/IMG_8619.jpeg\",\"width\":1600,\"height\":1200},{\"@type\":\"BreadcrumbList\",\"@id\":\"https:\\\/\\\/fuentesfidedignas.com.mx\\\/index.php\\\/2026\\\/09\\\/01\\\/con-mas-de-300-titulos-uas-fortalece-su-presencia-editorial\\\/#breadcrumb\",\"itemListElement\":[{\"@type\":\"ListItem\",\"position\":1,\"name\":\"Inicio\",\"item\":\"https:\\\/\\\/fuentesfidedignas.com.mx\\\/\"},{\"@type\":\"ListItem\",\"position\":2,\"name\":\"Con m\u00e1s de 300 t\u00edtulos, UAS fortalece su presencia editorial\"}]},{\"@type\":\"WebSite\",\"@id\":\"https:\\\/\\\/fuentesfidedignas.com.mx\\\/#website\",\"url\":\"https:\\\/\\\/fuentesfidedignas.com.mx\\\/\",\"name\":\"Fuentes Fidedignas\",\"description\":\"Otro sitio realizado con WordPress\",\"publisher\":{\"@id\":\"https:\\\/\\\/fuentesfidedignas.com.mx\\\/#organization\"},\"potentialAction\":[{\"@type\":\"SearchAction\",\"target\":{\"@type\":\"EntryPoint\",\"urlTemplate\":\"https:\\\/\\\/fuentesfidedignas.com.mx\\\/?s={search_term_string}\"},\"query-input\":{\"@type\":\"PropertyValueSpecification\",\"valueRequired\":true,\"valueName\":\"search_term_string\"}}],\"inLanguage\":\"es\"},{\"@type\":\"Organization\",\"@id\":\"https:\\\/\\\/fuentesfidedignas.com.mx\\\/#organization\",\"name\":\"Fuentes Fidedignas\",\"url\":\"https:\\\/\\\/fuentesfidedignas.com.mx\\\/\",\"logo\":{\"@type\":\"ImageObject\",\"inLanguage\":\"es\",\"@id\":\"https:\\\/\\\/fuentesfidedignas.com.mx\\\/#\\\/schema\\\/logo\\\/image\\\/\",\"url\":\"https:\\\/\\\/fuentesfidedignas.com.mx\\\/wp-content\\\/uploads\\\/2021\\\/04\\\/logo-retina.png\",\"contentUrl\":\"https:\\\/\\\/fuentesfidedignas.com.mx\\\/wp-content\\\/uploads\\\/2021\\\/04\\\/logo-retina.png\",\"width\":280,\"height\":51,\"caption\":\"Fuentes Fidedignas\"},\"image\":{\"@id\":\"https:\\\/\\\/fuentesfidedignas.com.mx\\\/#\\\/schema\\\/logo\\\/image\\\/\"},\"sameAs\":[\"https:\\\/\\\/www.facebook.com\\\/Fuentes-Fidedignas-368234489921644\",\"https:\\\/\\\/x.com\\\/fidedignas\"]},{\"@type\":\"Person\",\"@id\":\"https:\\\/\\\/fuentesfidedignas.com.mx\\\/#\\\/schema\\\/person\\\/331be9283d37198e2acd5750279085b0\",\"name\":\"Redacci\u00f3n\",\"image\":{\"@type\":\"ImageObject\",\"inLanguage\":\"es\",\"@id\":\"https:\\\/\\\/secure.gravatar.com\\\/avatar\\\/f6d8782c11d12b2d4ad3fbb6931aeab5309937a4d6cd2fc9cfaa28a6396a5aec?s=96&d=mm&r=g\",\"url\":\"https:\\\/\\\/secure.gravatar.com\\\/avatar\\\/f6d8782c11d12b2d4ad3fbb6931aeab5309937a4d6cd2fc9cfaa28a6396a5aec?s=96&d=mm&r=g\",\"contentUrl\":\"https:\\\/\\\/secure.gravatar.com\\\/avatar\\\/f6d8782c11d12b2d4ad3fbb6931aeab5309937a4d6cd2fc9cfaa28a6396a5aec?s=96&d=mm&r=g\",\"caption\":\"Redacci\u00f3n\"},\"url\":\"https:\\\/\\\/fuentesfidedignas.com.mx\\\/index.php\\\/author\\\/redaccion\\\/\"}]}<\/script>\n<!-- \/ Yoast SEO plugin. -->","yoast_head_json":{"title":"Con m\u00e1s de 300 t\u00edtulos, UAS fortalece su presencia editorial - Fuentes Fidedignas","robots":{"index":"index","follow":"follow","max-snippet":"max-snippet:-1","max-image-preview":"max-image-preview:large","max-video-preview":"max-video-preview:-1"},"canonical":"https:\/\/fuentesfidedignas.com.mx\/index.php\/2026\/09\/01\/con-mas-de-300-titulos-uas-fortalece-su-presencia-editorial\/","og_locale":"es_MX","og_type":"article","og_title":"Con m\u00e1s de 300 t\u00edtulos, UAS fortalece su presencia editorial - Fuentes Fidedignas","og_description":"La Universidad Aut\u00f3noma de Sinaloa (UAS) consolid\u00f3 su proyecci\u00f3n internacional durante la VIII Feria Internacional del Libro de las Universitarias y los Universitarios (FILUNI) 2026, celebrada del 25 al 30 de agosto en el Centro de Exposiciones y Congresos de la UNAM, al lograr una importante respuesta del p\u00fablico y fortalecer la vinculaci\u00f3n con instituciones [&hellip;]","og_url":"https:\/\/fuentesfidedignas.com.mx\/index.php\/2026\/09\/01\/con-mas-de-300-titulos-uas-fortalece-su-presencia-editorial\/","og_site_name":"Fuentes Fidedignas","article_publisher":"https:\/\/www.facebook.com\/Fuentes-Fidedignas-368234489921644","article_published_time":"2026-09-02T04:15:36+00:00","article_modified_time":"2026-09-02T04:15:42+00:00","og_image":[{"width":1600,"height":1200,"url":"https:\/\/fuentesfidedignas.com.mx\/wp-content\/uploads\/2026\/09\/IMG_8619.jpeg","type":"image\/jpeg"}],"author":"Redacci\u00f3n","twitter_card":"summary_large_image","twitter_creator":"@fidedignas","twitter_site":"@fidedignas","twitter_misc":{"Escrito por":"Redacci\u00f3n","Tiempo de lectura":"3 minutos"},"schema":{"@context":"https:\/\/schema.org","@graph":[{"@type":"Article","@id":"https:\/\/fuentesfidedignas.com.mx\/index.php\/2026\/09\/01\/con-mas-de-300-titulos-uas-fortalece-su-presencia-editorial\/#article","isPartOf":{"@id":"https:\/\/fuentesfidedignas.com.mx\/index.php\/2026\/09\/01\/con-mas-de-300-titulos-uas-fortalece-su-presencia-editorial\/"},"author":{"name":"Redacci\u00f3n","@id":"https:\/\/fuentesfidedignas.com.mx\/#\/schema\/person\/331be9283d37198e2acd5750279085b0"},"headline":"Con m\u00e1s de 300 t\u00edtulos, UAS fortalece su presencia editorial","datePublished":"2026-09-02T04:15:36+00:00","dateModified":"2026-09-02T04:15:42+00:00","mainEntityOfPage":{"@id":"https:\/\/fuentesfidedignas.com.mx\/index.php\/2026\/09\/01\/con-mas-de-300-titulos-uas-fortalece-su-presencia-editorial\/"},"wordCount":537,"commentCount":0,"publisher":{"@id":"https:\/\/fuentesfidedignas.com.mx\/#organization"},"image":{"@id":"https:\/\/fuentesfidedignas.com.mx\/index.php\/2026\/09\/01\/con-mas-de-300-titulos-uas-fortalece-su-presencia-editorial\/#primaryimage"},"thumbnailUrl":"https:\/\/fuentesfidedignas.com.mx\/wp-content\/uploads\/2026\/09\/IMG_8619.jpeg","articleSection":["NOTICIAS LOCALES"],"inLanguage":"es","potentialAction":[{"@type":"CommentAction","name":"Comment","target":["https:\/\/fuentesfidedignas.com.mx\/index.php\/2026\/09\/01\/con-mas-de-300-titulos-uas-fortalece-su-presencia-editorial\/#respond"]}]},{"@type":"WebPage","@id":"https:\/\/fuentesfidedignas.com.mx\/index.php\/2026\/09\/01\/con-mas-de-300-titulos-uas-fortalece-su-presencia-editorial\/","url":"https:\/\/fuentesfidedignas.com.mx\/index.php\/2026\/09\/01\/con-mas-de-300-titulos-uas-fortalece-su-presencia-editorial\/","name":"Con m\u00e1s de 300 t\u00edtulos, UAS fortalece su presencia editorial - Fuentes Fidedignas","isPartOf":{"@id":"https:\/\/fuentesfidedignas.com.mx\/#website"},"primaryImageOfPage":{"@id":"https:\/\/fuentesfidedignas.com.mx\/index.php\/2026\/09\/01\/con-mas-de-300-titulos-uas-fortalece-su-presencia-editorial\/#primaryimage"},"image":{"@id":"https:\/\/fuentesfidedignas.com.mx\/index.php\/2026\/09\/01\/con-mas-de-300-titulos-uas-fortalece-su-presencia-editorial\/#primaryimage"},"thumbnailUrl":"https:\/\/fuentesfidedignas.com.mx\/wp-content\/uploads\/2026\/09\/IMG_8619.jpeg","datePublished":"2026-09-02T04:15:36+00:00","dateModified":"2026-09-02T04:15:42+00:00","breadcrumb":{"@id":"https:\/\/fuentesfidedignas.com.mx\/index.php\/2026\/09\/01\/con-mas-de-300-titulos-uas-fortalece-su-presencia-editorial\/#breadcrumb"},"inLanguage":"es","potentialAction":[{"@type":"ReadAction","target":["https:\/\/fuentesfidedignas.com.mx\/index.php\/2026\/09\/01\/con-mas-de-300-titulos-uas-fortalece-su-presencia-editorial\/"]}]},{"@type":"ImageObject","inLanguage":"es","@id":"https:\/\/fuentesfidedignas.com.mx\/index.php\/2026\/09\/01\/con-mas-de-300-titulos-uas-fortalece-su-presencia-editorial\/#primaryimage","url":"https:\/\/fuentesfidedignas.com.mx\/wp-content\/uploads\/2026\/09\/IMG_8619.jpeg","contentUrl":"https:\/\/fuentesfidedignas.com.mx\/wp-content\/uploads\/2026\/09\/IMG_8619.jpeg","width":1600,"height":1200},{"@type":"BreadcrumbList","@id":"https:\/\/fuentesfidedignas.com.mx\/index.php\/2026\/09\/01\/con-mas-de-300-titulos-uas-fortalece-su-presencia-editorial\/#breadcrumb","itemListElement":[{"@type":"ListItem","position":1,"name":"Inicio","item":"https:\/\/fuentesfidedignas.com.mx\/"},{"@type":"ListItem","position":2,"name":"Con m\u00e1s de 300 t\u00edtulos, UAS fortalece su presencia editorial"}]},{"@type":"WebSite","@id":"https:\/\/fuentesfidedignas.com.mx\/#website","url":"https:\/\/fuentesfidedignas.com.mx\/","name":"Fuentes Fidedignas","description":"Otro sitio realizado con WordPress","publisher":{"@id":"https:\/\/fuentesfidedignas.com.mx\/#organization"},"potentialAction":[{"@type":"SearchAction","target":{"@type":"EntryPoint","urlTemplate":"https:\/\/fuentesfidedignas.com.mx\/?s={search_term_string}"},"query-input":{"@type":"PropertyValueSpecification","valueRequired":true,"valueName":"search_term_string"}}],"inLanguage":"es"},{"@type":"Organization","@id":"https:\/\/fuentesfidedignas.com.mx\/#organization","name":"Fuentes Fidedignas","url":"https:\/\/fuentesfidedignas.com.mx\/","logo":{"@type":"ImageObject","inLanguage":"es","@id":"https:\/\/fuentesfidedignas.com.mx\/#\/schema\/logo\/image\/","url":"https:\/\/fuentesfidedignas.com.mx\/wp-content\/uploads\/2021\/04\/logo-retina.png","contentUrl":"https:\/\/fuentesfidedignas.com.mx\/wp-content\/uploads\/2021\/04\/logo-retina.png","width":280,"height":51,"caption":"Fuentes Fidedignas"},"image":{"@id":"https:\/\/fuentesfidedignas.com.mx\/#\/schema\/logo\/image\/"},"sameAs":["https:\/\/www.facebook.com\/Fuentes-Fidedignas-368234489921644","https:\/\/x.com\/fidedignas"]},{"@type":"Person","@id":"https:\/\/fuentesfidedignas.com.mx\/#\/schema\/person\/331be9283d37198e2acd5750279085b0","name":"Redacci\u00f3n","image":{"@type":"ImageObject","inLanguage":"es","@id":"https:\/\/secure.gravatar.com\/avatar\/f6d8782c11d12b2d4ad3fbb6931aeab5309937a4d6cd2fc9cfaa28a6396a5aec?s=96&d=mm&r=g","url":"https:\/\/secure.gravatar.com\/avatar\/f6d8782c11d12b2d4ad3fbb6931aeab5309937a4d6cd2fc9cfaa28a6396a5aec?s=96&d=mm&r=g","contentUrl":"https:\/\/secure.gravatar.com\/avatar\/f6d8782c11d12b2d4ad3fbb6931aeab5309937a4d6cd2fc9cfaa28a6396a5aec?s=96&d=mm&r=g","caption":"Redacci\u00f3n"},"url":"https:\/\/fuentesfidedignas.com.mx\/index.php\/author\/redaccion\/"}]}},"_links":{"self":[{"href":"https:\/\/fuentesfidedignas.com.mx\/index.php\/wp-json\/wp\/v2\/posts\/141430","targetHints":{"allow":["GET"]}}],"collection":[{"href":"https:\/\/fuentesfidedignas.com.mx\/index.php\/wp-json\/wp\/v2\/posts"}],"about":[{"href":"https:\/\/fuentesfidedignas.com.mx\/index.php\/wp-json\/wp\/v2\/types\/post"}],"author":[{"embeddable":true,"href":"https:\/\/fuentesfidedignas.com.mx\/index.php\/wp-json\/wp\/v2\/users\/4"}],"replies":[{"embeddable":true,"href":"https:\/\/fuentesfidedignas.com.mx\/index.php\/wp-json\/wp\/v2\/comments?post=141430"}],"version-history":[{"count":1,"href":"https:\/\/fuentesfidedignas.com.mx\/index.php\/wp-json\/wp\/v2\/posts\/141430\/revisions"}],"predecessor-version":[{"id":141431,"href":"https:\/\/fuentesfidedignas.com.mx\/index.php\/wp-json\/wp\/v2\/posts\/141430\/revisions\/141431"}],"wp:featuredmedia":[{"embeddable":true,"href":"https:\/\/fuentesfidedignas.com.mx\/index.php\/wp-json\/wp\/v2\/media\/141432"}],"wp:attachment":[{"href":"https:\/\/fuentesfidedignas.com.mx\/index.php\/wp-json\/wp\/v2\/media?parent=141430"}],"wp:term":[{"taxonomy":"category","embeddable":true,"href":"https:\/\/fuentesfidedignas.com.mx\/index.php\/wp-json\/wp\/v2\/categories?post=141430"},{"taxonomy":"post_tag","embeddable":true,"href":"https:\/\/fuentesfidedignas.com.mx\/index.php\/wp-json\/wp\/v2\/tags?post=141430"}],"curies":[{"name":"wp","href":"https:\/\/api.w.org\/{rel}","templated":true}]}}