{"id":141426,"date":"2026-09-01T16:45:51","date_gmt":"2026-09-01T23:45:51","guid":{"rendered":"https:\/\/fuentesfidedignas.com.mx\/?p=141426"},"modified":"2026-09-01T16:46:09","modified_gmt":"2026-09-01T23:46:09","slug":"segundo-informe-de-sheinbaum-mas-propaganda-que-rendicion-de-cuentas-pan","status":"publish","type":"post","link":"https:\/\/fuentesfidedignas.com.mx\/index.php\/2026\/09\/01\/segundo-informe-de-sheinbaum-mas-propaganda-que-rendicion-de-cuentas-pan\/","title":{"rendered":"Segundo informe de Sheinbaum, m\u00e1s propaganda que rendici\u00f3n de cuentas: PAN"},"content":{"rendered":"\n<p class=\"wp-block-paragraph\">El Segundo Informe de Claudia Sheinbaum present\u00f3 un pa\u00eds que solamente existe en el discurso de Morena, afirm\u00f3 la presidenta del PAN Sinaloa, Wendy Barajas Cortes.<\/p>\n\n\n\n<p class=\"wp-block-paragraph\">\u201cMientras la Presidenta presume una reducci\u00f3n nacional de homicidios, Sinaloa acumul\u00f3 alrededor de 735 v\u00edctimas entre enero y julio y m\u00e1s de cuatro mil personas desaparecidas durante los \u00faltimos dos a\u00f1os, para las familias sinaloenses, ning\u00fan promedio nacional puede ocultar esta tragedia\u201d, dijo.<\/p>\n\n\n\n<p class=\"wp-block-paragraph\">\u201cEl gobierno federal hace mucho que abandon\u00f3 a Sinaloa, no hay apoyos reales para la producci\u00f3n primaria y mucho menos para los micro y medianos empresarios que han sido quienes han sostenido al estado en esta guerra\u2026 Morena gobierna con cifras cuidadosamente seleccionadas, mientras las familias cuentan muertos, desaparecidos, empleos perdidos y negocios cerrados, en Palacio Nacional hablan de rendici\u00f3n de cuentas\u201d, agreg\u00f3.<\/p>\n\n\n\n<p class=\"wp-block-paragraph\">Barajas Cortes resalt\u00f3 que Sinaloa no cabe en el \u201cpa\u00eds de las maravillas de Claudia\u201d y asever\u00f3 que Morena pretende \u201ctapar el sol con un dedo\u201d, ya que justamente hoy que inicia el mes de septiembre, la Fiscal\u00eda del Estado, dej\u00f3 de publicar su reporte diario sobre homicidios, privaciones de la libertad y robos de veh\u00edculos, tratando de esconder la realidad que viven los sinaloenses diariamente.<\/p>\n\n\n\n<p class=\"wp-block-paragraph\">\u201cMorena puede aplaudirse y calificarse a s\u00ed mismo, pero el verdadero informe lo presentan diariamente las calles, los hospitales y las familias mexicanas, lo que necesitamos y nos urge a los sinaloenses y a los mexicanos es un gobierno que garantice seguridad, empleos formales, atenci\u00f3n m\u00e9dica, hospitales dignos con medicamentos; definitivamente Sheinbaum y Morena siguen profundamente en deuda con M\u00e9xico y con Sinaloa, porque nada de lo anterior existe\u201d, concluy\u00f3.<\/p>\n","protected":false},"excerpt":{"rendered":"<p>El Segundo Informe de Claudia Sheinbaum present\u00f3 un pa\u00eds que solamente existe en el discurso de Morena, afirm\u00f3 la presidenta del PAN Sinaloa, Wendy Barajas Cortes. \u201cMientras la Presidenta presume una reducci\u00f3n nacional de homicidios, Sinaloa acumul\u00f3 alrededor de 735 v\u00edctimas entre enero y julio y m\u00e1s de cuatro mil personas desaparecidas durante los \u00faltimos [&hellip;]<\/p>\n","protected":false},"author":4,"featured_media":115470,"comment_status":"open","ping_status":"open","sticky":false,"template":"","format":"standard","meta":{"tdm_status":"","tdm_grid_status":"","footnotes":""},"categories":[38],"tags":[],"class_list":["post-141426","post","type-post","status-publish","format-standard","has-post-thumbnail","category-noticias-locales"],"yoast_head":"<!-- This site is optimized with the Yoast SEO plugin v28.4 - https:\/\/yoast.com\/product\/yoast-seo-wordpress\/ -->\n<title>Segundo informe de Sheinbaum, m\u00e1s propaganda que rendici\u00f3n de cuentas: PAN - Fuentes Fidedignas<\/title>\n<meta name=\"robots\" content=\"index, follow, max-snippet:-1, max-image-preview:large, max-video-preview:-1\" \/>\n<link rel=\"canonical\" href=\"https:\/\/fuentesfidedignas.com.mx\/index.php\/2026\/09\/01\/segundo-informe-de-sheinbaum-mas-propaganda-que-rendicion-de-cuentas-pan\/\" \/>\n<meta property=\"og:locale\" content=\"es_MX\" \/>\n<meta property=\"og:type\" content=\"article\" \/>\n<meta property=\"og:title\" content=\"Segundo informe de Sheinbaum, m\u00e1s propaganda que rendici\u00f3n de cuentas: PAN - Fuentes Fidedignas\" \/>\n<meta property=\"og:description\" content=\"El Segundo Informe de Claudia Sheinbaum present\u00f3 un pa\u00eds que solamente existe en el discurso de Morena, afirm\u00f3 la presidenta del PAN Sinaloa, Wendy Barajas Cortes. \u201cMientras la Presidenta presume una reducci\u00f3n nacional de homicidios, Sinaloa acumul\u00f3 alrededor de 735 v\u00edctimas entre enero y julio y m\u00e1s de cuatro mil personas desaparecidas durante los \u00faltimos [&hellip;]\" \/>\n<meta property=\"og:url\" content=\"https:\/\/fuentesfidedignas.com.mx\/index.php\/2026\/09\/01\/segundo-informe-de-sheinbaum-mas-propaganda-que-rendicion-de-cuentas-pan\/\" \/>\n<meta property=\"og:site_name\" content=\"Fuentes Fidedignas\" \/>\n<meta property=\"article:publisher\" content=\"https:\/\/www.facebook.com\/Fuentes-Fidedignas-368234489921644\" \/>\n<meta property=\"article:published_time\" content=\"2026-09-01T23:45:51+00:00\" \/>\n<meta property=\"article:modified_time\" content=\"2026-09-01T23:46:09+00:00\" \/>\n<meta property=\"og:image\" content=\"https:\/\/fuentesfidedignas.com.mx\/wp-content\/uploads\/2025\/08\/Wendy-Barajas.jpeg\" \/>\n\t<meta property=\"og:image:width\" content=\"500\" \/>\n\t<meta property=\"og:image:height\" content=\"365\" \/>\n\t<meta property=\"og:image:type\" content=\"image\/jpeg\" \/>\n<meta name=\"author\" content=\"Redacci\u00f3n\" \/>\n<meta name=\"twitter:card\" content=\"summary_large_image\" \/>\n<meta name=\"twitter:creator\" content=\"@fidedignas\" \/>\n<meta name=\"twitter:site\" content=\"@fidedignas\" \/>\n<meta name=\"twitter:label1\" content=\"Escrito por\" \/>\n\t<meta name=\"twitter:data1\" content=\"Redacci\u00f3n\" \/>\n\t<meta name=\"twitter:label2\" content=\"Tiempo de lectura\" \/>\n\t<meta name=\"twitter:data2\" content=\"2 minutos\" \/>\n<script type=\"application\/ld+json\" class=\"yoast-schema-graph\">{\"@context\":\"https:\\\/\\\/schema.org\",\"@graph\":[{\"@type\":\"Article\",\"@id\":\"https:\\\/\\\/fuentesfidedignas.com.mx\\\/index.php\\\/2026\\\/09\\\/01\\\/segundo-informe-de-sheinbaum-mas-propaganda-que-rendicion-de-cuentas-pan\\\/#article\",\"isPartOf\":{\"@id\":\"https:\\\/\\\/fuentesfidedignas.com.mx\\\/index.php\\\/2026\\\/09\\\/01\\\/segundo-informe-de-sheinbaum-mas-propaganda-que-rendicion-de-cuentas-pan\\\/\"},\"author\":{\"name\":\"Redacci\u00f3n\",\"@id\":\"https:\\\/\\\/fuentesfidedignas.com.mx\\\/#\\\/schema\\\/person\\\/331be9283d37198e2acd5750279085b0\"},\"headline\":\"Segundo informe de Sheinbaum, m\u00e1s propaganda que rendici\u00f3n de cuentas: PAN\",\"datePublished\":\"2026-09-01T23:45:51+00:00\",\"dateModified\":\"2026-09-01T23:46:09+00:00\",\"mainEntityOfPage\":{\"@id\":\"https:\\\/\\\/fuentesfidedignas.com.mx\\\/index.php\\\/2026\\\/09\\\/01\\\/segundo-informe-de-sheinbaum-mas-propaganda-que-rendicion-de-cuentas-pan\\\/\"},\"wordCount\":294,\"commentCount\":0,\"publisher\":{\"@id\":\"https:\\\/\\\/fuentesfidedignas.com.mx\\\/#organization\"},\"image\":{\"@id\":\"https:\\\/\\\/fuentesfidedignas.com.mx\\\/index.php\\\/2026\\\/09\\\/01\\\/segundo-informe-de-sheinbaum-mas-propaganda-que-rendicion-de-cuentas-pan\\\/#primaryimage\"},\"thumbnailUrl\":\"https:\\\/\\\/fuentesfidedignas.com.mx\\\/wp-content\\\/uploads\\\/2025\\\/08\\\/Wendy-Barajas.jpeg\",\"articleSection\":[\"NOTICIAS LOCALES\"],\"inLanguage\":\"es\",\"potentialAction\":[{\"@type\":\"CommentAction\",\"name\":\"Comment\",\"target\":[\"https:\\\/\\\/fuentesfidedignas.com.mx\\\/index.php\\\/2026\\\/09\\\/01\\\/segundo-informe-de-sheinbaum-mas-propaganda-que-rendicion-de-cuentas-pan\\\/#respond\"]}]},{\"@type\":\"WebPage\",\"@id\":\"https:\\\/\\\/fuentesfidedignas.com.mx\\\/index.php\\\/2026\\\/09\\\/01\\\/segundo-informe-de-sheinbaum-mas-propaganda-que-rendicion-de-cuentas-pan\\\/\",\"url\":\"https:\\\/\\\/fuentesfidedignas.com.mx\\\/index.php\\\/2026\\\/09\\\/01\\\/segundo-informe-de-sheinbaum-mas-propaganda-que-rendicion-de-cuentas-pan\\\/\",\"name\":\"Segundo informe de Sheinbaum, m\u00e1s propaganda que rendici\u00f3n de cuentas: PAN - Fuentes Fidedignas\",\"isPartOf\":{\"@id\":\"https:\\\/\\\/fuentesfidedignas.com.mx\\\/#website\"},\"primaryImageOfPage\":{\"@id\":\"https:\\\/\\\/fuentesfidedignas.com.mx\\\/index.php\\\/2026\\\/09\\\/01\\\/segundo-informe-de-sheinbaum-mas-propaganda-que-rendicion-de-cuentas-pan\\\/#primaryimage\"},\"image\":{\"@id\":\"https:\\\/\\\/fuentesfidedignas.com.mx\\\/index.php\\\/2026\\\/09\\\/01\\\/segundo-informe-de-sheinbaum-mas-propaganda-que-rendicion-de-cuentas-pan\\\/#primaryimage\"},\"thumbnailUrl\":\"https:\\\/\\\/fuentesfidedignas.com.mx\\\/wp-content\\\/uploads\\\/2025\\\/08\\\/Wendy-Barajas.jpeg\",\"datePublished\":\"2026-09-01T23:45:51+00:00\",\"dateModified\":\"2026-09-01T23:46:09+00:00\",\"breadcrumb\":{\"@id\":\"https:\\\/\\\/fuentesfidedignas.com.mx\\\/index.php\\\/2026\\\/09\\\/01\\\/segundo-informe-de-sheinbaum-mas-propaganda-que-rendicion-de-cuentas-pan\\\/#breadcrumb\"},\"inLanguage\":\"es\",\"potentialAction\":[{\"@type\":\"ReadAction\",\"target\":[\"https:\\\/\\\/fuentesfidedignas.com.mx\\\/index.php\\\/2026\\\/09\\\/01\\\/segundo-informe-de-sheinbaum-mas-propaganda-que-rendicion-de-cuentas-pan\\\/\"]}]},{\"@type\":\"ImageObject\",\"inLanguage\":\"es\",\"@id\":\"https:\\\/\\\/fuentesfidedignas.com.mx\\\/index.php\\\/2026\\\/09\\\/01\\\/segundo-informe-de-sheinbaum-mas-propaganda-que-rendicion-de-cuentas-pan\\\/#primaryimage\",\"url\":\"https:\\\/\\\/fuentesfidedignas.com.mx\\\/wp-content\\\/uploads\\\/2025\\\/08\\\/Wendy-Barajas.jpeg\",\"contentUrl\":\"https:\\\/\\\/fuentesfidedignas.com.mx\\\/wp-content\\\/uploads\\\/2025\\\/08\\\/Wendy-Barajas.jpeg\",\"width\":500,\"height\":365},{\"@type\":\"BreadcrumbList\",\"@id\":\"https:\\\/\\\/fuentesfidedignas.com.mx\\\/index.php\\\/2026\\\/09\\\/01\\\/segundo-informe-de-sheinbaum-mas-propaganda-que-rendicion-de-cuentas-pan\\\/#breadcrumb\",\"itemListElement\":[{\"@type\":\"ListItem\",\"position\":1,\"name\":\"Inicio\",\"item\":\"https:\\\/\\\/fuentesfidedignas.com.mx\\\/\"},{\"@type\":\"ListItem\",\"position\":2,\"name\":\"Segundo informe de Sheinbaum, m\u00e1s propaganda que rendici\u00f3n de cuentas: PAN\"}]},{\"@type\":\"WebSite\",\"@id\":\"https:\\\/\\\/fuentesfidedignas.com.mx\\\/#website\",\"url\":\"https:\\\/\\\/fuentesfidedignas.com.mx\\\/\",\"name\":\"Fuentes Fidedignas\",\"description\":\"Otro sitio realizado con WordPress\",\"publisher\":{\"@id\":\"https:\\\/\\\/fuentesfidedignas.com.mx\\\/#organization\"},\"potentialAction\":[{\"@type\":\"SearchAction\",\"target\":{\"@type\":\"EntryPoint\",\"urlTemplate\":\"https:\\\/\\\/fuentesfidedignas.com.mx\\\/?s={search_term_string}\"},\"query-input\":{\"@type\":\"PropertyValueSpecification\",\"valueRequired\":true,\"valueName\":\"search_term_string\"}}],\"inLanguage\":\"es\"},{\"@type\":\"Organization\",\"@id\":\"https:\\\/\\\/fuentesfidedignas.com.mx\\\/#organization\",\"name\":\"Fuentes Fidedignas\",\"url\":\"https:\\\/\\\/fuentesfidedignas.com.mx\\\/\",\"logo\":{\"@type\":\"ImageObject\",\"inLanguage\":\"es\",\"@id\":\"https:\\\/\\\/fuentesfidedignas.com.mx\\\/#\\\/schema\\\/logo\\\/image\\\/\",\"url\":\"https:\\\/\\\/fuentesfidedignas.com.mx\\\/wp-content\\\/uploads\\\/2021\\\/04\\\/logo-retina.png\",\"contentUrl\":\"https:\\\/\\\/fuentesfidedignas.com.mx\\\/wp-content\\\/uploads\\\/2021\\\/04\\\/logo-retina.png\",\"width\":280,\"height\":51,\"caption\":\"Fuentes Fidedignas\"},\"image\":{\"@id\":\"https:\\\/\\\/fuentesfidedignas.com.mx\\\/#\\\/schema\\\/logo\\\/image\\\/\"},\"sameAs\":[\"https:\\\/\\\/www.facebook.com\\\/Fuentes-Fidedignas-368234489921644\",\"https:\\\/\\\/x.com\\\/fidedignas\"]},{\"@type\":\"Person\",\"@id\":\"https:\\\/\\\/fuentesfidedignas.com.mx\\\/#\\\/schema\\\/person\\\/331be9283d37198e2acd5750279085b0\",\"name\":\"Redacci\u00f3n\",\"image\":{\"@type\":\"ImageObject\",\"inLanguage\":\"es\",\"@id\":\"https:\\\/\\\/secure.gravatar.com\\\/avatar\\\/f6d8782c11d12b2d4ad3fbb6931aeab5309937a4d6cd2fc9cfaa28a6396a5aec?s=96&d=mm&r=g\",\"url\":\"https:\\\/\\\/secure.gravatar.com\\\/avatar\\\/f6d8782c11d12b2d4ad3fbb6931aeab5309937a4d6cd2fc9cfaa28a6396a5aec?s=96&d=mm&r=g\",\"contentUrl\":\"https:\\\/\\\/secure.gravatar.com\\\/avatar\\\/f6d8782c11d12b2d4ad3fbb6931aeab5309937a4d6cd2fc9cfaa28a6396a5aec?s=96&d=mm&r=g\",\"caption\":\"Redacci\u00f3n\"},\"url\":\"https:\\\/\\\/fuentesfidedignas.com.mx\\\/index.php\\\/author\\\/redaccion\\\/\"}]}<\/script>\n<!-- \/ Yoast SEO plugin. -->","yoast_head_json":{"title":"Segundo informe de Sheinbaum, m\u00e1s propaganda que rendici\u00f3n de cuentas: PAN - Fuentes Fidedignas","robots":{"index":"index","follow":"follow","max-snippet":"max-snippet:-1","max-image-preview":"max-image-preview:large","max-video-preview":"max-video-preview:-1"},"canonical":"https:\/\/fuentesfidedignas.com.mx\/index.php\/2026\/09\/01\/segundo-informe-de-sheinbaum-mas-propaganda-que-rendicion-de-cuentas-pan\/","og_locale":"es_MX","og_type":"article","og_title":"Segundo informe de Sheinbaum, m\u00e1s propaganda que rendici\u00f3n de cuentas: PAN - Fuentes Fidedignas","og_description":"El Segundo Informe de Claudia Sheinbaum present\u00f3 un pa\u00eds que solamente existe en el discurso de Morena, afirm\u00f3 la presidenta del PAN Sinaloa, Wendy Barajas Cortes. \u201cMientras la Presidenta presume una reducci\u00f3n nacional de homicidios, Sinaloa acumul\u00f3 alrededor de 735 v\u00edctimas entre enero y julio y m\u00e1s de cuatro mil personas desaparecidas durante los \u00faltimos [&hellip;]","og_url":"https:\/\/fuentesfidedignas.com.mx\/index.php\/2026\/09\/01\/segundo-informe-de-sheinbaum-mas-propaganda-que-rendicion-de-cuentas-pan\/","og_site_name":"Fuentes Fidedignas","article_publisher":"https:\/\/www.facebook.com\/Fuentes-Fidedignas-368234489921644","article_published_time":"2026-09-01T23:45:51+00:00","article_modified_time":"2026-09-01T23:46:09+00:00","og_image":[{"width":500,"height":365,"url":"https:\/\/fuentesfidedignas.com.mx\/wp-content\/uploads\/2025\/08\/Wendy-Barajas.jpeg","type":"image\/jpeg"}],"author":"Redacci\u00f3n","twitter_card":"summary_large_image","twitter_creator":"@fidedignas","twitter_site":"@fidedignas","twitter_misc":{"Escrito por":"Redacci\u00f3n","Tiempo de lectura":"2 minutos"},"schema":{"@context":"https:\/\/schema.org","@graph":[{"@type":"Article","@id":"https:\/\/fuentesfidedignas.com.mx\/index.php\/2026\/09\/01\/segundo-informe-de-sheinbaum-mas-propaganda-que-rendicion-de-cuentas-pan\/#article","isPartOf":{"@id":"https:\/\/fuentesfidedignas.com.mx\/index.php\/2026\/09\/01\/segundo-informe-de-sheinbaum-mas-propaganda-que-rendicion-de-cuentas-pan\/"},"author":{"name":"Redacci\u00f3n","@id":"https:\/\/fuentesfidedignas.com.mx\/#\/schema\/person\/331be9283d37198e2acd5750279085b0"},"headline":"Segundo informe de Sheinbaum, m\u00e1s propaganda que rendici\u00f3n de cuentas: PAN","datePublished":"2026-09-01T23:45:51+00:00","dateModified":"2026-09-01T23:46:09+00:00","mainEntityOfPage":{"@id":"https:\/\/fuentesfidedignas.com.mx\/index.php\/2026\/09\/01\/segundo-informe-de-sheinbaum-mas-propaganda-que-rendicion-de-cuentas-pan\/"},"wordCount":294,"commentCount":0,"publisher":{"@id":"https:\/\/fuentesfidedignas.com.mx\/#organization"},"image":{"@id":"https:\/\/fuentesfidedignas.com.mx\/index.php\/2026\/09\/01\/segundo-informe-de-sheinbaum-mas-propaganda-que-rendicion-de-cuentas-pan\/#primaryimage"},"thumbnailUrl":"https:\/\/fuentesfidedignas.com.mx\/wp-content\/uploads\/2025\/08\/Wendy-Barajas.jpeg","articleSection":["NOTICIAS LOCALES"],"inLanguage":"es","potentialAction":[{"@type":"CommentAction","name":"Comment","target":["https:\/\/fuentesfidedignas.com.mx\/index.php\/2026\/09\/01\/segundo-informe-de-sheinbaum-mas-propaganda-que-rendicion-de-cuentas-pan\/#respond"]}]},{"@type":"WebPage","@id":"https:\/\/fuentesfidedignas.com.mx\/index.php\/2026\/09\/01\/segundo-informe-de-sheinbaum-mas-propaganda-que-rendicion-de-cuentas-pan\/","url":"https:\/\/fuentesfidedignas.com.mx\/index.php\/2026\/09\/01\/segundo-informe-de-sheinbaum-mas-propaganda-que-rendicion-de-cuentas-pan\/","name":"Segundo informe de Sheinbaum, m\u00e1s propaganda que rendici\u00f3n de cuentas: PAN - Fuentes Fidedignas","isPartOf":{"@id":"https:\/\/fuentesfidedignas.com.mx\/#website"},"primaryImageOfPage":{"@id":"https:\/\/fuentesfidedignas.com.mx\/index.php\/2026\/09\/01\/segundo-informe-de-sheinbaum-mas-propaganda-que-rendicion-de-cuentas-pan\/#primaryimage"},"image":{"@id":"https:\/\/fuentesfidedignas.com.mx\/index.php\/2026\/09\/01\/segundo-informe-de-sheinbaum-mas-propaganda-que-rendicion-de-cuentas-pan\/#primaryimage"},"thumbnailUrl":"https:\/\/fuentesfidedignas.com.mx\/wp-content\/uploads\/2025\/08\/Wendy-Barajas.jpeg","datePublished":"2026-09-01T23:45:51+00:00","dateModified":"2026-09-01T23:46:09+00:00","breadcrumb":{"@id":"https:\/\/fuentesfidedignas.com.mx\/index.php\/2026\/09\/01\/segundo-informe-de-sheinbaum-mas-propaganda-que-rendicion-de-cuentas-pan\/#breadcrumb"},"inLanguage":"es","potentialAction":[{"@type":"ReadAction","target":["https:\/\/fuentesfidedignas.com.mx\/index.php\/2026\/09\/01\/segundo-informe-de-sheinbaum-mas-propaganda-que-rendicion-de-cuentas-pan\/"]}]},{"@type":"ImageObject","inLanguage":"es","@id":"https:\/\/fuentesfidedignas.com.mx\/index.php\/2026\/09\/01\/segundo-informe-de-sheinbaum-mas-propaganda-que-rendicion-de-cuentas-pan\/#primaryimage","url":"https:\/\/fuentesfidedignas.com.mx\/wp-content\/uploads\/2025\/08\/Wendy-Barajas.jpeg","contentUrl":"https:\/\/fuentesfidedignas.com.mx\/wp-content\/uploads\/2025\/08\/Wendy-Barajas.jpeg","width":500,"height":365},{"@type":"BreadcrumbList","@id":"https:\/\/fuentesfidedignas.com.mx\/index.php\/2026\/09\/01\/segundo-informe-de-sheinbaum-mas-propaganda-que-rendicion-de-cuentas-pan\/#breadcrumb","itemListElement":[{"@type":"ListItem","position":1,"name":"Inicio","item":"https:\/\/fuentesfidedignas.com.mx\/"},{"@type":"ListItem","position":2,"name":"Segundo informe de Sheinbaum, m\u00e1s propaganda que rendici\u00f3n de cuentas: PAN"}]},{"@type":"WebSite","@id":"https:\/\/fuentesfidedignas.com.mx\/#website","url":"https:\/\/fuentesfidedignas.com.mx\/","name":"Fuentes Fidedignas","description":"Otro sitio realizado con WordPress","publisher":{"@id":"https:\/\/fuentesfidedignas.com.mx\/#organization"},"potentialAction":[{"@type":"SearchAction","target":{"@type":"EntryPoint","urlTemplate":"https:\/\/fuentesfidedignas.com.mx\/?s={search_term_string}"},"query-input":{"@type":"PropertyValueSpecification","valueRequired":true,"valueName":"search_term_string"}}],"inLanguage":"es"},{"@type":"Organization","@id":"https:\/\/fuentesfidedignas.com.mx\/#organization","name":"Fuentes Fidedignas","url":"https:\/\/fuentesfidedignas.com.mx\/","logo":{"@type":"ImageObject","inLanguage":"es","@id":"https:\/\/fuentesfidedignas.com.mx\/#\/schema\/logo\/image\/","url":"https:\/\/fuentesfidedignas.com.mx\/wp-content\/uploads\/2021\/04\/logo-retina.png","contentUrl":"https:\/\/fuentesfidedignas.com.mx\/wp-content\/uploads\/2021\/04\/logo-retina.png","width":280,"height":51,"caption":"Fuentes Fidedignas"},"image":{"@id":"https:\/\/fuentesfidedignas.com.mx\/#\/schema\/logo\/image\/"},"sameAs":["https:\/\/www.facebook.com\/Fuentes-Fidedignas-368234489921644","https:\/\/x.com\/fidedignas"]},{"@type":"Person","@id":"https:\/\/fuentesfidedignas.com.mx\/#\/schema\/person\/331be9283d37198e2acd5750279085b0","name":"Redacci\u00f3n","image":{"@type":"ImageObject","inLanguage":"es","@id":"https:\/\/secure.gravatar.com\/avatar\/f6d8782c11d12b2d4ad3fbb6931aeab5309937a4d6cd2fc9cfaa28a6396a5aec?s=96&d=mm&r=g","url":"https:\/\/secure.gravatar.com\/avatar\/f6d8782c11d12b2d4ad3fbb6931aeab5309937a4d6cd2fc9cfaa28a6396a5aec?s=96&d=mm&r=g","contentUrl":"https:\/\/secure.gravatar.com\/avatar\/f6d8782c11d12b2d4ad3fbb6931aeab5309937a4d6cd2fc9cfaa28a6396a5aec?s=96&d=mm&r=g","caption":"Redacci\u00f3n"},"url":"https:\/\/fuentesfidedignas.com.mx\/index.php\/author\/redaccion\/"}]}},"_links":{"self":[{"href":"https:\/\/fuentesfidedignas.com.mx\/index.php\/wp-json\/wp\/v2\/posts\/141426","targetHints":{"allow":["GET"]}}],"collection":[{"href":"https:\/\/fuentesfidedignas.com.mx\/index.php\/wp-json\/wp\/v2\/posts"}],"about":[{"href":"https:\/\/fuentesfidedignas.com.mx\/index.php\/wp-json\/wp\/v2\/types\/post"}],"author":[{"embeddable":true,"href":"https:\/\/fuentesfidedignas.com.mx\/index.php\/wp-json\/wp\/v2\/users\/4"}],"replies":[{"embeddable":true,"href":"https:\/\/fuentesfidedignas.com.mx\/index.php\/wp-json\/wp\/v2\/comments?post=141426"}],"version-history":[{"count":1,"href":"https:\/\/fuentesfidedignas.com.mx\/index.php\/wp-json\/wp\/v2\/posts\/141426\/revisions"}],"predecessor-version":[{"id":141427,"href":"https:\/\/fuentesfidedignas.com.mx\/index.php\/wp-json\/wp\/v2\/posts\/141426\/revisions\/141427"}],"wp:featuredmedia":[{"embeddable":true,"href":"https:\/\/fuentesfidedignas.com.mx\/index.php\/wp-json\/wp\/v2\/media\/115470"}],"wp:attachment":[{"href":"https:\/\/fuentesfidedignas.com.mx\/index.php\/wp-json\/wp\/v2\/media?parent=141426"}],"wp:term":[{"taxonomy":"category","embeddable":true,"href":"https:\/\/fuentesfidedignas.com.mx\/index.php\/wp-json\/wp\/v2\/categories?post=141426"},{"taxonomy":"post_tag","embeddable":true,"href":"https:\/\/fuentesfidedignas.com.mx\/index.php\/wp-json\/wp\/v2\/tags?post=141426"}],"curies":[{"name":"wp","href":"https:\/\/api.w.org\/{rel}","templated":true}]}}