{"id":141418,"date":"2026-08-22T04:01:00","date_gmt":"2026-08-22T11:01:00","guid":{"rendered":"https:\/\/fuentesfidedignas.com.mx\/?p=141418"},"modified":"2026-09-01T16:04:06","modified_gmt":"2026-09-01T23:04:06","slug":"evita-el-caos-escolar-consejos-para-sobrevivir-al-inicio-de-clases-2026-2027-sin-estres","status":"publish","type":"post","link":"https:\/\/fuentesfidedignas.com.mx\/index.php\/2026\/08\/22\/evita-el-caos-escolar-consejos-para-sobrevivir-al-inicio-de-clases-2026-2027-sin-estres\/","title":{"rendered":"Evita el caos escolar: Consejos para sobrevivir al inicio de clases 2026-2027 sin estr\u00e9s"},"content":{"rendered":"\n<p class=\"wp-block-paragraph\">El lunes 31 de agosto marca el arranque oficial del ciclo escolar Secretar\u00eda de Educaci\u00f3n P\u00fablica (SEP) 2026-2027, una fecha que miles de familias esperan con emoci\u00f3n y tambi\u00e9n con cierta preocupaci\u00f3n. Tras varias semanas de vacaciones, el regreso a clases suele traer consigo tr\u00e1fico, prisas, mochilas sin preparar y uniformes olvidados.<\/p>\n\n\n\n<p class=\"wp-block-paragraph\">Para que este d\u00eda no se convierta en un dolor de cabeza, te compartimos una serie de recomendaciones para anticiparte y organizar tu ma\u00f1ana a detalle.<\/p>\n\n\n\n<p class=\"wp-block-paragraph\">Publicidad<\/p>\n\n\n\n<p class=\"wp-block-paragraph\">\u00a1Recuerda! Con el inicio de clases se espera que aumente la movilidad en las principales vialidades y el nerviosismo, como la prisa, sea el principal detonante de estr\u00e9s; as\u00ed que respira profundo y toma tu tiempo.<\/p>\n\n\n\n<p class=\"wp-block-paragraph\"><strong>C\u00d3MO EVITAR EL CAOS DEL PRIMER D\u00cdA DE CLASES<\/strong><\/p>\n\n\n\n<p class=\"wp-block-paragraph\">El regreso a clases no tiene por qu\u00e9 ser sin\u00f3nimo de estr\u00e9s. Con una planeaci\u00f3n adecuada, las familias pueden disfrutar del inicio del ciclo escolar sin contratiempos. Estos son algunos consejos pr\u00e1cticos:<\/p>\n\n\n\n<p class=\"wp-block-paragraph\">\u00b7 Revisar y preparar con anticipaci\u00f3n el uniforme escolar, asegur\u00e1ndose de que est\u00e9 limpio, planchado y completo.<\/p>\n\n\n\n<p class=\"wp-block-paragraph\">\u00b7 Organizar la mochila desde el fin de semana, incluyendo cuadernos, l\u00e1pices, colores y todo lo que solicite la lista de \u00fatiles.<\/p>\n\n\n\n<p class=\"wp-block-paragraph\">Publicidad<\/p>\n\n\n\n<p class=\"wp-block-paragraph\">\u00b7 Establecer un horario de sue\u00f1o para que los ni\u00f1os se adapten gradualmente a levantarse temprano.<\/p>\n\n\n\n<p class=\"wp-block-paragraph\">\u00b7 Planear el desayuno desde la noche anterior, privilegiando alimentos saludables y f\u00e1ciles de preparar.<\/p>\n\n\n\n<p class=\"wp-block-paragraph\">\u00b7 Salir con tiempo de casa para anticiparse al tr\u00e1fico caracter\u00edstico del primer d\u00eda.<\/p>\n\n\n\n<p class=\"wp-block-paragraph\"><strong>LA IMPORTANCIA DE LA ORGANIZACI\u00d3N FAMILIAR<\/strong><\/p>\n\n\n\n<p class=\"wp-block-paragraph\">M\u00e1s all\u00e1 de lo escolar, el regreso a clases implica cambios en la rutina diaria de toda la familia. Por ello, se recomienda que tanto padres como hijos participen en la organizaci\u00f3n. Involucrar a los ni\u00f1os en la preparaci\u00f3n de su mochila y uniforme ayuda a fomentar la responsabilidad y a disminuir olvidos.<\/p>\n\n\n\n<p class=\"wp-block-paragraph\">Asimismo, establecer un espacio de estudio en casa libre de distracciones es fundamental para que los estudiantes se concentren y mantengan un buen rendimiento acad\u00e9mico desde el inicio. La SEP ha subrayado que el acompa\u00f1amiento de los padres es clave para un arranque exitoso del ciclo escolar.<\/p>\n\n\n\n<p class=\"wp-block-paragraph\">Aqu\u00ed te compartimos algunos consejos pr\u00e1cticos para comenzar el ciclo escolar con el pie derecho:<\/p>\n\n\n\n<p class=\"wp-block-paragraph\"><strong>1. Organiza los \u00fatiles y uniformes con anticipaci\u00f3n<\/strong><\/p>\n\n\n\n<p class=\"wp-block-paragraph\">Uno de los aspectos m\u00e1s importantes es preparar con tiempo la mochila, uniformes y material escolar. Esto evita compras de \u00faltimo minuto y ayuda a que los ni\u00f1os se sientan motivados al estrenar lo necesario para sus clases. Un tip extra es etiquetar los \u00fatiles para evitar extrav\u00edos.<\/p>\n\n\n\n<p class=\"wp-block-paragraph\"><strong>2. Establece rutinas de sue\u00f1o y tareas<\/strong><\/p>\n\n\n\n<p class=\"wp-block-paragraph\">El descanso es fundamental para el rendimiento acad\u00e9mico. Lo ideal es que, una semana antes del inicio de clases, los ni\u00f1os retomen un horario fijo de sue\u00f1o y despertar. Dormir al menos 8 horas favorece la concentraci\u00f3n, el aprendizaje y el buen humor.<\/p>\n\n\n\n<p class=\"wp-block-paragraph\">El equilibrio es clave. Programa momentos para hacer tareas, pero tambi\u00e9n para desconectar: juegos, ejercicio, lectura libre o simplemente descansar.<\/p>\n\n\n\n<p class=\"wp-block-paragraph\"><strong>3. Prepara un espacio de estudio en casa<\/strong><\/p>\n\n\n\n<p class=\"wp-block-paragraph\">Contar con un lugar c\u00f3modo, iluminado y libre de distracciones ayuda a que los estudiantes se concentren mejor en sus tareas. No es necesario gastar demasiado: basta con una mesa limpia, una silla ergon\u00f3mica y buena iluminaci\u00f3n.<\/p>\n\n\n\n<p class=\"wp-block-paragraph\"><strong>4. Planifica los desayunos y lunches<\/strong><\/p>\n\n\n\n<p class=\"wp-block-paragraph\">La alimentaci\u00f3n influye directamente en la energ\u00eda y el rendimiento escolar. Opta por desayunos balanceados que incluyan frutas, cereales integrales y prote\u00ednas. Tambi\u00e9n puedes organizar un men\u00fa semanal de lunches saludables para evitar improvisaciones.<\/p>\n\n\n\n<p class=\"wp-block-paragraph\"><strong>5. Conversa sobre emociones y expectativas<\/strong><\/p>\n\n\n\n<p class=\"wp-block-paragraph\">El regreso a clases no solo implica lo acad\u00e9mico, tambi\u00e9n lo emocional. Hablar con tus hijos sobre lo que sienten y esperan del nuevo ciclo escolar puede darles seguridad y confianza. La comunicaci\u00f3n abierta fortalece la relaci\u00f3n y reduce la ansiedad.<\/p>\n\n\n\n<p class=\"wp-block-paragraph\"><strong>6. Mant\u00e9n una actitud positiva<\/strong><\/p>\n\n\n\n<p class=\"wp-block-paragraph\">Los ni\u00f1os perciben la energ\u00eda de sus padres. Si transmites entusiasmo y motivaci\u00f3n, ellos vivir\u00e1n esta etapa con mayor ilusi\u00f3n. Un regreso a clases amigable comienza con una mentalidad optimista y flexible.<\/p>\n\n\n\n<p class=\"wp-block-paragraph\">7.&nbsp;<strong>Utiliza herramientas digitales para organizar tareas y fechas<\/strong><\/p>\n\n\n\n<p class=\"wp-block-paragraph\">Aplicaciones como Google Calendar, Notion, Todoist o Trello son \u00fatiles para estudiantes y padres. Puedes programar fechas de entrega, tareas diarias, recordatorios y horarios. Laura Vanderkam insiste en que planificar no significa llenar cada minuto, sino tener claridad sobre lo que se necesita hacer y cu\u00e1ndo.<\/p>\n\n\n\n<p class=\"wp-block-paragraph\"><strong>8. Haz un calendario familiar visible<\/strong><\/p>\n\n\n\n<p class=\"wp-block-paragraph\">En hogares con varios estudiantes o padres con m\u00faltiples responsabilidades, un calendario familiar en la cocina o entrada puede ayudar a visualizar actividades, reuniones escolares, pagos y ex\u00e1menes. Esto permite anticiparse y reducir el estr\u00e9s.<\/p>\n\n\n\n<p class=\"wp-block-paragraph\"><strong>9. Involucra a tus hijos en la organizaci\u00f3n<\/strong><\/p>\n\n\n\n<p class=\"wp-block-paragraph\">No importa la edad: los ni\u00f1os tambi\u00e9n pueden participar. Desde empacar su mochila hasta elegir sus refrigerios o revisar su horario, fomentar la autonom\u00eda refuerza la responsabilidad. Puedes usar sistemas visuales como sem\u00e1foros, stickers o checklists.<\/p>\n\n\n\n<p class=\"wp-block-paragraph\"><strong>10. Eval\u00faa y ajusta la rutina semanalmente<\/strong><\/p>\n\n\n\n<p class=\"wp-block-paragraph\">Las primeras semanas son para probar lo que funciona. \u00bfEst\u00e1 funcionando la hora de levantarse? \u00bfHay demasiadas actividades por la tarde? Dedica un momento a la semana para revisar c\u00f3mo van las cosas y hacer ajustes necesarios. La flexibilidad es parte de una buena organizaci\u00f3n.<\/p>\n\n\n\n<p class=\"wp-block-paragraph\"><strong>\u00bfC\u00d3MO PREPARAR A LOS NI\u00d1OS EMOCIONALMENTE?<\/strong><\/p>\n\n\n\n<p class=\"wp-block-paragraph\">El regreso a clases no solo es un tema de log\u00edstica, tambi\u00e9n involucra emociones. Es normal que algunos ni\u00f1os experimenten ansiedad o nervios por reencontrarse con sus compa\u00f1eros o adaptarse a un nuevo entorno. Los especialistas recomiendan:<\/p>\n\n\n\n<p class=\"wp-block-paragraph\">\u00b7 Hablar con ellos sobre lo positivo del regreso, como hacer amigos o aprender cosas nuevas.<\/p>\n\n\n\n<p class=\"wp-block-paragraph\">\u00b7 Evitar transmitir estr\u00e9s o presi\u00f3n excesiva.<\/p>\n\n\n\n<p class=\"wp-block-paragraph\">\u00b7 Fomentar rutinas de relajaci\u00f3n antes de dormir, como leer un cuento o escuchar m\u00fasica tranquila<\/p>\n\n\n\n<p class=\"wp-block-paragraph\"><strong>UN LUNES CON ORDEN Y SIN PRISAS<\/strong><\/p>\n\n\n\n<p class=\"wp-block-paragraph\">El regreso a clases SEP 2026-2027 puede ser una experiencia agradable si se prepara con tiempo. La clave est\u00e1 en la organizaci\u00f3n, el apoyo familiar y la comunicaci\u00f3n con los ni\u00f1os. De esta manera, lo que para muchos suele ser un d\u00eda de caos, puede convertirse en un inicio lleno de entusiasmo y energ\u00eda positiva.<\/p>\n\n\n\n<p class=\"wp-block-paragraph\">Con preparaci\u00f3n, organizaci\u00f3n y participaci\u00f3n de toda la familia, se puede transformar en una oportunidad para mejorar h\u00e1bitos, establecer metas y comenzar con entusiasmo un nuevo ciclo.<\/p>\n","protected":false},"excerpt":{"rendered":"<p>El lunes 31 de agosto marca el arranque oficial del ciclo escolar Secretar\u00eda de Educaci\u00f3n P\u00fablica (SEP) 2026-2027, una fecha que miles de familias esperan con emoci\u00f3n y tambi\u00e9n con cierta preocupaci\u00f3n. Tras varias semanas de vacaciones, el regreso a clases suele traer consigo tr\u00e1fico, prisas, mochilas sin preparar y uniformes olvidados. Para que este [&hellip;]<\/p>\n","protected":false},"author":14,"featured_media":141419,"comment_status":"open","ping_status":"open","sticky":false,"template":"","format":"standard","meta":{"tdm_status":"","tdm_grid_status":"","footnotes":""},"categories":[41,19],"tags":[],"class_list":["post-141418","post","type-post","status-publish","format-standard","has-post-thumbnail","category-review-magazine","category-reviews"],"yoast_head":"<!-- This site is optimized with the Yoast SEO plugin v28.4 - https:\/\/yoast.com\/product\/yoast-seo-wordpress\/ -->\n<title>Evita el caos escolar: Consejos para sobrevivir al inicio de clases 2026-2027 sin estr\u00e9s - Fuentes Fidedignas<\/title>\n<meta name=\"robots\" content=\"index, follow, max-snippet:-1, max-image-preview:large, max-video-preview:-1\" \/>\n<link rel=\"canonical\" href=\"https:\/\/fuentesfidedignas.com.mx\/index.php\/2026\/08\/22\/evita-el-caos-escolar-consejos-para-sobrevivir-al-inicio-de-clases-2026-2027-sin-estres\/\" \/>\n<meta property=\"og:locale\" content=\"es_MX\" \/>\n<meta property=\"og:type\" content=\"article\" \/>\n<meta property=\"og:title\" content=\"Evita el caos escolar: Consejos para sobrevivir al inicio de clases 2026-2027 sin estr\u00e9s - Fuentes Fidedignas\" \/>\n<meta property=\"og:description\" content=\"El lunes 31 de agosto marca el arranque oficial del ciclo escolar Secretar\u00eda de Educaci\u00f3n P\u00fablica (SEP) 2026-2027, una fecha que miles de familias esperan con emoci\u00f3n y tambi\u00e9n con cierta preocupaci\u00f3n. Tras varias semanas de vacaciones, el regreso a clases suele traer consigo tr\u00e1fico, prisas, mochilas sin preparar y uniformes olvidados. Para que este [&hellip;]\" \/>\n<meta property=\"og:url\" content=\"https:\/\/fuentesfidedignas.com.mx\/index.php\/2026\/08\/22\/evita-el-caos-escolar-consejos-para-sobrevivir-al-inicio-de-clases-2026-2027-sin-estres\/\" \/>\n<meta property=\"og:site_name\" content=\"Fuentes Fidedignas\" \/>\n<meta property=\"article:publisher\" content=\"https:\/\/www.facebook.com\/Fuentes-Fidedignas-368234489921644\" \/>\n<meta property=\"article:published_time\" content=\"2026-08-22T11:01:00+00:00\" \/>\n<meta property=\"article:modified_time\" content=\"2026-09-01T23:04:06+00:00\" \/>\n<meta property=\"og:image\" content=\"https:\/\/fuentesfidedignas.com.mx\/wp-content\/uploads\/2026\/09\/gemini-generated-image-1koysx1koysx1_1-16867638_20260830185057.webp\" \/>\n\t<meta property=\"og:image:width\" content=\"1200\" \/>\n\t<meta property=\"og:image:height\" content=\"675\" \/>\n\t<meta property=\"og:image:type\" content=\"image\/webp\" \/>\n<meta name=\"author\" content=\"Vanguardia\" \/>\n<meta name=\"twitter:card\" content=\"summary_large_image\" \/>\n<meta name=\"twitter:creator\" content=\"@fidedignas\" \/>\n<meta name=\"twitter:site\" content=\"@fidedignas\" \/>\n<meta name=\"twitter:label1\" content=\"Escrito por\" \/>\n\t<meta name=\"twitter:data1\" content=\"Vanguardia\" \/>\n\t<meta name=\"twitter:label2\" content=\"Tiempo de lectura\" \/>\n\t<meta name=\"twitter:data2\" content=\"5 minutos\" \/>\n<script type=\"application\/ld+json\" class=\"yoast-schema-graph\">{\"@context\":\"https:\\\/\\\/schema.org\",\"@graph\":[{\"@type\":\"Article\",\"@id\":\"https:\\\/\\\/fuentesfidedignas.com.mx\\\/index.php\\\/2026\\\/08\\\/22\\\/evita-el-caos-escolar-consejos-para-sobrevivir-al-inicio-de-clases-2026-2027-sin-estres\\\/#article\",\"isPartOf\":{\"@id\":\"https:\\\/\\\/fuentesfidedignas.com.mx\\\/index.php\\\/2026\\\/08\\\/22\\\/evita-el-caos-escolar-consejos-para-sobrevivir-al-inicio-de-clases-2026-2027-sin-estres\\\/\"},\"author\":{\"name\":\"Vanguardia\",\"@id\":\"https:\\\/\\\/fuentesfidedignas.com.mx\\\/#\\\/schema\\\/person\\\/bce747fb6a0b0feefab1e3e7c4e84d2b\"},\"headline\":\"Evita el caos escolar: Consejos para sobrevivir al inicio de clases 2026-2027 sin estr\u00e9s\",\"datePublished\":\"2026-08-22T11:01:00+00:00\",\"dateModified\":\"2026-09-01T23:04:06+00:00\",\"mainEntityOfPage\":{\"@id\":\"https:\\\/\\\/fuentesfidedignas.com.mx\\\/index.php\\\/2026\\\/08\\\/22\\\/evita-el-caos-escolar-consejos-para-sobrevivir-al-inicio-de-clases-2026-2027-sin-estres\\\/\"},\"wordCount\":1107,\"commentCount\":0,\"publisher\":{\"@id\":\"https:\\\/\\\/fuentesfidedignas.com.mx\\\/#organization\"},\"image\":{\"@id\":\"https:\\\/\\\/fuentesfidedignas.com.mx\\\/index.php\\\/2026\\\/08\\\/22\\\/evita-el-caos-escolar-consejos-para-sobrevivir-al-inicio-de-clases-2026-2027-sin-estres\\\/#primaryimage\"},\"thumbnailUrl\":\"https:\\\/\\\/fuentesfidedignas.com.mx\\\/wp-content\\\/uploads\\\/2026\\\/09\\\/gemini-generated-image-1koysx1koysx1_1-16867638_20260830185057.webp\",\"articleSection\":[\"REVIEW MAGAZINE\",\"Reviews\"],\"inLanguage\":\"es\",\"potentialAction\":[{\"@type\":\"CommentAction\",\"name\":\"Comment\",\"target\":[\"https:\\\/\\\/fuentesfidedignas.com.mx\\\/index.php\\\/2026\\\/08\\\/22\\\/evita-el-caos-escolar-consejos-para-sobrevivir-al-inicio-de-clases-2026-2027-sin-estres\\\/#respond\"]}]},{\"@type\":\"WebPage\",\"@id\":\"https:\\\/\\\/fuentesfidedignas.com.mx\\\/index.php\\\/2026\\\/08\\\/22\\\/evita-el-caos-escolar-consejos-para-sobrevivir-al-inicio-de-clases-2026-2027-sin-estres\\\/\",\"url\":\"https:\\\/\\\/fuentesfidedignas.com.mx\\\/index.php\\\/2026\\\/08\\\/22\\\/evita-el-caos-escolar-consejos-para-sobrevivir-al-inicio-de-clases-2026-2027-sin-estres\\\/\",\"name\":\"Evita el caos escolar: Consejos para sobrevivir al inicio de clases 2026-2027 sin estr\u00e9s - Fuentes Fidedignas\",\"isPartOf\":{\"@id\":\"https:\\\/\\\/fuentesfidedignas.com.mx\\\/#website\"},\"primaryImageOfPage\":{\"@id\":\"https:\\\/\\\/fuentesfidedignas.com.mx\\\/index.php\\\/2026\\\/08\\\/22\\\/evita-el-caos-escolar-consejos-para-sobrevivir-al-inicio-de-clases-2026-2027-sin-estres\\\/#primaryimage\"},\"image\":{\"@id\":\"https:\\\/\\\/fuentesfidedignas.com.mx\\\/index.php\\\/2026\\\/08\\\/22\\\/evita-el-caos-escolar-consejos-para-sobrevivir-al-inicio-de-clases-2026-2027-sin-estres\\\/#primaryimage\"},\"thumbnailUrl\":\"https:\\\/\\\/fuentesfidedignas.com.mx\\\/wp-content\\\/uploads\\\/2026\\\/09\\\/gemini-generated-image-1koysx1koysx1_1-16867638_20260830185057.webp\",\"datePublished\":\"2026-08-22T11:01:00+00:00\",\"dateModified\":\"2026-09-01T23:04:06+00:00\",\"breadcrumb\":{\"@id\":\"https:\\\/\\\/fuentesfidedignas.com.mx\\\/index.php\\\/2026\\\/08\\\/22\\\/evita-el-caos-escolar-consejos-para-sobrevivir-al-inicio-de-clases-2026-2027-sin-estres\\\/#breadcrumb\"},\"inLanguage\":\"es\",\"potentialAction\":[{\"@type\":\"ReadAction\",\"target\":[\"https:\\\/\\\/fuentesfidedignas.com.mx\\\/index.php\\\/2026\\\/08\\\/22\\\/evita-el-caos-escolar-consejos-para-sobrevivir-al-inicio-de-clases-2026-2027-sin-estres\\\/\"]}]},{\"@type\":\"ImageObject\",\"inLanguage\":\"es\",\"@id\":\"https:\\\/\\\/fuentesfidedignas.com.mx\\\/index.php\\\/2026\\\/08\\\/22\\\/evita-el-caos-escolar-consejos-para-sobrevivir-al-inicio-de-clases-2026-2027-sin-estres\\\/#primaryimage\",\"url\":\"https:\\\/\\\/fuentesfidedignas.com.mx\\\/wp-content\\\/uploads\\\/2026\\\/09\\\/gemini-generated-image-1koysx1koysx1_1-16867638_20260830185057.webp\",\"contentUrl\":\"https:\\\/\\\/fuentesfidedignas.com.mx\\\/wp-content\\\/uploads\\\/2026\\\/09\\\/gemini-generated-image-1koysx1koysx1_1-16867638_20260830185057.webp\",\"width\":1200,\"height\":675},{\"@type\":\"BreadcrumbList\",\"@id\":\"https:\\\/\\\/fuentesfidedignas.com.mx\\\/index.php\\\/2026\\\/08\\\/22\\\/evita-el-caos-escolar-consejos-para-sobrevivir-al-inicio-de-clases-2026-2027-sin-estres\\\/#breadcrumb\",\"itemListElement\":[{\"@type\":\"ListItem\",\"position\":1,\"name\":\"Inicio\",\"item\":\"https:\\\/\\\/fuentesfidedignas.com.mx\\\/\"},{\"@type\":\"ListItem\",\"position\":2,\"name\":\"Evita el caos escolar: Consejos para sobrevivir al inicio de clases 2026-2027 sin estr\u00e9s\"}]},{\"@type\":\"WebSite\",\"@id\":\"https:\\\/\\\/fuentesfidedignas.com.mx\\\/#website\",\"url\":\"https:\\\/\\\/fuentesfidedignas.com.mx\\\/\",\"name\":\"Fuentes Fidedignas\",\"description\":\"Otro sitio realizado con WordPress\",\"publisher\":{\"@id\":\"https:\\\/\\\/fuentesfidedignas.com.mx\\\/#organization\"},\"potentialAction\":[{\"@type\":\"SearchAction\",\"target\":{\"@type\":\"EntryPoint\",\"urlTemplate\":\"https:\\\/\\\/fuentesfidedignas.com.mx\\\/?s={search_term_string}\"},\"query-input\":{\"@type\":\"PropertyValueSpecification\",\"valueRequired\":true,\"valueName\":\"search_term_string\"}}],\"inLanguage\":\"es\"},{\"@type\":\"Organization\",\"@id\":\"https:\\\/\\\/fuentesfidedignas.com.mx\\\/#organization\",\"name\":\"Fuentes Fidedignas\",\"url\":\"https:\\\/\\\/fuentesfidedignas.com.mx\\\/\",\"logo\":{\"@type\":\"ImageObject\",\"inLanguage\":\"es\",\"@id\":\"https:\\\/\\\/fuentesfidedignas.com.mx\\\/#\\\/schema\\\/logo\\\/image\\\/\",\"url\":\"https:\\\/\\\/fuentesfidedignas.com.mx\\\/wp-content\\\/uploads\\\/2021\\\/04\\\/logo-retina.png\",\"contentUrl\":\"https:\\\/\\\/fuentesfidedignas.com.mx\\\/wp-content\\\/uploads\\\/2021\\\/04\\\/logo-retina.png\",\"width\":280,\"height\":51,\"caption\":\"Fuentes Fidedignas\"},\"image\":{\"@id\":\"https:\\\/\\\/fuentesfidedignas.com.mx\\\/#\\\/schema\\\/logo\\\/image\\\/\"},\"sameAs\":[\"https:\\\/\\\/www.facebook.com\\\/Fuentes-Fidedignas-368234489921644\",\"https:\\\/\\\/x.com\\\/fidedignas\"]},{\"@type\":\"Person\",\"@id\":\"https:\\\/\\\/fuentesfidedignas.com.mx\\\/#\\\/schema\\\/person\\\/bce747fb6a0b0feefab1e3e7c4e84d2b\",\"name\":\"Vanguardia\",\"image\":{\"@type\":\"ImageObject\",\"inLanguage\":\"es\",\"@id\":\"https:\\\/\\\/secure.gravatar.com\\\/avatar\\\/6d7e1e0fdcdef594fdfc9206070adafb95cd5cd9b47c113cb987d91ee74e35df?s=96&d=mm&r=g\",\"url\":\"https:\\\/\\\/secure.gravatar.com\\\/avatar\\\/6d7e1e0fdcdef594fdfc9206070adafb95cd5cd9b47c113cb987d91ee74e35df?s=96&d=mm&r=g\",\"contentUrl\":\"https:\\\/\\\/secure.gravatar.com\\\/avatar\\\/6d7e1e0fdcdef594fdfc9206070adafb95cd5cd9b47c113cb987d91ee74e35df?s=96&d=mm&r=g\",\"caption\":\"Vanguardia\"},\"url\":\"https:\\\/\\\/fuentesfidedignas.com.mx\\\/index.php\\\/author\\\/vanguardia\\\/\"}]}<\/script>\n<!-- \/ Yoast SEO plugin. -->","yoast_head_json":{"title":"Evita el caos escolar: Consejos para sobrevivir al inicio de clases 2026-2027 sin estr\u00e9s - Fuentes Fidedignas","robots":{"index":"index","follow":"follow","max-snippet":"max-snippet:-1","max-image-preview":"max-image-preview:large","max-video-preview":"max-video-preview:-1"},"canonical":"https:\/\/fuentesfidedignas.com.mx\/index.php\/2026\/08\/22\/evita-el-caos-escolar-consejos-para-sobrevivir-al-inicio-de-clases-2026-2027-sin-estres\/","og_locale":"es_MX","og_type":"article","og_title":"Evita el caos escolar: Consejos para sobrevivir al inicio de clases 2026-2027 sin estr\u00e9s - Fuentes Fidedignas","og_description":"El lunes 31 de agosto marca el arranque oficial del ciclo escolar Secretar\u00eda de Educaci\u00f3n P\u00fablica (SEP) 2026-2027, una fecha que miles de familias esperan con emoci\u00f3n y tambi\u00e9n con cierta preocupaci\u00f3n. Tras varias semanas de vacaciones, el regreso a clases suele traer consigo tr\u00e1fico, prisas, mochilas sin preparar y uniformes olvidados. Para que este [&hellip;]","og_url":"https:\/\/fuentesfidedignas.com.mx\/index.php\/2026\/08\/22\/evita-el-caos-escolar-consejos-para-sobrevivir-al-inicio-de-clases-2026-2027-sin-estres\/","og_site_name":"Fuentes Fidedignas","article_publisher":"https:\/\/www.facebook.com\/Fuentes-Fidedignas-368234489921644","article_published_time":"2026-08-22T11:01:00+00:00","article_modified_time":"2026-09-01T23:04:06+00:00","og_image":[{"width":1200,"height":675,"url":"https:\/\/fuentesfidedignas.com.mx\/wp-content\/uploads\/2026\/09\/gemini-generated-image-1koysx1koysx1_1-16867638_20260830185057.webp","type":"image\/webp"}],"author":"Vanguardia","twitter_card":"summary_large_image","twitter_creator":"@fidedignas","twitter_site":"@fidedignas","twitter_misc":{"Escrito por":"Vanguardia","Tiempo de lectura":"5 minutos"},"schema":{"@context":"https:\/\/schema.org","@graph":[{"@type":"Article","@id":"https:\/\/fuentesfidedignas.com.mx\/index.php\/2026\/08\/22\/evita-el-caos-escolar-consejos-para-sobrevivir-al-inicio-de-clases-2026-2027-sin-estres\/#article","isPartOf":{"@id":"https:\/\/fuentesfidedignas.com.mx\/index.php\/2026\/08\/22\/evita-el-caos-escolar-consejos-para-sobrevivir-al-inicio-de-clases-2026-2027-sin-estres\/"},"author":{"name":"Vanguardia","@id":"https:\/\/fuentesfidedignas.com.mx\/#\/schema\/person\/bce747fb6a0b0feefab1e3e7c4e84d2b"},"headline":"Evita el caos escolar: Consejos para sobrevivir al inicio de clases 2026-2027 sin estr\u00e9s","datePublished":"2026-08-22T11:01:00+00:00","dateModified":"2026-09-01T23:04:06+00:00","mainEntityOfPage":{"@id":"https:\/\/fuentesfidedignas.com.mx\/index.php\/2026\/08\/22\/evita-el-caos-escolar-consejos-para-sobrevivir-al-inicio-de-clases-2026-2027-sin-estres\/"},"wordCount":1107,"commentCount":0,"publisher":{"@id":"https:\/\/fuentesfidedignas.com.mx\/#organization"},"image":{"@id":"https:\/\/fuentesfidedignas.com.mx\/index.php\/2026\/08\/22\/evita-el-caos-escolar-consejos-para-sobrevivir-al-inicio-de-clases-2026-2027-sin-estres\/#primaryimage"},"thumbnailUrl":"https:\/\/fuentesfidedignas.com.mx\/wp-content\/uploads\/2026\/09\/gemini-generated-image-1koysx1koysx1_1-16867638_20260830185057.webp","articleSection":["REVIEW MAGAZINE","Reviews"],"inLanguage":"es","potentialAction":[{"@type":"CommentAction","name":"Comment","target":["https:\/\/fuentesfidedignas.com.mx\/index.php\/2026\/08\/22\/evita-el-caos-escolar-consejos-para-sobrevivir-al-inicio-de-clases-2026-2027-sin-estres\/#respond"]}]},{"@type":"WebPage","@id":"https:\/\/fuentesfidedignas.com.mx\/index.php\/2026\/08\/22\/evita-el-caos-escolar-consejos-para-sobrevivir-al-inicio-de-clases-2026-2027-sin-estres\/","url":"https:\/\/fuentesfidedignas.com.mx\/index.php\/2026\/08\/22\/evita-el-caos-escolar-consejos-para-sobrevivir-al-inicio-de-clases-2026-2027-sin-estres\/","name":"Evita el caos escolar: Consejos para sobrevivir al inicio de clases 2026-2027 sin estr\u00e9s - Fuentes Fidedignas","isPartOf":{"@id":"https:\/\/fuentesfidedignas.com.mx\/#website"},"primaryImageOfPage":{"@id":"https:\/\/fuentesfidedignas.com.mx\/index.php\/2026\/08\/22\/evita-el-caos-escolar-consejos-para-sobrevivir-al-inicio-de-clases-2026-2027-sin-estres\/#primaryimage"},"image":{"@id":"https:\/\/fuentesfidedignas.com.mx\/index.php\/2026\/08\/22\/evita-el-caos-escolar-consejos-para-sobrevivir-al-inicio-de-clases-2026-2027-sin-estres\/#primaryimage"},"thumbnailUrl":"https:\/\/fuentesfidedignas.com.mx\/wp-content\/uploads\/2026\/09\/gemini-generated-image-1koysx1koysx1_1-16867638_20260830185057.webp","datePublished":"2026-08-22T11:01:00+00:00","dateModified":"2026-09-01T23:04:06+00:00","breadcrumb":{"@id":"https:\/\/fuentesfidedignas.com.mx\/index.php\/2026\/08\/22\/evita-el-caos-escolar-consejos-para-sobrevivir-al-inicio-de-clases-2026-2027-sin-estres\/#breadcrumb"},"inLanguage":"es","potentialAction":[{"@type":"ReadAction","target":["https:\/\/fuentesfidedignas.com.mx\/index.php\/2026\/08\/22\/evita-el-caos-escolar-consejos-para-sobrevivir-al-inicio-de-clases-2026-2027-sin-estres\/"]}]},{"@type":"ImageObject","inLanguage":"es","@id":"https:\/\/fuentesfidedignas.com.mx\/index.php\/2026\/08\/22\/evita-el-caos-escolar-consejos-para-sobrevivir-al-inicio-de-clases-2026-2027-sin-estres\/#primaryimage","url":"https:\/\/fuentesfidedignas.com.mx\/wp-content\/uploads\/2026\/09\/gemini-generated-image-1koysx1koysx1_1-16867638_20260830185057.webp","contentUrl":"https:\/\/fuentesfidedignas.com.mx\/wp-content\/uploads\/2026\/09\/gemini-generated-image-1koysx1koysx1_1-16867638_20260830185057.webp","width":1200,"height":675},{"@type":"BreadcrumbList","@id":"https:\/\/fuentesfidedignas.com.mx\/index.php\/2026\/08\/22\/evita-el-caos-escolar-consejos-para-sobrevivir-al-inicio-de-clases-2026-2027-sin-estres\/#breadcrumb","itemListElement":[{"@type":"ListItem","position":1,"name":"Inicio","item":"https:\/\/fuentesfidedignas.com.mx\/"},{"@type":"ListItem","position":2,"name":"Evita el caos escolar: Consejos para sobrevivir al inicio de clases 2026-2027 sin estr\u00e9s"}]},{"@type":"WebSite","@id":"https:\/\/fuentesfidedignas.com.mx\/#website","url":"https:\/\/fuentesfidedignas.com.mx\/","name":"Fuentes Fidedignas","description":"Otro sitio realizado con WordPress","publisher":{"@id":"https:\/\/fuentesfidedignas.com.mx\/#organization"},"potentialAction":[{"@type":"SearchAction","target":{"@type":"EntryPoint","urlTemplate":"https:\/\/fuentesfidedignas.com.mx\/?s={search_term_string}"},"query-input":{"@type":"PropertyValueSpecification","valueRequired":true,"valueName":"search_term_string"}}],"inLanguage":"es"},{"@type":"Organization","@id":"https:\/\/fuentesfidedignas.com.mx\/#organization","name":"Fuentes Fidedignas","url":"https:\/\/fuentesfidedignas.com.mx\/","logo":{"@type":"ImageObject","inLanguage":"es","@id":"https:\/\/fuentesfidedignas.com.mx\/#\/schema\/logo\/image\/","url":"https:\/\/fuentesfidedignas.com.mx\/wp-content\/uploads\/2021\/04\/logo-retina.png","contentUrl":"https:\/\/fuentesfidedignas.com.mx\/wp-content\/uploads\/2021\/04\/logo-retina.png","width":280,"height":51,"caption":"Fuentes Fidedignas"},"image":{"@id":"https:\/\/fuentesfidedignas.com.mx\/#\/schema\/logo\/image\/"},"sameAs":["https:\/\/www.facebook.com\/Fuentes-Fidedignas-368234489921644","https:\/\/x.com\/fidedignas"]},{"@type":"Person","@id":"https:\/\/fuentesfidedignas.com.mx\/#\/schema\/person\/bce747fb6a0b0feefab1e3e7c4e84d2b","name":"Vanguardia","image":{"@type":"ImageObject","inLanguage":"es","@id":"https:\/\/secure.gravatar.com\/avatar\/6d7e1e0fdcdef594fdfc9206070adafb95cd5cd9b47c113cb987d91ee74e35df?s=96&d=mm&r=g","url":"https:\/\/secure.gravatar.com\/avatar\/6d7e1e0fdcdef594fdfc9206070adafb95cd5cd9b47c113cb987d91ee74e35df?s=96&d=mm&r=g","contentUrl":"https:\/\/secure.gravatar.com\/avatar\/6d7e1e0fdcdef594fdfc9206070adafb95cd5cd9b47c113cb987d91ee74e35df?s=96&d=mm&r=g","caption":"Vanguardia"},"url":"https:\/\/fuentesfidedignas.com.mx\/index.php\/author\/vanguardia\/"}]}},"_links":{"self":[{"href":"https:\/\/fuentesfidedignas.com.mx\/index.php\/wp-json\/wp\/v2\/posts\/141418","targetHints":{"allow":["GET"]}}],"collection":[{"href":"https:\/\/fuentesfidedignas.com.mx\/index.php\/wp-json\/wp\/v2\/posts"}],"about":[{"href":"https:\/\/fuentesfidedignas.com.mx\/index.php\/wp-json\/wp\/v2\/types\/post"}],"author":[{"embeddable":true,"href":"https:\/\/fuentesfidedignas.com.mx\/index.php\/wp-json\/wp\/v2\/users\/14"}],"replies":[{"embeddable":true,"href":"https:\/\/fuentesfidedignas.com.mx\/index.php\/wp-json\/wp\/v2\/comments?post=141418"}],"version-history":[{"count":1,"href":"https:\/\/fuentesfidedignas.com.mx\/index.php\/wp-json\/wp\/v2\/posts\/141418\/revisions"}],"predecessor-version":[{"id":141420,"href":"https:\/\/fuentesfidedignas.com.mx\/index.php\/wp-json\/wp\/v2\/posts\/141418\/revisions\/141420"}],"wp:featuredmedia":[{"embeddable":true,"href":"https:\/\/fuentesfidedignas.com.mx\/index.php\/wp-json\/wp\/v2\/media\/141419"}],"wp:attachment":[{"href":"https:\/\/fuentesfidedignas.com.mx\/index.php\/wp-json\/wp\/v2\/media?parent=141418"}],"wp:term":[{"taxonomy":"category","embeddable":true,"href":"https:\/\/fuentesfidedignas.com.mx\/index.php\/wp-json\/wp\/v2\/categories?post=141418"},{"taxonomy":"post_tag","embeddable":true,"href":"https:\/\/fuentesfidedignas.com.mx\/index.php\/wp-json\/wp\/v2\/tags?post=141418"}],"curies":[{"name":"wp","href":"https:\/\/api.w.org\/{rel}","templated":true}]}}