{"id":141416,"date":"2026-09-01T14:05:28","date_gmt":"2026-09-01T21:05:28","guid":{"rendered":"https:\/\/fuentesfidedignas.com.mx\/?p=141416"},"modified":"2026-09-01T14:05:35","modified_gmt":"2026-09-01T21:05:35","slug":"el-buen-fin-2026-ya-tiene-fecha-cuando-empieza-y-cuantos-dias-durara","status":"publish","type":"post","link":"https:\/\/fuentesfidedignas.com.mx\/index.php\/2026\/09\/01\/el-buen-fin-2026-ya-tiene-fecha-cuando-empieza-y-cuantos-dias-durara\/","title":{"rendered":"El Buen Fin 2026 ya tiene fecha: \u00bfcu\u00e1ndo empieza y cu\u00e1ntos d\u00edas durar\u00e1?"},"content":{"rendered":"\n<p class=\"wp-block-paragraph\"><strong><em>El Buen Fin 2026 se acerca y ya fueron definidos los d\u00edas en que se llevar\u00e1 a cabo esta nueva edici\u00f3n, que volver\u00e1 a extenderse durante varios d\u00edas para impulsar el consumo y ofrecer promociones en distintos establecimientos.<\/em><\/strong><\/p>\n\n\n\n<p class=\"wp-block-paragraph\">El Buen Fin se ha consolidado como una de las temporadas de compras m\u00e1s importantes en M\u00e9xico, por lo que millones de consumidores esperan esta campa\u00f1a para adquirir productos, contratar servicios o aprovechar descuentos y promociones.<\/p>\n\n\n\n<p class=\"wp-block-paragraph\">Para este 2026, la edici\u00f3n contar\u00e1 nuevamente con la participaci\u00f3n de comercios y empresas de distintos sectores, adem\u00e1s de iniciativas enfocadas en fortalecer a los negocios mexicanos.<\/p>\n\n\n\n<p class=\"wp-block-paragraph\"><strong>\u00bfCu\u00e1ndo empieza El Buen Fin 2026 y qu\u00e9 d\u00edas habr\u00e1 ofertas?<\/strong><br>La edici\u00f3n 2026 de El Buen Fin se realizar\u00e1 del viernes 13 al martes 17 de noviembre, por lo que tendr\u00e1 una duraci\u00f3n de cinco d\u00edas.<\/p>\n\n\n\n<p class=\"wp-block-paragraph\">Esto significa que los consumidores tendr\u00e1n todo el fin de semana y los primeros d\u00edas de la siguiente semana para comparar precios y buscar promociones en tiendas f\u00edsicas y plataformas digitales.<\/p>\n\n\n\n<p class=\"wp-block-paragraph\">La extensi\u00f3n de la campa\u00f1a tambi\u00e9n permitir\u00e1 que los establecimientos distribuyan sus promociones durante m\u00e1s d\u00edas y que los compradores tengan m\u00e1s oportunidades para encontrar descuentos en productos y servicios.<\/p>\n\n\n\n<p class=\"wp-block-paragraph\">Como cada a\u00f1o, se espera la participaci\u00f3n de diferentes establecimientos comerciales, aunque las promociones, precios y condiciones pueden variar entre cada negocio.<\/p>\n\n\n\n<p class=\"wp-block-paragraph\"><strong>Estas son las novedades que tendr\u00e1 El Buen Fin 2026 y qui\u00e9nes podr\u00e1n participar<\/strong><br>Adem\u00e1s de las promociones habituales, El Buen Fin 2026 contempla acciones para impulsar a las micro, peque\u00f1as y medianas empresas (MIPYMES), as\u00ed como el consumo de productos nacionales.<\/p>\n\n\n\n<p class=\"wp-block-paragraph\">Entre las iniciativas previstas destaca el impulso a los art\u00edculos \u201cHecho en M\u00e9xico\u201d, con el objetivo de dar mayor visibilidad a productos elaborados en el pa\u00eds y fortalecer la actividad de los negocios mexicanos.<\/p>\n\n\n\n<p class=\"wp-block-paragraph\">Tambi\u00e9n continuar\u00e1 el Sorteo El Buen Fin, una de las din\u00e1micas vinculadas con esta temporada de compras, en la que pueden participar consumidores y establecimientos que cumplan con los requisitos establecidos.<\/p>\n\n\n\n<p class=\"wp-block-paragraph\">Ante la llegada de esta edici\u00f3n, se suele recomendar a los consumidores comparar precios antes de comprar, revisar las condiciones de las promociones y evitar adquirir productos \u00fanicamente por la percepci\u00f3n de que tienen descuento.<\/p>\n\n\n\n<p class=\"wp-block-paragraph\">Con cinco d\u00edas de duraci\u00f3n, El Buen Fin 2026 ser\u00e1 una nueva oportunidad para que los consumidores encuentren ofertas, mientras los comercios buscan incrementar sus ventas durante una de las temporadas comerciales m\u00e1s relevantes del a\u00f1o.<\/p>\n\n\n\n<p class=\"wp-block-paragraph\"><\/p>\n","protected":false},"excerpt":{"rendered":"<p>El Buen Fin 2026 se acerca y ya fueron definidos los d\u00edas en que se llevar\u00e1 a cabo esta nueva edici\u00f3n, que volver\u00e1 a extenderse durante varios d\u00edas para impulsar el consumo y ofrecer promociones en distintos establecimientos. El Buen Fin se ha consolidado como una de las temporadas de compras m\u00e1s importantes en M\u00e9xico, [&hellip;]<\/p>\n","protected":false},"author":58,"featured_media":16791,"comment_status":"open","ping_status":"open","sticky":false,"template":"","format":"standard","meta":{"tdm_status":"","tdm_grid_status":"","footnotes":""},"categories":[39],"tags":[],"class_list":["post-141416","post","type-post","status-publish","format-standard","has-post-thumbnail","category-noticias-nacionales"],"yoast_head":"<!-- This site is optimized with the Yoast SEO plugin v28.4 - https:\/\/yoast.com\/product\/yoast-seo-wordpress\/ -->\n<title>El Buen Fin 2026 ya tiene fecha: \u00bfcu\u00e1ndo empieza y cu\u00e1ntos d\u00edas durar\u00e1? - Fuentes Fidedignas<\/title>\n<meta name=\"robots\" content=\"index, follow, max-snippet:-1, max-image-preview:large, max-video-preview:-1\" \/>\n<link rel=\"canonical\" href=\"https:\/\/fuentesfidedignas.com.mx\/index.php\/2026\/09\/01\/el-buen-fin-2026-ya-tiene-fecha-cuando-empieza-y-cuantos-dias-durara\/\" \/>\n<meta property=\"og:locale\" content=\"es_MX\" \/>\n<meta property=\"og:type\" content=\"article\" \/>\n<meta property=\"og:title\" content=\"El Buen Fin 2026 ya tiene fecha: \u00bfcu\u00e1ndo empieza y cu\u00e1ntos d\u00edas durar\u00e1? - Fuentes Fidedignas\" \/>\n<meta property=\"og:description\" content=\"El Buen Fin 2026 se acerca y ya fueron definidos los d\u00edas en que se llevar\u00e1 a cabo esta nueva edici\u00f3n, que volver\u00e1 a extenderse durante varios d\u00edas para impulsar el consumo y ofrecer promociones en distintos establecimientos. El Buen Fin se ha consolidado como una de las temporadas de compras m\u00e1s importantes en M\u00e9xico, [&hellip;]\" \/>\n<meta property=\"og:url\" content=\"https:\/\/fuentesfidedignas.com.mx\/index.php\/2026\/09\/01\/el-buen-fin-2026-ya-tiene-fecha-cuando-empieza-y-cuantos-dias-durara\/\" \/>\n<meta property=\"og:site_name\" content=\"Fuentes Fidedignas\" \/>\n<meta property=\"article:publisher\" content=\"https:\/\/www.facebook.com\/Fuentes-Fidedignas-368234489921644\" \/>\n<meta property=\"article:published_time\" content=\"2026-09-01T21:05:28+00:00\" \/>\n<meta property=\"article:modified_time\" content=\"2026-09-01T21:05:35+00:00\" \/>\n<meta property=\"og:image\" content=\"https:\/\/fuentesfidedignas.com.mx\/wp-content\/uploads\/2021\/11\/BUEN_FIN.jpg\" \/>\n\t<meta property=\"og:image:width\" content=\"2000\" \/>\n\t<meta property=\"og:image:height\" content=\"1135\" \/>\n\t<meta property=\"og:image:type\" content=\"image\/jpeg\" \/>\n<meta name=\"author\" content=\"Reporte \u00cdndigo\" \/>\n<meta name=\"twitter:card\" content=\"summary_large_image\" \/>\n<meta name=\"twitter:creator\" content=\"@fidedignas\" \/>\n<meta name=\"twitter:site\" content=\"@fidedignas\" \/>\n<meta name=\"twitter:label1\" content=\"Escrito por\" \/>\n\t<meta name=\"twitter:data1\" content=\"Reporte \u00cdndigo\" \/>\n\t<meta name=\"twitter:label2\" content=\"Tiempo de lectura\" \/>\n\t<meta name=\"twitter:data2\" content=\"3 minutos\" \/>\n<script type=\"application\/ld+json\" class=\"yoast-schema-graph\">{\"@context\":\"https:\\\/\\\/schema.org\",\"@graph\":[{\"@type\":\"Article\",\"@id\":\"https:\\\/\\\/fuentesfidedignas.com.mx\\\/index.php\\\/2026\\\/09\\\/01\\\/el-buen-fin-2026-ya-tiene-fecha-cuando-empieza-y-cuantos-dias-durara\\\/#article\",\"isPartOf\":{\"@id\":\"https:\\\/\\\/fuentesfidedignas.com.mx\\\/index.php\\\/2026\\\/09\\\/01\\\/el-buen-fin-2026-ya-tiene-fecha-cuando-empieza-y-cuantos-dias-durara\\\/\"},\"author\":{\"name\":\"Reporte \u00cdndigo\",\"@id\":\"https:\\\/\\\/fuentesfidedignas.com.mx\\\/#\\\/schema\\\/person\\\/e2b569f461972f4dc692e8a57def3fa1\"},\"headline\":\"El Buen Fin 2026 ya tiene fecha: \u00bfcu\u00e1ndo empieza y cu\u00e1ntos d\u00edas durar\u00e1?\",\"datePublished\":\"2026-09-01T21:05:28+00:00\",\"dateModified\":\"2026-09-01T21:05:35+00:00\",\"mainEntityOfPage\":{\"@id\":\"https:\\\/\\\/fuentesfidedignas.com.mx\\\/index.php\\\/2026\\\/09\\\/01\\\/el-buen-fin-2026-ya-tiene-fecha-cuando-empieza-y-cuantos-dias-durara\\\/\"},\"wordCount\":445,\"commentCount\":0,\"publisher\":{\"@id\":\"https:\\\/\\\/fuentesfidedignas.com.mx\\\/#organization\"},\"image\":{\"@id\":\"https:\\\/\\\/fuentesfidedignas.com.mx\\\/index.php\\\/2026\\\/09\\\/01\\\/el-buen-fin-2026-ya-tiene-fecha-cuando-empieza-y-cuantos-dias-durara\\\/#primaryimage\"},\"thumbnailUrl\":\"https:\\\/\\\/fuentesfidedignas.com.mx\\\/wp-content\\\/uploads\\\/2021\\\/11\\\/BUEN_FIN.jpg\",\"articleSection\":[\"NOTICIAS NACIONALES\"],\"inLanguage\":\"es\",\"potentialAction\":[{\"@type\":\"CommentAction\",\"name\":\"Comment\",\"target\":[\"https:\\\/\\\/fuentesfidedignas.com.mx\\\/index.php\\\/2026\\\/09\\\/01\\\/el-buen-fin-2026-ya-tiene-fecha-cuando-empieza-y-cuantos-dias-durara\\\/#respond\"]}]},{\"@type\":\"WebPage\",\"@id\":\"https:\\\/\\\/fuentesfidedignas.com.mx\\\/index.php\\\/2026\\\/09\\\/01\\\/el-buen-fin-2026-ya-tiene-fecha-cuando-empieza-y-cuantos-dias-durara\\\/\",\"url\":\"https:\\\/\\\/fuentesfidedignas.com.mx\\\/index.php\\\/2026\\\/09\\\/01\\\/el-buen-fin-2026-ya-tiene-fecha-cuando-empieza-y-cuantos-dias-durara\\\/\",\"name\":\"El Buen Fin 2026 ya tiene fecha: \u00bfcu\u00e1ndo empieza y cu\u00e1ntos d\u00edas durar\u00e1? - Fuentes Fidedignas\",\"isPartOf\":{\"@id\":\"https:\\\/\\\/fuentesfidedignas.com.mx\\\/#website\"},\"primaryImageOfPage\":{\"@id\":\"https:\\\/\\\/fuentesfidedignas.com.mx\\\/index.php\\\/2026\\\/09\\\/01\\\/el-buen-fin-2026-ya-tiene-fecha-cuando-empieza-y-cuantos-dias-durara\\\/#primaryimage\"},\"image\":{\"@id\":\"https:\\\/\\\/fuentesfidedignas.com.mx\\\/index.php\\\/2026\\\/09\\\/01\\\/el-buen-fin-2026-ya-tiene-fecha-cuando-empieza-y-cuantos-dias-durara\\\/#primaryimage\"},\"thumbnailUrl\":\"https:\\\/\\\/fuentesfidedignas.com.mx\\\/wp-content\\\/uploads\\\/2021\\\/11\\\/BUEN_FIN.jpg\",\"datePublished\":\"2026-09-01T21:05:28+00:00\",\"dateModified\":\"2026-09-01T21:05:35+00:00\",\"breadcrumb\":{\"@id\":\"https:\\\/\\\/fuentesfidedignas.com.mx\\\/index.php\\\/2026\\\/09\\\/01\\\/el-buen-fin-2026-ya-tiene-fecha-cuando-empieza-y-cuantos-dias-durara\\\/#breadcrumb\"},\"inLanguage\":\"es\",\"potentialAction\":[{\"@type\":\"ReadAction\",\"target\":[\"https:\\\/\\\/fuentesfidedignas.com.mx\\\/index.php\\\/2026\\\/09\\\/01\\\/el-buen-fin-2026-ya-tiene-fecha-cuando-empieza-y-cuantos-dias-durara\\\/\"]}]},{\"@type\":\"ImageObject\",\"inLanguage\":\"es\",\"@id\":\"https:\\\/\\\/fuentesfidedignas.com.mx\\\/index.php\\\/2026\\\/09\\\/01\\\/el-buen-fin-2026-ya-tiene-fecha-cuando-empieza-y-cuantos-dias-durara\\\/#primaryimage\",\"url\":\"https:\\\/\\\/fuentesfidedignas.com.mx\\\/wp-content\\\/uploads\\\/2021\\\/11\\\/BUEN_FIN.jpg\",\"contentUrl\":\"https:\\\/\\\/fuentesfidedignas.com.mx\\\/wp-content\\\/uploads\\\/2021\\\/11\\\/BUEN_FIN.jpg\",\"width\":2000,\"height\":1135},{\"@type\":\"BreadcrumbList\",\"@id\":\"https:\\\/\\\/fuentesfidedignas.com.mx\\\/index.php\\\/2026\\\/09\\\/01\\\/el-buen-fin-2026-ya-tiene-fecha-cuando-empieza-y-cuantos-dias-durara\\\/#breadcrumb\",\"itemListElement\":[{\"@type\":\"ListItem\",\"position\":1,\"name\":\"Inicio\",\"item\":\"https:\\\/\\\/fuentesfidedignas.com.mx\\\/\"},{\"@type\":\"ListItem\",\"position\":2,\"name\":\"El Buen Fin 2026 ya tiene fecha: \u00bfcu\u00e1ndo empieza y cu\u00e1ntos d\u00edas durar\u00e1?\"}]},{\"@type\":\"WebSite\",\"@id\":\"https:\\\/\\\/fuentesfidedignas.com.mx\\\/#website\",\"url\":\"https:\\\/\\\/fuentesfidedignas.com.mx\\\/\",\"name\":\"Fuentes Fidedignas\",\"description\":\"Otro sitio realizado con WordPress\",\"publisher\":{\"@id\":\"https:\\\/\\\/fuentesfidedignas.com.mx\\\/#organization\"},\"potentialAction\":[{\"@type\":\"SearchAction\",\"target\":{\"@type\":\"EntryPoint\",\"urlTemplate\":\"https:\\\/\\\/fuentesfidedignas.com.mx\\\/?s={search_term_string}\"},\"query-input\":{\"@type\":\"PropertyValueSpecification\",\"valueRequired\":true,\"valueName\":\"search_term_string\"}}],\"inLanguage\":\"es\"},{\"@type\":\"Organization\",\"@id\":\"https:\\\/\\\/fuentesfidedignas.com.mx\\\/#organization\",\"name\":\"Fuentes Fidedignas\",\"url\":\"https:\\\/\\\/fuentesfidedignas.com.mx\\\/\",\"logo\":{\"@type\":\"ImageObject\",\"inLanguage\":\"es\",\"@id\":\"https:\\\/\\\/fuentesfidedignas.com.mx\\\/#\\\/schema\\\/logo\\\/image\\\/\",\"url\":\"https:\\\/\\\/fuentesfidedignas.com.mx\\\/wp-content\\\/uploads\\\/2021\\\/04\\\/logo-retina.png\",\"contentUrl\":\"https:\\\/\\\/fuentesfidedignas.com.mx\\\/wp-content\\\/uploads\\\/2021\\\/04\\\/logo-retina.png\",\"width\":280,\"height\":51,\"caption\":\"Fuentes Fidedignas\"},\"image\":{\"@id\":\"https:\\\/\\\/fuentesfidedignas.com.mx\\\/#\\\/schema\\\/logo\\\/image\\\/\"},\"sameAs\":[\"https:\\\/\\\/www.facebook.com\\\/Fuentes-Fidedignas-368234489921644\",\"https:\\\/\\\/x.com\\\/fidedignas\"]},{\"@type\":\"Person\",\"@id\":\"https:\\\/\\\/fuentesfidedignas.com.mx\\\/#\\\/schema\\\/person\\\/e2b569f461972f4dc692e8a57def3fa1\",\"name\":\"Reporte \u00cdndigo\",\"image\":{\"@type\":\"ImageObject\",\"inLanguage\":\"es\",\"@id\":\"https:\\\/\\\/secure.gravatar.com\\\/avatar\\\/d0231ec752df7587e8d58cf5337090d30f7b0e109e5ee25039125ea0fff8a941?s=96&d=mm&r=g\",\"url\":\"https:\\\/\\\/secure.gravatar.com\\\/avatar\\\/d0231ec752df7587e8d58cf5337090d30f7b0e109e5ee25039125ea0fff8a941?s=96&d=mm&r=g\",\"contentUrl\":\"https:\\\/\\\/secure.gravatar.com\\\/avatar\\\/d0231ec752df7587e8d58cf5337090d30f7b0e109e5ee25039125ea0fff8a941?s=96&d=mm&r=g\",\"caption\":\"Reporte \u00cdndigo\"},\"url\":\"https:\\\/\\\/fuentesfidedignas.com.mx\\\/index.php\\\/author\\\/reporte-indigo\\\/\"}]}<\/script>\n<!-- \/ Yoast SEO plugin. -->","yoast_head_json":{"title":"El Buen Fin 2026 ya tiene fecha: \u00bfcu\u00e1ndo empieza y cu\u00e1ntos d\u00edas durar\u00e1? - Fuentes Fidedignas","robots":{"index":"index","follow":"follow","max-snippet":"max-snippet:-1","max-image-preview":"max-image-preview:large","max-video-preview":"max-video-preview:-1"},"canonical":"https:\/\/fuentesfidedignas.com.mx\/index.php\/2026\/09\/01\/el-buen-fin-2026-ya-tiene-fecha-cuando-empieza-y-cuantos-dias-durara\/","og_locale":"es_MX","og_type":"article","og_title":"El Buen Fin 2026 ya tiene fecha: \u00bfcu\u00e1ndo empieza y cu\u00e1ntos d\u00edas durar\u00e1? - Fuentes Fidedignas","og_description":"El Buen Fin 2026 se acerca y ya fueron definidos los d\u00edas en que se llevar\u00e1 a cabo esta nueva edici\u00f3n, que volver\u00e1 a extenderse durante varios d\u00edas para impulsar el consumo y ofrecer promociones en distintos establecimientos. El Buen Fin se ha consolidado como una de las temporadas de compras m\u00e1s importantes en M\u00e9xico, [&hellip;]","og_url":"https:\/\/fuentesfidedignas.com.mx\/index.php\/2026\/09\/01\/el-buen-fin-2026-ya-tiene-fecha-cuando-empieza-y-cuantos-dias-durara\/","og_site_name":"Fuentes Fidedignas","article_publisher":"https:\/\/www.facebook.com\/Fuentes-Fidedignas-368234489921644","article_published_time":"2026-09-01T21:05:28+00:00","article_modified_time":"2026-09-01T21:05:35+00:00","og_image":[{"width":2000,"height":1135,"url":"https:\/\/fuentesfidedignas.com.mx\/wp-content\/uploads\/2021\/11\/BUEN_FIN.jpg","type":"image\/jpeg"}],"author":"Reporte \u00cdndigo","twitter_card":"summary_large_image","twitter_creator":"@fidedignas","twitter_site":"@fidedignas","twitter_misc":{"Escrito por":"Reporte \u00cdndigo","Tiempo de lectura":"3 minutos"},"schema":{"@context":"https:\/\/schema.org","@graph":[{"@type":"Article","@id":"https:\/\/fuentesfidedignas.com.mx\/index.php\/2026\/09\/01\/el-buen-fin-2026-ya-tiene-fecha-cuando-empieza-y-cuantos-dias-durara\/#article","isPartOf":{"@id":"https:\/\/fuentesfidedignas.com.mx\/index.php\/2026\/09\/01\/el-buen-fin-2026-ya-tiene-fecha-cuando-empieza-y-cuantos-dias-durara\/"},"author":{"name":"Reporte \u00cdndigo","@id":"https:\/\/fuentesfidedignas.com.mx\/#\/schema\/person\/e2b569f461972f4dc692e8a57def3fa1"},"headline":"El Buen Fin 2026 ya tiene fecha: \u00bfcu\u00e1ndo empieza y cu\u00e1ntos d\u00edas durar\u00e1?","datePublished":"2026-09-01T21:05:28+00:00","dateModified":"2026-09-01T21:05:35+00:00","mainEntityOfPage":{"@id":"https:\/\/fuentesfidedignas.com.mx\/index.php\/2026\/09\/01\/el-buen-fin-2026-ya-tiene-fecha-cuando-empieza-y-cuantos-dias-durara\/"},"wordCount":445,"commentCount":0,"publisher":{"@id":"https:\/\/fuentesfidedignas.com.mx\/#organization"},"image":{"@id":"https:\/\/fuentesfidedignas.com.mx\/index.php\/2026\/09\/01\/el-buen-fin-2026-ya-tiene-fecha-cuando-empieza-y-cuantos-dias-durara\/#primaryimage"},"thumbnailUrl":"https:\/\/fuentesfidedignas.com.mx\/wp-content\/uploads\/2021\/11\/BUEN_FIN.jpg","articleSection":["NOTICIAS NACIONALES"],"inLanguage":"es","potentialAction":[{"@type":"CommentAction","name":"Comment","target":["https:\/\/fuentesfidedignas.com.mx\/index.php\/2026\/09\/01\/el-buen-fin-2026-ya-tiene-fecha-cuando-empieza-y-cuantos-dias-durara\/#respond"]}]},{"@type":"WebPage","@id":"https:\/\/fuentesfidedignas.com.mx\/index.php\/2026\/09\/01\/el-buen-fin-2026-ya-tiene-fecha-cuando-empieza-y-cuantos-dias-durara\/","url":"https:\/\/fuentesfidedignas.com.mx\/index.php\/2026\/09\/01\/el-buen-fin-2026-ya-tiene-fecha-cuando-empieza-y-cuantos-dias-durara\/","name":"El Buen Fin 2026 ya tiene fecha: \u00bfcu\u00e1ndo empieza y cu\u00e1ntos d\u00edas durar\u00e1? - Fuentes Fidedignas","isPartOf":{"@id":"https:\/\/fuentesfidedignas.com.mx\/#website"},"primaryImageOfPage":{"@id":"https:\/\/fuentesfidedignas.com.mx\/index.php\/2026\/09\/01\/el-buen-fin-2026-ya-tiene-fecha-cuando-empieza-y-cuantos-dias-durara\/#primaryimage"},"image":{"@id":"https:\/\/fuentesfidedignas.com.mx\/index.php\/2026\/09\/01\/el-buen-fin-2026-ya-tiene-fecha-cuando-empieza-y-cuantos-dias-durara\/#primaryimage"},"thumbnailUrl":"https:\/\/fuentesfidedignas.com.mx\/wp-content\/uploads\/2021\/11\/BUEN_FIN.jpg","datePublished":"2026-09-01T21:05:28+00:00","dateModified":"2026-09-01T21:05:35+00:00","breadcrumb":{"@id":"https:\/\/fuentesfidedignas.com.mx\/index.php\/2026\/09\/01\/el-buen-fin-2026-ya-tiene-fecha-cuando-empieza-y-cuantos-dias-durara\/#breadcrumb"},"inLanguage":"es","potentialAction":[{"@type":"ReadAction","target":["https:\/\/fuentesfidedignas.com.mx\/index.php\/2026\/09\/01\/el-buen-fin-2026-ya-tiene-fecha-cuando-empieza-y-cuantos-dias-durara\/"]}]},{"@type":"ImageObject","inLanguage":"es","@id":"https:\/\/fuentesfidedignas.com.mx\/index.php\/2026\/09\/01\/el-buen-fin-2026-ya-tiene-fecha-cuando-empieza-y-cuantos-dias-durara\/#primaryimage","url":"https:\/\/fuentesfidedignas.com.mx\/wp-content\/uploads\/2021\/11\/BUEN_FIN.jpg","contentUrl":"https:\/\/fuentesfidedignas.com.mx\/wp-content\/uploads\/2021\/11\/BUEN_FIN.jpg","width":2000,"height":1135},{"@type":"BreadcrumbList","@id":"https:\/\/fuentesfidedignas.com.mx\/index.php\/2026\/09\/01\/el-buen-fin-2026-ya-tiene-fecha-cuando-empieza-y-cuantos-dias-durara\/#breadcrumb","itemListElement":[{"@type":"ListItem","position":1,"name":"Inicio","item":"https:\/\/fuentesfidedignas.com.mx\/"},{"@type":"ListItem","position":2,"name":"El Buen Fin 2026 ya tiene fecha: \u00bfcu\u00e1ndo empieza y cu\u00e1ntos d\u00edas durar\u00e1?"}]},{"@type":"WebSite","@id":"https:\/\/fuentesfidedignas.com.mx\/#website","url":"https:\/\/fuentesfidedignas.com.mx\/","name":"Fuentes Fidedignas","description":"Otro sitio realizado con WordPress","publisher":{"@id":"https:\/\/fuentesfidedignas.com.mx\/#organization"},"potentialAction":[{"@type":"SearchAction","target":{"@type":"EntryPoint","urlTemplate":"https:\/\/fuentesfidedignas.com.mx\/?s={search_term_string}"},"query-input":{"@type":"PropertyValueSpecification","valueRequired":true,"valueName":"search_term_string"}}],"inLanguage":"es"},{"@type":"Organization","@id":"https:\/\/fuentesfidedignas.com.mx\/#organization","name":"Fuentes Fidedignas","url":"https:\/\/fuentesfidedignas.com.mx\/","logo":{"@type":"ImageObject","inLanguage":"es","@id":"https:\/\/fuentesfidedignas.com.mx\/#\/schema\/logo\/image\/","url":"https:\/\/fuentesfidedignas.com.mx\/wp-content\/uploads\/2021\/04\/logo-retina.png","contentUrl":"https:\/\/fuentesfidedignas.com.mx\/wp-content\/uploads\/2021\/04\/logo-retina.png","width":280,"height":51,"caption":"Fuentes Fidedignas"},"image":{"@id":"https:\/\/fuentesfidedignas.com.mx\/#\/schema\/logo\/image\/"},"sameAs":["https:\/\/www.facebook.com\/Fuentes-Fidedignas-368234489921644","https:\/\/x.com\/fidedignas"]},{"@type":"Person","@id":"https:\/\/fuentesfidedignas.com.mx\/#\/schema\/person\/e2b569f461972f4dc692e8a57def3fa1","name":"Reporte \u00cdndigo","image":{"@type":"ImageObject","inLanguage":"es","@id":"https:\/\/secure.gravatar.com\/avatar\/d0231ec752df7587e8d58cf5337090d30f7b0e109e5ee25039125ea0fff8a941?s=96&d=mm&r=g","url":"https:\/\/secure.gravatar.com\/avatar\/d0231ec752df7587e8d58cf5337090d30f7b0e109e5ee25039125ea0fff8a941?s=96&d=mm&r=g","contentUrl":"https:\/\/secure.gravatar.com\/avatar\/d0231ec752df7587e8d58cf5337090d30f7b0e109e5ee25039125ea0fff8a941?s=96&d=mm&r=g","caption":"Reporte \u00cdndigo"},"url":"https:\/\/fuentesfidedignas.com.mx\/index.php\/author\/reporte-indigo\/"}]}},"_links":{"self":[{"href":"https:\/\/fuentesfidedignas.com.mx\/index.php\/wp-json\/wp\/v2\/posts\/141416","targetHints":{"allow":["GET"]}}],"collection":[{"href":"https:\/\/fuentesfidedignas.com.mx\/index.php\/wp-json\/wp\/v2\/posts"}],"about":[{"href":"https:\/\/fuentesfidedignas.com.mx\/index.php\/wp-json\/wp\/v2\/types\/post"}],"author":[{"embeddable":true,"href":"https:\/\/fuentesfidedignas.com.mx\/index.php\/wp-json\/wp\/v2\/users\/58"}],"replies":[{"embeddable":true,"href":"https:\/\/fuentesfidedignas.com.mx\/index.php\/wp-json\/wp\/v2\/comments?post=141416"}],"version-history":[{"count":1,"href":"https:\/\/fuentesfidedignas.com.mx\/index.php\/wp-json\/wp\/v2\/posts\/141416\/revisions"}],"predecessor-version":[{"id":141417,"href":"https:\/\/fuentesfidedignas.com.mx\/index.php\/wp-json\/wp\/v2\/posts\/141416\/revisions\/141417"}],"wp:featuredmedia":[{"embeddable":true,"href":"https:\/\/fuentesfidedignas.com.mx\/index.php\/wp-json\/wp\/v2\/media\/16791"}],"wp:attachment":[{"href":"https:\/\/fuentesfidedignas.com.mx\/index.php\/wp-json\/wp\/v2\/media?parent=141416"}],"wp:term":[{"taxonomy":"category","embeddable":true,"href":"https:\/\/fuentesfidedignas.com.mx\/index.php\/wp-json\/wp\/v2\/categories?post=141416"},{"taxonomy":"post_tag","embeddable":true,"href":"https:\/\/fuentesfidedignas.com.mx\/index.php\/wp-json\/wp\/v2\/tags?post=141416"}],"curies":[{"name":"wp","href":"https:\/\/api.w.org\/{rel}","templated":true}]}}