{"id":141411,"date":"2026-09-01T13:43:29","date_gmt":"2026-09-01T20:43:29","guid":{"rendered":"https:\/\/fuentesfidedignas.com.mx\/?p=141411"},"modified":"2026-09-01T13:54:00","modified_gmt":"2026-09-01T20:54:00","slug":"alcaldesa-de-culiacan-lleva-certeza-juridica-a-familias-de-valle-de-encino-en-culiacan","status":"publish","type":"post","link":"https:\/\/fuentesfidedignas.com.mx\/index.php\/2026\/09\/01\/alcaldesa-de-culiacan-lleva-certeza-juridica-a-familias-de-valle-de-encino-en-culiacan\/","title":{"rendered":"Alcaldesa de Culiac\u00e1n lleva certeza jur\u00eddica a familias de Valle de Encino en Culiac\u00e1n"},"content":{"rendered":"\n<p class=\"wp-block-paragraph\"><strong><em>La presidenta municipal entreg\u00f3 cuatro escrituras durante un recorrido casa por casa, en el que tambi\u00e9n atendi\u00f3 peticiones de habitantes del sector.<\/em><\/strong><\/p>\n\n\n\n<p class=\"wp-block-paragraph\">Culiac\u00e1n, Sin.- En un acto de justicia social, la alcaldesa Ana Miriam Ramos Villarreal realiz\u00f3 la entrega de cuatro escrituras, durante un recorrido casa por casa por el sector Valle de Encino, localizado al sur de la ciudad.<\/p>\n\n\n\n<p class=\"wp-block-paragraph\">En su visita por los hogares beneficiados, Ana Miriam Ramos Villarreal reiter\u00f3 a los presentes que no es la primera vez, ni la \u00faltima, en que se ha visitado la colonia, a fin de otorgar certeza jur\u00eddica al patrimonio familiar.<\/p>\n\n\n\n<p class=\"wp-block-paragraph\">&#8220;Es la tranquilidad que les va a dejar a sus hijos, no es nada m\u00e1s un documento, es decirles que, aparte de todo el esfuerzo y sacrificio por mantener su hogar, aqu\u00ed se ve reflejado&#8221;, precis\u00f3 la presidenta municipal.<\/p>\n\n\n\n<p class=\"wp-block-paragraph\">En representaci\u00f3n de los beneficiarios, el se\u00f1or Albino Favela S\u00e1nchez detall\u00f3 que desde 2017 inici\u00f3 la adquisici\u00f3n de su casa, la cual este d\u00eda ya cuenta con sus escrituras originales.<\/p>\n\n\n\n<p class=\"wp-block-paragraph\">El beneficiario refrend\u00f3 que, a trav\u00e9s del presente documento recibido, puede garantizar la certeza de contar con un patrimonio propio para su familia.<\/p>\n\n\n\n<p class=\"wp-block-paragraph\">&#8220;Espero que ella pueda seguir ayudando a otras personas que tengan la necesidad de una vivienda&#8221;, indic\u00f3.<\/p>\n\n\n\n<p class=\"wp-block-paragraph\">Finalmente, Ramos Villarreal atendi\u00f3 diversas gestiones relacionadas con el mantenimiento de los servicios p\u00fablicos y la rehabilitaci\u00f3n de espacios p\u00fablicos y \u00e1reas verdes, comprometi\u00e9ndose a dar seguimiento y atenci\u00f3n inmediata a cada una de estas.<\/p>\n","protected":false},"excerpt":{"rendered":"<p>La presidenta municipal entreg\u00f3 cuatro escrituras durante un recorrido casa por casa, en el que tambi\u00e9n atendi\u00f3 peticiones de habitantes del sector. Culiac\u00e1n, Sin.- En un acto de justicia social, la alcaldesa Ana Miriam Ramos Villarreal realiz\u00f3 la entrega de cuatro escrituras, durante un recorrido casa por casa por el sector Valle de Encino, localizado [&hellip;]<\/p>\n","protected":false},"author":4,"featured_media":141412,"comment_status":"open","ping_status":"open","sticky":false,"template":"","format":"standard","meta":{"tdm_status":"","tdm_grid_status":"","footnotes":""},"categories":[38],"tags":[],"class_list":["post-141411","post","type-post","status-publish","format-standard","has-post-thumbnail","category-noticias-locales"],"yoast_head":"<!-- This site is optimized with the Yoast SEO plugin v28.4 - https:\/\/yoast.com\/product\/yoast-seo-wordpress\/ -->\n<title>Alcaldesa de Culiac\u00e1n lleva certeza jur\u00eddica a familias de Valle de Encino en Culiac\u00e1n - Fuentes Fidedignas<\/title>\n<meta name=\"robots\" content=\"index, follow, max-snippet:-1, max-image-preview:large, max-video-preview:-1\" \/>\n<link rel=\"canonical\" href=\"https:\/\/fuentesfidedignas.com.mx\/index.php\/2026\/09\/01\/alcaldesa-de-culiacan-lleva-certeza-juridica-a-familias-de-valle-de-encino-en-culiacan\/\" \/>\n<meta property=\"og:locale\" content=\"es_MX\" \/>\n<meta property=\"og:type\" content=\"article\" \/>\n<meta property=\"og:title\" content=\"Alcaldesa de Culiac\u00e1n lleva certeza jur\u00eddica a familias de Valle de Encino en Culiac\u00e1n - Fuentes Fidedignas\" \/>\n<meta property=\"og:description\" content=\"La presidenta municipal entreg\u00f3 cuatro escrituras durante un recorrido casa por casa, en el que tambi\u00e9n atendi\u00f3 peticiones de habitantes del sector. Culiac\u00e1n, Sin.- En un acto de justicia social, la alcaldesa Ana Miriam Ramos Villarreal realiz\u00f3 la entrega de cuatro escrituras, durante un recorrido casa por casa por el sector Valle de Encino, localizado [&hellip;]\" \/>\n<meta property=\"og:url\" content=\"https:\/\/fuentesfidedignas.com.mx\/index.php\/2026\/09\/01\/alcaldesa-de-culiacan-lleva-certeza-juridica-a-familias-de-valle-de-encino-en-culiacan\/\" \/>\n<meta property=\"og:site_name\" content=\"Fuentes Fidedignas\" \/>\n<meta property=\"article:publisher\" content=\"https:\/\/www.facebook.com\/Fuentes-Fidedignas-368234489921644\" \/>\n<meta property=\"article:published_time\" content=\"2026-09-01T20:43:29+00:00\" \/>\n<meta property=\"article:modified_time\" content=\"2026-09-01T20:54:00+00:00\" \/>\n<meta property=\"og:image\" content=\"https:\/\/fuentesfidedignas.com.mx\/wp-content\/uploads\/2026\/09\/WhatsApp-Image-2026-09-01-at-1.00.06-PM.jpg\" \/>\n\t<meta property=\"og:image:width\" content=\"500\" \/>\n\t<meta property=\"og:image:height\" content=\"333\" \/>\n\t<meta property=\"og:image:type\" content=\"image\/jpeg\" \/>\n<meta name=\"author\" content=\"Redacci\u00f3n\" \/>\n<meta name=\"twitter:card\" content=\"summary_large_image\" \/>\n<meta name=\"twitter:creator\" content=\"@fidedignas\" \/>\n<meta name=\"twitter:site\" content=\"@fidedignas\" \/>\n<meta name=\"twitter:label1\" content=\"Escrito por\" \/>\n\t<meta name=\"twitter:data1\" content=\"Redacci\u00f3n\" \/>\n\t<meta name=\"twitter:label2\" content=\"Tiempo de lectura\" \/>\n\t<meta name=\"twitter:data2\" content=\"2 minutos\" \/>\n<script type=\"application\/ld+json\" class=\"yoast-schema-graph\">{\"@context\":\"https:\\\/\\\/schema.org\",\"@graph\":[{\"@type\":\"Article\",\"@id\":\"https:\\\/\\\/fuentesfidedignas.com.mx\\\/index.php\\\/2026\\\/09\\\/01\\\/alcaldesa-de-culiacan-lleva-certeza-juridica-a-familias-de-valle-de-encino-en-culiacan\\\/#article\",\"isPartOf\":{\"@id\":\"https:\\\/\\\/fuentesfidedignas.com.mx\\\/index.php\\\/2026\\\/09\\\/01\\\/alcaldesa-de-culiacan-lleva-certeza-juridica-a-familias-de-valle-de-encino-en-culiacan\\\/\"},\"author\":{\"name\":\"Redacci\u00f3n\",\"@id\":\"https:\\\/\\\/fuentesfidedignas.com.mx\\\/#\\\/schema\\\/person\\\/331be9283d37198e2acd5750279085b0\"},\"headline\":\"Alcaldesa de Culiac\u00e1n lleva certeza jur\u00eddica a familias de Valle de Encino en Culiac\u00e1n\",\"datePublished\":\"2026-09-01T20:43:29+00:00\",\"dateModified\":\"2026-09-01T20:54:00+00:00\",\"mainEntityOfPage\":{\"@id\":\"https:\\\/\\\/fuentesfidedignas.com.mx\\\/index.php\\\/2026\\\/09\\\/01\\\/alcaldesa-de-culiacan-lleva-certeza-juridica-a-familias-de-valle-de-encino-en-culiacan\\\/\"},\"wordCount\":276,\"commentCount\":0,\"publisher\":{\"@id\":\"https:\\\/\\\/fuentesfidedignas.com.mx\\\/#organization\"},\"image\":{\"@id\":\"https:\\\/\\\/fuentesfidedignas.com.mx\\\/index.php\\\/2026\\\/09\\\/01\\\/alcaldesa-de-culiacan-lleva-certeza-juridica-a-familias-de-valle-de-encino-en-culiacan\\\/#primaryimage\"},\"thumbnailUrl\":\"https:\\\/\\\/fuentesfidedignas.com.mx\\\/wp-content\\\/uploads\\\/2026\\\/09\\\/WhatsApp-Image-2026-09-01-at-1.00.06-PM.jpg\",\"articleSection\":[\"NOTICIAS LOCALES\"],\"inLanguage\":\"es\",\"potentialAction\":[{\"@type\":\"CommentAction\",\"name\":\"Comment\",\"target\":[\"https:\\\/\\\/fuentesfidedignas.com.mx\\\/index.php\\\/2026\\\/09\\\/01\\\/alcaldesa-de-culiacan-lleva-certeza-juridica-a-familias-de-valle-de-encino-en-culiacan\\\/#respond\"]}]},{\"@type\":\"WebPage\",\"@id\":\"https:\\\/\\\/fuentesfidedignas.com.mx\\\/index.php\\\/2026\\\/09\\\/01\\\/alcaldesa-de-culiacan-lleva-certeza-juridica-a-familias-de-valle-de-encino-en-culiacan\\\/\",\"url\":\"https:\\\/\\\/fuentesfidedignas.com.mx\\\/index.php\\\/2026\\\/09\\\/01\\\/alcaldesa-de-culiacan-lleva-certeza-juridica-a-familias-de-valle-de-encino-en-culiacan\\\/\",\"name\":\"Alcaldesa de Culiac\u00e1n lleva certeza jur\u00eddica a familias de Valle de Encino en Culiac\u00e1n - Fuentes Fidedignas\",\"isPartOf\":{\"@id\":\"https:\\\/\\\/fuentesfidedignas.com.mx\\\/#website\"},\"primaryImageOfPage\":{\"@id\":\"https:\\\/\\\/fuentesfidedignas.com.mx\\\/index.php\\\/2026\\\/09\\\/01\\\/alcaldesa-de-culiacan-lleva-certeza-juridica-a-familias-de-valle-de-encino-en-culiacan\\\/#primaryimage\"},\"image\":{\"@id\":\"https:\\\/\\\/fuentesfidedignas.com.mx\\\/index.php\\\/2026\\\/09\\\/01\\\/alcaldesa-de-culiacan-lleva-certeza-juridica-a-familias-de-valle-de-encino-en-culiacan\\\/#primaryimage\"},\"thumbnailUrl\":\"https:\\\/\\\/fuentesfidedignas.com.mx\\\/wp-content\\\/uploads\\\/2026\\\/09\\\/WhatsApp-Image-2026-09-01-at-1.00.06-PM.jpg\",\"datePublished\":\"2026-09-01T20:43:29+00:00\",\"dateModified\":\"2026-09-01T20:54:00+00:00\",\"breadcrumb\":{\"@id\":\"https:\\\/\\\/fuentesfidedignas.com.mx\\\/index.php\\\/2026\\\/09\\\/01\\\/alcaldesa-de-culiacan-lleva-certeza-juridica-a-familias-de-valle-de-encino-en-culiacan\\\/#breadcrumb\"},\"inLanguage\":\"es\",\"potentialAction\":[{\"@type\":\"ReadAction\",\"target\":[\"https:\\\/\\\/fuentesfidedignas.com.mx\\\/index.php\\\/2026\\\/09\\\/01\\\/alcaldesa-de-culiacan-lleva-certeza-juridica-a-familias-de-valle-de-encino-en-culiacan\\\/\"]}]},{\"@type\":\"ImageObject\",\"inLanguage\":\"es\",\"@id\":\"https:\\\/\\\/fuentesfidedignas.com.mx\\\/index.php\\\/2026\\\/09\\\/01\\\/alcaldesa-de-culiacan-lleva-certeza-juridica-a-familias-de-valle-de-encino-en-culiacan\\\/#primaryimage\",\"url\":\"https:\\\/\\\/fuentesfidedignas.com.mx\\\/wp-content\\\/uploads\\\/2026\\\/09\\\/WhatsApp-Image-2026-09-01-at-1.00.06-PM.jpg\",\"contentUrl\":\"https:\\\/\\\/fuentesfidedignas.com.mx\\\/wp-content\\\/uploads\\\/2026\\\/09\\\/WhatsApp-Image-2026-09-01-at-1.00.06-PM.jpg\",\"width\":500,\"height\":333},{\"@type\":\"BreadcrumbList\",\"@id\":\"https:\\\/\\\/fuentesfidedignas.com.mx\\\/index.php\\\/2026\\\/09\\\/01\\\/alcaldesa-de-culiacan-lleva-certeza-juridica-a-familias-de-valle-de-encino-en-culiacan\\\/#breadcrumb\",\"itemListElement\":[{\"@type\":\"ListItem\",\"position\":1,\"name\":\"Inicio\",\"item\":\"https:\\\/\\\/fuentesfidedignas.com.mx\\\/\"},{\"@type\":\"ListItem\",\"position\":2,\"name\":\"Alcaldesa de Culiac\u00e1n lleva certeza jur\u00eddica a familias de Valle de Encino en Culiac\u00e1n\"}]},{\"@type\":\"WebSite\",\"@id\":\"https:\\\/\\\/fuentesfidedignas.com.mx\\\/#website\",\"url\":\"https:\\\/\\\/fuentesfidedignas.com.mx\\\/\",\"name\":\"Fuentes Fidedignas\",\"description\":\"Otro sitio realizado con WordPress\",\"publisher\":{\"@id\":\"https:\\\/\\\/fuentesfidedignas.com.mx\\\/#organization\"},\"potentialAction\":[{\"@type\":\"SearchAction\",\"target\":{\"@type\":\"EntryPoint\",\"urlTemplate\":\"https:\\\/\\\/fuentesfidedignas.com.mx\\\/?s={search_term_string}\"},\"query-input\":{\"@type\":\"PropertyValueSpecification\",\"valueRequired\":true,\"valueName\":\"search_term_string\"}}],\"inLanguage\":\"es\"},{\"@type\":\"Organization\",\"@id\":\"https:\\\/\\\/fuentesfidedignas.com.mx\\\/#organization\",\"name\":\"Fuentes Fidedignas\",\"url\":\"https:\\\/\\\/fuentesfidedignas.com.mx\\\/\",\"logo\":{\"@type\":\"ImageObject\",\"inLanguage\":\"es\",\"@id\":\"https:\\\/\\\/fuentesfidedignas.com.mx\\\/#\\\/schema\\\/logo\\\/image\\\/\",\"url\":\"https:\\\/\\\/fuentesfidedignas.com.mx\\\/wp-content\\\/uploads\\\/2021\\\/04\\\/logo-retina.png\",\"contentUrl\":\"https:\\\/\\\/fuentesfidedignas.com.mx\\\/wp-content\\\/uploads\\\/2021\\\/04\\\/logo-retina.png\",\"width\":280,\"height\":51,\"caption\":\"Fuentes Fidedignas\"},\"image\":{\"@id\":\"https:\\\/\\\/fuentesfidedignas.com.mx\\\/#\\\/schema\\\/logo\\\/image\\\/\"},\"sameAs\":[\"https:\\\/\\\/www.facebook.com\\\/Fuentes-Fidedignas-368234489921644\",\"https:\\\/\\\/x.com\\\/fidedignas\"]},{\"@type\":\"Person\",\"@id\":\"https:\\\/\\\/fuentesfidedignas.com.mx\\\/#\\\/schema\\\/person\\\/331be9283d37198e2acd5750279085b0\",\"name\":\"Redacci\u00f3n\",\"image\":{\"@type\":\"ImageObject\",\"inLanguage\":\"es\",\"@id\":\"https:\\\/\\\/secure.gravatar.com\\\/avatar\\\/f6d8782c11d12b2d4ad3fbb6931aeab5309937a4d6cd2fc9cfaa28a6396a5aec?s=96&d=mm&r=g\",\"url\":\"https:\\\/\\\/secure.gravatar.com\\\/avatar\\\/f6d8782c11d12b2d4ad3fbb6931aeab5309937a4d6cd2fc9cfaa28a6396a5aec?s=96&d=mm&r=g\",\"contentUrl\":\"https:\\\/\\\/secure.gravatar.com\\\/avatar\\\/f6d8782c11d12b2d4ad3fbb6931aeab5309937a4d6cd2fc9cfaa28a6396a5aec?s=96&d=mm&r=g\",\"caption\":\"Redacci\u00f3n\"},\"url\":\"https:\\\/\\\/fuentesfidedignas.com.mx\\\/index.php\\\/author\\\/redaccion\\\/\"}]}<\/script>\n<!-- \/ Yoast SEO plugin. -->","yoast_head_json":{"title":"Alcaldesa de Culiac\u00e1n lleva certeza jur\u00eddica a familias de Valle de Encino en Culiac\u00e1n - Fuentes Fidedignas","robots":{"index":"index","follow":"follow","max-snippet":"max-snippet:-1","max-image-preview":"max-image-preview:large","max-video-preview":"max-video-preview:-1"},"canonical":"https:\/\/fuentesfidedignas.com.mx\/index.php\/2026\/09\/01\/alcaldesa-de-culiacan-lleva-certeza-juridica-a-familias-de-valle-de-encino-en-culiacan\/","og_locale":"es_MX","og_type":"article","og_title":"Alcaldesa de Culiac\u00e1n lleva certeza jur\u00eddica a familias de Valle de Encino en Culiac\u00e1n - Fuentes Fidedignas","og_description":"La presidenta municipal entreg\u00f3 cuatro escrituras durante un recorrido casa por casa, en el que tambi\u00e9n atendi\u00f3 peticiones de habitantes del sector. Culiac\u00e1n, Sin.- En un acto de justicia social, la alcaldesa Ana Miriam Ramos Villarreal realiz\u00f3 la entrega de cuatro escrituras, durante un recorrido casa por casa por el sector Valle de Encino, localizado [&hellip;]","og_url":"https:\/\/fuentesfidedignas.com.mx\/index.php\/2026\/09\/01\/alcaldesa-de-culiacan-lleva-certeza-juridica-a-familias-de-valle-de-encino-en-culiacan\/","og_site_name":"Fuentes Fidedignas","article_publisher":"https:\/\/www.facebook.com\/Fuentes-Fidedignas-368234489921644","article_published_time":"2026-09-01T20:43:29+00:00","article_modified_time":"2026-09-01T20:54:00+00:00","og_image":[{"width":500,"height":333,"url":"https:\/\/fuentesfidedignas.com.mx\/wp-content\/uploads\/2026\/09\/WhatsApp-Image-2026-09-01-at-1.00.06-PM.jpg","type":"image\/jpeg"}],"author":"Redacci\u00f3n","twitter_card":"summary_large_image","twitter_creator":"@fidedignas","twitter_site":"@fidedignas","twitter_misc":{"Escrito por":"Redacci\u00f3n","Tiempo de lectura":"2 minutos"},"schema":{"@context":"https:\/\/schema.org","@graph":[{"@type":"Article","@id":"https:\/\/fuentesfidedignas.com.mx\/index.php\/2026\/09\/01\/alcaldesa-de-culiacan-lleva-certeza-juridica-a-familias-de-valle-de-encino-en-culiacan\/#article","isPartOf":{"@id":"https:\/\/fuentesfidedignas.com.mx\/index.php\/2026\/09\/01\/alcaldesa-de-culiacan-lleva-certeza-juridica-a-familias-de-valle-de-encino-en-culiacan\/"},"author":{"name":"Redacci\u00f3n","@id":"https:\/\/fuentesfidedignas.com.mx\/#\/schema\/person\/331be9283d37198e2acd5750279085b0"},"headline":"Alcaldesa de Culiac\u00e1n lleva certeza jur\u00eddica a familias de Valle de Encino en Culiac\u00e1n","datePublished":"2026-09-01T20:43:29+00:00","dateModified":"2026-09-01T20:54:00+00:00","mainEntityOfPage":{"@id":"https:\/\/fuentesfidedignas.com.mx\/index.php\/2026\/09\/01\/alcaldesa-de-culiacan-lleva-certeza-juridica-a-familias-de-valle-de-encino-en-culiacan\/"},"wordCount":276,"commentCount":0,"publisher":{"@id":"https:\/\/fuentesfidedignas.com.mx\/#organization"},"image":{"@id":"https:\/\/fuentesfidedignas.com.mx\/index.php\/2026\/09\/01\/alcaldesa-de-culiacan-lleva-certeza-juridica-a-familias-de-valle-de-encino-en-culiacan\/#primaryimage"},"thumbnailUrl":"https:\/\/fuentesfidedignas.com.mx\/wp-content\/uploads\/2026\/09\/WhatsApp-Image-2026-09-01-at-1.00.06-PM.jpg","articleSection":["NOTICIAS LOCALES"],"inLanguage":"es","potentialAction":[{"@type":"CommentAction","name":"Comment","target":["https:\/\/fuentesfidedignas.com.mx\/index.php\/2026\/09\/01\/alcaldesa-de-culiacan-lleva-certeza-juridica-a-familias-de-valle-de-encino-en-culiacan\/#respond"]}]},{"@type":"WebPage","@id":"https:\/\/fuentesfidedignas.com.mx\/index.php\/2026\/09\/01\/alcaldesa-de-culiacan-lleva-certeza-juridica-a-familias-de-valle-de-encino-en-culiacan\/","url":"https:\/\/fuentesfidedignas.com.mx\/index.php\/2026\/09\/01\/alcaldesa-de-culiacan-lleva-certeza-juridica-a-familias-de-valle-de-encino-en-culiacan\/","name":"Alcaldesa de Culiac\u00e1n lleva certeza jur\u00eddica a familias de Valle de Encino en Culiac\u00e1n - Fuentes Fidedignas","isPartOf":{"@id":"https:\/\/fuentesfidedignas.com.mx\/#website"},"primaryImageOfPage":{"@id":"https:\/\/fuentesfidedignas.com.mx\/index.php\/2026\/09\/01\/alcaldesa-de-culiacan-lleva-certeza-juridica-a-familias-de-valle-de-encino-en-culiacan\/#primaryimage"},"image":{"@id":"https:\/\/fuentesfidedignas.com.mx\/index.php\/2026\/09\/01\/alcaldesa-de-culiacan-lleva-certeza-juridica-a-familias-de-valle-de-encino-en-culiacan\/#primaryimage"},"thumbnailUrl":"https:\/\/fuentesfidedignas.com.mx\/wp-content\/uploads\/2026\/09\/WhatsApp-Image-2026-09-01-at-1.00.06-PM.jpg","datePublished":"2026-09-01T20:43:29+00:00","dateModified":"2026-09-01T20:54:00+00:00","breadcrumb":{"@id":"https:\/\/fuentesfidedignas.com.mx\/index.php\/2026\/09\/01\/alcaldesa-de-culiacan-lleva-certeza-juridica-a-familias-de-valle-de-encino-en-culiacan\/#breadcrumb"},"inLanguage":"es","potentialAction":[{"@type":"ReadAction","target":["https:\/\/fuentesfidedignas.com.mx\/index.php\/2026\/09\/01\/alcaldesa-de-culiacan-lleva-certeza-juridica-a-familias-de-valle-de-encino-en-culiacan\/"]}]},{"@type":"ImageObject","inLanguage":"es","@id":"https:\/\/fuentesfidedignas.com.mx\/index.php\/2026\/09\/01\/alcaldesa-de-culiacan-lleva-certeza-juridica-a-familias-de-valle-de-encino-en-culiacan\/#primaryimage","url":"https:\/\/fuentesfidedignas.com.mx\/wp-content\/uploads\/2026\/09\/WhatsApp-Image-2026-09-01-at-1.00.06-PM.jpg","contentUrl":"https:\/\/fuentesfidedignas.com.mx\/wp-content\/uploads\/2026\/09\/WhatsApp-Image-2026-09-01-at-1.00.06-PM.jpg","width":500,"height":333},{"@type":"BreadcrumbList","@id":"https:\/\/fuentesfidedignas.com.mx\/index.php\/2026\/09\/01\/alcaldesa-de-culiacan-lleva-certeza-juridica-a-familias-de-valle-de-encino-en-culiacan\/#breadcrumb","itemListElement":[{"@type":"ListItem","position":1,"name":"Inicio","item":"https:\/\/fuentesfidedignas.com.mx\/"},{"@type":"ListItem","position":2,"name":"Alcaldesa de Culiac\u00e1n lleva certeza jur\u00eddica a familias de Valle de Encino en Culiac\u00e1n"}]},{"@type":"WebSite","@id":"https:\/\/fuentesfidedignas.com.mx\/#website","url":"https:\/\/fuentesfidedignas.com.mx\/","name":"Fuentes Fidedignas","description":"Otro sitio realizado con WordPress","publisher":{"@id":"https:\/\/fuentesfidedignas.com.mx\/#organization"},"potentialAction":[{"@type":"SearchAction","target":{"@type":"EntryPoint","urlTemplate":"https:\/\/fuentesfidedignas.com.mx\/?s={search_term_string}"},"query-input":{"@type":"PropertyValueSpecification","valueRequired":true,"valueName":"search_term_string"}}],"inLanguage":"es"},{"@type":"Organization","@id":"https:\/\/fuentesfidedignas.com.mx\/#organization","name":"Fuentes Fidedignas","url":"https:\/\/fuentesfidedignas.com.mx\/","logo":{"@type":"ImageObject","inLanguage":"es","@id":"https:\/\/fuentesfidedignas.com.mx\/#\/schema\/logo\/image\/","url":"https:\/\/fuentesfidedignas.com.mx\/wp-content\/uploads\/2021\/04\/logo-retina.png","contentUrl":"https:\/\/fuentesfidedignas.com.mx\/wp-content\/uploads\/2021\/04\/logo-retina.png","width":280,"height":51,"caption":"Fuentes Fidedignas"},"image":{"@id":"https:\/\/fuentesfidedignas.com.mx\/#\/schema\/logo\/image\/"},"sameAs":["https:\/\/www.facebook.com\/Fuentes-Fidedignas-368234489921644","https:\/\/x.com\/fidedignas"]},{"@type":"Person","@id":"https:\/\/fuentesfidedignas.com.mx\/#\/schema\/person\/331be9283d37198e2acd5750279085b0","name":"Redacci\u00f3n","image":{"@type":"ImageObject","inLanguage":"es","@id":"https:\/\/secure.gravatar.com\/avatar\/f6d8782c11d12b2d4ad3fbb6931aeab5309937a4d6cd2fc9cfaa28a6396a5aec?s=96&d=mm&r=g","url":"https:\/\/secure.gravatar.com\/avatar\/f6d8782c11d12b2d4ad3fbb6931aeab5309937a4d6cd2fc9cfaa28a6396a5aec?s=96&d=mm&r=g","contentUrl":"https:\/\/secure.gravatar.com\/avatar\/f6d8782c11d12b2d4ad3fbb6931aeab5309937a4d6cd2fc9cfaa28a6396a5aec?s=96&d=mm&r=g","caption":"Redacci\u00f3n"},"url":"https:\/\/fuentesfidedignas.com.mx\/index.php\/author\/redaccion\/"}]}},"_links":{"self":[{"href":"https:\/\/fuentesfidedignas.com.mx\/index.php\/wp-json\/wp\/v2\/posts\/141411","targetHints":{"allow":["GET"]}}],"collection":[{"href":"https:\/\/fuentesfidedignas.com.mx\/index.php\/wp-json\/wp\/v2\/posts"}],"about":[{"href":"https:\/\/fuentesfidedignas.com.mx\/index.php\/wp-json\/wp\/v2\/types\/post"}],"author":[{"embeddable":true,"href":"https:\/\/fuentesfidedignas.com.mx\/index.php\/wp-json\/wp\/v2\/users\/4"}],"replies":[{"embeddable":true,"href":"https:\/\/fuentesfidedignas.com.mx\/index.php\/wp-json\/wp\/v2\/comments?post=141411"}],"version-history":[{"count":3,"href":"https:\/\/fuentesfidedignas.com.mx\/index.php\/wp-json\/wp\/v2\/posts\/141411\/revisions"}],"predecessor-version":[{"id":141415,"href":"https:\/\/fuentesfidedignas.com.mx\/index.php\/wp-json\/wp\/v2\/posts\/141411\/revisions\/141415"}],"wp:featuredmedia":[{"embeddable":true,"href":"https:\/\/fuentesfidedignas.com.mx\/index.php\/wp-json\/wp\/v2\/media\/141412"}],"wp:attachment":[{"href":"https:\/\/fuentesfidedignas.com.mx\/index.php\/wp-json\/wp\/v2\/media?parent=141411"}],"wp:term":[{"taxonomy":"category","embeddable":true,"href":"https:\/\/fuentesfidedignas.com.mx\/index.php\/wp-json\/wp\/v2\/categories?post=141411"},{"taxonomy":"post_tag","embeddable":true,"href":"https:\/\/fuentesfidedignas.com.mx\/index.php\/wp-json\/wp\/v2\/tags?post=141411"}],"curies":[{"name":"wp","href":"https:\/\/api.w.org\/{rel}","templated":true}]}}