{"id":141406,"date":"2026-09-01T13:32:23","date_gmt":"2026-09-01T20:32:23","guid":{"rendered":"https:\/\/fuentesfidedignas.com.mx\/?p=141406"},"modified":"2026-09-01T13:32:28","modified_gmt":"2026-09-01T20:32:28","slug":"da-a-conocer-la-sepyc-la-implementacion-de-la-estrategia-nacional-el-abc-de-las-emociones","status":"publish","type":"post","link":"https:\/\/fuentesfidedignas.com.mx\/index.php\/2026\/09\/01\/da-a-conocer-la-sepyc-la-implementacion-de-la-estrategia-nacional-el-abc-de-las-emociones\/","title":{"rendered":"Da a conocer la SEPYC la implementaci\u00f3n de la Estrategia Nacional &#8220;El ABC de las Emociones&#8221;"},"content":{"rendered":"\n<p class=\"wp-block-paragraph\"><strong><em>Es para alumnos de Secundaria y Preparatoria, como un nuevo recurso pedag\u00f3gico dise\u00f1ado para dar continuidad a las acciones de la Estrategia Educar para la Paz y el reforzamiento de valores iniciadas el a\u00f1o anterior.<\/em><\/strong><\/p>\n\n\n\n<p class=\"wp-block-paragraph\">Navolato, Sin.- La Secretaria de Educaci\u00f3n P\u00fablica y Cultura, Lic. Gloria Himelda F\u00e9lix Niebla, present\u00f3 los ejes clave para fortalecer el desarrollo de la juventud en la regi\u00f3n al dar la bienvenida al Ciclo Escolar 2026-2027 en la Sindicatura de Villa Ju\u00e1rez, municipio de Navolato.<\/p>\n\n\n\n<p class=\"wp-block-paragraph\">Acompa\u00f1ada por la Subsecretaria de Educaci\u00f3n B\u00e1sica, Dra. Silvia Evelyn Ward Bringas, y la Mtra. Elizabeth Cano F\u00e9lix, Coordinadora Acad\u00e9mica de la Subsecretar\u00eda de Educaci\u00f3n B\u00e1sica, y teniendo como sede la Escuela Secundaria T\u00e9cnica Industrial &#8211; ETI No.97, anunci\u00f3 la implementaci\u00f3n de la Estrategia Nacional \u00abEl ABC de las Emociones\u00bb, para alumnos de Secundaria y Preparatoria, como un nuevo recurso pedag\u00f3gico dise\u00f1ado para dar continuidad a las acciones de la Estrategia Educar para la Paz y el reforzamiento de valores iniciadas el a\u00f1o anterior.<\/p>\n\n\n\n<p class=\"wp-block-paragraph\">F\u00e9lix Niebla detall\u00f3 que este esquema involucrar\u00e1 a docentes, padres de familia, tutores y hermanos para identificar de manera temprana se\u00f1ales de ansiedad o tristeza en los estudiantes, contando con el acompa\u00f1amiento del sector Salud. Asimismo, se inform\u00f3 que el plantel ser\u00e1 sede vespertina de uno de los nuevos Bachilleratos Nacionales Margarita Maza en Sinaloa\u2014cuyo inicio de clases est\u00e1 programado para el 28 de septiembre\u2014, por lo que se exhort\u00f3 a la comunidad a difundir la convocatoria entre los j\u00f3venes de la localidad.<\/p>\n\n\n\n<p class=\"wp-block-paragraph\">Durante la jornada, la Titular de la SEPyC tambi\u00e9n visit\u00f3 la Escuela Primaria &#8220;Don Mariano Romero&#8221;, donde tuvo la oportunidad de estar presente en una reuni\u00f3n con madres y padres de familia de dicho plantel.<\/p>\n","protected":false},"excerpt":{"rendered":"<p>Es para alumnos de Secundaria y Preparatoria, como un nuevo recurso pedag\u00f3gico dise\u00f1ado para dar continuidad a las acciones de la Estrategia Educar para la Paz y el reforzamiento de valores iniciadas el a\u00f1o anterior. Navolato, Sin.- La Secretaria de Educaci\u00f3n P\u00fablica y Cultura, Lic. Gloria Himelda F\u00e9lix Niebla, present\u00f3 los ejes clave para fortalecer [&hellip;]<\/p>\n","protected":false},"author":4,"featured_media":141407,"comment_status":"open","ping_status":"open","sticky":false,"template":"","format":"standard","meta":{"tdm_status":"","tdm_grid_status":"","footnotes":""},"categories":[37],"tags":[],"class_list":["post-141406","post","type-post","status-publish","format-standard","has-post-thumbnail","category-nota-principal"],"yoast_head":"<!-- This site is optimized with the Yoast SEO plugin v28.3 - https:\/\/yoast.com\/product\/yoast-seo-wordpress\/ -->\n<title>Da a conocer la SEPYC la implementaci\u00f3n de la Estrategia Nacional &quot;El ABC de las Emociones&quot; - Fuentes Fidedignas<\/title>\n<meta name=\"robots\" content=\"index, follow, max-snippet:-1, max-image-preview:large, max-video-preview:-1\" \/>\n<link rel=\"canonical\" href=\"https:\/\/fuentesfidedignas.com.mx\/index.php\/2026\/09\/01\/da-a-conocer-la-sepyc-la-implementacion-de-la-estrategia-nacional-el-abc-de-las-emociones\/\" \/>\n<meta property=\"og:locale\" content=\"es_MX\" \/>\n<meta property=\"og:type\" content=\"article\" \/>\n<meta property=\"og:title\" content=\"Da a conocer la SEPYC la implementaci\u00f3n de la Estrategia Nacional &quot;El ABC de las Emociones&quot; - Fuentes Fidedignas\" \/>\n<meta property=\"og:description\" content=\"Es para alumnos de Secundaria y Preparatoria, como un nuevo recurso pedag\u00f3gico dise\u00f1ado para dar continuidad a las acciones de la Estrategia Educar para la Paz y el reforzamiento de valores iniciadas el a\u00f1o anterior. Navolato, Sin.- La Secretaria de Educaci\u00f3n P\u00fablica y Cultura, Lic. Gloria Himelda F\u00e9lix Niebla, present\u00f3 los ejes clave para fortalecer [&hellip;]\" \/>\n<meta property=\"og:url\" content=\"https:\/\/fuentesfidedignas.com.mx\/index.php\/2026\/09\/01\/da-a-conocer-la-sepyc-la-implementacion-de-la-estrategia-nacional-el-abc-de-las-emociones\/\" \/>\n<meta property=\"og:site_name\" content=\"Fuentes Fidedignas\" \/>\n<meta property=\"article:publisher\" content=\"https:\/\/www.facebook.com\/Fuentes-Fidedignas-368234489921644\" \/>\n<meta property=\"article:published_time\" content=\"2026-09-01T20:32:23+00:00\" \/>\n<meta property=\"article:modified_time\" content=\"2026-09-01T20:32:28+00:00\" \/>\n<meta property=\"og:image\" content=\"https:\/\/fuentesfidedignas.com.mx\/wp-content\/uploads\/2026\/09\/WhatsApp-Image-2026-09-01-at-1.10.19-PM.jpeg\" \/>\n\t<meta property=\"og:image:width\" content=\"500\" \/>\n\t<meta property=\"og:image:height\" content=\"375\" \/>\n\t<meta property=\"og:image:type\" content=\"image\/jpeg\" \/>\n<meta name=\"author\" content=\"Redacci\u00f3n\" \/>\n<meta name=\"twitter:card\" content=\"summary_large_image\" \/>\n<meta name=\"twitter:creator\" content=\"@fidedignas\" \/>\n<meta name=\"twitter:site\" content=\"@fidedignas\" \/>\n<meta name=\"twitter:label1\" content=\"Escrito por\" \/>\n\t<meta name=\"twitter:data1\" content=\"Redacci\u00f3n\" \/>\n\t<meta name=\"twitter:label2\" content=\"Tiempo de lectura\" \/>\n\t<meta name=\"twitter:data2\" content=\"2 minutos\" \/>\n<script type=\"application\/ld+json\" class=\"yoast-schema-graph\">{\"@context\":\"https:\\\/\\\/schema.org\",\"@graph\":[{\"@type\":\"Article\",\"@id\":\"https:\\\/\\\/fuentesfidedignas.com.mx\\\/index.php\\\/2026\\\/09\\\/01\\\/da-a-conocer-la-sepyc-la-implementacion-de-la-estrategia-nacional-el-abc-de-las-emociones\\\/#article\",\"isPartOf\":{\"@id\":\"https:\\\/\\\/fuentesfidedignas.com.mx\\\/index.php\\\/2026\\\/09\\\/01\\\/da-a-conocer-la-sepyc-la-implementacion-de-la-estrategia-nacional-el-abc-de-las-emociones\\\/\"},\"author\":{\"name\":\"Redacci\u00f3n\",\"@id\":\"https:\\\/\\\/fuentesfidedignas.com.mx\\\/#\\\/schema\\\/person\\\/331be9283d37198e2acd5750279085b0\"},\"headline\":\"Da a conocer la SEPYC la implementaci\u00f3n de la Estrategia Nacional &#8220;El ABC de las Emociones&#8221;\",\"datePublished\":\"2026-09-01T20:32:23+00:00\",\"dateModified\":\"2026-09-01T20:32:28+00:00\",\"mainEntityOfPage\":{\"@id\":\"https:\\\/\\\/fuentesfidedignas.com.mx\\\/index.php\\\/2026\\\/09\\\/01\\\/da-a-conocer-la-sepyc-la-implementacion-de-la-estrategia-nacional-el-abc-de-las-emociones\\\/\"},\"wordCount\":327,\"commentCount\":0,\"publisher\":{\"@id\":\"https:\\\/\\\/fuentesfidedignas.com.mx\\\/#organization\"},\"image\":{\"@id\":\"https:\\\/\\\/fuentesfidedignas.com.mx\\\/index.php\\\/2026\\\/09\\\/01\\\/da-a-conocer-la-sepyc-la-implementacion-de-la-estrategia-nacional-el-abc-de-las-emociones\\\/#primaryimage\"},\"thumbnailUrl\":\"https:\\\/\\\/fuentesfidedignas.com.mx\\\/wp-content\\\/uploads\\\/2026\\\/09\\\/WhatsApp-Image-2026-09-01-at-1.10.19-PM.jpeg\",\"articleSection\":[\"NOTA PRINCIPAL\"],\"inLanguage\":\"es\",\"potentialAction\":[{\"@type\":\"CommentAction\",\"name\":\"Comment\",\"target\":[\"https:\\\/\\\/fuentesfidedignas.com.mx\\\/index.php\\\/2026\\\/09\\\/01\\\/da-a-conocer-la-sepyc-la-implementacion-de-la-estrategia-nacional-el-abc-de-las-emociones\\\/#respond\"]}]},{\"@type\":\"WebPage\",\"@id\":\"https:\\\/\\\/fuentesfidedignas.com.mx\\\/index.php\\\/2026\\\/09\\\/01\\\/da-a-conocer-la-sepyc-la-implementacion-de-la-estrategia-nacional-el-abc-de-las-emociones\\\/\",\"url\":\"https:\\\/\\\/fuentesfidedignas.com.mx\\\/index.php\\\/2026\\\/09\\\/01\\\/da-a-conocer-la-sepyc-la-implementacion-de-la-estrategia-nacional-el-abc-de-las-emociones\\\/\",\"name\":\"Da a conocer la SEPYC la implementaci\u00f3n de la Estrategia Nacional \\\"El ABC de las Emociones\\\" - Fuentes Fidedignas\",\"isPartOf\":{\"@id\":\"https:\\\/\\\/fuentesfidedignas.com.mx\\\/#website\"},\"primaryImageOfPage\":{\"@id\":\"https:\\\/\\\/fuentesfidedignas.com.mx\\\/index.php\\\/2026\\\/09\\\/01\\\/da-a-conocer-la-sepyc-la-implementacion-de-la-estrategia-nacional-el-abc-de-las-emociones\\\/#primaryimage\"},\"image\":{\"@id\":\"https:\\\/\\\/fuentesfidedignas.com.mx\\\/index.php\\\/2026\\\/09\\\/01\\\/da-a-conocer-la-sepyc-la-implementacion-de-la-estrategia-nacional-el-abc-de-las-emociones\\\/#primaryimage\"},\"thumbnailUrl\":\"https:\\\/\\\/fuentesfidedignas.com.mx\\\/wp-content\\\/uploads\\\/2026\\\/09\\\/WhatsApp-Image-2026-09-01-at-1.10.19-PM.jpeg\",\"datePublished\":\"2026-09-01T20:32:23+00:00\",\"dateModified\":\"2026-09-01T20:32:28+00:00\",\"breadcrumb\":{\"@id\":\"https:\\\/\\\/fuentesfidedignas.com.mx\\\/index.php\\\/2026\\\/09\\\/01\\\/da-a-conocer-la-sepyc-la-implementacion-de-la-estrategia-nacional-el-abc-de-las-emociones\\\/#breadcrumb\"},\"inLanguage\":\"es\",\"potentialAction\":[{\"@type\":\"ReadAction\",\"target\":[\"https:\\\/\\\/fuentesfidedignas.com.mx\\\/index.php\\\/2026\\\/09\\\/01\\\/da-a-conocer-la-sepyc-la-implementacion-de-la-estrategia-nacional-el-abc-de-las-emociones\\\/\"]}]},{\"@type\":\"ImageObject\",\"inLanguage\":\"es\",\"@id\":\"https:\\\/\\\/fuentesfidedignas.com.mx\\\/index.php\\\/2026\\\/09\\\/01\\\/da-a-conocer-la-sepyc-la-implementacion-de-la-estrategia-nacional-el-abc-de-las-emociones\\\/#primaryimage\",\"url\":\"https:\\\/\\\/fuentesfidedignas.com.mx\\\/wp-content\\\/uploads\\\/2026\\\/09\\\/WhatsApp-Image-2026-09-01-at-1.10.19-PM.jpeg\",\"contentUrl\":\"https:\\\/\\\/fuentesfidedignas.com.mx\\\/wp-content\\\/uploads\\\/2026\\\/09\\\/WhatsApp-Image-2026-09-01-at-1.10.19-PM.jpeg\",\"width\":500,\"height\":375},{\"@type\":\"BreadcrumbList\",\"@id\":\"https:\\\/\\\/fuentesfidedignas.com.mx\\\/index.php\\\/2026\\\/09\\\/01\\\/da-a-conocer-la-sepyc-la-implementacion-de-la-estrategia-nacional-el-abc-de-las-emociones\\\/#breadcrumb\",\"itemListElement\":[{\"@type\":\"ListItem\",\"position\":1,\"name\":\"Inicio\",\"item\":\"https:\\\/\\\/fuentesfidedignas.com.mx\\\/\"},{\"@type\":\"ListItem\",\"position\":2,\"name\":\"Da a conocer la SEPYC la implementaci\u00f3n de la Estrategia Nacional &#8220;El ABC de las Emociones&#8221;\"}]},{\"@type\":\"WebSite\",\"@id\":\"https:\\\/\\\/fuentesfidedignas.com.mx\\\/#website\",\"url\":\"https:\\\/\\\/fuentesfidedignas.com.mx\\\/\",\"name\":\"Fuentes Fidedignas\",\"description\":\"Otro sitio realizado con WordPress\",\"publisher\":{\"@id\":\"https:\\\/\\\/fuentesfidedignas.com.mx\\\/#organization\"},\"potentialAction\":[{\"@type\":\"SearchAction\",\"target\":{\"@type\":\"EntryPoint\",\"urlTemplate\":\"https:\\\/\\\/fuentesfidedignas.com.mx\\\/?s={search_term_string}\"},\"query-input\":{\"@type\":\"PropertyValueSpecification\",\"valueRequired\":true,\"valueName\":\"search_term_string\"}}],\"inLanguage\":\"es\"},{\"@type\":\"Organization\",\"@id\":\"https:\\\/\\\/fuentesfidedignas.com.mx\\\/#organization\",\"name\":\"Fuentes Fidedignas\",\"url\":\"https:\\\/\\\/fuentesfidedignas.com.mx\\\/\",\"logo\":{\"@type\":\"ImageObject\",\"inLanguage\":\"es\",\"@id\":\"https:\\\/\\\/fuentesfidedignas.com.mx\\\/#\\\/schema\\\/logo\\\/image\\\/\",\"url\":\"https:\\\/\\\/fuentesfidedignas.com.mx\\\/wp-content\\\/uploads\\\/2021\\\/04\\\/logo-retina.png\",\"contentUrl\":\"https:\\\/\\\/fuentesfidedignas.com.mx\\\/wp-content\\\/uploads\\\/2021\\\/04\\\/logo-retina.png\",\"width\":280,\"height\":51,\"caption\":\"Fuentes Fidedignas\"},\"image\":{\"@id\":\"https:\\\/\\\/fuentesfidedignas.com.mx\\\/#\\\/schema\\\/logo\\\/image\\\/\"},\"sameAs\":[\"https:\\\/\\\/www.facebook.com\\\/Fuentes-Fidedignas-368234489921644\",\"https:\\\/\\\/x.com\\\/fidedignas\"]},{\"@type\":\"Person\",\"@id\":\"https:\\\/\\\/fuentesfidedignas.com.mx\\\/#\\\/schema\\\/person\\\/331be9283d37198e2acd5750279085b0\",\"name\":\"Redacci\u00f3n\",\"image\":{\"@type\":\"ImageObject\",\"inLanguage\":\"es\",\"@id\":\"https:\\\/\\\/secure.gravatar.com\\\/avatar\\\/f6d8782c11d12b2d4ad3fbb6931aeab5309937a4d6cd2fc9cfaa28a6396a5aec?s=96&d=mm&r=g\",\"url\":\"https:\\\/\\\/secure.gravatar.com\\\/avatar\\\/f6d8782c11d12b2d4ad3fbb6931aeab5309937a4d6cd2fc9cfaa28a6396a5aec?s=96&d=mm&r=g\",\"contentUrl\":\"https:\\\/\\\/secure.gravatar.com\\\/avatar\\\/f6d8782c11d12b2d4ad3fbb6931aeab5309937a4d6cd2fc9cfaa28a6396a5aec?s=96&d=mm&r=g\",\"caption\":\"Redacci\u00f3n\"},\"url\":\"https:\\\/\\\/fuentesfidedignas.com.mx\\\/index.php\\\/author\\\/redaccion\\\/\"}]}<\/script>\n<!-- \/ Yoast SEO plugin. -->","yoast_head_json":{"title":"Da a conocer la SEPYC la implementaci\u00f3n de la Estrategia Nacional \"El ABC de las Emociones\" - Fuentes Fidedignas","robots":{"index":"index","follow":"follow","max-snippet":"max-snippet:-1","max-image-preview":"max-image-preview:large","max-video-preview":"max-video-preview:-1"},"canonical":"https:\/\/fuentesfidedignas.com.mx\/index.php\/2026\/09\/01\/da-a-conocer-la-sepyc-la-implementacion-de-la-estrategia-nacional-el-abc-de-las-emociones\/","og_locale":"es_MX","og_type":"article","og_title":"Da a conocer la SEPYC la implementaci\u00f3n de la Estrategia Nacional \"El ABC de las Emociones\" - Fuentes Fidedignas","og_description":"Es para alumnos de Secundaria y Preparatoria, como un nuevo recurso pedag\u00f3gico dise\u00f1ado para dar continuidad a las acciones de la Estrategia Educar para la Paz y el reforzamiento de valores iniciadas el a\u00f1o anterior. Navolato, Sin.- La Secretaria de Educaci\u00f3n P\u00fablica y Cultura, Lic. Gloria Himelda F\u00e9lix Niebla, present\u00f3 los ejes clave para fortalecer [&hellip;]","og_url":"https:\/\/fuentesfidedignas.com.mx\/index.php\/2026\/09\/01\/da-a-conocer-la-sepyc-la-implementacion-de-la-estrategia-nacional-el-abc-de-las-emociones\/","og_site_name":"Fuentes Fidedignas","article_publisher":"https:\/\/www.facebook.com\/Fuentes-Fidedignas-368234489921644","article_published_time":"2026-09-01T20:32:23+00:00","article_modified_time":"2026-09-01T20:32:28+00:00","og_image":[{"width":500,"height":375,"url":"https:\/\/fuentesfidedignas.com.mx\/wp-content\/uploads\/2026\/09\/WhatsApp-Image-2026-09-01-at-1.10.19-PM.jpeg","type":"image\/jpeg"}],"author":"Redacci\u00f3n","twitter_card":"summary_large_image","twitter_creator":"@fidedignas","twitter_site":"@fidedignas","twitter_misc":{"Escrito por":"Redacci\u00f3n","Tiempo de lectura":"2 minutos"},"schema":{"@context":"https:\/\/schema.org","@graph":[{"@type":"Article","@id":"https:\/\/fuentesfidedignas.com.mx\/index.php\/2026\/09\/01\/da-a-conocer-la-sepyc-la-implementacion-de-la-estrategia-nacional-el-abc-de-las-emociones\/#article","isPartOf":{"@id":"https:\/\/fuentesfidedignas.com.mx\/index.php\/2026\/09\/01\/da-a-conocer-la-sepyc-la-implementacion-de-la-estrategia-nacional-el-abc-de-las-emociones\/"},"author":{"name":"Redacci\u00f3n","@id":"https:\/\/fuentesfidedignas.com.mx\/#\/schema\/person\/331be9283d37198e2acd5750279085b0"},"headline":"Da a conocer la SEPYC la implementaci\u00f3n de la Estrategia Nacional &#8220;El ABC de las Emociones&#8221;","datePublished":"2026-09-01T20:32:23+00:00","dateModified":"2026-09-01T20:32:28+00:00","mainEntityOfPage":{"@id":"https:\/\/fuentesfidedignas.com.mx\/index.php\/2026\/09\/01\/da-a-conocer-la-sepyc-la-implementacion-de-la-estrategia-nacional-el-abc-de-las-emociones\/"},"wordCount":327,"commentCount":0,"publisher":{"@id":"https:\/\/fuentesfidedignas.com.mx\/#organization"},"image":{"@id":"https:\/\/fuentesfidedignas.com.mx\/index.php\/2026\/09\/01\/da-a-conocer-la-sepyc-la-implementacion-de-la-estrategia-nacional-el-abc-de-las-emociones\/#primaryimage"},"thumbnailUrl":"https:\/\/fuentesfidedignas.com.mx\/wp-content\/uploads\/2026\/09\/WhatsApp-Image-2026-09-01-at-1.10.19-PM.jpeg","articleSection":["NOTA PRINCIPAL"],"inLanguage":"es","potentialAction":[{"@type":"CommentAction","name":"Comment","target":["https:\/\/fuentesfidedignas.com.mx\/index.php\/2026\/09\/01\/da-a-conocer-la-sepyc-la-implementacion-de-la-estrategia-nacional-el-abc-de-las-emociones\/#respond"]}]},{"@type":"WebPage","@id":"https:\/\/fuentesfidedignas.com.mx\/index.php\/2026\/09\/01\/da-a-conocer-la-sepyc-la-implementacion-de-la-estrategia-nacional-el-abc-de-las-emociones\/","url":"https:\/\/fuentesfidedignas.com.mx\/index.php\/2026\/09\/01\/da-a-conocer-la-sepyc-la-implementacion-de-la-estrategia-nacional-el-abc-de-las-emociones\/","name":"Da a conocer la SEPYC la implementaci\u00f3n de la Estrategia Nacional \"El ABC de las Emociones\" - Fuentes Fidedignas","isPartOf":{"@id":"https:\/\/fuentesfidedignas.com.mx\/#website"},"primaryImageOfPage":{"@id":"https:\/\/fuentesfidedignas.com.mx\/index.php\/2026\/09\/01\/da-a-conocer-la-sepyc-la-implementacion-de-la-estrategia-nacional-el-abc-de-las-emociones\/#primaryimage"},"image":{"@id":"https:\/\/fuentesfidedignas.com.mx\/index.php\/2026\/09\/01\/da-a-conocer-la-sepyc-la-implementacion-de-la-estrategia-nacional-el-abc-de-las-emociones\/#primaryimage"},"thumbnailUrl":"https:\/\/fuentesfidedignas.com.mx\/wp-content\/uploads\/2026\/09\/WhatsApp-Image-2026-09-01-at-1.10.19-PM.jpeg","datePublished":"2026-09-01T20:32:23+00:00","dateModified":"2026-09-01T20:32:28+00:00","breadcrumb":{"@id":"https:\/\/fuentesfidedignas.com.mx\/index.php\/2026\/09\/01\/da-a-conocer-la-sepyc-la-implementacion-de-la-estrategia-nacional-el-abc-de-las-emociones\/#breadcrumb"},"inLanguage":"es","potentialAction":[{"@type":"ReadAction","target":["https:\/\/fuentesfidedignas.com.mx\/index.php\/2026\/09\/01\/da-a-conocer-la-sepyc-la-implementacion-de-la-estrategia-nacional-el-abc-de-las-emociones\/"]}]},{"@type":"ImageObject","inLanguage":"es","@id":"https:\/\/fuentesfidedignas.com.mx\/index.php\/2026\/09\/01\/da-a-conocer-la-sepyc-la-implementacion-de-la-estrategia-nacional-el-abc-de-las-emociones\/#primaryimage","url":"https:\/\/fuentesfidedignas.com.mx\/wp-content\/uploads\/2026\/09\/WhatsApp-Image-2026-09-01-at-1.10.19-PM.jpeg","contentUrl":"https:\/\/fuentesfidedignas.com.mx\/wp-content\/uploads\/2026\/09\/WhatsApp-Image-2026-09-01-at-1.10.19-PM.jpeg","width":500,"height":375},{"@type":"BreadcrumbList","@id":"https:\/\/fuentesfidedignas.com.mx\/index.php\/2026\/09\/01\/da-a-conocer-la-sepyc-la-implementacion-de-la-estrategia-nacional-el-abc-de-las-emociones\/#breadcrumb","itemListElement":[{"@type":"ListItem","position":1,"name":"Inicio","item":"https:\/\/fuentesfidedignas.com.mx\/"},{"@type":"ListItem","position":2,"name":"Da a conocer la SEPYC la implementaci\u00f3n de la Estrategia Nacional &#8220;El ABC de las Emociones&#8221;"}]},{"@type":"WebSite","@id":"https:\/\/fuentesfidedignas.com.mx\/#website","url":"https:\/\/fuentesfidedignas.com.mx\/","name":"Fuentes Fidedignas","description":"Otro sitio realizado con WordPress","publisher":{"@id":"https:\/\/fuentesfidedignas.com.mx\/#organization"},"potentialAction":[{"@type":"SearchAction","target":{"@type":"EntryPoint","urlTemplate":"https:\/\/fuentesfidedignas.com.mx\/?s={search_term_string}"},"query-input":{"@type":"PropertyValueSpecification","valueRequired":true,"valueName":"search_term_string"}}],"inLanguage":"es"},{"@type":"Organization","@id":"https:\/\/fuentesfidedignas.com.mx\/#organization","name":"Fuentes Fidedignas","url":"https:\/\/fuentesfidedignas.com.mx\/","logo":{"@type":"ImageObject","inLanguage":"es","@id":"https:\/\/fuentesfidedignas.com.mx\/#\/schema\/logo\/image\/","url":"https:\/\/fuentesfidedignas.com.mx\/wp-content\/uploads\/2021\/04\/logo-retina.png","contentUrl":"https:\/\/fuentesfidedignas.com.mx\/wp-content\/uploads\/2021\/04\/logo-retina.png","width":280,"height":51,"caption":"Fuentes Fidedignas"},"image":{"@id":"https:\/\/fuentesfidedignas.com.mx\/#\/schema\/logo\/image\/"},"sameAs":["https:\/\/www.facebook.com\/Fuentes-Fidedignas-368234489921644","https:\/\/x.com\/fidedignas"]},{"@type":"Person","@id":"https:\/\/fuentesfidedignas.com.mx\/#\/schema\/person\/331be9283d37198e2acd5750279085b0","name":"Redacci\u00f3n","image":{"@type":"ImageObject","inLanguage":"es","@id":"https:\/\/secure.gravatar.com\/avatar\/f6d8782c11d12b2d4ad3fbb6931aeab5309937a4d6cd2fc9cfaa28a6396a5aec?s=96&d=mm&r=g","url":"https:\/\/secure.gravatar.com\/avatar\/f6d8782c11d12b2d4ad3fbb6931aeab5309937a4d6cd2fc9cfaa28a6396a5aec?s=96&d=mm&r=g","contentUrl":"https:\/\/secure.gravatar.com\/avatar\/f6d8782c11d12b2d4ad3fbb6931aeab5309937a4d6cd2fc9cfaa28a6396a5aec?s=96&d=mm&r=g","caption":"Redacci\u00f3n"},"url":"https:\/\/fuentesfidedignas.com.mx\/index.php\/author\/redaccion\/"}]}},"_links":{"self":[{"href":"https:\/\/fuentesfidedignas.com.mx\/index.php\/wp-json\/wp\/v2\/posts\/141406","targetHints":{"allow":["GET"]}}],"collection":[{"href":"https:\/\/fuentesfidedignas.com.mx\/index.php\/wp-json\/wp\/v2\/posts"}],"about":[{"href":"https:\/\/fuentesfidedignas.com.mx\/index.php\/wp-json\/wp\/v2\/types\/post"}],"author":[{"embeddable":true,"href":"https:\/\/fuentesfidedignas.com.mx\/index.php\/wp-json\/wp\/v2\/users\/4"}],"replies":[{"embeddable":true,"href":"https:\/\/fuentesfidedignas.com.mx\/index.php\/wp-json\/wp\/v2\/comments?post=141406"}],"version-history":[{"count":1,"href":"https:\/\/fuentesfidedignas.com.mx\/index.php\/wp-json\/wp\/v2\/posts\/141406\/revisions"}],"predecessor-version":[{"id":141408,"href":"https:\/\/fuentesfidedignas.com.mx\/index.php\/wp-json\/wp\/v2\/posts\/141406\/revisions\/141408"}],"wp:featuredmedia":[{"embeddable":true,"href":"https:\/\/fuentesfidedignas.com.mx\/index.php\/wp-json\/wp\/v2\/media\/141407"}],"wp:attachment":[{"href":"https:\/\/fuentesfidedignas.com.mx\/index.php\/wp-json\/wp\/v2\/media?parent=141406"}],"wp:term":[{"taxonomy":"category","embeddable":true,"href":"https:\/\/fuentesfidedignas.com.mx\/index.php\/wp-json\/wp\/v2\/categories?post=141406"},{"taxonomy":"post_tag","embeddable":true,"href":"https:\/\/fuentesfidedignas.com.mx\/index.php\/wp-json\/wp\/v2\/tags?post=141406"}],"curies":[{"name":"wp","href":"https:\/\/api.w.org\/{rel}","templated":true}]}}