{"id":141398,"date":"2026-09-01T12:22:39","date_gmt":"2026-09-01T19:22:39","guid":{"rendered":"https:\/\/fuentesfidedignas.com.mx\/?p=141398"},"modified":"2026-09-01T12:26:56","modified_gmt":"2026-09-01T19:26:56","slug":"aqui-no-hay-divisiones-hay-defensa-y-dignidad-del-pueblo-sheinbaum-en-segundo-informe","status":"publish","type":"post","link":"https:\/\/fuentesfidedignas.com.mx\/index.php\/2026\/09\/01\/aqui-no-hay-divisiones-hay-defensa-y-dignidad-del-pueblo-sheinbaum-en-segundo-informe\/","title":{"rendered":"\u201cAqu\u00ed no hay divisiones, hay defensa&nbsp; y dignidad del pueblo\u201d:&nbsp;Sheinbaum en Segundo Informe"},"content":{"rendered":"\n<p class=\"nota-justify wp-block-paragraph\"><em>Ciudad de M\u00e9xico.&nbsp;<\/em>Ante las recientes pol\u00edticas en las que se han visto involucrados actores del llamado movimiento de transformaci\u00f3n, la presidenta Claudia Sheinbaum Pardo enfatiz\u00f3 al concluir su Segundo Informe de Gobierno:<\/p>\n\n\n\n<blockquote class=\"wp-block-quote is-layout-flow wp-block-quote-is-layout-flow\">\n<p class=\"nota-justify wp-block-paragraph\"><strong>&nbsp;\u201cSomos parte del proyecto de la cuarta transformaci\u00f3n de la vida p\u00fablica\u2026 Que nadie se equivoque, aqu\u00ed no hay divisiones, aqu\u00ed no hay rompimientos, lo \u00fanico que hay es la defensa del pueblo de M\u00e9xico y su dignidad\u201d.<\/strong><\/p>\n<\/blockquote>\n\n\n\n<p class=\"nota-justify wp-block-paragraph\">La mandataria federal cerr\u00f3 con su posici\u00f3n pol\u00edtica en la que dej\u00f3 en claro que los representantes del movimiento \u201ctememos la responsabilidad hist\u00f3rica de garantizar el camino de la honradez y de un gobierno que est\u00e9 al servicio del pueblo\u201d.<\/p>\n\n\n\n<p class=\"wp-block-paragraph\">Afirm\u00f3 que sus correligionarios son \u201cleales\u201d a esos principios, por lo que pueden entregar buenas cuentas y garantizar un futuro de bienestar para todas y todos los mexicanos.<\/p>\n\n\n\n<blockquote class=\"wp-block-quote is-layout-flow wp-block-quote-is-layout-flow\">\n<p class=\"wp-block-paragraph\">\u201cNo olvidemos nunca que la autoridad pol\u00edtica y moral se escribe todos los d\u00edas, esa no se adquiere ni con todo el dinero del planeta. Por ello, y justamente por ello, insistimos en que s\u00f3lo con honestidad se dan verdaderamente resultados\u201d.<\/p>\n<\/blockquote>\n\n\n\n<p class=\"wp-block-paragraph\">Ante gobernadores y gobernadoras, integrantes de su gabinete y representantes de los poderes Legislativo y Judicial, la titular del Ejecutivo consider\u00f3 que \u201clos ojos del mundo est\u00e1n puestos en M\u00e9xico\u201d.<\/p>\n\n\n\n<p class=\"wp-block-paragraph\">Y esto es as\u00ed, a\u00f1adi\u00f3, \u201cporque aqu\u00ed un pueblo grande ha decidido escribir su propia historia. Consolidamos un proyecto que nace desde abajo y pone en el centro la igualdad, la justicia y el bienestar\u201d.<\/p>\n\n\n\n<p class=\"wp-block-paragraph\">Sheinbaum Pardo subray\u00f3 que M\u00e9xico no se somete ni se detiene, adem\u00e1s que es una naci\u00f3n libre, soberana y avanza con dignidad, con la fuerza de su pueblo y con la mirada puesta en un futuro que proviene de su legado de grandeza.<\/p>\n\n\n\n<p class=\"wp-block-paragraph\">\u201cVamos mejor y tenemos rumbo, porque ese rumbo lo marca el pueblo que es nuestro camino y es nuestro destino\u201d.<\/p>\n\n\n\n<h2 class=\"wp-block-heading\">&#8220;Mientras sea Presidenta defender\u00e9 con firmeza nuestra soberan\u00eda&#8221;<\/h2>\n\n\n\n<p class=\"nota-justify wp-block-paragraph\">La presidenta Claudia Sheinbaum tambi\u00e9n afirm\u00f3 que M\u00e9xico esta dispuesto al di\u00e1logo y cooperaci\u00f3n en el entorno mundial, \u201cpero la colaboraci\u00f3n no significa sometimiento; amistad no significa renunciar a nuestros principios y, mientras yo tenga el honor de servir como presidenta de la Rep\u00fablica, defender\u00e9 con toda firmeza nuestra soberan\u00eda, nuestra dignidad y nuestra independencia\u201d.<\/p>\n\n\n\n<p class=\"nota-justify wp-block-paragraph\">Al referirse al cap\u00edtulo de pol\u00edtica exterior record\u00f3 que en defensa de los connacionales M\u00e9xico ha presentado denuncias en todos los casos en que han fallecido y se les dar\u00e1 seguimiento. Adem\u00e1s, se ha instruido a los consulados mexicanos a estar m\u00e1s cerca de las comunidades mexicanas en Estados Unidos. Deben ser espacios de entendimiento y deben escuchar y atender las demandas de los mexicanos que residen en el exterior.<\/p>\n\n\n\n<p class=\"nota-justify wp-block-paragraph\">Mencion\u00f3 que como parte del programa M\u00e9xico te abraza, se han atendido a 281 mil mexicanos que han sido deportados en Estados Unidos, ofreci\u00e9ndoles alimentos, atenci\u00f3n m\u00e9dica y psicol\u00f3gica, adem\u00e1s de apoyo para el regreso a sus comunidades.<\/p>\n\n\n\n<p class=\"nota-justify wp-block-paragraph\">Al abundar sobre la colaboraci\u00f3n, la mandataria destac\u00f3 que \u00e9sta se rige sobre la base de cuatro principios: respeto a la soberan\u00eda y territorio; confianza y respeto mutuo; colaboraci\u00f3n sin subordinaci\u00f3n y responsabilidad compartida.<\/p>\n\n\n\n<p class=\"nota-justify wp-block-paragraph\">Sheinbaum mencion\u00f3 que se mantienen las negociaciones para alcanzar un acuerdo comercial con Estados Unidos el cual esperan concretar pr\u00f3ximamente.<\/p>\n\n\n\n<p class=\"nota-justify wp-block-paragraph\">Claudia Sheinbaum Pardo enfatiz\u00f3 que \u201clos servidores p\u00fablicos tenemos la obligaci\u00f3n de comportarnos con profunda responsabilidad, pero al mismo tiempo con sencillez y humildad\u201d.<\/p>\n\n\n\n<p class=\"nota-justify wp-block-paragraph\">Se\u00f1al\u00f3 que est\u00e1 por cumplir dos a\u00f1os de gobierno, al que lleg\u00f3, dijo, con la \u201ccerteza que estamos transformando la vida p\u00fablica del pa\u00eds\u201d.<\/p>\n\n\n\n<p class=\"nota-justify wp-block-paragraph\">Ante decenas de invitados concentrados en el Patio Principal del Palacio Nacional, la mandataria sostuvo que cada avance, decisi\u00f3n y esfuerzo tienen un mismo prop\u00f3sito: \u201cque el bienestar llegue a todas y todos\u201d.<\/p>\n\n\n\n<p class=\"nota-justify wp-block-paragraph\">Se dijo convencida que M\u00e9xico camina por el rumbo de la prosperidad compartida, con independencia, libertad y con mucha dignidad.<\/p>\n\n\n\n<p class=\"nota-justify wp-block-paragraph\">\u201cHemos ejercicio el gobierno con honradez y austeridad republicana. Tenemos claro que los recursos p\u00fablicos son del pueblo y deben ejercerse para su beneficio\u201d.<\/p>\n\n\n\n<p class=\"nota-justify wp-block-paragraph\">Destac\u00f3 que con la llegada de la 4T al poder las cosas se han trasformado.<\/p>\n\n\n\n<blockquote class=\"wp-block-quote is-layout-flow wp-block-quote-is-layout-flow\">\n<p class=\"nota-justify wp-block-paragraph\">\u201cDurante muchos a\u00f1os, mientras millones de mexicanas y mexicanos trabajaban todos los d\u00edas para salir adelante, el gobierno se fue alejando de la gente, de sus necesidades y de su realidad. Se utilizaban los recursos p\u00fablicos para excentricidades y lujos y se gobernaba para unos pocos.<\/p>\n<\/blockquote>\n\n\n\n<p class=\"nota-justify wp-block-paragraph\">\u201cEso termin\u00f3 con la llegada de la 4T y, lo digo claro, debe continuar de esa manera\u201d.<\/p>\n\n\n\n<h2 class=\"wp-block-heading\">Dos a\u00f1os de austeridad responsable<\/h2>\n\n\n\n<p class=\"nota-justify wp-block-paragraph\">Desde el inicio del gobierno, \u201chemos cuidado cada peso\u201d y hemos reducido el gasto corriente en 200 mil millones de pesos, comparado con 2024, sin afectar las \u00e1reas sustantiva, asegur\u00f3 la presidenta Claudia Sheinbuam Pardo.<\/p>\n\n\n\n<p class=\"nota-justify wp-block-paragraph\">En su segundo informe de gobierno, manifest\u00f3 que en 2025, los ingresos del gobierno Federal alcanzaron una cifra hist\u00f3rica de seis billones 46 mil millones de pesos. \u201cEsto significa 487 mil millones de pesos m\u00e1s que en 2024\u201d.<\/p>\n\n\n\n<p class=\"nota-justify wp-block-paragraph\">Indic\u00f3 que al cierre de agosto de 2026, la recaudaci\u00f3n registra ya 149 mil millones de pesos m\u00e1s respecto al mismo periodo de 2025. \u201cLos recursos p\u00fablicos se convierten en programas para el bienestar, escuelas, hospitales, vivienda, carreteras, obras de agua, trenes y seguridad\u201d.<\/p>\n\n\n\n<p class=\"nota-justify wp-block-paragraph\">Durante estos 23 meses, sostuvo, &nbsp;hemos cuidado cada peso, no hemos comprado veh\u00edculos de lujo, ni destinado recursos p\u00fablicos a gastos innecesarios. Los salarios de los servidores p\u00fablicos del m\u00e1s alto nivel no han aumentado. Adem\u00e1s, hemos reducido el gasto corriente en 200,000 millones de pesos comparado con 2024, sin afectar las \u00e1reas sustantivas\u201d.<\/p>\n\n\n\n<p class=\"nota-justify wp-block-paragraph\">Estos ahorros, precis\u00f3, \u201cnos han permitido mejorar las condiciones de quienes menos ganan en el servicio p\u00fablico, as\u00ed como aumentar el salario de las y los maestros en 10 por ciento &nbsp;en 2025 y de &nbsp;nueve por ciento &nbsp;en 2026. Garantizamos, adem\u00e1s, la creaci\u00f3n de 30 mil nuevas plazas para la Guardia Nacional, Seguridad, servicios de salud, educaci\u00f3n y tres nuevos programas de bienestar. Estos resultados no hubieran sido posibles sin una recaudaci\u00f3n eficiente y honesta\u201d.<\/p>\n\n\n\n<h2 class=\"wp-block-heading\">Paquete fiscal responsable en 2027<\/h2>\n\n\n\n<p class=\"nota-justify wp-block-paragraph\"><br \/>A unos d\u00edas de presentar el nuevo paquete fiscal y presupuestal para 2027, la presidenta Claudia Sheinbuam Pardo ofreci\u00f3 que ser\u00e1 un proyecto responsable que al mismo tiempo \u201cgarantice una paulatina consolidaci\u00f3n fiscal, mantiene inversi\u00f3n y bienestar, salud y educaci\u00f3n\u201d.<\/p>\n\n\n\n<p class=\"nota-justify wp-block-paragraph\">Explic\u00f3 que recientemente se aprob\u00f3 la Ley para la Inversi\u00f3n que \u201cest\u00e1 permitiendo acelerar la inversi\u00f3n p\u00fablica y mixta durante el segundo semestre de 2026 para fortalecer la infraestructura y el desarrollo nacional\u201d.<br \/>Hoy el Estado \u201crecupera la rector\u00eda en la planeaci\u00f3n del desarrollo, la infraestructura y los sectores estrat\u00e9gicos, utilizando de manera inteligente instrumentos financieros para ampliar la inversi\u00f3n sin ceder el control del inter\u00e9s p\u00fablico. A eso nos referimos con inversi\u00f3n mixta\u201d, sostuvo.&nbsp;<\/p>\n\n\n\n<p class=\"nota-justify wp-block-paragraph\">Afirm\u00f3 que es \u201cimportante establecer una premisa: recuperar la rector\u00eda del Estado, no significa abandonar la disciplina fiscal, ni asumir que el desarrollo depende exclusivamente de mayor gasto p\u00fablico\u201d.<\/p>\n\n\n\n<blockquote class=\"wp-block-quote is-layout-flow wp-block-quote-is-layout-flow\">\n<p class=\"nota-justify wp-block-paragraph\">Significa, dijo, \u201ccontar con finanzas p\u00fablicas s\u00f3lidas que ampl\u00eden la capacidad de inversi\u00f3n sin comprometer la estabilidad macroecon\u00f3mica y que al mismo tiempo garanticen derechos, impulsen el desarrollo, distribuyan la riqueza y fortalezcan la soberan\u00eda energ\u00e9tica\u201d.<br \/>La presidenta, en su segundo informe de gobierno, destac\u00f3 que con el Plan M\u00e9xico, se publicaron dos decretos con incentivos para la inversi\u00f3n privada, en particular para 25 polos del desarrollo econ\u00f3mico para el bienestar, de los cuales 10 ya est\u00e1n en proceso de desarrollo y 25 de los 100 parques industriales que anunciamos como meta ya est\u00e1n en operaci\u00f3n\u201d.<\/p>\n<\/blockquote>\n\n\n\n<p class=\"nota-justify wp-block-paragraph\">Se\u00f1al\u00f3 la creaci\u00f3n de la Oficina de la Presidencia para la Promoci\u00f3n de las Inversiones, que cuenta con una ventanilla \u00fanica que aprueba en un m\u00e1ximo de 60 d\u00edas los tr\u00e1mites. \u201cCon \u00e9sta, se han aprobado en cuatro meses 19 proyectos por un monto de tres mil 760 millones de d\u00f3lares.&nbsp;<\/p>\n\n\n\n<p class=\"nota-justify wp-block-paragraph\">Adem\u00e1s destac\u00f3 la simplificaci\u00f3n y reducci\u00f3n de tr\u00e1mites. \u201cDestaca la simplificaci\u00f3n del cien de los tr\u00e1mites en Cofepris y para llevar este modelo a todo el pa\u00eds, estamos implementando el cat\u00e1logo \u00fanico de tr\u00e1mites y servicios con estados y municipios para reducirlos al menos al 5o por ciento\u201d.<\/p>\n\n\n\n<h2 class=\"wp-block-heading\">&#8220;Primavera laboral&#8221;<\/h2>\n\n\n\n<p class=\"nota-justify wp-block-paragraph\">Durante su segundo informe de labores, la presidenta Claudia Sheinbaum destac\u00f3 que los trabajadores viven una \u201cprimavera laboral\u201d por el conjunto de reforma en este \u00e1mbito y la pol\u00edtica salarial que permiti\u00f3 un incremento de 154 por ciento en los gobiernos de la cuarta transformaci\u00f3n. Al pasar de 2 mil 800 pesos a 9 mil 282 pesos. Asimismo, el salario promedio de los trabajadores es de 20 mil pesos.<\/p>\n\n\n\n<p class=\"nota-justify wp-block-paragraph\">Ante sus colaboradores cercanos y gobernadores, en el Patio central de Palacio Nacional, Sheinbaum destac\u00f3 que adem\u00e1s se han aprobado reformas que han permitido mejores condiciones para el sector trabajador, como la reforma para reducir a 40 horas la jornada laboral para el 2030. Adem\u00e1s los trabajadores de las aplicaciones tienen ya seguridad social; se garantiz\u00f3 el reparto de utilidades.<\/p>\n\n\n\n<p class=\"nota-justify wp-block-paragraph\">En su balance en el sector laboral, dijo que el humanismo mexicano y la econom\u00eda laboral es una estrategia sobre la base de que no se puede esperar a que los beneficios del crecimiento vayan por s\u00ed solos al beneficio de las familias. Por ello dijo, el Estado debe ser un eje rector para la prosperidad compartida en M\u00e9xico, es decir, el estado mexicano tiene que la responsabilidad de garantizar los derechos sociales y fortalecer la distribuci\u00f3n de la riqueza.<\/p>\n\n\n\n<p class=\"nota-justify wp-block-paragraph\">Mas adelante destac\u00f3 que se destinan un bill\u00f3n de pesos a los programas sociales sobre la base de que el humanismo mexicano debe partir de una idea sencilla pero poderosa, \u201cla riqueza de M\u00e9xico debe traducirse en bienestar para su pueblo. Por eso una pensi\u00f3n para un adulto mayor, una beca para un estudiante o un apoyo para quien trabaja la tierra, no son concesiones del poder, sino una forma de reconocer la dignidad y el esfuerzo de millones de mexicanas, y mexicanos. Es una nueva manera de entender el Estado\u201d.<\/p>\n\n\n\n<blockquote class=\"wp-block-quote is-layout-flow wp-block-quote-is-layout-flow\">\n<p class=\"nota-justify wp-block-paragraph\">En su informe, dijo que \u201cuna de las mayores transformaciones de nuestro tiempo fue haber convertido el amor en pol\u00edtica p\u00fablica y la pol\u00edtica p\u00fablica en derecho que le pertenecen al pueblo de M\u00e9xico\u201d.&nbsp;<\/p>\n<\/blockquote>\n\n\n\n<p class=\"nota-justify wp-block-paragraph\">Afirm\u00f3 que, con una inversi\u00f3n inversi\u00f3n hist\u00f3rica de 1 bill\u00f3n de pesos destinados directamente al bienestar de la gente:<\/p>\n\n\n\n<p class=\"nota-justify wp-block-paragraph\">13 millones 788 mil adultos mayores reciben una pensi\u00f3n de 6 mil 400 pesos bimestrales, dos millones 873 mil mujeres de 60 a 64 a\u00f1os cuentan con pensi\u00f3n Mujeres Bienestar y dos millones de personas con discapacidad reciben un apoyo permanente de 3 mil 300 pesos bimestrales; medio mill\u00f3n de j\u00f3venes participan en J\u00f3venes Construyendo el Futuro as\u00ed como 300 mil ni\u00f1as y ni\u00f1os de madres trabajadoras de familias.<\/p>\n\n\n\n<p class=\"nota-justify wp-block-paragraph\">&nbsp;<\/p>\n\n\n\n<h2 class=\"wp-block-heading\">M\u00e1s becas y m\u00e1s lugares para educaci\u00f3n media y superior<\/h2>\n\n\n\n<p class=\"wp-block-paragraph\">Al destacar que la transformaci\u00f3n tambi\u00e9n lleg\u00f3 al sector educativo, &nbsp;la presidenta Claudia Sheinbaum Pardo, manifest\u00f3 que todos los estudiantes de primaria, secundaria y preparatoria est\u00e1n becados \u201cy vamos tambi\u00e9n por m\u00e1s becas en la educaci\u00f3n superior\u201d. Afirm\u00f3 que hay 156 mil nuevos lugares en educaci\u00f3n superior \u201cy llegaremos a 400 mil m\u00e1s\u201d.<\/p>\n\n\n\n<p class=\"wp-block-paragraph\">En su segundo informe de gobierno, indic\u00f3 que todos los estudiantes de secundaria p\u00fablica reciben la beca Rita Cetina.&nbsp;<\/p>\n\n\n\n<blockquote class=\"wp-block-quote is-layout-flow wp-block-quote-is-layout-flow\">\n<p class=\"wp-block-paragraph\">\u201cEste a\u00f1o, ocho millones de estudiantes de primaria recibieron apoyo para \u00fatiles y uniformes escolares, cerca de cinco millones de j\u00f3venes de educaci\u00f3n media superior cuentan con la beca Benito Ju\u00e1rez, y al final de 2026, cerca de 800 mil estudiantes universitarios contar\u00e1n con la beca J\u00f3venes escribiendo el futuro y Gertrudis Bocanegra\u201d.<\/p>\n<\/blockquote>\n\n\n\n<p class=\"wp-block-paragraph\">Afirm\u00f3 que a trav\u00e9s de la Escuela es nuestra, este a\u00f1o m\u00e1s 73 mil planteles de educaci\u00f3n b\u00e1sica y media superior &nbsp;han recibido recursos para mejorar sus instalaciones junto con padres y madres de familia.<\/p>\n\n\n\n<p class=\"wp-block-paragraph\">Y como nos comprometimos, \u201chemos dedicado esfuerzos y recursos para fortalecer y ampliar la educaci\u00f3n media superior y superior\u201d.<br \/>Para ello, agreg\u00f3, \u201ccreamos el bachillerato nacional con el objetivo de unificar todas las preparatorias y tecnol\u00f3gicos del pa\u00eds bajo un mismo paraguas educativo, garantizando su cobijo con alguna instituci\u00f3n de educaci\u00f3n superior\u201d.<\/p>\n\n\n\n<p class=\"wp-block-paragraph\">Este a\u00f1o egresaron m\u00e1s de 657 mil j\u00f3venes de la primera generaci\u00f3n del bachillerato nacional con una doble certificaci\u00f3n, la del propio bachillerato de la Secretar\u00eda de Educaci\u00f3n P\u00fablica y la de una instituci\u00f3n de educaci\u00f3n superior. \u201cGracias a un acuerdo con 29 universidades y tecnol\u00f3gicos nacionales y estatales, eliminamos el examen de admisi\u00f3n a la educaci\u00f3n media superior en 17 entidades\u201d.<br \/>Subray\u00f3 que \u201clos j\u00f3venes deben estar en la escuela\u201d.<\/p>\n\n\n\n<p class=\"wp-block-paragraph\">Explic\u00f3 que este a\u00f1o se disgtribuyeron 15.4 millones de libros de texto gratuitos de la Nueva Escuela Mexicana y se est\u00e1 trabajando para que \u201cen 2027 se incorporen tres libros de texto m\u00e1s historia de M\u00e9xico, ense\u00f1anza de las matem\u00e1ticas y lectoescritura\u201d.<\/p>\n\n\n\n<p class=\"wp-block-paragraph\">A\u00f1adi\u00f3 que la educaci\u00f3n art\u00edstica tambi\u00e9n es una prioridad desde 2025, se eliminaron las cuotas en todas las escuelas del INBAL, El INAH y el Centro de Capacitaci\u00f3n Cinematogr\u00e1fica, &nbsp;y se mejoraron integralmente mil 600 espacios educativos. \u201cAbrimos el nuevo centro de capacitaci\u00f3n cinematogr\u00e1fica en Chapultepec que multiplic\u00f3 por cinco la matr\u00edcula\u201d.<\/p>\n\n\n\n<p class=\"wp-block-paragraph\">La orquesta escuela Carlos Ch\u00e1vez tiene sede por primera vez, despu\u00e9s de 37 a\u00f1os, y con el Fondo de Cultura Econ\u00f3mica se editaron 2.5 millones de libros para j\u00f3venes de 14 pa\u00edses y se han promovido m\u00e1s de 26 mil grupos de lectura.<\/p>\n\n\n\n<h2 class=\"wp-block-heading\">Se sigue impulsando la soberan\u00eda alimentaria<\/h2>\n\n\n\n<p class=\"nota-justify wp-block-paragraph\">La presidenta Claudia Sheinbaum Pardo afirm\u00f3 que este a\u00f1o se ha brindado apoyo a sembradores de ca\u00f1a, cacao, miel y de frijol, por lo que gracias a esos pol\u00edticas \u201cla producci\u00f3n de frijol llegar\u00e1 a 300 mil toneladas m\u00e1s y la de ma\u00edz a un mill\u00f3n de toneladas m\u00e1s, adem\u00e1s que garantizamos leche accesible a 7 millones de familias\u201d.<\/p>\n\n\n\n<p class=\"nota-justify wp-block-paragraph\">Durante su mensaje con motivo del Segundo Informe de Gobierno, sostuvo que su administraci\u00f3n impulsa la soberan\u00eda alimentaria y garantiza el desarrollo, apoyando directamente a quienes producen la riqueza de la tierra.<\/p>\n\n\n\n<p class=\"nota-justify wp-block-paragraph\">\u201cApoyamos a cerca de 200 mil pescadores de Bienpesca, a un mill\u00f3n 889 mil campesinos participan en Producci\u00f3n para el Bienestar, m\u00e1s de 2 millones 157 mil productores reciben fertilizantes gratuitos, 445 mil sembradores reciben Sembrando Vida y millones de familias se benefician de los programas de alimentaci\u00f3n para el bienestar y precios justos\u201d.<\/p>\n\n\n\n<p class=\"nota-justify wp-block-paragraph\">Asegur\u00f3 que este a\u00f1o se firm\u00f3 un \u201cacuerdo hist\u00f3rico\u201d entre productores de semillas e insumos para el campo, productores agr\u00edcolas y compradores para ordenar la comercializaci\u00f3n del ma\u00edz blanco nacional.<\/p>\n\n\n\n<p class=\"nota-justify wp-block-paragraph\">\u201cEl objetivo principal es garantizar que los peque\u00f1os y medianas productores obtengan una ganancia justa que cubra sus costos de producci\u00f3n, estabilizar el mercado de la tortilla y fortalecer la soberan\u00eda alimentaria del pa\u00eds\u201d.<\/p>\n\n\n\n<p class=\"nota-justify wp-block-paragraph\">Indic\u00f3 que con el objetivo de preservar las diferentes razas de ma\u00edz nativo y el derecho a la alimentaci\u00f3n, \u201cestamos llevando a cabo el programa del Ma\u00edz es la ra\u00edz, que este a\u00f1o esta organizando a 600 mil campesinos en grupos de productores para la mejora de semilla, a trav\u00e9s de m\u00e9todos tradicionales, con el objetivo de aumentar la productividad, garantizar el autoconsumo, el precio justific\u00f3 del ma\u00edz y la conservaci\u00f3n de la biodiversidad gen\u00e9tica\u201d.<\/p>\n\n\n\n<p class=\"nota-justify wp-block-paragraph\">A\u00f1adi\u00f3 que 25 mil productores y pescadores han accedido al sistema de cr\u00e9ditos para el campo con el programa cosechando soberan\u00eda.<\/p>\n\n\n\n<h2 class=\"wp-block-heading\">Pueblos ind\u00edgenas y mujeres, prioridad<\/h2>\n\n\n\n<p class=\"nota-justify wp-block-paragraph\">Al destacar la prioridad que ha tenido la atenci\u00f3n a los pueblos ind\u00edgenas, la presidenta Claudia Sheinbaum anunci\u00f3 que est\u00e1n en proceso de restituci\u00f3n a estas comunidades 177 mil hect\u00e1reas adicionales a las 13 mil hect\u00e1reas que han sido regresadas a 19 mil comunidades de estos pueblos originarios.<\/p>\n\n\n\n<p class=\"nota-justify wp-block-paragraph\">Durante su segundo informe de gobierno, la mandataria dijo que est\u00e1n en elaboraci\u00f3n planes de justicia y desarrollo para 35 pueblos ind\u00edgenas. Adem\u00e1s, destac\u00f3 que est\u00e1 en curso la consulta de la nueva ley para los pueblos ind\u00edgenas, adem\u00e1s de que la reforma constitucional en esta materia ha permitido convertirlos en sujetos de derecho p\u00fablico con el reconocimiento pleno de todos sus derechos.<\/p>\n\n\n\n<p class=\"nota-justify wp-block-paragraph\">Por otro lado, se dijo orgullosa del avance de las mujeres a pesar del machismo y la misoginia que cuestionan la capacidad de este sector para gobernar, cuando en este periodo se ha demostrado todo lo contrario. Se\u00f1al\u00f3 que en este sexenio se han conformado mil un centros libres para la atenci\u00f3n a las mujeres. Se han distribuido 27 millones de carillas de derechos de las mujeres y se ha formado una red de 190 mil 375 mujeres tejedoras.<\/p>\n\n\n\n<p class=\"nota-justify wp-block-paragraph\">En paralelo se se present\u00f3 la ley General para prevenir, investigar sancionar y reparar el da\u00f1o por el delito de feminicidio.<\/p>\n\n\n\n<h2 class=\"wp-block-heading\">La 4T impulsa una pol\u00edtica de vivienda justa<\/h2>\n\n\n\n<p class=\"wp-block-paragraph\">Con la cuarta transformaci\u00f3n, \u201cInfonavit y Fovissste recuperaron su capacidad para hacer viviendas y no solamente otorgar cr\u00e9ditos injustos\u201d, afirm\u00f3 la presidenta Claudia Sheinbaum Pardo, al ratificar que entre estas dos instituciones y la Comisi\u00f3n Nacional de Vivienda, la meta sexenal es &nbsp;construir 1 mill\u00f3n 800 mil viviendas para familias que ganen menos de 2.9 salarios m\u00ednimos.<\/p>\n\n\n\n<p class=\"wp-block-paragraph\">Mencion\u00f3 que 2030, con todas las acciones que realicen en la materia, que incluyen regularizaci\u00f3n de propiedad y reestructurar cr\u00e9ditos impagables, el programa de vivienda alcanzar\u00e1 a 12 millones de familias\u201d.<\/p>\n\n\n\n<p class=\"wp-block-paragraph\">En su Segundo Informe de Gobierno en Palacio Nacional, indic\u00f3 que a la fecha se han contratado 668 mil viviendas, &nbsp;de las cuales 278 mil &nbsp;est\u00e1n en construcci\u00f3n y ya se asignaron 90 mil\u201d.&nbsp;<\/p>\n\n\n\n<p class=\"wp-block-paragraph\">Subray\u00f3 que estas instituciones, junto con la Sociedad Hipotecaria Federal, dan cr\u00e9ditos m\u00e1s accesibles a familias con mayores percepciones.&nbsp;<\/p>\n\n\n\n<p class=\"wp-block-paragraph\">\u201cHoy se han entregado 779 mil cr\u00e9ditos a familias. La meta es otorgar 2.2 millones\u201d y se han beneficiado, dijo, 717 mil &nbsp;familias con cr\u00e9ditos de apoyo de mejoramiento de vivienda \u201cde los 108 millones que tenemos como meta\u201d.<\/p>\n\n\n\n<blockquote class=\"wp-block-quote is-layout-flow wp-block-quote-is-layout-flow\">\n<p class=\"wp-block-paragraph\">Adem\u00e1s, \u201chemos corregido una de las mayores injusticias heredadas del pasado, y cinco millones de familias dejaron de estar atrapadas en cr\u00e9ditos impagables. \u00a1Impresionante lo que suced\u00eda en el pasado, que ped\u00edan cr\u00e9dito por 60 mil pesos, hab\u00edan pagado durante 20 a\u00f1os y su deuda hab\u00eda ascendido a un mill\u00f3n de pesos\u201d.<\/p>\n<\/blockquote>\n\n\n\n<p class=\"wp-block-paragraph\">Todo eso, mencion\u00f3, \u201cfue reestructurado y hay millones de familias que ya pagaron su vivienda\u201d y para garantizar la propiedad, hemos regularizado 337 mil hogares de 1.2 millones que tenemos como meta. Juntando todas estas acciones, el programa de vivienda alcanzar\u00e1 a 12 millones de familias al finalizar el sexenio\u201d.&nbsp;<\/p>\n\n\n\n<h2 class=\"wp-block-heading\">Trenes, Mexicana y AIFA, van &#8220;conforme lo planeado&#8221;<\/h2>\n\n\n\n<p class=\"nota-justify wp-block-paragraph\"><br \/>La presidenta Claudia Sheinbaum asegur\u00f3 que su gobierno impulsa un \u201cproyecto de mejoramiento y ampliaci\u00f3n de la red de carreteras sumamente ambicioso\u201d, con una inversi\u00f3n por 700 mil millones de pesos para cinco mil kil\u00f3metros, mientras contin\u00faa la recuperaci\u00f3n del tren de pasajeros.<\/p>\n\n\n\n<p class=\"nota-justify wp-block-paragraph\">Subray\u00f3 a \u201ctodos aquellos que auguran que no funcionan\u201d, el Tren Maya ha transportado 2.5 millones de pasajeros y evoluciona \u201cconforme lo planeado\u201d, adem\u00e1s de que Mexicana de Aviaci\u00f3n ha transportado a un mill\u00f3n de pasajeros y \u201cllegaremos al triple con 14 aviones m\u00e1s de acuerdo con sus metas\u201d.<\/p>\n\n\n\n<p class=\"nota-justify wp-block-paragraph\">Al rendir su Segundo Informe de Gobierno, destac\u00f3 que hay un avance de 88 por ciento en la repavimentaci\u00f3n de los 51 mil kil\u00f3metros de carreteras libres de peaje del pa\u00eds\u201d y mencion\u00f3 la conclusi\u00f3n de obras estrat\u00e9gicas como la carretera Bavispe-Nuevo Casas Grandes.<\/p>\n\n\n\n<p class=\"nota-justify wp-block-paragraph\">Mencion\u00f3 entre los ejes carreteros principales los corredores del Golfo de M\u00e9xico y del Pac\u00edfico.&nbsp;<\/p>\n\n\n\n<p class=\"nota-justify wp-block-paragraph\">A\u00f1adi\u00f3 que adem\u00e1s de construir puentes y distribuidores viales, \u201cduplicamos el presupuesto para caminos artesanales y junto con comunidades ind\u00edgenas, hemos construido 135 caminos equivalentes a 368 kil\u00f3metros. Adem\u00e1s, intervenimos m\u00e1s de 1100 km de infraestructura carretera en la mixteca de Oaxaca y de Puebla\u201d.<\/p>\n\n\n\n<p class=\"nota-justify wp-block-paragraph\">Sobre el ferrocarril de pasajeros, \u201csello de la cuarta transformaci\u00f3n de la vida p\u00fablica\u201d, resalt\u00f3 la inauguraci\u00f3n del Tren Insurgente de Santa Fe &#8211; Observatorio, que ya ha transportado a m\u00e1s de 25 millones de pasajeros.<\/p>\n\n\n\n<p class=\"nota-justify wp-block-paragraph\">En tanto, el Tren Felipe \u00c1ngeles, en su tramo lecher\u00eda AIFA \u201cse consolida como una alternativa moderna de movilidad para cerca de tres millones de habitantes, adem\u00e1s de permitir el acceso r\u00e1pido al Aeropuerto Internacional Felipe \u00c1ngeles\u201d y avanzan dijo, el resto de los proyectos.&nbsp;<\/p>\n\n\n\n<p class=\"nota-justify wp-block-paragraph\">Subray\u00f3 que el AIFA ha transportado 3.6 millones de pasajeros en el primer semestre de 2026, \u201cincluso por encima de lo planeado; el Tren Interoce\u00e1nico ha transportado dos millones de toneladas (de carga) y el tren de pasajeros iniciar\u00e1 nuevamente operaciones entre noviembre de 2026 y febrero de 2027, dependiendo de sus tramos\u201d.<\/p>\n","protected":false},"excerpt":{"rendered":"<p>Ciudad de M\u00e9xico.&nbsp;Ante las recientes pol\u00edticas en las que se han visto involucrados actores del llamado movimiento de transformaci\u00f3n, la presidenta Claudia Sheinbaum Pardo enfatiz\u00f3 al concluir su Segundo Informe de Gobierno: &nbsp;\u201cSomos parte del proyecto de la cuarta transformaci\u00f3n de la vida p\u00fablica\u2026 Que nadie se equivoque, aqu\u00ed no hay divisiones, aqu\u00ed no hay [&hellip;]<\/p>\n","protected":false},"author":45,"featured_media":141401,"comment_status":"closed","ping_status":"open","sticky":false,"template":"","format":"standard","meta":{"tdm_status":"","tdm_grid_status":"","footnotes":""},"categories":[1],"tags":[],"class_list":["post-141398","post","type-post","status-publish","format-standard","has-post-thumbnail","category-sin-categoria"],"yoast_head":"<!-- This site is optimized with the Yoast SEO plugin v28.3 - https:\/\/yoast.com\/product\/yoast-seo-wordpress\/ -->\n<title>\u201cAqu\u00ed no hay divisiones, hay defensa&nbsp; y dignidad del pueblo\u201d:&nbsp;Sheinbaum en Segundo Informe - Fuentes Fidedignas<\/title>\n<meta name=\"robots\" content=\"index, follow, max-snippet:-1, max-image-preview:large, max-video-preview:-1\" \/>\n<link rel=\"canonical\" href=\"https:\/\/fuentesfidedignas.com.mx\/index.php\/2026\/09\/01\/aqui-no-hay-divisiones-hay-defensa-y-dignidad-del-pueblo-sheinbaum-en-segundo-informe\/\" \/>\n<meta property=\"og:locale\" content=\"es_MX\" \/>\n<meta property=\"og:type\" content=\"article\" \/>\n<meta property=\"og:title\" content=\"\u201cAqu\u00ed no hay divisiones, hay defensa&nbsp; y dignidad del pueblo\u201d:&nbsp;Sheinbaum en Segundo Informe - Fuentes Fidedignas\" \/>\n<meta property=\"og:description\" content=\"Ciudad de M\u00e9xico.&nbsp;Ante las recientes pol\u00edticas en las que se han visto involucrados actores del llamado movimiento de transformaci\u00f3n, la presidenta Claudia Sheinbaum Pardo enfatiz\u00f3 al concluir su Segundo Informe de Gobierno: &nbsp;\u201cSomos parte del proyecto de la cuarta transformaci\u00f3n de la vida p\u00fablica\u2026 Que nadie se equivoque, aqu\u00ed no hay divisiones, aqu\u00ed no hay [&hellip;]\" \/>\n<meta property=\"og:url\" content=\"https:\/\/fuentesfidedignas.com.mx\/index.php\/2026\/09\/01\/aqui-no-hay-divisiones-hay-defensa-y-dignidad-del-pueblo-sheinbaum-en-segundo-informe\/\" \/>\n<meta property=\"og:site_name\" content=\"Fuentes Fidedignas\" \/>\n<meta property=\"article:publisher\" content=\"https:\/\/www.facebook.com\/Fuentes-Fidedignas-368234489921644\" \/>\n<meta property=\"article:published_time\" content=\"2026-09-01T19:22:39+00:00\" \/>\n<meta property=\"article:modified_time\" content=\"2026-09-01T19:26:56+00:00\" \/>\n<meta property=\"og:image\" content=\"https:\/\/fuentesfidedignas.com.mx\/wp-content\/uploads\/2026\/09\/cf7bfc0b-ccae-4c85-9d43-b5e87eec56f5.jpeg\" \/>\n\t<meta property=\"og:image:width\" content=\"1600\" \/>\n\t<meta property=\"og:image:height\" content=\"1066\" \/>\n\t<meta property=\"og:image:type\" content=\"image\/jpeg\" \/>\n<meta name=\"author\" content=\"La Jornada\" \/>\n<meta name=\"twitter:card\" content=\"summary_large_image\" \/>\n<meta name=\"twitter:creator\" content=\"@fidedignas\" \/>\n<meta name=\"twitter:site\" content=\"@fidedignas\" \/>\n<meta name=\"twitter:label1\" content=\"Escrito por\" \/>\n\t<meta name=\"twitter:data1\" content=\"La Jornada\" \/>\n\t<meta name=\"twitter:label2\" content=\"Tiempo de lectura\" \/>\n\t<meta name=\"twitter:data2\" content=\"18 minutos\" \/>\n<script type=\"application\/ld+json\" class=\"yoast-schema-graph\">{\"@context\":\"https:\\\/\\\/schema.org\",\"@graph\":[{\"@type\":\"Article\",\"@id\":\"https:\\\/\\\/fuentesfidedignas.com.mx\\\/index.php\\\/2026\\\/09\\\/01\\\/aqui-no-hay-divisiones-hay-defensa-y-dignidad-del-pueblo-sheinbaum-en-segundo-informe\\\/#article\",\"isPartOf\":{\"@id\":\"https:\\\/\\\/fuentesfidedignas.com.mx\\\/index.php\\\/2026\\\/09\\\/01\\\/aqui-no-hay-divisiones-hay-defensa-y-dignidad-del-pueblo-sheinbaum-en-segundo-informe\\\/\"},\"author\":{\"name\":\"La Jornada\",\"@id\":\"https:\\\/\\\/fuentesfidedignas.com.mx\\\/#\\\/schema\\\/person\\\/87eacee4072e149fccc7de67f9634f35\"},\"headline\":\"\u201cAqu\u00ed no hay divisiones, hay defensa&nbsp; y dignidad del pueblo\u201d:&nbsp;Sheinbaum en Segundo Informe\",\"datePublished\":\"2026-09-01T19:22:39+00:00\",\"dateModified\":\"2026-09-01T19:26:56+00:00\",\"mainEntityOfPage\":{\"@id\":\"https:\\\/\\\/fuentesfidedignas.com.mx\\\/index.php\\\/2026\\\/09\\\/01\\\/aqui-no-hay-divisiones-hay-defensa-y-dignidad-del-pueblo-sheinbaum-en-segundo-informe\\\/\"},\"wordCount\":3586,\"publisher\":{\"@id\":\"https:\\\/\\\/fuentesfidedignas.com.mx\\\/#organization\"},\"image\":{\"@id\":\"https:\\\/\\\/fuentesfidedignas.com.mx\\\/index.php\\\/2026\\\/09\\\/01\\\/aqui-no-hay-divisiones-hay-defensa-y-dignidad-del-pueblo-sheinbaum-en-segundo-informe\\\/#primaryimage\"},\"thumbnailUrl\":\"https:\\\/\\\/fuentesfidedignas.com.mx\\\/wp-content\\\/uploads\\\/2026\\\/09\\\/cf7bfc0b-ccae-4c85-9d43-b5e87eec56f5.jpeg\",\"inLanguage\":\"es\"},{\"@type\":\"WebPage\",\"@id\":\"https:\\\/\\\/fuentesfidedignas.com.mx\\\/index.php\\\/2026\\\/09\\\/01\\\/aqui-no-hay-divisiones-hay-defensa-y-dignidad-del-pueblo-sheinbaum-en-segundo-informe\\\/\",\"url\":\"https:\\\/\\\/fuentesfidedignas.com.mx\\\/index.php\\\/2026\\\/09\\\/01\\\/aqui-no-hay-divisiones-hay-defensa-y-dignidad-del-pueblo-sheinbaum-en-segundo-informe\\\/\",\"name\":\"\u201cAqu\u00ed no hay divisiones, hay defensa&nbsp; y dignidad del pueblo\u201d:&nbsp;Sheinbaum en Segundo Informe - Fuentes Fidedignas\",\"isPartOf\":{\"@id\":\"https:\\\/\\\/fuentesfidedignas.com.mx\\\/#website\"},\"primaryImageOfPage\":{\"@id\":\"https:\\\/\\\/fuentesfidedignas.com.mx\\\/index.php\\\/2026\\\/09\\\/01\\\/aqui-no-hay-divisiones-hay-defensa-y-dignidad-del-pueblo-sheinbaum-en-segundo-informe\\\/#primaryimage\"},\"image\":{\"@id\":\"https:\\\/\\\/fuentesfidedignas.com.mx\\\/index.php\\\/2026\\\/09\\\/01\\\/aqui-no-hay-divisiones-hay-defensa-y-dignidad-del-pueblo-sheinbaum-en-segundo-informe\\\/#primaryimage\"},\"thumbnailUrl\":\"https:\\\/\\\/fuentesfidedignas.com.mx\\\/wp-content\\\/uploads\\\/2026\\\/09\\\/cf7bfc0b-ccae-4c85-9d43-b5e87eec56f5.jpeg\",\"datePublished\":\"2026-09-01T19:22:39+00:00\",\"dateModified\":\"2026-09-01T19:26:56+00:00\",\"breadcrumb\":{\"@id\":\"https:\\\/\\\/fuentesfidedignas.com.mx\\\/index.php\\\/2026\\\/09\\\/01\\\/aqui-no-hay-divisiones-hay-defensa-y-dignidad-del-pueblo-sheinbaum-en-segundo-informe\\\/#breadcrumb\"},\"inLanguage\":\"es\",\"potentialAction\":[{\"@type\":\"ReadAction\",\"target\":[\"https:\\\/\\\/fuentesfidedignas.com.mx\\\/index.php\\\/2026\\\/09\\\/01\\\/aqui-no-hay-divisiones-hay-defensa-y-dignidad-del-pueblo-sheinbaum-en-segundo-informe\\\/\"]}]},{\"@type\":\"ImageObject\",\"inLanguage\":\"es\",\"@id\":\"https:\\\/\\\/fuentesfidedignas.com.mx\\\/index.php\\\/2026\\\/09\\\/01\\\/aqui-no-hay-divisiones-hay-defensa-y-dignidad-del-pueblo-sheinbaum-en-segundo-informe\\\/#primaryimage\",\"url\":\"https:\\\/\\\/fuentesfidedignas.com.mx\\\/wp-content\\\/uploads\\\/2026\\\/09\\\/cf7bfc0b-ccae-4c85-9d43-b5e87eec56f5.jpeg\",\"contentUrl\":\"https:\\\/\\\/fuentesfidedignas.com.mx\\\/wp-content\\\/uploads\\\/2026\\\/09\\\/cf7bfc0b-ccae-4c85-9d43-b5e87eec56f5.jpeg\",\"width\":1600,\"height\":1066},{\"@type\":\"BreadcrumbList\",\"@id\":\"https:\\\/\\\/fuentesfidedignas.com.mx\\\/index.php\\\/2026\\\/09\\\/01\\\/aqui-no-hay-divisiones-hay-defensa-y-dignidad-del-pueblo-sheinbaum-en-segundo-informe\\\/#breadcrumb\",\"itemListElement\":[{\"@type\":\"ListItem\",\"position\":1,\"name\":\"Inicio\",\"item\":\"https:\\\/\\\/fuentesfidedignas.com.mx\\\/\"},{\"@type\":\"ListItem\",\"position\":2,\"name\":\"\u201cAqu\u00ed no hay divisiones, hay defensa&nbsp; y dignidad del pueblo\u201d:&nbsp;Sheinbaum en Segundo Informe\"}]},{\"@type\":\"WebSite\",\"@id\":\"https:\\\/\\\/fuentesfidedignas.com.mx\\\/#website\",\"url\":\"https:\\\/\\\/fuentesfidedignas.com.mx\\\/\",\"name\":\"Fuentes Fidedignas\",\"description\":\"Otro sitio realizado con WordPress\",\"publisher\":{\"@id\":\"https:\\\/\\\/fuentesfidedignas.com.mx\\\/#organization\"},\"potentialAction\":[{\"@type\":\"SearchAction\",\"target\":{\"@type\":\"EntryPoint\",\"urlTemplate\":\"https:\\\/\\\/fuentesfidedignas.com.mx\\\/?s={search_term_string}\"},\"query-input\":{\"@type\":\"PropertyValueSpecification\",\"valueRequired\":true,\"valueName\":\"search_term_string\"}}],\"inLanguage\":\"es\"},{\"@type\":\"Organization\",\"@id\":\"https:\\\/\\\/fuentesfidedignas.com.mx\\\/#organization\",\"name\":\"Fuentes Fidedignas\",\"url\":\"https:\\\/\\\/fuentesfidedignas.com.mx\\\/\",\"logo\":{\"@type\":\"ImageObject\",\"inLanguage\":\"es\",\"@id\":\"https:\\\/\\\/fuentesfidedignas.com.mx\\\/#\\\/schema\\\/logo\\\/image\\\/\",\"url\":\"https:\\\/\\\/fuentesfidedignas.com.mx\\\/wp-content\\\/uploads\\\/2021\\\/04\\\/logo-retina.png\",\"contentUrl\":\"https:\\\/\\\/fuentesfidedignas.com.mx\\\/wp-content\\\/uploads\\\/2021\\\/04\\\/logo-retina.png\",\"width\":280,\"height\":51,\"caption\":\"Fuentes Fidedignas\"},\"image\":{\"@id\":\"https:\\\/\\\/fuentesfidedignas.com.mx\\\/#\\\/schema\\\/logo\\\/image\\\/\"},\"sameAs\":[\"https:\\\/\\\/www.facebook.com\\\/Fuentes-Fidedignas-368234489921644\",\"https:\\\/\\\/x.com\\\/fidedignas\"]},{\"@type\":\"Person\",\"@id\":\"https:\\\/\\\/fuentesfidedignas.com.mx\\\/#\\\/schema\\\/person\\\/87eacee4072e149fccc7de67f9634f35\",\"name\":\"La Jornada\",\"image\":{\"@type\":\"ImageObject\",\"inLanguage\":\"es\",\"@id\":\"https:\\\/\\\/secure.gravatar.com\\\/avatar\\\/2b09f15a418e222775ffd645761e3fcecd1fb9d7a38a3ba858adf349aab82c7c?s=96&d=mm&r=g\",\"url\":\"https:\\\/\\\/secure.gravatar.com\\\/avatar\\\/2b09f15a418e222775ffd645761e3fcecd1fb9d7a38a3ba858adf349aab82c7c?s=96&d=mm&r=g\",\"contentUrl\":\"https:\\\/\\\/secure.gravatar.com\\\/avatar\\\/2b09f15a418e222775ffd645761e3fcecd1fb9d7a38a3ba858adf349aab82c7c?s=96&d=mm&r=g\",\"caption\":\"La Jornada\"},\"url\":\"https:\\\/\\\/fuentesfidedignas.com.mx\\\/index.php\\\/author\\\/jornada\\\/\"}]}<\/script>\n<!-- \/ Yoast SEO plugin. -->","yoast_head_json":{"title":"\u201cAqu\u00ed no hay divisiones, hay defensa&nbsp; y dignidad del pueblo\u201d:&nbsp;Sheinbaum en Segundo Informe - Fuentes Fidedignas","robots":{"index":"index","follow":"follow","max-snippet":"max-snippet:-1","max-image-preview":"max-image-preview:large","max-video-preview":"max-video-preview:-1"},"canonical":"https:\/\/fuentesfidedignas.com.mx\/index.php\/2026\/09\/01\/aqui-no-hay-divisiones-hay-defensa-y-dignidad-del-pueblo-sheinbaum-en-segundo-informe\/","og_locale":"es_MX","og_type":"article","og_title":"\u201cAqu\u00ed no hay divisiones, hay defensa&nbsp; y dignidad del pueblo\u201d:&nbsp;Sheinbaum en Segundo Informe - Fuentes Fidedignas","og_description":"Ciudad de M\u00e9xico.&nbsp;Ante las recientes pol\u00edticas en las que se han visto involucrados actores del llamado movimiento de transformaci\u00f3n, la presidenta Claudia Sheinbaum Pardo enfatiz\u00f3 al concluir su Segundo Informe de Gobierno: &nbsp;\u201cSomos parte del proyecto de la cuarta transformaci\u00f3n de la vida p\u00fablica\u2026 Que nadie se equivoque, aqu\u00ed no hay divisiones, aqu\u00ed no hay [&hellip;]","og_url":"https:\/\/fuentesfidedignas.com.mx\/index.php\/2026\/09\/01\/aqui-no-hay-divisiones-hay-defensa-y-dignidad-del-pueblo-sheinbaum-en-segundo-informe\/","og_site_name":"Fuentes Fidedignas","article_publisher":"https:\/\/www.facebook.com\/Fuentes-Fidedignas-368234489921644","article_published_time":"2026-09-01T19:22:39+00:00","article_modified_time":"2026-09-01T19:26:56+00:00","og_image":[{"width":1600,"height":1066,"url":"https:\/\/fuentesfidedignas.com.mx\/wp-content\/uploads\/2026\/09\/cf7bfc0b-ccae-4c85-9d43-b5e87eec56f5.jpeg","type":"image\/jpeg"}],"author":"La Jornada","twitter_card":"summary_large_image","twitter_creator":"@fidedignas","twitter_site":"@fidedignas","twitter_misc":{"Escrito por":"La Jornada","Tiempo de lectura":"18 minutos"},"schema":{"@context":"https:\/\/schema.org","@graph":[{"@type":"Article","@id":"https:\/\/fuentesfidedignas.com.mx\/index.php\/2026\/09\/01\/aqui-no-hay-divisiones-hay-defensa-y-dignidad-del-pueblo-sheinbaum-en-segundo-informe\/#article","isPartOf":{"@id":"https:\/\/fuentesfidedignas.com.mx\/index.php\/2026\/09\/01\/aqui-no-hay-divisiones-hay-defensa-y-dignidad-del-pueblo-sheinbaum-en-segundo-informe\/"},"author":{"name":"La Jornada","@id":"https:\/\/fuentesfidedignas.com.mx\/#\/schema\/person\/87eacee4072e149fccc7de67f9634f35"},"headline":"\u201cAqu\u00ed no hay divisiones, hay defensa&nbsp; y dignidad del pueblo\u201d:&nbsp;Sheinbaum en Segundo Informe","datePublished":"2026-09-01T19:22:39+00:00","dateModified":"2026-09-01T19:26:56+00:00","mainEntityOfPage":{"@id":"https:\/\/fuentesfidedignas.com.mx\/index.php\/2026\/09\/01\/aqui-no-hay-divisiones-hay-defensa-y-dignidad-del-pueblo-sheinbaum-en-segundo-informe\/"},"wordCount":3586,"publisher":{"@id":"https:\/\/fuentesfidedignas.com.mx\/#organization"},"image":{"@id":"https:\/\/fuentesfidedignas.com.mx\/index.php\/2026\/09\/01\/aqui-no-hay-divisiones-hay-defensa-y-dignidad-del-pueblo-sheinbaum-en-segundo-informe\/#primaryimage"},"thumbnailUrl":"https:\/\/fuentesfidedignas.com.mx\/wp-content\/uploads\/2026\/09\/cf7bfc0b-ccae-4c85-9d43-b5e87eec56f5.jpeg","inLanguage":"es"},{"@type":"WebPage","@id":"https:\/\/fuentesfidedignas.com.mx\/index.php\/2026\/09\/01\/aqui-no-hay-divisiones-hay-defensa-y-dignidad-del-pueblo-sheinbaum-en-segundo-informe\/","url":"https:\/\/fuentesfidedignas.com.mx\/index.php\/2026\/09\/01\/aqui-no-hay-divisiones-hay-defensa-y-dignidad-del-pueblo-sheinbaum-en-segundo-informe\/","name":"\u201cAqu\u00ed no hay divisiones, hay defensa&nbsp; y dignidad del pueblo\u201d:&nbsp;Sheinbaum en Segundo Informe - Fuentes Fidedignas","isPartOf":{"@id":"https:\/\/fuentesfidedignas.com.mx\/#website"},"primaryImageOfPage":{"@id":"https:\/\/fuentesfidedignas.com.mx\/index.php\/2026\/09\/01\/aqui-no-hay-divisiones-hay-defensa-y-dignidad-del-pueblo-sheinbaum-en-segundo-informe\/#primaryimage"},"image":{"@id":"https:\/\/fuentesfidedignas.com.mx\/index.php\/2026\/09\/01\/aqui-no-hay-divisiones-hay-defensa-y-dignidad-del-pueblo-sheinbaum-en-segundo-informe\/#primaryimage"},"thumbnailUrl":"https:\/\/fuentesfidedignas.com.mx\/wp-content\/uploads\/2026\/09\/cf7bfc0b-ccae-4c85-9d43-b5e87eec56f5.jpeg","datePublished":"2026-09-01T19:22:39+00:00","dateModified":"2026-09-01T19:26:56+00:00","breadcrumb":{"@id":"https:\/\/fuentesfidedignas.com.mx\/index.php\/2026\/09\/01\/aqui-no-hay-divisiones-hay-defensa-y-dignidad-del-pueblo-sheinbaum-en-segundo-informe\/#breadcrumb"},"inLanguage":"es","potentialAction":[{"@type":"ReadAction","target":["https:\/\/fuentesfidedignas.com.mx\/index.php\/2026\/09\/01\/aqui-no-hay-divisiones-hay-defensa-y-dignidad-del-pueblo-sheinbaum-en-segundo-informe\/"]}]},{"@type":"ImageObject","inLanguage":"es","@id":"https:\/\/fuentesfidedignas.com.mx\/index.php\/2026\/09\/01\/aqui-no-hay-divisiones-hay-defensa-y-dignidad-del-pueblo-sheinbaum-en-segundo-informe\/#primaryimage","url":"https:\/\/fuentesfidedignas.com.mx\/wp-content\/uploads\/2026\/09\/cf7bfc0b-ccae-4c85-9d43-b5e87eec56f5.jpeg","contentUrl":"https:\/\/fuentesfidedignas.com.mx\/wp-content\/uploads\/2026\/09\/cf7bfc0b-ccae-4c85-9d43-b5e87eec56f5.jpeg","width":1600,"height":1066},{"@type":"BreadcrumbList","@id":"https:\/\/fuentesfidedignas.com.mx\/index.php\/2026\/09\/01\/aqui-no-hay-divisiones-hay-defensa-y-dignidad-del-pueblo-sheinbaum-en-segundo-informe\/#breadcrumb","itemListElement":[{"@type":"ListItem","position":1,"name":"Inicio","item":"https:\/\/fuentesfidedignas.com.mx\/"},{"@type":"ListItem","position":2,"name":"\u201cAqu\u00ed no hay divisiones, hay defensa&nbsp; y dignidad del pueblo\u201d:&nbsp;Sheinbaum en Segundo Informe"}]},{"@type":"WebSite","@id":"https:\/\/fuentesfidedignas.com.mx\/#website","url":"https:\/\/fuentesfidedignas.com.mx\/","name":"Fuentes Fidedignas","description":"Otro sitio realizado con WordPress","publisher":{"@id":"https:\/\/fuentesfidedignas.com.mx\/#organization"},"potentialAction":[{"@type":"SearchAction","target":{"@type":"EntryPoint","urlTemplate":"https:\/\/fuentesfidedignas.com.mx\/?s={search_term_string}"},"query-input":{"@type":"PropertyValueSpecification","valueRequired":true,"valueName":"search_term_string"}}],"inLanguage":"es"},{"@type":"Organization","@id":"https:\/\/fuentesfidedignas.com.mx\/#organization","name":"Fuentes Fidedignas","url":"https:\/\/fuentesfidedignas.com.mx\/","logo":{"@type":"ImageObject","inLanguage":"es","@id":"https:\/\/fuentesfidedignas.com.mx\/#\/schema\/logo\/image\/","url":"https:\/\/fuentesfidedignas.com.mx\/wp-content\/uploads\/2021\/04\/logo-retina.png","contentUrl":"https:\/\/fuentesfidedignas.com.mx\/wp-content\/uploads\/2021\/04\/logo-retina.png","width":280,"height":51,"caption":"Fuentes Fidedignas"},"image":{"@id":"https:\/\/fuentesfidedignas.com.mx\/#\/schema\/logo\/image\/"},"sameAs":["https:\/\/www.facebook.com\/Fuentes-Fidedignas-368234489921644","https:\/\/x.com\/fidedignas"]},{"@type":"Person","@id":"https:\/\/fuentesfidedignas.com.mx\/#\/schema\/person\/87eacee4072e149fccc7de67f9634f35","name":"La Jornada","image":{"@type":"ImageObject","inLanguage":"es","@id":"https:\/\/secure.gravatar.com\/avatar\/2b09f15a418e222775ffd645761e3fcecd1fb9d7a38a3ba858adf349aab82c7c?s=96&d=mm&r=g","url":"https:\/\/secure.gravatar.com\/avatar\/2b09f15a418e222775ffd645761e3fcecd1fb9d7a38a3ba858adf349aab82c7c?s=96&d=mm&r=g","contentUrl":"https:\/\/secure.gravatar.com\/avatar\/2b09f15a418e222775ffd645761e3fcecd1fb9d7a38a3ba858adf349aab82c7c?s=96&d=mm&r=g","caption":"La Jornada"},"url":"https:\/\/fuentesfidedignas.com.mx\/index.php\/author\/jornada\/"}]}},"_links":{"self":[{"href":"https:\/\/fuentesfidedignas.com.mx\/index.php\/wp-json\/wp\/v2\/posts\/141398","targetHints":{"allow":["GET"]}}],"collection":[{"href":"https:\/\/fuentesfidedignas.com.mx\/index.php\/wp-json\/wp\/v2\/posts"}],"about":[{"href":"https:\/\/fuentesfidedignas.com.mx\/index.php\/wp-json\/wp\/v2\/types\/post"}],"author":[{"embeddable":true,"href":"https:\/\/fuentesfidedignas.com.mx\/index.php\/wp-json\/wp\/v2\/users\/45"}],"replies":[{"embeddable":true,"href":"https:\/\/fuentesfidedignas.com.mx\/index.php\/wp-json\/wp\/v2\/comments?post=141398"}],"version-history":[{"count":1,"href":"https:\/\/fuentesfidedignas.com.mx\/index.php\/wp-json\/wp\/v2\/posts\/141398\/revisions"}],"predecessor-version":[{"id":141399,"href":"https:\/\/fuentesfidedignas.com.mx\/index.php\/wp-json\/wp\/v2\/posts\/141398\/revisions\/141399"}],"wp:featuredmedia":[{"embeddable":true,"href":"https:\/\/fuentesfidedignas.com.mx\/index.php\/wp-json\/wp\/v2\/media\/141401"}],"wp:attachment":[{"href":"https:\/\/fuentesfidedignas.com.mx\/index.php\/wp-json\/wp\/v2\/media?parent=141398"}],"wp:term":[{"taxonomy":"category","embeddable":true,"href":"https:\/\/fuentesfidedignas.com.mx\/index.php\/wp-json\/wp\/v2\/categories?post=141398"},{"taxonomy":"post_tag","embeddable":true,"href":"https:\/\/fuentesfidedignas.com.mx\/index.php\/wp-json\/wp\/v2\/tags?post=141398"}],"curies":[{"name":"wp","href":"https:\/\/api.w.org\/{rel}","templated":true}]}}