{"id":141384,"date":"2026-09-01T11:14:10","date_gmt":"2026-09-01T18:14:10","guid":{"rendered":"https:\/\/fuentesfidedignas.com.mx\/?p=141384"},"modified":"2026-09-01T11:14:15","modified_gmt":"2026-09-01T18:14:15","slug":"vinculan-a-proceso-a-dos-personas-por-su-probable-responsabilidad-en-el-delito-de-homicidio","status":"publish","type":"post","link":"https:\/\/fuentesfidedignas.com.mx\/index.php\/2026\/09\/01\/vinculan-a-proceso-a-dos-personas-por-su-probable-responsabilidad-en-el-delito-de-homicidio\/","title":{"rendered":"Vinculan a proceso a dos personas por su probable responsabilidad en el delito de homicidio"},"content":{"rendered":"\n<p class=\"wp-block-paragraph\"><strong><em>El Juez dict\u00f3 auto de vinculaci\u00f3n a proceso en contra de los imputados, a quienes impuso la medida cautelar de prisi\u00f3n preventiva oficiosa y fij\u00f3 un plazo de seis meses para el cierre de la investigaci\u00f3n complementaria.<\/em><\/strong><\/p>\n\n\n\n<p class=\"wp-block-paragraph\">Mazatl\u00e1n, Sin.- La Fiscal\u00eda General del Estado de Sinaloa, a trav\u00e9s de la Agencia del Ministerio P\u00fablico Especializada en Homicidio Doloso de la Regi\u00f3n Sur, obtuvo vinculaci\u00f3n a proceso en contra de V\u00edctor \u201cN\u201d y Eduardo \u201cN\u201d, por su probable responsabilidad en el delito de homicidio calificado cometido con premeditaci\u00f3n, ventaja y ensa\u00f1amiento.<\/p>\n\n\n\n<p class=\"wp-block-paragraph\">De acuerdo con la investigaci\u00f3n, los hechos se registraron el 23 de agosto de 2026 en el municipio de Elota, cuando una persona fue trasladada mediante enga\u00f1os desde su domicilio hacia un camino de terracer\u00eda, donde fue agredida con un objeto cortante, provoc\u00e1ndole lesiones que le causaron la muerte.<\/p>\n\n\n\n<p class=\"wp-block-paragraph\">Durante la continuaci\u00f3n de la audiencia inicial, el Juez dict\u00f3 auto de vinculaci\u00f3n a proceso en contra de los imputados, a quienes impuso la medida cautelar de prisi\u00f3n preventiva oficiosa y fij\u00f3 un plazo de seis meses para el cierre de la investigaci\u00f3n complementaria.<\/p>\n","protected":false},"excerpt":{"rendered":"<p>El Juez dict\u00f3 auto de vinculaci\u00f3n a proceso en contra de los imputados, a quienes impuso la medida cautelar de prisi\u00f3n preventiva oficiosa y fij\u00f3 un plazo de seis meses para el cierre de la investigaci\u00f3n complementaria. Mazatl\u00e1n, Sin.- La Fiscal\u00eda General del Estado de Sinaloa, a trav\u00e9s de la Agencia del Ministerio P\u00fablico Especializada [&hellip;]<\/p>\n","protected":false},"author":4,"featured_media":100820,"comment_status":"open","ping_status":"open","sticky":false,"template":"","format":"standard","meta":{"tdm_status":"","tdm_grid_status":"","footnotes":""},"categories":[38],"tags":[],"class_list":["post-141384","post","type-post","status-publish","format-standard","has-post-thumbnail","category-noticias-locales"],"yoast_head":"<!-- This site is optimized with the Yoast SEO plugin v28.3 - https:\/\/yoast.com\/product\/yoast-seo-wordpress\/ -->\n<title>Vinculan a proceso a dos personas por su probable responsabilidad en el delito de homicidio - Fuentes Fidedignas<\/title>\n<meta name=\"robots\" content=\"index, follow, max-snippet:-1, max-image-preview:large, max-video-preview:-1\" \/>\n<link rel=\"canonical\" href=\"https:\/\/fuentesfidedignas.com.mx\/index.php\/2026\/09\/01\/vinculan-a-proceso-a-dos-personas-por-su-probable-responsabilidad-en-el-delito-de-homicidio\/\" \/>\n<meta property=\"og:locale\" content=\"es_MX\" \/>\n<meta property=\"og:type\" content=\"article\" \/>\n<meta property=\"og:title\" content=\"Vinculan a proceso a dos personas por su probable responsabilidad en el delito de homicidio - Fuentes Fidedignas\" \/>\n<meta property=\"og:description\" content=\"El Juez dict\u00f3 auto de vinculaci\u00f3n a proceso en contra de los imputados, a quienes impuso la medida cautelar de prisi\u00f3n preventiva oficiosa y fij\u00f3 un plazo de seis meses para el cierre de la investigaci\u00f3n complementaria. Mazatl\u00e1n, Sin.- La Fiscal\u00eda General del Estado de Sinaloa, a trav\u00e9s de la Agencia del Ministerio P\u00fablico Especializada [&hellip;]\" \/>\n<meta property=\"og:url\" content=\"https:\/\/fuentesfidedignas.com.mx\/index.php\/2026\/09\/01\/vinculan-a-proceso-a-dos-personas-por-su-probable-responsabilidad-en-el-delito-de-homicidio\/\" \/>\n<meta property=\"og:site_name\" content=\"Fuentes Fidedignas\" \/>\n<meta property=\"article:publisher\" content=\"https:\/\/www.facebook.com\/Fuentes-Fidedignas-368234489921644\" \/>\n<meta property=\"article:published_time\" content=\"2026-09-01T18:14:10+00:00\" \/>\n<meta property=\"article:modified_time\" content=\"2026-09-01T18:14:15+00:00\" \/>\n<meta property=\"og:image\" content=\"https:\/\/fuentesfidedignas.com.mx\/wp-content\/uploads\/2025\/02\/mazo_juez.jpg\" \/>\n\t<meta property=\"og:image:width\" content=\"600\" \/>\n\t<meta property=\"og:image:height\" content=\"415\" \/>\n\t<meta property=\"og:image:type\" content=\"image\/jpeg\" \/>\n<meta name=\"author\" content=\"Redacci\u00f3n\" \/>\n<meta name=\"twitter:card\" content=\"summary_large_image\" \/>\n<meta name=\"twitter:creator\" content=\"@fidedignas\" \/>\n<meta name=\"twitter:site\" content=\"@fidedignas\" \/>\n<meta name=\"twitter:label1\" content=\"Escrito por\" \/>\n\t<meta name=\"twitter:data1\" content=\"Redacci\u00f3n\" \/>\n\t<meta name=\"twitter:label2\" content=\"Tiempo de lectura\" \/>\n\t<meta name=\"twitter:data2\" content=\"2 minutos\" \/>\n<script type=\"application\/ld+json\" class=\"yoast-schema-graph\">{\"@context\":\"https:\\\/\\\/schema.org\",\"@graph\":[{\"@type\":\"Article\",\"@id\":\"https:\\\/\\\/fuentesfidedignas.com.mx\\\/index.php\\\/2026\\\/09\\\/01\\\/vinculan-a-proceso-a-dos-personas-por-su-probable-responsabilidad-en-el-delito-de-homicidio\\\/#article\",\"isPartOf\":{\"@id\":\"https:\\\/\\\/fuentesfidedignas.com.mx\\\/index.php\\\/2026\\\/09\\\/01\\\/vinculan-a-proceso-a-dos-personas-por-su-probable-responsabilidad-en-el-delito-de-homicidio\\\/\"},\"author\":{\"name\":\"Redacci\u00f3n\",\"@id\":\"https:\\\/\\\/fuentesfidedignas.com.mx\\\/#\\\/schema\\\/person\\\/331be9283d37198e2acd5750279085b0\"},\"headline\":\"Vinculan a proceso a dos personas por su probable responsabilidad en el delito de homicidio\",\"datePublished\":\"2026-09-01T18:14:10+00:00\",\"dateModified\":\"2026-09-01T18:14:15+00:00\",\"mainEntityOfPage\":{\"@id\":\"https:\\\/\\\/fuentesfidedignas.com.mx\\\/index.php\\\/2026\\\/09\\\/01\\\/vinculan-a-proceso-a-dos-personas-por-su-probable-responsabilidad-en-el-delito-de-homicidio\\\/\"},\"wordCount\":217,\"commentCount\":0,\"publisher\":{\"@id\":\"https:\\\/\\\/fuentesfidedignas.com.mx\\\/#organization\"},\"image\":{\"@id\":\"https:\\\/\\\/fuentesfidedignas.com.mx\\\/index.php\\\/2026\\\/09\\\/01\\\/vinculan-a-proceso-a-dos-personas-por-su-probable-responsabilidad-en-el-delito-de-homicidio\\\/#primaryimage\"},\"thumbnailUrl\":\"https:\\\/\\\/fuentesfidedignas.com.mx\\\/wp-content\\\/uploads\\\/2025\\\/02\\\/mazo_juez.jpg\",\"articleSection\":[\"NOTICIAS LOCALES\"],\"inLanguage\":\"es\",\"potentialAction\":[{\"@type\":\"CommentAction\",\"name\":\"Comment\",\"target\":[\"https:\\\/\\\/fuentesfidedignas.com.mx\\\/index.php\\\/2026\\\/09\\\/01\\\/vinculan-a-proceso-a-dos-personas-por-su-probable-responsabilidad-en-el-delito-de-homicidio\\\/#respond\"]}]},{\"@type\":\"WebPage\",\"@id\":\"https:\\\/\\\/fuentesfidedignas.com.mx\\\/index.php\\\/2026\\\/09\\\/01\\\/vinculan-a-proceso-a-dos-personas-por-su-probable-responsabilidad-en-el-delito-de-homicidio\\\/\",\"url\":\"https:\\\/\\\/fuentesfidedignas.com.mx\\\/index.php\\\/2026\\\/09\\\/01\\\/vinculan-a-proceso-a-dos-personas-por-su-probable-responsabilidad-en-el-delito-de-homicidio\\\/\",\"name\":\"Vinculan a proceso a dos personas por su probable responsabilidad en el delito de homicidio - Fuentes Fidedignas\",\"isPartOf\":{\"@id\":\"https:\\\/\\\/fuentesfidedignas.com.mx\\\/#website\"},\"primaryImageOfPage\":{\"@id\":\"https:\\\/\\\/fuentesfidedignas.com.mx\\\/index.php\\\/2026\\\/09\\\/01\\\/vinculan-a-proceso-a-dos-personas-por-su-probable-responsabilidad-en-el-delito-de-homicidio\\\/#primaryimage\"},\"image\":{\"@id\":\"https:\\\/\\\/fuentesfidedignas.com.mx\\\/index.php\\\/2026\\\/09\\\/01\\\/vinculan-a-proceso-a-dos-personas-por-su-probable-responsabilidad-en-el-delito-de-homicidio\\\/#primaryimage\"},\"thumbnailUrl\":\"https:\\\/\\\/fuentesfidedignas.com.mx\\\/wp-content\\\/uploads\\\/2025\\\/02\\\/mazo_juez.jpg\",\"datePublished\":\"2026-09-01T18:14:10+00:00\",\"dateModified\":\"2026-09-01T18:14:15+00:00\",\"breadcrumb\":{\"@id\":\"https:\\\/\\\/fuentesfidedignas.com.mx\\\/index.php\\\/2026\\\/09\\\/01\\\/vinculan-a-proceso-a-dos-personas-por-su-probable-responsabilidad-en-el-delito-de-homicidio\\\/#breadcrumb\"},\"inLanguage\":\"es\",\"potentialAction\":[{\"@type\":\"ReadAction\",\"target\":[\"https:\\\/\\\/fuentesfidedignas.com.mx\\\/index.php\\\/2026\\\/09\\\/01\\\/vinculan-a-proceso-a-dos-personas-por-su-probable-responsabilidad-en-el-delito-de-homicidio\\\/\"]}]},{\"@type\":\"ImageObject\",\"inLanguage\":\"es\",\"@id\":\"https:\\\/\\\/fuentesfidedignas.com.mx\\\/index.php\\\/2026\\\/09\\\/01\\\/vinculan-a-proceso-a-dos-personas-por-su-probable-responsabilidad-en-el-delito-de-homicidio\\\/#primaryimage\",\"url\":\"https:\\\/\\\/fuentesfidedignas.com.mx\\\/wp-content\\\/uploads\\\/2025\\\/02\\\/mazo_juez.jpg\",\"contentUrl\":\"https:\\\/\\\/fuentesfidedignas.com.mx\\\/wp-content\\\/uploads\\\/2025\\\/02\\\/mazo_juez.jpg\",\"width\":600,\"height\":415},{\"@type\":\"BreadcrumbList\",\"@id\":\"https:\\\/\\\/fuentesfidedignas.com.mx\\\/index.php\\\/2026\\\/09\\\/01\\\/vinculan-a-proceso-a-dos-personas-por-su-probable-responsabilidad-en-el-delito-de-homicidio\\\/#breadcrumb\",\"itemListElement\":[{\"@type\":\"ListItem\",\"position\":1,\"name\":\"Inicio\",\"item\":\"https:\\\/\\\/fuentesfidedignas.com.mx\\\/\"},{\"@type\":\"ListItem\",\"position\":2,\"name\":\"Vinculan a proceso a dos personas por su probable responsabilidad en el delito de homicidio\"}]},{\"@type\":\"WebSite\",\"@id\":\"https:\\\/\\\/fuentesfidedignas.com.mx\\\/#website\",\"url\":\"https:\\\/\\\/fuentesfidedignas.com.mx\\\/\",\"name\":\"Fuentes Fidedignas\",\"description\":\"Otro sitio realizado con WordPress\",\"publisher\":{\"@id\":\"https:\\\/\\\/fuentesfidedignas.com.mx\\\/#organization\"},\"potentialAction\":[{\"@type\":\"SearchAction\",\"target\":{\"@type\":\"EntryPoint\",\"urlTemplate\":\"https:\\\/\\\/fuentesfidedignas.com.mx\\\/?s={search_term_string}\"},\"query-input\":{\"@type\":\"PropertyValueSpecification\",\"valueRequired\":true,\"valueName\":\"search_term_string\"}}],\"inLanguage\":\"es\"},{\"@type\":\"Organization\",\"@id\":\"https:\\\/\\\/fuentesfidedignas.com.mx\\\/#organization\",\"name\":\"Fuentes Fidedignas\",\"url\":\"https:\\\/\\\/fuentesfidedignas.com.mx\\\/\",\"logo\":{\"@type\":\"ImageObject\",\"inLanguage\":\"es\",\"@id\":\"https:\\\/\\\/fuentesfidedignas.com.mx\\\/#\\\/schema\\\/logo\\\/image\\\/\",\"url\":\"https:\\\/\\\/fuentesfidedignas.com.mx\\\/wp-content\\\/uploads\\\/2021\\\/04\\\/logo-retina.png\",\"contentUrl\":\"https:\\\/\\\/fuentesfidedignas.com.mx\\\/wp-content\\\/uploads\\\/2021\\\/04\\\/logo-retina.png\",\"width\":280,\"height\":51,\"caption\":\"Fuentes Fidedignas\"},\"image\":{\"@id\":\"https:\\\/\\\/fuentesfidedignas.com.mx\\\/#\\\/schema\\\/logo\\\/image\\\/\"},\"sameAs\":[\"https:\\\/\\\/www.facebook.com\\\/Fuentes-Fidedignas-368234489921644\",\"https:\\\/\\\/x.com\\\/fidedignas\"]},{\"@type\":\"Person\",\"@id\":\"https:\\\/\\\/fuentesfidedignas.com.mx\\\/#\\\/schema\\\/person\\\/331be9283d37198e2acd5750279085b0\",\"name\":\"Redacci\u00f3n\",\"image\":{\"@type\":\"ImageObject\",\"inLanguage\":\"es\",\"@id\":\"https:\\\/\\\/secure.gravatar.com\\\/avatar\\\/f6d8782c11d12b2d4ad3fbb6931aeab5309937a4d6cd2fc9cfaa28a6396a5aec?s=96&d=mm&r=g\",\"url\":\"https:\\\/\\\/secure.gravatar.com\\\/avatar\\\/f6d8782c11d12b2d4ad3fbb6931aeab5309937a4d6cd2fc9cfaa28a6396a5aec?s=96&d=mm&r=g\",\"contentUrl\":\"https:\\\/\\\/secure.gravatar.com\\\/avatar\\\/f6d8782c11d12b2d4ad3fbb6931aeab5309937a4d6cd2fc9cfaa28a6396a5aec?s=96&d=mm&r=g\",\"caption\":\"Redacci\u00f3n\"},\"url\":\"https:\\\/\\\/fuentesfidedignas.com.mx\\\/index.php\\\/author\\\/redaccion\\\/\"}]}<\/script>\n<!-- \/ Yoast SEO plugin. -->","yoast_head_json":{"title":"Vinculan a proceso a dos personas por su probable responsabilidad en el delito de homicidio - Fuentes Fidedignas","robots":{"index":"index","follow":"follow","max-snippet":"max-snippet:-1","max-image-preview":"max-image-preview:large","max-video-preview":"max-video-preview:-1"},"canonical":"https:\/\/fuentesfidedignas.com.mx\/index.php\/2026\/09\/01\/vinculan-a-proceso-a-dos-personas-por-su-probable-responsabilidad-en-el-delito-de-homicidio\/","og_locale":"es_MX","og_type":"article","og_title":"Vinculan a proceso a dos personas por su probable responsabilidad en el delito de homicidio - Fuentes Fidedignas","og_description":"El Juez dict\u00f3 auto de vinculaci\u00f3n a proceso en contra de los imputados, a quienes impuso la medida cautelar de prisi\u00f3n preventiva oficiosa y fij\u00f3 un plazo de seis meses para el cierre de la investigaci\u00f3n complementaria. Mazatl\u00e1n, Sin.- La Fiscal\u00eda General del Estado de Sinaloa, a trav\u00e9s de la Agencia del Ministerio P\u00fablico Especializada [&hellip;]","og_url":"https:\/\/fuentesfidedignas.com.mx\/index.php\/2026\/09\/01\/vinculan-a-proceso-a-dos-personas-por-su-probable-responsabilidad-en-el-delito-de-homicidio\/","og_site_name":"Fuentes Fidedignas","article_publisher":"https:\/\/www.facebook.com\/Fuentes-Fidedignas-368234489921644","article_published_time":"2026-09-01T18:14:10+00:00","article_modified_time":"2026-09-01T18:14:15+00:00","og_image":[{"width":600,"height":415,"url":"https:\/\/fuentesfidedignas.com.mx\/wp-content\/uploads\/2025\/02\/mazo_juez.jpg","type":"image\/jpeg"}],"author":"Redacci\u00f3n","twitter_card":"summary_large_image","twitter_creator":"@fidedignas","twitter_site":"@fidedignas","twitter_misc":{"Escrito por":"Redacci\u00f3n","Tiempo de lectura":"2 minutos"},"schema":{"@context":"https:\/\/schema.org","@graph":[{"@type":"Article","@id":"https:\/\/fuentesfidedignas.com.mx\/index.php\/2026\/09\/01\/vinculan-a-proceso-a-dos-personas-por-su-probable-responsabilidad-en-el-delito-de-homicidio\/#article","isPartOf":{"@id":"https:\/\/fuentesfidedignas.com.mx\/index.php\/2026\/09\/01\/vinculan-a-proceso-a-dos-personas-por-su-probable-responsabilidad-en-el-delito-de-homicidio\/"},"author":{"name":"Redacci\u00f3n","@id":"https:\/\/fuentesfidedignas.com.mx\/#\/schema\/person\/331be9283d37198e2acd5750279085b0"},"headline":"Vinculan a proceso a dos personas por su probable responsabilidad en el delito de homicidio","datePublished":"2026-09-01T18:14:10+00:00","dateModified":"2026-09-01T18:14:15+00:00","mainEntityOfPage":{"@id":"https:\/\/fuentesfidedignas.com.mx\/index.php\/2026\/09\/01\/vinculan-a-proceso-a-dos-personas-por-su-probable-responsabilidad-en-el-delito-de-homicidio\/"},"wordCount":217,"commentCount":0,"publisher":{"@id":"https:\/\/fuentesfidedignas.com.mx\/#organization"},"image":{"@id":"https:\/\/fuentesfidedignas.com.mx\/index.php\/2026\/09\/01\/vinculan-a-proceso-a-dos-personas-por-su-probable-responsabilidad-en-el-delito-de-homicidio\/#primaryimage"},"thumbnailUrl":"https:\/\/fuentesfidedignas.com.mx\/wp-content\/uploads\/2025\/02\/mazo_juez.jpg","articleSection":["NOTICIAS LOCALES"],"inLanguage":"es","potentialAction":[{"@type":"CommentAction","name":"Comment","target":["https:\/\/fuentesfidedignas.com.mx\/index.php\/2026\/09\/01\/vinculan-a-proceso-a-dos-personas-por-su-probable-responsabilidad-en-el-delito-de-homicidio\/#respond"]}]},{"@type":"WebPage","@id":"https:\/\/fuentesfidedignas.com.mx\/index.php\/2026\/09\/01\/vinculan-a-proceso-a-dos-personas-por-su-probable-responsabilidad-en-el-delito-de-homicidio\/","url":"https:\/\/fuentesfidedignas.com.mx\/index.php\/2026\/09\/01\/vinculan-a-proceso-a-dos-personas-por-su-probable-responsabilidad-en-el-delito-de-homicidio\/","name":"Vinculan a proceso a dos personas por su probable responsabilidad en el delito de homicidio - Fuentes Fidedignas","isPartOf":{"@id":"https:\/\/fuentesfidedignas.com.mx\/#website"},"primaryImageOfPage":{"@id":"https:\/\/fuentesfidedignas.com.mx\/index.php\/2026\/09\/01\/vinculan-a-proceso-a-dos-personas-por-su-probable-responsabilidad-en-el-delito-de-homicidio\/#primaryimage"},"image":{"@id":"https:\/\/fuentesfidedignas.com.mx\/index.php\/2026\/09\/01\/vinculan-a-proceso-a-dos-personas-por-su-probable-responsabilidad-en-el-delito-de-homicidio\/#primaryimage"},"thumbnailUrl":"https:\/\/fuentesfidedignas.com.mx\/wp-content\/uploads\/2025\/02\/mazo_juez.jpg","datePublished":"2026-09-01T18:14:10+00:00","dateModified":"2026-09-01T18:14:15+00:00","breadcrumb":{"@id":"https:\/\/fuentesfidedignas.com.mx\/index.php\/2026\/09\/01\/vinculan-a-proceso-a-dos-personas-por-su-probable-responsabilidad-en-el-delito-de-homicidio\/#breadcrumb"},"inLanguage":"es","potentialAction":[{"@type":"ReadAction","target":["https:\/\/fuentesfidedignas.com.mx\/index.php\/2026\/09\/01\/vinculan-a-proceso-a-dos-personas-por-su-probable-responsabilidad-en-el-delito-de-homicidio\/"]}]},{"@type":"ImageObject","inLanguage":"es","@id":"https:\/\/fuentesfidedignas.com.mx\/index.php\/2026\/09\/01\/vinculan-a-proceso-a-dos-personas-por-su-probable-responsabilidad-en-el-delito-de-homicidio\/#primaryimage","url":"https:\/\/fuentesfidedignas.com.mx\/wp-content\/uploads\/2025\/02\/mazo_juez.jpg","contentUrl":"https:\/\/fuentesfidedignas.com.mx\/wp-content\/uploads\/2025\/02\/mazo_juez.jpg","width":600,"height":415},{"@type":"BreadcrumbList","@id":"https:\/\/fuentesfidedignas.com.mx\/index.php\/2026\/09\/01\/vinculan-a-proceso-a-dos-personas-por-su-probable-responsabilidad-en-el-delito-de-homicidio\/#breadcrumb","itemListElement":[{"@type":"ListItem","position":1,"name":"Inicio","item":"https:\/\/fuentesfidedignas.com.mx\/"},{"@type":"ListItem","position":2,"name":"Vinculan a proceso a dos personas por su probable responsabilidad en el delito de homicidio"}]},{"@type":"WebSite","@id":"https:\/\/fuentesfidedignas.com.mx\/#website","url":"https:\/\/fuentesfidedignas.com.mx\/","name":"Fuentes Fidedignas","description":"Otro sitio realizado con WordPress","publisher":{"@id":"https:\/\/fuentesfidedignas.com.mx\/#organization"},"potentialAction":[{"@type":"SearchAction","target":{"@type":"EntryPoint","urlTemplate":"https:\/\/fuentesfidedignas.com.mx\/?s={search_term_string}"},"query-input":{"@type":"PropertyValueSpecification","valueRequired":true,"valueName":"search_term_string"}}],"inLanguage":"es"},{"@type":"Organization","@id":"https:\/\/fuentesfidedignas.com.mx\/#organization","name":"Fuentes Fidedignas","url":"https:\/\/fuentesfidedignas.com.mx\/","logo":{"@type":"ImageObject","inLanguage":"es","@id":"https:\/\/fuentesfidedignas.com.mx\/#\/schema\/logo\/image\/","url":"https:\/\/fuentesfidedignas.com.mx\/wp-content\/uploads\/2021\/04\/logo-retina.png","contentUrl":"https:\/\/fuentesfidedignas.com.mx\/wp-content\/uploads\/2021\/04\/logo-retina.png","width":280,"height":51,"caption":"Fuentes Fidedignas"},"image":{"@id":"https:\/\/fuentesfidedignas.com.mx\/#\/schema\/logo\/image\/"},"sameAs":["https:\/\/www.facebook.com\/Fuentes-Fidedignas-368234489921644","https:\/\/x.com\/fidedignas"]},{"@type":"Person","@id":"https:\/\/fuentesfidedignas.com.mx\/#\/schema\/person\/331be9283d37198e2acd5750279085b0","name":"Redacci\u00f3n","image":{"@type":"ImageObject","inLanguage":"es","@id":"https:\/\/secure.gravatar.com\/avatar\/f6d8782c11d12b2d4ad3fbb6931aeab5309937a4d6cd2fc9cfaa28a6396a5aec?s=96&d=mm&r=g","url":"https:\/\/secure.gravatar.com\/avatar\/f6d8782c11d12b2d4ad3fbb6931aeab5309937a4d6cd2fc9cfaa28a6396a5aec?s=96&d=mm&r=g","contentUrl":"https:\/\/secure.gravatar.com\/avatar\/f6d8782c11d12b2d4ad3fbb6931aeab5309937a4d6cd2fc9cfaa28a6396a5aec?s=96&d=mm&r=g","caption":"Redacci\u00f3n"},"url":"https:\/\/fuentesfidedignas.com.mx\/index.php\/author\/redaccion\/"}]}},"_links":{"self":[{"href":"https:\/\/fuentesfidedignas.com.mx\/index.php\/wp-json\/wp\/v2\/posts\/141384","targetHints":{"allow":["GET"]}}],"collection":[{"href":"https:\/\/fuentesfidedignas.com.mx\/index.php\/wp-json\/wp\/v2\/posts"}],"about":[{"href":"https:\/\/fuentesfidedignas.com.mx\/index.php\/wp-json\/wp\/v2\/types\/post"}],"author":[{"embeddable":true,"href":"https:\/\/fuentesfidedignas.com.mx\/index.php\/wp-json\/wp\/v2\/users\/4"}],"replies":[{"embeddable":true,"href":"https:\/\/fuentesfidedignas.com.mx\/index.php\/wp-json\/wp\/v2\/comments?post=141384"}],"version-history":[{"count":1,"href":"https:\/\/fuentesfidedignas.com.mx\/index.php\/wp-json\/wp\/v2\/posts\/141384\/revisions"}],"predecessor-version":[{"id":141385,"href":"https:\/\/fuentesfidedignas.com.mx\/index.php\/wp-json\/wp\/v2\/posts\/141384\/revisions\/141385"}],"wp:featuredmedia":[{"embeddable":true,"href":"https:\/\/fuentesfidedignas.com.mx\/index.php\/wp-json\/wp\/v2\/media\/100820"}],"wp:attachment":[{"href":"https:\/\/fuentesfidedignas.com.mx\/index.php\/wp-json\/wp\/v2\/media?parent=141384"}],"wp:term":[{"taxonomy":"category","embeddable":true,"href":"https:\/\/fuentesfidedignas.com.mx\/index.php\/wp-json\/wp\/v2\/categories?post=141384"},{"taxonomy":"post_tag","embeddable":true,"href":"https:\/\/fuentesfidedignas.com.mx\/index.php\/wp-json\/wp\/v2\/tags?post=141384"}],"curies":[{"name":"wp","href":"https:\/\/api.w.org\/{rel}","templated":true}]}}