{"id":141376,"date":"2026-09-01T08:28:48","date_gmt":"2026-09-01T15:28:48","guid":{"rendered":"https:\/\/fuentesfidedignas.com.mx\/?p=141376"},"modified":"2026-09-01T08:28:48","modified_gmt":"2026-09-01T15:28:48","slug":"donde-ver-el-segundo-informe-de-gobierno-de-la-presidenta-sheinbaum","status":"publish","type":"post","link":"https:\/\/fuentesfidedignas.com.mx\/index.php\/2026\/09\/01\/donde-ver-el-segundo-informe-de-gobierno-de-la-presidenta-sheinbaum\/","title":{"rendered":"\u00bfD\u00f3nde ver el Segundo Informe de Gobierno de la presidenta Sheinbaum?"},"content":{"rendered":"\n<p class=\"wp-block-paragraph\"><strong><em>Ent\u00e9rate de todos los detalles sobre la hora, lugar y canales en los que se podr\u00e1 ver en vivo el recuento de los avances de sus dos a\u00f1os al frente del pa\u00eds<\/em><\/strong><\/p>\n\n\n\n<p class=\"wp-block-paragraph\">La presidenta Claudia Sheinbaum Pardo rendir\u00e1 su Segundo Informe de Gobierno este martes 1 de septiembre, en el que dar\u00e1 a conocer&nbsp;el estado de la administraci\u00f3n p\u00fablica federal en diversos \u00e1mbitos como el de&nbsp;la salud, la econom\u00eda, el empleo, la seguridad, la educaci\u00f3n y los programas del bienestar.<\/p>\n\n\n\n<p class=\"wp-block-paragraph\">Ent\u00e9rate de todos los detalles sobre la hora, lugar y medios donde se podr\u00e1 ver en vivo el recuento de los avances de sus dos a\u00f1os al frente del pa\u00eds.<\/p>\n\n\n\n<h2 class=\"wp-block-heading\">\u00bfD\u00f3nde y a&nbsp;qu\u00e9 hora es el Segundo Informe de Sheinbaum?<\/h2>\n\n\n\n<p class=\"wp-block-paragraph\">El Segundo Informe&nbsp;se realizar\u00e1 a las 11:00 horas en&nbsp;Palacio Nacional, y acudir\u00e1n&nbsp;gobernadores y legisladores. Se podr\u00e1 ver en diversos canales de&nbsp;televisi\u00f3n abierta, al igual que en las redes sociales oficiales&nbsp;del Gobierno mexicano:<\/p>\n\n\n\n<ul class=\"wp-block-list\">\n<li>Canales de televisi\u00f3n abierta: Once,\u00a014 y\u00a0\u00a022<\/li>\n\n\n\n<li>Youtube:\u00a0<a href=\"https:\/\/www.youtube.com\/@gobiernodemexico\">https:\/\/www.youtube.com\/@gobiernodemexico<\/a>y\u00a0<a href=\"https:\/\/www.youtube.com\/@ClaudiaSheinbaumP\/streams\">https:\/\/www.youtube.com\/@ClaudiaSheinbaumP\/streams<\/a>\u00a0<\/li>\n\n\n\n<li>X:\u00a0<a href=\"https:\/\/x.com\/GobiernoMX\">https:\/\/x.com\/GobiernoMX<\/a>\u00a0 y\u00a0<a href=\"https:\/\/x.com\/Claudiashein\">https:\/\/x.com\/Claudiashein<\/a><\/li>\n\n\n\n<li>Facebook:\u00a0<a href=\"https:\/\/www.facebook.com\/gobmexico\">https:\/\/www.facebook.com\/gobmexico<\/a><\/li>\n<\/ul>\n\n\n\n<p class=\"wp-block-paragraph\">Sigue el Segundo Informe de Sheinbaum a trav\u00e9s de&nbsp;los canales de&nbsp;<strong>El Heraldo de M\u00e9xico<\/strong>:&nbsp;<a href=\"https:\/\/www.youtube.com\/@elheraldodemexico\">https:\/\/www.youtube.com\/@elheraldodemexico<\/a>&nbsp;<\/p>\n\n\n\n<h2 class=\"wp-block-heading\">\u00bfEl 1 de septiembre es feriado por el Segundo Informe?<\/h2>\n\n\n\n<p class=\"wp-block-paragraph\">Las clases iniciaron el lunes 31 de agosto y este martes 1 de septiembre se llevar\u00e1n a cabo con normalidad en el pa\u00eds, adem\u00e1s&nbsp;es un d\u00eda laborable tanto en el sector p\u00fablico como privado.<\/p>\n\n\n\n<p class=\"wp-block-paragraph\">Esta fecha no est\u00e1 establecida como d\u00eda de descanso obligatorio en la Ley Federal del Trabajo.<\/p>\n\n\n\n<h2 class=\"wp-block-heading\">\u00bfPor qu\u00e9 el informe presidencial se presenta el 1 de septiembre?<\/h2>\n\n\n\n<p class=\"wp-block-paragraph\">De acuerdo con el art\u00edculo 69 de la Constituci\u00f3n de 1917, el o la presidenta de M\u00e9xico&nbsp;debe rendir su informe en la apertura de sesiones ordinarias del Congreso.<\/p>\n\n\n\n<p class=\"wp-block-paragraph\">En el documento que la titular del Ejecutivo federal env\u00eda al Congreso de la Uni\u00f3n, se detalla el estado general de la administraci\u00f3n p\u00fablica de M\u00e9xico, en diversos rubros, tales como la seguridad, la&nbsp;pol\u00edtica, la econom\u00eda, la salud, educaci\u00f3n, entre otros.<\/p>\n","protected":false},"excerpt":{"rendered":"<p>Ent\u00e9rate de todos los detalles sobre la hora, lugar y canales en los que se podr\u00e1 ver en vivo el recuento de los avances de sus dos a\u00f1os al frente del pa\u00eds La presidenta Claudia Sheinbaum Pardo rendir\u00e1 su Segundo Informe de Gobierno este martes 1 de septiembre, en el que dar\u00e1 a conocer&nbsp;el estado [&hellip;]<\/p>\n","protected":false},"author":37,"featured_media":141375,"comment_status":"closed","ping_status":"open","sticky":false,"template":"","format":"standard","meta":{"tdm_status":"","tdm_grid_status":"","footnotes":""},"categories":[39],"tags":[],"class_list":["post-141376","post","type-post","status-publish","format-standard","has-post-thumbnail","category-noticias-nacionales"],"yoast_head":"<!-- This site is optimized with the Yoast SEO plugin v28.3 - https:\/\/yoast.com\/product\/yoast-seo-wordpress\/ -->\n<title>\u00bfD\u00f3nde ver el Segundo Informe de Gobierno de la presidenta Sheinbaum? - Fuentes Fidedignas<\/title>\n<meta name=\"robots\" content=\"index, follow, max-snippet:-1, max-image-preview:large, max-video-preview:-1\" \/>\n<link rel=\"canonical\" href=\"https:\/\/fuentesfidedignas.com.mx\/index.php\/2026\/09\/01\/donde-ver-el-segundo-informe-de-gobierno-de-la-presidenta-sheinbaum\/\" \/>\n<meta property=\"og:locale\" content=\"es_MX\" \/>\n<meta property=\"og:type\" content=\"article\" \/>\n<meta property=\"og:title\" content=\"\u00bfD\u00f3nde ver el Segundo Informe de Gobierno de la presidenta Sheinbaum? - Fuentes Fidedignas\" \/>\n<meta property=\"og:description\" content=\"Ent\u00e9rate de todos los detalles sobre la hora, lugar y canales en los que se podr\u00e1 ver en vivo el recuento de los avances de sus dos a\u00f1os al frente del pa\u00eds La presidenta Claudia Sheinbaum Pardo rendir\u00e1 su Segundo Informe de Gobierno este martes 1 de septiembre, en el que dar\u00e1 a conocer&nbsp;el estado [&hellip;]\" \/>\n<meta property=\"og:url\" content=\"https:\/\/fuentesfidedignas.com.mx\/index.php\/2026\/09\/01\/donde-ver-el-segundo-informe-de-gobierno-de-la-presidenta-sheinbaum\/\" \/>\n<meta property=\"og:site_name\" content=\"Fuentes Fidedignas\" \/>\n<meta property=\"article:publisher\" content=\"https:\/\/www.facebook.com\/Fuentes-Fidedignas-368234489921644\" \/>\n<meta property=\"article:published_time\" content=\"2026-09-01T15:28:48+00:00\" \/>\n<meta property=\"og:image\" content=\"https:\/\/fuentesfidedignas.com.mx\/wp-content\/uploads\/2026\/09\/img_6464.jpeg\" \/>\n\t<meta property=\"og:image:width\" content=\"414\" \/>\n\t<meta property=\"og:image:height\" content=\"232\" \/>\n\t<meta property=\"og:image:type\" content=\"image\/jpeg\" \/>\n<meta name=\"author\" content=\"Heraldo de M\u00e9xico\" \/>\n<meta name=\"twitter:card\" content=\"summary_large_image\" \/>\n<meta name=\"twitter:creator\" content=\"@fidedignas\" \/>\n<meta name=\"twitter:site\" content=\"@fidedignas\" \/>\n<meta name=\"twitter:label1\" content=\"Escrito por\" \/>\n\t<meta name=\"twitter:data1\" content=\"Heraldo de M\u00e9xico\" \/>\n\t<meta name=\"twitter:label2\" content=\"Tiempo de lectura\" \/>\n\t<meta name=\"twitter:data2\" content=\"2 minutos\" \/>\n<script type=\"application\/ld+json\" class=\"yoast-schema-graph\">{\"@context\":\"https:\\\/\\\/schema.org\",\"@graph\":[{\"@type\":\"Article\",\"@id\":\"https:\\\/\\\/fuentesfidedignas.com.mx\\\/index.php\\\/2026\\\/09\\\/01\\\/donde-ver-el-segundo-informe-de-gobierno-de-la-presidenta-sheinbaum\\\/#article\",\"isPartOf\":{\"@id\":\"https:\\\/\\\/fuentesfidedignas.com.mx\\\/index.php\\\/2026\\\/09\\\/01\\\/donde-ver-el-segundo-informe-de-gobierno-de-la-presidenta-sheinbaum\\\/\"},\"author\":{\"name\":\"Heraldo de M\u00e9xico\",\"@id\":\"https:\\\/\\\/fuentesfidedignas.com.mx\\\/#\\\/schema\\\/person\\\/1c75a595e538894333ebe35c2bf6e23a\"},\"headline\":\"\u00bfD\u00f3nde ver el Segundo Informe de Gobierno de la presidenta Sheinbaum?\",\"datePublished\":\"2026-09-01T15:28:48+00:00\",\"mainEntityOfPage\":{\"@id\":\"https:\\\/\\\/fuentesfidedignas.com.mx\\\/index.php\\\/2026\\\/09\\\/01\\\/donde-ver-el-segundo-informe-de-gobierno-de-la-presidenta-sheinbaum\\\/\"},\"wordCount\":410,\"publisher\":{\"@id\":\"https:\\\/\\\/fuentesfidedignas.com.mx\\\/#organization\"},\"image\":{\"@id\":\"https:\\\/\\\/fuentesfidedignas.com.mx\\\/index.php\\\/2026\\\/09\\\/01\\\/donde-ver-el-segundo-informe-de-gobierno-de-la-presidenta-sheinbaum\\\/#primaryimage\"},\"thumbnailUrl\":\"https:\\\/\\\/fuentesfidedignas.com.mx\\\/wp-content\\\/uploads\\\/2026\\\/09\\\/img_6464.jpeg\",\"articleSection\":[\"NOTICIAS NACIONALES\"],\"inLanguage\":\"es\"},{\"@type\":\"WebPage\",\"@id\":\"https:\\\/\\\/fuentesfidedignas.com.mx\\\/index.php\\\/2026\\\/09\\\/01\\\/donde-ver-el-segundo-informe-de-gobierno-de-la-presidenta-sheinbaum\\\/\",\"url\":\"https:\\\/\\\/fuentesfidedignas.com.mx\\\/index.php\\\/2026\\\/09\\\/01\\\/donde-ver-el-segundo-informe-de-gobierno-de-la-presidenta-sheinbaum\\\/\",\"name\":\"\u00bfD\u00f3nde ver el Segundo Informe de Gobierno de la presidenta Sheinbaum? - Fuentes Fidedignas\",\"isPartOf\":{\"@id\":\"https:\\\/\\\/fuentesfidedignas.com.mx\\\/#website\"},\"primaryImageOfPage\":{\"@id\":\"https:\\\/\\\/fuentesfidedignas.com.mx\\\/index.php\\\/2026\\\/09\\\/01\\\/donde-ver-el-segundo-informe-de-gobierno-de-la-presidenta-sheinbaum\\\/#primaryimage\"},\"image\":{\"@id\":\"https:\\\/\\\/fuentesfidedignas.com.mx\\\/index.php\\\/2026\\\/09\\\/01\\\/donde-ver-el-segundo-informe-de-gobierno-de-la-presidenta-sheinbaum\\\/#primaryimage\"},\"thumbnailUrl\":\"https:\\\/\\\/fuentesfidedignas.com.mx\\\/wp-content\\\/uploads\\\/2026\\\/09\\\/img_6464.jpeg\",\"datePublished\":\"2026-09-01T15:28:48+00:00\",\"breadcrumb\":{\"@id\":\"https:\\\/\\\/fuentesfidedignas.com.mx\\\/index.php\\\/2026\\\/09\\\/01\\\/donde-ver-el-segundo-informe-de-gobierno-de-la-presidenta-sheinbaum\\\/#breadcrumb\"},\"inLanguage\":\"es\",\"potentialAction\":[{\"@type\":\"ReadAction\",\"target\":[\"https:\\\/\\\/fuentesfidedignas.com.mx\\\/index.php\\\/2026\\\/09\\\/01\\\/donde-ver-el-segundo-informe-de-gobierno-de-la-presidenta-sheinbaum\\\/\"]}]},{\"@type\":\"ImageObject\",\"inLanguage\":\"es\",\"@id\":\"https:\\\/\\\/fuentesfidedignas.com.mx\\\/index.php\\\/2026\\\/09\\\/01\\\/donde-ver-el-segundo-informe-de-gobierno-de-la-presidenta-sheinbaum\\\/#primaryimage\",\"url\":\"https:\\\/\\\/fuentesfidedignas.com.mx\\\/wp-content\\\/uploads\\\/2026\\\/09\\\/img_6464.jpeg\",\"contentUrl\":\"https:\\\/\\\/fuentesfidedignas.com.mx\\\/wp-content\\\/uploads\\\/2026\\\/09\\\/img_6464.jpeg\",\"width\":414,\"height\":232},{\"@type\":\"BreadcrumbList\",\"@id\":\"https:\\\/\\\/fuentesfidedignas.com.mx\\\/index.php\\\/2026\\\/09\\\/01\\\/donde-ver-el-segundo-informe-de-gobierno-de-la-presidenta-sheinbaum\\\/#breadcrumb\",\"itemListElement\":[{\"@type\":\"ListItem\",\"position\":1,\"name\":\"Inicio\",\"item\":\"https:\\\/\\\/fuentesfidedignas.com.mx\\\/\"},{\"@type\":\"ListItem\",\"position\":2,\"name\":\"\u00bfD\u00f3nde ver el Segundo Informe de Gobierno de la presidenta Sheinbaum?\"}]},{\"@type\":\"WebSite\",\"@id\":\"https:\\\/\\\/fuentesfidedignas.com.mx\\\/#website\",\"url\":\"https:\\\/\\\/fuentesfidedignas.com.mx\\\/\",\"name\":\"Fuentes Fidedignas\",\"description\":\"Otro sitio realizado con WordPress\",\"publisher\":{\"@id\":\"https:\\\/\\\/fuentesfidedignas.com.mx\\\/#organization\"},\"potentialAction\":[{\"@type\":\"SearchAction\",\"target\":{\"@type\":\"EntryPoint\",\"urlTemplate\":\"https:\\\/\\\/fuentesfidedignas.com.mx\\\/?s={search_term_string}\"},\"query-input\":{\"@type\":\"PropertyValueSpecification\",\"valueRequired\":true,\"valueName\":\"search_term_string\"}}],\"inLanguage\":\"es\"},{\"@type\":\"Organization\",\"@id\":\"https:\\\/\\\/fuentesfidedignas.com.mx\\\/#organization\",\"name\":\"Fuentes Fidedignas\",\"url\":\"https:\\\/\\\/fuentesfidedignas.com.mx\\\/\",\"logo\":{\"@type\":\"ImageObject\",\"inLanguage\":\"es\",\"@id\":\"https:\\\/\\\/fuentesfidedignas.com.mx\\\/#\\\/schema\\\/logo\\\/image\\\/\",\"url\":\"https:\\\/\\\/fuentesfidedignas.com.mx\\\/wp-content\\\/uploads\\\/2021\\\/04\\\/logo-retina.png\",\"contentUrl\":\"https:\\\/\\\/fuentesfidedignas.com.mx\\\/wp-content\\\/uploads\\\/2021\\\/04\\\/logo-retina.png\",\"width\":280,\"height\":51,\"caption\":\"Fuentes Fidedignas\"},\"image\":{\"@id\":\"https:\\\/\\\/fuentesfidedignas.com.mx\\\/#\\\/schema\\\/logo\\\/image\\\/\"},\"sameAs\":[\"https:\\\/\\\/www.facebook.com\\\/Fuentes-Fidedignas-368234489921644\",\"https:\\\/\\\/x.com\\\/fidedignas\"]},{\"@type\":\"Person\",\"@id\":\"https:\\\/\\\/fuentesfidedignas.com.mx\\\/#\\\/schema\\\/person\\\/1c75a595e538894333ebe35c2bf6e23a\",\"name\":\"Heraldo de M\u00e9xico\",\"image\":{\"@type\":\"ImageObject\",\"inLanguage\":\"es\",\"@id\":\"https:\\\/\\\/secure.gravatar.com\\\/avatar\\\/6a6c40de68e5cf2d8aac15267bd2dad2b9fdeb309dac7c5a7c2bb87ed5b81cb6?s=96&d=mm&r=g\",\"url\":\"https:\\\/\\\/secure.gravatar.com\\\/avatar\\\/6a6c40de68e5cf2d8aac15267bd2dad2b9fdeb309dac7c5a7c2bb87ed5b81cb6?s=96&d=mm&r=g\",\"contentUrl\":\"https:\\\/\\\/secure.gravatar.com\\\/avatar\\\/6a6c40de68e5cf2d8aac15267bd2dad2b9fdeb309dac7c5a7c2bb87ed5b81cb6?s=96&d=mm&r=g\",\"caption\":\"Heraldo de M\u00e9xico\"},\"url\":\"https:\\\/\\\/fuentesfidedignas.com.mx\\\/index.php\\\/author\\\/heraldo\\\/\"}]}<\/script>\n<!-- \/ Yoast SEO plugin. -->","yoast_head_json":{"title":"\u00bfD\u00f3nde ver el Segundo Informe de Gobierno de la presidenta Sheinbaum? - Fuentes Fidedignas","robots":{"index":"index","follow":"follow","max-snippet":"max-snippet:-1","max-image-preview":"max-image-preview:large","max-video-preview":"max-video-preview:-1"},"canonical":"https:\/\/fuentesfidedignas.com.mx\/index.php\/2026\/09\/01\/donde-ver-el-segundo-informe-de-gobierno-de-la-presidenta-sheinbaum\/","og_locale":"es_MX","og_type":"article","og_title":"\u00bfD\u00f3nde ver el Segundo Informe de Gobierno de la presidenta Sheinbaum? - Fuentes Fidedignas","og_description":"Ent\u00e9rate de todos los detalles sobre la hora, lugar y canales en los que se podr\u00e1 ver en vivo el recuento de los avances de sus dos a\u00f1os al frente del pa\u00eds La presidenta Claudia Sheinbaum Pardo rendir\u00e1 su Segundo Informe de Gobierno este martes 1 de septiembre, en el que dar\u00e1 a conocer&nbsp;el estado [&hellip;]","og_url":"https:\/\/fuentesfidedignas.com.mx\/index.php\/2026\/09\/01\/donde-ver-el-segundo-informe-de-gobierno-de-la-presidenta-sheinbaum\/","og_site_name":"Fuentes Fidedignas","article_publisher":"https:\/\/www.facebook.com\/Fuentes-Fidedignas-368234489921644","article_published_time":"2026-09-01T15:28:48+00:00","og_image":[{"width":414,"height":232,"url":"https:\/\/fuentesfidedignas.com.mx\/wp-content\/uploads\/2026\/09\/img_6464.jpeg","type":"image\/jpeg"}],"author":"Heraldo de M\u00e9xico","twitter_card":"summary_large_image","twitter_creator":"@fidedignas","twitter_site":"@fidedignas","twitter_misc":{"Escrito por":"Heraldo de M\u00e9xico","Tiempo de lectura":"2 minutos"},"schema":{"@context":"https:\/\/schema.org","@graph":[{"@type":"Article","@id":"https:\/\/fuentesfidedignas.com.mx\/index.php\/2026\/09\/01\/donde-ver-el-segundo-informe-de-gobierno-de-la-presidenta-sheinbaum\/#article","isPartOf":{"@id":"https:\/\/fuentesfidedignas.com.mx\/index.php\/2026\/09\/01\/donde-ver-el-segundo-informe-de-gobierno-de-la-presidenta-sheinbaum\/"},"author":{"name":"Heraldo de M\u00e9xico","@id":"https:\/\/fuentesfidedignas.com.mx\/#\/schema\/person\/1c75a595e538894333ebe35c2bf6e23a"},"headline":"\u00bfD\u00f3nde ver el Segundo Informe de Gobierno de la presidenta Sheinbaum?","datePublished":"2026-09-01T15:28:48+00:00","mainEntityOfPage":{"@id":"https:\/\/fuentesfidedignas.com.mx\/index.php\/2026\/09\/01\/donde-ver-el-segundo-informe-de-gobierno-de-la-presidenta-sheinbaum\/"},"wordCount":410,"publisher":{"@id":"https:\/\/fuentesfidedignas.com.mx\/#organization"},"image":{"@id":"https:\/\/fuentesfidedignas.com.mx\/index.php\/2026\/09\/01\/donde-ver-el-segundo-informe-de-gobierno-de-la-presidenta-sheinbaum\/#primaryimage"},"thumbnailUrl":"https:\/\/fuentesfidedignas.com.mx\/wp-content\/uploads\/2026\/09\/img_6464.jpeg","articleSection":["NOTICIAS NACIONALES"],"inLanguage":"es"},{"@type":"WebPage","@id":"https:\/\/fuentesfidedignas.com.mx\/index.php\/2026\/09\/01\/donde-ver-el-segundo-informe-de-gobierno-de-la-presidenta-sheinbaum\/","url":"https:\/\/fuentesfidedignas.com.mx\/index.php\/2026\/09\/01\/donde-ver-el-segundo-informe-de-gobierno-de-la-presidenta-sheinbaum\/","name":"\u00bfD\u00f3nde ver el Segundo Informe de Gobierno de la presidenta Sheinbaum? - Fuentes Fidedignas","isPartOf":{"@id":"https:\/\/fuentesfidedignas.com.mx\/#website"},"primaryImageOfPage":{"@id":"https:\/\/fuentesfidedignas.com.mx\/index.php\/2026\/09\/01\/donde-ver-el-segundo-informe-de-gobierno-de-la-presidenta-sheinbaum\/#primaryimage"},"image":{"@id":"https:\/\/fuentesfidedignas.com.mx\/index.php\/2026\/09\/01\/donde-ver-el-segundo-informe-de-gobierno-de-la-presidenta-sheinbaum\/#primaryimage"},"thumbnailUrl":"https:\/\/fuentesfidedignas.com.mx\/wp-content\/uploads\/2026\/09\/img_6464.jpeg","datePublished":"2026-09-01T15:28:48+00:00","breadcrumb":{"@id":"https:\/\/fuentesfidedignas.com.mx\/index.php\/2026\/09\/01\/donde-ver-el-segundo-informe-de-gobierno-de-la-presidenta-sheinbaum\/#breadcrumb"},"inLanguage":"es","potentialAction":[{"@type":"ReadAction","target":["https:\/\/fuentesfidedignas.com.mx\/index.php\/2026\/09\/01\/donde-ver-el-segundo-informe-de-gobierno-de-la-presidenta-sheinbaum\/"]}]},{"@type":"ImageObject","inLanguage":"es","@id":"https:\/\/fuentesfidedignas.com.mx\/index.php\/2026\/09\/01\/donde-ver-el-segundo-informe-de-gobierno-de-la-presidenta-sheinbaum\/#primaryimage","url":"https:\/\/fuentesfidedignas.com.mx\/wp-content\/uploads\/2026\/09\/img_6464.jpeg","contentUrl":"https:\/\/fuentesfidedignas.com.mx\/wp-content\/uploads\/2026\/09\/img_6464.jpeg","width":414,"height":232},{"@type":"BreadcrumbList","@id":"https:\/\/fuentesfidedignas.com.mx\/index.php\/2026\/09\/01\/donde-ver-el-segundo-informe-de-gobierno-de-la-presidenta-sheinbaum\/#breadcrumb","itemListElement":[{"@type":"ListItem","position":1,"name":"Inicio","item":"https:\/\/fuentesfidedignas.com.mx\/"},{"@type":"ListItem","position":2,"name":"\u00bfD\u00f3nde ver el Segundo Informe de Gobierno de la presidenta Sheinbaum?"}]},{"@type":"WebSite","@id":"https:\/\/fuentesfidedignas.com.mx\/#website","url":"https:\/\/fuentesfidedignas.com.mx\/","name":"Fuentes Fidedignas","description":"Otro sitio realizado con WordPress","publisher":{"@id":"https:\/\/fuentesfidedignas.com.mx\/#organization"},"potentialAction":[{"@type":"SearchAction","target":{"@type":"EntryPoint","urlTemplate":"https:\/\/fuentesfidedignas.com.mx\/?s={search_term_string}"},"query-input":{"@type":"PropertyValueSpecification","valueRequired":true,"valueName":"search_term_string"}}],"inLanguage":"es"},{"@type":"Organization","@id":"https:\/\/fuentesfidedignas.com.mx\/#organization","name":"Fuentes Fidedignas","url":"https:\/\/fuentesfidedignas.com.mx\/","logo":{"@type":"ImageObject","inLanguage":"es","@id":"https:\/\/fuentesfidedignas.com.mx\/#\/schema\/logo\/image\/","url":"https:\/\/fuentesfidedignas.com.mx\/wp-content\/uploads\/2021\/04\/logo-retina.png","contentUrl":"https:\/\/fuentesfidedignas.com.mx\/wp-content\/uploads\/2021\/04\/logo-retina.png","width":280,"height":51,"caption":"Fuentes Fidedignas"},"image":{"@id":"https:\/\/fuentesfidedignas.com.mx\/#\/schema\/logo\/image\/"},"sameAs":["https:\/\/www.facebook.com\/Fuentes-Fidedignas-368234489921644","https:\/\/x.com\/fidedignas"]},{"@type":"Person","@id":"https:\/\/fuentesfidedignas.com.mx\/#\/schema\/person\/1c75a595e538894333ebe35c2bf6e23a","name":"Heraldo de M\u00e9xico","image":{"@type":"ImageObject","inLanguage":"es","@id":"https:\/\/secure.gravatar.com\/avatar\/6a6c40de68e5cf2d8aac15267bd2dad2b9fdeb309dac7c5a7c2bb87ed5b81cb6?s=96&d=mm&r=g","url":"https:\/\/secure.gravatar.com\/avatar\/6a6c40de68e5cf2d8aac15267bd2dad2b9fdeb309dac7c5a7c2bb87ed5b81cb6?s=96&d=mm&r=g","contentUrl":"https:\/\/secure.gravatar.com\/avatar\/6a6c40de68e5cf2d8aac15267bd2dad2b9fdeb309dac7c5a7c2bb87ed5b81cb6?s=96&d=mm&r=g","caption":"Heraldo de M\u00e9xico"},"url":"https:\/\/fuentesfidedignas.com.mx\/index.php\/author\/heraldo\/"}]}},"_links":{"self":[{"href":"https:\/\/fuentesfidedignas.com.mx\/index.php\/wp-json\/wp\/v2\/posts\/141376","targetHints":{"allow":["GET"]}}],"collection":[{"href":"https:\/\/fuentesfidedignas.com.mx\/index.php\/wp-json\/wp\/v2\/posts"}],"about":[{"href":"https:\/\/fuentesfidedignas.com.mx\/index.php\/wp-json\/wp\/v2\/types\/post"}],"author":[{"embeddable":true,"href":"https:\/\/fuentesfidedignas.com.mx\/index.php\/wp-json\/wp\/v2\/users\/37"}],"replies":[{"embeddable":true,"href":"https:\/\/fuentesfidedignas.com.mx\/index.php\/wp-json\/wp\/v2\/comments?post=141376"}],"version-history":[{"count":1,"href":"https:\/\/fuentesfidedignas.com.mx\/index.php\/wp-json\/wp\/v2\/posts\/141376\/revisions"}],"predecessor-version":[{"id":141377,"href":"https:\/\/fuentesfidedignas.com.mx\/index.php\/wp-json\/wp\/v2\/posts\/141376\/revisions\/141377"}],"wp:featuredmedia":[{"embeddable":true,"href":"https:\/\/fuentesfidedignas.com.mx\/index.php\/wp-json\/wp\/v2\/media\/141375"}],"wp:attachment":[{"href":"https:\/\/fuentesfidedignas.com.mx\/index.php\/wp-json\/wp\/v2\/media?parent=141376"}],"wp:term":[{"taxonomy":"category","embeddable":true,"href":"https:\/\/fuentesfidedignas.com.mx\/index.php\/wp-json\/wp\/v2\/categories?post=141376"},{"taxonomy":"post_tag","embeddable":true,"href":"https:\/\/fuentesfidedignas.com.mx\/index.php\/wp-json\/wp\/v2\/tags?post=141376"}],"curies":[{"name":"wp","href":"https:\/\/api.w.org\/{rel}","templated":true}]}}