{"id":141370,"date":"2026-09-01T06:59:43","date_gmt":"2026-09-01T13:59:43","guid":{"rendered":"https:\/\/fuentesfidedignas.com.mx\/?p=141370"},"modified":"2026-09-01T06:59:48","modified_gmt":"2026-09-01T13:59:48","slug":"sheinbaum-ofrece-hoy-mensaje-en-palacio-por-su-segundo-informe","status":"publish","type":"post","link":"https:\/\/fuentesfidedignas.com.mx\/index.php\/2026\/09\/01\/sheinbaum-ofrece-hoy-mensaje-en-palacio-por-su-segundo-informe\/","title":{"rendered":"Sheinbaum ofrece hoy mensaje en Palacio por su segundo Informe"},"content":{"rendered":"\n<p class=\"wp-block-paragraph\"><strong><em>Hoy a las 11 de la ma\u00f1ana, la presidenta Claudia Sheinbaum realizar\u00e1 un acto en Palacio Nacional con motivo de su segundo Informe de gobierno, el cual ser\u00e1 entregado en la tarde al Congreso de la Uni\u00f3n por la secretaria de Gobernaci\u00f3n, Rosa Icela Rodr\u00edguez.<\/em><\/strong><\/p>\n\n\n\n<p class=\"wp-block-paragraph\">Hoy a las 11 de la ma\u00f1ana, la presidenta Claudia Sheinbaum realizar\u00e1 un acto en Palacio Nacional con motivo de su segundo Informe de gobierno, el cual ser\u00e1 entregado en la tarde al Congreso de la Uni\u00f3n por la secretaria de Gobernaci\u00f3n, Rosa Icela Rodr\u00edguez.<\/p>\n\n\n\n<p class=\"wp-block-paragraph\">Conforme a los acuerdos de la Junta de Coordinaci\u00f3n Pol\u00edtica (Jucopo) de la C\u00e1mara de Diputados, en la sesi\u00f3n de Congreso General, citada a las 17 horas, se har\u00e1 la declaratoria de inicio del primer periodo del \u00faltimo a\u00f1o de la 66 legislatura.<\/p>\n\n\n\n<p class=\"wp-block-paragraph\">Enseguida, se abrir\u00e1 un receso para recibir el Informe por parte de la funcionaria; se prev\u00e9 la intervenci\u00f3n de un legislador por cada uno de los seis partidos representados en el Congreso, y posteriormente un mensaje del presidente de la C\u00e1mara de Diputados, Ra\u00fal Bola\u00f1os Cacho (PVEM).<\/p>\n\n\n\n<p class=\"wp-block-paragraph\">Al concluir la sesi\u00f3n, la C\u00e1mara convocar\u00e1 de inmediato a sesi\u00f3n ordinaria; todav\u00eda hasta anoche los diputados defin\u00edan los temas a discutir. Uno de los primeros acuerdos ser\u00e1 la convocatoria a la glosa del Informe.<\/p>\n\n\n\n<p class=\"wp-block-paragraph\">La Jucopo tambi\u00e9n aprob\u00f3 una sesi\u00f3n semipresencial para ma\u00f1ana, donde se desahogar\u00e1 una ronda de iniciativas y una efem\u00e9ride por el D\u00eda Internacional de la Mujer Ind\u00edgena.<\/p>\n","protected":false},"excerpt":{"rendered":"<p>Hoy a las 11 de la ma\u00f1ana, la presidenta Claudia Sheinbaum realizar\u00e1 un acto en Palacio Nacional con motivo de su segundo Informe de gobierno, el cual ser\u00e1 entregado en la tarde al Congreso de la Uni\u00f3n por la secretaria de Gobernaci\u00f3n, Rosa Icela Rodr\u00edguez. Hoy a las 11 de la ma\u00f1ana, la presidenta Claudia [&hellip;]<\/p>\n","protected":false},"author":45,"featured_media":137106,"comment_status":"open","ping_status":"open","sticky":false,"template":"","format":"standard","meta":{"tdm_status":"","tdm_grid_status":"","footnotes":""},"categories":[39],"tags":[],"class_list":["post-141370","post","type-post","status-publish","format-standard","has-post-thumbnail","category-noticias-nacionales"],"yoast_head":"<!-- This site is optimized with the Yoast SEO plugin v28.3 - https:\/\/yoast.com\/product\/yoast-seo-wordpress\/ -->\n<title>Sheinbaum ofrece hoy mensaje en Palacio por su segundo Informe - Fuentes Fidedignas<\/title>\n<meta name=\"robots\" content=\"index, follow, max-snippet:-1, max-image-preview:large, max-video-preview:-1\" \/>\n<link rel=\"canonical\" href=\"https:\/\/fuentesfidedignas.com.mx\/index.php\/2026\/09\/01\/sheinbaum-ofrece-hoy-mensaje-en-palacio-por-su-segundo-informe\/\" \/>\n<meta property=\"og:locale\" content=\"es_MX\" \/>\n<meta property=\"og:type\" content=\"article\" \/>\n<meta property=\"og:title\" content=\"Sheinbaum ofrece hoy mensaje en Palacio por su segundo Informe - Fuentes Fidedignas\" \/>\n<meta property=\"og:description\" content=\"Hoy a las 11 de la ma\u00f1ana, la presidenta Claudia Sheinbaum realizar\u00e1 un acto en Palacio Nacional con motivo de su segundo Informe de gobierno, el cual ser\u00e1 entregado en la tarde al Congreso de la Uni\u00f3n por la secretaria de Gobernaci\u00f3n, Rosa Icela Rodr\u00edguez. Hoy a las 11 de la ma\u00f1ana, la presidenta Claudia [&hellip;]\" \/>\n<meta property=\"og:url\" content=\"https:\/\/fuentesfidedignas.com.mx\/index.php\/2026\/09\/01\/sheinbaum-ofrece-hoy-mensaje-en-palacio-por-su-segundo-informe\/\" \/>\n<meta property=\"og:site_name\" content=\"Fuentes Fidedignas\" \/>\n<meta property=\"article:publisher\" content=\"https:\/\/www.facebook.com\/Fuentes-Fidedignas-368234489921644\" \/>\n<meta property=\"article:published_time\" content=\"2026-09-01T13:59:43+00:00\" \/>\n<meta property=\"article:modified_time\" content=\"2026-09-01T13:59:48+00:00\" \/>\n<meta property=\"og:image\" content=\"https:\/\/fuentesfidedignas.com.mx\/wp-content\/uploads\/2026\/07\/img_6188.jpeg\" \/>\n\t<meta property=\"og:image:width\" content=\"1200\" \/>\n\t<meta property=\"og:image:height\" content=\"740\" \/>\n\t<meta property=\"og:image:type\" content=\"image\/jpeg\" \/>\n<meta name=\"author\" content=\"La Jornada\" \/>\n<meta name=\"twitter:card\" content=\"summary_large_image\" \/>\n<meta name=\"twitter:creator\" content=\"@fidedignas\" \/>\n<meta name=\"twitter:site\" content=\"@fidedignas\" \/>\n<meta name=\"twitter:label1\" content=\"Escrito por\" \/>\n\t<meta name=\"twitter:data1\" content=\"La Jornada\" \/>\n\t<meta name=\"twitter:label2\" content=\"Tiempo de lectura\" \/>\n\t<meta name=\"twitter:data2\" content=\"2 minutos\" \/>\n<script type=\"application\/ld+json\" class=\"yoast-schema-graph\">{\"@context\":\"https:\\\/\\\/schema.org\",\"@graph\":[{\"@type\":\"Article\",\"@id\":\"https:\\\/\\\/fuentesfidedignas.com.mx\\\/index.php\\\/2026\\\/09\\\/01\\\/sheinbaum-ofrece-hoy-mensaje-en-palacio-por-su-segundo-informe\\\/#article\",\"isPartOf\":{\"@id\":\"https:\\\/\\\/fuentesfidedignas.com.mx\\\/index.php\\\/2026\\\/09\\\/01\\\/sheinbaum-ofrece-hoy-mensaje-en-palacio-por-su-segundo-informe\\\/\"},\"author\":{\"name\":\"La Jornada\",\"@id\":\"https:\\\/\\\/fuentesfidedignas.com.mx\\\/#\\\/schema\\\/person\\\/87eacee4072e149fccc7de67f9634f35\"},\"headline\":\"Sheinbaum ofrece hoy mensaje en Palacio por su segundo Informe\",\"datePublished\":\"2026-09-01T13:59:43+00:00\",\"dateModified\":\"2026-09-01T13:59:48+00:00\",\"mainEntityOfPage\":{\"@id\":\"https:\\\/\\\/fuentesfidedignas.com.mx\\\/index.php\\\/2026\\\/09\\\/01\\\/sheinbaum-ofrece-hoy-mensaje-en-palacio-por-su-segundo-informe\\\/\"},\"wordCount\":276,\"commentCount\":0,\"publisher\":{\"@id\":\"https:\\\/\\\/fuentesfidedignas.com.mx\\\/#organization\"},\"image\":{\"@id\":\"https:\\\/\\\/fuentesfidedignas.com.mx\\\/index.php\\\/2026\\\/09\\\/01\\\/sheinbaum-ofrece-hoy-mensaje-en-palacio-por-su-segundo-informe\\\/#primaryimage\"},\"thumbnailUrl\":\"https:\\\/\\\/fuentesfidedignas.com.mx\\\/wp-content\\\/uploads\\\/2026\\\/07\\\/img_6188.jpeg\",\"articleSection\":[\"NOTICIAS NACIONALES\"],\"inLanguage\":\"es\",\"potentialAction\":[{\"@type\":\"CommentAction\",\"name\":\"Comment\",\"target\":[\"https:\\\/\\\/fuentesfidedignas.com.mx\\\/index.php\\\/2026\\\/09\\\/01\\\/sheinbaum-ofrece-hoy-mensaje-en-palacio-por-su-segundo-informe\\\/#respond\"]}]},{\"@type\":\"WebPage\",\"@id\":\"https:\\\/\\\/fuentesfidedignas.com.mx\\\/index.php\\\/2026\\\/09\\\/01\\\/sheinbaum-ofrece-hoy-mensaje-en-palacio-por-su-segundo-informe\\\/\",\"url\":\"https:\\\/\\\/fuentesfidedignas.com.mx\\\/index.php\\\/2026\\\/09\\\/01\\\/sheinbaum-ofrece-hoy-mensaje-en-palacio-por-su-segundo-informe\\\/\",\"name\":\"Sheinbaum ofrece hoy mensaje en Palacio por su segundo Informe - Fuentes Fidedignas\",\"isPartOf\":{\"@id\":\"https:\\\/\\\/fuentesfidedignas.com.mx\\\/#website\"},\"primaryImageOfPage\":{\"@id\":\"https:\\\/\\\/fuentesfidedignas.com.mx\\\/index.php\\\/2026\\\/09\\\/01\\\/sheinbaum-ofrece-hoy-mensaje-en-palacio-por-su-segundo-informe\\\/#primaryimage\"},\"image\":{\"@id\":\"https:\\\/\\\/fuentesfidedignas.com.mx\\\/index.php\\\/2026\\\/09\\\/01\\\/sheinbaum-ofrece-hoy-mensaje-en-palacio-por-su-segundo-informe\\\/#primaryimage\"},\"thumbnailUrl\":\"https:\\\/\\\/fuentesfidedignas.com.mx\\\/wp-content\\\/uploads\\\/2026\\\/07\\\/img_6188.jpeg\",\"datePublished\":\"2026-09-01T13:59:43+00:00\",\"dateModified\":\"2026-09-01T13:59:48+00:00\",\"breadcrumb\":{\"@id\":\"https:\\\/\\\/fuentesfidedignas.com.mx\\\/index.php\\\/2026\\\/09\\\/01\\\/sheinbaum-ofrece-hoy-mensaje-en-palacio-por-su-segundo-informe\\\/#breadcrumb\"},\"inLanguage\":\"es\",\"potentialAction\":[{\"@type\":\"ReadAction\",\"target\":[\"https:\\\/\\\/fuentesfidedignas.com.mx\\\/index.php\\\/2026\\\/09\\\/01\\\/sheinbaum-ofrece-hoy-mensaje-en-palacio-por-su-segundo-informe\\\/\"]}]},{\"@type\":\"ImageObject\",\"inLanguage\":\"es\",\"@id\":\"https:\\\/\\\/fuentesfidedignas.com.mx\\\/index.php\\\/2026\\\/09\\\/01\\\/sheinbaum-ofrece-hoy-mensaje-en-palacio-por-su-segundo-informe\\\/#primaryimage\",\"url\":\"https:\\\/\\\/fuentesfidedignas.com.mx\\\/wp-content\\\/uploads\\\/2026\\\/07\\\/img_6188.jpeg\",\"contentUrl\":\"https:\\\/\\\/fuentesfidedignas.com.mx\\\/wp-content\\\/uploads\\\/2026\\\/07\\\/img_6188.jpeg\",\"width\":1200,\"height\":740},{\"@type\":\"BreadcrumbList\",\"@id\":\"https:\\\/\\\/fuentesfidedignas.com.mx\\\/index.php\\\/2026\\\/09\\\/01\\\/sheinbaum-ofrece-hoy-mensaje-en-palacio-por-su-segundo-informe\\\/#breadcrumb\",\"itemListElement\":[{\"@type\":\"ListItem\",\"position\":1,\"name\":\"Inicio\",\"item\":\"https:\\\/\\\/fuentesfidedignas.com.mx\\\/\"},{\"@type\":\"ListItem\",\"position\":2,\"name\":\"Sheinbaum ofrece hoy mensaje en Palacio por su segundo Informe\"}]},{\"@type\":\"WebSite\",\"@id\":\"https:\\\/\\\/fuentesfidedignas.com.mx\\\/#website\",\"url\":\"https:\\\/\\\/fuentesfidedignas.com.mx\\\/\",\"name\":\"Fuentes Fidedignas\",\"description\":\"Otro sitio realizado con WordPress\",\"publisher\":{\"@id\":\"https:\\\/\\\/fuentesfidedignas.com.mx\\\/#organization\"},\"potentialAction\":[{\"@type\":\"SearchAction\",\"target\":{\"@type\":\"EntryPoint\",\"urlTemplate\":\"https:\\\/\\\/fuentesfidedignas.com.mx\\\/?s={search_term_string}\"},\"query-input\":{\"@type\":\"PropertyValueSpecification\",\"valueRequired\":true,\"valueName\":\"search_term_string\"}}],\"inLanguage\":\"es\"},{\"@type\":\"Organization\",\"@id\":\"https:\\\/\\\/fuentesfidedignas.com.mx\\\/#organization\",\"name\":\"Fuentes Fidedignas\",\"url\":\"https:\\\/\\\/fuentesfidedignas.com.mx\\\/\",\"logo\":{\"@type\":\"ImageObject\",\"inLanguage\":\"es\",\"@id\":\"https:\\\/\\\/fuentesfidedignas.com.mx\\\/#\\\/schema\\\/logo\\\/image\\\/\",\"url\":\"https:\\\/\\\/fuentesfidedignas.com.mx\\\/wp-content\\\/uploads\\\/2021\\\/04\\\/logo-retina.png\",\"contentUrl\":\"https:\\\/\\\/fuentesfidedignas.com.mx\\\/wp-content\\\/uploads\\\/2021\\\/04\\\/logo-retina.png\",\"width\":280,\"height\":51,\"caption\":\"Fuentes Fidedignas\"},\"image\":{\"@id\":\"https:\\\/\\\/fuentesfidedignas.com.mx\\\/#\\\/schema\\\/logo\\\/image\\\/\"},\"sameAs\":[\"https:\\\/\\\/www.facebook.com\\\/Fuentes-Fidedignas-368234489921644\",\"https:\\\/\\\/x.com\\\/fidedignas\"]},{\"@type\":\"Person\",\"@id\":\"https:\\\/\\\/fuentesfidedignas.com.mx\\\/#\\\/schema\\\/person\\\/87eacee4072e149fccc7de67f9634f35\",\"name\":\"La Jornada\",\"image\":{\"@type\":\"ImageObject\",\"inLanguage\":\"es\",\"@id\":\"https:\\\/\\\/secure.gravatar.com\\\/avatar\\\/2b09f15a418e222775ffd645761e3fcecd1fb9d7a38a3ba858adf349aab82c7c?s=96&d=mm&r=g\",\"url\":\"https:\\\/\\\/secure.gravatar.com\\\/avatar\\\/2b09f15a418e222775ffd645761e3fcecd1fb9d7a38a3ba858adf349aab82c7c?s=96&d=mm&r=g\",\"contentUrl\":\"https:\\\/\\\/secure.gravatar.com\\\/avatar\\\/2b09f15a418e222775ffd645761e3fcecd1fb9d7a38a3ba858adf349aab82c7c?s=96&d=mm&r=g\",\"caption\":\"La Jornada\"},\"url\":\"https:\\\/\\\/fuentesfidedignas.com.mx\\\/index.php\\\/author\\\/jornada\\\/\"}]}<\/script>\n<!-- \/ Yoast SEO plugin. -->","yoast_head_json":{"title":"Sheinbaum ofrece hoy mensaje en Palacio por su segundo Informe - Fuentes Fidedignas","robots":{"index":"index","follow":"follow","max-snippet":"max-snippet:-1","max-image-preview":"max-image-preview:large","max-video-preview":"max-video-preview:-1"},"canonical":"https:\/\/fuentesfidedignas.com.mx\/index.php\/2026\/09\/01\/sheinbaum-ofrece-hoy-mensaje-en-palacio-por-su-segundo-informe\/","og_locale":"es_MX","og_type":"article","og_title":"Sheinbaum ofrece hoy mensaje en Palacio por su segundo Informe - Fuentes Fidedignas","og_description":"Hoy a las 11 de la ma\u00f1ana, la presidenta Claudia Sheinbaum realizar\u00e1 un acto en Palacio Nacional con motivo de su segundo Informe de gobierno, el cual ser\u00e1 entregado en la tarde al Congreso de la Uni\u00f3n por la secretaria de Gobernaci\u00f3n, Rosa Icela Rodr\u00edguez. Hoy a las 11 de la ma\u00f1ana, la presidenta Claudia [&hellip;]","og_url":"https:\/\/fuentesfidedignas.com.mx\/index.php\/2026\/09\/01\/sheinbaum-ofrece-hoy-mensaje-en-palacio-por-su-segundo-informe\/","og_site_name":"Fuentes Fidedignas","article_publisher":"https:\/\/www.facebook.com\/Fuentes-Fidedignas-368234489921644","article_published_time":"2026-09-01T13:59:43+00:00","article_modified_time":"2026-09-01T13:59:48+00:00","og_image":[{"width":1200,"height":740,"url":"https:\/\/fuentesfidedignas.com.mx\/wp-content\/uploads\/2026\/07\/img_6188.jpeg","type":"image\/jpeg"}],"author":"La Jornada","twitter_card":"summary_large_image","twitter_creator":"@fidedignas","twitter_site":"@fidedignas","twitter_misc":{"Escrito por":"La Jornada","Tiempo de lectura":"2 minutos"},"schema":{"@context":"https:\/\/schema.org","@graph":[{"@type":"Article","@id":"https:\/\/fuentesfidedignas.com.mx\/index.php\/2026\/09\/01\/sheinbaum-ofrece-hoy-mensaje-en-palacio-por-su-segundo-informe\/#article","isPartOf":{"@id":"https:\/\/fuentesfidedignas.com.mx\/index.php\/2026\/09\/01\/sheinbaum-ofrece-hoy-mensaje-en-palacio-por-su-segundo-informe\/"},"author":{"name":"La Jornada","@id":"https:\/\/fuentesfidedignas.com.mx\/#\/schema\/person\/87eacee4072e149fccc7de67f9634f35"},"headline":"Sheinbaum ofrece hoy mensaje en Palacio por su segundo Informe","datePublished":"2026-09-01T13:59:43+00:00","dateModified":"2026-09-01T13:59:48+00:00","mainEntityOfPage":{"@id":"https:\/\/fuentesfidedignas.com.mx\/index.php\/2026\/09\/01\/sheinbaum-ofrece-hoy-mensaje-en-palacio-por-su-segundo-informe\/"},"wordCount":276,"commentCount":0,"publisher":{"@id":"https:\/\/fuentesfidedignas.com.mx\/#organization"},"image":{"@id":"https:\/\/fuentesfidedignas.com.mx\/index.php\/2026\/09\/01\/sheinbaum-ofrece-hoy-mensaje-en-palacio-por-su-segundo-informe\/#primaryimage"},"thumbnailUrl":"https:\/\/fuentesfidedignas.com.mx\/wp-content\/uploads\/2026\/07\/img_6188.jpeg","articleSection":["NOTICIAS NACIONALES"],"inLanguage":"es","potentialAction":[{"@type":"CommentAction","name":"Comment","target":["https:\/\/fuentesfidedignas.com.mx\/index.php\/2026\/09\/01\/sheinbaum-ofrece-hoy-mensaje-en-palacio-por-su-segundo-informe\/#respond"]}]},{"@type":"WebPage","@id":"https:\/\/fuentesfidedignas.com.mx\/index.php\/2026\/09\/01\/sheinbaum-ofrece-hoy-mensaje-en-palacio-por-su-segundo-informe\/","url":"https:\/\/fuentesfidedignas.com.mx\/index.php\/2026\/09\/01\/sheinbaum-ofrece-hoy-mensaje-en-palacio-por-su-segundo-informe\/","name":"Sheinbaum ofrece hoy mensaje en Palacio por su segundo Informe - Fuentes Fidedignas","isPartOf":{"@id":"https:\/\/fuentesfidedignas.com.mx\/#website"},"primaryImageOfPage":{"@id":"https:\/\/fuentesfidedignas.com.mx\/index.php\/2026\/09\/01\/sheinbaum-ofrece-hoy-mensaje-en-palacio-por-su-segundo-informe\/#primaryimage"},"image":{"@id":"https:\/\/fuentesfidedignas.com.mx\/index.php\/2026\/09\/01\/sheinbaum-ofrece-hoy-mensaje-en-palacio-por-su-segundo-informe\/#primaryimage"},"thumbnailUrl":"https:\/\/fuentesfidedignas.com.mx\/wp-content\/uploads\/2026\/07\/img_6188.jpeg","datePublished":"2026-09-01T13:59:43+00:00","dateModified":"2026-09-01T13:59:48+00:00","breadcrumb":{"@id":"https:\/\/fuentesfidedignas.com.mx\/index.php\/2026\/09\/01\/sheinbaum-ofrece-hoy-mensaje-en-palacio-por-su-segundo-informe\/#breadcrumb"},"inLanguage":"es","potentialAction":[{"@type":"ReadAction","target":["https:\/\/fuentesfidedignas.com.mx\/index.php\/2026\/09\/01\/sheinbaum-ofrece-hoy-mensaje-en-palacio-por-su-segundo-informe\/"]}]},{"@type":"ImageObject","inLanguage":"es","@id":"https:\/\/fuentesfidedignas.com.mx\/index.php\/2026\/09\/01\/sheinbaum-ofrece-hoy-mensaje-en-palacio-por-su-segundo-informe\/#primaryimage","url":"https:\/\/fuentesfidedignas.com.mx\/wp-content\/uploads\/2026\/07\/img_6188.jpeg","contentUrl":"https:\/\/fuentesfidedignas.com.mx\/wp-content\/uploads\/2026\/07\/img_6188.jpeg","width":1200,"height":740},{"@type":"BreadcrumbList","@id":"https:\/\/fuentesfidedignas.com.mx\/index.php\/2026\/09\/01\/sheinbaum-ofrece-hoy-mensaje-en-palacio-por-su-segundo-informe\/#breadcrumb","itemListElement":[{"@type":"ListItem","position":1,"name":"Inicio","item":"https:\/\/fuentesfidedignas.com.mx\/"},{"@type":"ListItem","position":2,"name":"Sheinbaum ofrece hoy mensaje en Palacio por su segundo Informe"}]},{"@type":"WebSite","@id":"https:\/\/fuentesfidedignas.com.mx\/#website","url":"https:\/\/fuentesfidedignas.com.mx\/","name":"Fuentes Fidedignas","description":"Otro sitio realizado con WordPress","publisher":{"@id":"https:\/\/fuentesfidedignas.com.mx\/#organization"},"potentialAction":[{"@type":"SearchAction","target":{"@type":"EntryPoint","urlTemplate":"https:\/\/fuentesfidedignas.com.mx\/?s={search_term_string}"},"query-input":{"@type":"PropertyValueSpecification","valueRequired":true,"valueName":"search_term_string"}}],"inLanguage":"es"},{"@type":"Organization","@id":"https:\/\/fuentesfidedignas.com.mx\/#organization","name":"Fuentes Fidedignas","url":"https:\/\/fuentesfidedignas.com.mx\/","logo":{"@type":"ImageObject","inLanguage":"es","@id":"https:\/\/fuentesfidedignas.com.mx\/#\/schema\/logo\/image\/","url":"https:\/\/fuentesfidedignas.com.mx\/wp-content\/uploads\/2021\/04\/logo-retina.png","contentUrl":"https:\/\/fuentesfidedignas.com.mx\/wp-content\/uploads\/2021\/04\/logo-retina.png","width":280,"height":51,"caption":"Fuentes Fidedignas"},"image":{"@id":"https:\/\/fuentesfidedignas.com.mx\/#\/schema\/logo\/image\/"},"sameAs":["https:\/\/www.facebook.com\/Fuentes-Fidedignas-368234489921644","https:\/\/x.com\/fidedignas"]},{"@type":"Person","@id":"https:\/\/fuentesfidedignas.com.mx\/#\/schema\/person\/87eacee4072e149fccc7de67f9634f35","name":"La Jornada","image":{"@type":"ImageObject","inLanguage":"es","@id":"https:\/\/secure.gravatar.com\/avatar\/2b09f15a418e222775ffd645761e3fcecd1fb9d7a38a3ba858adf349aab82c7c?s=96&d=mm&r=g","url":"https:\/\/secure.gravatar.com\/avatar\/2b09f15a418e222775ffd645761e3fcecd1fb9d7a38a3ba858adf349aab82c7c?s=96&d=mm&r=g","contentUrl":"https:\/\/secure.gravatar.com\/avatar\/2b09f15a418e222775ffd645761e3fcecd1fb9d7a38a3ba858adf349aab82c7c?s=96&d=mm&r=g","caption":"La Jornada"},"url":"https:\/\/fuentesfidedignas.com.mx\/index.php\/author\/jornada\/"}]}},"_links":{"self":[{"href":"https:\/\/fuentesfidedignas.com.mx\/index.php\/wp-json\/wp\/v2\/posts\/141370","targetHints":{"allow":["GET"]}}],"collection":[{"href":"https:\/\/fuentesfidedignas.com.mx\/index.php\/wp-json\/wp\/v2\/posts"}],"about":[{"href":"https:\/\/fuentesfidedignas.com.mx\/index.php\/wp-json\/wp\/v2\/types\/post"}],"author":[{"embeddable":true,"href":"https:\/\/fuentesfidedignas.com.mx\/index.php\/wp-json\/wp\/v2\/users\/45"}],"replies":[{"embeddable":true,"href":"https:\/\/fuentesfidedignas.com.mx\/index.php\/wp-json\/wp\/v2\/comments?post=141370"}],"version-history":[{"count":1,"href":"https:\/\/fuentesfidedignas.com.mx\/index.php\/wp-json\/wp\/v2\/posts\/141370\/revisions"}],"predecessor-version":[{"id":141371,"href":"https:\/\/fuentesfidedignas.com.mx\/index.php\/wp-json\/wp\/v2\/posts\/141370\/revisions\/141371"}],"wp:featuredmedia":[{"embeddable":true,"href":"https:\/\/fuentesfidedignas.com.mx\/index.php\/wp-json\/wp\/v2\/media\/137106"}],"wp:attachment":[{"href":"https:\/\/fuentesfidedignas.com.mx\/index.php\/wp-json\/wp\/v2\/media?parent=141370"}],"wp:term":[{"taxonomy":"category","embeddable":true,"href":"https:\/\/fuentesfidedignas.com.mx\/index.php\/wp-json\/wp\/v2\/categories?post=141370"},{"taxonomy":"post_tag","embeddable":true,"href":"https:\/\/fuentesfidedignas.com.mx\/index.php\/wp-json\/wp\/v2\/tags?post=141370"}],"curies":[{"name":"wp","href":"https:\/\/api.w.org\/{rel}","templated":true}]}}