{"id":141366,"date":"2026-09-01T06:34:09","date_gmt":"2026-09-01T13:34:09","guid":{"rendered":"https:\/\/fuentesfidedignas.com.mx\/?p=141366"},"modified":"2026-09-01T06:35:58","modified_gmt":"2026-09-01T13:35:58","slug":"informa-sedena-sobre-la-operacion-para-la-detencion-en-michoacan-de-el-r5","status":"publish","type":"post","link":"https:\/\/fuentesfidedignas.com.mx\/index.php\/2026\/09\/01\/informa-sedena-sobre-la-operacion-para-la-detencion-en-michoacan-de-el-r5\/","title":{"rendered":"Informa Sedena sobre la operaci\u00f3n para la detenci\u00f3n en Michoac\u00e1n de el \u201cR5\u201d"},"content":{"rendered":"\n<p class=\"wp-block-paragraph\"><strong><em>Durante esta operaci\u00f3n, personal militar fue agredido con disparos de arma de fuego, por lo que en defensa de su integridad repelieron la agresi\u00f3n, falleciendo en el lugar Luis Enrique &#8220;N&#8221;, \u201cEl G\u00fcicho\u201d o \u201cR5\u201d y un acompa\u00f1ante<\/em><\/strong><\/p>\n\n\n\n<p class=\"wp-block-paragraph\">Se informa que derivado de trabajos de inteligencia de la XII Regi\u00f3n Militar con jurisdicci\u00f3n en el estado de Michoac\u00e1n, la noche del 30 de agosto de 2026, personal del Ej\u00e9rcito Mexicano y de la Guardia Nacional, en coordinaci\u00f3n con la Armada, Secretar\u00eda de Seguridad y Protecci\u00f3n Ciudadana, y Guardia Civil de ese estado, plane\u00f3 y ejecut\u00f3 una operaci\u00f3n de precisi\u00f3n en la rancher\u00eda \u201cRodeo del Pinal\u201d, en el municipio de Tocumbo, Mich., para detener a Luis Enrique N (a) \u201cEl G\u00fcicho\u201d o \u201cR5\u201d.<\/p>\n\n\n\n<p class=\"wp-block-paragraph\">Durante esta operaci\u00f3n, personal militar fue agredido con disparos de arma de fuego, por lo que en defensa de su integridad repelieron la agresi\u00f3n, falleciendo en el lugar Luis Enrique N (a) \u201cEl G\u00fcicho\u201d o \u201cR5\u201d y un acompa\u00f1ante, a quienes se les asegur\u00f3 lo siguiente:<\/p>\n\n\n\n<ul class=\"wp-block-list\">\n<li>Dos fusiles autom\u00e1ticos.<\/li>\n\n\n\n<li>Cartuchos y cargadores de diversos calibres.<\/li>\n\n\n\n<li>Una cuatrimoto.<\/li>\n<\/ul>\n\n\n\n<p class=\"wp-block-paragraph\">Luis Enrique N (a) \u201cEl G\u00fcicho\u201d o \u201cR5\u201d hab\u00eda asumido el control de la organizaci\u00f3n delictiva \u201cC\u00e1rtel de Los Reyes\u201d, despu\u00e9s de la detenci\u00f3n de Alfonso N (a) \u201cPoncho\u201d o \u201cQuiringua\u201d, detenido el 1 de agosto del presente a\u00f1o por personal del Ej\u00e9rcito Mexicano, en el municipio de Los Reyes de Salgado, Mich.<\/p>\n\n\n\n<p class=\"wp-block-paragraph\">El occiso contaba con una orden de detenci\u00f3n provisional con fines de extradici\u00f3n a los Estados Unidos de Am\u00e9rica y el Departamento de Estado de ese pa\u00eds ofrec\u00eda 3 millones de d\u00f3lares a quien proporcionara informaci\u00f3n conducente a su arresto por tr\u00e1fico de drogas y el tr\u00e1fico de armas hacia M\u00e9xico.<\/p>\n\n\n\n<p class=\"wp-block-paragraph\">Luis Enrique N es se\u00f1alado por haber sido el principal coordinador de las actividades de extorsi\u00f3n en el \u00e1rea de Los Reyes, Mich. y manten\u00eda v\u00ednculos con Juan Jos\u00e9 N (a) \u201cEl Abuelo\u201d, jefe del \u201cC\u00e1rtel de Tepalcatepec\u201d, con presencia en la misma entidad federativa.<\/p>\n\n\n\n<p class=\"wp-block-paragraph\">Los cuerpos de los fallecidos y los indicios asegurados quedaron a disposici\u00f3n de la Fiscal\u00eda General del Estado; personal pericial realiza las diligencias correspondientes, para continuar con las actuaciones ministeriales y jur\u00eddicas conducentes.<\/p>\n","protected":false},"excerpt":{"rendered":"<p>Durante esta operaci\u00f3n, personal militar fue agredido con disparos de arma de fuego, por lo que en defensa de su integridad repelieron la agresi\u00f3n, falleciendo en el lugar Luis Enrique &#8220;N&#8221;, \u201cEl G\u00fcicho\u201d o \u201cR5\u201d y un acompa\u00f1ante Se informa que derivado de trabajos de inteligencia de la XII Regi\u00f3n Militar con jurisdicci\u00f3n en el [&hellip;]<\/p>\n","protected":false},"author":4,"featured_media":120271,"comment_status":"open","ping_status":"open","sticky":false,"template":"","format":"standard","meta":{"tdm_status":"","tdm_grid_status":"","footnotes":""},"categories":[39],"tags":[],"class_list":["post-141366","post","type-post","status-publish","format-standard","has-post-thumbnail","category-noticias-nacionales"],"yoast_head":"<!-- This site is optimized with the Yoast SEO plugin v28.3 - https:\/\/yoast.com\/product\/yoast-seo-wordpress\/ -->\n<title>Informa Sedena sobre la operaci\u00f3n para la detenci\u00f3n en Michoac\u00e1n de el \u201cR5\u201d - Fuentes Fidedignas<\/title>\n<meta name=\"robots\" content=\"index, follow, max-snippet:-1, max-image-preview:large, max-video-preview:-1\" \/>\n<link rel=\"canonical\" href=\"https:\/\/fuentesfidedignas.com.mx\/index.php\/2026\/09\/01\/informa-sedena-sobre-la-operacion-para-la-detencion-en-michoacan-de-el-r5\/\" \/>\n<meta property=\"og:locale\" content=\"es_MX\" \/>\n<meta property=\"og:type\" content=\"article\" \/>\n<meta property=\"og:title\" content=\"Informa Sedena sobre la operaci\u00f3n para la detenci\u00f3n en Michoac\u00e1n de el \u201cR5\u201d - Fuentes Fidedignas\" \/>\n<meta property=\"og:description\" content=\"Durante esta operaci\u00f3n, personal militar fue agredido con disparos de arma de fuego, por lo que en defensa de su integridad repelieron la agresi\u00f3n, falleciendo en el lugar Luis Enrique &#8220;N&#8221;, \u201cEl G\u00fcicho\u201d o \u201cR5\u201d y un acompa\u00f1ante Se informa que derivado de trabajos de inteligencia de la XII Regi\u00f3n Militar con jurisdicci\u00f3n en el [&hellip;]\" \/>\n<meta property=\"og:url\" content=\"https:\/\/fuentesfidedignas.com.mx\/index.php\/2026\/09\/01\/informa-sedena-sobre-la-operacion-para-la-detencion-en-michoacan-de-el-r5\/\" \/>\n<meta property=\"og:site_name\" content=\"Fuentes Fidedignas\" \/>\n<meta property=\"article:publisher\" content=\"https:\/\/www.facebook.com\/Fuentes-Fidedignas-368234489921644\" \/>\n<meta property=\"article:published_time\" content=\"2026-09-01T13:34:09+00:00\" \/>\n<meta property=\"article:modified_time\" content=\"2026-09-01T13:35:58+00:00\" \/>\n<meta property=\"og:image\" content=\"https:\/\/fuentesfidedignas.com.mx\/wp-content\/uploads\/2025\/10\/carteo_militares.jpg\" \/>\n\t<meta property=\"og:image:width\" content=\"500\" \/>\n\t<meta property=\"og:image:height\" content=\"343\" \/>\n\t<meta property=\"og:image:type\" content=\"image\/jpeg\" \/>\n<meta name=\"author\" content=\"Redacci\u00f3n\" \/>\n<meta name=\"twitter:card\" content=\"summary_large_image\" \/>\n<meta name=\"twitter:creator\" content=\"@fidedignas\" \/>\n<meta name=\"twitter:site\" content=\"@fidedignas\" \/>\n<meta name=\"twitter:label1\" content=\"Escrito por\" \/>\n\t<meta name=\"twitter:data1\" content=\"Redacci\u00f3n\" \/>\n\t<meta name=\"twitter:label2\" content=\"Tiempo de lectura\" \/>\n\t<meta name=\"twitter:data2\" content=\"2 minutos\" \/>\n<script type=\"application\/ld+json\" class=\"yoast-schema-graph\">{\"@context\":\"https:\\\/\\\/schema.org\",\"@graph\":[{\"@type\":\"Article\",\"@id\":\"https:\\\/\\\/fuentesfidedignas.com.mx\\\/index.php\\\/2026\\\/09\\\/01\\\/informa-sedena-sobre-la-operacion-para-la-detencion-en-michoacan-de-el-r5\\\/#article\",\"isPartOf\":{\"@id\":\"https:\\\/\\\/fuentesfidedignas.com.mx\\\/index.php\\\/2026\\\/09\\\/01\\\/informa-sedena-sobre-la-operacion-para-la-detencion-en-michoacan-de-el-r5\\\/\"},\"author\":{\"name\":\"Redacci\u00f3n\",\"@id\":\"https:\\\/\\\/fuentesfidedignas.com.mx\\\/#\\\/schema\\\/person\\\/331be9283d37198e2acd5750279085b0\"},\"headline\":\"Informa Sedena sobre la operaci\u00f3n para la detenci\u00f3n en Michoac\u00e1n de el \u201cR5\u201d\",\"datePublished\":\"2026-09-01T13:34:09+00:00\",\"dateModified\":\"2026-09-01T13:35:58+00:00\",\"mainEntityOfPage\":{\"@id\":\"https:\\\/\\\/fuentesfidedignas.com.mx\\\/index.php\\\/2026\\\/09\\\/01\\\/informa-sedena-sobre-la-operacion-para-la-detencion-en-michoacan-de-el-r5\\\/\"},\"wordCount\":419,\"commentCount\":0,\"publisher\":{\"@id\":\"https:\\\/\\\/fuentesfidedignas.com.mx\\\/#organization\"},\"image\":{\"@id\":\"https:\\\/\\\/fuentesfidedignas.com.mx\\\/index.php\\\/2026\\\/09\\\/01\\\/informa-sedena-sobre-la-operacion-para-la-detencion-en-michoacan-de-el-r5\\\/#primaryimage\"},\"thumbnailUrl\":\"https:\\\/\\\/fuentesfidedignas.com.mx\\\/wp-content\\\/uploads\\\/2025\\\/10\\\/carteo_militares.jpg\",\"articleSection\":[\"NOTICIAS NACIONALES\"],\"inLanguage\":\"es\",\"potentialAction\":[{\"@type\":\"CommentAction\",\"name\":\"Comment\",\"target\":[\"https:\\\/\\\/fuentesfidedignas.com.mx\\\/index.php\\\/2026\\\/09\\\/01\\\/informa-sedena-sobre-la-operacion-para-la-detencion-en-michoacan-de-el-r5\\\/#respond\"]}]},{\"@type\":\"WebPage\",\"@id\":\"https:\\\/\\\/fuentesfidedignas.com.mx\\\/index.php\\\/2026\\\/09\\\/01\\\/informa-sedena-sobre-la-operacion-para-la-detencion-en-michoacan-de-el-r5\\\/\",\"url\":\"https:\\\/\\\/fuentesfidedignas.com.mx\\\/index.php\\\/2026\\\/09\\\/01\\\/informa-sedena-sobre-la-operacion-para-la-detencion-en-michoacan-de-el-r5\\\/\",\"name\":\"Informa Sedena sobre la operaci\u00f3n para la detenci\u00f3n en Michoac\u00e1n de el \u201cR5\u201d - Fuentes Fidedignas\",\"isPartOf\":{\"@id\":\"https:\\\/\\\/fuentesfidedignas.com.mx\\\/#website\"},\"primaryImageOfPage\":{\"@id\":\"https:\\\/\\\/fuentesfidedignas.com.mx\\\/index.php\\\/2026\\\/09\\\/01\\\/informa-sedena-sobre-la-operacion-para-la-detencion-en-michoacan-de-el-r5\\\/#primaryimage\"},\"image\":{\"@id\":\"https:\\\/\\\/fuentesfidedignas.com.mx\\\/index.php\\\/2026\\\/09\\\/01\\\/informa-sedena-sobre-la-operacion-para-la-detencion-en-michoacan-de-el-r5\\\/#primaryimage\"},\"thumbnailUrl\":\"https:\\\/\\\/fuentesfidedignas.com.mx\\\/wp-content\\\/uploads\\\/2025\\\/10\\\/carteo_militares.jpg\",\"datePublished\":\"2026-09-01T13:34:09+00:00\",\"dateModified\":\"2026-09-01T13:35:58+00:00\",\"breadcrumb\":{\"@id\":\"https:\\\/\\\/fuentesfidedignas.com.mx\\\/index.php\\\/2026\\\/09\\\/01\\\/informa-sedena-sobre-la-operacion-para-la-detencion-en-michoacan-de-el-r5\\\/#breadcrumb\"},\"inLanguage\":\"es\",\"potentialAction\":[{\"@type\":\"ReadAction\",\"target\":[\"https:\\\/\\\/fuentesfidedignas.com.mx\\\/index.php\\\/2026\\\/09\\\/01\\\/informa-sedena-sobre-la-operacion-para-la-detencion-en-michoacan-de-el-r5\\\/\"]}]},{\"@type\":\"ImageObject\",\"inLanguage\":\"es\",\"@id\":\"https:\\\/\\\/fuentesfidedignas.com.mx\\\/index.php\\\/2026\\\/09\\\/01\\\/informa-sedena-sobre-la-operacion-para-la-detencion-en-michoacan-de-el-r5\\\/#primaryimage\",\"url\":\"https:\\\/\\\/fuentesfidedignas.com.mx\\\/wp-content\\\/uploads\\\/2025\\\/10\\\/carteo_militares.jpg\",\"contentUrl\":\"https:\\\/\\\/fuentesfidedignas.com.mx\\\/wp-content\\\/uploads\\\/2025\\\/10\\\/carteo_militares.jpg\",\"width\":500,\"height\":343},{\"@type\":\"BreadcrumbList\",\"@id\":\"https:\\\/\\\/fuentesfidedignas.com.mx\\\/index.php\\\/2026\\\/09\\\/01\\\/informa-sedena-sobre-la-operacion-para-la-detencion-en-michoacan-de-el-r5\\\/#breadcrumb\",\"itemListElement\":[{\"@type\":\"ListItem\",\"position\":1,\"name\":\"Inicio\",\"item\":\"https:\\\/\\\/fuentesfidedignas.com.mx\\\/\"},{\"@type\":\"ListItem\",\"position\":2,\"name\":\"Informa Sedena sobre la operaci\u00f3n para la detenci\u00f3n en Michoac\u00e1n de el \u201cR5\u201d\"}]},{\"@type\":\"WebSite\",\"@id\":\"https:\\\/\\\/fuentesfidedignas.com.mx\\\/#website\",\"url\":\"https:\\\/\\\/fuentesfidedignas.com.mx\\\/\",\"name\":\"Fuentes Fidedignas\",\"description\":\"Otro sitio realizado con WordPress\",\"publisher\":{\"@id\":\"https:\\\/\\\/fuentesfidedignas.com.mx\\\/#organization\"},\"potentialAction\":[{\"@type\":\"SearchAction\",\"target\":{\"@type\":\"EntryPoint\",\"urlTemplate\":\"https:\\\/\\\/fuentesfidedignas.com.mx\\\/?s={search_term_string}\"},\"query-input\":{\"@type\":\"PropertyValueSpecification\",\"valueRequired\":true,\"valueName\":\"search_term_string\"}}],\"inLanguage\":\"es\"},{\"@type\":\"Organization\",\"@id\":\"https:\\\/\\\/fuentesfidedignas.com.mx\\\/#organization\",\"name\":\"Fuentes Fidedignas\",\"url\":\"https:\\\/\\\/fuentesfidedignas.com.mx\\\/\",\"logo\":{\"@type\":\"ImageObject\",\"inLanguage\":\"es\",\"@id\":\"https:\\\/\\\/fuentesfidedignas.com.mx\\\/#\\\/schema\\\/logo\\\/image\\\/\",\"url\":\"https:\\\/\\\/fuentesfidedignas.com.mx\\\/wp-content\\\/uploads\\\/2021\\\/04\\\/logo-retina.png\",\"contentUrl\":\"https:\\\/\\\/fuentesfidedignas.com.mx\\\/wp-content\\\/uploads\\\/2021\\\/04\\\/logo-retina.png\",\"width\":280,\"height\":51,\"caption\":\"Fuentes Fidedignas\"},\"image\":{\"@id\":\"https:\\\/\\\/fuentesfidedignas.com.mx\\\/#\\\/schema\\\/logo\\\/image\\\/\"},\"sameAs\":[\"https:\\\/\\\/www.facebook.com\\\/Fuentes-Fidedignas-368234489921644\",\"https:\\\/\\\/x.com\\\/fidedignas\"]},{\"@type\":\"Person\",\"@id\":\"https:\\\/\\\/fuentesfidedignas.com.mx\\\/#\\\/schema\\\/person\\\/331be9283d37198e2acd5750279085b0\",\"name\":\"Redacci\u00f3n\",\"image\":{\"@type\":\"ImageObject\",\"inLanguage\":\"es\",\"@id\":\"https:\\\/\\\/secure.gravatar.com\\\/avatar\\\/f6d8782c11d12b2d4ad3fbb6931aeab5309937a4d6cd2fc9cfaa28a6396a5aec?s=96&d=mm&r=g\",\"url\":\"https:\\\/\\\/secure.gravatar.com\\\/avatar\\\/f6d8782c11d12b2d4ad3fbb6931aeab5309937a4d6cd2fc9cfaa28a6396a5aec?s=96&d=mm&r=g\",\"contentUrl\":\"https:\\\/\\\/secure.gravatar.com\\\/avatar\\\/f6d8782c11d12b2d4ad3fbb6931aeab5309937a4d6cd2fc9cfaa28a6396a5aec?s=96&d=mm&r=g\",\"caption\":\"Redacci\u00f3n\"},\"url\":\"https:\\\/\\\/fuentesfidedignas.com.mx\\\/index.php\\\/author\\\/redaccion\\\/\"}]}<\/script>\n<!-- \/ Yoast SEO plugin. -->","yoast_head_json":{"title":"Informa Sedena sobre la operaci\u00f3n para la detenci\u00f3n en Michoac\u00e1n de el \u201cR5\u201d - Fuentes Fidedignas","robots":{"index":"index","follow":"follow","max-snippet":"max-snippet:-1","max-image-preview":"max-image-preview:large","max-video-preview":"max-video-preview:-1"},"canonical":"https:\/\/fuentesfidedignas.com.mx\/index.php\/2026\/09\/01\/informa-sedena-sobre-la-operacion-para-la-detencion-en-michoacan-de-el-r5\/","og_locale":"es_MX","og_type":"article","og_title":"Informa Sedena sobre la operaci\u00f3n para la detenci\u00f3n en Michoac\u00e1n de el \u201cR5\u201d - Fuentes Fidedignas","og_description":"Durante esta operaci\u00f3n, personal militar fue agredido con disparos de arma de fuego, por lo que en defensa de su integridad repelieron la agresi\u00f3n, falleciendo en el lugar Luis Enrique &#8220;N&#8221;, \u201cEl G\u00fcicho\u201d o \u201cR5\u201d y un acompa\u00f1ante Se informa que derivado de trabajos de inteligencia de la XII Regi\u00f3n Militar con jurisdicci\u00f3n en el [&hellip;]","og_url":"https:\/\/fuentesfidedignas.com.mx\/index.php\/2026\/09\/01\/informa-sedena-sobre-la-operacion-para-la-detencion-en-michoacan-de-el-r5\/","og_site_name":"Fuentes Fidedignas","article_publisher":"https:\/\/www.facebook.com\/Fuentes-Fidedignas-368234489921644","article_published_time":"2026-09-01T13:34:09+00:00","article_modified_time":"2026-09-01T13:35:58+00:00","og_image":[{"width":500,"height":343,"url":"https:\/\/fuentesfidedignas.com.mx\/wp-content\/uploads\/2025\/10\/carteo_militares.jpg","type":"image\/jpeg"}],"author":"Redacci\u00f3n","twitter_card":"summary_large_image","twitter_creator":"@fidedignas","twitter_site":"@fidedignas","twitter_misc":{"Escrito por":"Redacci\u00f3n","Tiempo de lectura":"2 minutos"},"schema":{"@context":"https:\/\/schema.org","@graph":[{"@type":"Article","@id":"https:\/\/fuentesfidedignas.com.mx\/index.php\/2026\/09\/01\/informa-sedena-sobre-la-operacion-para-la-detencion-en-michoacan-de-el-r5\/#article","isPartOf":{"@id":"https:\/\/fuentesfidedignas.com.mx\/index.php\/2026\/09\/01\/informa-sedena-sobre-la-operacion-para-la-detencion-en-michoacan-de-el-r5\/"},"author":{"name":"Redacci\u00f3n","@id":"https:\/\/fuentesfidedignas.com.mx\/#\/schema\/person\/331be9283d37198e2acd5750279085b0"},"headline":"Informa Sedena sobre la operaci\u00f3n para la detenci\u00f3n en Michoac\u00e1n de el \u201cR5\u201d","datePublished":"2026-09-01T13:34:09+00:00","dateModified":"2026-09-01T13:35:58+00:00","mainEntityOfPage":{"@id":"https:\/\/fuentesfidedignas.com.mx\/index.php\/2026\/09\/01\/informa-sedena-sobre-la-operacion-para-la-detencion-en-michoacan-de-el-r5\/"},"wordCount":419,"commentCount":0,"publisher":{"@id":"https:\/\/fuentesfidedignas.com.mx\/#organization"},"image":{"@id":"https:\/\/fuentesfidedignas.com.mx\/index.php\/2026\/09\/01\/informa-sedena-sobre-la-operacion-para-la-detencion-en-michoacan-de-el-r5\/#primaryimage"},"thumbnailUrl":"https:\/\/fuentesfidedignas.com.mx\/wp-content\/uploads\/2025\/10\/carteo_militares.jpg","articleSection":["NOTICIAS NACIONALES"],"inLanguage":"es","potentialAction":[{"@type":"CommentAction","name":"Comment","target":["https:\/\/fuentesfidedignas.com.mx\/index.php\/2026\/09\/01\/informa-sedena-sobre-la-operacion-para-la-detencion-en-michoacan-de-el-r5\/#respond"]}]},{"@type":"WebPage","@id":"https:\/\/fuentesfidedignas.com.mx\/index.php\/2026\/09\/01\/informa-sedena-sobre-la-operacion-para-la-detencion-en-michoacan-de-el-r5\/","url":"https:\/\/fuentesfidedignas.com.mx\/index.php\/2026\/09\/01\/informa-sedena-sobre-la-operacion-para-la-detencion-en-michoacan-de-el-r5\/","name":"Informa Sedena sobre la operaci\u00f3n para la detenci\u00f3n en Michoac\u00e1n de el \u201cR5\u201d - Fuentes Fidedignas","isPartOf":{"@id":"https:\/\/fuentesfidedignas.com.mx\/#website"},"primaryImageOfPage":{"@id":"https:\/\/fuentesfidedignas.com.mx\/index.php\/2026\/09\/01\/informa-sedena-sobre-la-operacion-para-la-detencion-en-michoacan-de-el-r5\/#primaryimage"},"image":{"@id":"https:\/\/fuentesfidedignas.com.mx\/index.php\/2026\/09\/01\/informa-sedena-sobre-la-operacion-para-la-detencion-en-michoacan-de-el-r5\/#primaryimage"},"thumbnailUrl":"https:\/\/fuentesfidedignas.com.mx\/wp-content\/uploads\/2025\/10\/carteo_militares.jpg","datePublished":"2026-09-01T13:34:09+00:00","dateModified":"2026-09-01T13:35:58+00:00","breadcrumb":{"@id":"https:\/\/fuentesfidedignas.com.mx\/index.php\/2026\/09\/01\/informa-sedena-sobre-la-operacion-para-la-detencion-en-michoacan-de-el-r5\/#breadcrumb"},"inLanguage":"es","potentialAction":[{"@type":"ReadAction","target":["https:\/\/fuentesfidedignas.com.mx\/index.php\/2026\/09\/01\/informa-sedena-sobre-la-operacion-para-la-detencion-en-michoacan-de-el-r5\/"]}]},{"@type":"ImageObject","inLanguage":"es","@id":"https:\/\/fuentesfidedignas.com.mx\/index.php\/2026\/09\/01\/informa-sedena-sobre-la-operacion-para-la-detencion-en-michoacan-de-el-r5\/#primaryimage","url":"https:\/\/fuentesfidedignas.com.mx\/wp-content\/uploads\/2025\/10\/carteo_militares.jpg","contentUrl":"https:\/\/fuentesfidedignas.com.mx\/wp-content\/uploads\/2025\/10\/carteo_militares.jpg","width":500,"height":343},{"@type":"BreadcrumbList","@id":"https:\/\/fuentesfidedignas.com.mx\/index.php\/2026\/09\/01\/informa-sedena-sobre-la-operacion-para-la-detencion-en-michoacan-de-el-r5\/#breadcrumb","itemListElement":[{"@type":"ListItem","position":1,"name":"Inicio","item":"https:\/\/fuentesfidedignas.com.mx\/"},{"@type":"ListItem","position":2,"name":"Informa Sedena sobre la operaci\u00f3n para la detenci\u00f3n en Michoac\u00e1n de el \u201cR5\u201d"}]},{"@type":"WebSite","@id":"https:\/\/fuentesfidedignas.com.mx\/#website","url":"https:\/\/fuentesfidedignas.com.mx\/","name":"Fuentes Fidedignas","description":"Otro sitio realizado con WordPress","publisher":{"@id":"https:\/\/fuentesfidedignas.com.mx\/#organization"},"potentialAction":[{"@type":"SearchAction","target":{"@type":"EntryPoint","urlTemplate":"https:\/\/fuentesfidedignas.com.mx\/?s={search_term_string}"},"query-input":{"@type":"PropertyValueSpecification","valueRequired":true,"valueName":"search_term_string"}}],"inLanguage":"es"},{"@type":"Organization","@id":"https:\/\/fuentesfidedignas.com.mx\/#organization","name":"Fuentes Fidedignas","url":"https:\/\/fuentesfidedignas.com.mx\/","logo":{"@type":"ImageObject","inLanguage":"es","@id":"https:\/\/fuentesfidedignas.com.mx\/#\/schema\/logo\/image\/","url":"https:\/\/fuentesfidedignas.com.mx\/wp-content\/uploads\/2021\/04\/logo-retina.png","contentUrl":"https:\/\/fuentesfidedignas.com.mx\/wp-content\/uploads\/2021\/04\/logo-retina.png","width":280,"height":51,"caption":"Fuentes Fidedignas"},"image":{"@id":"https:\/\/fuentesfidedignas.com.mx\/#\/schema\/logo\/image\/"},"sameAs":["https:\/\/www.facebook.com\/Fuentes-Fidedignas-368234489921644","https:\/\/x.com\/fidedignas"]},{"@type":"Person","@id":"https:\/\/fuentesfidedignas.com.mx\/#\/schema\/person\/331be9283d37198e2acd5750279085b0","name":"Redacci\u00f3n","image":{"@type":"ImageObject","inLanguage":"es","@id":"https:\/\/secure.gravatar.com\/avatar\/f6d8782c11d12b2d4ad3fbb6931aeab5309937a4d6cd2fc9cfaa28a6396a5aec?s=96&d=mm&r=g","url":"https:\/\/secure.gravatar.com\/avatar\/f6d8782c11d12b2d4ad3fbb6931aeab5309937a4d6cd2fc9cfaa28a6396a5aec?s=96&d=mm&r=g","contentUrl":"https:\/\/secure.gravatar.com\/avatar\/f6d8782c11d12b2d4ad3fbb6931aeab5309937a4d6cd2fc9cfaa28a6396a5aec?s=96&d=mm&r=g","caption":"Redacci\u00f3n"},"url":"https:\/\/fuentesfidedignas.com.mx\/index.php\/author\/redaccion\/"}]}},"_links":{"self":[{"href":"https:\/\/fuentesfidedignas.com.mx\/index.php\/wp-json\/wp\/v2\/posts\/141366","targetHints":{"allow":["GET"]}}],"collection":[{"href":"https:\/\/fuentesfidedignas.com.mx\/index.php\/wp-json\/wp\/v2\/posts"}],"about":[{"href":"https:\/\/fuentesfidedignas.com.mx\/index.php\/wp-json\/wp\/v2\/types\/post"}],"author":[{"embeddable":true,"href":"https:\/\/fuentesfidedignas.com.mx\/index.php\/wp-json\/wp\/v2\/users\/4"}],"replies":[{"embeddable":true,"href":"https:\/\/fuentesfidedignas.com.mx\/index.php\/wp-json\/wp\/v2\/comments?post=141366"}],"version-history":[{"count":2,"href":"https:\/\/fuentesfidedignas.com.mx\/index.php\/wp-json\/wp\/v2\/posts\/141366\/revisions"}],"predecessor-version":[{"id":141369,"href":"https:\/\/fuentesfidedignas.com.mx\/index.php\/wp-json\/wp\/v2\/posts\/141366\/revisions\/141369"}],"wp:featuredmedia":[{"embeddable":true,"href":"https:\/\/fuentesfidedignas.com.mx\/index.php\/wp-json\/wp\/v2\/media\/120271"}],"wp:attachment":[{"href":"https:\/\/fuentesfidedignas.com.mx\/index.php\/wp-json\/wp\/v2\/media?parent=141366"}],"wp:term":[{"taxonomy":"category","embeddable":true,"href":"https:\/\/fuentesfidedignas.com.mx\/index.php\/wp-json\/wp\/v2\/categories?post=141366"},{"taxonomy":"post_tag","embeddable":true,"href":"https:\/\/fuentesfidedignas.com.mx\/index.php\/wp-json\/wp\/v2\/tags?post=141366"}],"curies":[{"name":"wp","href":"https:\/\/api.w.org\/{rel}","templated":true}]}}