{"id":141358,"date":"2026-09-01T06:09:37","date_gmt":"2026-09-01T13:09:37","guid":{"rendered":"https:\/\/fuentesfidedignas.com.mx\/?p=141358"},"modified":"2026-09-01T06:13:18","modified_gmt":"2026-09-01T13:13:18","slug":"la-uas-sera-sede-coorganizadora-del-quinto-seminario-interinstitucional-de-literaturas-regionales","status":"publish","type":"post","link":"https:\/\/fuentesfidedignas.com.mx\/index.php\/2026\/09\/01\/la-uas-sera-sede-coorganizadora-del-quinto-seminario-interinstitucional-de-literaturas-regionales\/","title":{"rendered":"La UAS ser\u00e1 sede coorganizadora del quinto Seminario Interinstitucional de Literaturas Regionales"},"content":{"rendered":"\n<p class=\"wp-block-paragraph\"><strong><em>En esta edici\u00f3n abordar\u00e1 las \u201cNovedades literarias del Pac\u00edfico mexicano\u201d a trav\u00e9s de seis sesiones virtuales, del 12 de septiembre al 21 de noviembre de 2026.<\/em><\/strong><\/p>\n\n\n\n<p class=\"wp-block-paragraph\">Con el objetivo de analizar las nuevas expresiones literarias y su v\u00ednculo con las transformaciones sociales del pa\u00eds, la Universidad Aut\u00f3noma de Sinaloa (UAS) participar\u00e1 en el Quinto Seminario Interinstitucional de Literaturas Regionales, que en esta edici\u00f3n abordar\u00e1 las \u201cNovedades literarias del Pac\u00edfico mexicano\u201d a trav\u00e9s de seis sesiones virtuales, del 12 de septiembre al 21 de noviembre de 2026.<\/p>\n\n\n\n<p class=\"wp-block-paragraph\">El doctor Santos Javier Vel\u00e1zquez Hern\u00e1ndez, docente e investigador de la Licenciatura en Lengua y Literatura Hisp\u00e1nicas de la UAS y coordinador del encuentro, explic\u00f3 que el seminario re\u00fane a instituciones de educaci\u00f3n superior de la regi\u00f3n para estudiar las distintas manifestaciones literarias del noroeste y Pac\u00edfico mexicano.<\/p>\n\n\n\n<p class=\"wp-block-paragraph\">\u201cParticipan la Universidad Aut\u00f3noma de Baja California Sur, la Universidad de Colima, la Universidad Aut\u00f3noma de Baja California, el Centro Universitario del Sur de la Universidad de Guadalajara y la Universidad Aut\u00f3noma de Sinaloa, adem\u00e1s de incorporarse por primera ocasi\u00f3n la Universidad de Sonora\u201d, detall\u00f3.<\/p>\n\n\n\n<p class=\"wp-block-paragraph\">El investigador destac\u00f3 que, adem\u00e1s de los aspectos est\u00e9ticos de las obras, se analizar\u00e1 la manera en que la literatura aborda fen\u00f3menos como la violencia, el narcotr\u00e1fico, la migraci\u00f3n y las problem\u00e1ticas fronterizas.<\/p>\n\n\n\n<p class=\"wp-block-paragraph\">Se\u00f1al\u00f3 que el programa contempla seis sesiones sabatinas a partir de las 8:00 horas (tiempo local), de car\u00e1cter gratuito y virtual:<\/p>\n\n\n\n<p class=\"wp-block-paragraph\">\u00b7 12 de septiembre: Dedicada a la escritora Elma Correa.<\/p>\n\n\n\n<p class=\"wp-block-paragraph\">\u00b7 26 de septiembre: Literatura de Baja California Sur.<\/p>\n\n\n\n<p class=\"wp-block-paragraph\">\u00b7 10 de octubre: Novedades editoriales de Guadalajara, Jalisco.<\/p>\n\n\n\n<p class=\"wp-block-paragraph\">\u00b7 24 de octubre: Literatura sinaloense, a cargo de Vel\u00e1zquez Hern\u00e1ndez.<\/p>\n\n\n\n<p class=\"wp-block-paragraph\">\u00b7 7 de noviembre: Nuevas manifestaciones literarias de Colima.<\/p>\n\n\n\n<p class=\"wp-block-paragraph\">\u00b7 21 de noviembre: Literatura de Sonora (sesi\u00f3n de cierre).<\/p>\n\n\n\n<p class=\"wp-block-paragraph\">El acad\u00e9mico indic\u00f3 que la convocatoria permanece abierta sin requisitos espec\u00edficos de ingreso, ya que est\u00e1 dirigida a estudiantes, docentes y p\u00fablico en general. Para registrarse y recibir los enlaces de acceso y materiales de lectura, los interesados pueden escribir al correo <a href=\"mailto:literaturasregionales@gmail.com\">literaturasregionales@gmail.com<\/a>.<\/p>\n\n\n\n<p class=\"wp-block-paragraph\">\u201cNos importa mucho que se incorporen los estudiantes porque finalmente son el semillero para forjar nuevos investigadores\u201d, enfatiz\u00f3.<\/p>\n\n\n\n<p class=\"wp-block-paragraph\">A cinco ediciones de su inicio, Vel\u00e1zquez Hern\u00e1ndez consider\u00f3 que el seminario se ha consolidado como un espacio de di\u00e1logo acad\u00e9mico interinstitucional y adelant\u00f3 que los trabajos de esta entrega podr\u00edan dar lugar a un tercer volumen compilatorio. Record\u00f3 que como resultado del tercer seminario surgi\u00f3 un libro dedicado a la poes\u00eda de Sinaloa, Colima, Jalisco y Baja California Sur, mientras que actualmente se trabaja en un segundo volumen centrado en revistas y suplementos literarios.<\/p>\n","protected":false},"excerpt":{"rendered":"<p>En esta edici\u00f3n abordar\u00e1 las \u201cNovedades literarias del Pac\u00edfico mexicano\u201d a trav\u00e9s de seis sesiones virtuales, del 12 de septiembre al 21 de noviembre de 2026. Con el objetivo de analizar las nuevas expresiones literarias y su v\u00ednculo con las transformaciones sociales del pa\u00eds, la Universidad Aut\u00f3noma de Sinaloa (UAS) participar\u00e1 en el Quinto Seminario [&hellip;]<\/p>\n","protected":false},"author":4,"featured_media":141359,"comment_status":"open","ping_status":"open","sticky":false,"template":"","format":"standard","meta":{"tdm_status":"","tdm_grid_status":"","footnotes":""},"categories":[38],"tags":[],"class_list":["post-141358","post","type-post","status-publish","format-standard","has-post-thumbnail","category-noticias-locales"],"yoast_head":"<!-- This site is optimized with the Yoast SEO plugin v28.3 - https:\/\/yoast.com\/product\/yoast-seo-wordpress\/ -->\n<title>La UAS ser\u00e1 sede coorganizadora del quinto Seminario Interinstitucional de Literaturas Regionales - Fuentes Fidedignas<\/title>\n<meta name=\"robots\" content=\"index, follow, max-snippet:-1, max-image-preview:large, max-video-preview:-1\" \/>\n<link rel=\"canonical\" href=\"https:\/\/fuentesfidedignas.com.mx\/index.php\/2026\/09\/01\/la-uas-sera-sede-coorganizadora-del-quinto-seminario-interinstitucional-de-literaturas-regionales\/\" \/>\n<meta property=\"og:locale\" content=\"es_MX\" \/>\n<meta property=\"og:type\" content=\"article\" \/>\n<meta property=\"og:title\" content=\"La UAS ser\u00e1 sede coorganizadora del quinto Seminario Interinstitucional de Literaturas Regionales - Fuentes Fidedignas\" \/>\n<meta property=\"og:description\" content=\"En esta edici\u00f3n abordar\u00e1 las \u201cNovedades literarias del Pac\u00edfico mexicano\u201d a trav\u00e9s de seis sesiones virtuales, del 12 de septiembre al 21 de noviembre de 2026. Con el objetivo de analizar las nuevas expresiones literarias y su v\u00ednculo con las transformaciones sociales del pa\u00eds, la Universidad Aut\u00f3noma de Sinaloa (UAS) participar\u00e1 en el Quinto Seminario [&hellip;]\" \/>\n<meta property=\"og:url\" content=\"https:\/\/fuentesfidedignas.com.mx\/index.php\/2026\/09\/01\/la-uas-sera-sede-coorganizadora-del-quinto-seminario-interinstitucional-de-literaturas-regionales\/\" \/>\n<meta property=\"og:site_name\" content=\"Fuentes Fidedignas\" \/>\n<meta property=\"article:publisher\" content=\"https:\/\/www.facebook.com\/Fuentes-Fidedignas-368234489921644\" \/>\n<meta property=\"article:published_time\" content=\"2026-09-01T13:09:37+00:00\" \/>\n<meta property=\"article:modified_time\" content=\"2026-09-01T13:13:18+00:00\" \/>\n<meta property=\"og:image\" content=\"https:\/\/fuentesfidedignas.com.mx\/wp-content\/uploads\/2026\/09\/FILOSOFIA-JAVIER-VELAZQUEZ-SEMINARIO-DE-LITERATURA-REGIONAL-9.jpg\" \/>\n\t<meta property=\"og:image:width\" content=\"500\" \/>\n\t<meta property=\"og:image:height\" content=\"375\" \/>\n\t<meta property=\"og:image:type\" content=\"image\/jpeg\" \/>\n<meta name=\"author\" content=\"Redacci\u00f3n\" \/>\n<meta name=\"twitter:card\" content=\"summary_large_image\" \/>\n<meta name=\"twitter:creator\" content=\"@fidedignas\" \/>\n<meta name=\"twitter:site\" content=\"@fidedignas\" \/>\n<meta name=\"twitter:label1\" content=\"Escrito por\" \/>\n\t<meta name=\"twitter:data1\" content=\"Redacci\u00f3n\" \/>\n\t<meta name=\"twitter:label2\" content=\"Tiempo de lectura\" \/>\n\t<meta name=\"twitter:data2\" content=\"3 minutos\" \/>\n<script type=\"application\/ld+json\" class=\"yoast-schema-graph\">{\"@context\":\"https:\\\/\\\/schema.org\",\"@graph\":[{\"@type\":\"Article\",\"@id\":\"https:\\\/\\\/fuentesfidedignas.com.mx\\\/index.php\\\/2026\\\/09\\\/01\\\/la-uas-sera-sede-coorganizadora-del-quinto-seminario-interinstitucional-de-literaturas-regionales\\\/#article\",\"isPartOf\":{\"@id\":\"https:\\\/\\\/fuentesfidedignas.com.mx\\\/index.php\\\/2026\\\/09\\\/01\\\/la-uas-sera-sede-coorganizadora-del-quinto-seminario-interinstitucional-de-literaturas-regionales\\\/\"},\"author\":{\"name\":\"Redacci\u00f3n\",\"@id\":\"https:\\\/\\\/fuentesfidedignas.com.mx\\\/#\\\/schema\\\/person\\\/331be9283d37198e2acd5750279085b0\"},\"headline\":\"La UAS ser\u00e1 sede coorganizadora del quinto Seminario Interinstitucional de Literaturas Regionales\",\"datePublished\":\"2026-09-01T13:09:37+00:00\",\"dateModified\":\"2026-09-01T13:13:18+00:00\",\"mainEntityOfPage\":{\"@id\":\"https:\\\/\\\/fuentesfidedignas.com.mx\\\/index.php\\\/2026\\\/09\\\/01\\\/la-uas-sera-sede-coorganizadora-del-quinto-seminario-interinstitucional-de-literaturas-regionales\\\/\"},\"wordCount\":463,\"commentCount\":0,\"publisher\":{\"@id\":\"https:\\\/\\\/fuentesfidedignas.com.mx\\\/#organization\"},\"image\":{\"@id\":\"https:\\\/\\\/fuentesfidedignas.com.mx\\\/index.php\\\/2026\\\/09\\\/01\\\/la-uas-sera-sede-coorganizadora-del-quinto-seminario-interinstitucional-de-literaturas-regionales\\\/#primaryimage\"},\"thumbnailUrl\":\"https:\\\/\\\/fuentesfidedignas.com.mx\\\/wp-content\\\/uploads\\\/2026\\\/09\\\/FILOSOFIA-JAVIER-VELAZQUEZ-SEMINARIO-DE-LITERATURA-REGIONAL-9.jpg\",\"articleSection\":[\"NOTICIAS LOCALES\"],\"inLanguage\":\"es\",\"potentialAction\":[{\"@type\":\"CommentAction\",\"name\":\"Comment\",\"target\":[\"https:\\\/\\\/fuentesfidedignas.com.mx\\\/index.php\\\/2026\\\/09\\\/01\\\/la-uas-sera-sede-coorganizadora-del-quinto-seminario-interinstitucional-de-literaturas-regionales\\\/#respond\"]}]},{\"@type\":\"WebPage\",\"@id\":\"https:\\\/\\\/fuentesfidedignas.com.mx\\\/index.php\\\/2026\\\/09\\\/01\\\/la-uas-sera-sede-coorganizadora-del-quinto-seminario-interinstitucional-de-literaturas-regionales\\\/\",\"url\":\"https:\\\/\\\/fuentesfidedignas.com.mx\\\/index.php\\\/2026\\\/09\\\/01\\\/la-uas-sera-sede-coorganizadora-del-quinto-seminario-interinstitucional-de-literaturas-regionales\\\/\",\"name\":\"La UAS ser\u00e1 sede coorganizadora del quinto Seminario Interinstitucional de Literaturas Regionales - Fuentes Fidedignas\",\"isPartOf\":{\"@id\":\"https:\\\/\\\/fuentesfidedignas.com.mx\\\/#website\"},\"primaryImageOfPage\":{\"@id\":\"https:\\\/\\\/fuentesfidedignas.com.mx\\\/index.php\\\/2026\\\/09\\\/01\\\/la-uas-sera-sede-coorganizadora-del-quinto-seminario-interinstitucional-de-literaturas-regionales\\\/#primaryimage\"},\"image\":{\"@id\":\"https:\\\/\\\/fuentesfidedignas.com.mx\\\/index.php\\\/2026\\\/09\\\/01\\\/la-uas-sera-sede-coorganizadora-del-quinto-seminario-interinstitucional-de-literaturas-regionales\\\/#primaryimage\"},\"thumbnailUrl\":\"https:\\\/\\\/fuentesfidedignas.com.mx\\\/wp-content\\\/uploads\\\/2026\\\/09\\\/FILOSOFIA-JAVIER-VELAZQUEZ-SEMINARIO-DE-LITERATURA-REGIONAL-9.jpg\",\"datePublished\":\"2026-09-01T13:09:37+00:00\",\"dateModified\":\"2026-09-01T13:13:18+00:00\",\"breadcrumb\":{\"@id\":\"https:\\\/\\\/fuentesfidedignas.com.mx\\\/index.php\\\/2026\\\/09\\\/01\\\/la-uas-sera-sede-coorganizadora-del-quinto-seminario-interinstitucional-de-literaturas-regionales\\\/#breadcrumb\"},\"inLanguage\":\"es\",\"potentialAction\":[{\"@type\":\"ReadAction\",\"target\":[\"https:\\\/\\\/fuentesfidedignas.com.mx\\\/index.php\\\/2026\\\/09\\\/01\\\/la-uas-sera-sede-coorganizadora-del-quinto-seminario-interinstitucional-de-literaturas-regionales\\\/\"]}]},{\"@type\":\"ImageObject\",\"inLanguage\":\"es\",\"@id\":\"https:\\\/\\\/fuentesfidedignas.com.mx\\\/index.php\\\/2026\\\/09\\\/01\\\/la-uas-sera-sede-coorganizadora-del-quinto-seminario-interinstitucional-de-literaturas-regionales\\\/#primaryimage\",\"url\":\"https:\\\/\\\/fuentesfidedignas.com.mx\\\/wp-content\\\/uploads\\\/2026\\\/09\\\/FILOSOFIA-JAVIER-VELAZQUEZ-SEMINARIO-DE-LITERATURA-REGIONAL-9.jpg\",\"contentUrl\":\"https:\\\/\\\/fuentesfidedignas.com.mx\\\/wp-content\\\/uploads\\\/2026\\\/09\\\/FILOSOFIA-JAVIER-VELAZQUEZ-SEMINARIO-DE-LITERATURA-REGIONAL-9.jpg\",\"width\":500,\"height\":375},{\"@type\":\"BreadcrumbList\",\"@id\":\"https:\\\/\\\/fuentesfidedignas.com.mx\\\/index.php\\\/2026\\\/09\\\/01\\\/la-uas-sera-sede-coorganizadora-del-quinto-seminario-interinstitucional-de-literaturas-regionales\\\/#breadcrumb\",\"itemListElement\":[{\"@type\":\"ListItem\",\"position\":1,\"name\":\"Inicio\",\"item\":\"https:\\\/\\\/fuentesfidedignas.com.mx\\\/\"},{\"@type\":\"ListItem\",\"position\":2,\"name\":\"La UAS ser\u00e1 sede coorganizadora del quinto Seminario Interinstitucional de Literaturas Regionales\"}]},{\"@type\":\"WebSite\",\"@id\":\"https:\\\/\\\/fuentesfidedignas.com.mx\\\/#website\",\"url\":\"https:\\\/\\\/fuentesfidedignas.com.mx\\\/\",\"name\":\"Fuentes Fidedignas\",\"description\":\"Otro sitio realizado con WordPress\",\"publisher\":{\"@id\":\"https:\\\/\\\/fuentesfidedignas.com.mx\\\/#organization\"},\"potentialAction\":[{\"@type\":\"SearchAction\",\"target\":{\"@type\":\"EntryPoint\",\"urlTemplate\":\"https:\\\/\\\/fuentesfidedignas.com.mx\\\/?s={search_term_string}\"},\"query-input\":{\"@type\":\"PropertyValueSpecification\",\"valueRequired\":true,\"valueName\":\"search_term_string\"}}],\"inLanguage\":\"es\"},{\"@type\":\"Organization\",\"@id\":\"https:\\\/\\\/fuentesfidedignas.com.mx\\\/#organization\",\"name\":\"Fuentes Fidedignas\",\"url\":\"https:\\\/\\\/fuentesfidedignas.com.mx\\\/\",\"logo\":{\"@type\":\"ImageObject\",\"inLanguage\":\"es\",\"@id\":\"https:\\\/\\\/fuentesfidedignas.com.mx\\\/#\\\/schema\\\/logo\\\/image\\\/\",\"url\":\"https:\\\/\\\/fuentesfidedignas.com.mx\\\/wp-content\\\/uploads\\\/2021\\\/04\\\/logo-retina.png\",\"contentUrl\":\"https:\\\/\\\/fuentesfidedignas.com.mx\\\/wp-content\\\/uploads\\\/2021\\\/04\\\/logo-retina.png\",\"width\":280,\"height\":51,\"caption\":\"Fuentes Fidedignas\"},\"image\":{\"@id\":\"https:\\\/\\\/fuentesfidedignas.com.mx\\\/#\\\/schema\\\/logo\\\/image\\\/\"},\"sameAs\":[\"https:\\\/\\\/www.facebook.com\\\/Fuentes-Fidedignas-368234489921644\",\"https:\\\/\\\/x.com\\\/fidedignas\"]},{\"@type\":\"Person\",\"@id\":\"https:\\\/\\\/fuentesfidedignas.com.mx\\\/#\\\/schema\\\/person\\\/331be9283d37198e2acd5750279085b0\",\"name\":\"Redacci\u00f3n\",\"image\":{\"@type\":\"ImageObject\",\"inLanguage\":\"es\",\"@id\":\"https:\\\/\\\/secure.gravatar.com\\\/avatar\\\/f6d8782c11d12b2d4ad3fbb6931aeab5309937a4d6cd2fc9cfaa28a6396a5aec?s=96&d=mm&r=g\",\"url\":\"https:\\\/\\\/secure.gravatar.com\\\/avatar\\\/f6d8782c11d12b2d4ad3fbb6931aeab5309937a4d6cd2fc9cfaa28a6396a5aec?s=96&d=mm&r=g\",\"contentUrl\":\"https:\\\/\\\/secure.gravatar.com\\\/avatar\\\/f6d8782c11d12b2d4ad3fbb6931aeab5309937a4d6cd2fc9cfaa28a6396a5aec?s=96&d=mm&r=g\",\"caption\":\"Redacci\u00f3n\"},\"url\":\"https:\\\/\\\/fuentesfidedignas.com.mx\\\/index.php\\\/author\\\/redaccion\\\/\"}]}<\/script>\n<!-- \/ Yoast SEO plugin. -->","yoast_head_json":{"title":"La UAS ser\u00e1 sede coorganizadora del quinto Seminario Interinstitucional de Literaturas Regionales - Fuentes Fidedignas","robots":{"index":"index","follow":"follow","max-snippet":"max-snippet:-1","max-image-preview":"max-image-preview:large","max-video-preview":"max-video-preview:-1"},"canonical":"https:\/\/fuentesfidedignas.com.mx\/index.php\/2026\/09\/01\/la-uas-sera-sede-coorganizadora-del-quinto-seminario-interinstitucional-de-literaturas-regionales\/","og_locale":"es_MX","og_type":"article","og_title":"La UAS ser\u00e1 sede coorganizadora del quinto Seminario Interinstitucional de Literaturas Regionales - Fuentes Fidedignas","og_description":"En esta edici\u00f3n abordar\u00e1 las \u201cNovedades literarias del Pac\u00edfico mexicano\u201d a trav\u00e9s de seis sesiones virtuales, del 12 de septiembre al 21 de noviembre de 2026. Con el objetivo de analizar las nuevas expresiones literarias y su v\u00ednculo con las transformaciones sociales del pa\u00eds, la Universidad Aut\u00f3noma de Sinaloa (UAS) participar\u00e1 en el Quinto Seminario [&hellip;]","og_url":"https:\/\/fuentesfidedignas.com.mx\/index.php\/2026\/09\/01\/la-uas-sera-sede-coorganizadora-del-quinto-seminario-interinstitucional-de-literaturas-regionales\/","og_site_name":"Fuentes Fidedignas","article_publisher":"https:\/\/www.facebook.com\/Fuentes-Fidedignas-368234489921644","article_published_time":"2026-09-01T13:09:37+00:00","article_modified_time":"2026-09-01T13:13:18+00:00","og_image":[{"width":500,"height":375,"url":"https:\/\/fuentesfidedignas.com.mx\/wp-content\/uploads\/2026\/09\/FILOSOFIA-JAVIER-VELAZQUEZ-SEMINARIO-DE-LITERATURA-REGIONAL-9.jpg","type":"image\/jpeg"}],"author":"Redacci\u00f3n","twitter_card":"summary_large_image","twitter_creator":"@fidedignas","twitter_site":"@fidedignas","twitter_misc":{"Escrito por":"Redacci\u00f3n","Tiempo de lectura":"3 minutos"},"schema":{"@context":"https:\/\/schema.org","@graph":[{"@type":"Article","@id":"https:\/\/fuentesfidedignas.com.mx\/index.php\/2026\/09\/01\/la-uas-sera-sede-coorganizadora-del-quinto-seminario-interinstitucional-de-literaturas-regionales\/#article","isPartOf":{"@id":"https:\/\/fuentesfidedignas.com.mx\/index.php\/2026\/09\/01\/la-uas-sera-sede-coorganizadora-del-quinto-seminario-interinstitucional-de-literaturas-regionales\/"},"author":{"name":"Redacci\u00f3n","@id":"https:\/\/fuentesfidedignas.com.mx\/#\/schema\/person\/331be9283d37198e2acd5750279085b0"},"headline":"La UAS ser\u00e1 sede coorganizadora del quinto Seminario Interinstitucional de Literaturas Regionales","datePublished":"2026-09-01T13:09:37+00:00","dateModified":"2026-09-01T13:13:18+00:00","mainEntityOfPage":{"@id":"https:\/\/fuentesfidedignas.com.mx\/index.php\/2026\/09\/01\/la-uas-sera-sede-coorganizadora-del-quinto-seminario-interinstitucional-de-literaturas-regionales\/"},"wordCount":463,"commentCount":0,"publisher":{"@id":"https:\/\/fuentesfidedignas.com.mx\/#organization"},"image":{"@id":"https:\/\/fuentesfidedignas.com.mx\/index.php\/2026\/09\/01\/la-uas-sera-sede-coorganizadora-del-quinto-seminario-interinstitucional-de-literaturas-regionales\/#primaryimage"},"thumbnailUrl":"https:\/\/fuentesfidedignas.com.mx\/wp-content\/uploads\/2026\/09\/FILOSOFIA-JAVIER-VELAZQUEZ-SEMINARIO-DE-LITERATURA-REGIONAL-9.jpg","articleSection":["NOTICIAS LOCALES"],"inLanguage":"es","potentialAction":[{"@type":"CommentAction","name":"Comment","target":["https:\/\/fuentesfidedignas.com.mx\/index.php\/2026\/09\/01\/la-uas-sera-sede-coorganizadora-del-quinto-seminario-interinstitucional-de-literaturas-regionales\/#respond"]}]},{"@type":"WebPage","@id":"https:\/\/fuentesfidedignas.com.mx\/index.php\/2026\/09\/01\/la-uas-sera-sede-coorganizadora-del-quinto-seminario-interinstitucional-de-literaturas-regionales\/","url":"https:\/\/fuentesfidedignas.com.mx\/index.php\/2026\/09\/01\/la-uas-sera-sede-coorganizadora-del-quinto-seminario-interinstitucional-de-literaturas-regionales\/","name":"La UAS ser\u00e1 sede coorganizadora del quinto Seminario Interinstitucional de Literaturas Regionales - Fuentes Fidedignas","isPartOf":{"@id":"https:\/\/fuentesfidedignas.com.mx\/#website"},"primaryImageOfPage":{"@id":"https:\/\/fuentesfidedignas.com.mx\/index.php\/2026\/09\/01\/la-uas-sera-sede-coorganizadora-del-quinto-seminario-interinstitucional-de-literaturas-regionales\/#primaryimage"},"image":{"@id":"https:\/\/fuentesfidedignas.com.mx\/index.php\/2026\/09\/01\/la-uas-sera-sede-coorganizadora-del-quinto-seminario-interinstitucional-de-literaturas-regionales\/#primaryimage"},"thumbnailUrl":"https:\/\/fuentesfidedignas.com.mx\/wp-content\/uploads\/2026\/09\/FILOSOFIA-JAVIER-VELAZQUEZ-SEMINARIO-DE-LITERATURA-REGIONAL-9.jpg","datePublished":"2026-09-01T13:09:37+00:00","dateModified":"2026-09-01T13:13:18+00:00","breadcrumb":{"@id":"https:\/\/fuentesfidedignas.com.mx\/index.php\/2026\/09\/01\/la-uas-sera-sede-coorganizadora-del-quinto-seminario-interinstitucional-de-literaturas-regionales\/#breadcrumb"},"inLanguage":"es","potentialAction":[{"@type":"ReadAction","target":["https:\/\/fuentesfidedignas.com.mx\/index.php\/2026\/09\/01\/la-uas-sera-sede-coorganizadora-del-quinto-seminario-interinstitucional-de-literaturas-regionales\/"]}]},{"@type":"ImageObject","inLanguage":"es","@id":"https:\/\/fuentesfidedignas.com.mx\/index.php\/2026\/09\/01\/la-uas-sera-sede-coorganizadora-del-quinto-seminario-interinstitucional-de-literaturas-regionales\/#primaryimage","url":"https:\/\/fuentesfidedignas.com.mx\/wp-content\/uploads\/2026\/09\/FILOSOFIA-JAVIER-VELAZQUEZ-SEMINARIO-DE-LITERATURA-REGIONAL-9.jpg","contentUrl":"https:\/\/fuentesfidedignas.com.mx\/wp-content\/uploads\/2026\/09\/FILOSOFIA-JAVIER-VELAZQUEZ-SEMINARIO-DE-LITERATURA-REGIONAL-9.jpg","width":500,"height":375},{"@type":"BreadcrumbList","@id":"https:\/\/fuentesfidedignas.com.mx\/index.php\/2026\/09\/01\/la-uas-sera-sede-coorganizadora-del-quinto-seminario-interinstitucional-de-literaturas-regionales\/#breadcrumb","itemListElement":[{"@type":"ListItem","position":1,"name":"Inicio","item":"https:\/\/fuentesfidedignas.com.mx\/"},{"@type":"ListItem","position":2,"name":"La UAS ser\u00e1 sede coorganizadora del quinto Seminario Interinstitucional de Literaturas Regionales"}]},{"@type":"WebSite","@id":"https:\/\/fuentesfidedignas.com.mx\/#website","url":"https:\/\/fuentesfidedignas.com.mx\/","name":"Fuentes Fidedignas","description":"Otro sitio realizado con WordPress","publisher":{"@id":"https:\/\/fuentesfidedignas.com.mx\/#organization"},"potentialAction":[{"@type":"SearchAction","target":{"@type":"EntryPoint","urlTemplate":"https:\/\/fuentesfidedignas.com.mx\/?s={search_term_string}"},"query-input":{"@type":"PropertyValueSpecification","valueRequired":true,"valueName":"search_term_string"}}],"inLanguage":"es"},{"@type":"Organization","@id":"https:\/\/fuentesfidedignas.com.mx\/#organization","name":"Fuentes Fidedignas","url":"https:\/\/fuentesfidedignas.com.mx\/","logo":{"@type":"ImageObject","inLanguage":"es","@id":"https:\/\/fuentesfidedignas.com.mx\/#\/schema\/logo\/image\/","url":"https:\/\/fuentesfidedignas.com.mx\/wp-content\/uploads\/2021\/04\/logo-retina.png","contentUrl":"https:\/\/fuentesfidedignas.com.mx\/wp-content\/uploads\/2021\/04\/logo-retina.png","width":280,"height":51,"caption":"Fuentes Fidedignas"},"image":{"@id":"https:\/\/fuentesfidedignas.com.mx\/#\/schema\/logo\/image\/"},"sameAs":["https:\/\/www.facebook.com\/Fuentes-Fidedignas-368234489921644","https:\/\/x.com\/fidedignas"]},{"@type":"Person","@id":"https:\/\/fuentesfidedignas.com.mx\/#\/schema\/person\/331be9283d37198e2acd5750279085b0","name":"Redacci\u00f3n","image":{"@type":"ImageObject","inLanguage":"es","@id":"https:\/\/secure.gravatar.com\/avatar\/f6d8782c11d12b2d4ad3fbb6931aeab5309937a4d6cd2fc9cfaa28a6396a5aec?s=96&d=mm&r=g","url":"https:\/\/secure.gravatar.com\/avatar\/f6d8782c11d12b2d4ad3fbb6931aeab5309937a4d6cd2fc9cfaa28a6396a5aec?s=96&d=mm&r=g","contentUrl":"https:\/\/secure.gravatar.com\/avatar\/f6d8782c11d12b2d4ad3fbb6931aeab5309937a4d6cd2fc9cfaa28a6396a5aec?s=96&d=mm&r=g","caption":"Redacci\u00f3n"},"url":"https:\/\/fuentesfidedignas.com.mx\/index.php\/author\/redaccion\/"}]}},"_links":{"self":[{"href":"https:\/\/fuentesfidedignas.com.mx\/index.php\/wp-json\/wp\/v2\/posts\/141358","targetHints":{"allow":["GET"]}}],"collection":[{"href":"https:\/\/fuentesfidedignas.com.mx\/index.php\/wp-json\/wp\/v2\/posts"}],"about":[{"href":"https:\/\/fuentesfidedignas.com.mx\/index.php\/wp-json\/wp\/v2\/types\/post"}],"author":[{"embeddable":true,"href":"https:\/\/fuentesfidedignas.com.mx\/index.php\/wp-json\/wp\/v2\/users\/4"}],"replies":[{"embeddable":true,"href":"https:\/\/fuentesfidedignas.com.mx\/index.php\/wp-json\/wp\/v2\/comments?post=141358"}],"version-history":[{"count":3,"href":"https:\/\/fuentesfidedignas.com.mx\/index.php\/wp-json\/wp\/v2\/posts\/141358\/revisions"}],"predecessor-version":[{"id":141362,"href":"https:\/\/fuentesfidedignas.com.mx\/index.php\/wp-json\/wp\/v2\/posts\/141358\/revisions\/141362"}],"wp:featuredmedia":[{"embeddable":true,"href":"https:\/\/fuentesfidedignas.com.mx\/index.php\/wp-json\/wp\/v2\/media\/141359"}],"wp:attachment":[{"href":"https:\/\/fuentesfidedignas.com.mx\/index.php\/wp-json\/wp\/v2\/media?parent=141358"}],"wp:term":[{"taxonomy":"category","embeddable":true,"href":"https:\/\/fuentesfidedignas.com.mx\/index.php\/wp-json\/wp\/v2\/categories?post=141358"},{"taxonomy":"post_tag","embeddable":true,"href":"https:\/\/fuentesfidedignas.com.mx\/index.php\/wp-json\/wp\/v2\/tags?post=141358"}],"curies":[{"name":"wp","href":"https:\/\/api.w.org\/{rel}","templated":true}]}}