{"id":141343,"date":"2026-08-31T17:19:15","date_gmt":"2026-09-01T00:19:15","guid":{"rendered":"https:\/\/fuentesfidedignas.com.mx\/?p=141343"},"modified":"2026-08-31T17:27:43","modified_gmt":"2026-09-01T00:27:43","slug":"inzunza-reaparece-enel-senado-meses-de-ausencia-asegura-tener-la-conciencia-tranquila","status":"publish","type":"post","link":"https:\/\/fuentesfidedignas.com.mx\/index.php\/2026\/08\/31\/inzunza-reaparece-enel-senado-meses-de-ausencia-asegura-tener-la-conciencia-tranquila\/","title":{"rendered":"Inzunza reaparece en el Senado tras meses de ausencia; asegura tener la conciencia tranquila"},"content":{"rendered":"\n<p class=\"wp-block-paragraph\">Tras denunciar que es v\u00edctima de una campa\u00f1a medi\u00e1tica y pol\u00edtica, el senador Enrique Inzunza C\u00e1zarez asegur\u00f3 que es \u201cconstitucional y ver\u00eddicamente\u201d inocente de las acusaciones del Departamento de Justicia de Estados Unidos, que lo vincula con el C\u00e1rtel de Sinaloa. \u201cNo soy narcosenador\u201d, expres\u00f3 ante los medios de comunicaci\u00f3n.<\/p>\n\n\n\n<figure class=\"wp-block-embed is-type-rich is-provider-x wp-block-embed-x\"><div class=\"wp-block-embed__wrapper\">\n<blockquote class=\"twitter-tweet\" data-width=\"550\" data-dnt=\"true\"><p lang=\"es\" dir=\"ltr\">\ud83d\udea8 \ud83d\udde3\ufe0f &quot;No tengo ning\u00fan temor&quot;<br><br>\ud83d\udccc Enrique Inzunza, senador independiente, dice que no tiene temor de ir a la c\u00e1rcel a pesar de las acusaciones de EU en su contra<a href=\"https:\/\/x.com\/hashtag\/VIDEO?src=hash&amp;ref_src=twsrc%5Etfw\">#VIDEO<\/a>: Diego Sim\u00f3n S\u00e1nchez | EL UNIVERSAL <a href=\"https:\/\/t.co\/BKQ7Chp2Ob\">pic.twitter.com\/BKQ7Chp2Ob<\/a><\/p>&mdash; El Universal (@El_Universal_Mx) <a href=\"https:\/\/x.com\/El_Universal_Mx\/status\/2094566608366641396?ref_src=twsrc%5Etfw\">August 31, 2026<\/a><\/blockquote><script async src=\"https:\/\/platform.x.com\/widgets.js\" charset=\"utf-8\"><\/script>\n<\/div><\/figure>\n\n\n\n<p class=\"wp-block-paragraph\">En conferencia de prensa, al reaparecer en el Senado, luego de cuatro meses de ausencia, el ahora senador sin partido afirm\u00f3 que los cargos en su contra son \u201cpatra\u00f1as\u201d y parte de una embestida pol\u00edtica y medi\u00e1tica de calumnias y diatribas\u201d.<\/p>\n\n\n\n<p class=\"wp-block-paragraph\">\u201cQueda muy claro que estamos en presencia de un asunto de corte pol\u00edtico, no estamos ante un asunto jur\u00eddico ni un asunto judicial. (\u2026) No consiento ni permito y me defender\u00e9 ante quien sea, que se trate de manchar una visa de esfuerzo, una vida de lealtad a las instituciones, una vida de compromiso con la construcci\u00f3n aqu\u00ed en el Senado de la Rep\u00fablica, con el estado constitucional de bienestar\u201d, enfatiz\u00f3.<\/p>\n\n\n\n<p class=\"wp-block-paragraph\">Revel\u00f3 que ya compareci\u00f3 una vez ante el ministerio p\u00fablico federal y volver\u00e1 a hacerlo las veces que sean necesarias.<\/p>\n\n\n\n<p class=\"wp-block-paragraph\">Enrique Inzunza anunci\u00f3 que no solicitar\u00e1 licencia para separarse de su esca\u00f1o porque su honradez y honorabilidad son sus mayores defensas ante las acusaciones injustas e infundadas que se le han hecho. Dijo que no es toda su vida no ha sido \u201cnarco bibliotecario, ni narco taquero, ni narco magsitrado, ni narco legislador\u201d. Ademas, recalc\u00f3 que aunque renunci\u00f3 al grupo parlamentario de Morena, continuar\u00e1 votando en favor de las iniciativas presidenciales y de la Cuarta Transformaci\u00f3n.<\/p>\n\n\n\n<p class=\"wp-block-paragraph\">Reconoci\u00f3 que sus cinco cuentas bancarias contin\u00faan bloqueadas por la Unidad de Inteligencia Financiera, pero s\u00ed ha cobrado su dieta mediante cheques mensuales.<\/p>\n\n\n\n<p class=\"wp-block-paragraph\">Asegur\u00f3 que no se ha escondido ni pretende escudarse en el fuero constitucional para evadir a la justicia, al tiempo que rechaz\u00f3 de manera categ\u00f3rica cualquier v\u00ednculo con grupos del crimen organizado y exigi\u00f3 a la Fiscal\u00eda General de la Rep\u00fablica (FGR) concluir la investigaci\u00f3n abierta en su contra.<\/p>\n\n\n\n<p class=\"wp-block-paragraph\">Dijo que estos cuatro meses permaneci\u00f3 en Culiac\u00e1n, visit\u00f3 a sus padres y continu\u00f3 trabajando en su responsabilidad como presidente de la Comisi\u00f3n de Estudios Legislativos, donde, afirm\u00f3, prepar\u00f3 los dict\u00e1menes correspondientes a 22 reformas que se desahogar\u00e1n en el nuevo periodo.<\/p>\n\n\n\n<p class=\"wp-block-paragraph\">\u201cDe ninguna forma estuvo ausente del trabajo legislativo\u201d, afirm\u00f3 ante los cuestionamientos de reporteros sobre su prolongada ausencia del Senado<\/p>\n\n\n\n<p class=\"wp-block-paragraph\"><\/p>\n","protected":false},"excerpt":{"rendered":"<p>Tras denunciar que es v\u00edctima de una campa\u00f1a medi\u00e1tica y pol\u00edtica, el senador Enrique Inzunza C\u00e1zarez asegur\u00f3 que es \u201cconstitucional y ver\u00eddicamente\u201d inocente de las acusaciones del Departamento de Justicia de Estados Unidos, que lo vincula con el C\u00e1rtel de Sinaloa. \u201cNo soy narcosenador\u201d, expres\u00f3 ante los medios de comunicaci\u00f3n. En conferencia de prensa, al [&hellip;]<\/p>\n","protected":false},"author":39,"featured_media":141349,"comment_status":"open","ping_status":"open","sticky":false,"template":"","format":"standard","meta":{"tdm_status":"","tdm_grid_status":"","footnotes":""},"categories":[37],"tags":[],"class_list":["post-141343","post","type-post","status-publish","format-standard","has-post-thumbnail","category-nota-principal"],"yoast_head":"<!-- This site is optimized with the Yoast SEO plugin v28.3 - https:\/\/yoast.com\/product\/yoast-seo-wordpress\/ -->\n<title>Inzunza reaparece en el Senado tras meses de ausencia; asegura tener la conciencia tranquila - Fuentes Fidedignas<\/title>\n<meta name=\"robots\" content=\"index, follow, max-snippet:-1, max-image-preview:large, max-video-preview:-1\" \/>\n<link rel=\"canonical\" href=\"https:\/\/fuentesfidedignas.com.mx\/index.php\/2026\/08\/31\/inzunza-reaparece-enel-senado-meses-de-ausencia-asegura-tener-la-conciencia-tranquila\/\" \/>\n<meta property=\"og:locale\" content=\"es_MX\" \/>\n<meta property=\"og:type\" content=\"article\" \/>\n<meta property=\"og:title\" content=\"Inzunza reaparece en el Senado tras meses de ausencia; asegura tener la conciencia tranquila - Fuentes Fidedignas\" \/>\n<meta property=\"og:description\" content=\"Tras denunciar que es v\u00edctima de una campa\u00f1a medi\u00e1tica y pol\u00edtica, el senador Enrique Inzunza C\u00e1zarez asegur\u00f3 que es \u201cconstitucional y ver\u00eddicamente\u201d inocente de las acusaciones del Departamento de Justicia de Estados Unidos, que lo vincula con el C\u00e1rtel de Sinaloa. \u201cNo soy narcosenador\u201d, expres\u00f3 ante los medios de comunicaci\u00f3n. En conferencia de prensa, al [&hellip;]\" \/>\n<meta property=\"og:url\" content=\"https:\/\/fuentesfidedignas.com.mx\/index.php\/2026\/08\/31\/inzunza-reaparece-enel-senado-meses-de-ausencia-asegura-tener-la-conciencia-tranquila\/\" \/>\n<meta property=\"og:site_name\" content=\"Fuentes Fidedignas\" \/>\n<meta property=\"article:publisher\" content=\"https:\/\/www.facebook.com\/Fuentes-Fidedignas-368234489921644\" \/>\n<meta property=\"article:published_time\" content=\"2026-09-01T00:19:15+00:00\" \/>\n<meta property=\"article:modified_time\" content=\"2026-09-01T00:27:43+00:00\" \/>\n<meta property=\"og:image\" content=\"https:\/\/fuentesfidedignas.com.mx\/wp-content\/uploads\/2026\/08\/descarga-1.webp\" \/>\n\t<meta property=\"og:image:width\" content=\"1200\" \/>\n\t<meta property=\"og:image:height\" content=\"675\" \/>\n\t<meta property=\"og:image:type\" content=\"image\/webp\" \/>\n<meta name=\"author\" content=\"El Universal\" \/>\n<meta name=\"twitter:card\" content=\"summary_large_image\" \/>\n<meta name=\"twitter:creator\" content=\"@fidedignas\" \/>\n<meta name=\"twitter:site\" content=\"@fidedignas\" \/>\n<meta name=\"twitter:label1\" content=\"Escrito por\" \/>\n\t<meta name=\"twitter:data1\" content=\"El Universal\" \/>\n\t<meta name=\"twitter:label2\" content=\"Tiempo de lectura\" \/>\n\t<meta name=\"twitter:data2\" content=\"2 minutos\" \/>\n<script type=\"application\/ld+json\" class=\"yoast-schema-graph\">{\"@context\":\"https:\\\/\\\/schema.org\",\"@graph\":[{\"@type\":\"Article\",\"@id\":\"https:\\\/\\\/fuentesfidedignas.com.mx\\\/index.php\\\/2026\\\/08\\\/31\\\/inzunza-reaparece-enel-senado-meses-de-ausencia-asegura-tener-la-conciencia-tranquila\\\/#article\",\"isPartOf\":{\"@id\":\"https:\\\/\\\/fuentesfidedignas.com.mx\\\/index.php\\\/2026\\\/08\\\/31\\\/inzunza-reaparece-enel-senado-meses-de-ausencia-asegura-tener-la-conciencia-tranquila\\\/\"},\"author\":{\"name\":\"El Universal\",\"@id\":\"https:\\\/\\\/fuentesfidedignas.com.mx\\\/#\\\/schema\\\/person\\\/fee3882e65fd0510d292c43a346d35d7\"},\"headline\":\"Inzunza reaparece en el Senado tras meses de ausencia; asegura tener la conciencia tranquila\",\"datePublished\":\"2026-09-01T00:19:15+00:00\",\"dateModified\":\"2026-09-01T00:27:43+00:00\",\"mainEntityOfPage\":{\"@id\":\"https:\\\/\\\/fuentesfidedignas.com.mx\\\/index.php\\\/2026\\\/08\\\/31\\\/inzunza-reaparece-enel-senado-meses-de-ausencia-asegura-tener-la-conciencia-tranquila\\\/\"},\"wordCount\":474,\"commentCount\":0,\"publisher\":{\"@id\":\"https:\\\/\\\/fuentesfidedignas.com.mx\\\/#organization\"},\"image\":{\"@id\":\"https:\\\/\\\/fuentesfidedignas.com.mx\\\/index.php\\\/2026\\\/08\\\/31\\\/inzunza-reaparece-enel-senado-meses-de-ausencia-asegura-tener-la-conciencia-tranquila\\\/#primaryimage\"},\"thumbnailUrl\":\"https:\\\/\\\/fuentesfidedignas.com.mx\\\/wp-content\\\/uploads\\\/2026\\\/08\\\/descarga-1.webp\",\"articleSection\":[\"NOTA PRINCIPAL\"],\"inLanguage\":\"es\",\"potentialAction\":[{\"@type\":\"CommentAction\",\"name\":\"Comment\",\"target\":[\"https:\\\/\\\/fuentesfidedignas.com.mx\\\/index.php\\\/2026\\\/08\\\/31\\\/inzunza-reaparece-enel-senado-meses-de-ausencia-asegura-tener-la-conciencia-tranquila\\\/#respond\"]}]},{\"@type\":\"WebPage\",\"@id\":\"https:\\\/\\\/fuentesfidedignas.com.mx\\\/index.php\\\/2026\\\/08\\\/31\\\/inzunza-reaparece-enel-senado-meses-de-ausencia-asegura-tener-la-conciencia-tranquila\\\/\",\"url\":\"https:\\\/\\\/fuentesfidedignas.com.mx\\\/index.php\\\/2026\\\/08\\\/31\\\/inzunza-reaparece-enel-senado-meses-de-ausencia-asegura-tener-la-conciencia-tranquila\\\/\",\"name\":\"Inzunza reaparece en el Senado tras meses de ausencia; asegura tener la conciencia tranquila - Fuentes Fidedignas\",\"isPartOf\":{\"@id\":\"https:\\\/\\\/fuentesfidedignas.com.mx\\\/#website\"},\"primaryImageOfPage\":{\"@id\":\"https:\\\/\\\/fuentesfidedignas.com.mx\\\/index.php\\\/2026\\\/08\\\/31\\\/inzunza-reaparece-enel-senado-meses-de-ausencia-asegura-tener-la-conciencia-tranquila\\\/#primaryimage\"},\"image\":{\"@id\":\"https:\\\/\\\/fuentesfidedignas.com.mx\\\/index.php\\\/2026\\\/08\\\/31\\\/inzunza-reaparece-enel-senado-meses-de-ausencia-asegura-tener-la-conciencia-tranquila\\\/#primaryimage\"},\"thumbnailUrl\":\"https:\\\/\\\/fuentesfidedignas.com.mx\\\/wp-content\\\/uploads\\\/2026\\\/08\\\/descarga-1.webp\",\"datePublished\":\"2026-09-01T00:19:15+00:00\",\"dateModified\":\"2026-09-01T00:27:43+00:00\",\"breadcrumb\":{\"@id\":\"https:\\\/\\\/fuentesfidedignas.com.mx\\\/index.php\\\/2026\\\/08\\\/31\\\/inzunza-reaparece-enel-senado-meses-de-ausencia-asegura-tener-la-conciencia-tranquila\\\/#breadcrumb\"},\"inLanguage\":\"es\",\"potentialAction\":[{\"@type\":\"ReadAction\",\"target\":[\"https:\\\/\\\/fuentesfidedignas.com.mx\\\/index.php\\\/2026\\\/08\\\/31\\\/inzunza-reaparece-enel-senado-meses-de-ausencia-asegura-tener-la-conciencia-tranquila\\\/\"]}]},{\"@type\":\"ImageObject\",\"inLanguage\":\"es\",\"@id\":\"https:\\\/\\\/fuentesfidedignas.com.mx\\\/index.php\\\/2026\\\/08\\\/31\\\/inzunza-reaparece-enel-senado-meses-de-ausencia-asegura-tener-la-conciencia-tranquila\\\/#primaryimage\",\"url\":\"https:\\\/\\\/fuentesfidedignas.com.mx\\\/wp-content\\\/uploads\\\/2026\\\/08\\\/descarga-1.webp\",\"contentUrl\":\"https:\\\/\\\/fuentesfidedignas.com.mx\\\/wp-content\\\/uploads\\\/2026\\\/08\\\/descarga-1.webp\",\"width\":1200,\"height\":675},{\"@type\":\"BreadcrumbList\",\"@id\":\"https:\\\/\\\/fuentesfidedignas.com.mx\\\/index.php\\\/2026\\\/08\\\/31\\\/inzunza-reaparece-enel-senado-meses-de-ausencia-asegura-tener-la-conciencia-tranquila\\\/#breadcrumb\",\"itemListElement\":[{\"@type\":\"ListItem\",\"position\":1,\"name\":\"Inicio\",\"item\":\"https:\\\/\\\/fuentesfidedignas.com.mx\\\/\"},{\"@type\":\"ListItem\",\"position\":2,\"name\":\"Inzunza reaparece en el Senado tras meses de ausencia; asegura tener la conciencia tranquila\"}]},{\"@type\":\"WebSite\",\"@id\":\"https:\\\/\\\/fuentesfidedignas.com.mx\\\/#website\",\"url\":\"https:\\\/\\\/fuentesfidedignas.com.mx\\\/\",\"name\":\"Fuentes Fidedignas\",\"description\":\"Otro sitio realizado con WordPress\",\"publisher\":{\"@id\":\"https:\\\/\\\/fuentesfidedignas.com.mx\\\/#organization\"},\"potentialAction\":[{\"@type\":\"SearchAction\",\"target\":{\"@type\":\"EntryPoint\",\"urlTemplate\":\"https:\\\/\\\/fuentesfidedignas.com.mx\\\/?s={search_term_string}\"},\"query-input\":{\"@type\":\"PropertyValueSpecification\",\"valueRequired\":true,\"valueName\":\"search_term_string\"}}],\"inLanguage\":\"es\"},{\"@type\":\"Organization\",\"@id\":\"https:\\\/\\\/fuentesfidedignas.com.mx\\\/#organization\",\"name\":\"Fuentes Fidedignas\",\"url\":\"https:\\\/\\\/fuentesfidedignas.com.mx\\\/\",\"logo\":{\"@type\":\"ImageObject\",\"inLanguage\":\"es\",\"@id\":\"https:\\\/\\\/fuentesfidedignas.com.mx\\\/#\\\/schema\\\/logo\\\/image\\\/\",\"url\":\"https:\\\/\\\/fuentesfidedignas.com.mx\\\/wp-content\\\/uploads\\\/2021\\\/04\\\/logo-retina.png\",\"contentUrl\":\"https:\\\/\\\/fuentesfidedignas.com.mx\\\/wp-content\\\/uploads\\\/2021\\\/04\\\/logo-retina.png\",\"width\":280,\"height\":51,\"caption\":\"Fuentes Fidedignas\"},\"image\":{\"@id\":\"https:\\\/\\\/fuentesfidedignas.com.mx\\\/#\\\/schema\\\/logo\\\/image\\\/\"},\"sameAs\":[\"https:\\\/\\\/www.facebook.com\\\/Fuentes-Fidedignas-368234489921644\",\"https:\\\/\\\/x.com\\\/fidedignas\"]},{\"@type\":\"Person\",\"@id\":\"https:\\\/\\\/fuentesfidedignas.com.mx\\\/#\\\/schema\\\/person\\\/fee3882e65fd0510d292c43a346d35d7\",\"name\":\"El Universal\",\"image\":{\"@type\":\"ImageObject\",\"inLanguage\":\"es\",\"@id\":\"https:\\\/\\\/secure.gravatar.com\\\/avatar\\\/1ebc94d82b6c3c081781f73e5b76a0d0c1ac7bf8e57426f18802246eeaa2747c?s=96&d=mm&r=g\",\"url\":\"https:\\\/\\\/secure.gravatar.com\\\/avatar\\\/1ebc94d82b6c3c081781f73e5b76a0d0c1ac7bf8e57426f18802246eeaa2747c?s=96&d=mm&r=g\",\"contentUrl\":\"https:\\\/\\\/secure.gravatar.com\\\/avatar\\\/1ebc94d82b6c3c081781f73e5b76a0d0c1ac7bf8e57426f18802246eeaa2747c?s=96&d=mm&r=g\",\"caption\":\"El Universal\"},\"url\":\"https:\\\/\\\/fuentesfidedignas.com.mx\\\/index.php\\\/author\\\/el-universal\\\/\"}]}<\/script>\n<!-- \/ Yoast SEO plugin. -->","yoast_head_json":{"title":"Inzunza reaparece en el Senado tras meses de ausencia; asegura tener la conciencia tranquila - Fuentes Fidedignas","robots":{"index":"index","follow":"follow","max-snippet":"max-snippet:-1","max-image-preview":"max-image-preview:large","max-video-preview":"max-video-preview:-1"},"canonical":"https:\/\/fuentesfidedignas.com.mx\/index.php\/2026\/08\/31\/inzunza-reaparece-enel-senado-meses-de-ausencia-asegura-tener-la-conciencia-tranquila\/","og_locale":"es_MX","og_type":"article","og_title":"Inzunza reaparece en el Senado tras meses de ausencia; asegura tener la conciencia tranquila - Fuentes Fidedignas","og_description":"Tras denunciar que es v\u00edctima de una campa\u00f1a medi\u00e1tica y pol\u00edtica, el senador Enrique Inzunza C\u00e1zarez asegur\u00f3 que es \u201cconstitucional y ver\u00eddicamente\u201d inocente de las acusaciones del Departamento de Justicia de Estados Unidos, que lo vincula con el C\u00e1rtel de Sinaloa. \u201cNo soy narcosenador\u201d, expres\u00f3 ante los medios de comunicaci\u00f3n. En conferencia de prensa, al [&hellip;]","og_url":"https:\/\/fuentesfidedignas.com.mx\/index.php\/2026\/08\/31\/inzunza-reaparece-enel-senado-meses-de-ausencia-asegura-tener-la-conciencia-tranquila\/","og_site_name":"Fuentes Fidedignas","article_publisher":"https:\/\/www.facebook.com\/Fuentes-Fidedignas-368234489921644","article_published_time":"2026-09-01T00:19:15+00:00","article_modified_time":"2026-09-01T00:27:43+00:00","og_image":[{"width":1200,"height":675,"url":"https:\/\/fuentesfidedignas.com.mx\/wp-content\/uploads\/2026\/08\/descarga-1.webp","type":"image\/webp"}],"author":"El Universal","twitter_card":"summary_large_image","twitter_creator":"@fidedignas","twitter_site":"@fidedignas","twitter_misc":{"Escrito por":"El Universal","Tiempo de lectura":"2 minutos"},"schema":{"@context":"https:\/\/schema.org","@graph":[{"@type":"Article","@id":"https:\/\/fuentesfidedignas.com.mx\/index.php\/2026\/08\/31\/inzunza-reaparece-enel-senado-meses-de-ausencia-asegura-tener-la-conciencia-tranquila\/#article","isPartOf":{"@id":"https:\/\/fuentesfidedignas.com.mx\/index.php\/2026\/08\/31\/inzunza-reaparece-enel-senado-meses-de-ausencia-asegura-tener-la-conciencia-tranquila\/"},"author":{"name":"El Universal","@id":"https:\/\/fuentesfidedignas.com.mx\/#\/schema\/person\/fee3882e65fd0510d292c43a346d35d7"},"headline":"Inzunza reaparece en el Senado tras meses de ausencia; asegura tener la conciencia tranquila","datePublished":"2026-09-01T00:19:15+00:00","dateModified":"2026-09-01T00:27:43+00:00","mainEntityOfPage":{"@id":"https:\/\/fuentesfidedignas.com.mx\/index.php\/2026\/08\/31\/inzunza-reaparece-enel-senado-meses-de-ausencia-asegura-tener-la-conciencia-tranquila\/"},"wordCount":474,"commentCount":0,"publisher":{"@id":"https:\/\/fuentesfidedignas.com.mx\/#organization"},"image":{"@id":"https:\/\/fuentesfidedignas.com.mx\/index.php\/2026\/08\/31\/inzunza-reaparece-enel-senado-meses-de-ausencia-asegura-tener-la-conciencia-tranquila\/#primaryimage"},"thumbnailUrl":"https:\/\/fuentesfidedignas.com.mx\/wp-content\/uploads\/2026\/08\/descarga-1.webp","articleSection":["NOTA PRINCIPAL"],"inLanguage":"es","potentialAction":[{"@type":"CommentAction","name":"Comment","target":["https:\/\/fuentesfidedignas.com.mx\/index.php\/2026\/08\/31\/inzunza-reaparece-enel-senado-meses-de-ausencia-asegura-tener-la-conciencia-tranquila\/#respond"]}]},{"@type":"WebPage","@id":"https:\/\/fuentesfidedignas.com.mx\/index.php\/2026\/08\/31\/inzunza-reaparece-enel-senado-meses-de-ausencia-asegura-tener-la-conciencia-tranquila\/","url":"https:\/\/fuentesfidedignas.com.mx\/index.php\/2026\/08\/31\/inzunza-reaparece-enel-senado-meses-de-ausencia-asegura-tener-la-conciencia-tranquila\/","name":"Inzunza reaparece en el Senado tras meses de ausencia; asegura tener la conciencia tranquila - Fuentes Fidedignas","isPartOf":{"@id":"https:\/\/fuentesfidedignas.com.mx\/#website"},"primaryImageOfPage":{"@id":"https:\/\/fuentesfidedignas.com.mx\/index.php\/2026\/08\/31\/inzunza-reaparece-enel-senado-meses-de-ausencia-asegura-tener-la-conciencia-tranquila\/#primaryimage"},"image":{"@id":"https:\/\/fuentesfidedignas.com.mx\/index.php\/2026\/08\/31\/inzunza-reaparece-enel-senado-meses-de-ausencia-asegura-tener-la-conciencia-tranquila\/#primaryimage"},"thumbnailUrl":"https:\/\/fuentesfidedignas.com.mx\/wp-content\/uploads\/2026\/08\/descarga-1.webp","datePublished":"2026-09-01T00:19:15+00:00","dateModified":"2026-09-01T00:27:43+00:00","breadcrumb":{"@id":"https:\/\/fuentesfidedignas.com.mx\/index.php\/2026\/08\/31\/inzunza-reaparece-enel-senado-meses-de-ausencia-asegura-tener-la-conciencia-tranquila\/#breadcrumb"},"inLanguage":"es","potentialAction":[{"@type":"ReadAction","target":["https:\/\/fuentesfidedignas.com.mx\/index.php\/2026\/08\/31\/inzunza-reaparece-enel-senado-meses-de-ausencia-asegura-tener-la-conciencia-tranquila\/"]}]},{"@type":"ImageObject","inLanguage":"es","@id":"https:\/\/fuentesfidedignas.com.mx\/index.php\/2026\/08\/31\/inzunza-reaparece-enel-senado-meses-de-ausencia-asegura-tener-la-conciencia-tranquila\/#primaryimage","url":"https:\/\/fuentesfidedignas.com.mx\/wp-content\/uploads\/2026\/08\/descarga-1.webp","contentUrl":"https:\/\/fuentesfidedignas.com.mx\/wp-content\/uploads\/2026\/08\/descarga-1.webp","width":1200,"height":675},{"@type":"BreadcrumbList","@id":"https:\/\/fuentesfidedignas.com.mx\/index.php\/2026\/08\/31\/inzunza-reaparece-enel-senado-meses-de-ausencia-asegura-tener-la-conciencia-tranquila\/#breadcrumb","itemListElement":[{"@type":"ListItem","position":1,"name":"Inicio","item":"https:\/\/fuentesfidedignas.com.mx\/"},{"@type":"ListItem","position":2,"name":"Inzunza reaparece en el Senado tras meses de ausencia; asegura tener la conciencia tranquila"}]},{"@type":"WebSite","@id":"https:\/\/fuentesfidedignas.com.mx\/#website","url":"https:\/\/fuentesfidedignas.com.mx\/","name":"Fuentes Fidedignas","description":"Otro sitio realizado con WordPress","publisher":{"@id":"https:\/\/fuentesfidedignas.com.mx\/#organization"},"potentialAction":[{"@type":"SearchAction","target":{"@type":"EntryPoint","urlTemplate":"https:\/\/fuentesfidedignas.com.mx\/?s={search_term_string}"},"query-input":{"@type":"PropertyValueSpecification","valueRequired":true,"valueName":"search_term_string"}}],"inLanguage":"es"},{"@type":"Organization","@id":"https:\/\/fuentesfidedignas.com.mx\/#organization","name":"Fuentes Fidedignas","url":"https:\/\/fuentesfidedignas.com.mx\/","logo":{"@type":"ImageObject","inLanguage":"es","@id":"https:\/\/fuentesfidedignas.com.mx\/#\/schema\/logo\/image\/","url":"https:\/\/fuentesfidedignas.com.mx\/wp-content\/uploads\/2021\/04\/logo-retina.png","contentUrl":"https:\/\/fuentesfidedignas.com.mx\/wp-content\/uploads\/2021\/04\/logo-retina.png","width":280,"height":51,"caption":"Fuentes Fidedignas"},"image":{"@id":"https:\/\/fuentesfidedignas.com.mx\/#\/schema\/logo\/image\/"},"sameAs":["https:\/\/www.facebook.com\/Fuentes-Fidedignas-368234489921644","https:\/\/x.com\/fidedignas"]},{"@type":"Person","@id":"https:\/\/fuentesfidedignas.com.mx\/#\/schema\/person\/fee3882e65fd0510d292c43a346d35d7","name":"El Universal","image":{"@type":"ImageObject","inLanguage":"es","@id":"https:\/\/secure.gravatar.com\/avatar\/1ebc94d82b6c3c081781f73e5b76a0d0c1ac7bf8e57426f18802246eeaa2747c?s=96&d=mm&r=g","url":"https:\/\/secure.gravatar.com\/avatar\/1ebc94d82b6c3c081781f73e5b76a0d0c1ac7bf8e57426f18802246eeaa2747c?s=96&d=mm&r=g","contentUrl":"https:\/\/secure.gravatar.com\/avatar\/1ebc94d82b6c3c081781f73e5b76a0d0c1ac7bf8e57426f18802246eeaa2747c?s=96&d=mm&r=g","caption":"El Universal"},"url":"https:\/\/fuentesfidedignas.com.mx\/index.php\/author\/el-universal\/"}]}},"_links":{"self":[{"href":"https:\/\/fuentesfidedignas.com.mx\/index.php\/wp-json\/wp\/v2\/posts\/141343","targetHints":{"allow":["GET"]}}],"collection":[{"href":"https:\/\/fuentesfidedignas.com.mx\/index.php\/wp-json\/wp\/v2\/posts"}],"about":[{"href":"https:\/\/fuentesfidedignas.com.mx\/index.php\/wp-json\/wp\/v2\/types\/post"}],"author":[{"embeddable":true,"href":"https:\/\/fuentesfidedignas.com.mx\/index.php\/wp-json\/wp\/v2\/users\/39"}],"replies":[{"embeddable":true,"href":"https:\/\/fuentesfidedignas.com.mx\/index.php\/wp-json\/wp\/v2\/comments?post=141343"}],"version-history":[{"count":5,"href":"https:\/\/fuentesfidedignas.com.mx\/index.php\/wp-json\/wp\/v2\/posts\/141343\/revisions"}],"predecessor-version":[{"id":141350,"href":"https:\/\/fuentesfidedignas.com.mx\/index.php\/wp-json\/wp\/v2\/posts\/141343\/revisions\/141350"}],"wp:featuredmedia":[{"embeddable":true,"href":"https:\/\/fuentesfidedignas.com.mx\/index.php\/wp-json\/wp\/v2\/media\/141349"}],"wp:attachment":[{"href":"https:\/\/fuentesfidedignas.com.mx\/index.php\/wp-json\/wp\/v2\/media?parent=141343"}],"wp:term":[{"taxonomy":"category","embeddable":true,"href":"https:\/\/fuentesfidedignas.com.mx\/index.php\/wp-json\/wp\/v2\/categories?post=141343"},{"taxonomy":"post_tag","embeddable":true,"href":"https:\/\/fuentesfidedignas.com.mx\/index.php\/wp-json\/wp\/v2\/tags?post=141343"}],"curies":[{"name":"wp","href":"https:\/\/api.w.org\/{rel}","templated":true}]}}