{"id":141340,"date":"2026-08-31T17:09:36","date_gmt":"2026-09-01T00:09:36","guid":{"rendered":"https:\/\/fuentesfidedignas.com.mx\/?p=141340"},"modified":"2026-08-31T17:33:45","modified_gmt":"2026-09-01T00:33:45","slug":"captan-andy-lopez-en-conclave-de-cinco-horas-con-su-hermano-y-empresarios-en-la-condesa","status":"publish","type":"post","link":"https:\/\/fuentesfidedignas.com.mx\/index.php\/2026\/08\/31\/captan-andy-lopez-en-conclave-de-cinco-horas-con-su-hermano-y-empresarios-en-la-condesa\/","title":{"rendered":"Captan a Andy L\u00f3pez en &#8220;c\u00f3nclave&#8221; de cinco horas con su hermano y empresarios en la Condesa"},"content":{"rendered":"\n<p class=\"wp-block-paragraph\">Andr\u00e9s y Gonzalo L\u00f3pez Beltr\u00e1n, as\u00ed como el Daniel Asaf, exjefe de la Ayudant\u00eda de la Presidencia en tiempos de AMLO, se reunieron el 24 de agosto en una restaurante de la colonia Condesa con los empresarios Juan Domingo Beckmann y Mauricio Gardu\u00f1o, de acuerdo con informaci\u00f3n revelada por el periodista H\u00e9ctor de Maule\u00f3n.<\/p>\n\n\n\n<p class=\"wp-block-paragraph\">El encuentro tuvo lugar en Magazzino, ubicado en el n\u00famero 51 de la calle Pachuca. Seg\u00fan el reporte publicado en El Universal, el establecimiento cerr\u00f3 sus puertas al p\u00fablico para garantizar privacidad del grupo.<\/p>\n\n\n\n<iframe loading=\"lazy\" src=\"https:\/\/www.facebook.com\/plugins\/video.php?height=476&#038;href=https%3A%2F%2Fwww.facebook.com%2Freel%2F1957451408254225%2F&#038;show_text=false&#038;width=267&#038;t=0\" width=\"267\" height=\"476\" style=\"border:none;overflow:hidden\" scrolling=\"no\" frameborder=\"0\" allowfullscreen=\"true\" allow=\"autoplay; clipboard-write; encrypted-media; picture-in-picture; web-share\" allowFullScreen=\"true\"><\/iframe>\n\n\n\n<p class=\"wp-block-paragraph\">La log\u00edstica exterior reflej\u00f3 el perfil de los asistentes: entre cinco y seis camionetas ocupadas por equipos de guardaespaldas se desplegaron frente al inmueble para custodiar las inmediaciones durante toda la jornada, de acuerdo con videos a los que tuvo acceso el periodista.<\/p>\n\n\n\n<p class=\"wp-block-paragraph\">Aunque las im\u00e1genes carecen de audio, seg\u00fan de Maule\u00f3n, es posible saber que uno de los temas que se tocaron en la reuni\u00f3n fue el de la detenci\u00f3n de Fausto Corrales Rodr\u00edguez, chofer y asistente personal del exrector de la Universidad Aut\u00f3noma de Sinaloa, H\u00e9ctor Melesio Cu\u00e9n, y testigo clave en su asesinato.<\/p>\n\n\n\n<p class=\"wp-block-paragraph\">El periodista indica que en un momento determinado Gonzalo L\u00f3pez Beltr\u00e1n mira su tel\u00e9fono, en cuya pantalla es visible la noticia que dio a conocer la vinculaci\u00f3n a proceso de Corrales.<\/p>\n\n\n\n<p class=\"wp-block-paragraph\">Agreg\u00f3 que despu\u00e9s de varias horas, Gonzalo L\u00f3pez Beltr\u00e1n y Daniel Asaf abandonaron el sitio, y Andy L\u00f3pez Beltr\u00e1n, quien luc\u00eda preocupado, a veces observaba \u201calgo que los otros comensales parec\u00edan mostrarle en una pantalla\u201d.<\/p>\n\n\n\n<p class=\"wp-block-paragraph\">Juan Domingo Beckmann es l\u00edder de Jos\u00e9 Cuervo y uno de los 15 empresarios que integran el Consejo Asesor de Desarrollo Econ\u00f3mico de la presidenta Claudia Sheinbaum, mientras que Mauricio Gardu\u00f1o es uno de los perfiles m\u00e1s consolidados a nivel internacional en tecnolog\u00eda y transformaci\u00f3n digital.<\/p>\n\n\n\n<p class=\"wp-block-paragraph\">Durante la reuni\u00f3n se descorch\u00f3 una botella de vino tinto que puede alcanzar los 24 mil pesos, agreg\u00f3 De Maule\u00f3n.<\/p>\n","protected":false},"excerpt":{"rendered":"<p>Andr\u00e9s y Gonzalo L\u00f3pez Beltr\u00e1n, as\u00ed como el Daniel Asaf, exjefe de la Ayudant\u00eda de la Presidencia en tiempos de AMLO, se reunieron el 24 de agosto en una restaurante de la colonia Condesa con los empresarios Juan Domingo Beckmann y Mauricio Gardu\u00f1o, de acuerdo con informaci\u00f3n revelada por el periodista H\u00e9ctor de Maule\u00f3n. El [&hellip;]<\/p>\n","protected":false},"author":39,"featured_media":141351,"comment_status":"open","ping_status":"open","sticky":false,"template":"","format":"standard","meta":{"tdm_status":"","tdm_grid_status":"","footnotes":""},"categories":[39],"tags":[],"class_list":["post-141340","post","type-post","status-publish","format-standard","has-post-thumbnail","category-noticias-nacionales"],"yoast_head":"<!-- This site is optimized with the Yoast SEO plugin v28.3 - https:\/\/yoast.com\/product\/yoast-seo-wordpress\/ -->\n<title>Captan a Andy L\u00f3pez en &quot;c\u00f3nclave&quot; de cinco horas con su hermano y empresarios en la Condesa - Fuentes Fidedignas<\/title>\n<meta name=\"robots\" content=\"index, follow, max-snippet:-1, max-image-preview:large, max-video-preview:-1\" \/>\n<link rel=\"canonical\" href=\"https:\/\/fuentesfidedignas.com.mx\/index.php\/2026\/08\/31\/captan-andy-lopez-en-conclave-de-cinco-horas-con-su-hermano-y-empresarios-en-la-condesa\/\" \/>\n<meta property=\"og:locale\" content=\"es_MX\" \/>\n<meta property=\"og:type\" content=\"article\" \/>\n<meta property=\"og:title\" content=\"Captan a Andy L\u00f3pez en &quot;c\u00f3nclave&quot; de cinco horas con su hermano y empresarios en la Condesa - Fuentes Fidedignas\" \/>\n<meta property=\"og:description\" content=\"Andr\u00e9s y Gonzalo L\u00f3pez Beltr\u00e1n, as\u00ed como el Daniel Asaf, exjefe de la Ayudant\u00eda de la Presidencia en tiempos de AMLO, se reunieron el 24 de agosto en una restaurante de la colonia Condesa con los empresarios Juan Domingo Beckmann y Mauricio Gardu\u00f1o, de acuerdo con informaci\u00f3n revelada por el periodista H\u00e9ctor de Maule\u00f3n. El [&hellip;]\" \/>\n<meta property=\"og:url\" content=\"https:\/\/fuentesfidedignas.com.mx\/index.php\/2026\/08\/31\/captan-andy-lopez-en-conclave-de-cinco-horas-con-su-hermano-y-empresarios-en-la-condesa\/\" \/>\n<meta property=\"og:site_name\" content=\"Fuentes Fidedignas\" \/>\n<meta property=\"article:publisher\" content=\"https:\/\/www.facebook.com\/Fuentes-Fidedignas-368234489921644\" \/>\n<meta property=\"article:published_time\" content=\"2026-09-01T00:09:36+00:00\" \/>\n<meta property=\"article:modified_time\" content=\"2026-09-01T00:33:45+00:00\" \/>\n<meta property=\"og:image\" content=\"https:\/\/fuentesfidedignas.com.mx\/wp-content\/uploads\/2026\/08\/images-19.jpg\" \/>\n\t<meta property=\"og:image:width\" content=\"596\" \/>\n\t<meta property=\"og:image:height\" content=\"335\" \/>\n\t<meta property=\"og:image:type\" content=\"image\/jpeg\" \/>\n<meta name=\"author\" content=\"El Universal\" \/>\n<meta name=\"twitter:card\" content=\"summary_large_image\" \/>\n<meta name=\"twitter:creator\" content=\"@fidedignas\" \/>\n<meta name=\"twitter:site\" content=\"@fidedignas\" \/>\n<meta name=\"twitter:label1\" content=\"Escrito por\" \/>\n\t<meta name=\"twitter:data1\" content=\"El Universal\" \/>\n\t<meta name=\"twitter:label2\" content=\"Tiempo de lectura\" \/>\n\t<meta name=\"twitter:data2\" content=\"2 minutos\" \/>\n<script type=\"application\/ld+json\" class=\"yoast-schema-graph\">{\"@context\":\"https:\\\/\\\/schema.org\",\"@graph\":[{\"@type\":\"Article\",\"@id\":\"https:\\\/\\\/fuentesfidedignas.com.mx\\\/index.php\\\/2026\\\/08\\\/31\\\/captan-andy-lopez-en-conclave-de-cinco-horas-con-su-hermano-y-empresarios-en-la-condesa\\\/#article\",\"isPartOf\":{\"@id\":\"https:\\\/\\\/fuentesfidedignas.com.mx\\\/index.php\\\/2026\\\/08\\\/31\\\/captan-andy-lopez-en-conclave-de-cinco-horas-con-su-hermano-y-empresarios-en-la-condesa\\\/\"},\"author\":{\"name\":\"El Universal\",\"@id\":\"https:\\\/\\\/fuentesfidedignas.com.mx\\\/#\\\/schema\\\/person\\\/fee3882e65fd0510d292c43a346d35d7\"},\"headline\":\"Captan a Andy L\u00f3pez en &#8220;c\u00f3nclave&#8221; de cinco horas con su hermano y empresarios en la Condesa\",\"datePublished\":\"2026-09-01T00:09:36+00:00\",\"dateModified\":\"2026-09-01T00:33:45+00:00\",\"mainEntityOfPage\":{\"@id\":\"https:\\\/\\\/fuentesfidedignas.com.mx\\\/index.php\\\/2026\\\/08\\\/31\\\/captan-andy-lopez-en-conclave-de-cinco-horas-con-su-hermano-y-empresarios-en-la-condesa\\\/\"},\"wordCount\":371,\"commentCount\":0,\"publisher\":{\"@id\":\"https:\\\/\\\/fuentesfidedignas.com.mx\\\/#organization\"},\"image\":{\"@id\":\"https:\\\/\\\/fuentesfidedignas.com.mx\\\/index.php\\\/2026\\\/08\\\/31\\\/captan-andy-lopez-en-conclave-de-cinco-horas-con-su-hermano-y-empresarios-en-la-condesa\\\/#primaryimage\"},\"thumbnailUrl\":\"https:\\\/\\\/fuentesfidedignas.com.mx\\\/wp-content\\\/uploads\\\/2026\\\/08\\\/images-19.jpg\",\"articleSection\":[\"NOTICIAS NACIONALES\"],\"inLanguage\":\"es\",\"potentialAction\":[{\"@type\":\"CommentAction\",\"name\":\"Comment\",\"target\":[\"https:\\\/\\\/fuentesfidedignas.com.mx\\\/index.php\\\/2026\\\/08\\\/31\\\/captan-andy-lopez-en-conclave-de-cinco-horas-con-su-hermano-y-empresarios-en-la-condesa\\\/#respond\"]}]},{\"@type\":\"WebPage\",\"@id\":\"https:\\\/\\\/fuentesfidedignas.com.mx\\\/index.php\\\/2026\\\/08\\\/31\\\/captan-andy-lopez-en-conclave-de-cinco-horas-con-su-hermano-y-empresarios-en-la-condesa\\\/\",\"url\":\"https:\\\/\\\/fuentesfidedignas.com.mx\\\/index.php\\\/2026\\\/08\\\/31\\\/captan-andy-lopez-en-conclave-de-cinco-horas-con-su-hermano-y-empresarios-en-la-condesa\\\/\",\"name\":\"Captan a Andy L\u00f3pez en \\\"c\u00f3nclave\\\" de cinco horas con su hermano y empresarios en la Condesa - Fuentes Fidedignas\",\"isPartOf\":{\"@id\":\"https:\\\/\\\/fuentesfidedignas.com.mx\\\/#website\"},\"primaryImageOfPage\":{\"@id\":\"https:\\\/\\\/fuentesfidedignas.com.mx\\\/index.php\\\/2026\\\/08\\\/31\\\/captan-andy-lopez-en-conclave-de-cinco-horas-con-su-hermano-y-empresarios-en-la-condesa\\\/#primaryimage\"},\"image\":{\"@id\":\"https:\\\/\\\/fuentesfidedignas.com.mx\\\/index.php\\\/2026\\\/08\\\/31\\\/captan-andy-lopez-en-conclave-de-cinco-horas-con-su-hermano-y-empresarios-en-la-condesa\\\/#primaryimage\"},\"thumbnailUrl\":\"https:\\\/\\\/fuentesfidedignas.com.mx\\\/wp-content\\\/uploads\\\/2026\\\/08\\\/images-19.jpg\",\"datePublished\":\"2026-09-01T00:09:36+00:00\",\"dateModified\":\"2026-09-01T00:33:45+00:00\",\"breadcrumb\":{\"@id\":\"https:\\\/\\\/fuentesfidedignas.com.mx\\\/index.php\\\/2026\\\/08\\\/31\\\/captan-andy-lopez-en-conclave-de-cinco-horas-con-su-hermano-y-empresarios-en-la-condesa\\\/#breadcrumb\"},\"inLanguage\":\"es\",\"potentialAction\":[{\"@type\":\"ReadAction\",\"target\":[\"https:\\\/\\\/fuentesfidedignas.com.mx\\\/index.php\\\/2026\\\/08\\\/31\\\/captan-andy-lopez-en-conclave-de-cinco-horas-con-su-hermano-y-empresarios-en-la-condesa\\\/\"]}]},{\"@type\":\"ImageObject\",\"inLanguage\":\"es\",\"@id\":\"https:\\\/\\\/fuentesfidedignas.com.mx\\\/index.php\\\/2026\\\/08\\\/31\\\/captan-andy-lopez-en-conclave-de-cinco-horas-con-su-hermano-y-empresarios-en-la-condesa\\\/#primaryimage\",\"url\":\"https:\\\/\\\/fuentesfidedignas.com.mx\\\/wp-content\\\/uploads\\\/2026\\\/08\\\/images-19.jpg\",\"contentUrl\":\"https:\\\/\\\/fuentesfidedignas.com.mx\\\/wp-content\\\/uploads\\\/2026\\\/08\\\/images-19.jpg\",\"width\":596,\"height\":335},{\"@type\":\"BreadcrumbList\",\"@id\":\"https:\\\/\\\/fuentesfidedignas.com.mx\\\/index.php\\\/2026\\\/08\\\/31\\\/captan-andy-lopez-en-conclave-de-cinco-horas-con-su-hermano-y-empresarios-en-la-condesa\\\/#breadcrumb\",\"itemListElement\":[{\"@type\":\"ListItem\",\"position\":1,\"name\":\"Inicio\",\"item\":\"https:\\\/\\\/fuentesfidedignas.com.mx\\\/\"},{\"@type\":\"ListItem\",\"position\":2,\"name\":\"Captan a Andy L\u00f3pez en &#8220;c\u00f3nclave&#8221; de cinco horas con su hermano y empresarios en la Condesa\"}]},{\"@type\":\"WebSite\",\"@id\":\"https:\\\/\\\/fuentesfidedignas.com.mx\\\/#website\",\"url\":\"https:\\\/\\\/fuentesfidedignas.com.mx\\\/\",\"name\":\"Fuentes Fidedignas\",\"description\":\"Otro sitio realizado con WordPress\",\"publisher\":{\"@id\":\"https:\\\/\\\/fuentesfidedignas.com.mx\\\/#organization\"},\"potentialAction\":[{\"@type\":\"SearchAction\",\"target\":{\"@type\":\"EntryPoint\",\"urlTemplate\":\"https:\\\/\\\/fuentesfidedignas.com.mx\\\/?s={search_term_string}\"},\"query-input\":{\"@type\":\"PropertyValueSpecification\",\"valueRequired\":true,\"valueName\":\"search_term_string\"}}],\"inLanguage\":\"es\"},{\"@type\":\"Organization\",\"@id\":\"https:\\\/\\\/fuentesfidedignas.com.mx\\\/#organization\",\"name\":\"Fuentes Fidedignas\",\"url\":\"https:\\\/\\\/fuentesfidedignas.com.mx\\\/\",\"logo\":{\"@type\":\"ImageObject\",\"inLanguage\":\"es\",\"@id\":\"https:\\\/\\\/fuentesfidedignas.com.mx\\\/#\\\/schema\\\/logo\\\/image\\\/\",\"url\":\"https:\\\/\\\/fuentesfidedignas.com.mx\\\/wp-content\\\/uploads\\\/2021\\\/04\\\/logo-retina.png\",\"contentUrl\":\"https:\\\/\\\/fuentesfidedignas.com.mx\\\/wp-content\\\/uploads\\\/2021\\\/04\\\/logo-retina.png\",\"width\":280,\"height\":51,\"caption\":\"Fuentes Fidedignas\"},\"image\":{\"@id\":\"https:\\\/\\\/fuentesfidedignas.com.mx\\\/#\\\/schema\\\/logo\\\/image\\\/\"},\"sameAs\":[\"https:\\\/\\\/www.facebook.com\\\/Fuentes-Fidedignas-368234489921644\",\"https:\\\/\\\/x.com\\\/fidedignas\"]},{\"@type\":\"Person\",\"@id\":\"https:\\\/\\\/fuentesfidedignas.com.mx\\\/#\\\/schema\\\/person\\\/fee3882e65fd0510d292c43a346d35d7\",\"name\":\"El Universal\",\"image\":{\"@type\":\"ImageObject\",\"inLanguage\":\"es\",\"@id\":\"https:\\\/\\\/secure.gravatar.com\\\/avatar\\\/1ebc94d82b6c3c081781f73e5b76a0d0c1ac7bf8e57426f18802246eeaa2747c?s=96&d=mm&r=g\",\"url\":\"https:\\\/\\\/secure.gravatar.com\\\/avatar\\\/1ebc94d82b6c3c081781f73e5b76a0d0c1ac7bf8e57426f18802246eeaa2747c?s=96&d=mm&r=g\",\"contentUrl\":\"https:\\\/\\\/secure.gravatar.com\\\/avatar\\\/1ebc94d82b6c3c081781f73e5b76a0d0c1ac7bf8e57426f18802246eeaa2747c?s=96&d=mm&r=g\",\"caption\":\"El Universal\"},\"url\":\"https:\\\/\\\/fuentesfidedignas.com.mx\\\/index.php\\\/author\\\/el-universal\\\/\"}]}<\/script>\n<!-- \/ Yoast SEO plugin. -->","yoast_head_json":{"title":"Captan a Andy L\u00f3pez en \"c\u00f3nclave\" de cinco horas con su hermano y empresarios en la Condesa - Fuentes Fidedignas","robots":{"index":"index","follow":"follow","max-snippet":"max-snippet:-1","max-image-preview":"max-image-preview:large","max-video-preview":"max-video-preview:-1"},"canonical":"https:\/\/fuentesfidedignas.com.mx\/index.php\/2026\/08\/31\/captan-andy-lopez-en-conclave-de-cinco-horas-con-su-hermano-y-empresarios-en-la-condesa\/","og_locale":"es_MX","og_type":"article","og_title":"Captan a Andy L\u00f3pez en \"c\u00f3nclave\" de cinco horas con su hermano y empresarios en la Condesa - Fuentes Fidedignas","og_description":"Andr\u00e9s y Gonzalo L\u00f3pez Beltr\u00e1n, as\u00ed como el Daniel Asaf, exjefe de la Ayudant\u00eda de la Presidencia en tiempos de AMLO, se reunieron el 24 de agosto en una restaurante de la colonia Condesa con los empresarios Juan Domingo Beckmann y Mauricio Gardu\u00f1o, de acuerdo con informaci\u00f3n revelada por el periodista H\u00e9ctor de Maule\u00f3n. El [&hellip;]","og_url":"https:\/\/fuentesfidedignas.com.mx\/index.php\/2026\/08\/31\/captan-andy-lopez-en-conclave-de-cinco-horas-con-su-hermano-y-empresarios-en-la-condesa\/","og_site_name":"Fuentes Fidedignas","article_publisher":"https:\/\/www.facebook.com\/Fuentes-Fidedignas-368234489921644","article_published_time":"2026-09-01T00:09:36+00:00","article_modified_time":"2026-09-01T00:33:45+00:00","og_image":[{"width":596,"height":335,"url":"https:\/\/fuentesfidedignas.com.mx\/wp-content\/uploads\/2026\/08\/images-19.jpg","type":"image\/jpeg"}],"author":"El Universal","twitter_card":"summary_large_image","twitter_creator":"@fidedignas","twitter_site":"@fidedignas","twitter_misc":{"Escrito por":"El Universal","Tiempo de lectura":"2 minutos"},"schema":{"@context":"https:\/\/schema.org","@graph":[{"@type":"Article","@id":"https:\/\/fuentesfidedignas.com.mx\/index.php\/2026\/08\/31\/captan-andy-lopez-en-conclave-de-cinco-horas-con-su-hermano-y-empresarios-en-la-condesa\/#article","isPartOf":{"@id":"https:\/\/fuentesfidedignas.com.mx\/index.php\/2026\/08\/31\/captan-andy-lopez-en-conclave-de-cinco-horas-con-su-hermano-y-empresarios-en-la-condesa\/"},"author":{"name":"El Universal","@id":"https:\/\/fuentesfidedignas.com.mx\/#\/schema\/person\/fee3882e65fd0510d292c43a346d35d7"},"headline":"Captan a Andy L\u00f3pez en &#8220;c\u00f3nclave&#8221; de cinco horas con su hermano y empresarios en la Condesa","datePublished":"2026-09-01T00:09:36+00:00","dateModified":"2026-09-01T00:33:45+00:00","mainEntityOfPage":{"@id":"https:\/\/fuentesfidedignas.com.mx\/index.php\/2026\/08\/31\/captan-andy-lopez-en-conclave-de-cinco-horas-con-su-hermano-y-empresarios-en-la-condesa\/"},"wordCount":371,"commentCount":0,"publisher":{"@id":"https:\/\/fuentesfidedignas.com.mx\/#organization"},"image":{"@id":"https:\/\/fuentesfidedignas.com.mx\/index.php\/2026\/08\/31\/captan-andy-lopez-en-conclave-de-cinco-horas-con-su-hermano-y-empresarios-en-la-condesa\/#primaryimage"},"thumbnailUrl":"https:\/\/fuentesfidedignas.com.mx\/wp-content\/uploads\/2026\/08\/images-19.jpg","articleSection":["NOTICIAS NACIONALES"],"inLanguage":"es","potentialAction":[{"@type":"CommentAction","name":"Comment","target":["https:\/\/fuentesfidedignas.com.mx\/index.php\/2026\/08\/31\/captan-andy-lopez-en-conclave-de-cinco-horas-con-su-hermano-y-empresarios-en-la-condesa\/#respond"]}]},{"@type":"WebPage","@id":"https:\/\/fuentesfidedignas.com.mx\/index.php\/2026\/08\/31\/captan-andy-lopez-en-conclave-de-cinco-horas-con-su-hermano-y-empresarios-en-la-condesa\/","url":"https:\/\/fuentesfidedignas.com.mx\/index.php\/2026\/08\/31\/captan-andy-lopez-en-conclave-de-cinco-horas-con-su-hermano-y-empresarios-en-la-condesa\/","name":"Captan a Andy L\u00f3pez en \"c\u00f3nclave\" de cinco horas con su hermano y empresarios en la Condesa - Fuentes Fidedignas","isPartOf":{"@id":"https:\/\/fuentesfidedignas.com.mx\/#website"},"primaryImageOfPage":{"@id":"https:\/\/fuentesfidedignas.com.mx\/index.php\/2026\/08\/31\/captan-andy-lopez-en-conclave-de-cinco-horas-con-su-hermano-y-empresarios-en-la-condesa\/#primaryimage"},"image":{"@id":"https:\/\/fuentesfidedignas.com.mx\/index.php\/2026\/08\/31\/captan-andy-lopez-en-conclave-de-cinco-horas-con-su-hermano-y-empresarios-en-la-condesa\/#primaryimage"},"thumbnailUrl":"https:\/\/fuentesfidedignas.com.mx\/wp-content\/uploads\/2026\/08\/images-19.jpg","datePublished":"2026-09-01T00:09:36+00:00","dateModified":"2026-09-01T00:33:45+00:00","breadcrumb":{"@id":"https:\/\/fuentesfidedignas.com.mx\/index.php\/2026\/08\/31\/captan-andy-lopez-en-conclave-de-cinco-horas-con-su-hermano-y-empresarios-en-la-condesa\/#breadcrumb"},"inLanguage":"es","potentialAction":[{"@type":"ReadAction","target":["https:\/\/fuentesfidedignas.com.mx\/index.php\/2026\/08\/31\/captan-andy-lopez-en-conclave-de-cinco-horas-con-su-hermano-y-empresarios-en-la-condesa\/"]}]},{"@type":"ImageObject","inLanguage":"es","@id":"https:\/\/fuentesfidedignas.com.mx\/index.php\/2026\/08\/31\/captan-andy-lopez-en-conclave-de-cinco-horas-con-su-hermano-y-empresarios-en-la-condesa\/#primaryimage","url":"https:\/\/fuentesfidedignas.com.mx\/wp-content\/uploads\/2026\/08\/images-19.jpg","contentUrl":"https:\/\/fuentesfidedignas.com.mx\/wp-content\/uploads\/2026\/08\/images-19.jpg","width":596,"height":335},{"@type":"BreadcrumbList","@id":"https:\/\/fuentesfidedignas.com.mx\/index.php\/2026\/08\/31\/captan-andy-lopez-en-conclave-de-cinco-horas-con-su-hermano-y-empresarios-en-la-condesa\/#breadcrumb","itemListElement":[{"@type":"ListItem","position":1,"name":"Inicio","item":"https:\/\/fuentesfidedignas.com.mx\/"},{"@type":"ListItem","position":2,"name":"Captan a Andy L\u00f3pez en &#8220;c\u00f3nclave&#8221; de cinco horas con su hermano y empresarios en la Condesa"}]},{"@type":"WebSite","@id":"https:\/\/fuentesfidedignas.com.mx\/#website","url":"https:\/\/fuentesfidedignas.com.mx\/","name":"Fuentes Fidedignas","description":"Otro sitio realizado con WordPress","publisher":{"@id":"https:\/\/fuentesfidedignas.com.mx\/#organization"},"potentialAction":[{"@type":"SearchAction","target":{"@type":"EntryPoint","urlTemplate":"https:\/\/fuentesfidedignas.com.mx\/?s={search_term_string}"},"query-input":{"@type":"PropertyValueSpecification","valueRequired":true,"valueName":"search_term_string"}}],"inLanguage":"es"},{"@type":"Organization","@id":"https:\/\/fuentesfidedignas.com.mx\/#organization","name":"Fuentes Fidedignas","url":"https:\/\/fuentesfidedignas.com.mx\/","logo":{"@type":"ImageObject","inLanguage":"es","@id":"https:\/\/fuentesfidedignas.com.mx\/#\/schema\/logo\/image\/","url":"https:\/\/fuentesfidedignas.com.mx\/wp-content\/uploads\/2021\/04\/logo-retina.png","contentUrl":"https:\/\/fuentesfidedignas.com.mx\/wp-content\/uploads\/2021\/04\/logo-retina.png","width":280,"height":51,"caption":"Fuentes Fidedignas"},"image":{"@id":"https:\/\/fuentesfidedignas.com.mx\/#\/schema\/logo\/image\/"},"sameAs":["https:\/\/www.facebook.com\/Fuentes-Fidedignas-368234489921644","https:\/\/x.com\/fidedignas"]},{"@type":"Person","@id":"https:\/\/fuentesfidedignas.com.mx\/#\/schema\/person\/fee3882e65fd0510d292c43a346d35d7","name":"El Universal","image":{"@type":"ImageObject","inLanguage":"es","@id":"https:\/\/secure.gravatar.com\/avatar\/1ebc94d82b6c3c081781f73e5b76a0d0c1ac7bf8e57426f18802246eeaa2747c?s=96&d=mm&r=g","url":"https:\/\/secure.gravatar.com\/avatar\/1ebc94d82b6c3c081781f73e5b76a0d0c1ac7bf8e57426f18802246eeaa2747c?s=96&d=mm&r=g","contentUrl":"https:\/\/secure.gravatar.com\/avatar\/1ebc94d82b6c3c081781f73e5b76a0d0c1ac7bf8e57426f18802246eeaa2747c?s=96&d=mm&r=g","caption":"El Universal"},"url":"https:\/\/fuentesfidedignas.com.mx\/index.php\/author\/el-universal\/"}]}},"_links":{"self":[{"href":"https:\/\/fuentesfidedignas.com.mx\/index.php\/wp-json\/wp\/v2\/posts\/141340","targetHints":{"allow":["GET"]}}],"collection":[{"href":"https:\/\/fuentesfidedignas.com.mx\/index.php\/wp-json\/wp\/v2\/posts"}],"about":[{"href":"https:\/\/fuentesfidedignas.com.mx\/index.php\/wp-json\/wp\/v2\/types\/post"}],"author":[{"embeddable":true,"href":"https:\/\/fuentesfidedignas.com.mx\/index.php\/wp-json\/wp\/v2\/users\/39"}],"replies":[{"embeddable":true,"href":"https:\/\/fuentesfidedignas.com.mx\/index.php\/wp-json\/wp\/v2\/comments?post=141340"}],"version-history":[{"count":1,"href":"https:\/\/fuentesfidedignas.com.mx\/index.php\/wp-json\/wp\/v2\/posts\/141340\/revisions"}],"predecessor-version":[{"id":141342,"href":"https:\/\/fuentesfidedignas.com.mx\/index.php\/wp-json\/wp\/v2\/posts\/141340\/revisions\/141342"}],"wp:featuredmedia":[{"embeddable":true,"href":"https:\/\/fuentesfidedignas.com.mx\/index.php\/wp-json\/wp\/v2\/media\/141351"}],"wp:attachment":[{"href":"https:\/\/fuentesfidedignas.com.mx\/index.php\/wp-json\/wp\/v2\/media?parent=141340"}],"wp:term":[{"taxonomy":"category","embeddable":true,"href":"https:\/\/fuentesfidedignas.com.mx\/index.php\/wp-json\/wp\/v2\/categories?post=141340"},{"taxonomy":"post_tag","embeddable":true,"href":"https:\/\/fuentesfidedignas.com.mx\/index.php\/wp-json\/wp\/v2\/tags?post=141340"}],"curies":[{"name":"wp","href":"https:\/\/api.w.org\/{rel}","templated":true}]}}