{"id":141330,"date":"2026-08-31T16:04:27","date_gmt":"2026-08-31T23:04:27","guid":{"rendered":"https:\/\/fuentesfidedignas.com.mx\/?p=141330"},"modified":"2026-08-31T16:13:07","modified_gmt":"2026-08-31T23:13:07","slug":"roxana-rubio-exige-a-la-guardia-nacional-explicar-proteccion-a-imelda-castro-y-la-seguridad-de-los-sinaloenses","status":"publish","type":"post","link":"https:\/\/fuentesfidedignas.com.mx\/index.php\/2026\/08\/31\/roxana-rubio-exige-a-la-guardia-nacional-explicar-proteccion-a-imelda-castro-y-la-seguridad-de-los-sinaloenses\/","title":{"rendered":"Roxana Rubio exige a la Guardia Nacional explicar protecci\u00f3n a Imelda Castro: \u201c\u00bfY la seguridad de los sinaloenses?\u201d"},"content":{"rendered":"\n<p class=\"wp-block-paragraph\">Culiac\u00e1n, Sinaloa.- Mientras miles de sinaloenses viven con miedo y expuestos todos los d\u00edas a la inseguridad, la Guardia Nacional mantiene un dispositivo de protecci\u00f3n para Imelda Castro Castro, por lo que la diputada local del PAN, Roxana Rubio Valdez, exigi\u00f3 conocer qui\u00e9n solicit\u00f3 esta medida, qui\u00e9n la autoriz\u00f3 y cu\u00e1l es el fundamento legal para otorgarla.<\/p>\n\n\n\n<p class=\"wp-block-paragraph\">Rubio Valdez record\u00f3 que la propia Imelda Castro reconoci\u00f3 p\u00fablicamente contar con elementos de la Guardia Nacional para acompa\u00f1arla durante sus recorridos, incluso en horarios nocturnos y de madrugada. Por ello, solicit\u00f3 formalmente a la corporaci\u00f3n conocer si recibi\u00f3 una petici\u00f3n de protecci\u00f3n, qui\u00e9n la present\u00f3 y si \u00e9sta fue gestionada por las dirigencias nacionales de Morena, PT y PVEM.<\/p>\n\n\n\n<p class=\"wp-block-paragraph\">\u201c\u00bfPor qu\u00e9 Imelda Castro s\u00ed tiene protecci\u00f3n federal mientras miles de sinaloenses viven con miedo? Queremos saber cu\u00e1l es el fundamento legal, qui\u00e9n pidi\u00f3 esta protecci\u00f3n y bajo qu\u00e9 criterios se decidi\u00f3 otorgarla\u201d, afirm\u00f3.<\/p>\n\n\n\n<figure class=\"wp-block-image size-large\"><img decoding=\"async\" width=\"1024\" height=\"625\" src=\"https:\/\/fuentesfidedignas.com.mx\/wp-content\/uploads\/2026\/08\/WhatsApp-Image-2026-08-31-at-3.56.58-PM-1024x625.jpeg\" alt=\"\" class=\"wp-image-141333\" srcset=\"https:\/\/fuentesfidedignas.com.mx\/wp-content\/uploads\/2026\/08\/WhatsApp-Image-2026-08-31-at-3.56.58-PM-1024x625.jpeg 1024w, https:\/\/fuentesfidedignas.com.mx\/wp-content\/uploads\/2026\/08\/WhatsApp-Image-2026-08-31-at-3.56.58-PM-300x183-1.jpeg 300w, https:\/\/fuentesfidedignas.com.mx\/wp-content\/uploads\/2026\/08\/WhatsApp-Image-2026-08-31-at-3.56.58-PM-767x468.jpeg 767w, https:\/\/fuentesfidedignas.com.mx\/wp-content\/uploads\/2026\/08\/WhatsApp-Image-2026-08-31-at-3.56.58-PM-323x197.jpeg 323w, https:\/\/fuentesfidedignas.com.mx\/wp-content\/uploads\/2026\/08\/WhatsApp-Image-2026-08-31-at-3.56.58-PM-600x366.jpeg 600w, https:\/\/fuentesfidedignas.com.mx\/wp-content\/uploads\/2026\/08\/WhatsApp-Image-2026-08-31-at-3.56.58-PM-647x395.jpeg 647w, https:\/\/fuentesfidedignas.com.mx\/wp-content\/uploads\/2026\/08\/WhatsApp-Image-2026-08-31-at-3.56.58-PM-695x424.jpeg 695w, https:\/\/fuentesfidedignas.com.mx\/wp-content\/uploads\/2026\/08\/WhatsApp-Image-2026-08-31-at-3.56.58-PM-1067x651.jpeg 1067w, https:\/\/fuentesfidedignas.com.mx\/wp-content\/uploads\/2026\/08\/WhatsApp-Image-2026-08-31-at-3.56.58-PM-1391x849.jpeg 1391w, https:\/\/fuentesfidedignas.com.mx\/wp-content\/uploads\/2026\/08\/WhatsApp-Image-2026-08-31-at-3.56.58-PM-262x160.jpeg 262w, https:\/\/fuentesfidedignas.com.mx\/wp-content\/uploads\/2026\/08\/WhatsApp-Image-2026-08-31-at-3.56.58-PM-355x217.jpeg 355w, https:\/\/fuentesfidedignas.com.mx\/wp-content\/uploads\/2026\/08\/WhatsApp-Image-2026-08-31-at-3.56.58-PM-427x261.jpeg 427w, https:\/\/fuentesfidedignas.com.mx\/wp-content\/uploads\/2026\/08\/WhatsApp-Image-2026-08-31-at-3.56.58-PM-630x384.jpeg 630w, https:\/\/fuentesfidedignas.com.mx\/wp-content\/uploads\/2026\/08\/WhatsApp-Image-2026-08-31-at-3.56.58-PM-950x580.jpeg 950w, https:\/\/fuentesfidedignas.com.mx\/wp-content\/uploads\/2026\/08\/WhatsApp-Image-2026-08-31-at-3.56.58-PM.jpeg 1475w\" sizes=\"(max-width: 1024px) 100vw, 1024px\" \/><\/figure>\n\n\n\n<p class=\"wp-block-paragraph\">La diputada se\u00f1al\u00f3 que, en Sinaloa, la inseguridad alcanza a ciudadanos de todos los sectores. Las madres buscadoras, por ejemplo, salen todos los d\u00edas a buscar a sus hijos sin contar con un dispositivo de seguridad, como ocurri\u00f3 recientemente con Alma Rosa Rojo, quien fue v\u00edctima de un atentado junto con su hija.<\/p>\n\n\n\n<p class=\"wp-block-paragraph\">\u201cMientras hay madres que salen a buscar a sus hijos y ciudadanos que todos los d\u00edas se enfrentan al riesgo de ser v\u00edctimas de un delito, tenemos que saber por qu\u00e9 se asigna protecci\u00f3n federal a una persona que no es candidata, no est\u00e1 en precampa\u00f1a y actualmente no ostenta un cargo p\u00fablico\u201d, sostuvo.<\/p>\n\n\n\n<p class=\"wp-block-paragraph\">Rubio Valdez pidi\u00f3 que se informe si existe una evaluaci\u00f3n de riesgo, qu\u00e9 autoridad la realiz\u00f3, qu\u00e9 criterios se utilizaron y qui\u00e9n determin\u00f3 que la medida era procedente, particularmente porque el proceso electoral local 2026-2027 a\u00fan no inicia formalmente.<\/p>\n\n\n\n<p class=\"wp-block-paragraph\">\u201cSi existe un riesgo, que se explique; si existe un fundamento legal, que se conozca. La seguridad no puede ser una pregunta sin respuesta cuando lo que est\u00e1 en juego es la vida de las personas\u201d, enfatiz\u00f3.<\/p>\n\n\n\n<p class=\"wp-block-paragraph\">La legisladora aclar\u00f3 que su solicitud no cuestiona el derecho de ninguna persona a recibir protecci\u00f3n cuando exista un riesgo objetivo, sino que busca transparencia sobre las razones y fundamentos que justifican el uso de recursos p\u00fablicos de la Federaci\u00f3n.<\/p>\n","protected":false},"excerpt":{"rendered":"<p>Culiac\u00e1n, Sinaloa.- Mientras miles de sinaloenses viven con miedo y expuestos todos los d\u00edas a la inseguridad, la Guardia Nacional mantiene un dispositivo de protecci\u00f3n para Imelda Castro Castro, por lo que la diputada local del PAN, Roxana Rubio Valdez, exigi\u00f3 conocer qui\u00e9n solicit\u00f3 esta medida, qui\u00e9n la autoriz\u00f3 y cu\u00e1l es el fundamento legal [&hellip;]<\/p>\n","protected":false},"author":4,"featured_media":141331,"comment_status":"open","ping_status":"open","sticky":false,"template":"","format":"standard","meta":{"tdm_status":"","tdm_grid_status":"","footnotes":""},"categories":[38],"tags":[],"class_list":["post-141330","post","type-post","status-publish","format-standard","has-post-thumbnail","category-noticias-locales"],"yoast_head":"<!-- This site is optimized with the Yoast SEO plugin v28.3 - https:\/\/yoast.com\/product\/yoast-seo-wordpress\/ -->\n<title>Roxana Rubio exige a la Guardia Nacional explicar protecci\u00f3n a Imelda Castro: \u201c\u00bfY la seguridad de los sinaloenses?\u201d - Fuentes Fidedignas<\/title>\n<meta name=\"robots\" content=\"index, follow, max-snippet:-1, max-image-preview:large, max-video-preview:-1\" \/>\n<link rel=\"canonical\" href=\"https:\/\/fuentesfidedignas.com.mx\/index.php\/2026\/08\/31\/roxana-rubio-exige-a-la-guardia-nacional-explicar-proteccion-a-imelda-castro-y-la-seguridad-de-los-sinaloenses\/\" \/>\n<meta property=\"og:locale\" content=\"es_MX\" \/>\n<meta property=\"og:type\" content=\"article\" \/>\n<meta property=\"og:title\" content=\"Roxana Rubio exige a la Guardia Nacional explicar protecci\u00f3n a Imelda Castro: \u201c\u00bfY la seguridad de los sinaloenses?\u201d - Fuentes Fidedignas\" \/>\n<meta property=\"og:description\" content=\"Culiac\u00e1n, Sinaloa.- Mientras miles de sinaloenses viven con miedo y expuestos todos los d\u00edas a la inseguridad, la Guardia Nacional mantiene un dispositivo de protecci\u00f3n para Imelda Castro Castro, por lo que la diputada local del PAN, Roxana Rubio Valdez, exigi\u00f3 conocer qui\u00e9n solicit\u00f3 esta medida, qui\u00e9n la autoriz\u00f3 y cu\u00e1l es el fundamento legal [&hellip;]\" \/>\n<meta property=\"og:url\" content=\"https:\/\/fuentesfidedignas.com.mx\/index.php\/2026\/08\/31\/roxana-rubio-exige-a-la-guardia-nacional-explicar-proteccion-a-imelda-castro-y-la-seguridad-de-los-sinaloenses\/\" \/>\n<meta property=\"og:site_name\" content=\"Fuentes Fidedignas\" \/>\n<meta property=\"article:publisher\" content=\"https:\/\/www.facebook.com\/Fuentes-Fidedignas-368234489921644\" \/>\n<meta property=\"article:published_time\" content=\"2026-08-31T23:04:27+00:00\" \/>\n<meta property=\"article:modified_time\" content=\"2026-08-31T23:13:07+00:00\" \/>\n<meta property=\"og:image\" content=\"https:\/\/fuentesfidedignas.com.mx\/wp-content\/uploads\/2026\/08\/WhatsApp-Image-2026-05-21-at-11.12.56-AM.jpeg\" \/>\n\t<meta property=\"og:image:width\" content=\"1600\" \/>\n\t<meta property=\"og:image:height\" content=\"900\" \/>\n\t<meta property=\"og:image:type\" content=\"image\/jpeg\" \/>\n<meta name=\"author\" content=\"Redacci\u00f3n\" \/>\n<meta name=\"twitter:card\" content=\"summary_large_image\" \/>\n<meta name=\"twitter:creator\" content=\"@fidedignas\" \/>\n<meta name=\"twitter:site\" content=\"@fidedignas\" \/>\n<meta name=\"twitter:label1\" content=\"Escrito por\" \/>\n\t<meta name=\"twitter:data1\" content=\"Redacci\u00f3n\" \/>\n\t<meta name=\"twitter:label2\" content=\"Tiempo de lectura\" \/>\n\t<meta name=\"twitter:data2\" content=\"3 minutos\" \/>\n<script type=\"application\/ld+json\" class=\"yoast-schema-graph\">{\"@context\":\"https:\\\/\\\/schema.org\",\"@graph\":[{\"@type\":\"Article\",\"@id\":\"https:\\\/\\\/fuentesfidedignas.com.mx\\\/index.php\\\/2026\\\/08\\\/31\\\/roxana-rubio-exige-a-la-guardia-nacional-explicar-proteccion-a-imelda-castro-y-la-seguridad-de-los-sinaloenses\\\/#article\",\"isPartOf\":{\"@id\":\"https:\\\/\\\/fuentesfidedignas.com.mx\\\/index.php\\\/2026\\\/08\\\/31\\\/roxana-rubio-exige-a-la-guardia-nacional-explicar-proteccion-a-imelda-castro-y-la-seguridad-de-los-sinaloenses\\\/\"},\"author\":{\"name\":\"Redacci\u00f3n\",\"@id\":\"https:\\\/\\\/fuentesfidedignas.com.mx\\\/#\\\/schema\\\/person\\\/331be9283d37198e2acd5750279085b0\"},\"headline\":\"Roxana Rubio exige a la Guardia Nacional explicar protecci\u00f3n a Imelda Castro: \u201c\u00bfY la seguridad de los sinaloenses?\u201d\",\"datePublished\":\"2026-08-31T23:04:27+00:00\",\"dateModified\":\"2026-08-31T23:13:07+00:00\",\"mainEntityOfPage\":{\"@id\":\"https:\\\/\\\/fuentesfidedignas.com.mx\\\/index.php\\\/2026\\\/08\\\/31\\\/roxana-rubio-exige-a-la-guardia-nacional-explicar-proteccion-a-imelda-castro-y-la-seguridad-de-los-sinaloenses\\\/\"},\"wordCount\":424,\"commentCount\":0,\"publisher\":{\"@id\":\"https:\\\/\\\/fuentesfidedignas.com.mx\\\/#organization\"},\"image\":{\"@id\":\"https:\\\/\\\/fuentesfidedignas.com.mx\\\/index.php\\\/2026\\\/08\\\/31\\\/roxana-rubio-exige-a-la-guardia-nacional-explicar-proteccion-a-imelda-castro-y-la-seguridad-de-los-sinaloenses\\\/#primaryimage\"},\"thumbnailUrl\":\"https:\\\/\\\/fuentesfidedignas.com.mx\\\/wp-content\\\/uploads\\\/2026\\\/08\\\/WhatsApp-Image-2026-05-21-at-11.12.56-AM.jpeg\",\"articleSection\":[\"NOTICIAS LOCALES\"],\"inLanguage\":\"es\",\"potentialAction\":[{\"@type\":\"CommentAction\",\"name\":\"Comment\",\"target\":[\"https:\\\/\\\/fuentesfidedignas.com.mx\\\/index.php\\\/2026\\\/08\\\/31\\\/roxana-rubio-exige-a-la-guardia-nacional-explicar-proteccion-a-imelda-castro-y-la-seguridad-de-los-sinaloenses\\\/#respond\"]}]},{\"@type\":\"WebPage\",\"@id\":\"https:\\\/\\\/fuentesfidedignas.com.mx\\\/index.php\\\/2026\\\/08\\\/31\\\/roxana-rubio-exige-a-la-guardia-nacional-explicar-proteccion-a-imelda-castro-y-la-seguridad-de-los-sinaloenses\\\/\",\"url\":\"https:\\\/\\\/fuentesfidedignas.com.mx\\\/index.php\\\/2026\\\/08\\\/31\\\/roxana-rubio-exige-a-la-guardia-nacional-explicar-proteccion-a-imelda-castro-y-la-seguridad-de-los-sinaloenses\\\/\",\"name\":\"Roxana Rubio exige a la Guardia Nacional explicar protecci\u00f3n a Imelda Castro: \u201c\u00bfY la seguridad de los sinaloenses?\u201d - Fuentes Fidedignas\",\"isPartOf\":{\"@id\":\"https:\\\/\\\/fuentesfidedignas.com.mx\\\/#website\"},\"primaryImageOfPage\":{\"@id\":\"https:\\\/\\\/fuentesfidedignas.com.mx\\\/index.php\\\/2026\\\/08\\\/31\\\/roxana-rubio-exige-a-la-guardia-nacional-explicar-proteccion-a-imelda-castro-y-la-seguridad-de-los-sinaloenses\\\/#primaryimage\"},\"image\":{\"@id\":\"https:\\\/\\\/fuentesfidedignas.com.mx\\\/index.php\\\/2026\\\/08\\\/31\\\/roxana-rubio-exige-a-la-guardia-nacional-explicar-proteccion-a-imelda-castro-y-la-seguridad-de-los-sinaloenses\\\/#primaryimage\"},\"thumbnailUrl\":\"https:\\\/\\\/fuentesfidedignas.com.mx\\\/wp-content\\\/uploads\\\/2026\\\/08\\\/WhatsApp-Image-2026-05-21-at-11.12.56-AM.jpeg\",\"datePublished\":\"2026-08-31T23:04:27+00:00\",\"dateModified\":\"2026-08-31T23:13:07+00:00\",\"breadcrumb\":{\"@id\":\"https:\\\/\\\/fuentesfidedignas.com.mx\\\/index.php\\\/2026\\\/08\\\/31\\\/roxana-rubio-exige-a-la-guardia-nacional-explicar-proteccion-a-imelda-castro-y-la-seguridad-de-los-sinaloenses\\\/#breadcrumb\"},\"inLanguage\":\"es\",\"potentialAction\":[{\"@type\":\"ReadAction\",\"target\":[\"https:\\\/\\\/fuentesfidedignas.com.mx\\\/index.php\\\/2026\\\/08\\\/31\\\/roxana-rubio-exige-a-la-guardia-nacional-explicar-proteccion-a-imelda-castro-y-la-seguridad-de-los-sinaloenses\\\/\"]}]},{\"@type\":\"ImageObject\",\"inLanguage\":\"es\",\"@id\":\"https:\\\/\\\/fuentesfidedignas.com.mx\\\/index.php\\\/2026\\\/08\\\/31\\\/roxana-rubio-exige-a-la-guardia-nacional-explicar-proteccion-a-imelda-castro-y-la-seguridad-de-los-sinaloenses\\\/#primaryimage\",\"url\":\"https:\\\/\\\/fuentesfidedignas.com.mx\\\/wp-content\\\/uploads\\\/2026\\\/08\\\/WhatsApp-Image-2026-05-21-at-11.12.56-AM.jpeg\",\"contentUrl\":\"https:\\\/\\\/fuentesfidedignas.com.mx\\\/wp-content\\\/uploads\\\/2026\\\/08\\\/WhatsApp-Image-2026-05-21-at-11.12.56-AM.jpeg\",\"width\":1600,\"height\":900},{\"@type\":\"BreadcrumbList\",\"@id\":\"https:\\\/\\\/fuentesfidedignas.com.mx\\\/index.php\\\/2026\\\/08\\\/31\\\/roxana-rubio-exige-a-la-guardia-nacional-explicar-proteccion-a-imelda-castro-y-la-seguridad-de-los-sinaloenses\\\/#breadcrumb\",\"itemListElement\":[{\"@type\":\"ListItem\",\"position\":1,\"name\":\"Inicio\",\"item\":\"https:\\\/\\\/fuentesfidedignas.com.mx\\\/\"},{\"@type\":\"ListItem\",\"position\":2,\"name\":\"Roxana Rubio exige a la Guardia Nacional explicar protecci\u00f3n a Imelda Castro: \u201c\u00bfY la seguridad de los sinaloenses?\u201d\"}]},{\"@type\":\"WebSite\",\"@id\":\"https:\\\/\\\/fuentesfidedignas.com.mx\\\/#website\",\"url\":\"https:\\\/\\\/fuentesfidedignas.com.mx\\\/\",\"name\":\"Fuentes Fidedignas\",\"description\":\"Otro sitio realizado con WordPress\",\"publisher\":{\"@id\":\"https:\\\/\\\/fuentesfidedignas.com.mx\\\/#organization\"},\"potentialAction\":[{\"@type\":\"SearchAction\",\"target\":{\"@type\":\"EntryPoint\",\"urlTemplate\":\"https:\\\/\\\/fuentesfidedignas.com.mx\\\/?s={search_term_string}\"},\"query-input\":{\"@type\":\"PropertyValueSpecification\",\"valueRequired\":true,\"valueName\":\"search_term_string\"}}],\"inLanguage\":\"es\"},{\"@type\":\"Organization\",\"@id\":\"https:\\\/\\\/fuentesfidedignas.com.mx\\\/#organization\",\"name\":\"Fuentes Fidedignas\",\"url\":\"https:\\\/\\\/fuentesfidedignas.com.mx\\\/\",\"logo\":{\"@type\":\"ImageObject\",\"inLanguage\":\"es\",\"@id\":\"https:\\\/\\\/fuentesfidedignas.com.mx\\\/#\\\/schema\\\/logo\\\/image\\\/\",\"url\":\"https:\\\/\\\/fuentesfidedignas.com.mx\\\/wp-content\\\/uploads\\\/2021\\\/04\\\/logo-retina.png\",\"contentUrl\":\"https:\\\/\\\/fuentesfidedignas.com.mx\\\/wp-content\\\/uploads\\\/2021\\\/04\\\/logo-retina.png\",\"width\":280,\"height\":51,\"caption\":\"Fuentes Fidedignas\"},\"image\":{\"@id\":\"https:\\\/\\\/fuentesfidedignas.com.mx\\\/#\\\/schema\\\/logo\\\/image\\\/\"},\"sameAs\":[\"https:\\\/\\\/www.facebook.com\\\/Fuentes-Fidedignas-368234489921644\",\"https:\\\/\\\/x.com\\\/fidedignas\"]},{\"@type\":\"Person\",\"@id\":\"https:\\\/\\\/fuentesfidedignas.com.mx\\\/#\\\/schema\\\/person\\\/331be9283d37198e2acd5750279085b0\",\"name\":\"Redacci\u00f3n\",\"image\":{\"@type\":\"ImageObject\",\"inLanguage\":\"es\",\"@id\":\"https:\\\/\\\/secure.gravatar.com\\\/avatar\\\/f6d8782c11d12b2d4ad3fbb6931aeab5309937a4d6cd2fc9cfaa28a6396a5aec?s=96&d=mm&r=g\",\"url\":\"https:\\\/\\\/secure.gravatar.com\\\/avatar\\\/f6d8782c11d12b2d4ad3fbb6931aeab5309937a4d6cd2fc9cfaa28a6396a5aec?s=96&d=mm&r=g\",\"contentUrl\":\"https:\\\/\\\/secure.gravatar.com\\\/avatar\\\/f6d8782c11d12b2d4ad3fbb6931aeab5309937a4d6cd2fc9cfaa28a6396a5aec?s=96&d=mm&r=g\",\"caption\":\"Redacci\u00f3n\"},\"url\":\"https:\\\/\\\/fuentesfidedignas.com.mx\\\/index.php\\\/author\\\/redaccion\\\/\"}]}<\/script>\n<!-- \/ Yoast SEO plugin. -->","yoast_head_json":{"title":"Roxana Rubio exige a la Guardia Nacional explicar protecci\u00f3n a Imelda Castro: \u201c\u00bfY la seguridad de los sinaloenses?\u201d - Fuentes Fidedignas","robots":{"index":"index","follow":"follow","max-snippet":"max-snippet:-1","max-image-preview":"max-image-preview:large","max-video-preview":"max-video-preview:-1"},"canonical":"https:\/\/fuentesfidedignas.com.mx\/index.php\/2026\/08\/31\/roxana-rubio-exige-a-la-guardia-nacional-explicar-proteccion-a-imelda-castro-y-la-seguridad-de-los-sinaloenses\/","og_locale":"es_MX","og_type":"article","og_title":"Roxana Rubio exige a la Guardia Nacional explicar protecci\u00f3n a Imelda Castro: \u201c\u00bfY la seguridad de los sinaloenses?\u201d - Fuentes Fidedignas","og_description":"Culiac\u00e1n, Sinaloa.- Mientras miles de sinaloenses viven con miedo y expuestos todos los d\u00edas a la inseguridad, la Guardia Nacional mantiene un dispositivo de protecci\u00f3n para Imelda Castro Castro, por lo que la diputada local del PAN, Roxana Rubio Valdez, exigi\u00f3 conocer qui\u00e9n solicit\u00f3 esta medida, qui\u00e9n la autoriz\u00f3 y cu\u00e1l es el fundamento legal [&hellip;]","og_url":"https:\/\/fuentesfidedignas.com.mx\/index.php\/2026\/08\/31\/roxana-rubio-exige-a-la-guardia-nacional-explicar-proteccion-a-imelda-castro-y-la-seguridad-de-los-sinaloenses\/","og_site_name":"Fuentes Fidedignas","article_publisher":"https:\/\/www.facebook.com\/Fuentes-Fidedignas-368234489921644","article_published_time":"2026-08-31T23:04:27+00:00","article_modified_time":"2026-08-31T23:13:07+00:00","og_image":[{"width":1600,"height":900,"url":"https:\/\/fuentesfidedignas.com.mx\/wp-content\/uploads\/2026\/08\/WhatsApp-Image-2026-05-21-at-11.12.56-AM.jpeg","type":"image\/jpeg"}],"author":"Redacci\u00f3n","twitter_card":"summary_large_image","twitter_creator":"@fidedignas","twitter_site":"@fidedignas","twitter_misc":{"Escrito por":"Redacci\u00f3n","Tiempo de lectura":"3 minutos"},"schema":{"@context":"https:\/\/schema.org","@graph":[{"@type":"Article","@id":"https:\/\/fuentesfidedignas.com.mx\/index.php\/2026\/08\/31\/roxana-rubio-exige-a-la-guardia-nacional-explicar-proteccion-a-imelda-castro-y-la-seguridad-de-los-sinaloenses\/#article","isPartOf":{"@id":"https:\/\/fuentesfidedignas.com.mx\/index.php\/2026\/08\/31\/roxana-rubio-exige-a-la-guardia-nacional-explicar-proteccion-a-imelda-castro-y-la-seguridad-de-los-sinaloenses\/"},"author":{"name":"Redacci\u00f3n","@id":"https:\/\/fuentesfidedignas.com.mx\/#\/schema\/person\/331be9283d37198e2acd5750279085b0"},"headline":"Roxana Rubio exige a la Guardia Nacional explicar protecci\u00f3n a Imelda Castro: \u201c\u00bfY la seguridad de los sinaloenses?\u201d","datePublished":"2026-08-31T23:04:27+00:00","dateModified":"2026-08-31T23:13:07+00:00","mainEntityOfPage":{"@id":"https:\/\/fuentesfidedignas.com.mx\/index.php\/2026\/08\/31\/roxana-rubio-exige-a-la-guardia-nacional-explicar-proteccion-a-imelda-castro-y-la-seguridad-de-los-sinaloenses\/"},"wordCount":424,"commentCount":0,"publisher":{"@id":"https:\/\/fuentesfidedignas.com.mx\/#organization"},"image":{"@id":"https:\/\/fuentesfidedignas.com.mx\/index.php\/2026\/08\/31\/roxana-rubio-exige-a-la-guardia-nacional-explicar-proteccion-a-imelda-castro-y-la-seguridad-de-los-sinaloenses\/#primaryimage"},"thumbnailUrl":"https:\/\/fuentesfidedignas.com.mx\/wp-content\/uploads\/2026\/08\/WhatsApp-Image-2026-05-21-at-11.12.56-AM.jpeg","articleSection":["NOTICIAS LOCALES"],"inLanguage":"es","potentialAction":[{"@type":"CommentAction","name":"Comment","target":["https:\/\/fuentesfidedignas.com.mx\/index.php\/2026\/08\/31\/roxana-rubio-exige-a-la-guardia-nacional-explicar-proteccion-a-imelda-castro-y-la-seguridad-de-los-sinaloenses\/#respond"]}]},{"@type":"WebPage","@id":"https:\/\/fuentesfidedignas.com.mx\/index.php\/2026\/08\/31\/roxana-rubio-exige-a-la-guardia-nacional-explicar-proteccion-a-imelda-castro-y-la-seguridad-de-los-sinaloenses\/","url":"https:\/\/fuentesfidedignas.com.mx\/index.php\/2026\/08\/31\/roxana-rubio-exige-a-la-guardia-nacional-explicar-proteccion-a-imelda-castro-y-la-seguridad-de-los-sinaloenses\/","name":"Roxana Rubio exige a la Guardia Nacional explicar protecci\u00f3n a Imelda Castro: \u201c\u00bfY la seguridad de los sinaloenses?\u201d - Fuentes Fidedignas","isPartOf":{"@id":"https:\/\/fuentesfidedignas.com.mx\/#website"},"primaryImageOfPage":{"@id":"https:\/\/fuentesfidedignas.com.mx\/index.php\/2026\/08\/31\/roxana-rubio-exige-a-la-guardia-nacional-explicar-proteccion-a-imelda-castro-y-la-seguridad-de-los-sinaloenses\/#primaryimage"},"image":{"@id":"https:\/\/fuentesfidedignas.com.mx\/index.php\/2026\/08\/31\/roxana-rubio-exige-a-la-guardia-nacional-explicar-proteccion-a-imelda-castro-y-la-seguridad-de-los-sinaloenses\/#primaryimage"},"thumbnailUrl":"https:\/\/fuentesfidedignas.com.mx\/wp-content\/uploads\/2026\/08\/WhatsApp-Image-2026-05-21-at-11.12.56-AM.jpeg","datePublished":"2026-08-31T23:04:27+00:00","dateModified":"2026-08-31T23:13:07+00:00","breadcrumb":{"@id":"https:\/\/fuentesfidedignas.com.mx\/index.php\/2026\/08\/31\/roxana-rubio-exige-a-la-guardia-nacional-explicar-proteccion-a-imelda-castro-y-la-seguridad-de-los-sinaloenses\/#breadcrumb"},"inLanguage":"es","potentialAction":[{"@type":"ReadAction","target":["https:\/\/fuentesfidedignas.com.mx\/index.php\/2026\/08\/31\/roxana-rubio-exige-a-la-guardia-nacional-explicar-proteccion-a-imelda-castro-y-la-seguridad-de-los-sinaloenses\/"]}]},{"@type":"ImageObject","inLanguage":"es","@id":"https:\/\/fuentesfidedignas.com.mx\/index.php\/2026\/08\/31\/roxana-rubio-exige-a-la-guardia-nacional-explicar-proteccion-a-imelda-castro-y-la-seguridad-de-los-sinaloenses\/#primaryimage","url":"https:\/\/fuentesfidedignas.com.mx\/wp-content\/uploads\/2026\/08\/WhatsApp-Image-2026-05-21-at-11.12.56-AM.jpeg","contentUrl":"https:\/\/fuentesfidedignas.com.mx\/wp-content\/uploads\/2026\/08\/WhatsApp-Image-2026-05-21-at-11.12.56-AM.jpeg","width":1600,"height":900},{"@type":"BreadcrumbList","@id":"https:\/\/fuentesfidedignas.com.mx\/index.php\/2026\/08\/31\/roxana-rubio-exige-a-la-guardia-nacional-explicar-proteccion-a-imelda-castro-y-la-seguridad-de-los-sinaloenses\/#breadcrumb","itemListElement":[{"@type":"ListItem","position":1,"name":"Inicio","item":"https:\/\/fuentesfidedignas.com.mx\/"},{"@type":"ListItem","position":2,"name":"Roxana Rubio exige a la Guardia Nacional explicar protecci\u00f3n a Imelda Castro: \u201c\u00bfY la seguridad de los sinaloenses?\u201d"}]},{"@type":"WebSite","@id":"https:\/\/fuentesfidedignas.com.mx\/#website","url":"https:\/\/fuentesfidedignas.com.mx\/","name":"Fuentes Fidedignas","description":"Otro sitio realizado con WordPress","publisher":{"@id":"https:\/\/fuentesfidedignas.com.mx\/#organization"},"potentialAction":[{"@type":"SearchAction","target":{"@type":"EntryPoint","urlTemplate":"https:\/\/fuentesfidedignas.com.mx\/?s={search_term_string}"},"query-input":{"@type":"PropertyValueSpecification","valueRequired":true,"valueName":"search_term_string"}}],"inLanguage":"es"},{"@type":"Organization","@id":"https:\/\/fuentesfidedignas.com.mx\/#organization","name":"Fuentes Fidedignas","url":"https:\/\/fuentesfidedignas.com.mx\/","logo":{"@type":"ImageObject","inLanguage":"es","@id":"https:\/\/fuentesfidedignas.com.mx\/#\/schema\/logo\/image\/","url":"https:\/\/fuentesfidedignas.com.mx\/wp-content\/uploads\/2021\/04\/logo-retina.png","contentUrl":"https:\/\/fuentesfidedignas.com.mx\/wp-content\/uploads\/2021\/04\/logo-retina.png","width":280,"height":51,"caption":"Fuentes Fidedignas"},"image":{"@id":"https:\/\/fuentesfidedignas.com.mx\/#\/schema\/logo\/image\/"},"sameAs":["https:\/\/www.facebook.com\/Fuentes-Fidedignas-368234489921644","https:\/\/x.com\/fidedignas"]},{"@type":"Person","@id":"https:\/\/fuentesfidedignas.com.mx\/#\/schema\/person\/331be9283d37198e2acd5750279085b0","name":"Redacci\u00f3n","image":{"@type":"ImageObject","inLanguage":"es","@id":"https:\/\/secure.gravatar.com\/avatar\/f6d8782c11d12b2d4ad3fbb6931aeab5309937a4d6cd2fc9cfaa28a6396a5aec?s=96&d=mm&r=g","url":"https:\/\/secure.gravatar.com\/avatar\/f6d8782c11d12b2d4ad3fbb6931aeab5309937a4d6cd2fc9cfaa28a6396a5aec?s=96&d=mm&r=g","contentUrl":"https:\/\/secure.gravatar.com\/avatar\/f6d8782c11d12b2d4ad3fbb6931aeab5309937a4d6cd2fc9cfaa28a6396a5aec?s=96&d=mm&r=g","caption":"Redacci\u00f3n"},"url":"https:\/\/fuentesfidedignas.com.mx\/index.php\/author\/redaccion\/"}]}},"_links":{"self":[{"href":"https:\/\/fuentesfidedignas.com.mx\/index.php\/wp-json\/wp\/v2\/posts\/141330","targetHints":{"allow":["GET"]}}],"collection":[{"href":"https:\/\/fuentesfidedignas.com.mx\/index.php\/wp-json\/wp\/v2\/posts"}],"about":[{"href":"https:\/\/fuentesfidedignas.com.mx\/index.php\/wp-json\/wp\/v2\/types\/post"}],"author":[{"embeddable":true,"href":"https:\/\/fuentesfidedignas.com.mx\/index.php\/wp-json\/wp\/v2\/users\/4"}],"replies":[{"embeddable":true,"href":"https:\/\/fuentesfidedignas.com.mx\/index.php\/wp-json\/wp\/v2\/comments?post=141330"}],"version-history":[{"count":2,"href":"https:\/\/fuentesfidedignas.com.mx\/index.php\/wp-json\/wp\/v2\/posts\/141330\/revisions"}],"predecessor-version":[{"id":141335,"href":"https:\/\/fuentesfidedignas.com.mx\/index.php\/wp-json\/wp\/v2\/posts\/141330\/revisions\/141335"}],"wp:featuredmedia":[{"embeddable":true,"href":"https:\/\/fuentesfidedignas.com.mx\/index.php\/wp-json\/wp\/v2\/media\/141331"}],"wp:attachment":[{"href":"https:\/\/fuentesfidedignas.com.mx\/index.php\/wp-json\/wp\/v2\/media?parent=141330"}],"wp:term":[{"taxonomy":"category","embeddable":true,"href":"https:\/\/fuentesfidedignas.com.mx\/index.php\/wp-json\/wp\/v2\/categories?post=141330"},{"taxonomy":"post_tag","embeddable":true,"href":"https:\/\/fuentesfidedignas.com.mx\/index.php\/wp-json\/wp\/v2\/tags?post=141330"}],"curies":[{"name":"wp","href":"https:\/\/api.w.org\/{rel}","templated":true}]}}