{"id":14133,"date":"2021-10-04T12:41:59","date_gmt":"2021-10-04T19:41:59","guid":{"rendered":"https:\/\/fuentesfidedignas.com.mx\/?p=14133"},"modified":"2021-10-04T12:42:01","modified_gmt":"2021-10-04T19:42:01","slug":"anuncia-la-ssa-el-funcionamiento-de-las-nuevas-instalaciones-del-hospital-pediatrico-de-sinaloa","status":"publish","type":"post","link":"https:\/\/fuentesfidedignas.com.mx\/index.php\/2021\/10\/04\/anuncia-la-ssa-el-funcionamiento-de-las-nuevas-instalaciones-del-hospital-pediatrico-de-sinaloa\/","title":{"rendered":"Anuncia la SSA el funcionamiento de las nuevas instalaciones del Hospital Pedi\u00e1trico de Sinaloa"},"content":{"rendered":"\n<p><strong><em>Ser\u00e1 entre el pr\u00f3ximo 6 y 8 de octubre cuando se empiece a recibir pacientes en el \u00e1rea de consulta externa de especialidades.<\/em><\/strong><\/p>\n\n\n\n<p>Culiac\u00e1n, Sin.- De acuerdo a lo planeado por el Gobierno de la Rep\u00fablica y el Gobierno del Estado de Sinaloa, entre el pr\u00f3ximo 6 y 8 de octubre iniciar\u00e1 operaciones el \u00e1rea de consulta externa de especialidades el nuevo Hospital Pedi\u00e1trico de Sinaloa, as\u00ed lo dio a conocer el Secretario de Salud de la entidad, Dr. Efr\u00e9n Encinas Torres.<\/p>\n\n\n\n<p>Puntualiz\u00f3 que ser\u00e1, por el momento, solo esta \u00e1rea la que, d\u00e9 inicio con el funcionamiento de las nuevas instalaciones del Hospital Pedi\u00e1trico de Sinaloa, asimismo, de manera paulatina se ir\u00e1n aperturando los dem\u00e1s espacios dedicados al cuidado de la salud de los infantes no solo del Sinaloa, sino de la regi\u00f3n del Noroeste del Pa\u00eds que requiera de este tipo de atenci\u00f3n.<\/p>\n\n\n\n<p>\u201cNos encontramos la Doctora Robledo y un servidor aqu\u00ed en el nuevo Hospital Pedi\u00e1trico de Sinaloa dando seguimiento a la reciente visita que tuvimos por el Presidente de la Rep\u00fablica y el Gobernador Quirino Ordaz Coppel, revisando las instalaciones de este hospital que pr\u00f3ximamente, entre el 6 y el 8 de este mes, dar\u00e1 inicio con algunas \u00e1reas ya operando principalmente el \u00e1rea de Consulta Externa de Especialidades para brindar la atenci\u00f3n as\u00ed especializada a la poblaci\u00f3n pedi\u00e1trica adscrita y quien llega y demanda la atenci\u00f3n m\u00e9dica precisamente en esta unidad, es un ejemplo de un modelo de hospital por lo bonito que est\u00e1 y lo funcional que tiene, paulatinamente iremos aperturando m\u00e1s \u00e1reas, de tal forma que se concluya la funcionalidad al cien por ciento de manera gradual y favorable para la poblaci\u00f3n pedi\u00e1trica\u201d, se\u00f1al\u00f3.<\/p>\n\n\n\n<p>De igual manera, Encinas Torres, reconoci\u00f3 el trabajo y atenci\u00f3n por parte de la Doctora Esthela Robledo, directora general del Hospital Pedi\u00e1trico de Sinaloa, as\u00ed como al personal que integra la base trabajadora de dicha instituci\u00f3n, doctores, enfermeras, especialistas y dem\u00e1s trabajadores, quienes ver\u00e1n tambi\u00e9n este proyecto como un logro que habr\u00e1 que cuidar para el bienestar de la poblaci\u00f3n infantil de Sinaloa.<\/p>\n","protected":false},"excerpt":{"rendered":"<p>Ser\u00e1 entre el pr\u00f3ximo 6 y 8 de octubre cuando se empiece a recibir pacientes en el \u00e1rea de consulta externa de especialidades. Culiac\u00e1n, Sin.- De acuerdo a lo planeado por el Gobierno de la Rep\u00fablica y el Gobierno del Estado de Sinaloa, entre el pr\u00f3ximo 6 y 8 de octubre iniciar\u00e1 operaciones el \u00e1rea [&hellip;]<\/p>\n","protected":false},"author":4,"featured_media":14134,"comment_status":"open","ping_status":"open","sticky":false,"template":"","format":"standard","meta":{"tdm_status":"","tdm_grid_status":"","footnotes":""},"categories":[37],"tags":[387,1815,229,228],"class_list":{"0":"post-14133","1":"post","2":"type-post","3":"status-publish","4":"format-standard","5":"has-post-thumbnail","7":"category-nota-principal","8":"tag-efren-encinas-torres","9":"tag-hospital-pediatrico-de-sinaloa","10":"tag-secretaria-de-salud-de-sinaloa","11":"tag-ssa"},"yoast_head":"<!-- This site is optimized with the Yoast SEO plugin v27.5 - https:\/\/yoast.com\/product\/yoast-seo-wordpress\/ -->\n<title>Anuncia la SSA el funcionamiento de las nuevas instalaciones del Hospital Pedi\u00e1trico de Sinaloa - Fuentes Fidedignas<\/title>\n<meta name=\"robots\" content=\"index, follow, max-snippet:-1, max-image-preview:large, max-video-preview:-1\" \/>\n<link rel=\"canonical\" href=\"https:\/\/fuentesfidedignas.com.mx\/index.php\/2021\/10\/04\/anuncia-la-ssa-el-funcionamiento-de-las-nuevas-instalaciones-del-hospital-pediatrico-de-sinaloa\/\" \/>\n<meta property=\"og:locale\" content=\"es_MX\" \/>\n<meta property=\"og:type\" content=\"article\" \/>\n<meta property=\"og:title\" content=\"Anuncia la SSA el funcionamiento de las nuevas instalaciones del Hospital Pedi\u00e1trico de Sinaloa - Fuentes Fidedignas\" \/>\n<meta property=\"og:description\" content=\"Ser\u00e1 entre el pr\u00f3ximo 6 y 8 de octubre cuando se empiece a recibir pacientes en el \u00e1rea de consulta externa de especialidades. Culiac\u00e1n, Sin.- De acuerdo a lo planeado por el Gobierno de la Rep\u00fablica y el Gobierno del Estado de Sinaloa, entre el pr\u00f3ximo 6 y 8 de octubre iniciar\u00e1 operaciones el \u00e1rea [&hellip;]\" \/>\n<meta property=\"og:url\" content=\"https:\/\/fuentesfidedignas.com.mx\/index.php\/2021\/10\/04\/anuncia-la-ssa-el-funcionamiento-de-las-nuevas-instalaciones-del-hospital-pediatrico-de-sinaloa\/\" \/>\n<meta property=\"og:site_name\" content=\"Fuentes Fidedignas\" \/>\n<meta property=\"article:publisher\" content=\"https:\/\/www.facebook.com\/Fuentes-Fidedignas-368234489921644\" \/>\n<meta property=\"article:published_time\" content=\"2021-10-04T19:41:59+00:00\" \/>\n<meta property=\"article:modified_time\" content=\"2021-10-04T19:42:01+00:00\" \/>\n<meta property=\"og:image\" content=\"https:\/\/fuentesfidedignas.com.mx\/wp-content\/uploads\/2021\/10\/SSS.jpg\" \/>\n\t<meta property=\"og:image:width\" content=\"2000\" \/>\n\t<meta property=\"og:image:height\" content=\"1502\" \/>\n\t<meta property=\"og:image:type\" content=\"image\/jpeg\" \/>\n<meta name=\"author\" content=\"Redacci\u00f3n\" \/>\n<meta name=\"twitter:card\" content=\"summary_large_image\" \/>\n<meta name=\"twitter:creator\" content=\"@fidedignas\" \/>\n<meta name=\"twitter:site\" content=\"@fidedignas\" \/>\n<meta name=\"twitter:label1\" content=\"Escrito por\" \/>\n\t<meta name=\"twitter:data1\" content=\"Redacci\u00f3n\" \/>\n\t<meta name=\"twitter:label2\" content=\"Tiempo de lectura\" \/>\n\t<meta name=\"twitter:data2\" content=\"2 minutos\" \/>\n<script type=\"application\/ld+json\" class=\"yoast-schema-graph\">{\"@context\":\"https:\\\/\\\/schema.org\",\"@graph\":[{\"@type\":\"Article\",\"@id\":\"https:\\\/\\\/fuentesfidedignas.com.mx\\\/index.php\\\/2021\\\/10\\\/04\\\/anuncia-la-ssa-el-funcionamiento-de-las-nuevas-instalaciones-del-hospital-pediatrico-de-sinaloa\\\/#article\",\"isPartOf\":{\"@id\":\"https:\\\/\\\/fuentesfidedignas.com.mx\\\/index.php\\\/2021\\\/10\\\/04\\\/anuncia-la-ssa-el-funcionamiento-de-las-nuevas-instalaciones-del-hospital-pediatrico-de-sinaloa\\\/\"},\"author\":{\"name\":\"Redacci\u00f3n\",\"@id\":\"https:\\\/\\\/fuentesfidedignas.com.mx\\\/#\\\/schema\\\/person\\\/331be9283d37198e2acd5750279085b0\"},\"headline\":\"Anuncia la SSA el funcionamiento de las nuevas instalaciones del Hospital Pedi\u00e1trico de Sinaloa\",\"datePublished\":\"2021-10-04T19:41:59+00:00\",\"dateModified\":\"2021-10-04T19:42:01+00:00\",\"mainEntityOfPage\":{\"@id\":\"https:\\\/\\\/fuentesfidedignas.com.mx\\\/index.php\\\/2021\\\/10\\\/04\\\/anuncia-la-ssa-el-funcionamiento-de-las-nuevas-instalaciones-del-hospital-pediatrico-de-sinaloa\\\/\"},\"wordCount\":385,\"commentCount\":0,\"publisher\":{\"@id\":\"https:\\\/\\\/fuentesfidedignas.com.mx\\\/#organization\"},\"image\":{\"@id\":\"https:\\\/\\\/fuentesfidedignas.com.mx\\\/index.php\\\/2021\\\/10\\\/04\\\/anuncia-la-ssa-el-funcionamiento-de-las-nuevas-instalaciones-del-hospital-pediatrico-de-sinaloa\\\/#primaryimage\"},\"thumbnailUrl\":\"https:\\\/\\\/fuentesfidedignas.com.mx\\\/wp-content\\\/uploads\\\/2021\\\/10\\\/SSS.jpg\",\"keywords\":[\"Efr\u00e9n Encinas Torres\",\"Hospital Pedi\u00e1trico de Sinaloa\",\"Secretar\u00eda de Salud de Sinaloa\",\"SSA\"],\"articleSection\":[\"NOTA PRINCIPAL\"],\"inLanguage\":\"es\",\"potentialAction\":[{\"@type\":\"CommentAction\",\"name\":\"Comment\",\"target\":[\"https:\\\/\\\/fuentesfidedignas.com.mx\\\/index.php\\\/2021\\\/10\\\/04\\\/anuncia-la-ssa-el-funcionamiento-de-las-nuevas-instalaciones-del-hospital-pediatrico-de-sinaloa\\\/#respond\"]}]},{\"@type\":\"WebPage\",\"@id\":\"https:\\\/\\\/fuentesfidedignas.com.mx\\\/index.php\\\/2021\\\/10\\\/04\\\/anuncia-la-ssa-el-funcionamiento-de-las-nuevas-instalaciones-del-hospital-pediatrico-de-sinaloa\\\/\",\"url\":\"https:\\\/\\\/fuentesfidedignas.com.mx\\\/index.php\\\/2021\\\/10\\\/04\\\/anuncia-la-ssa-el-funcionamiento-de-las-nuevas-instalaciones-del-hospital-pediatrico-de-sinaloa\\\/\",\"name\":\"Anuncia la SSA el funcionamiento de las nuevas instalaciones del Hospital Pedi\u00e1trico de Sinaloa - Fuentes Fidedignas\",\"isPartOf\":{\"@id\":\"https:\\\/\\\/fuentesfidedignas.com.mx\\\/#website\"},\"primaryImageOfPage\":{\"@id\":\"https:\\\/\\\/fuentesfidedignas.com.mx\\\/index.php\\\/2021\\\/10\\\/04\\\/anuncia-la-ssa-el-funcionamiento-de-las-nuevas-instalaciones-del-hospital-pediatrico-de-sinaloa\\\/#primaryimage\"},\"image\":{\"@id\":\"https:\\\/\\\/fuentesfidedignas.com.mx\\\/index.php\\\/2021\\\/10\\\/04\\\/anuncia-la-ssa-el-funcionamiento-de-las-nuevas-instalaciones-del-hospital-pediatrico-de-sinaloa\\\/#primaryimage\"},\"thumbnailUrl\":\"https:\\\/\\\/fuentesfidedignas.com.mx\\\/wp-content\\\/uploads\\\/2021\\\/10\\\/SSS.jpg\",\"datePublished\":\"2021-10-04T19:41:59+00:00\",\"dateModified\":\"2021-10-04T19:42:01+00:00\",\"breadcrumb\":{\"@id\":\"https:\\\/\\\/fuentesfidedignas.com.mx\\\/index.php\\\/2021\\\/10\\\/04\\\/anuncia-la-ssa-el-funcionamiento-de-las-nuevas-instalaciones-del-hospital-pediatrico-de-sinaloa\\\/#breadcrumb\"},\"inLanguage\":\"es\",\"potentialAction\":[{\"@type\":\"ReadAction\",\"target\":[\"https:\\\/\\\/fuentesfidedignas.com.mx\\\/index.php\\\/2021\\\/10\\\/04\\\/anuncia-la-ssa-el-funcionamiento-de-las-nuevas-instalaciones-del-hospital-pediatrico-de-sinaloa\\\/\"]}]},{\"@type\":\"ImageObject\",\"inLanguage\":\"es\",\"@id\":\"https:\\\/\\\/fuentesfidedignas.com.mx\\\/index.php\\\/2021\\\/10\\\/04\\\/anuncia-la-ssa-el-funcionamiento-de-las-nuevas-instalaciones-del-hospital-pediatrico-de-sinaloa\\\/#primaryimage\",\"url\":\"https:\\\/\\\/fuentesfidedignas.com.mx\\\/wp-content\\\/uploads\\\/2021\\\/10\\\/SSS.jpg\",\"contentUrl\":\"https:\\\/\\\/fuentesfidedignas.com.mx\\\/wp-content\\\/uploads\\\/2021\\\/10\\\/SSS.jpg\",\"width\":2000,\"height\":1502},{\"@type\":\"BreadcrumbList\",\"@id\":\"https:\\\/\\\/fuentesfidedignas.com.mx\\\/index.php\\\/2021\\\/10\\\/04\\\/anuncia-la-ssa-el-funcionamiento-de-las-nuevas-instalaciones-del-hospital-pediatrico-de-sinaloa\\\/#breadcrumb\",\"itemListElement\":[{\"@type\":\"ListItem\",\"position\":1,\"name\":\"Inicio\",\"item\":\"https:\\\/\\\/fuentesfidedignas.com.mx\\\/\"},{\"@type\":\"ListItem\",\"position\":2,\"name\":\"Anuncia la SSA el funcionamiento de las nuevas instalaciones del Hospital Pedi\u00e1trico de Sinaloa\"}]},{\"@type\":\"WebSite\",\"@id\":\"https:\\\/\\\/fuentesfidedignas.com.mx\\\/#website\",\"url\":\"https:\\\/\\\/fuentesfidedignas.com.mx\\\/\",\"name\":\"Fuentes Fidedignas\",\"description\":\"Otro sitio realizado con WordPress\",\"publisher\":{\"@id\":\"https:\\\/\\\/fuentesfidedignas.com.mx\\\/#organization\"},\"potentialAction\":[{\"@type\":\"SearchAction\",\"target\":{\"@type\":\"EntryPoint\",\"urlTemplate\":\"https:\\\/\\\/fuentesfidedignas.com.mx\\\/?s={search_term_string}\"},\"query-input\":{\"@type\":\"PropertyValueSpecification\",\"valueRequired\":true,\"valueName\":\"search_term_string\"}}],\"inLanguage\":\"es\"},{\"@type\":\"Organization\",\"@id\":\"https:\\\/\\\/fuentesfidedignas.com.mx\\\/#organization\",\"name\":\"Fuentes Fidedignas\",\"url\":\"https:\\\/\\\/fuentesfidedignas.com.mx\\\/\",\"logo\":{\"@type\":\"ImageObject\",\"inLanguage\":\"es\",\"@id\":\"https:\\\/\\\/fuentesfidedignas.com.mx\\\/#\\\/schema\\\/logo\\\/image\\\/\",\"url\":\"https:\\\/\\\/fuentesfidedignas.com.mx\\\/wp-content\\\/uploads\\\/2021\\\/04\\\/logo-retina.png\",\"contentUrl\":\"https:\\\/\\\/fuentesfidedignas.com.mx\\\/wp-content\\\/uploads\\\/2021\\\/04\\\/logo-retina.png\",\"width\":280,\"height\":51,\"caption\":\"Fuentes Fidedignas\"},\"image\":{\"@id\":\"https:\\\/\\\/fuentesfidedignas.com.mx\\\/#\\\/schema\\\/logo\\\/image\\\/\"},\"sameAs\":[\"https:\\\/\\\/www.facebook.com\\\/Fuentes-Fidedignas-368234489921644\",\"https:\\\/\\\/x.com\\\/fidedignas\"]},{\"@type\":\"Person\",\"@id\":\"https:\\\/\\\/fuentesfidedignas.com.mx\\\/#\\\/schema\\\/person\\\/331be9283d37198e2acd5750279085b0\",\"name\":\"Redacci\u00f3n\",\"image\":{\"@type\":\"ImageObject\",\"inLanguage\":\"es\",\"@id\":\"https:\\\/\\\/secure.gravatar.com\\\/avatar\\\/f6d8782c11d12b2d4ad3fbb6931aeab5309937a4d6cd2fc9cfaa28a6396a5aec?s=96&d=mm&r=g\",\"url\":\"https:\\\/\\\/secure.gravatar.com\\\/avatar\\\/f6d8782c11d12b2d4ad3fbb6931aeab5309937a4d6cd2fc9cfaa28a6396a5aec?s=96&d=mm&r=g\",\"contentUrl\":\"https:\\\/\\\/secure.gravatar.com\\\/avatar\\\/f6d8782c11d12b2d4ad3fbb6931aeab5309937a4d6cd2fc9cfaa28a6396a5aec?s=96&d=mm&r=g\",\"caption\":\"Redacci\u00f3n\"},\"url\":\"https:\\\/\\\/fuentesfidedignas.com.mx\\\/index.php\\\/author\\\/redaccion\\\/\"}]}<\/script>\n<!-- \/ Yoast SEO plugin. -->","yoast_head_json":{"title":"Anuncia la SSA el funcionamiento de las nuevas instalaciones del Hospital Pedi\u00e1trico de Sinaloa - Fuentes Fidedignas","robots":{"index":"index","follow":"follow","max-snippet":"max-snippet:-1","max-image-preview":"max-image-preview:large","max-video-preview":"max-video-preview:-1"},"canonical":"https:\/\/fuentesfidedignas.com.mx\/index.php\/2021\/10\/04\/anuncia-la-ssa-el-funcionamiento-de-las-nuevas-instalaciones-del-hospital-pediatrico-de-sinaloa\/","og_locale":"es_MX","og_type":"article","og_title":"Anuncia la SSA el funcionamiento de las nuevas instalaciones del Hospital Pedi\u00e1trico de Sinaloa - Fuentes Fidedignas","og_description":"Ser\u00e1 entre el pr\u00f3ximo 6 y 8 de octubre cuando se empiece a recibir pacientes en el \u00e1rea de consulta externa de especialidades. Culiac\u00e1n, Sin.- De acuerdo a lo planeado por el Gobierno de la Rep\u00fablica y el Gobierno del Estado de Sinaloa, entre el pr\u00f3ximo 6 y 8 de octubre iniciar\u00e1 operaciones el \u00e1rea [&hellip;]","og_url":"https:\/\/fuentesfidedignas.com.mx\/index.php\/2021\/10\/04\/anuncia-la-ssa-el-funcionamiento-de-las-nuevas-instalaciones-del-hospital-pediatrico-de-sinaloa\/","og_site_name":"Fuentes Fidedignas","article_publisher":"https:\/\/www.facebook.com\/Fuentes-Fidedignas-368234489921644","article_published_time":"2021-10-04T19:41:59+00:00","article_modified_time":"2021-10-04T19:42:01+00:00","og_image":[{"width":2000,"height":1502,"url":"https:\/\/fuentesfidedignas.com.mx\/wp-content\/uploads\/2021\/10\/SSS.jpg","type":"image\/jpeg"}],"author":"Redacci\u00f3n","twitter_card":"summary_large_image","twitter_creator":"@fidedignas","twitter_site":"@fidedignas","twitter_misc":{"Escrito por":"Redacci\u00f3n","Tiempo de lectura":"2 minutos"},"schema":{"@context":"https:\/\/schema.org","@graph":[{"@type":"Article","@id":"https:\/\/fuentesfidedignas.com.mx\/index.php\/2021\/10\/04\/anuncia-la-ssa-el-funcionamiento-de-las-nuevas-instalaciones-del-hospital-pediatrico-de-sinaloa\/#article","isPartOf":{"@id":"https:\/\/fuentesfidedignas.com.mx\/index.php\/2021\/10\/04\/anuncia-la-ssa-el-funcionamiento-de-las-nuevas-instalaciones-del-hospital-pediatrico-de-sinaloa\/"},"author":{"name":"Redacci\u00f3n","@id":"https:\/\/fuentesfidedignas.com.mx\/#\/schema\/person\/331be9283d37198e2acd5750279085b0"},"headline":"Anuncia la SSA el funcionamiento de las nuevas instalaciones del Hospital Pedi\u00e1trico de Sinaloa","datePublished":"2021-10-04T19:41:59+00:00","dateModified":"2021-10-04T19:42:01+00:00","mainEntityOfPage":{"@id":"https:\/\/fuentesfidedignas.com.mx\/index.php\/2021\/10\/04\/anuncia-la-ssa-el-funcionamiento-de-las-nuevas-instalaciones-del-hospital-pediatrico-de-sinaloa\/"},"wordCount":385,"commentCount":0,"publisher":{"@id":"https:\/\/fuentesfidedignas.com.mx\/#organization"},"image":{"@id":"https:\/\/fuentesfidedignas.com.mx\/index.php\/2021\/10\/04\/anuncia-la-ssa-el-funcionamiento-de-las-nuevas-instalaciones-del-hospital-pediatrico-de-sinaloa\/#primaryimage"},"thumbnailUrl":"https:\/\/fuentesfidedignas.com.mx\/wp-content\/uploads\/2021\/10\/SSS.jpg","keywords":["Efr\u00e9n Encinas Torres","Hospital Pedi\u00e1trico de Sinaloa","Secretar\u00eda de Salud de Sinaloa","SSA"],"articleSection":["NOTA PRINCIPAL"],"inLanguage":"es","potentialAction":[{"@type":"CommentAction","name":"Comment","target":["https:\/\/fuentesfidedignas.com.mx\/index.php\/2021\/10\/04\/anuncia-la-ssa-el-funcionamiento-de-las-nuevas-instalaciones-del-hospital-pediatrico-de-sinaloa\/#respond"]}]},{"@type":"WebPage","@id":"https:\/\/fuentesfidedignas.com.mx\/index.php\/2021\/10\/04\/anuncia-la-ssa-el-funcionamiento-de-las-nuevas-instalaciones-del-hospital-pediatrico-de-sinaloa\/","url":"https:\/\/fuentesfidedignas.com.mx\/index.php\/2021\/10\/04\/anuncia-la-ssa-el-funcionamiento-de-las-nuevas-instalaciones-del-hospital-pediatrico-de-sinaloa\/","name":"Anuncia la SSA el funcionamiento de las nuevas instalaciones del Hospital Pedi\u00e1trico de Sinaloa - Fuentes Fidedignas","isPartOf":{"@id":"https:\/\/fuentesfidedignas.com.mx\/#website"},"primaryImageOfPage":{"@id":"https:\/\/fuentesfidedignas.com.mx\/index.php\/2021\/10\/04\/anuncia-la-ssa-el-funcionamiento-de-las-nuevas-instalaciones-del-hospital-pediatrico-de-sinaloa\/#primaryimage"},"image":{"@id":"https:\/\/fuentesfidedignas.com.mx\/index.php\/2021\/10\/04\/anuncia-la-ssa-el-funcionamiento-de-las-nuevas-instalaciones-del-hospital-pediatrico-de-sinaloa\/#primaryimage"},"thumbnailUrl":"https:\/\/fuentesfidedignas.com.mx\/wp-content\/uploads\/2021\/10\/SSS.jpg","datePublished":"2021-10-04T19:41:59+00:00","dateModified":"2021-10-04T19:42:01+00:00","breadcrumb":{"@id":"https:\/\/fuentesfidedignas.com.mx\/index.php\/2021\/10\/04\/anuncia-la-ssa-el-funcionamiento-de-las-nuevas-instalaciones-del-hospital-pediatrico-de-sinaloa\/#breadcrumb"},"inLanguage":"es","potentialAction":[{"@type":"ReadAction","target":["https:\/\/fuentesfidedignas.com.mx\/index.php\/2021\/10\/04\/anuncia-la-ssa-el-funcionamiento-de-las-nuevas-instalaciones-del-hospital-pediatrico-de-sinaloa\/"]}]},{"@type":"ImageObject","inLanguage":"es","@id":"https:\/\/fuentesfidedignas.com.mx\/index.php\/2021\/10\/04\/anuncia-la-ssa-el-funcionamiento-de-las-nuevas-instalaciones-del-hospital-pediatrico-de-sinaloa\/#primaryimage","url":"https:\/\/fuentesfidedignas.com.mx\/wp-content\/uploads\/2021\/10\/SSS.jpg","contentUrl":"https:\/\/fuentesfidedignas.com.mx\/wp-content\/uploads\/2021\/10\/SSS.jpg","width":2000,"height":1502},{"@type":"BreadcrumbList","@id":"https:\/\/fuentesfidedignas.com.mx\/index.php\/2021\/10\/04\/anuncia-la-ssa-el-funcionamiento-de-las-nuevas-instalaciones-del-hospital-pediatrico-de-sinaloa\/#breadcrumb","itemListElement":[{"@type":"ListItem","position":1,"name":"Inicio","item":"https:\/\/fuentesfidedignas.com.mx\/"},{"@type":"ListItem","position":2,"name":"Anuncia la SSA el funcionamiento de las nuevas instalaciones del Hospital Pedi\u00e1trico de Sinaloa"}]},{"@type":"WebSite","@id":"https:\/\/fuentesfidedignas.com.mx\/#website","url":"https:\/\/fuentesfidedignas.com.mx\/","name":"Fuentes Fidedignas","description":"Otro sitio realizado con WordPress","publisher":{"@id":"https:\/\/fuentesfidedignas.com.mx\/#organization"},"potentialAction":[{"@type":"SearchAction","target":{"@type":"EntryPoint","urlTemplate":"https:\/\/fuentesfidedignas.com.mx\/?s={search_term_string}"},"query-input":{"@type":"PropertyValueSpecification","valueRequired":true,"valueName":"search_term_string"}}],"inLanguage":"es"},{"@type":"Organization","@id":"https:\/\/fuentesfidedignas.com.mx\/#organization","name":"Fuentes Fidedignas","url":"https:\/\/fuentesfidedignas.com.mx\/","logo":{"@type":"ImageObject","inLanguage":"es","@id":"https:\/\/fuentesfidedignas.com.mx\/#\/schema\/logo\/image\/","url":"https:\/\/fuentesfidedignas.com.mx\/wp-content\/uploads\/2021\/04\/logo-retina.png","contentUrl":"https:\/\/fuentesfidedignas.com.mx\/wp-content\/uploads\/2021\/04\/logo-retina.png","width":280,"height":51,"caption":"Fuentes Fidedignas"},"image":{"@id":"https:\/\/fuentesfidedignas.com.mx\/#\/schema\/logo\/image\/"},"sameAs":["https:\/\/www.facebook.com\/Fuentes-Fidedignas-368234489921644","https:\/\/x.com\/fidedignas"]},{"@type":"Person","@id":"https:\/\/fuentesfidedignas.com.mx\/#\/schema\/person\/331be9283d37198e2acd5750279085b0","name":"Redacci\u00f3n","image":{"@type":"ImageObject","inLanguage":"es","@id":"https:\/\/secure.gravatar.com\/avatar\/f6d8782c11d12b2d4ad3fbb6931aeab5309937a4d6cd2fc9cfaa28a6396a5aec?s=96&d=mm&r=g","url":"https:\/\/secure.gravatar.com\/avatar\/f6d8782c11d12b2d4ad3fbb6931aeab5309937a4d6cd2fc9cfaa28a6396a5aec?s=96&d=mm&r=g","contentUrl":"https:\/\/secure.gravatar.com\/avatar\/f6d8782c11d12b2d4ad3fbb6931aeab5309937a4d6cd2fc9cfaa28a6396a5aec?s=96&d=mm&r=g","caption":"Redacci\u00f3n"},"url":"https:\/\/fuentesfidedignas.com.mx\/index.php\/author\/redaccion\/"}]}},"_links":{"self":[{"href":"https:\/\/fuentesfidedignas.com.mx\/index.php\/wp-json\/wp\/v2\/posts\/14133","targetHints":{"allow":["GET"]}}],"collection":[{"href":"https:\/\/fuentesfidedignas.com.mx\/index.php\/wp-json\/wp\/v2\/posts"}],"about":[{"href":"https:\/\/fuentesfidedignas.com.mx\/index.php\/wp-json\/wp\/v2\/types\/post"}],"author":[{"embeddable":true,"href":"https:\/\/fuentesfidedignas.com.mx\/index.php\/wp-json\/wp\/v2\/users\/4"}],"replies":[{"embeddable":true,"href":"https:\/\/fuentesfidedignas.com.mx\/index.php\/wp-json\/wp\/v2\/comments?post=14133"}],"version-history":[{"count":1,"href":"https:\/\/fuentesfidedignas.com.mx\/index.php\/wp-json\/wp\/v2\/posts\/14133\/revisions"}],"predecessor-version":[{"id":14135,"href":"https:\/\/fuentesfidedignas.com.mx\/index.php\/wp-json\/wp\/v2\/posts\/14133\/revisions\/14135"}],"wp:featuredmedia":[{"embeddable":true,"href":"https:\/\/fuentesfidedignas.com.mx\/index.php\/wp-json\/wp\/v2\/media\/14134"}],"wp:attachment":[{"href":"https:\/\/fuentesfidedignas.com.mx\/index.php\/wp-json\/wp\/v2\/media?parent=14133"}],"wp:term":[{"taxonomy":"category","embeddable":true,"href":"https:\/\/fuentesfidedignas.com.mx\/index.php\/wp-json\/wp\/v2\/categories?post=14133"},{"taxonomy":"post_tag","embeddable":true,"href":"https:\/\/fuentesfidedignas.com.mx\/index.php\/wp-json\/wp\/v2\/tags?post=14133"}],"curies":[{"name":"wp","href":"https:\/\/api.w.org\/{rel}","templated":true}]}}