{"id":141327,"date":"2026-08-31T15:32:24","date_gmt":"2026-08-31T22:32:24","guid":{"rendered":"https:\/\/fuentesfidedignas.com.mx\/?p=141327"},"modified":"2026-08-31T15:32:29","modified_gmt":"2026-08-31T22:32:29","slug":"llega-dr-vagon-a-el-fuerte-y-brinda-atencion-medica-gratuita-y-especializada","status":"publish","type":"post","link":"https:\/\/fuentesfidedignas.com.mx\/index.php\/2026\/08\/31\/llega-dr-vagon-a-el-fuerte-y-brinda-atencion-medica-gratuita-y-especializada\/","title":{"rendered":"Llega Dr. Vag\u00f3n a El Fuerte y brinda atenci\u00f3n m\u00e9dica gratuita y especializada"},"content":{"rendered":"\n<p class=\"wp-block-paragraph\"><\/p>\n\n\n\n<p class=\"wp-block-paragraph\"><em><strong>Con el respaldo de Grupo M\u00e9xico, el Dr. Vag\u00f3n inici\u00f3 este lunes su jornada de atenci\u00f3n en El Fuerte, donde ofrecer\u00e1 hasta el 4 de septiembre consultas, estudios, servicios especializados y medicamentos gratuitos. El Ayuntamiento facilita transporte sin costo para habitantes de las comunidades y de la cabecera municipal.<\/strong><\/em><\/p>\n\n\n\n<p class=\"wp-block-paragraph\">El Fuerte, Sinaloa, 31 de agosto de 2026.- El d\u00eda de hoy inici\u00f3 en El Fuerte la jornada de atenci\u00f3n m\u00e9dica gratuita de Dr. Vag\u00f3n, el Tren de la Salud, un noble programa impulsado gracias a Grupo M\u00e9xico, que durante esta semana acercar\u00e1 servicios m\u00e9dicos de primer nivel a las familias del municipio.<\/p>\n\n\n\n<p class=\"wp-block-paragraph\">Durante el arranque de actividades, el presidente municipal Gildardo Leyva Ortega realiz\u00f3 un recorrido por los 17 vagones adaptados para brindar atenci\u00f3n m\u00e9dica, donde pudo constatar la calidad de los servicios, la tecnolog\u00eda disponible y, sobre todo, el trato digno y humano que reciben los pacientes.<\/p>\n\n\n\n<p class=\"wp-block-paragraph\">La explicaci\u00f3n de los servicios estuvo a cargo del Dr. Jean Dickens Duclair, supervisor m\u00e9dico de Dr. Vag\u00f3n, quien acompa\u00f1\u00f3 al alcalde durante el recorrido por las diferentes \u00e1reas.<\/p>\n\n\n\n<p class=\"wp-block-paragraph\">El Tren de la Salud cuenta con una amplia gama de servicios, entre ellos laboratorio, consultas generales y de especialidad, odontolog\u00eda, quiropr\u00e1ctica, rehabilitaci\u00f3n, optometr\u00eda, audiometr\u00eda, telemedicina y estudios de gabinete.<\/p>\n\n\n\n<p class=\"wp-block-paragraph\">Tambi\u00e9n dispone de cl\u00ednicas especializadas en salud de la mujer, salud visual, diabetes, planificaci\u00f3n familiar y soluciones auditivas, adem\u00e1s de farmacia para la entrega gratuita de medicamentos, de acuerdo con las necesidades y disponibilidad del servicio.<\/p>\n\n\n\n<p class=\"wp-block-paragraph\">Uno de los espacios de mayor relevancia es la Cl\u00ednica de C\u00e1ncer de Mama y C\u00e9rvico-Uterino, donde se realizan estudios como mastograf\u00edas por pesquisa, ultrasonidos complementarios, diagn\u00f3stico radiol\u00f3gico en tiempo real, colposcop\u00edas y pruebas de VPH-ADN, adem\u00e1s de seguimiento y acompa\u00f1amiento por parte de FUCAM.<\/p>\n\n\n\n<p class=\"wp-block-paragraph\">Las fichas para recibir atenci\u00f3n comienzan a entregarse a partir de las 6:00 de la ma\u00f1ana y contin\u00faan durante toda la jornada, hasta agotar los 500 espacios disponibles diariamente.<\/p>\n\n\n\n<p class=\"wp-block-paragraph\">El alcalde Gildardo Leyva Ortega inform\u00f3 adem\u00e1s que, por medio del H. Ayuntamiento de El Fuerte, se ha dispuesto transporte gratuito desde las comunidades del municipio y desde la cabecera municipal, con el objetivo de facilitar el acceso a estos servicios a un mayor n\u00famero de familias.<\/p>\n\n\n\n<p class=\"wp-block-paragraph\">La jornada de Dr. Vag\u00f3n permanecer\u00e1 en El Fuerte hasta el pr\u00f3ximo 4 de septiembre, por lo que el Gobierno Municipal hizo un llamado a la ciudadan\u00eda a aprovechar esta oportunidad y acercarse para recibir atenci\u00f3n m\u00e9dica y realizarse los estudios disponibles de manera completamente gratuita.<\/p>\n","protected":false},"excerpt":{"rendered":"<p>Con el respaldo de Grupo M\u00e9xico, el Dr. Vag\u00f3n inici\u00f3 este lunes su jornada de atenci\u00f3n en El Fuerte, donde ofrecer\u00e1 hasta el 4 de septiembre consultas, estudios, servicios especializados y medicamentos gratuitos. El Ayuntamiento facilita transporte sin costo para habitantes de las comunidades y de la cabecera municipal. El Fuerte, Sinaloa, 31 de agosto [&hellip;]<\/p>\n","protected":false},"author":4,"featured_media":141328,"comment_status":"open","ping_status":"open","sticky":false,"template":"","format":"standard","meta":{"tdm_status":"","tdm_grid_status":"","footnotes":""},"categories":[38],"tags":[],"class_list":["post-141327","post","type-post","status-publish","format-standard","has-post-thumbnail","category-noticias-locales"],"yoast_head":"<!-- This site is optimized with the Yoast SEO plugin v28.3 - https:\/\/yoast.com\/product\/yoast-seo-wordpress\/ -->\n<title>Llega Dr. Vag\u00f3n a El Fuerte y brinda atenci\u00f3n m\u00e9dica gratuita y especializada - Fuentes Fidedignas<\/title>\n<meta name=\"robots\" content=\"index, follow, max-snippet:-1, max-image-preview:large, max-video-preview:-1\" \/>\n<link rel=\"canonical\" href=\"https:\/\/fuentesfidedignas.com.mx\/index.php\/2026\/08\/31\/llega-dr-vagon-a-el-fuerte-y-brinda-atencion-medica-gratuita-y-especializada\/\" \/>\n<meta property=\"og:locale\" content=\"es_MX\" \/>\n<meta property=\"og:type\" content=\"article\" \/>\n<meta property=\"og:title\" content=\"Llega Dr. Vag\u00f3n a El Fuerte y brinda atenci\u00f3n m\u00e9dica gratuita y especializada - Fuentes Fidedignas\" \/>\n<meta property=\"og:description\" content=\"Con el respaldo de Grupo M\u00e9xico, el Dr. Vag\u00f3n inici\u00f3 este lunes su jornada de atenci\u00f3n en El Fuerte, donde ofrecer\u00e1 hasta el 4 de septiembre consultas, estudios, servicios especializados y medicamentos gratuitos. El Ayuntamiento facilita transporte sin costo para habitantes de las comunidades y de la cabecera municipal. El Fuerte, Sinaloa, 31 de agosto [&hellip;]\" \/>\n<meta property=\"og:url\" content=\"https:\/\/fuentesfidedignas.com.mx\/index.php\/2026\/08\/31\/llega-dr-vagon-a-el-fuerte-y-brinda-atencion-medica-gratuita-y-especializada\/\" \/>\n<meta property=\"og:site_name\" content=\"Fuentes Fidedignas\" \/>\n<meta property=\"article:publisher\" content=\"https:\/\/www.facebook.com\/Fuentes-Fidedignas-368234489921644\" \/>\n<meta property=\"article:published_time\" content=\"2026-08-31T22:32:24+00:00\" \/>\n<meta property=\"article:modified_time\" content=\"2026-08-31T22:32:29+00:00\" \/>\n<meta property=\"og:image\" content=\"https:\/\/fuentesfidedignas.com.mx\/wp-content\/uploads\/2026\/08\/WhatsApp-Image-2026-08-31-at-3.28.38-PM.jpeg\" \/>\n\t<meta property=\"og:image:width\" content=\"1280\" \/>\n\t<meta property=\"og:image:height\" content=\"960\" \/>\n\t<meta property=\"og:image:type\" content=\"image\/jpeg\" \/>\n<meta name=\"author\" content=\"Redacci\u00f3n\" \/>\n<meta name=\"twitter:card\" content=\"summary_large_image\" \/>\n<meta name=\"twitter:creator\" content=\"@fidedignas\" \/>\n<meta name=\"twitter:site\" content=\"@fidedignas\" \/>\n<meta name=\"twitter:label1\" content=\"Escrito por\" \/>\n\t<meta name=\"twitter:data1\" content=\"Redacci\u00f3n\" \/>\n\t<meta name=\"twitter:label2\" content=\"Tiempo de lectura\" \/>\n\t<meta name=\"twitter:data2\" content=\"3 minutos\" \/>\n<script type=\"application\/ld+json\" class=\"yoast-schema-graph\">{\"@context\":\"https:\\\/\\\/schema.org\",\"@graph\":[{\"@type\":\"Article\",\"@id\":\"https:\\\/\\\/fuentesfidedignas.com.mx\\\/index.php\\\/2026\\\/08\\\/31\\\/llega-dr-vagon-a-el-fuerte-y-brinda-atencion-medica-gratuita-y-especializada\\\/#article\",\"isPartOf\":{\"@id\":\"https:\\\/\\\/fuentesfidedignas.com.mx\\\/index.php\\\/2026\\\/08\\\/31\\\/llega-dr-vagon-a-el-fuerte-y-brinda-atencion-medica-gratuita-y-especializada\\\/\"},\"author\":{\"name\":\"Redacci\u00f3n\",\"@id\":\"https:\\\/\\\/fuentesfidedignas.com.mx\\\/#\\\/schema\\\/person\\\/331be9283d37198e2acd5750279085b0\"},\"headline\":\"Llega Dr. Vag\u00f3n a El Fuerte y brinda atenci\u00f3n m\u00e9dica gratuita y especializada\",\"datePublished\":\"2026-08-31T22:32:24+00:00\",\"dateModified\":\"2026-08-31T22:32:29+00:00\",\"mainEntityOfPage\":{\"@id\":\"https:\\\/\\\/fuentesfidedignas.com.mx\\\/index.php\\\/2026\\\/08\\\/31\\\/llega-dr-vagon-a-el-fuerte-y-brinda-atencion-medica-gratuita-y-especializada\\\/\"},\"wordCount\":463,\"commentCount\":0,\"publisher\":{\"@id\":\"https:\\\/\\\/fuentesfidedignas.com.mx\\\/#organization\"},\"image\":{\"@id\":\"https:\\\/\\\/fuentesfidedignas.com.mx\\\/index.php\\\/2026\\\/08\\\/31\\\/llega-dr-vagon-a-el-fuerte-y-brinda-atencion-medica-gratuita-y-especializada\\\/#primaryimage\"},\"thumbnailUrl\":\"https:\\\/\\\/fuentesfidedignas.com.mx\\\/wp-content\\\/uploads\\\/2026\\\/08\\\/WhatsApp-Image-2026-08-31-at-3.28.38-PM.jpeg\",\"articleSection\":[\"NOTICIAS LOCALES\"],\"inLanguage\":\"es\",\"potentialAction\":[{\"@type\":\"CommentAction\",\"name\":\"Comment\",\"target\":[\"https:\\\/\\\/fuentesfidedignas.com.mx\\\/index.php\\\/2026\\\/08\\\/31\\\/llega-dr-vagon-a-el-fuerte-y-brinda-atencion-medica-gratuita-y-especializada\\\/#respond\"]}]},{\"@type\":\"WebPage\",\"@id\":\"https:\\\/\\\/fuentesfidedignas.com.mx\\\/index.php\\\/2026\\\/08\\\/31\\\/llega-dr-vagon-a-el-fuerte-y-brinda-atencion-medica-gratuita-y-especializada\\\/\",\"url\":\"https:\\\/\\\/fuentesfidedignas.com.mx\\\/index.php\\\/2026\\\/08\\\/31\\\/llega-dr-vagon-a-el-fuerte-y-brinda-atencion-medica-gratuita-y-especializada\\\/\",\"name\":\"Llega Dr. Vag\u00f3n a El Fuerte y brinda atenci\u00f3n m\u00e9dica gratuita y especializada - Fuentes Fidedignas\",\"isPartOf\":{\"@id\":\"https:\\\/\\\/fuentesfidedignas.com.mx\\\/#website\"},\"primaryImageOfPage\":{\"@id\":\"https:\\\/\\\/fuentesfidedignas.com.mx\\\/index.php\\\/2026\\\/08\\\/31\\\/llega-dr-vagon-a-el-fuerte-y-brinda-atencion-medica-gratuita-y-especializada\\\/#primaryimage\"},\"image\":{\"@id\":\"https:\\\/\\\/fuentesfidedignas.com.mx\\\/index.php\\\/2026\\\/08\\\/31\\\/llega-dr-vagon-a-el-fuerte-y-brinda-atencion-medica-gratuita-y-especializada\\\/#primaryimage\"},\"thumbnailUrl\":\"https:\\\/\\\/fuentesfidedignas.com.mx\\\/wp-content\\\/uploads\\\/2026\\\/08\\\/WhatsApp-Image-2026-08-31-at-3.28.38-PM.jpeg\",\"datePublished\":\"2026-08-31T22:32:24+00:00\",\"dateModified\":\"2026-08-31T22:32:29+00:00\",\"breadcrumb\":{\"@id\":\"https:\\\/\\\/fuentesfidedignas.com.mx\\\/index.php\\\/2026\\\/08\\\/31\\\/llega-dr-vagon-a-el-fuerte-y-brinda-atencion-medica-gratuita-y-especializada\\\/#breadcrumb\"},\"inLanguage\":\"es\",\"potentialAction\":[{\"@type\":\"ReadAction\",\"target\":[\"https:\\\/\\\/fuentesfidedignas.com.mx\\\/index.php\\\/2026\\\/08\\\/31\\\/llega-dr-vagon-a-el-fuerte-y-brinda-atencion-medica-gratuita-y-especializada\\\/\"]}]},{\"@type\":\"ImageObject\",\"inLanguage\":\"es\",\"@id\":\"https:\\\/\\\/fuentesfidedignas.com.mx\\\/index.php\\\/2026\\\/08\\\/31\\\/llega-dr-vagon-a-el-fuerte-y-brinda-atencion-medica-gratuita-y-especializada\\\/#primaryimage\",\"url\":\"https:\\\/\\\/fuentesfidedignas.com.mx\\\/wp-content\\\/uploads\\\/2026\\\/08\\\/WhatsApp-Image-2026-08-31-at-3.28.38-PM.jpeg\",\"contentUrl\":\"https:\\\/\\\/fuentesfidedignas.com.mx\\\/wp-content\\\/uploads\\\/2026\\\/08\\\/WhatsApp-Image-2026-08-31-at-3.28.38-PM.jpeg\",\"width\":1280,\"height\":960},{\"@type\":\"BreadcrumbList\",\"@id\":\"https:\\\/\\\/fuentesfidedignas.com.mx\\\/index.php\\\/2026\\\/08\\\/31\\\/llega-dr-vagon-a-el-fuerte-y-brinda-atencion-medica-gratuita-y-especializada\\\/#breadcrumb\",\"itemListElement\":[{\"@type\":\"ListItem\",\"position\":1,\"name\":\"Inicio\",\"item\":\"https:\\\/\\\/fuentesfidedignas.com.mx\\\/\"},{\"@type\":\"ListItem\",\"position\":2,\"name\":\"Llega Dr. Vag\u00f3n a El Fuerte y brinda atenci\u00f3n m\u00e9dica gratuita y especializada\"}]},{\"@type\":\"WebSite\",\"@id\":\"https:\\\/\\\/fuentesfidedignas.com.mx\\\/#website\",\"url\":\"https:\\\/\\\/fuentesfidedignas.com.mx\\\/\",\"name\":\"Fuentes Fidedignas\",\"description\":\"Otro sitio realizado con WordPress\",\"publisher\":{\"@id\":\"https:\\\/\\\/fuentesfidedignas.com.mx\\\/#organization\"},\"potentialAction\":[{\"@type\":\"SearchAction\",\"target\":{\"@type\":\"EntryPoint\",\"urlTemplate\":\"https:\\\/\\\/fuentesfidedignas.com.mx\\\/?s={search_term_string}\"},\"query-input\":{\"@type\":\"PropertyValueSpecification\",\"valueRequired\":true,\"valueName\":\"search_term_string\"}}],\"inLanguage\":\"es\"},{\"@type\":\"Organization\",\"@id\":\"https:\\\/\\\/fuentesfidedignas.com.mx\\\/#organization\",\"name\":\"Fuentes Fidedignas\",\"url\":\"https:\\\/\\\/fuentesfidedignas.com.mx\\\/\",\"logo\":{\"@type\":\"ImageObject\",\"inLanguage\":\"es\",\"@id\":\"https:\\\/\\\/fuentesfidedignas.com.mx\\\/#\\\/schema\\\/logo\\\/image\\\/\",\"url\":\"https:\\\/\\\/fuentesfidedignas.com.mx\\\/wp-content\\\/uploads\\\/2021\\\/04\\\/logo-retina.png\",\"contentUrl\":\"https:\\\/\\\/fuentesfidedignas.com.mx\\\/wp-content\\\/uploads\\\/2021\\\/04\\\/logo-retina.png\",\"width\":280,\"height\":51,\"caption\":\"Fuentes Fidedignas\"},\"image\":{\"@id\":\"https:\\\/\\\/fuentesfidedignas.com.mx\\\/#\\\/schema\\\/logo\\\/image\\\/\"},\"sameAs\":[\"https:\\\/\\\/www.facebook.com\\\/Fuentes-Fidedignas-368234489921644\",\"https:\\\/\\\/x.com\\\/fidedignas\"]},{\"@type\":\"Person\",\"@id\":\"https:\\\/\\\/fuentesfidedignas.com.mx\\\/#\\\/schema\\\/person\\\/331be9283d37198e2acd5750279085b0\",\"name\":\"Redacci\u00f3n\",\"image\":{\"@type\":\"ImageObject\",\"inLanguage\":\"es\",\"@id\":\"https:\\\/\\\/secure.gravatar.com\\\/avatar\\\/f6d8782c11d12b2d4ad3fbb6931aeab5309937a4d6cd2fc9cfaa28a6396a5aec?s=96&d=mm&r=g\",\"url\":\"https:\\\/\\\/secure.gravatar.com\\\/avatar\\\/f6d8782c11d12b2d4ad3fbb6931aeab5309937a4d6cd2fc9cfaa28a6396a5aec?s=96&d=mm&r=g\",\"contentUrl\":\"https:\\\/\\\/secure.gravatar.com\\\/avatar\\\/f6d8782c11d12b2d4ad3fbb6931aeab5309937a4d6cd2fc9cfaa28a6396a5aec?s=96&d=mm&r=g\",\"caption\":\"Redacci\u00f3n\"},\"url\":\"https:\\\/\\\/fuentesfidedignas.com.mx\\\/index.php\\\/author\\\/redaccion\\\/\"}]}<\/script>\n<!-- \/ Yoast SEO plugin. -->","yoast_head_json":{"title":"Llega Dr. Vag\u00f3n a El Fuerte y brinda atenci\u00f3n m\u00e9dica gratuita y especializada - Fuentes Fidedignas","robots":{"index":"index","follow":"follow","max-snippet":"max-snippet:-1","max-image-preview":"max-image-preview:large","max-video-preview":"max-video-preview:-1"},"canonical":"https:\/\/fuentesfidedignas.com.mx\/index.php\/2026\/08\/31\/llega-dr-vagon-a-el-fuerte-y-brinda-atencion-medica-gratuita-y-especializada\/","og_locale":"es_MX","og_type":"article","og_title":"Llega Dr. Vag\u00f3n a El Fuerte y brinda atenci\u00f3n m\u00e9dica gratuita y especializada - Fuentes Fidedignas","og_description":"Con el respaldo de Grupo M\u00e9xico, el Dr. Vag\u00f3n inici\u00f3 este lunes su jornada de atenci\u00f3n en El Fuerte, donde ofrecer\u00e1 hasta el 4 de septiembre consultas, estudios, servicios especializados y medicamentos gratuitos. El Ayuntamiento facilita transporte sin costo para habitantes de las comunidades y de la cabecera municipal. El Fuerte, Sinaloa, 31 de agosto [&hellip;]","og_url":"https:\/\/fuentesfidedignas.com.mx\/index.php\/2026\/08\/31\/llega-dr-vagon-a-el-fuerte-y-brinda-atencion-medica-gratuita-y-especializada\/","og_site_name":"Fuentes Fidedignas","article_publisher":"https:\/\/www.facebook.com\/Fuentes-Fidedignas-368234489921644","article_published_time":"2026-08-31T22:32:24+00:00","article_modified_time":"2026-08-31T22:32:29+00:00","og_image":[{"width":1280,"height":960,"url":"https:\/\/fuentesfidedignas.com.mx\/wp-content\/uploads\/2026\/08\/WhatsApp-Image-2026-08-31-at-3.28.38-PM.jpeg","type":"image\/jpeg"}],"author":"Redacci\u00f3n","twitter_card":"summary_large_image","twitter_creator":"@fidedignas","twitter_site":"@fidedignas","twitter_misc":{"Escrito por":"Redacci\u00f3n","Tiempo de lectura":"3 minutos"},"schema":{"@context":"https:\/\/schema.org","@graph":[{"@type":"Article","@id":"https:\/\/fuentesfidedignas.com.mx\/index.php\/2026\/08\/31\/llega-dr-vagon-a-el-fuerte-y-brinda-atencion-medica-gratuita-y-especializada\/#article","isPartOf":{"@id":"https:\/\/fuentesfidedignas.com.mx\/index.php\/2026\/08\/31\/llega-dr-vagon-a-el-fuerte-y-brinda-atencion-medica-gratuita-y-especializada\/"},"author":{"name":"Redacci\u00f3n","@id":"https:\/\/fuentesfidedignas.com.mx\/#\/schema\/person\/331be9283d37198e2acd5750279085b0"},"headline":"Llega Dr. Vag\u00f3n a El Fuerte y brinda atenci\u00f3n m\u00e9dica gratuita y especializada","datePublished":"2026-08-31T22:32:24+00:00","dateModified":"2026-08-31T22:32:29+00:00","mainEntityOfPage":{"@id":"https:\/\/fuentesfidedignas.com.mx\/index.php\/2026\/08\/31\/llega-dr-vagon-a-el-fuerte-y-brinda-atencion-medica-gratuita-y-especializada\/"},"wordCount":463,"commentCount":0,"publisher":{"@id":"https:\/\/fuentesfidedignas.com.mx\/#organization"},"image":{"@id":"https:\/\/fuentesfidedignas.com.mx\/index.php\/2026\/08\/31\/llega-dr-vagon-a-el-fuerte-y-brinda-atencion-medica-gratuita-y-especializada\/#primaryimage"},"thumbnailUrl":"https:\/\/fuentesfidedignas.com.mx\/wp-content\/uploads\/2026\/08\/WhatsApp-Image-2026-08-31-at-3.28.38-PM.jpeg","articleSection":["NOTICIAS LOCALES"],"inLanguage":"es","potentialAction":[{"@type":"CommentAction","name":"Comment","target":["https:\/\/fuentesfidedignas.com.mx\/index.php\/2026\/08\/31\/llega-dr-vagon-a-el-fuerte-y-brinda-atencion-medica-gratuita-y-especializada\/#respond"]}]},{"@type":"WebPage","@id":"https:\/\/fuentesfidedignas.com.mx\/index.php\/2026\/08\/31\/llega-dr-vagon-a-el-fuerte-y-brinda-atencion-medica-gratuita-y-especializada\/","url":"https:\/\/fuentesfidedignas.com.mx\/index.php\/2026\/08\/31\/llega-dr-vagon-a-el-fuerte-y-brinda-atencion-medica-gratuita-y-especializada\/","name":"Llega Dr. Vag\u00f3n a El Fuerte y brinda atenci\u00f3n m\u00e9dica gratuita y especializada - Fuentes Fidedignas","isPartOf":{"@id":"https:\/\/fuentesfidedignas.com.mx\/#website"},"primaryImageOfPage":{"@id":"https:\/\/fuentesfidedignas.com.mx\/index.php\/2026\/08\/31\/llega-dr-vagon-a-el-fuerte-y-brinda-atencion-medica-gratuita-y-especializada\/#primaryimage"},"image":{"@id":"https:\/\/fuentesfidedignas.com.mx\/index.php\/2026\/08\/31\/llega-dr-vagon-a-el-fuerte-y-brinda-atencion-medica-gratuita-y-especializada\/#primaryimage"},"thumbnailUrl":"https:\/\/fuentesfidedignas.com.mx\/wp-content\/uploads\/2026\/08\/WhatsApp-Image-2026-08-31-at-3.28.38-PM.jpeg","datePublished":"2026-08-31T22:32:24+00:00","dateModified":"2026-08-31T22:32:29+00:00","breadcrumb":{"@id":"https:\/\/fuentesfidedignas.com.mx\/index.php\/2026\/08\/31\/llega-dr-vagon-a-el-fuerte-y-brinda-atencion-medica-gratuita-y-especializada\/#breadcrumb"},"inLanguage":"es","potentialAction":[{"@type":"ReadAction","target":["https:\/\/fuentesfidedignas.com.mx\/index.php\/2026\/08\/31\/llega-dr-vagon-a-el-fuerte-y-brinda-atencion-medica-gratuita-y-especializada\/"]}]},{"@type":"ImageObject","inLanguage":"es","@id":"https:\/\/fuentesfidedignas.com.mx\/index.php\/2026\/08\/31\/llega-dr-vagon-a-el-fuerte-y-brinda-atencion-medica-gratuita-y-especializada\/#primaryimage","url":"https:\/\/fuentesfidedignas.com.mx\/wp-content\/uploads\/2026\/08\/WhatsApp-Image-2026-08-31-at-3.28.38-PM.jpeg","contentUrl":"https:\/\/fuentesfidedignas.com.mx\/wp-content\/uploads\/2026\/08\/WhatsApp-Image-2026-08-31-at-3.28.38-PM.jpeg","width":1280,"height":960},{"@type":"BreadcrumbList","@id":"https:\/\/fuentesfidedignas.com.mx\/index.php\/2026\/08\/31\/llega-dr-vagon-a-el-fuerte-y-brinda-atencion-medica-gratuita-y-especializada\/#breadcrumb","itemListElement":[{"@type":"ListItem","position":1,"name":"Inicio","item":"https:\/\/fuentesfidedignas.com.mx\/"},{"@type":"ListItem","position":2,"name":"Llega Dr. Vag\u00f3n a El Fuerte y brinda atenci\u00f3n m\u00e9dica gratuita y especializada"}]},{"@type":"WebSite","@id":"https:\/\/fuentesfidedignas.com.mx\/#website","url":"https:\/\/fuentesfidedignas.com.mx\/","name":"Fuentes Fidedignas","description":"Otro sitio realizado con WordPress","publisher":{"@id":"https:\/\/fuentesfidedignas.com.mx\/#organization"},"potentialAction":[{"@type":"SearchAction","target":{"@type":"EntryPoint","urlTemplate":"https:\/\/fuentesfidedignas.com.mx\/?s={search_term_string}"},"query-input":{"@type":"PropertyValueSpecification","valueRequired":true,"valueName":"search_term_string"}}],"inLanguage":"es"},{"@type":"Organization","@id":"https:\/\/fuentesfidedignas.com.mx\/#organization","name":"Fuentes Fidedignas","url":"https:\/\/fuentesfidedignas.com.mx\/","logo":{"@type":"ImageObject","inLanguage":"es","@id":"https:\/\/fuentesfidedignas.com.mx\/#\/schema\/logo\/image\/","url":"https:\/\/fuentesfidedignas.com.mx\/wp-content\/uploads\/2021\/04\/logo-retina.png","contentUrl":"https:\/\/fuentesfidedignas.com.mx\/wp-content\/uploads\/2021\/04\/logo-retina.png","width":280,"height":51,"caption":"Fuentes Fidedignas"},"image":{"@id":"https:\/\/fuentesfidedignas.com.mx\/#\/schema\/logo\/image\/"},"sameAs":["https:\/\/www.facebook.com\/Fuentes-Fidedignas-368234489921644","https:\/\/x.com\/fidedignas"]},{"@type":"Person","@id":"https:\/\/fuentesfidedignas.com.mx\/#\/schema\/person\/331be9283d37198e2acd5750279085b0","name":"Redacci\u00f3n","image":{"@type":"ImageObject","inLanguage":"es","@id":"https:\/\/secure.gravatar.com\/avatar\/f6d8782c11d12b2d4ad3fbb6931aeab5309937a4d6cd2fc9cfaa28a6396a5aec?s=96&d=mm&r=g","url":"https:\/\/secure.gravatar.com\/avatar\/f6d8782c11d12b2d4ad3fbb6931aeab5309937a4d6cd2fc9cfaa28a6396a5aec?s=96&d=mm&r=g","contentUrl":"https:\/\/secure.gravatar.com\/avatar\/f6d8782c11d12b2d4ad3fbb6931aeab5309937a4d6cd2fc9cfaa28a6396a5aec?s=96&d=mm&r=g","caption":"Redacci\u00f3n"},"url":"https:\/\/fuentesfidedignas.com.mx\/index.php\/author\/redaccion\/"}]}},"_links":{"self":[{"href":"https:\/\/fuentesfidedignas.com.mx\/index.php\/wp-json\/wp\/v2\/posts\/141327","targetHints":{"allow":["GET"]}}],"collection":[{"href":"https:\/\/fuentesfidedignas.com.mx\/index.php\/wp-json\/wp\/v2\/posts"}],"about":[{"href":"https:\/\/fuentesfidedignas.com.mx\/index.php\/wp-json\/wp\/v2\/types\/post"}],"author":[{"embeddable":true,"href":"https:\/\/fuentesfidedignas.com.mx\/index.php\/wp-json\/wp\/v2\/users\/4"}],"replies":[{"embeddable":true,"href":"https:\/\/fuentesfidedignas.com.mx\/index.php\/wp-json\/wp\/v2\/comments?post=141327"}],"version-history":[{"count":1,"href":"https:\/\/fuentesfidedignas.com.mx\/index.php\/wp-json\/wp\/v2\/posts\/141327\/revisions"}],"predecessor-version":[{"id":141329,"href":"https:\/\/fuentesfidedignas.com.mx\/index.php\/wp-json\/wp\/v2\/posts\/141327\/revisions\/141329"}],"wp:featuredmedia":[{"embeddable":true,"href":"https:\/\/fuentesfidedignas.com.mx\/index.php\/wp-json\/wp\/v2\/media\/141328"}],"wp:attachment":[{"href":"https:\/\/fuentesfidedignas.com.mx\/index.php\/wp-json\/wp\/v2\/media?parent=141327"}],"wp:term":[{"taxonomy":"category","embeddable":true,"href":"https:\/\/fuentesfidedignas.com.mx\/index.php\/wp-json\/wp\/v2\/categories?post=141327"},{"taxonomy":"post_tag","embeddable":true,"href":"https:\/\/fuentesfidedignas.com.mx\/index.php\/wp-json\/wp\/v2\/tags?post=141327"}],"curies":[{"name":"wp","href":"https:\/\/api.w.org\/{rel}","templated":true}]}}