{"id":141324,"date":"2026-08-31T15:30:38","date_gmt":"2026-08-31T22:30:38","guid":{"rendered":"https:\/\/fuentesfidedignas.com.mx\/?p=141324"},"modified":"2026-08-31T15:30:45","modified_gmt":"2026-08-31T22:30:45","slug":"es-normal-monreal-senala-que-ataque-con-coche-bomba-en-zacatecas-fue-por-combate-al-crimen-organizado","status":"publish","type":"post","link":"https:\/\/fuentesfidedignas.com.mx\/index.php\/2026\/08\/31\/es-normal-monreal-senala-que-ataque-con-coche-bomba-en-zacatecas-fue-por-combate-al-crimen-organizado\/","title":{"rendered":"\u2018Es normal\u2019: Monreal se\u00f1ala que ataque con coche bomba en Zacatecas fue por combate al crimen organizado"},"content":{"rendered":"\n<p class=\"wp-block-paragraph\"><br><strong><em>Ricardo Monreal calific\u00f3 como \u201cnormal\u201d la reacci\u00f3n del crimen organizado ante el combate a la delincuencia en Zacatecas, tras el coche bomba en Ojocaliente<\/em><\/strong><\/p>\n\n\n\n<p class=\"wp-block-paragraph\">El coordinador de Morena en la C\u00e1mara de Diputados, y exgobernador de Zacatecas, Ricardo Monreal, asegur\u00f3 que en el estado que actualmente gobierna su hermano David, el combate a la delincuencia provoca respuestas del crimen que son \u201cnormales\u201d, como el ataque con coche bomba en Ojocaliente de este domingo 30 de agosto.<\/p>\n\n\n\n<p class=\"wp-block-paragraph\">\u201cEs normal en un momento en el que se est\u00e1 combatiendo frontalmente al crimen y a la delincuencia organizada. Se\u00f1al clara que se est\u00e1 combatiendo a fondo el crimen\u201d, dijo Monreal a medios de comunicaci\u00f3n, este lunes.<\/p>\n\n\n\n<p class=\"wp-block-paragraph\">El diputado coordinador de Morena asegur\u00f3 que su hermano David Monreal, al que conoce muy bien, garantizar\u00e1 que la estrategia de combate a la delincuencia organizada se mantendr\u00e1 para obtener mejores resultados.<\/p>\n\n\n\n<p class=\"wp-block-paragraph\">Asimismo, Monreal sentenci\u00f3 que el actual gobernador de Zacatecas no va a ceder en materia de seguridad y se ir\u00e1 a fondo contra los delincuentes; en tanto que lament\u00f3 las muertes que la violencia ha dejado en la entidad.<\/p>\n\n\n\n<p class=\"wp-block-paragraph\">\u201cLo que se lamenta son las p\u00e9rdidas de vidas humanas o heridos, entiendo que hoy hay toda la concentraci\u00f3n de fuerzas armadas y de inteligencia en Zacatecas.<\/p>\n\n\n\n<p class=\"wp-block-paragraph\">\u201cCreo que se traslad\u00f3 el delegado regional, comandante de la zona y van a dar con los responsables de esta horrenda actividad ilegal, actividad criminal2, dijo.<\/p>\n\n\n\n<p class=\"wp-block-paragraph\"><strong>\u00bfC\u00f3mo fue el ataque con coche bomba en Zacatecas?<br><\/strong>Durante la noche del domingo 30 de agosto, la explosi\u00f3n de un coche bomba frente a las instalaciones de Seguridad P\u00fablica del municipio de Ojocaliente, Zacatecas, dej\u00f3 siete personas lesionadas, entre ellas una polic\u00eda municipal.<\/p>\n\n\n\n<p class=\"wp-block-paragraph\">La detonaci\u00f3n tambi\u00e9n provoc\u00f3 da\u00f1os en 11 veh\u00edculos particulares, dos patrullas y edificios ubicados en las inmediaciones, por lo que el Ayuntamiento suspendi\u00f3 clases y la atenci\u00f3n al p\u00fablico en oficinas municipales como medida preventiva.}<\/p>\n\n\n\n<p class=\"wp-block-paragraph\">El ataque se dio en medio de la Feria Regional de la Tuna y de la Uva 2026, la cual iba a celebrar la coronaci\u00f3n de su reina, pero todos las actividades fueron canceladas como medida preventiva.<\/p>\n\n\n\n<p class=\"wp-block-paragraph\">El Gabinete de Seguridad del Gobierno de M\u00e9xico inform\u00f3 que las instituciones que lo integran colaboran con las autoridades estatales en las investigaciones por la agresi\u00f3n con un artefacto explosivo contra la Comandancia de la Polic\u00eda Municipal de Ojocaliente.<\/p>\n","protected":false},"excerpt":{"rendered":"<p>Ricardo Monreal calific\u00f3 como \u201cnormal\u201d la reacci\u00f3n del crimen organizado ante el combate a la delincuencia en Zacatecas, tras el coche bomba en Ojocaliente El coordinador de Morena en la C\u00e1mara de Diputados, y exgobernador de Zacatecas, Ricardo Monreal, asegur\u00f3 que en el estado que actualmente gobierna su hermano David, el combate a la delincuencia [&hellip;]<\/p>\n","protected":false},"author":21,"featured_media":141325,"comment_status":"open","ping_status":"open","sticky":false,"template":"","format":"standard","meta":{"tdm_status":"","tdm_grid_status":"","footnotes":""},"categories":[39],"tags":[],"class_list":["post-141324","post","type-post","status-publish","format-standard","has-post-thumbnail","category-noticias-nacionales"],"yoast_head":"<!-- This site is optimized with the Yoast SEO plugin v28.3 - https:\/\/yoast.com\/product\/yoast-seo-wordpress\/ -->\n<title>\u2018Es normal\u2019: Monreal se\u00f1ala que ataque con coche bomba en Zacatecas fue por combate al crimen organizado - Fuentes Fidedignas<\/title>\n<meta name=\"robots\" content=\"index, follow, max-snippet:-1, max-image-preview:large, max-video-preview:-1\" \/>\n<link rel=\"canonical\" href=\"https:\/\/fuentesfidedignas.com.mx\/index.php\/2026\/08\/31\/es-normal-monreal-senala-que-ataque-con-coche-bomba-en-zacatecas-fue-por-combate-al-crimen-organizado\/\" \/>\n<meta property=\"og:locale\" content=\"es_MX\" \/>\n<meta property=\"og:type\" content=\"article\" \/>\n<meta property=\"og:title\" content=\"\u2018Es normal\u2019: Monreal se\u00f1ala que ataque con coche bomba en Zacatecas fue por combate al crimen organizado - Fuentes Fidedignas\" \/>\n<meta property=\"og:description\" content=\"Ricardo Monreal calific\u00f3 como \u201cnormal\u201d la reacci\u00f3n del crimen organizado ante el combate a la delincuencia en Zacatecas, tras el coche bomba en Ojocaliente El coordinador de Morena en la C\u00e1mara de Diputados, y exgobernador de Zacatecas, Ricardo Monreal, asegur\u00f3 que en el estado que actualmente gobierna su hermano David, el combate a la delincuencia [&hellip;]\" \/>\n<meta property=\"og:url\" content=\"https:\/\/fuentesfidedignas.com.mx\/index.php\/2026\/08\/31\/es-normal-monreal-senala-que-ataque-con-coche-bomba-en-zacatecas-fue-por-combate-al-crimen-organizado\/\" \/>\n<meta property=\"og:site_name\" content=\"Fuentes Fidedignas\" \/>\n<meta property=\"article:publisher\" content=\"https:\/\/www.facebook.com\/Fuentes-Fidedignas-368234489921644\" \/>\n<meta property=\"article:published_time\" content=\"2026-08-31T22:30:38+00:00\" \/>\n<meta property=\"article:modified_time\" content=\"2026-08-31T22:30:45+00:00\" \/>\n<meta property=\"og:image\" content=\"https:\/\/fuentesfidedignas.com.mx\/wp-content\/uploads\/2021\/04\/logo-retina.png\" \/>\n\t<meta property=\"og:image:width\" content=\"280\" \/>\n\t<meta property=\"og:image:height\" content=\"51\" \/>\n\t<meta property=\"og:image:type\" content=\"image\/png\" \/>\n<meta name=\"author\" content=\"El Financiero\" \/>\n<meta name=\"twitter:card\" content=\"summary_large_image\" \/>\n<meta name=\"twitter:creator\" content=\"@fidedignas\" \/>\n<meta name=\"twitter:site\" content=\"@fidedignas\" \/>\n<meta name=\"twitter:label1\" content=\"Escrito por\" \/>\n\t<meta name=\"twitter:data1\" content=\"El Financiero\" \/>\n\t<meta name=\"twitter:label2\" content=\"Tiempo de lectura\" \/>\n\t<meta name=\"twitter:data2\" content=\"2 minutos\" \/>\n<script type=\"application\/ld+json\" class=\"yoast-schema-graph\">{\"@context\":\"https:\\\/\\\/schema.org\",\"@graph\":[{\"@type\":\"Article\",\"@id\":\"https:\\\/\\\/fuentesfidedignas.com.mx\\\/index.php\\\/2026\\\/08\\\/31\\\/es-normal-monreal-senala-que-ataque-con-coche-bomba-en-zacatecas-fue-por-combate-al-crimen-organizado\\\/#article\",\"isPartOf\":{\"@id\":\"https:\\\/\\\/fuentesfidedignas.com.mx\\\/index.php\\\/2026\\\/08\\\/31\\\/es-normal-monreal-senala-que-ataque-con-coche-bomba-en-zacatecas-fue-por-combate-al-crimen-organizado\\\/\"},\"author\":{\"name\":\"El Financiero\",\"@id\":\"https:\\\/\\\/fuentesfidedignas.com.mx\\\/#\\\/schema\\\/person\\\/494f7e0dce8dfaaec5b64f16615b78e9\"},\"headline\":\"\u2018Es normal\u2019: Monreal se\u00f1ala que ataque con coche bomba en Zacatecas fue por combate al crimen organizado\",\"datePublished\":\"2026-08-31T22:30:38+00:00\",\"dateModified\":\"2026-08-31T22:30:45+00:00\",\"mainEntityOfPage\":{\"@id\":\"https:\\\/\\\/fuentesfidedignas.com.mx\\\/index.php\\\/2026\\\/08\\\/31\\\/es-normal-monreal-senala-que-ataque-con-coche-bomba-en-zacatecas-fue-por-combate-al-crimen-organizado\\\/\"},\"wordCount\":426,\"commentCount\":0,\"publisher\":{\"@id\":\"https:\\\/\\\/fuentesfidedignas.com.mx\\\/#organization\"},\"image\":{\"@id\":\"https:\\\/\\\/fuentesfidedignas.com.mx\\\/index.php\\\/2026\\\/08\\\/31\\\/es-normal-monreal-senala-que-ataque-con-coche-bomba-en-zacatecas-fue-por-combate-al-crimen-organizado\\\/#primaryimage\"},\"thumbnailUrl\":\"https:\\\/\\\/fuentesfidedignas.com.mx\\\/wp-content\\\/uploads\\\/2026\\\/08\\\/ZOAPI3YHOZBLPKCKVGYWOPZYZY.avif\",\"articleSection\":[\"NOTICIAS NACIONALES\"],\"inLanguage\":\"es\",\"potentialAction\":[{\"@type\":\"CommentAction\",\"name\":\"Comment\",\"target\":[\"https:\\\/\\\/fuentesfidedignas.com.mx\\\/index.php\\\/2026\\\/08\\\/31\\\/es-normal-monreal-senala-que-ataque-con-coche-bomba-en-zacatecas-fue-por-combate-al-crimen-organizado\\\/#respond\"]}]},{\"@type\":\"WebPage\",\"@id\":\"https:\\\/\\\/fuentesfidedignas.com.mx\\\/index.php\\\/2026\\\/08\\\/31\\\/es-normal-monreal-senala-que-ataque-con-coche-bomba-en-zacatecas-fue-por-combate-al-crimen-organizado\\\/\",\"url\":\"https:\\\/\\\/fuentesfidedignas.com.mx\\\/index.php\\\/2026\\\/08\\\/31\\\/es-normal-monreal-senala-que-ataque-con-coche-bomba-en-zacatecas-fue-por-combate-al-crimen-organizado\\\/\",\"name\":\"\u2018Es normal\u2019: Monreal se\u00f1ala que ataque con coche bomba en Zacatecas fue por combate al crimen organizado - Fuentes Fidedignas\",\"isPartOf\":{\"@id\":\"https:\\\/\\\/fuentesfidedignas.com.mx\\\/#website\"},\"primaryImageOfPage\":{\"@id\":\"https:\\\/\\\/fuentesfidedignas.com.mx\\\/index.php\\\/2026\\\/08\\\/31\\\/es-normal-monreal-senala-que-ataque-con-coche-bomba-en-zacatecas-fue-por-combate-al-crimen-organizado\\\/#primaryimage\"},\"image\":{\"@id\":\"https:\\\/\\\/fuentesfidedignas.com.mx\\\/index.php\\\/2026\\\/08\\\/31\\\/es-normal-monreal-senala-que-ataque-con-coche-bomba-en-zacatecas-fue-por-combate-al-crimen-organizado\\\/#primaryimage\"},\"thumbnailUrl\":\"https:\\\/\\\/fuentesfidedignas.com.mx\\\/wp-content\\\/uploads\\\/2026\\\/08\\\/ZOAPI3YHOZBLPKCKVGYWOPZYZY.avif\",\"datePublished\":\"2026-08-31T22:30:38+00:00\",\"dateModified\":\"2026-08-31T22:30:45+00:00\",\"breadcrumb\":{\"@id\":\"https:\\\/\\\/fuentesfidedignas.com.mx\\\/index.php\\\/2026\\\/08\\\/31\\\/es-normal-monreal-senala-que-ataque-con-coche-bomba-en-zacatecas-fue-por-combate-al-crimen-organizado\\\/#breadcrumb\"},\"inLanguage\":\"es\",\"potentialAction\":[{\"@type\":\"ReadAction\",\"target\":[\"https:\\\/\\\/fuentesfidedignas.com.mx\\\/index.php\\\/2026\\\/08\\\/31\\\/es-normal-monreal-senala-que-ataque-con-coche-bomba-en-zacatecas-fue-por-combate-al-crimen-organizado\\\/\"]}]},{\"@type\":\"ImageObject\",\"inLanguage\":\"es\",\"@id\":\"https:\\\/\\\/fuentesfidedignas.com.mx\\\/index.php\\\/2026\\\/08\\\/31\\\/es-normal-monreal-senala-que-ataque-con-coche-bomba-en-zacatecas-fue-por-combate-al-crimen-organizado\\\/#primaryimage\",\"url\":\"https:\\\/\\\/fuentesfidedignas.com.mx\\\/wp-content\\\/uploads\\\/2026\\\/08\\\/ZOAPI3YHOZBLPKCKVGYWOPZYZY.avif\",\"contentUrl\":\"https:\\\/\\\/fuentesfidedignas.com.mx\\\/wp-content\\\/uploads\\\/2026\\\/08\\\/ZOAPI3YHOZBLPKCKVGYWOPZYZY.avif\",\"width\":1200,\"height\":675},{\"@type\":\"BreadcrumbList\",\"@id\":\"https:\\\/\\\/fuentesfidedignas.com.mx\\\/index.php\\\/2026\\\/08\\\/31\\\/es-normal-monreal-senala-que-ataque-con-coche-bomba-en-zacatecas-fue-por-combate-al-crimen-organizado\\\/#breadcrumb\",\"itemListElement\":[{\"@type\":\"ListItem\",\"position\":1,\"name\":\"Inicio\",\"item\":\"https:\\\/\\\/fuentesfidedignas.com.mx\\\/\"},{\"@type\":\"ListItem\",\"position\":2,\"name\":\"\u2018Es normal\u2019: Monreal se\u00f1ala que ataque con coche bomba en Zacatecas fue por combate al crimen organizado\"}]},{\"@type\":\"WebSite\",\"@id\":\"https:\\\/\\\/fuentesfidedignas.com.mx\\\/#website\",\"url\":\"https:\\\/\\\/fuentesfidedignas.com.mx\\\/\",\"name\":\"Fuentes Fidedignas\",\"description\":\"Otro sitio realizado con WordPress\",\"publisher\":{\"@id\":\"https:\\\/\\\/fuentesfidedignas.com.mx\\\/#organization\"},\"potentialAction\":[{\"@type\":\"SearchAction\",\"target\":{\"@type\":\"EntryPoint\",\"urlTemplate\":\"https:\\\/\\\/fuentesfidedignas.com.mx\\\/?s={search_term_string}\"},\"query-input\":{\"@type\":\"PropertyValueSpecification\",\"valueRequired\":true,\"valueName\":\"search_term_string\"}}],\"inLanguage\":\"es\"},{\"@type\":\"Organization\",\"@id\":\"https:\\\/\\\/fuentesfidedignas.com.mx\\\/#organization\",\"name\":\"Fuentes Fidedignas\",\"url\":\"https:\\\/\\\/fuentesfidedignas.com.mx\\\/\",\"logo\":{\"@type\":\"ImageObject\",\"inLanguage\":\"es\",\"@id\":\"https:\\\/\\\/fuentesfidedignas.com.mx\\\/#\\\/schema\\\/logo\\\/image\\\/\",\"url\":\"https:\\\/\\\/fuentesfidedignas.com.mx\\\/wp-content\\\/uploads\\\/2021\\\/04\\\/logo-retina.png\",\"contentUrl\":\"https:\\\/\\\/fuentesfidedignas.com.mx\\\/wp-content\\\/uploads\\\/2021\\\/04\\\/logo-retina.png\",\"width\":280,\"height\":51,\"caption\":\"Fuentes Fidedignas\"},\"image\":{\"@id\":\"https:\\\/\\\/fuentesfidedignas.com.mx\\\/#\\\/schema\\\/logo\\\/image\\\/\"},\"sameAs\":[\"https:\\\/\\\/www.facebook.com\\\/Fuentes-Fidedignas-368234489921644\",\"https:\\\/\\\/x.com\\\/fidedignas\"]},{\"@type\":\"Person\",\"@id\":\"https:\\\/\\\/fuentesfidedignas.com.mx\\\/#\\\/schema\\\/person\\\/494f7e0dce8dfaaec5b64f16615b78e9\",\"name\":\"El Financiero\",\"image\":{\"@type\":\"ImageObject\",\"inLanguage\":\"es\",\"@id\":\"https:\\\/\\\/secure.gravatar.com\\\/avatar\\\/88c0f3f2079389318ef8dd35c22cb997212aa89646e357ba59b318db26ed91a9?s=96&d=mm&r=g\",\"url\":\"https:\\\/\\\/secure.gravatar.com\\\/avatar\\\/88c0f3f2079389318ef8dd35c22cb997212aa89646e357ba59b318db26ed91a9?s=96&d=mm&r=g\",\"contentUrl\":\"https:\\\/\\\/secure.gravatar.com\\\/avatar\\\/88c0f3f2079389318ef8dd35c22cb997212aa89646e357ba59b318db26ed91a9?s=96&d=mm&r=g\",\"caption\":\"El Financiero\"},\"url\":\"https:\\\/\\\/fuentesfidedignas.com.mx\\\/index.php\\\/author\\\/financiero\\\/\"}]}<\/script>\n<!-- \/ Yoast SEO plugin. -->","yoast_head_json":{"title":"\u2018Es normal\u2019: Monreal se\u00f1ala que ataque con coche bomba en Zacatecas fue por combate al crimen organizado - Fuentes Fidedignas","robots":{"index":"index","follow":"follow","max-snippet":"max-snippet:-1","max-image-preview":"max-image-preview:large","max-video-preview":"max-video-preview:-1"},"canonical":"https:\/\/fuentesfidedignas.com.mx\/index.php\/2026\/08\/31\/es-normal-monreal-senala-que-ataque-con-coche-bomba-en-zacatecas-fue-por-combate-al-crimen-organizado\/","og_locale":"es_MX","og_type":"article","og_title":"\u2018Es normal\u2019: Monreal se\u00f1ala que ataque con coche bomba en Zacatecas fue por combate al crimen organizado - Fuentes Fidedignas","og_description":"Ricardo Monreal calific\u00f3 como \u201cnormal\u201d la reacci\u00f3n del crimen organizado ante el combate a la delincuencia en Zacatecas, tras el coche bomba en Ojocaliente El coordinador de Morena en la C\u00e1mara de Diputados, y exgobernador de Zacatecas, Ricardo Monreal, asegur\u00f3 que en el estado que actualmente gobierna su hermano David, el combate a la delincuencia [&hellip;]","og_url":"https:\/\/fuentesfidedignas.com.mx\/index.php\/2026\/08\/31\/es-normal-monreal-senala-que-ataque-con-coche-bomba-en-zacatecas-fue-por-combate-al-crimen-organizado\/","og_site_name":"Fuentes Fidedignas","article_publisher":"https:\/\/www.facebook.com\/Fuentes-Fidedignas-368234489921644","article_published_time":"2026-08-31T22:30:38+00:00","article_modified_time":"2026-08-31T22:30:45+00:00","og_image":[{"width":280,"height":51,"url":"https:\/\/fuentesfidedignas.com.mx\/wp-content\/uploads\/2021\/04\/logo-retina.png","type":"image\/png"}],"author":"El Financiero","twitter_card":"summary_large_image","twitter_creator":"@fidedignas","twitter_site":"@fidedignas","twitter_misc":{"Escrito por":"El Financiero","Tiempo de lectura":"2 minutos"},"schema":{"@context":"https:\/\/schema.org","@graph":[{"@type":"Article","@id":"https:\/\/fuentesfidedignas.com.mx\/index.php\/2026\/08\/31\/es-normal-monreal-senala-que-ataque-con-coche-bomba-en-zacatecas-fue-por-combate-al-crimen-organizado\/#article","isPartOf":{"@id":"https:\/\/fuentesfidedignas.com.mx\/index.php\/2026\/08\/31\/es-normal-monreal-senala-que-ataque-con-coche-bomba-en-zacatecas-fue-por-combate-al-crimen-organizado\/"},"author":{"name":"El Financiero","@id":"https:\/\/fuentesfidedignas.com.mx\/#\/schema\/person\/494f7e0dce8dfaaec5b64f16615b78e9"},"headline":"\u2018Es normal\u2019: Monreal se\u00f1ala que ataque con coche bomba en Zacatecas fue por combate al crimen organizado","datePublished":"2026-08-31T22:30:38+00:00","dateModified":"2026-08-31T22:30:45+00:00","mainEntityOfPage":{"@id":"https:\/\/fuentesfidedignas.com.mx\/index.php\/2026\/08\/31\/es-normal-monreal-senala-que-ataque-con-coche-bomba-en-zacatecas-fue-por-combate-al-crimen-organizado\/"},"wordCount":426,"commentCount":0,"publisher":{"@id":"https:\/\/fuentesfidedignas.com.mx\/#organization"},"image":{"@id":"https:\/\/fuentesfidedignas.com.mx\/index.php\/2026\/08\/31\/es-normal-monreal-senala-que-ataque-con-coche-bomba-en-zacatecas-fue-por-combate-al-crimen-organizado\/#primaryimage"},"thumbnailUrl":"https:\/\/fuentesfidedignas.com.mx\/wp-content\/uploads\/2026\/08\/ZOAPI3YHOZBLPKCKVGYWOPZYZY.avif","articleSection":["NOTICIAS NACIONALES"],"inLanguage":"es","potentialAction":[{"@type":"CommentAction","name":"Comment","target":["https:\/\/fuentesfidedignas.com.mx\/index.php\/2026\/08\/31\/es-normal-monreal-senala-que-ataque-con-coche-bomba-en-zacatecas-fue-por-combate-al-crimen-organizado\/#respond"]}]},{"@type":"WebPage","@id":"https:\/\/fuentesfidedignas.com.mx\/index.php\/2026\/08\/31\/es-normal-monreal-senala-que-ataque-con-coche-bomba-en-zacatecas-fue-por-combate-al-crimen-organizado\/","url":"https:\/\/fuentesfidedignas.com.mx\/index.php\/2026\/08\/31\/es-normal-monreal-senala-que-ataque-con-coche-bomba-en-zacatecas-fue-por-combate-al-crimen-organizado\/","name":"\u2018Es normal\u2019: Monreal se\u00f1ala que ataque con coche bomba en Zacatecas fue por combate al crimen organizado - Fuentes Fidedignas","isPartOf":{"@id":"https:\/\/fuentesfidedignas.com.mx\/#website"},"primaryImageOfPage":{"@id":"https:\/\/fuentesfidedignas.com.mx\/index.php\/2026\/08\/31\/es-normal-monreal-senala-que-ataque-con-coche-bomba-en-zacatecas-fue-por-combate-al-crimen-organizado\/#primaryimage"},"image":{"@id":"https:\/\/fuentesfidedignas.com.mx\/index.php\/2026\/08\/31\/es-normal-monreal-senala-que-ataque-con-coche-bomba-en-zacatecas-fue-por-combate-al-crimen-organizado\/#primaryimage"},"thumbnailUrl":"https:\/\/fuentesfidedignas.com.mx\/wp-content\/uploads\/2026\/08\/ZOAPI3YHOZBLPKCKVGYWOPZYZY.avif","datePublished":"2026-08-31T22:30:38+00:00","dateModified":"2026-08-31T22:30:45+00:00","breadcrumb":{"@id":"https:\/\/fuentesfidedignas.com.mx\/index.php\/2026\/08\/31\/es-normal-monreal-senala-que-ataque-con-coche-bomba-en-zacatecas-fue-por-combate-al-crimen-organizado\/#breadcrumb"},"inLanguage":"es","potentialAction":[{"@type":"ReadAction","target":["https:\/\/fuentesfidedignas.com.mx\/index.php\/2026\/08\/31\/es-normal-monreal-senala-que-ataque-con-coche-bomba-en-zacatecas-fue-por-combate-al-crimen-organizado\/"]}]},{"@type":"ImageObject","inLanguage":"es","@id":"https:\/\/fuentesfidedignas.com.mx\/index.php\/2026\/08\/31\/es-normal-monreal-senala-que-ataque-con-coche-bomba-en-zacatecas-fue-por-combate-al-crimen-organizado\/#primaryimage","url":"https:\/\/fuentesfidedignas.com.mx\/wp-content\/uploads\/2026\/08\/ZOAPI3YHOZBLPKCKVGYWOPZYZY.avif","contentUrl":"https:\/\/fuentesfidedignas.com.mx\/wp-content\/uploads\/2026\/08\/ZOAPI3YHOZBLPKCKVGYWOPZYZY.avif","width":1200,"height":675},{"@type":"BreadcrumbList","@id":"https:\/\/fuentesfidedignas.com.mx\/index.php\/2026\/08\/31\/es-normal-monreal-senala-que-ataque-con-coche-bomba-en-zacatecas-fue-por-combate-al-crimen-organizado\/#breadcrumb","itemListElement":[{"@type":"ListItem","position":1,"name":"Inicio","item":"https:\/\/fuentesfidedignas.com.mx\/"},{"@type":"ListItem","position":2,"name":"\u2018Es normal\u2019: Monreal se\u00f1ala que ataque con coche bomba en Zacatecas fue por combate al crimen organizado"}]},{"@type":"WebSite","@id":"https:\/\/fuentesfidedignas.com.mx\/#website","url":"https:\/\/fuentesfidedignas.com.mx\/","name":"Fuentes Fidedignas","description":"Otro sitio realizado con WordPress","publisher":{"@id":"https:\/\/fuentesfidedignas.com.mx\/#organization"},"potentialAction":[{"@type":"SearchAction","target":{"@type":"EntryPoint","urlTemplate":"https:\/\/fuentesfidedignas.com.mx\/?s={search_term_string}"},"query-input":{"@type":"PropertyValueSpecification","valueRequired":true,"valueName":"search_term_string"}}],"inLanguage":"es"},{"@type":"Organization","@id":"https:\/\/fuentesfidedignas.com.mx\/#organization","name":"Fuentes Fidedignas","url":"https:\/\/fuentesfidedignas.com.mx\/","logo":{"@type":"ImageObject","inLanguage":"es","@id":"https:\/\/fuentesfidedignas.com.mx\/#\/schema\/logo\/image\/","url":"https:\/\/fuentesfidedignas.com.mx\/wp-content\/uploads\/2021\/04\/logo-retina.png","contentUrl":"https:\/\/fuentesfidedignas.com.mx\/wp-content\/uploads\/2021\/04\/logo-retina.png","width":280,"height":51,"caption":"Fuentes Fidedignas"},"image":{"@id":"https:\/\/fuentesfidedignas.com.mx\/#\/schema\/logo\/image\/"},"sameAs":["https:\/\/www.facebook.com\/Fuentes-Fidedignas-368234489921644","https:\/\/x.com\/fidedignas"]},{"@type":"Person","@id":"https:\/\/fuentesfidedignas.com.mx\/#\/schema\/person\/494f7e0dce8dfaaec5b64f16615b78e9","name":"El Financiero","image":{"@type":"ImageObject","inLanguage":"es","@id":"https:\/\/secure.gravatar.com\/avatar\/88c0f3f2079389318ef8dd35c22cb997212aa89646e357ba59b318db26ed91a9?s=96&d=mm&r=g","url":"https:\/\/secure.gravatar.com\/avatar\/88c0f3f2079389318ef8dd35c22cb997212aa89646e357ba59b318db26ed91a9?s=96&d=mm&r=g","contentUrl":"https:\/\/secure.gravatar.com\/avatar\/88c0f3f2079389318ef8dd35c22cb997212aa89646e357ba59b318db26ed91a9?s=96&d=mm&r=g","caption":"El Financiero"},"url":"https:\/\/fuentesfidedignas.com.mx\/index.php\/author\/financiero\/"}]}},"_links":{"self":[{"href":"https:\/\/fuentesfidedignas.com.mx\/index.php\/wp-json\/wp\/v2\/posts\/141324","targetHints":{"allow":["GET"]}}],"collection":[{"href":"https:\/\/fuentesfidedignas.com.mx\/index.php\/wp-json\/wp\/v2\/posts"}],"about":[{"href":"https:\/\/fuentesfidedignas.com.mx\/index.php\/wp-json\/wp\/v2\/types\/post"}],"author":[{"embeddable":true,"href":"https:\/\/fuentesfidedignas.com.mx\/index.php\/wp-json\/wp\/v2\/users\/21"}],"replies":[{"embeddable":true,"href":"https:\/\/fuentesfidedignas.com.mx\/index.php\/wp-json\/wp\/v2\/comments?post=141324"}],"version-history":[{"count":1,"href":"https:\/\/fuentesfidedignas.com.mx\/index.php\/wp-json\/wp\/v2\/posts\/141324\/revisions"}],"predecessor-version":[{"id":141326,"href":"https:\/\/fuentesfidedignas.com.mx\/index.php\/wp-json\/wp\/v2\/posts\/141324\/revisions\/141326"}],"wp:featuredmedia":[{"embeddable":true,"href":"https:\/\/fuentesfidedignas.com.mx\/index.php\/wp-json\/wp\/v2\/media\/141325"}],"wp:attachment":[{"href":"https:\/\/fuentesfidedignas.com.mx\/index.php\/wp-json\/wp\/v2\/media?parent=141324"}],"wp:term":[{"taxonomy":"category","embeddable":true,"href":"https:\/\/fuentesfidedignas.com.mx\/index.php\/wp-json\/wp\/v2\/categories?post=141324"},{"taxonomy":"post_tag","embeddable":true,"href":"https:\/\/fuentesfidedignas.com.mx\/index.php\/wp-json\/wp\/v2\/tags?post=141324"}],"curies":[{"name":"wp","href":"https:\/\/api.w.org\/{rel}","templated":true}]}}