{"id":141321,"date":"2026-08-31T14:14:28","date_gmt":"2026-08-31T21:14:28","guid":{"rendered":"https:\/\/fuentesfidedignas.com.mx\/?p=141321"},"modified":"2026-08-31T14:14:32","modified_gmt":"2026-08-31T21:14:32","slug":"cobaes-inicia-el-ciclo-escolar-2026-2027-con-mas-de-11-mil-estudiantes-de-nuevo-ingreso","status":"publish","type":"post","link":"https:\/\/fuentesfidedignas.com.mx\/index.php\/2026\/08\/31\/cobaes-inicia-el-ciclo-escolar-2026-2027-con-mas-de-11-mil-estudiantes-de-nuevo-ingreso\/","title":{"rendered":"COBAES inicia el ciclo escolar 2026-2027 con m\u00e1s de 11 mil estudiantes de nuevo ingreso"},"content":{"rendered":"\n<p class=\"wp-block-paragraph\"><strong><em>Con una estrategia centrada en la calidad educativa, la capacitaci\u00f3n docente y el fortalecimiento de la infraestructura, recibi\u00f3 este lunes a m\u00e1s de 31 mil estudiantes en sus 127 centros educativos.<\/em><\/strong><\/p>\n\n\n\n<p class=\"wp-block-paragraph\">Culiac\u00e1n, Sin. \u2013 Al inaugurar el ciclo escolar 2026-2027 en el Plantel 25 \u201cGral. Salvador Alvarado\u201d, el director general de COBAES, Santiago Inzunza C\u00e1zares, acompa\u00f1ado por la secretaria de Educaci\u00f3n P\u00fablica y Cultura, Gloria Himelda F\u00e9lix Niebla, y autoridades educativas, destac\u00f3 la confianza que miles de familias sinaloenses contin\u00faan depositando en la instituci\u00f3n, al registrar el ingreso de m\u00e1s de 11 mil estudiantes de nuevo ingreso y el regreso a las aulas de m\u00e1s de 31 mil alumnas y alumnos en los 127 centros educativos del Colegio de Bachilleres.<\/p>\n\n\n\n<p class=\"wp-block-paragraph\">El director general subray\u00f3 que, adem\u00e1s de ampliar la cobertura, COBAES mantiene como prioridad la calidad educativa y la pertinencia de los programas de estudio. En ese sentido, inform\u00f3 que durante las tres semanas previas al inicio del ciclo escolar, la totalidad del personal docente particip\u00f3 en jornadas intensivas de capacitaci\u00f3n, actualizaci\u00f3n disciplinar y formaci\u00f3n pedag\u00f3gica, en concordancia con el Marco Curricular Com\u00fan de la Educaci\u00f3n Media Superior.<\/p>\n\n\n\n<p class=\"wp-block-paragraph\">Asimismo, destac\u00f3 que otro de los aspectos fundamentales para garantizar un arranque exitoso del ciclo escolar ha sido la mejora constante de la infraestructura educativa. Se\u00f1al\u00f3 que durante la presente administraci\u00f3n se ha realizado una inversi\u00f3n hist\u00f3rica en los planteles del Colegio de Bachilleres, con recursos provenientes del Gobierno del Estado, del Gobierno Federal y de fondos propios de la instituci\u00f3n.<\/p>\n\n\n\n<p class=\"wp-block-paragraph\">\u201cOtro componente importante son los espacios f\u00edsicos en donde se llevan a cabo los procesos educativos: en las aulas, en los laboratorios, en las canchas deportivas y en los espacios culturales. Me atrevo a decir que, en esta administraci\u00f3n, el Colegio de Bachilleres ha recibido la mayor inversi\u00f3n en infraestructura f\u00edsica por parte del Gobierno del Estado, del Gobierno Federal y con recursos propios del Colegio. No ha habido un plantel de COBAES que no haya tenido una inversi\u00f3n importante\u201d.<\/p>\n\n\n\n<p class=\"wp-block-paragraph\">Por su parte, la secretaria de Educaci\u00f3n P\u00fablica y Cultura, Gloria Himelda F\u00e9lix Niebla, enfatiz\u00f3 dos proyectos prioritarios que impulsar\u00e1 la educaci\u00f3n media superior durante este ciclo escolar. El primero es el programa \u201cABC de las Emociones\u201d, orientado a fortalecer la salud socioemocional de las y los estudiantes mediante actividades en el aula, materiales de apoyo para alumnos y padres de familia, as\u00ed como el acompa\u00f1amiento de especialistas para detectar y atender situaciones como estr\u00e9s, ansiedad o tristeza.<\/p>\n\n\n\n<p class=\"wp-block-paragraph\">El segundo proyecto consiste en la regulaci\u00f3n del uso de tel\u00e9fonos celulares y plataformas digitales en los planteles educativos, con el objetivo de fomentar un uso responsable de la tecnolog\u00eda y favorecer la concentraci\u00f3n de los estudiantes durante las clases. Aclar\u00f3 que no se trata de una prohibici\u00f3n, sino de una estrategia para fortalecer el aprendizaje y el bienestar emocional de la comunidad escolar.<\/p>\n\n\n\n<p class=\"wp-block-paragraph\">A su vez, en representaci\u00f3n de la comunidad estudiantil del Plantel 25, Samuel Leyva Carrazco expres\u00f3 el entusiasmo de las y los alumnos por el inicio del ciclo escolar 2026-2027, destacando que cada nuevo periodo acad\u00e9mico representa una oportunidad para renovar metas, fortalecer sue\u00f1os y seguir construyendo su futuro.<\/p>\n\n\n\n<p class=\"wp-block-paragraph\">A nombre de sus compa\u00f1eros, agradeci\u00f3 al Gobierno del Estado y al director general de COBAES, Santiago Inzunza C\u00e1zares, por las mejoras realizadas en infraestructura, equipamiento y tecnolog\u00eda del plantel, se\u00f1alando que estas acciones brindan espacios dignos para aprender, convivir y desarrollarse. Asimismo, reconoci\u00f3 el trabajo de maestras, maestros y familias por su acompa\u00f1amiento constante en la formaci\u00f3n de las y los j\u00f3venes.<\/p>\n","protected":false},"excerpt":{"rendered":"<p>Con una estrategia centrada en la calidad educativa, la capacitaci\u00f3n docente y el fortalecimiento de la infraestructura, recibi\u00f3 este lunes a m\u00e1s de 31 mil estudiantes en sus 127 centros educativos. Culiac\u00e1n, Sin. \u2013 Al inaugurar el ciclo escolar 2026-2027 en el Plantel 25 \u201cGral. Salvador Alvarado\u201d, el director general de COBAES, Santiago Inzunza C\u00e1zares, [&hellip;]<\/p>\n","protected":false},"author":4,"featured_media":141322,"comment_status":"open","ping_status":"open","sticky":false,"template":"","format":"standard","meta":{"tdm_status":"","tdm_grid_status":"","footnotes":""},"categories":[37],"tags":[],"class_list":["post-141321","post","type-post","status-publish","format-standard","has-post-thumbnail","category-nota-principal"],"yoast_head":"<!-- This site is optimized with the Yoast SEO plugin v28.3 - https:\/\/yoast.com\/product\/yoast-seo-wordpress\/ -->\n<title>COBAES inicia el ciclo escolar 2026-2027 con m\u00e1s de 11 mil estudiantes de nuevo ingreso - Fuentes Fidedignas<\/title>\n<meta name=\"robots\" content=\"index, follow, max-snippet:-1, max-image-preview:large, max-video-preview:-1\" \/>\n<link rel=\"canonical\" href=\"https:\/\/fuentesfidedignas.com.mx\/index.php\/2026\/08\/31\/cobaes-inicia-el-ciclo-escolar-2026-2027-con-mas-de-11-mil-estudiantes-de-nuevo-ingreso\/\" \/>\n<meta property=\"og:locale\" content=\"es_MX\" \/>\n<meta property=\"og:type\" content=\"article\" \/>\n<meta property=\"og:title\" content=\"COBAES inicia el ciclo escolar 2026-2027 con m\u00e1s de 11 mil estudiantes de nuevo ingreso - Fuentes Fidedignas\" \/>\n<meta property=\"og:description\" content=\"Con una estrategia centrada en la calidad educativa, la capacitaci\u00f3n docente y el fortalecimiento de la infraestructura, recibi\u00f3 este lunes a m\u00e1s de 31 mil estudiantes en sus 127 centros educativos. Culiac\u00e1n, Sin. \u2013 Al inaugurar el ciclo escolar 2026-2027 en el Plantel 25 \u201cGral. Salvador Alvarado\u201d, el director general de COBAES, Santiago Inzunza C\u00e1zares, [&hellip;]\" \/>\n<meta property=\"og:url\" content=\"https:\/\/fuentesfidedignas.com.mx\/index.php\/2026\/08\/31\/cobaes-inicia-el-ciclo-escolar-2026-2027-con-mas-de-11-mil-estudiantes-de-nuevo-ingreso\/\" \/>\n<meta property=\"og:site_name\" content=\"Fuentes Fidedignas\" \/>\n<meta property=\"article:publisher\" content=\"https:\/\/www.facebook.com\/Fuentes-Fidedignas-368234489921644\" \/>\n<meta property=\"article:published_time\" content=\"2026-08-31T21:14:28+00:00\" \/>\n<meta property=\"article:modified_time\" content=\"2026-08-31T21:14:32+00:00\" \/>\n<meta property=\"og:image\" content=\"https:\/\/fuentesfidedignas.com.mx\/wp-content\/uploads\/2026\/08\/WhatsApp-Image-2026-08-31-at-1.57.39-PM.jpeg\" \/>\n\t<meta property=\"og:image:width\" content=\"500\" \/>\n\t<meta property=\"og:image:height\" content=\"333\" \/>\n\t<meta property=\"og:image:type\" content=\"image\/jpeg\" \/>\n<meta name=\"author\" content=\"Redacci\u00f3n\" \/>\n<meta name=\"twitter:card\" content=\"summary_large_image\" \/>\n<meta name=\"twitter:creator\" content=\"@fidedignas\" \/>\n<meta name=\"twitter:site\" content=\"@fidedignas\" \/>\n<meta name=\"twitter:label1\" content=\"Escrito por\" \/>\n\t<meta name=\"twitter:data1\" content=\"Redacci\u00f3n\" \/>\n\t<meta name=\"twitter:label2\" content=\"Tiempo de lectura\" \/>\n\t<meta name=\"twitter:data2\" content=\"3 minutos\" \/>\n<script type=\"application\/ld+json\" class=\"yoast-schema-graph\">{\"@context\":\"https:\\\/\\\/schema.org\",\"@graph\":[{\"@type\":\"Article\",\"@id\":\"https:\\\/\\\/fuentesfidedignas.com.mx\\\/index.php\\\/2026\\\/08\\\/31\\\/cobaes-inicia-el-ciclo-escolar-2026-2027-con-mas-de-11-mil-estudiantes-de-nuevo-ingreso\\\/#article\",\"isPartOf\":{\"@id\":\"https:\\\/\\\/fuentesfidedignas.com.mx\\\/index.php\\\/2026\\\/08\\\/31\\\/cobaes-inicia-el-ciclo-escolar-2026-2027-con-mas-de-11-mil-estudiantes-de-nuevo-ingreso\\\/\"},\"author\":{\"name\":\"Redacci\u00f3n\",\"@id\":\"https:\\\/\\\/fuentesfidedignas.com.mx\\\/#\\\/schema\\\/person\\\/331be9283d37198e2acd5750279085b0\"},\"headline\":\"COBAES inicia el ciclo escolar 2026-2027 con m\u00e1s de 11 mil estudiantes de nuevo ingreso\",\"datePublished\":\"2026-08-31T21:14:28+00:00\",\"dateModified\":\"2026-08-31T21:14:32+00:00\",\"mainEntityOfPage\":{\"@id\":\"https:\\\/\\\/fuentesfidedignas.com.mx\\\/index.php\\\/2026\\\/08\\\/31\\\/cobaes-inicia-el-ciclo-escolar-2026-2027-con-mas-de-11-mil-estudiantes-de-nuevo-ingreso\\\/\"},\"wordCount\":640,\"commentCount\":0,\"publisher\":{\"@id\":\"https:\\\/\\\/fuentesfidedignas.com.mx\\\/#organization\"},\"image\":{\"@id\":\"https:\\\/\\\/fuentesfidedignas.com.mx\\\/index.php\\\/2026\\\/08\\\/31\\\/cobaes-inicia-el-ciclo-escolar-2026-2027-con-mas-de-11-mil-estudiantes-de-nuevo-ingreso\\\/#primaryimage\"},\"thumbnailUrl\":\"https:\\\/\\\/fuentesfidedignas.com.mx\\\/wp-content\\\/uploads\\\/2026\\\/08\\\/WhatsApp-Image-2026-08-31-at-1.57.39-PM.jpeg\",\"articleSection\":[\"NOTA PRINCIPAL\"],\"inLanguage\":\"es\",\"potentialAction\":[{\"@type\":\"CommentAction\",\"name\":\"Comment\",\"target\":[\"https:\\\/\\\/fuentesfidedignas.com.mx\\\/index.php\\\/2026\\\/08\\\/31\\\/cobaes-inicia-el-ciclo-escolar-2026-2027-con-mas-de-11-mil-estudiantes-de-nuevo-ingreso\\\/#respond\"]}]},{\"@type\":\"WebPage\",\"@id\":\"https:\\\/\\\/fuentesfidedignas.com.mx\\\/index.php\\\/2026\\\/08\\\/31\\\/cobaes-inicia-el-ciclo-escolar-2026-2027-con-mas-de-11-mil-estudiantes-de-nuevo-ingreso\\\/\",\"url\":\"https:\\\/\\\/fuentesfidedignas.com.mx\\\/index.php\\\/2026\\\/08\\\/31\\\/cobaes-inicia-el-ciclo-escolar-2026-2027-con-mas-de-11-mil-estudiantes-de-nuevo-ingreso\\\/\",\"name\":\"COBAES inicia el ciclo escolar 2026-2027 con m\u00e1s de 11 mil estudiantes de nuevo ingreso - Fuentes Fidedignas\",\"isPartOf\":{\"@id\":\"https:\\\/\\\/fuentesfidedignas.com.mx\\\/#website\"},\"primaryImageOfPage\":{\"@id\":\"https:\\\/\\\/fuentesfidedignas.com.mx\\\/index.php\\\/2026\\\/08\\\/31\\\/cobaes-inicia-el-ciclo-escolar-2026-2027-con-mas-de-11-mil-estudiantes-de-nuevo-ingreso\\\/#primaryimage\"},\"image\":{\"@id\":\"https:\\\/\\\/fuentesfidedignas.com.mx\\\/index.php\\\/2026\\\/08\\\/31\\\/cobaes-inicia-el-ciclo-escolar-2026-2027-con-mas-de-11-mil-estudiantes-de-nuevo-ingreso\\\/#primaryimage\"},\"thumbnailUrl\":\"https:\\\/\\\/fuentesfidedignas.com.mx\\\/wp-content\\\/uploads\\\/2026\\\/08\\\/WhatsApp-Image-2026-08-31-at-1.57.39-PM.jpeg\",\"datePublished\":\"2026-08-31T21:14:28+00:00\",\"dateModified\":\"2026-08-31T21:14:32+00:00\",\"breadcrumb\":{\"@id\":\"https:\\\/\\\/fuentesfidedignas.com.mx\\\/index.php\\\/2026\\\/08\\\/31\\\/cobaes-inicia-el-ciclo-escolar-2026-2027-con-mas-de-11-mil-estudiantes-de-nuevo-ingreso\\\/#breadcrumb\"},\"inLanguage\":\"es\",\"potentialAction\":[{\"@type\":\"ReadAction\",\"target\":[\"https:\\\/\\\/fuentesfidedignas.com.mx\\\/index.php\\\/2026\\\/08\\\/31\\\/cobaes-inicia-el-ciclo-escolar-2026-2027-con-mas-de-11-mil-estudiantes-de-nuevo-ingreso\\\/\"]}]},{\"@type\":\"ImageObject\",\"inLanguage\":\"es\",\"@id\":\"https:\\\/\\\/fuentesfidedignas.com.mx\\\/index.php\\\/2026\\\/08\\\/31\\\/cobaes-inicia-el-ciclo-escolar-2026-2027-con-mas-de-11-mil-estudiantes-de-nuevo-ingreso\\\/#primaryimage\",\"url\":\"https:\\\/\\\/fuentesfidedignas.com.mx\\\/wp-content\\\/uploads\\\/2026\\\/08\\\/WhatsApp-Image-2026-08-31-at-1.57.39-PM.jpeg\",\"contentUrl\":\"https:\\\/\\\/fuentesfidedignas.com.mx\\\/wp-content\\\/uploads\\\/2026\\\/08\\\/WhatsApp-Image-2026-08-31-at-1.57.39-PM.jpeg\",\"width\":500,\"height\":333},{\"@type\":\"BreadcrumbList\",\"@id\":\"https:\\\/\\\/fuentesfidedignas.com.mx\\\/index.php\\\/2026\\\/08\\\/31\\\/cobaes-inicia-el-ciclo-escolar-2026-2027-con-mas-de-11-mil-estudiantes-de-nuevo-ingreso\\\/#breadcrumb\",\"itemListElement\":[{\"@type\":\"ListItem\",\"position\":1,\"name\":\"Inicio\",\"item\":\"https:\\\/\\\/fuentesfidedignas.com.mx\\\/\"},{\"@type\":\"ListItem\",\"position\":2,\"name\":\"COBAES inicia el ciclo escolar 2026-2027 con m\u00e1s de 11 mil estudiantes de nuevo ingreso\"}]},{\"@type\":\"WebSite\",\"@id\":\"https:\\\/\\\/fuentesfidedignas.com.mx\\\/#website\",\"url\":\"https:\\\/\\\/fuentesfidedignas.com.mx\\\/\",\"name\":\"Fuentes Fidedignas\",\"description\":\"Otro sitio realizado con WordPress\",\"publisher\":{\"@id\":\"https:\\\/\\\/fuentesfidedignas.com.mx\\\/#organization\"},\"potentialAction\":[{\"@type\":\"SearchAction\",\"target\":{\"@type\":\"EntryPoint\",\"urlTemplate\":\"https:\\\/\\\/fuentesfidedignas.com.mx\\\/?s={search_term_string}\"},\"query-input\":{\"@type\":\"PropertyValueSpecification\",\"valueRequired\":true,\"valueName\":\"search_term_string\"}}],\"inLanguage\":\"es\"},{\"@type\":\"Organization\",\"@id\":\"https:\\\/\\\/fuentesfidedignas.com.mx\\\/#organization\",\"name\":\"Fuentes Fidedignas\",\"url\":\"https:\\\/\\\/fuentesfidedignas.com.mx\\\/\",\"logo\":{\"@type\":\"ImageObject\",\"inLanguage\":\"es\",\"@id\":\"https:\\\/\\\/fuentesfidedignas.com.mx\\\/#\\\/schema\\\/logo\\\/image\\\/\",\"url\":\"https:\\\/\\\/fuentesfidedignas.com.mx\\\/wp-content\\\/uploads\\\/2021\\\/04\\\/logo-retina.png\",\"contentUrl\":\"https:\\\/\\\/fuentesfidedignas.com.mx\\\/wp-content\\\/uploads\\\/2021\\\/04\\\/logo-retina.png\",\"width\":280,\"height\":51,\"caption\":\"Fuentes Fidedignas\"},\"image\":{\"@id\":\"https:\\\/\\\/fuentesfidedignas.com.mx\\\/#\\\/schema\\\/logo\\\/image\\\/\"},\"sameAs\":[\"https:\\\/\\\/www.facebook.com\\\/Fuentes-Fidedignas-368234489921644\",\"https:\\\/\\\/x.com\\\/fidedignas\"]},{\"@type\":\"Person\",\"@id\":\"https:\\\/\\\/fuentesfidedignas.com.mx\\\/#\\\/schema\\\/person\\\/331be9283d37198e2acd5750279085b0\",\"name\":\"Redacci\u00f3n\",\"image\":{\"@type\":\"ImageObject\",\"inLanguage\":\"es\",\"@id\":\"https:\\\/\\\/secure.gravatar.com\\\/avatar\\\/f6d8782c11d12b2d4ad3fbb6931aeab5309937a4d6cd2fc9cfaa28a6396a5aec?s=96&d=mm&r=g\",\"url\":\"https:\\\/\\\/secure.gravatar.com\\\/avatar\\\/f6d8782c11d12b2d4ad3fbb6931aeab5309937a4d6cd2fc9cfaa28a6396a5aec?s=96&d=mm&r=g\",\"contentUrl\":\"https:\\\/\\\/secure.gravatar.com\\\/avatar\\\/f6d8782c11d12b2d4ad3fbb6931aeab5309937a4d6cd2fc9cfaa28a6396a5aec?s=96&d=mm&r=g\",\"caption\":\"Redacci\u00f3n\"},\"url\":\"https:\\\/\\\/fuentesfidedignas.com.mx\\\/index.php\\\/author\\\/redaccion\\\/\"}]}<\/script>\n<!-- \/ Yoast SEO plugin. -->","yoast_head_json":{"title":"COBAES inicia el ciclo escolar 2026-2027 con m\u00e1s de 11 mil estudiantes de nuevo ingreso - Fuentes Fidedignas","robots":{"index":"index","follow":"follow","max-snippet":"max-snippet:-1","max-image-preview":"max-image-preview:large","max-video-preview":"max-video-preview:-1"},"canonical":"https:\/\/fuentesfidedignas.com.mx\/index.php\/2026\/08\/31\/cobaes-inicia-el-ciclo-escolar-2026-2027-con-mas-de-11-mil-estudiantes-de-nuevo-ingreso\/","og_locale":"es_MX","og_type":"article","og_title":"COBAES inicia el ciclo escolar 2026-2027 con m\u00e1s de 11 mil estudiantes de nuevo ingreso - Fuentes Fidedignas","og_description":"Con una estrategia centrada en la calidad educativa, la capacitaci\u00f3n docente y el fortalecimiento de la infraestructura, recibi\u00f3 este lunes a m\u00e1s de 31 mil estudiantes en sus 127 centros educativos. Culiac\u00e1n, Sin. \u2013 Al inaugurar el ciclo escolar 2026-2027 en el Plantel 25 \u201cGral. Salvador Alvarado\u201d, el director general de COBAES, Santiago Inzunza C\u00e1zares, [&hellip;]","og_url":"https:\/\/fuentesfidedignas.com.mx\/index.php\/2026\/08\/31\/cobaes-inicia-el-ciclo-escolar-2026-2027-con-mas-de-11-mil-estudiantes-de-nuevo-ingreso\/","og_site_name":"Fuentes Fidedignas","article_publisher":"https:\/\/www.facebook.com\/Fuentes-Fidedignas-368234489921644","article_published_time":"2026-08-31T21:14:28+00:00","article_modified_time":"2026-08-31T21:14:32+00:00","og_image":[{"width":500,"height":333,"url":"https:\/\/fuentesfidedignas.com.mx\/wp-content\/uploads\/2026\/08\/WhatsApp-Image-2026-08-31-at-1.57.39-PM.jpeg","type":"image\/jpeg"}],"author":"Redacci\u00f3n","twitter_card":"summary_large_image","twitter_creator":"@fidedignas","twitter_site":"@fidedignas","twitter_misc":{"Escrito por":"Redacci\u00f3n","Tiempo de lectura":"3 minutos"},"schema":{"@context":"https:\/\/schema.org","@graph":[{"@type":"Article","@id":"https:\/\/fuentesfidedignas.com.mx\/index.php\/2026\/08\/31\/cobaes-inicia-el-ciclo-escolar-2026-2027-con-mas-de-11-mil-estudiantes-de-nuevo-ingreso\/#article","isPartOf":{"@id":"https:\/\/fuentesfidedignas.com.mx\/index.php\/2026\/08\/31\/cobaes-inicia-el-ciclo-escolar-2026-2027-con-mas-de-11-mil-estudiantes-de-nuevo-ingreso\/"},"author":{"name":"Redacci\u00f3n","@id":"https:\/\/fuentesfidedignas.com.mx\/#\/schema\/person\/331be9283d37198e2acd5750279085b0"},"headline":"COBAES inicia el ciclo escolar 2026-2027 con m\u00e1s de 11 mil estudiantes de nuevo ingreso","datePublished":"2026-08-31T21:14:28+00:00","dateModified":"2026-08-31T21:14:32+00:00","mainEntityOfPage":{"@id":"https:\/\/fuentesfidedignas.com.mx\/index.php\/2026\/08\/31\/cobaes-inicia-el-ciclo-escolar-2026-2027-con-mas-de-11-mil-estudiantes-de-nuevo-ingreso\/"},"wordCount":640,"commentCount":0,"publisher":{"@id":"https:\/\/fuentesfidedignas.com.mx\/#organization"},"image":{"@id":"https:\/\/fuentesfidedignas.com.mx\/index.php\/2026\/08\/31\/cobaes-inicia-el-ciclo-escolar-2026-2027-con-mas-de-11-mil-estudiantes-de-nuevo-ingreso\/#primaryimage"},"thumbnailUrl":"https:\/\/fuentesfidedignas.com.mx\/wp-content\/uploads\/2026\/08\/WhatsApp-Image-2026-08-31-at-1.57.39-PM.jpeg","articleSection":["NOTA PRINCIPAL"],"inLanguage":"es","potentialAction":[{"@type":"CommentAction","name":"Comment","target":["https:\/\/fuentesfidedignas.com.mx\/index.php\/2026\/08\/31\/cobaes-inicia-el-ciclo-escolar-2026-2027-con-mas-de-11-mil-estudiantes-de-nuevo-ingreso\/#respond"]}]},{"@type":"WebPage","@id":"https:\/\/fuentesfidedignas.com.mx\/index.php\/2026\/08\/31\/cobaes-inicia-el-ciclo-escolar-2026-2027-con-mas-de-11-mil-estudiantes-de-nuevo-ingreso\/","url":"https:\/\/fuentesfidedignas.com.mx\/index.php\/2026\/08\/31\/cobaes-inicia-el-ciclo-escolar-2026-2027-con-mas-de-11-mil-estudiantes-de-nuevo-ingreso\/","name":"COBAES inicia el ciclo escolar 2026-2027 con m\u00e1s de 11 mil estudiantes de nuevo ingreso - Fuentes Fidedignas","isPartOf":{"@id":"https:\/\/fuentesfidedignas.com.mx\/#website"},"primaryImageOfPage":{"@id":"https:\/\/fuentesfidedignas.com.mx\/index.php\/2026\/08\/31\/cobaes-inicia-el-ciclo-escolar-2026-2027-con-mas-de-11-mil-estudiantes-de-nuevo-ingreso\/#primaryimage"},"image":{"@id":"https:\/\/fuentesfidedignas.com.mx\/index.php\/2026\/08\/31\/cobaes-inicia-el-ciclo-escolar-2026-2027-con-mas-de-11-mil-estudiantes-de-nuevo-ingreso\/#primaryimage"},"thumbnailUrl":"https:\/\/fuentesfidedignas.com.mx\/wp-content\/uploads\/2026\/08\/WhatsApp-Image-2026-08-31-at-1.57.39-PM.jpeg","datePublished":"2026-08-31T21:14:28+00:00","dateModified":"2026-08-31T21:14:32+00:00","breadcrumb":{"@id":"https:\/\/fuentesfidedignas.com.mx\/index.php\/2026\/08\/31\/cobaes-inicia-el-ciclo-escolar-2026-2027-con-mas-de-11-mil-estudiantes-de-nuevo-ingreso\/#breadcrumb"},"inLanguage":"es","potentialAction":[{"@type":"ReadAction","target":["https:\/\/fuentesfidedignas.com.mx\/index.php\/2026\/08\/31\/cobaes-inicia-el-ciclo-escolar-2026-2027-con-mas-de-11-mil-estudiantes-de-nuevo-ingreso\/"]}]},{"@type":"ImageObject","inLanguage":"es","@id":"https:\/\/fuentesfidedignas.com.mx\/index.php\/2026\/08\/31\/cobaes-inicia-el-ciclo-escolar-2026-2027-con-mas-de-11-mil-estudiantes-de-nuevo-ingreso\/#primaryimage","url":"https:\/\/fuentesfidedignas.com.mx\/wp-content\/uploads\/2026\/08\/WhatsApp-Image-2026-08-31-at-1.57.39-PM.jpeg","contentUrl":"https:\/\/fuentesfidedignas.com.mx\/wp-content\/uploads\/2026\/08\/WhatsApp-Image-2026-08-31-at-1.57.39-PM.jpeg","width":500,"height":333},{"@type":"BreadcrumbList","@id":"https:\/\/fuentesfidedignas.com.mx\/index.php\/2026\/08\/31\/cobaes-inicia-el-ciclo-escolar-2026-2027-con-mas-de-11-mil-estudiantes-de-nuevo-ingreso\/#breadcrumb","itemListElement":[{"@type":"ListItem","position":1,"name":"Inicio","item":"https:\/\/fuentesfidedignas.com.mx\/"},{"@type":"ListItem","position":2,"name":"COBAES inicia el ciclo escolar 2026-2027 con m\u00e1s de 11 mil estudiantes de nuevo ingreso"}]},{"@type":"WebSite","@id":"https:\/\/fuentesfidedignas.com.mx\/#website","url":"https:\/\/fuentesfidedignas.com.mx\/","name":"Fuentes Fidedignas","description":"Otro sitio realizado con WordPress","publisher":{"@id":"https:\/\/fuentesfidedignas.com.mx\/#organization"},"potentialAction":[{"@type":"SearchAction","target":{"@type":"EntryPoint","urlTemplate":"https:\/\/fuentesfidedignas.com.mx\/?s={search_term_string}"},"query-input":{"@type":"PropertyValueSpecification","valueRequired":true,"valueName":"search_term_string"}}],"inLanguage":"es"},{"@type":"Organization","@id":"https:\/\/fuentesfidedignas.com.mx\/#organization","name":"Fuentes Fidedignas","url":"https:\/\/fuentesfidedignas.com.mx\/","logo":{"@type":"ImageObject","inLanguage":"es","@id":"https:\/\/fuentesfidedignas.com.mx\/#\/schema\/logo\/image\/","url":"https:\/\/fuentesfidedignas.com.mx\/wp-content\/uploads\/2021\/04\/logo-retina.png","contentUrl":"https:\/\/fuentesfidedignas.com.mx\/wp-content\/uploads\/2021\/04\/logo-retina.png","width":280,"height":51,"caption":"Fuentes Fidedignas"},"image":{"@id":"https:\/\/fuentesfidedignas.com.mx\/#\/schema\/logo\/image\/"},"sameAs":["https:\/\/www.facebook.com\/Fuentes-Fidedignas-368234489921644","https:\/\/x.com\/fidedignas"]},{"@type":"Person","@id":"https:\/\/fuentesfidedignas.com.mx\/#\/schema\/person\/331be9283d37198e2acd5750279085b0","name":"Redacci\u00f3n","image":{"@type":"ImageObject","inLanguage":"es","@id":"https:\/\/secure.gravatar.com\/avatar\/f6d8782c11d12b2d4ad3fbb6931aeab5309937a4d6cd2fc9cfaa28a6396a5aec?s=96&d=mm&r=g","url":"https:\/\/secure.gravatar.com\/avatar\/f6d8782c11d12b2d4ad3fbb6931aeab5309937a4d6cd2fc9cfaa28a6396a5aec?s=96&d=mm&r=g","contentUrl":"https:\/\/secure.gravatar.com\/avatar\/f6d8782c11d12b2d4ad3fbb6931aeab5309937a4d6cd2fc9cfaa28a6396a5aec?s=96&d=mm&r=g","caption":"Redacci\u00f3n"},"url":"https:\/\/fuentesfidedignas.com.mx\/index.php\/author\/redaccion\/"}]}},"_links":{"self":[{"href":"https:\/\/fuentesfidedignas.com.mx\/index.php\/wp-json\/wp\/v2\/posts\/141321","targetHints":{"allow":["GET"]}}],"collection":[{"href":"https:\/\/fuentesfidedignas.com.mx\/index.php\/wp-json\/wp\/v2\/posts"}],"about":[{"href":"https:\/\/fuentesfidedignas.com.mx\/index.php\/wp-json\/wp\/v2\/types\/post"}],"author":[{"embeddable":true,"href":"https:\/\/fuentesfidedignas.com.mx\/index.php\/wp-json\/wp\/v2\/users\/4"}],"replies":[{"embeddable":true,"href":"https:\/\/fuentesfidedignas.com.mx\/index.php\/wp-json\/wp\/v2\/comments?post=141321"}],"version-history":[{"count":1,"href":"https:\/\/fuentesfidedignas.com.mx\/index.php\/wp-json\/wp\/v2\/posts\/141321\/revisions"}],"predecessor-version":[{"id":141323,"href":"https:\/\/fuentesfidedignas.com.mx\/index.php\/wp-json\/wp\/v2\/posts\/141321\/revisions\/141323"}],"wp:featuredmedia":[{"embeddable":true,"href":"https:\/\/fuentesfidedignas.com.mx\/index.php\/wp-json\/wp\/v2\/media\/141322"}],"wp:attachment":[{"href":"https:\/\/fuentesfidedignas.com.mx\/index.php\/wp-json\/wp\/v2\/media?parent=141321"}],"wp:term":[{"taxonomy":"category","embeddable":true,"href":"https:\/\/fuentesfidedignas.com.mx\/index.php\/wp-json\/wp\/v2\/categories?post=141321"},{"taxonomy":"post_tag","embeddable":true,"href":"https:\/\/fuentesfidedignas.com.mx\/index.php\/wp-json\/wp\/v2\/tags?post=141321"}],"curies":[{"name":"wp","href":"https:\/\/api.w.org\/{rel}","templated":true}]}}