{"id":141316,"date":"2026-08-31T13:20:56","date_gmt":"2026-08-31T20:20:56","guid":{"rendered":"https:\/\/fuentesfidedignas.com.mx\/?p=141316"},"modified":"2026-08-31T13:21:04","modified_gmt":"2026-08-31T20:21:04","slug":"abaten-en-michoacan-al-r5-lider-del-cartel-de-los-reyes-y-objetivo-de-eu","status":"publish","type":"post","link":"https:\/\/fuentesfidedignas.com.mx\/index.php\/2026\/08\/31\/abaten-en-michoacan-al-r5-lider-del-cartel-de-los-reyes-y-objetivo-de-eu\/","title":{"rendered":"Abaten en Michoac\u00e1n al &#8220;R5&#8221;, l\u00edder del C\u00e1rtel de Los Reyes y objetivo de EU"},"content":{"rendered":"\n<p class=\"wp-block-paragraph\"><strong><em>Luis Enrique Barrag\u00e1n, alias \u2018R5\u2019, muri\u00f3 en un operativo federal en Los Reyes; Estados Unidos ofrec\u00eda 3 millones de d\u00f3lares por \u00e9l.<\/em><\/strong><\/p>\n\n\n\n<p class=\"wp-block-paragraph\">Enrique \u2018N\u2019, alias \u2018R5\u2019, \u2018Wicho\u2019 o \u2018G\u00fcicho\u2019, se\u00f1alado como l\u00edder del C\u00e1rtel de Los Reyes y uno de los objetivos de Estados Unidos, fue abatido durante un operativo federal en Michoac\u00e1n, inform\u00f3 el gobernador Alfredo Ram\u00edrez Bedolla.<\/p>\n\n\n\n<p class=\"wp-block-paragraph\">El presunto l\u00edder criminal muri\u00f3 durante la madrugada de este lunes en el municipio de Los Reyes, tras un enfrentamiento con elementos de la Fiscal\u00eda Especializada en materia de Delincuencia Organizada (FEMDO).<\/p>\n\n\n\n<p class=\"wp-block-paragraph\">Ram\u00edrez Bedolla confirm\u00f3 la realizaci\u00f3n del operativo encabezado por fuerzas federales en esta regi\u00f3n de Michoac\u00e1n, donde operaba el grupo criminal se\u00f1alado por su participaci\u00f3n en hechos violentos y homicidios.<\/p>\n\n\n\n<p class=\"wp-block-paragraph\"><strong>El \u2018R5\u2019 asumi\u00f3 el liderazgo tras la captura de \u2018La Quiringua\u2019<\/strong><br>Enrique \u2018N\u2019 era identificado como el actual l\u00edder del C\u00e1rtel de Los Reyes, puesto que habr\u00eda asumido tras la detenci\u00f3n, ocurrida en julio pasado, de Alfonso \u2018N\u2019, alias \u2018La Quiringua\u2019.<\/p>\n\n\n\n<p class=\"wp-block-paragraph\">El grupo criminal mantiene presencia principalmente en los municipios de Los Reyes, Perib\u00e1n y Tocumbo, as\u00ed como en la zona lim\u00edtrofe de Michoac\u00e1n con Jalisco, regiones que han enfrentado una persistente ola de violencia y homicidios.<\/p>\n\n\n\n<p class=\"wp-block-paragraph\">Antes de involucrarse en actividades delictivas, \u2018R5\u2019 y \u2018La Quiringua\u2019 formaron parte de los grupos de autodefensa que surgieron en Michoac\u00e1n. Ambos contaban con centros contra las adicciones que inicialmente fueron utilizados para proteger a desertores de Los Caballeros Templarios, pero que posteriormente habr\u00edan sido empleados para el reclutamiento de j\u00f3venes.<\/p>\n\n\n\n<p class=\"wp-block-paragraph\"><strong>Estados Unidos ofrec\u00eda 3 millones de d\u00f3lares por su captura<\/strong><br>El presunto l\u00edder criminal se encontraba entre los objetivos de las autoridades de Estados Unidos. El Servicio de Investigaciones de Seguridad Nacional (HSI, por sus siglas en ingl\u00e9s) identificaba a Luis Enrique Barrag\u00e1n Ch\u00e1vez como presunto jefe de sicarios del C\u00e1rtel de Los Reyes.<\/p>\n\n\n\n<p class=\"wp-block-paragraph\">De acuerdo con autoridades estadounidenses, este grupo formaba parte de C\u00e1rteles Unidos, una alianza de organizaciones criminales que surgi\u00f3 para enfrentar la incursi\u00f3n de grupos de mayor tama\u00f1o, particularmente ante la expansi\u00f3n del C\u00e1rtel Jalisco Nueva Generaci\u00f3n (CJNG) en territorio michoacano.<\/p>\n\n\n\n<p class=\"wp-block-paragraph\">C\u00e1rteles Unidos ha sido se\u00f1alado por el gobierno estadounidense como una organizaci\u00f3n terrorista extranjera. El Departamento de Estado de Estados Unidos ofrec\u00eda una recompensa de hasta 3 millones de d\u00f3lares por informaci\u00f3n que condujera a la detenci\u00f3n del \u2018R5\u2019, a quien se le relacionaba con delitos contra la salud y el tr\u00e1fico de drogas.<\/p>\n\n\n\n<p class=\"wp-block-paragraph\"><strong>Operativo contra uno de los principales generadores de violencia<\/strong><br>La muerte del \u2018R5\u2019 representa un golpe contra la estructura del C\u00e1rtel de Los Reyes, uno de los grupos criminales que han disputado el control de esta regi\u00f3n de Michoac\u00e1n.<\/p>\n\n\n\n<p class=\"wp-block-paragraph\">Su muerte ocurre apenas semanas despu\u00e9s de que asumiera el liderazgo de la organizaci\u00f3n tras la captura de \u2018La Quiringua\u2019, en un contexto marcado por las operaciones de fuerzas federales y la persecuci\u00f3n de objetivos prioritarios vinculados con la violencia en la regi\u00f3n.<\/p>\n","protected":false},"excerpt":{"rendered":"<p>Luis Enrique Barrag\u00e1n, alias \u2018R5\u2019, muri\u00f3 en un operativo federal en Los Reyes; Estados Unidos ofrec\u00eda 3 millones de d\u00f3lares por \u00e9l. Enrique \u2018N\u2019, alias \u2018R5\u2019, \u2018Wicho\u2019 o \u2018G\u00fcicho\u2019, se\u00f1alado como l\u00edder del C\u00e1rtel de Los Reyes y uno de los objetivos de Estados Unidos, fue abatido durante un operativo federal en Michoac\u00e1n, inform\u00f3 el [&hellip;]<\/p>\n","protected":false},"author":44,"featured_media":141317,"comment_status":"open","ping_status":"open","sticky":false,"template":"","format":"standard","meta":{"tdm_status":"","tdm_grid_status":"","footnotes":""},"categories":[39],"tags":[],"class_list":["post-141316","post","type-post","status-publish","format-standard","has-post-thumbnail","category-noticias-nacionales"],"yoast_head":"<!-- This site is optimized with the Yoast SEO plugin v28.3 - https:\/\/yoast.com\/product\/yoast-seo-wordpress\/ -->\n<title>Abaten en Michoac\u00e1n al &quot;R5&quot;, l\u00edder del C\u00e1rtel de Los Reyes y objetivo de EU - Fuentes Fidedignas<\/title>\n<meta name=\"robots\" content=\"index, follow, max-snippet:-1, max-image-preview:large, max-video-preview:-1\" \/>\n<link rel=\"canonical\" href=\"https:\/\/fuentesfidedignas.com.mx\/index.php\/2026\/08\/31\/abaten-en-michoacan-al-r5-lider-del-cartel-de-los-reyes-y-objetivo-de-eu\/\" \/>\n<meta property=\"og:locale\" content=\"es_MX\" \/>\n<meta property=\"og:type\" content=\"article\" \/>\n<meta property=\"og:title\" content=\"Abaten en Michoac\u00e1n al &quot;R5&quot;, l\u00edder del C\u00e1rtel de Los Reyes y objetivo de EU - Fuentes Fidedignas\" \/>\n<meta property=\"og:description\" content=\"Luis Enrique Barrag\u00e1n, alias \u2018R5\u2019, muri\u00f3 en un operativo federal en Los Reyes; Estados Unidos ofrec\u00eda 3 millones de d\u00f3lares por \u00e9l. Enrique \u2018N\u2019, alias \u2018R5\u2019, \u2018Wicho\u2019 o \u2018G\u00fcicho\u2019, se\u00f1alado como l\u00edder del C\u00e1rtel de Los Reyes y uno de los objetivos de Estados Unidos, fue abatido durante un operativo federal en Michoac\u00e1n, inform\u00f3 el [&hellip;]\" \/>\n<meta property=\"og:url\" content=\"https:\/\/fuentesfidedignas.com.mx\/index.php\/2026\/08\/31\/abaten-en-michoacan-al-r5-lider-del-cartel-de-los-reyes-y-objetivo-de-eu\/\" \/>\n<meta property=\"og:site_name\" content=\"Fuentes Fidedignas\" \/>\n<meta property=\"article:publisher\" content=\"https:\/\/www.facebook.com\/Fuentes-Fidedignas-368234489921644\" \/>\n<meta property=\"article:published_time\" content=\"2026-08-31T20:20:56+00:00\" \/>\n<meta property=\"article:modified_time\" content=\"2026-08-31T20:21:04+00:00\" \/>\n<meta property=\"og:image\" content=\"https:\/\/fuentesfidedignas.com.mx\/wp-content\/uploads\/2026\/08\/R5_WICHO_GUICHO.jpg\" \/>\n\t<meta property=\"og:image:width\" content=\"500\" \/>\n\t<meta property=\"og:image:height\" content=\"277\" \/>\n\t<meta property=\"og:image:type\" content=\"image\/jpeg\" \/>\n<meta name=\"author\" content=\"El Economista\" \/>\n<meta name=\"twitter:card\" content=\"summary_large_image\" \/>\n<meta name=\"twitter:creator\" content=\"@fidedignas\" \/>\n<meta name=\"twitter:site\" content=\"@fidedignas\" \/>\n<meta name=\"twitter:label1\" content=\"Escrito por\" \/>\n\t<meta name=\"twitter:data1\" content=\"El Economista\" \/>\n\t<meta name=\"twitter:label2\" content=\"Tiempo de lectura\" \/>\n\t<meta name=\"twitter:data2\" content=\"3 minutos\" \/>\n<script type=\"application\/ld+json\" class=\"yoast-schema-graph\">{\"@context\":\"https:\\\/\\\/schema.org\",\"@graph\":[{\"@type\":\"Article\",\"@id\":\"https:\\\/\\\/fuentesfidedignas.com.mx\\\/index.php\\\/2026\\\/08\\\/31\\\/abaten-en-michoacan-al-r5-lider-del-cartel-de-los-reyes-y-objetivo-de-eu\\\/#article\",\"isPartOf\":{\"@id\":\"https:\\\/\\\/fuentesfidedignas.com.mx\\\/index.php\\\/2026\\\/08\\\/31\\\/abaten-en-michoacan-al-r5-lider-del-cartel-de-los-reyes-y-objetivo-de-eu\\\/\"},\"author\":{\"name\":\"El Economista\",\"@id\":\"https:\\\/\\\/fuentesfidedignas.com.mx\\\/#\\\/schema\\\/person\\\/6af43e831c61354ecb5ffe61c99a9bf1\"},\"headline\":\"Abaten en Michoac\u00e1n al &#8220;R5&#8221;, l\u00edder del C\u00e1rtel de Los Reyes y objetivo de EU\",\"datePublished\":\"2026-08-31T20:20:56+00:00\",\"dateModified\":\"2026-08-31T20:21:04+00:00\",\"mainEntityOfPage\":{\"@id\":\"https:\\\/\\\/fuentesfidedignas.com.mx\\\/index.php\\\/2026\\\/08\\\/31\\\/abaten-en-michoacan-al-r5-lider-del-cartel-de-los-reyes-y-objetivo-de-eu\\\/\"},\"wordCount\":550,\"commentCount\":0,\"publisher\":{\"@id\":\"https:\\\/\\\/fuentesfidedignas.com.mx\\\/#organization\"},\"image\":{\"@id\":\"https:\\\/\\\/fuentesfidedignas.com.mx\\\/index.php\\\/2026\\\/08\\\/31\\\/abaten-en-michoacan-al-r5-lider-del-cartel-de-los-reyes-y-objetivo-de-eu\\\/#primaryimage\"},\"thumbnailUrl\":\"https:\\\/\\\/fuentesfidedignas.com.mx\\\/wp-content\\\/uploads\\\/2026\\\/08\\\/R5_WICHO_GUICHO.jpg\",\"articleSection\":[\"NOTICIAS NACIONALES\"],\"inLanguage\":\"es\",\"potentialAction\":[{\"@type\":\"CommentAction\",\"name\":\"Comment\",\"target\":[\"https:\\\/\\\/fuentesfidedignas.com.mx\\\/index.php\\\/2026\\\/08\\\/31\\\/abaten-en-michoacan-al-r5-lider-del-cartel-de-los-reyes-y-objetivo-de-eu\\\/#respond\"]}]},{\"@type\":\"WebPage\",\"@id\":\"https:\\\/\\\/fuentesfidedignas.com.mx\\\/index.php\\\/2026\\\/08\\\/31\\\/abaten-en-michoacan-al-r5-lider-del-cartel-de-los-reyes-y-objetivo-de-eu\\\/\",\"url\":\"https:\\\/\\\/fuentesfidedignas.com.mx\\\/index.php\\\/2026\\\/08\\\/31\\\/abaten-en-michoacan-al-r5-lider-del-cartel-de-los-reyes-y-objetivo-de-eu\\\/\",\"name\":\"Abaten en Michoac\u00e1n al \\\"R5\\\", l\u00edder del C\u00e1rtel de Los Reyes y objetivo de EU - Fuentes Fidedignas\",\"isPartOf\":{\"@id\":\"https:\\\/\\\/fuentesfidedignas.com.mx\\\/#website\"},\"primaryImageOfPage\":{\"@id\":\"https:\\\/\\\/fuentesfidedignas.com.mx\\\/index.php\\\/2026\\\/08\\\/31\\\/abaten-en-michoacan-al-r5-lider-del-cartel-de-los-reyes-y-objetivo-de-eu\\\/#primaryimage\"},\"image\":{\"@id\":\"https:\\\/\\\/fuentesfidedignas.com.mx\\\/index.php\\\/2026\\\/08\\\/31\\\/abaten-en-michoacan-al-r5-lider-del-cartel-de-los-reyes-y-objetivo-de-eu\\\/#primaryimage\"},\"thumbnailUrl\":\"https:\\\/\\\/fuentesfidedignas.com.mx\\\/wp-content\\\/uploads\\\/2026\\\/08\\\/R5_WICHO_GUICHO.jpg\",\"datePublished\":\"2026-08-31T20:20:56+00:00\",\"dateModified\":\"2026-08-31T20:21:04+00:00\",\"breadcrumb\":{\"@id\":\"https:\\\/\\\/fuentesfidedignas.com.mx\\\/index.php\\\/2026\\\/08\\\/31\\\/abaten-en-michoacan-al-r5-lider-del-cartel-de-los-reyes-y-objetivo-de-eu\\\/#breadcrumb\"},\"inLanguage\":\"es\",\"potentialAction\":[{\"@type\":\"ReadAction\",\"target\":[\"https:\\\/\\\/fuentesfidedignas.com.mx\\\/index.php\\\/2026\\\/08\\\/31\\\/abaten-en-michoacan-al-r5-lider-del-cartel-de-los-reyes-y-objetivo-de-eu\\\/\"]}]},{\"@type\":\"ImageObject\",\"inLanguage\":\"es\",\"@id\":\"https:\\\/\\\/fuentesfidedignas.com.mx\\\/index.php\\\/2026\\\/08\\\/31\\\/abaten-en-michoacan-al-r5-lider-del-cartel-de-los-reyes-y-objetivo-de-eu\\\/#primaryimage\",\"url\":\"https:\\\/\\\/fuentesfidedignas.com.mx\\\/wp-content\\\/uploads\\\/2026\\\/08\\\/R5_WICHO_GUICHO.jpg\",\"contentUrl\":\"https:\\\/\\\/fuentesfidedignas.com.mx\\\/wp-content\\\/uploads\\\/2026\\\/08\\\/R5_WICHO_GUICHO.jpg\",\"width\":500,\"height\":277},{\"@type\":\"BreadcrumbList\",\"@id\":\"https:\\\/\\\/fuentesfidedignas.com.mx\\\/index.php\\\/2026\\\/08\\\/31\\\/abaten-en-michoacan-al-r5-lider-del-cartel-de-los-reyes-y-objetivo-de-eu\\\/#breadcrumb\",\"itemListElement\":[{\"@type\":\"ListItem\",\"position\":1,\"name\":\"Inicio\",\"item\":\"https:\\\/\\\/fuentesfidedignas.com.mx\\\/\"},{\"@type\":\"ListItem\",\"position\":2,\"name\":\"Abaten en Michoac\u00e1n al &#8220;R5&#8221;, l\u00edder del C\u00e1rtel de Los Reyes y objetivo de EU\"}]},{\"@type\":\"WebSite\",\"@id\":\"https:\\\/\\\/fuentesfidedignas.com.mx\\\/#website\",\"url\":\"https:\\\/\\\/fuentesfidedignas.com.mx\\\/\",\"name\":\"Fuentes Fidedignas\",\"description\":\"Otro sitio realizado con WordPress\",\"publisher\":{\"@id\":\"https:\\\/\\\/fuentesfidedignas.com.mx\\\/#organization\"},\"potentialAction\":[{\"@type\":\"SearchAction\",\"target\":{\"@type\":\"EntryPoint\",\"urlTemplate\":\"https:\\\/\\\/fuentesfidedignas.com.mx\\\/?s={search_term_string}\"},\"query-input\":{\"@type\":\"PropertyValueSpecification\",\"valueRequired\":true,\"valueName\":\"search_term_string\"}}],\"inLanguage\":\"es\"},{\"@type\":\"Organization\",\"@id\":\"https:\\\/\\\/fuentesfidedignas.com.mx\\\/#organization\",\"name\":\"Fuentes Fidedignas\",\"url\":\"https:\\\/\\\/fuentesfidedignas.com.mx\\\/\",\"logo\":{\"@type\":\"ImageObject\",\"inLanguage\":\"es\",\"@id\":\"https:\\\/\\\/fuentesfidedignas.com.mx\\\/#\\\/schema\\\/logo\\\/image\\\/\",\"url\":\"https:\\\/\\\/fuentesfidedignas.com.mx\\\/wp-content\\\/uploads\\\/2021\\\/04\\\/logo-retina.png\",\"contentUrl\":\"https:\\\/\\\/fuentesfidedignas.com.mx\\\/wp-content\\\/uploads\\\/2021\\\/04\\\/logo-retina.png\",\"width\":280,\"height\":51,\"caption\":\"Fuentes Fidedignas\"},\"image\":{\"@id\":\"https:\\\/\\\/fuentesfidedignas.com.mx\\\/#\\\/schema\\\/logo\\\/image\\\/\"},\"sameAs\":[\"https:\\\/\\\/www.facebook.com\\\/Fuentes-Fidedignas-368234489921644\",\"https:\\\/\\\/x.com\\\/fidedignas\"]},{\"@type\":\"Person\",\"@id\":\"https:\\\/\\\/fuentesfidedignas.com.mx\\\/#\\\/schema\\\/person\\\/6af43e831c61354ecb5ffe61c99a9bf1\",\"name\":\"El Economista\",\"image\":{\"@type\":\"ImageObject\",\"inLanguage\":\"es\",\"@id\":\"https:\\\/\\\/secure.gravatar.com\\\/avatar\\\/cdb633edc72997b061038aff7c4738bf3a38a4e4089c4c7ba9509ccee48b1447?s=96&d=mm&r=g\",\"url\":\"https:\\\/\\\/secure.gravatar.com\\\/avatar\\\/cdb633edc72997b061038aff7c4738bf3a38a4e4089c4c7ba9509ccee48b1447?s=96&d=mm&r=g\",\"contentUrl\":\"https:\\\/\\\/secure.gravatar.com\\\/avatar\\\/cdb633edc72997b061038aff7c4738bf3a38a4e4089c4c7ba9509ccee48b1447?s=96&d=mm&r=g\",\"caption\":\"El Economista\"},\"url\":\"https:\\\/\\\/fuentesfidedignas.com.mx\\\/index.php\\\/author\\\/economista\\\/\"}]}<\/script>\n<!-- \/ Yoast SEO plugin. -->","yoast_head_json":{"title":"Abaten en Michoac\u00e1n al \"R5\", l\u00edder del C\u00e1rtel de Los Reyes y objetivo de EU - Fuentes Fidedignas","robots":{"index":"index","follow":"follow","max-snippet":"max-snippet:-1","max-image-preview":"max-image-preview:large","max-video-preview":"max-video-preview:-1"},"canonical":"https:\/\/fuentesfidedignas.com.mx\/index.php\/2026\/08\/31\/abaten-en-michoacan-al-r5-lider-del-cartel-de-los-reyes-y-objetivo-de-eu\/","og_locale":"es_MX","og_type":"article","og_title":"Abaten en Michoac\u00e1n al \"R5\", l\u00edder del C\u00e1rtel de Los Reyes y objetivo de EU - Fuentes Fidedignas","og_description":"Luis Enrique Barrag\u00e1n, alias \u2018R5\u2019, muri\u00f3 en un operativo federal en Los Reyes; Estados Unidos ofrec\u00eda 3 millones de d\u00f3lares por \u00e9l. Enrique \u2018N\u2019, alias \u2018R5\u2019, \u2018Wicho\u2019 o \u2018G\u00fcicho\u2019, se\u00f1alado como l\u00edder del C\u00e1rtel de Los Reyes y uno de los objetivos de Estados Unidos, fue abatido durante un operativo federal en Michoac\u00e1n, inform\u00f3 el [&hellip;]","og_url":"https:\/\/fuentesfidedignas.com.mx\/index.php\/2026\/08\/31\/abaten-en-michoacan-al-r5-lider-del-cartel-de-los-reyes-y-objetivo-de-eu\/","og_site_name":"Fuentes Fidedignas","article_publisher":"https:\/\/www.facebook.com\/Fuentes-Fidedignas-368234489921644","article_published_time":"2026-08-31T20:20:56+00:00","article_modified_time":"2026-08-31T20:21:04+00:00","og_image":[{"width":500,"height":277,"url":"https:\/\/fuentesfidedignas.com.mx\/wp-content\/uploads\/2026\/08\/R5_WICHO_GUICHO.jpg","type":"image\/jpeg"}],"author":"El Economista","twitter_card":"summary_large_image","twitter_creator":"@fidedignas","twitter_site":"@fidedignas","twitter_misc":{"Escrito por":"El Economista","Tiempo de lectura":"3 minutos"},"schema":{"@context":"https:\/\/schema.org","@graph":[{"@type":"Article","@id":"https:\/\/fuentesfidedignas.com.mx\/index.php\/2026\/08\/31\/abaten-en-michoacan-al-r5-lider-del-cartel-de-los-reyes-y-objetivo-de-eu\/#article","isPartOf":{"@id":"https:\/\/fuentesfidedignas.com.mx\/index.php\/2026\/08\/31\/abaten-en-michoacan-al-r5-lider-del-cartel-de-los-reyes-y-objetivo-de-eu\/"},"author":{"name":"El Economista","@id":"https:\/\/fuentesfidedignas.com.mx\/#\/schema\/person\/6af43e831c61354ecb5ffe61c99a9bf1"},"headline":"Abaten en Michoac\u00e1n al &#8220;R5&#8221;, l\u00edder del C\u00e1rtel de Los Reyes y objetivo de EU","datePublished":"2026-08-31T20:20:56+00:00","dateModified":"2026-08-31T20:21:04+00:00","mainEntityOfPage":{"@id":"https:\/\/fuentesfidedignas.com.mx\/index.php\/2026\/08\/31\/abaten-en-michoacan-al-r5-lider-del-cartel-de-los-reyes-y-objetivo-de-eu\/"},"wordCount":550,"commentCount":0,"publisher":{"@id":"https:\/\/fuentesfidedignas.com.mx\/#organization"},"image":{"@id":"https:\/\/fuentesfidedignas.com.mx\/index.php\/2026\/08\/31\/abaten-en-michoacan-al-r5-lider-del-cartel-de-los-reyes-y-objetivo-de-eu\/#primaryimage"},"thumbnailUrl":"https:\/\/fuentesfidedignas.com.mx\/wp-content\/uploads\/2026\/08\/R5_WICHO_GUICHO.jpg","articleSection":["NOTICIAS NACIONALES"],"inLanguage":"es","potentialAction":[{"@type":"CommentAction","name":"Comment","target":["https:\/\/fuentesfidedignas.com.mx\/index.php\/2026\/08\/31\/abaten-en-michoacan-al-r5-lider-del-cartel-de-los-reyes-y-objetivo-de-eu\/#respond"]}]},{"@type":"WebPage","@id":"https:\/\/fuentesfidedignas.com.mx\/index.php\/2026\/08\/31\/abaten-en-michoacan-al-r5-lider-del-cartel-de-los-reyes-y-objetivo-de-eu\/","url":"https:\/\/fuentesfidedignas.com.mx\/index.php\/2026\/08\/31\/abaten-en-michoacan-al-r5-lider-del-cartel-de-los-reyes-y-objetivo-de-eu\/","name":"Abaten en Michoac\u00e1n al \"R5\", l\u00edder del C\u00e1rtel de Los Reyes y objetivo de EU - Fuentes Fidedignas","isPartOf":{"@id":"https:\/\/fuentesfidedignas.com.mx\/#website"},"primaryImageOfPage":{"@id":"https:\/\/fuentesfidedignas.com.mx\/index.php\/2026\/08\/31\/abaten-en-michoacan-al-r5-lider-del-cartel-de-los-reyes-y-objetivo-de-eu\/#primaryimage"},"image":{"@id":"https:\/\/fuentesfidedignas.com.mx\/index.php\/2026\/08\/31\/abaten-en-michoacan-al-r5-lider-del-cartel-de-los-reyes-y-objetivo-de-eu\/#primaryimage"},"thumbnailUrl":"https:\/\/fuentesfidedignas.com.mx\/wp-content\/uploads\/2026\/08\/R5_WICHO_GUICHO.jpg","datePublished":"2026-08-31T20:20:56+00:00","dateModified":"2026-08-31T20:21:04+00:00","breadcrumb":{"@id":"https:\/\/fuentesfidedignas.com.mx\/index.php\/2026\/08\/31\/abaten-en-michoacan-al-r5-lider-del-cartel-de-los-reyes-y-objetivo-de-eu\/#breadcrumb"},"inLanguage":"es","potentialAction":[{"@type":"ReadAction","target":["https:\/\/fuentesfidedignas.com.mx\/index.php\/2026\/08\/31\/abaten-en-michoacan-al-r5-lider-del-cartel-de-los-reyes-y-objetivo-de-eu\/"]}]},{"@type":"ImageObject","inLanguage":"es","@id":"https:\/\/fuentesfidedignas.com.mx\/index.php\/2026\/08\/31\/abaten-en-michoacan-al-r5-lider-del-cartel-de-los-reyes-y-objetivo-de-eu\/#primaryimage","url":"https:\/\/fuentesfidedignas.com.mx\/wp-content\/uploads\/2026\/08\/R5_WICHO_GUICHO.jpg","contentUrl":"https:\/\/fuentesfidedignas.com.mx\/wp-content\/uploads\/2026\/08\/R5_WICHO_GUICHO.jpg","width":500,"height":277},{"@type":"BreadcrumbList","@id":"https:\/\/fuentesfidedignas.com.mx\/index.php\/2026\/08\/31\/abaten-en-michoacan-al-r5-lider-del-cartel-de-los-reyes-y-objetivo-de-eu\/#breadcrumb","itemListElement":[{"@type":"ListItem","position":1,"name":"Inicio","item":"https:\/\/fuentesfidedignas.com.mx\/"},{"@type":"ListItem","position":2,"name":"Abaten en Michoac\u00e1n al &#8220;R5&#8221;, l\u00edder del C\u00e1rtel de Los Reyes y objetivo de EU"}]},{"@type":"WebSite","@id":"https:\/\/fuentesfidedignas.com.mx\/#website","url":"https:\/\/fuentesfidedignas.com.mx\/","name":"Fuentes Fidedignas","description":"Otro sitio realizado con WordPress","publisher":{"@id":"https:\/\/fuentesfidedignas.com.mx\/#organization"},"potentialAction":[{"@type":"SearchAction","target":{"@type":"EntryPoint","urlTemplate":"https:\/\/fuentesfidedignas.com.mx\/?s={search_term_string}"},"query-input":{"@type":"PropertyValueSpecification","valueRequired":true,"valueName":"search_term_string"}}],"inLanguage":"es"},{"@type":"Organization","@id":"https:\/\/fuentesfidedignas.com.mx\/#organization","name":"Fuentes Fidedignas","url":"https:\/\/fuentesfidedignas.com.mx\/","logo":{"@type":"ImageObject","inLanguage":"es","@id":"https:\/\/fuentesfidedignas.com.mx\/#\/schema\/logo\/image\/","url":"https:\/\/fuentesfidedignas.com.mx\/wp-content\/uploads\/2021\/04\/logo-retina.png","contentUrl":"https:\/\/fuentesfidedignas.com.mx\/wp-content\/uploads\/2021\/04\/logo-retina.png","width":280,"height":51,"caption":"Fuentes Fidedignas"},"image":{"@id":"https:\/\/fuentesfidedignas.com.mx\/#\/schema\/logo\/image\/"},"sameAs":["https:\/\/www.facebook.com\/Fuentes-Fidedignas-368234489921644","https:\/\/x.com\/fidedignas"]},{"@type":"Person","@id":"https:\/\/fuentesfidedignas.com.mx\/#\/schema\/person\/6af43e831c61354ecb5ffe61c99a9bf1","name":"El Economista","image":{"@type":"ImageObject","inLanguage":"es","@id":"https:\/\/secure.gravatar.com\/avatar\/cdb633edc72997b061038aff7c4738bf3a38a4e4089c4c7ba9509ccee48b1447?s=96&d=mm&r=g","url":"https:\/\/secure.gravatar.com\/avatar\/cdb633edc72997b061038aff7c4738bf3a38a4e4089c4c7ba9509ccee48b1447?s=96&d=mm&r=g","contentUrl":"https:\/\/secure.gravatar.com\/avatar\/cdb633edc72997b061038aff7c4738bf3a38a4e4089c4c7ba9509ccee48b1447?s=96&d=mm&r=g","caption":"El Economista"},"url":"https:\/\/fuentesfidedignas.com.mx\/index.php\/author\/economista\/"}]}},"_links":{"self":[{"href":"https:\/\/fuentesfidedignas.com.mx\/index.php\/wp-json\/wp\/v2\/posts\/141316","targetHints":{"allow":["GET"]}}],"collection":[{"href":"https:\/\/fuentesfidedignas.com.mx\/index.php\/wp-json\/wp\/v2\/posts"}],"about":[{"href":"https:\/\/fuentesfidedignas.com.mx\/index.php\/wp-json\/wp\/v2\/types\/post"}],"author":[{"embeddable":true,"href":"https:\/\/fuentesfidedignas.com.mx\/index.php\/wp-json\/wp\/v2\/users\/44"}],"replies":[{"embeddable":true,"href":"https:\/\/fuentesfidedignas.com.mx\/index.php\/wp-json\/wp\/v2\/comments?post=141316"}],"version-history":[{"count":1,"href":"https:\/\/fuentesfidedignas.com.mx\/index.php\/wp-json\/wp\/v2\/posts\/141316\/revisions"}],"predecessor-version":[{"id":141318,"href":"https:\/\/fuentesfidedignas.com.mx\/index.php\/wp-json\/wp\/v2\/posts\/141316\/revisions\/141318"}],"wp:featuredmedia":[{"embeddable":true,"href":"https:\/\/fuentesfidedignas.com.mx\/index.php\/wp-json\/wp\/v2\/media\/141317"}],"wp:attachment":[{"href":"https:\/\/fuentesfidedignas.com.mx\/index.php\/wp-json\/wp\/v2\/media?parent=141316"}],"wp:term":[{"taxonomy":"category","embeddable":true,"href":"https:\/\/fuentesfidedignas.com.mx\/index.php\/wp-json\/wp\/v2\/categories?post=141316"},{"taxonomy":"post_tag","embeddable":true,"href":"https:\/\/fuentesfidedignas.com.mx\/index.php\/wp-json\/wp\/v2\/tags?post=141316"}],"curies":[{"name":"wp","href":"https:\/\/api.w.org\/{rel}","templated":true}]}}