{"id":141305,"date":"2026-08-31T12:27:21","date_gmt":"2026-08-31T19:27:21","guid":{"rendered":"https:\/\/fuentesfidedignas.com.mx\/?p=141305"},"modified":"2026-08-31T12:27:21","modified_gmt":"2026-08-31T19:27:21","slug":"recibe-congreso-de-sinaloa-informes-de-fiscalizacion-de-la-cuenta-publica-2025-de-la-ase","status":"publish","type":"post","link":"https:\/\/fuentesfidedignas.com.mx\/index.php\/2026\/08\/31\/recibe-congreso-de-sinaloa-informes-de-fiscalizacion-de-la-cuenta-publica-2025-de-la-ase\/","title":{"rendered":"Recibe Congreso de Sinaloa informes de fiscalizaci\u00f3n de la Cuenta P\u00fablica 2025 de la ASE"},"content":{"rendered":"\n<p class=\"wp-block-paragraph\">Culiac\u00e1n, Sinaloa. A 31 de agosto de 2026.- El Congreso del Estado de Sinaloa, a trav\u00e9s de la Comisi\u00f3n de Fiscalizaci\u00f3n, recibi\u00f3 formalmente de la Auditor\u00eda Superior del Estado (ASE) el Informe General Ejecutivo y los Informes Individuales correspondientes a la revisi\u00f3n y fiscalizaci\u00f3n de la Cuenta P\u00fablica del ejercicio fiscal 2025, como parte del proceso institucional de rendici\u00f3n de cuentas y vigilancia del correcto ejercicio de los recursos p\u00fablicos.<\/p>\n\n\n\n<p class=\"wp-block-paragraph\">Durante el acto protocolario, realizado este lunes, el presidente de la Junta de Coordinaci\u00f3n Pol\u00edtica, el diputado Eligio L\u00f3pez Portillo, destac\u00f3 que la entrega de estos informes representa un paso fundamental para garantizar que los recursos p\u00fablicos sean administrados con transparencia, responsabilidad y apego a la legalidad.<\/p>\n\n\n\n<p class=\"wp-block-paragraph\">Se\u00f1al\u00f3 que el Congreso del Estado tiene la facultad y, sobre todo, el deber de revisar las cuentas p\u00fablicas de los poderes del Estado, municipios, organismos paraestatales y paramunicipales, \u00f3rganos constitucionales aut\u00f3nomos y fideicomisos, por lo que reconoci\u00f3 el trabajo realizado por la Auditor\u00eda Superior del Estado.<\/p>\n\n\n\n<p class=\"wp-block-paragraph\">\u201cLos resultados de la fiscalizaci\u00f3n no deben entenderse solamente como un procedimiento administrativo, sino como un mecanismo fundamental para fortalecer la confianza de la ciudadan\u00eda en sus instituciones\u201d, expres\u00f3.<\/p>\n\n\n\n<p class=\"wp-block-paragraph\">Por su parte, la presidenta de la Comisi\u00f3n de Fiscalizaci\u00f3n, la diputada Erika Rub\u00ed Mart\u00ednez Rodr\u00edguez, se\u00f1al\u00f3 que la recepci\u00f3n de los informes correspondientes al ejercicio fiscal 2025 constituye una etapa fundamental del proceso de rendici\u00f3n de cuentas, pero aclar\u00f3 que no representa el cierre de la revisi\u00f3n ni permite anticipar una valoraci\u00f3n definitiva sobre sus resultados.<\/p>\n\n\n\n<p class=\"wp-block-paragraph\">Explic\u00f3 que, a partir de esta entrega, la Comisi\u00f3n de Fiscalizaci\u00f3n realizar\u00e1 un an\u00e1lisis responsable y objetivo de las conclusiones t\u00e9cnicas, observaciones, recomendaciones y acciones promovidas por la ASE, manteniendo en todo momento el respeto a la autonom\u00eda t\u00e9cnica y de gesti\u00f3n del \u00f3rgano fiscalizador.<\/p>\n\n\n\n<p class=\"wp-block-paragraph\">Precis\u00f3 que el Programa Anual de Auditor\u00edas, Visitas e Inspecciones 2026 contempl\u00f3 alrededor de 259 actos de revisi\u00f3n y fiscalizaci\u00f3n relacionados con el ejercicio fiscal 2025, orientados a evaluar tanto el ejercicio de los recursos p\u00fablicos como el desempe\u00f1o de las instituciones.<\/p>\n\n\n\n<p class=\"wp-block-paragraph\">Mart\u00ednez Rodr\u00edguez subray\u00f3 que fiscalizar no consiste \u00fanicamente en revisar cifras y documentos, sino en verificar que los recursos p\u00fablicos hayan sido ejercidos con legalidad, eficiencia y responsabilidad, de manera que se traduzcan en resultados concretos para las y los sinaloenses.<\/p>\n\n\n\n<p class=\"wp-block-paragraph\">Asimismo, enfatiz\u00f3 que la rendici\u00f3n de cuentas continuar\u00e1 despu\u00e9s de la presentaci\u00f3n de los informes, mediante el seguimiento de las observaciones, investigaciones y acciones que correspondan hasta su conclusi\u00f3n y, en su caso, mediante la reparaci\u00f3n de cualquier da\u00f1o ocasionado al patrimonio p\u00fablico.<\/p>\n\n\n\n<p class=\"wp-block-paragraph\">En su intervenci\u00f3n, la auditora superior del Estado, la licenciada Emma Guadalupe F\u00e9lix Rivera, inform\u00f3 que, en cumplimiento de las disposiciones constitucionales y de la Ley de la Auditor\u00eda Superior del Estado de Sinaloa, se hizo entrega del Informe General Ejecutivo, los Informes Individuales del resultado de la revisi\u00f3n y fiscalizaci\u00f3n de la Cuenta P\u00fablica, as\u00ed como de los informes espec\u00edficos, revisiones y evaluaciones contempladas en el Programa Anual de Auditor\u00edas 2025.<\/p>\n\n\n\n<p class=\"wp-block-paragraph\">Detall\u00f3 que el Informe General Ejecutivo concentra los resultados de 59 informes de auditor\u00eda, de los cuales 10 corresponden a auditor\u00edas de desempe\u00f1o, 27 a auditor\u00edas financieras, dos de ellas realizadas mediante buz\u00f3n digital, 21 financieras con enfoque de desempe\u00f1o y una auditor\u00eda espec\u00edfica de tipo forense correspondiente al periodo 2024-2025.<\/p>\n\n\n\n<p class=\"wp-block-paragraph\">La titular de la ASE indic\u00f3 que la muestra auditada en el rubro de gasto p\u00fablico ascendi\u00f3 a 35 mil 353 millones 681 mil 415 pesos, lo que represent\u00f3 un incremento de 988 millones 470 mil 294 pesos respecto al a\u00f1o inmediato anterior.<\/p>\n\n\n\n<p class=\"wp-block-paragraph\">Como resultado de la fiscalizaci\u00f3n superior, se determinaron acciones por un monto total de 934 millones 758 mil 413 pesos. De esta cantidad, 697 millones 820 mil 953 pesos corresponden a recuperaciones operadas durante el desarrollo de las auditor\u00edas y en la atenci\u00f3n de las c\u00e9dulas de resultados preliminares, mientras que 236 millones 937 mil 460 pesos corresponden a un importe de probable recuperaci\u00f3n; adem\u00e1s que se emitieron 2 mil 208 acciones y 532 recomendaciones, como parte de los resultados derivados de los trabajos de fiscalizaci\u00f3n.<\/p>\n\n\n\n<p class=\"wp-block-paragraph\">A estos trabajos se sumaron 22 estudios de endeudamiento al Gobierno del Estado y los municipios, 21 evaluaciones al desempe\u00f1o financiero municipal y 143 informes relacionados con la revisi\u00f3n de estados financieros dictaminados por despachos externos.<\/p>\n\n\n\n<p class=\"wp-block-paragraph\">Al concluir la entrega formal de los documentos, las autoridades legislativas, y de la Auditor\u00eda Superior del Estado refrendaron su compromiso de mantener una coordinaci\u00f3n institucional, respetuosa y transparente, con el objetivo de fortalecer los mecanismos de rendici\u00f3n de cuentas y contribuir a que los recursos p\u00fablicos sean ejercidos con eficacia, responsabilidad y sentido social.<\/p>\n\n\n\n<p class=\"wp-block-paragraph\">En esta reuni\u00f3n estuvieron presentes los dem\u00e1s integrantes de la Comisi\u00f3n de Fiscalizaci\u00f3n, la diputada Roxana Rubio Valdez, quien es secretaria de la misma; la diputada Karla Daniela Ulloa Rodr\u00edguez y el diputado V\u00edctor Antonio Corrales Burgue\u00f1o; adem\u00e1s del presidente de la Mesa Directiva, el diputado Juan Diego Aranzubia Iturrios.<\/p>\n","protected":false},"excerpt":{"rendered":"<p>Culiac\u00e1n, Sinaloa. A 31 de agosto de 2026.- El Congreso del Estado de Sinaloa, a trav\u00e9s de la Comisi\u00f3n de Fiscalizaci\u00f3n, recibi\u00f3 formalmente de la Auditor\u00eda Superior del Estado (ASE) el Informe General Ejecutivo y los Informes Individuales correspondientes a la revisi\u00f3n y fiscalizaci\u00f3n de la Cuenta P\u00fablica del ejercicio fiscal 2025, como parte del [&hellip;]<\/p>\n","protected":false},"author":4,"featured_media":141304,"comment_status":"closed","ping_status":"open","sticky":false,"template":"","format":"standard","meta":{"tdm_status":"","tdm_grid_status":"","footnotes":""},"categories":[38],"tags":[],"class_list":["post-141305","post","type-post","status-publish","format-standard","has-post-thumbnail","category-noticias-locales"],"yoast_head":"<!-- This site is optimized with the Yoast SEO plugin v28.3 - https:\/\/yoast.com\/product\/yoast-seo-wordpress\/ -->\n<title>Recibe Congreso de Sinaloa informes de fiscalizaci\u00f3n de la Cuenta P\u00fablica 2025 de la ASE - Fuentes Fidedignas<\/title>\n<meta name=\"robots\" content=\"index, follow, max-snippet:-1, max-image-preview:large, max-video-preview:-1\" \/>\n<link rel=\"canonical\" href=\"https:\/\/fuentesfidedignas.com.mx\/index.php\/2026\/08\/31\/recibe-congreso-de-sinaloa-informes-de-fiscalizacion-de-la-cuenta-publica-2025-de-la-ase\/\" \/>\n<meta property=\"og:locale\" content=\"es_MX\" \/>\n<meta property=\"og:type\" content=\"article\" \/>\n<meta property=\"og:title\" content=\"Recibe Congreso de Sinaloa informes de fiscalizaci\u00f3n de la Cuenta P\u00fablica 2025 de la ASE - Fuentes Fidedignas\" \/>\n<meta property=\"og:description\" content=\"Culiac\u00e1n, Sinaloa. A 31 de agosto de 2026.- El Congreso del Estado de Sinaloa, a trav\u00e9s de la Comisi\u00f3n de Fiscalizaci\u00f3n, recibi\u00f3 formalmente de la Auditor\u00eda Superior del Estado (ASE) el Informe General Ejecutivo y los Informes Individuales correspondientes a la revisi\u00f3n y fiscalizaci\u00f3n de la Cuenta P\u00fablica del ejercicio fiscal 2025, como parte del [&hellip;]\" \/>\n<meta property=\"og:url\" content=\"https:\/\/fuentesfidedignas.com.mx\/index.php\/2026\/08\/31\/recibe-congreso-de-sinaloa-informes-de-fiscalizacion-de-la-cuenta-publica-2025-de-la-ase\/\" \/>\n<meta property=\"og:site_name\" content=\"Fuentes Fidedignas\" \/>\n<meta property=\"article:publisher\" content=\"https:\/\/www.facebook.com\/Fuentes-Fidedignas-368234489921644\" \/>\n<meta property=\"article:published_time\" content=\"2026-08-31T19:27:21+00:00\" \/>\n<meta property=\"og:image\" content=\"https:\/\/fuentesfidedignas.com.mx\/wp-content\/uploads\/2026\/08\/5a7e06f2-3a4e-49f1-b649-decf99a3d257.jpeg\" \/>\n\t<meta property=\"og:image:width\" content=\"1600\" \/>\n\t<meta property=\"og:image:height\" content=\"1070\" \/>\n\t<meta property=\"og:image:type\" content=\"image\/jpeg\" \/>\n<meta name=\"author\" content=\"Redacci\u00f3n\" \/>\n<meta name=\"twitter:card\" content=\"summary_large_image\" \/>\n<meta name=\"twitter:creator\" content=\"@fidedignas\" \/>\n<meta name=\"twitter:site\" content=\"@fidedignas\" \/>\n<meta name=\"twitter:label1\" content=\"Escrito por\" \/>\n\t<meta name=\"twitter:data1\" content=\"Redacci\u00f3n\" \/>\n\t<meta name=\"twitter:label2\" content=\"Tiempo de lectura\" \/>\n\t<meta name=\"twitter:data2\" content=\"4 minutos\" \/>\n<script type=\"application\/ld+json\" class=\"yoast-schema-graph\">{\"@context\":\"https:\\\/\\\/schema.org\",\"@graph\":[{\"@type\":\"Article\",\"@id\":\"https:\\\/\\\/fuentesfidedignas.com.mx\\\/index.php\\\/2026\\\/08\\\/31\\\/recibe-congreso-de-sinaloa-informes-de-fiscalizacion-de-la-cuenta-publica-2025-de-la-ase\\\/#article\",\"isPartOf\":{\"@id\":\"https:\\\/\\\/fuentesfidedignas.com.mx\\\/index.php\\\/2026\\\/08\\\/31\\\/recibe-congreso-de-sinaloa-informes-de-fiscalizacion-de-la-cuenta-publica-2025-de-la-ase\\\/\"},\"author\":{\"name\":\"Redacci\u00f3n\",\"@id\":\"https:\\\/\\\/fuentesfidedignas.com.mx\\\/#\\\/schema\\\/person\\\/331be9283d37198e2acd5750279085b0\"},\"headline\":\"Recibe Congreso de Sinaloa informes de fiscalizaci\u00f3n de la Cuenta P\u00fablica 2025 de la ASE\",\"datePublished\":\"2026-08-31T19:27:21+00:00\",\"mainEntityOfPage\":{\"@id\":\"https:\\\/\\\/fuentesfidedignas.com.mx\\\/index.php\\\/2026\\\/08\\\/31\\\/recibe-congreso-de-sinaloa-informes-de-fiscalizacion-de-la-cuenta-publica-2025-de-la-ase\\\/\"},\"wordCount\":887,\"publisher\":{\"@id\":\"https:\\\/\\\/fuentesfidedignas.com.mx\\\/#organization\"},\"image\":{\"@id\":\"https:\\\/\\\/fuentesfidedignas.com.mx\\\/index.php\\\/2026\\\/08\\\/31\\\/recibe-congreso-de-sinaloa-informes-de-fiscalizacion-de-la-cuenta-publica-2025-de-la-ase\\\/#primaryimage\"},\"thumbnailUrl\":\"https:\\\/\\\/fuentesfidedignas.com.mx\\\/wp-content\\\/uploads\\\/2026\\\/08\\\/5a7e06f2-3a4e-49f1-b649-decf99a3d257.jpeg\",\"articleSection\":[\"NOTICIAS LOCALES\"],\"inLanguage\":\"es\"},{\"@type\":\"WebPage\",\"@id\":\"https:\\\/\\\/fuentesfidedignas.com.mx\\\/index.php\\\/2026\\\/08\\\/31\\\/recibe-congreso-de-sinaloa-informes-de-fiscalizacion-de-la-cuenta-publica-2025-de-la-ase\\\/\",\"url\":\"https:\\\/\\\/fuentesfidedignas.com.mx\\\/index.php\\\/2026\\\/08\\\/31\\\/recibe-congreso-de-sinaloa-informes-de-fiscalizacion-de-la-cuenta-publica-2025-de-la-ase\\\/\",\"name\":\"Recibe Congreso de Sinaloa informes de fiscalizaci\u00f3n de la Cuenta P\u00fablica 2025 de la ASE - Fuentes Fidedignas\",\"isPartOf\":{\"@id\":\"https:\\\/\\\/fuentesfidedignas.com.mx\\\/#website\"},\"primaryImageOfPage\":{\"@id\":\"https:\\\/\\\/fuentesfidedignas.com.mx\\\/index.php\\\/2026\\\/08\\\/31\\\/recibe-congreso-de-sinaloa-informes-de-fiscalizacion-de-la-cuenta-publica-2025-de-la-ase\\\/#primaryimage\"},\"image\":{\"@id\":\"https:\\\/\\\/fuentesfidedignas.com.mx\\\/index.php\\\/2026\\\/08\\\/31\\\/recibe-congreso-de-sinaloa-informes-de-fiscalizacion-de-la-cuenta-publica-2025-de-la-ase\\\/#primaryimage\"},\"thumbnailUrl\":\"https:\\\/\\\/fuentesfidedignas.com.mx\\\/wp-content\\\/uploads\\\/2026\\\/08\\\/5a7e06f2-3a4e-49f1-b649-decf99a3d257.jpeg\",\"datePublished\":\"2026-08-31T19:27:21+00:00\",\"breadcrumb\":{\"@id\":\"https:\\\/\\\/fuentesfidedignas.com.mx\\\/index.php\\\/2026\\\/08\\\/31\\\/recibe-congreso-de-sinaloa-informes-de-fiscalizacion-de-la-cuenta-publica-2025-de-la-ase\\\/#breadcrumb\"},\"inLanguage\":\"es\",\"potentialAction\":[{\"@type\":\"ReadAction\",\"target\":[\"https:\\\/\\\/fuentesfidedignas.com.mx\\\/index.php\\\/2026\\\/08\\\/31\\\/recibe-congreso-de-sinaloa-informes-de-fiscalizacion-de-la-cuenta-publica-2025-de-la-ase\\\/\"]}]},{\"@type\":\"ImageObject\",\"inLanguage\":\"es\",\"@id\":\"https:\\\/\\\/fuentesfidedignas.com.mx\\\/index.php\\\/2026\\\/08\\\/31\\\/recibe-congreso-de-sinaloa-informes-de-fiscalizacion-de-la-cuenta-publica-2025-de-la-ase\\\/#primaryimage\",\"url\":\"https:\\\/\\\/fuentesfidedignas.com.mx\\\/wp-content\\\/uploads\\\/2026\\\/08\\\/5a7e06f2-3a4e-49f1-b649-decf99a3d257.jpeg\",\"contentUrl\":\"https:\\\/\\\/fuentesfidedignas.com.mx\\\/wp-content\\\/uploads\\\/2026\\\/08\\\/5a7e06f2-3a4e-49f1-b649-decf99a3d257.jpeg\",\"width\":1600,\"height\":1070},{\"@type\":\"BreadcrumbList\",\"@id\":\"https:\\\/\\\/fuentesfidedignas.com.mx\\\/index.php\\\/2026\\\/08\\\/31\\\/recibe-congreso-de-sinaloa-informes-de-fiscalizacion-de-la-cuenta-publica-2025-de-la-ase\\\/#breadcrumb\",\"itemListElement\":[{\"@type\":\"ListItem\",\"position\":1,\"name\":\"Inicio\",\"item\":\"https:\\\/\\\/fuentesfidedignas.com.mx\\\/\"},{\"@type\":\"ListItem\",\"position\":2,\"name\":\"Recibe Congreso de Sinaloa informes de fiscalizaci\u00f3n de la Cuenta P\u00fablica 2025 de la ASE\"}]},{\"@type\":\"WebSite\",\"@id\":\"https:\\\/\\\/fuentesfidedignas.com.mx\\\/#website\",\"url\":\"https:\\\/\\\/fuentesfidedignas.com.mx\\\/\",\"name\":\"Fuentes Fidedignas\",\"description\":\"Otro sitio realizado con WordPress\",\"publisher\":{\"@id\":\"https:\\\/\\\/fuentesfidedignas.com.mx\\\/#organization\"},\"potentialAction\":[{\"@type\":\"SearchAction\",\"target\":{\"@type\":\"EntryPoint\",\"urlTemplate\":\"https:\\\/\\\/fuentesfidedignas.com.mx\\\/?s={search_term_string}\"},\"query-input\":{\"@type\":\"PropertyValueSpecification\",\"valueRequired\":true,\"valueName\":\"search_term_string\"}}],\"inLanguage\":\"es\"},{\"@type\":\"Organization\",\"@id\":\"https:\\\/\\\/fuentesfidedignas.com.mx\\\/#organization\",\"name\":\"Fuentes Fidedignas\",\"url\":\"https:\\\/\\\/fuentesfidedignas.com.mx\\\/\",\"logo\":{\"@type\":\"ImageObject\",\"inLanguage\":\"es\",\"@id\":\"https:\\\/\\\/fuentesfidedignas.com.mx\\\/#\\\/schema\\\/logo\\\/image\\\/\",\"url\":\"https:\\\/\\\/fuentesfidedignas.com.mx\\\/wp-content\\\/uploads\\\/2021\\\/04\\\/logo-retina.png\",\"contentUrl\":\"https:\\\/\\\/fuentesfidedignas.com.mx\\\/wp-content\\\/uploads\\\/2021\\\/04\\\/logo-retina.png\",\"width\":280,\"height\":51,\"caption\":\"Fuentes Fidedignas\"},\"image\":{\"@id\":\"https:\\\/\\\/fuentesfidedignas.com.mx\\\/#\\\/schema\\\/logo\\\/image\\\/\"},\"sameAs\":[\"https:\\\/\\\/www.facebook.com\\\/Fuentes-Fidedignas-368234489921644\",\"https:\\\/\\\/x.com\\\/fidedignas\"]},{\"@type\":\"Person\",\"@id\":\"https:\\\/\\\/fuentesfidedignas.com.mx\\\/#\\\/schema\\\/person\\\/331be9283d37198e2acd5750279085b0\",\"name\":\"Redacci\u00f3n\",\"image\":{\"@type\":\"ImageObject\",\"inLanguage\":\"es\",\"@id\":\"https:\\\/\\\/secure.gravatar.com\\\/avatar\\\/f6d8782c11d12b2d4ad3fbb6931aeab5309937a4d6cd2fc9cfaa28a6396a5aec?s=96&d=mm&r=g\",\"url\":\"https:\\\/\\\/secure.gravatar.com\\\/avatar\\\/f6d8782c11d12b2d4ad3fbb6931aeab5309937a4d6cd2fc9cfaa28a6396a5aec?s=96&d=mm&r=g\",\"contentUrl\":\"https:\\\/\\\/secure.gravatar.com\\\/avatar\\\/f6d8782c11d12b2d4ad3fbb6931aeab5309937a4d6cd2fc9cfaa28a6396a5aec?s=96&d=mm&r=g\",\"caption\":\"Redacci\u00f3n\"},\"url\":\"https:\\\/\\\/fuentesfidedignas.com.mx\\\/index.php\\\/author\\\/redaccion\\\/\"}]}<\/script>\n<!-- \/ Yoast SEO plugin. -->","yoast_head_json":{"title":"Recibe Congreso de Sinaloa informes de fiscalizaci\u00f3n de la Cuenta P\u00fablica 2025 de la ASE - Fuentes Fidedignas","robots":{"index":"index","follow":"follow","max-snippet":"max-snippet:-1","max-image-preview":"max-image-preview:large","max-video-preview":"max-video-preview:-1"},"canonical":"https:\/\/fuentesfidedignas.com.mx\/index.php\/2026\/08\/31\/recibe-congreso-de-sinaloa-informes-de-fiscalizacion-de-la-cuenta-publica-2025-de-la-ase\/","og_locale":"es_MX","og_type":"article","og_title":"Recibe Congreso de Sinaloa informes de fiscalizaci\u00f3n de la Cuenta P\u00fablica 2025 de la ASE - Fuentes Fidedignas","og_description":"Culiac\u00e1n, Sinaloa. A 31 de agosto de 2026.- El Congreso del Estado de Sinaloa, a trav\u00e9s de la Comisi\u00f3n de Fiscalizaci\u00f3n, recibi\u00f3 formalmente de la Auditor\u00eda Superior del Estado (ASE) el Informe General Ejecutivo y los Informes Individuales correspondientes a la revisi\u00f3n y fiscalizaci\u00f3n de la Cuenta P\u00fablica del ejercicio fiscal 2025, como parte del [&hellip;]","og_url":"https:\/\/fuentesfidedignas.com.mx\/index.php\/2026\/08\/31\/recibe-congreso-de-sinaloa-informes-de-fiscalizacion-de-la-cuenta-publica-2025-de-la-ase\/","og_site_name":"Fuentes Fidedignas","article_publisher":"https:\/\/www.facebook.com\/Fuentes-Fidedignas-368234489921644","article_published_time":"2026-08-31T19:27:21+00:00","og_image":[{"width":1600,"height":1070,"url":"https:\/\/fuentesfidedignas.com.mx\/wp-content\/uploads\/2026\/08\/5a7e06f2-3a4e-49f1-b649-decf99a3d257.jpeg","type":"image\/jpeg"}],"author":"Redacci\u00f3n","twitter_card":"summary_large_image","twitter_creator":"@fidedignas","twitter_site":"@fidedignas","twitter_misc":{"Escrito por":"Redacci\u00f3n","Tiempo de lectura":"4 minutos"},"schema":{"@context":"https:\/\/schema.org","@graph":[{"@type":"Article","@id":"https:\/\/fuentesfidedignas.com.mx\/index.php\/2026\/08\/31\/recibe-congreso-de-sinaloa-informes-de-fiscalizacion-de-la-cuenta-publica-2025-de-la-ase\/#article","isPartOf":{"@id":"https:\/\/fuentesfidedignas.com.mx\/index.php\/2026\/08\/31\/recibe-congreso-de-sinaloa-informes-de-fiscalizacion-de-la-cuenta-publica-2025-de-la-ase\/"},"author":{"name":"Redacci\u00f3n","@id":"https:\/\/fuentesfidedignas.com.mx\/#\/schema\/person\/331be9283d37198e2acd5750279085b0"},"headline":"Recibe Congreso de Sinaloa informes de fiscalizaci\u00f3n de la Cuenta P\u00fablica 2025 de la ASE","datePublished":"2026-08-31T19:27:21+00:00","mainEntityOfPage":{"@id":"https:\/\/fuentesfidedignas.com.mx\/index.php\/2026\/08\/31\/recibe-congreso-de-sinaloa-informes-de-fiscalizacion-de-la-cuenta-publica-2025-de-la-ase\/"},"wordCount":887,"publisher":{"@id":"https:\/\/fuentesfidedignas.com.mx\/#organization"},"image":{"@id":"https:\/\/fuentesfidedignas.com.mx\/index.php\/2026\/08\/31\/recibe-congreso-de-sinaloa-informes-de-fiscalizacion-de-la-cuenta-publica-2025-de-la-ase\/#primaryimage"},"thumbnailUrl":"https:\/\/fuentesfidedignas.com.mx\/wp-content\/uploads\/2026\/08\/5a7e06f2-3a4e-49f1-b649-decf99a3d257.jpeg","articleSection":["NOTICIAS LOCALES"],"inLanguage":"es"},{"@type":"WebPage","@id":"https:\/\/fuentesfidedignas.com.mx\/index.php\/2026\/08\/31\/recibe-congreso-de-sinaloa-informes-de-fiscalizacion-de-la-cuenta-publica-2025-de-la-ase\/","url":"https:\/\/fuentesfidedignas.com.mx\/index.php\/2026\/08\/31\/recibe-congreso-de-sinaloa-informes-de-fiscalizacion-de-la-cuenta-publica-2025-de-la-ase\/","name":"Recibe Congreso de Sinaloa informes de fiscalizaci\u00f3n de la Cuenta P\u00fablica 2025 de la ASE - Fuentes Fidedignas","isPartOf":{"@id":"https:\/\/fuentesfidedignas.com.mx\/#website"},"primaryImageOfPage":{"@id":"https:\/\/fuentesfidedignas.com.mx\/index.php\/2026\/08\/31\/recibe-congreso-de-sinaloa-informes-de-fiscalizacion-de-la-cuenta-publica-2025-de-la-ase\/#primaryimage"},"image":{"@id":"https:\/\/fuentesfidedignas.com.mx\/index.php\/2026\/08\/31\/recibe-congreso-de-sinaloa-informes-de-fiscalizacion-de-la-cuenta-publica-2025-de-la-ase\/#primaryimage"},"thumbnailUrl":"https:\/\/fuentesfidedignas.com.mx\/wp-content\/uploads\/2026\/08\/5a7e06f2-3a4e-49f1-b649-decf99a3d257.jpeg","datePublished":"2026-08-31T19:27:21+00:00","breadcrumb":{"@id":"https:\/\/fuentesfidedignas.com.mx\/index.php\/2026\/08\/31\/recibe-congreso-de-sinaloa-informes-de-fiscalizacion-de-la-cuenta-publica-2025-de-la-ase\/#breadcrumb"},"inLanguage":"es","potentialAction":[{"@type":"ReadAction","target":["https:\/\/fuentesfidedignas.com.mx\/index.php\/2026\/08\/31\/recibe-congreso-de-sinaloa-informes-de-fiscalizacion-de-la-cuenta-publica-2025-de-la-ase\/"]}]},{"@type":"ImageObject","inLanguage":"es","@id":"https:\/\/fuentesfidedignas.com.mx\/index.php\/2026\/08\/31\/recibe-congreso-de-sinaloa-informes-de-fiscalizacion-de-la-cuenta-publica-2025-de-la-ase\/#primaryimage","url":"https:\/\/fuentesfidedignas.com.mx\/wp-content\/uploads\/2026\/08\/5a7e06f2-3a4e-49f1-b649-decf99a3d257.jpeg","contentUrl":"https:\/\/fuentesfidedignas.com.mx\/wp-content\/uploads\/2026\/08\/5a7e06f2-3a4e-49f1-b649-decf99a3d257.jpeg","width":1600,"height":1070},{"@type":"BreadcrumbList","@id":"https:\/\/fuentesfidedignas.com.mx\/index.php\/2026\/08\/31\/recibe-congreso-de-sinaloa-informes-de-fiscalizacion-de-la-cuenta-publica-2025-de-la-ase\/#breadcrumb","itemListElement":[{"@type":"ListItem","position":1,"name":"Inicio","item":"https:\/\/fuentesfidedignas.com.mx\/"},{"@type":"ListItem","position":2,"name":"Recibe Congreso de Sinaloa informes de fiscalizaci\u00f3n de la Cuenta P\u00fablica 2025 de la ASE"}]},{"@type":"WebSite","@id":"https:\/\/fuentesfidedignas.com.mx\/#website","url":"https:\/\/fuentesfidedignas.com.mx\/","name":"Fuentes Fidedignas","description":"Otro sitio realizado con WordPress","publisher":{"@id":"https:\/\/fuentesfidedignas.com.mx\/#organization"},"potentialAction":[{"@type":"SearchAction","target":{"@type":"EntryPoint","urlTemplate":"https:\/\/fuentesfidedignas.com.mx\/?s={search_term_string}"},"query-input":{"@type":"PropertyValueSpecification","valueRequired":true,"valueName":"search_term_string"}}],"inLanguage":"es"},{"@type":"Organization","@id":"https:\/\/fuentesfidedignas.com.mx\/#organization","name":"Fuentes Fidedignas","url":"https:\/\/fuentesfidedignas.com.mx\/","logo":{"@type":"ImageObject","inLanguage":"es","@id":"https:\/\/fuentesfidedignas.com.mx\/#\/schema\/logo\/image\/","url":"https:\/\/fuentesfidedignas.com.mx\/wp-content\/uploads\/2021\/04\/logo-retina.png","contentUrl":"https:\/\/fuentesfidedignas.com.mx\/wp-content\/uploads\/2021\/04\/logo-retina.png","width":280,"height":51,"caption":"Fuentes Fidedignas"},"image":{"@id":"https:\/\/fuentesfidedignas.com.mx\/#\/schema\/logo\/image\/"},"sameAs":["https:\/\/www.facebook.com\/Fuentes-Fidedignas-368234489921644","https:\/\/x.com\/fidedignas"]},{"@type":"Person","@id":"https:\/\/fuentesfidedignas.com.mx\/#\/schema\/person\/331be9283d37198e2acd5750279085b0","name":"Redacci\u00f3n","image":{"@type":"ImageObject","inLanguage":"es","@id":"https:\/\/secure.gravatar.com\/avatar\/f6d8782c11d12b2d4ad3fbb6931aeab5309937a4d6cd2fc9cfaa28a6396a5aec?s=96&d=mm&r=g","url":"https:\/\/secure.gravatar.com\/avatar\/f6d8782c11d12b2d4ad3fbb6931aeab5309937a4d6cd2fc9cfaa28a6396a5aec?s=96&d=mm&r=g","contentUrl":"https:\/\/secure.gravatar.com\/avatar\/f6d8782c11d12b2d4ad3fbb6931aeab5309937a4d6cd2fc9cfaa28a6396a5aec?s=96&d=mm&r=g","caption":"Redacci\u00f3n"},"url":"https:\/\/fuentesfidedignas.com.mx\/index.php\/author\/redaccion\/"}]}},"_links":{"self":[{"href":"https:\/\/fuentesfidedignas.com.mx\/index.php\/wp-json\/wp\/v2\/posts\/141305","targetHints":{"allow":["GET"]}}],"collection":[{"href":"https:\/\/fuentesfidedignas.com.mx\/index.php\/wp-json\/wp\/v2\/posts"}],"about":[{"href":"https:\/\/fuentesfidedignas.com.mx\/index.php\/wp-json\/wp\/v2\/types\/post"}],"author":[{"embeddable":true,"href":"https:\/\/fuentesfidedignas.com.mx\/index.php\/wp-json\/wp\/v2\/users\/4"}],"replies":[{"embeddable":true,"href":"https:\/\/fuentesfidedignas.com.mx\/index.php\/wp-json\/wp\/v2\/comments?post=141305"}],"version-history":[{"count":1,"href":"https:\/\/fuentesfidedignas.com.mx\/index.php\/wp-json\/wp\/v2\/posts\/141305\/revisions"}],"predecessor-version":[{"id":141306,"href":"https:\/\/fuentesfidedignas.com.mx\/index.php\/wp-json\/wp\/v2\/posts\/141305\/revisions\/141306"}],"wp:featuredmedia":[{"embeddable":true,"href":"https:\/\/fuentesfidedignas.com.mx\/index.php\/wp-json\/wp\/v2\/media\/141304"}],"wp:attachment":[{"href":"https:\/\/fuentesfidedignas.com.mx\/index.php\/wp-json\/wp\/v2\/media?parent=141305"}],"wp:term":[{"taxonomy":"category","embeddable":true,"href":"https:\/\/fuentesfidedignas.com.mx\/index.php\/wp-json\/wp\/v2\/categories?post=141305"},{"taxonomy":"post_tag","embeddable":true,"href":"https:\/\/fuentesfidedignas.com.mx\/index.php\/wp-json\/wp\/v2\/tags?post=141305"}],"curies":[{"name":"wp","href":"https:\/\/api.w.org\/{rel}","templated":true}]}}