{"id":141296,"date":"2026-08-31T11:40:09","date_gmt":"2026-08-31T18:40:09","guid":{"rendered":"https:\/\/fuentesfidedignas.com.mx\/?p=141296"},"modified":"2026-08-31T11:40:09","modified_gmt":"2026-08-31T18:40:09","slug":"sinaloa-tiene-talento-para-volver-a-brillar-en-el-taekwondo-nacional-rene-lizarraga","status":"publish","type":"post","link":"https:\/\/fuentesfidedignas.com.mx\/index.php\/2026\/08\/31\/sinaloa-tiene-talento-para-volver-a-brillar-en-el-taekwondo-nacional-rene-lizarraga\/","title":{"rendered":"Sinaloa tiene talento para volver a brillar en el taekwondo nacional: Ren\u00e9 Liz\u00e1rraga"},"content":{"rendered":"\n<p class=\"wp-block-paragraph\">Culiac\u00e1n , Sinaloa .- Con el objetivo de fortalecer la formaci\u00f3n de nuevos talentos y brindar herramientas t\u00e9cnicas y competitivas a atletas y entrenadores, el profesor Ren\u00e9 Liz\u00e1rraga Valenzuela, entrenador de la Selecci\u00f3n Nacional de Taekwondo de M\u00e9xico, se encuentra en Culiac\u00e1n para impartir, este fin de semana, el Seminario de Desarrollo T\u00e9cnico y Competitivo de Combate 2026.<\/p>\n\n\n\n<p class=\"wp-block-paragraph\">Liz\u00e1rraga Valenzuela destac\u00f3 la importancia de generar espacios de capacitaci\u00f3n que permitan identificar a las nuevas generaciones de taekwondo\u00ednes sinaloenses y acompa\u00f1arlos en un proceso formativo que pueda llevarlos a cumplir metas deportivas de alto nivel.<\/p>\n\n\n\n<p class=\"wp-block-paragraph\">\u201cEs mucho para apoyar a los nuevos talentos, poder identificarlos y, sobre todo, poderles dar esa gu\u00eda\u201d, se\u00f1al\u00f3 el entrenador nacional, quien explic\u00f3 que el seminario tambi\u00e9n contempla el trabajo con profesores, con la intenci\u00f3n de compartir tendencias, sistemas y herramientas que puedan adaptarse al contexto que vive actualmente el taekwondo en Sinaloa.<\/p>\n\n\n\n<p class=\"wp-block-paragraph\">El sonorense reconoci\u00f3 adem\u00e1s la calidad del talento que existe en la entidad y resalt\u00f3 que Sinaloa contin\u00faa siendo uno de los estados protagonistas dentro del taekwondo mexicano.<\/p>\n\n\n\n<p class=\"wp-block-paragraph\">\u201cSinaloa sigue estando en el mapa, pero pienso que tiene mucha madera para dar m\u00e1s todav\u00eda\u201d, afirm\u00f3.<\/p>\n\n\n\n<p class=\"wp-block-paragraph\">En ese sentido, record\u00f3 que de Sinaloa han surgido grandes exponentes de la disciplina, entre ellos Mar\u00eda del Rosario Espinoza, Briseida Acosta e Itzel Manjarrez, atletas que dejaron huella en escenarios nacionales e internacionales y que representan un referente para las nuevas generaciones.<\/p>\n\n\n\n<p class=\"wp-block-paragraph\">Para Liz\u00e1rraga Valenzuela, el reto ahora es identificar a los nuevos talentos y acompa\u00f1arlos en su desarrollo para que eventualmente puedan alcanzar resultados similares y volver a colocar a atletas sinaloenses en las grandes competencias internacionales.<\/p>\n\n\n\n<p class=\"wp-block-paragraph\">El entrenador de la Selecci\u00f3n Nacional tambi\u00e9n habl\u00f3 de la rivalidad deportiva que hist\u00f3ricamente ha existido entre Sonora y Sinaloa, particularmente en las competencias regionales, al recordar que ambos estados han sido protagonistas y rivales a vencer.<\/p>\n\n\n\n<p class=\"wp-block-paragraph\">\u201cYo soy de Sonora y siempre hubo esa\u2026 en Olimpiadas Estatales, Regionales, siempre estaba Sinaloa y eran como los rivales a vencer\u201d, coment\u00f3.<\/p>\n\n\n\n<p class=\"wp-block-paragraph\">Por ello, consider\u00f3 especial regresar a Sinaloa, al tratarse de una entidad vecina y de una regi\u00f3n que conoce ampliamente por la calidad de sus atletas.<\/p>\n\n\n\n<p class=\"wp-block-paragraph\">Liz\u00e1rraga Valenzuela se\u00f1al\u00f3 que uno de los objetivos de este tipo de encuentros es establecer un seguimiento constante que permita detectar y desarrollar a los deportistas con potencial para integrar en el futuro las selecciones nacionales.<\/p>\n\n\n\n<p class=\"wp-block-paragraph\">\u201cOjal\u00e1\u201d, respondi\u00f3 al ser cuestionado sobre la posibilidad de que esta capacitaci\u00f3n contribuya a que m\u00e1s sinaloenses lleguen a la Selecci\u00f3n Nacional, aunque aclar\u00f3 que se trata de un proceso que requiere tiempo, paciencia y seguimiento.<\/p>\n\n\n\n<p class=\"wp-block-paragraph\">El entrenador manifest\u00f3 su deseo de volver a ver a taekwondo\u00ednes sinaloenses representando a M\u00e9xico en Juegos Ol\u00edmpicos, Campeonatos Mundiales y Juegos Centroamericanos, entre otras competencias internacionales.<\/p>\n\n\n\n<p class=\"wp-block-paragraph\">Finalmente, reconoci\u00f3 la visi\u00f3n y el proyecto impulsado por el presidente Alberto y su equipo de colaboradores, se\u00f1alando que existe disposici\u00f3n para trabajar de manera conjunta y aportar al crecimiento del taekwondo sinaloense.<\/p>\n\n\n\n<p class=\"wp-block-paragraph\">Con este seminario, Culiac\u00e1n se convierte en punto de encuentro para atletas y entrenadores que buscan fortalecer sus conocimientos y elevar el nivel competitivo de una disciplina que hist\u00f3ricamente ha colocado a Sinaloa entre los principales referentes del taekwondo mexicano.<\/p>\n","protected":false},"excerpt":{"rendered":"<p>Culiac\u00e1n , Sinaloa .- Con el objetivo de fortalecer la formaci\u00f3n de nuevos talentos y brindar herramientas t\u00e9cnicas y competitivas a atletas y entrenadores, el profesor Ren\u00e9 Liz\u00e1rraga Valenzuela, entrenador de la Selecci\u00f3n Nacional de Taekwondo de M\u00e9xico, se encuentra en Culiac\u00e1n para impartir, este fin de semana, el Seminario de Desarrollo T\u00e9cnico y Competitivo [&hellip;]<\/p>\n","protected":false},"author":4,"featured_media":141295,"comment_status":"closed","ping_status":"open","sticky":false,"template":"","format":"standard","meta":{"tdm_status":"","tdm_grid_status":"","footnotes":""},"categories":[38],"tags":[],"class_list":["post-141296","post","type-post","status-publish","format-standard","has-post-thumbnail","category-noticias-locales"],"yoast_head":"<!-- This site is optimized with the Yoast SEO plugin v28.3 - https:\/\/yoast.com\/product\/yoast-seo-wordpress\/ -->\n<title>Sinaloa tiene talento para volver a brillar en el taekwondo nacional: Ren\u00e9 Liz\u00e1rraga - Fuentes Fidedignas<\/title>\n<meta name=\"robots\" content=\"index, follow, max-snippet:-1, max-image-preview:large, max-video-preview:-1\" \/>\n<link rel=\"canonical\" href=\"https:\/\/fuentesfidedignas.com.mx\/index.php\/2026\/08\/31\/sinaloa-tiene-talento-para-volver-a-brillar-en-el-taekwondo-nacional-rene-lizarraga\/\" \/>\n<meta property=\"og:locale\" content=\"es_MX\" \/>\n<meta property=\"og:type\" content=\"article\" \/>\n<meta property=\"og:title\" content=\"Sinaloa tiene talento para volver a brillar en el taekwondo nacional: Ren\u00e9 Liz\u00e1rraga - Fuentes Fidedignas\" \/>\n<meta property=\"og:description\" content=\"Culiac\u00e1n , Sinaloa .- Con el objetivo de fortalecer la formaci\u00f3n de nuevos talentos y brindar herramientas t\u00e9cnicas y competitivas a atletas y entrenadores, el profesor Ren\u00e9 Liz\u00e1rraga Valenzuela, entrenador de la Selecci\u00f3n Nacional de Taekwondo de M\u00e9xico, se encuentra en Culiac\u00e1n para impartir, este fin de semana, el Seminario de Desarrollo T\u00e9cnico y Competitivo [&hellip;]\" \/>\n<meta property=\"og:url\" content=\"https:\/\/fuentesfidedignas.com.mx\/index.php\/2026\/08\/31\/sinaloa-tiene-talento-para-volver-a-brillar-en-el-taekwondo-nacional-rene-lizarraga\/\" \/>\n<meta property=\"og:site_name\" content=\"Fuentes Fidedignas\" \/>\n<meta property=\"article:publisher\" content=\"https:\/\/www.facebook.com\/Fuentes-Fidedignas-368234489921644\" \/>\n<meta property=\"article:published_time\" content=\"2026-08-31T18:40:09+00:00\" \/>\n<meta property=\"og:image\" content=\"https:\/\/fuentesfidedignas.com.mx\/wp-content\/uploads\/2026\/08\/28b44cca-7186-4703-b2dc-4b0f75246332.jpeg\" \/>\n\t<meta property=\"og:image:width\" content=\"1600\" \/>\n\t<meta property=\"og:image:height\" content=\"900\" \/>\n\t<meta property=\"og:image:type\" content=\"image\/jpeg\" \/>\n<meta name=\"author\" content=\"Redacci\u00f3n\" \/>\n<meta name=\"twitter:card\" content=\"summary_large_image\" \/>\n<meta name=\"twitter:creator\" content=\"@fidedignas\" \/>\n<meta name=\"twitter:site\" content=\"@fidedignas\" \/>\n<meta name=\"twitter:label1\" content=\"Escrito por\" \/>\n\t<meta name=\"twitter:data1\" content=\"Redacci\u00f3n\" \/>\n\t<meta name=\"twitter:label2\" content=\"Tiempo de lectura\" \/>\n\t<meta name=\"twitter:data2\" content=\"3 minutos\" \/>\n<script type=\"application\/ld+json\" class=\"yoast-schema-graph\">{\"@context\":\"https:\\\/\\\/schema.org\",\"@graph\":[{\"@type\":\"Article\",\"@id\":\"https:\\\/\\\/fuentesfidedignas.com.mx\\\/index.php\\\/2026\\\/08\\\/31\\\/sinaloa-tiene-talento-para-volver-a-brillar-en-el-taekwondo-nacional-rene-lizarraga\\\/#article\",\"isPartOf\":{\"@id\":\"https:\\\/\\\/fuentesfidedignas.com.mx\\\/index.php\\\/2026\\\/08\\\/31\\\/sinaloa-tiene-talento-para-volver-a-brillar-en-el-taekwondo-nacional-rene-lizarraga\\\/\"},\"author\":{\"name\":\"Redacci\u00f3n\",\"@id\":\"https:\\\/\\\/fuentesfidedignas.com.mx\\\/#\\\/schema\\\/person\\\/331be9283d37198e2acd5750279085b0\"},\"headline\":\"Sinaloa tiene talento para volver a brillar en el taekwondo nacional: Ren\u00e9 Liz\u00e1rraga\",\"datePublished\":\"2026-08-31T18:40:09+00:00\",\"mainEntityOfPage\":{\"@id\":\"https:\\\/\\\/fuentesfidedignas.com.mx\\\/index.php\\\/2026\\\/08\\\/31\\\/sinaloa-tiene-talento-para-volver-a-brillar-en-el-taekwondo-nacional-rene-lizarraga\\\/\"},\"wordCount\":581,\"publisher\":{\"@id\":\"https:\\\/\\\/fuentesfidedignas.com.mx\\\/#organization\"},\"image\":{\"@id\":\"https:\\\/\\\/fuentesfidedignas.com.mx\\\/index.php\\\/2026\\\/08\\\/31\\\/sinaloa-tiene-talento-para-volver-a-brillar-en-el-taekwondo-nacional-rene-lizarraga\\\/#primaryimage\"},\"thumbnailUrl\":\"https:\\\/\\\/fuentesfidedignas.com.mx\\\/wp-content\\\/uploads\\\/2026\\\/08\\\/28b44cca-7186-4703-b2dc-4b0f75246332.jpeg\",\"articleSection\":[\"NOTICIAS LOCALES\"],\"inLanguage\":\"es\"},{\"@type\":\"WebPage\",\"@id\":\"https:\\\/\\\/fuentesfidedignas.com.mx\\\/index.php\\\/2026\\\/08\\\/31\\\/sinaloa-tiene-talento-para-volver-a-brillar-en-el-taekwondo-nacional-rene-lizarraga\\\/\",\"url\":\"https:\\\/\\\/fuentesfidedignas.com.mx\\\/index.php\\\/2026\\\/08\\\/31\\\/sinaloa-tiene-talento-para-volver-a-brillar-en-el-taekwondo-nacional-rene-lizarraga\\\/\",\"name\":\"Sinaloa tiene talento para volver a brillar en el taekwondo nacional: Ren\u00e9 Liz\u00e1rraga - Fuentes Fidedignas\",\"isPartOf\":{\"@id\":\"https:\\\/\\\/fuentesfidedignas.com.mx\\\/#website\"},\"primaryImageOfPage\":{\"@id\":\"https:\\\/\\\/fuentesfidedignas.com.mx\\\/index.php\\\/2026\\\/08\\\/31\\\/sinaloa-tiene-talento-para-volver-a-brillar-en-el-taekwondo-nacional-rene-lizarraga\\\/#primaryimage\"},\"image\":{\"@id\":\"https:\\\/\\\/fuentesfidedignas.com.mx\\\/index.php\\\/2026\\\/08\\\/31\\\/sinaloa-tiene-talento-para-volver-a-brillar-en-el-taekwondo-nacional-rene-lizarraga\\\/#primaryimage\"},\"thumbnailUrl\":\"https:\\\/\\\/fuentesfidedignas.com.mx\\\/wp-content\\\/uploads\\\/2026\\\/08\\\/28b44cca-7186-4703-b2dc-4b0f75246332.jpeg\",\"datePublished\":\"2026-08-31T18:40:09+00:00\",\"breadcrumb\":{\"@id\":\"https:\\\/\\\/fuentesfidedignas.com.mx\\\/index.php\\\/2026\\\/08\\\/31\\\/sinaloa-tiene-talento-para-volver-a-brillar-en-el-taekwondo-nacional-rene-lizarraga\\\/#breadcrumb\"},\"inLanguage\":\"es\",\"potentialAction\":[{\"@type\":\"ReadAction\",\"target\":[\"https:\\\/\\\/fuentesfidedignas.com.mx\\\/index.php\\\/2026\\\/08\\\/31\\\/sinaloa-tiene-talento-para-volver-a-brillar-en-el-taekwondo-nacional-rene-lizarraga\\\/\"]}]},{\"@type\":\"ImageObject\",\"inLanguage\":\"es\",\"@id\":\"https:\\\/\\\/fuentesfidedignas.com.mx\\\/index.php\\\/2026\\\/08\\\/31\\\/sinaloa-tiene-talento-para-volver-a-brillar-en-el-taekwondo-nacional-rene-lizarraga\\\/#primaryimage\",\"url\":\"https:\\\/\\\/fuentesfidedignas.com.mx\\\/wp-content\\\/uploads\\\/2026\\\/08\\\/28b44cca-7186-4703-b2dc-4b0f75246332.jpeg\",\"contentUrl\":\"https:\\\/\\\/fuentesfidedignas.com.mx\\\/wp-content\\\/uploads\\\/2026\\\/08\\\/28b44cca-7186-4703-b2dc-4b0f75246332.jpeg\",\"width\":1600,\"height\":900},{\"@type\":\"BreadcrumbList\",\"@id\":\"https:\\\/\\\/fuentesfidedignas.com.mx\\\/index.php\\\/2026\\\/08\\\/31\\\/sinaloa-tiene-talento-para-volver-a-brillar-en-el-taekwondo-nacional-rene-lizarraga\\\/#breadcrumb\",\"itemListElement\":[{\"@type\":\"ListItem\",\"position\":1,\"name\":\"Inicio\",\"item\":\"https:\\\/\\\/fuentesfidedignas.com.mx\\\/\"},{\"@type\":\"ListItem\",\"position\":2,\"name\":\"Sinaloa tiene talento para volver a brillar en el taekwondo nacional: Ren\u00e9 Liz\u00e1rraga\"}]},{\"@type\":\"WebSite\",\"@id\":\"https:\\\/\\\/fuentesfidedignas.com.mx\\\/#website\",\"url\":\"https:\\\/\\\/fuentesfidedignas.com.mx\\\/\",\"name\":\"Fuentes Fidedignas\",\"description\":\"Otro sitio realizado con WordPress\",\"publisher\":{\"@id\":\"https:\\\/\\\/fuentesfidedignas.com.mx\\\/#organization\"},\"potentialAction\":[{\"@type\":\"SearchAction\",\"target\":{\"@type\":\"EntryPoint\",\"urlTemplate\":\"https:\\\/\\\/fuentesfidedignas.com.mx\\\/?s={search_term_string}\"},\"query-input\":{\"@type\":\"PropertyValueSpecification\",\"valueRequired\":true,\"valueName\":\"search_term_string\"}}],\"inLanguage\":\"es\"},{\"@type\":\"Organization\",\"@id\":\"https:\\\/\\\/fuentesfidedignas.com.mx\\\/#organization\",\"name\":\"Fuentes Fidedignas\",\"url\":\"https:\\\/\\\/fuentesfidedignas.com.mx\\\/\",\"logo\":{\"@type\":\"ImageObject\",\"inLanguage\":\"es\",\"@id\":\"https:\\\/\\\/fuentesfidedignas.com.mx\\\/#\\\/schema\\\/logo\\\/image\\\/\",\"url\":\"https:\\\/\\\/fuentesfidedignas.com.mx\\\/wp-content\\\/uploads\\\/2021\\\/04\\\/logo-retina.png\",\"contentUrl\":\"https:\\\/\\\/fuentesfidedignas.com.mx\\\/wp-content\\\/uploads\\\/2021\\\/04\\\/logo-retina.png\",\"width\":280,\"height\":51,\"caption\":\"Fuentes Fidedignas\"},\"image\":{\"@id\":\"https:\\\/\\\/fuentesfidedignas.com.mx\\\/#\\\/schema\\\/logo\\\/image\\\/\"},\"sameAs\":[\"https:\\\/\\\/www.facebook.com\\\/Fuentes-Fidedignas-368234489921644\",\"https:\\\/\\\/x.com\\\/fidedignas\"]},{\"@type\":\"Person\",\"@id\":\"https:\\\/\\\/fuentesfidedignas.com.mx\\\/#\\\/schema\\\/person\\\/331be9283d37198e2acd5750279085b0\",\"name\":\"Redacci\u00f3n\",\"image\":{\"@type\":\"ImageObject\",\"inLanguage\":\"es\",\"@id\":\"https:\\\/\\\/secure.gravatar.com\\\/avatar\\\/f6d8782c11d12b2d4ad3fbb6931aeab5309937a4d6cd2fc9cfaa28a6396a5aec?s=96&d=mm&r=g\",\"url\":\"https:\\\/\\\/secure.gravatar.com\\\/avatar\\\/f6d8782c11d12b2d4ad3fbb6931aeab5309937a4d6cd2fc9cfaa28a6396a5aec?s=96&d=mm&r=g\",\"contentUrl\":\"https:\\\/\\\/secure.gravatar.com\\\/avatar\\\/f6d8782c11d12b2d4ad3fbb6931aeab5309937a4d6cd2fc9cfaa28a6396a5aec?s=96&d=mm&r=g\",\"caption\":\"Redacci\u00f3n\"},\"url\":\"https:\\\/\\\/fuentesfidedignas.com.mx\\\/index.php\\\/author\\\/redaccion\\\/\"}]}<\/script>\n<!-- \/ Yoast SEO plugin. -->","yoast_head_json":{"title":"Sinaloa tiene talento para volver a brillar en el taekwondo nacional: Ren\u00e9 Liz\u00e1rraga - Fuentes Fidedignas","robots":{"index":"index","follow":"follow","max-snippet":"max-snippet:-1","max-image-preview":"max-image-preview:large","max-video-preview":"max-video-preview:-1"},"canonical":"https:\/\/fuentesfidedignas.com.mx\/index.php\/2026\/08\/31\/sinaloa-tiene-talento-para-volver-a-brillar-en-el-taekwondo-nacional-rene-lizarraga\/","og_locale":"es_MX","og_type":"article","og_title":"Sinaloa tiene talento para volver a brillar en el taekwondo nacional: Ren\u00e9 Liz\u00e1rraga - Fuentes Fidedignas","og_description":"Culiac\u00e1n , Sinaloa .- Con el objetivo de fortalecer la formaci\u00f3n de nuevos talentos y brindar herramientas t\u00e9cnicas y competitivas a atletas y entrenadores, el profesor Ren\u00e9 Liz\u00e1rraga Valenzuela, entrenador de la Selecci\u00f3n Nacional de Taekwondo de M\u00e9xico, se encuentra en Culiac\u00e1n para impartir, este fin de semana, el Seminario de Desarrollo T\u00e9cnico y Competitivo [&hellip;]","og_url":"https:\/\/fuentesfidedignas.com.mx\/index.php\/2026\/08\/31\/sinaloa-tiene-talento-para-volver-a-brillar-en-el-taekwondo-nacional-rene-lizarraga\/","og_site_name":"Fuentes Fidedignas","article_publisher":"https:\/\/www.facebook.com\/Fuentes-Fidedignas-368234489921644","article_published_time":"2026-08-31T18:40:09+00:00","og_image":[{"width":1600,"height":900,"url":"https:\/\/fuentesfidedignas.com.mx\/wp-content\/uploads\/2026\/08\/28b44cca-7186-4703-b2dc-4b0f75246332.jpeg","type":"image\/jpeg"}],"author":"Redacci\u00f3n","twitter_card":"summary_large_image","twitter_creator":"@fidedignas","twitter_site":"@fidedignas","twitter_misc":{"Escrito por":"Redacci\u00f3n","Tiempo de lectura":"3 minutos"},"schema":{"@context":"https:\/\/schema.org","@graph":[{"@type":"Article","@id":"https:\/\/fuentesfidedignas.com.mx\/index.php\/2026\/08\/31\/sinaloa-tiene-talento-para-volver-a-brillar-en-el-taekwondo-nacional-rene-lizarraga\/#article","isPartOf":{"@id":"https:\/\/fuentesfidedignas.com.mx\/index.php\/2026\/08\/31\/sinaloa-tiene-talento-para-volver-a-brillar-en-el-taekwondo-nacional-rene-lizarraga\/"},"author":{"name":"Redacci\u00f3n","@id":"https:\/\/fuentesfidedignas.com.mx\/#\/schema\/person\/331be9283d37198e2acd5750279085b0"},"headline":"Sinaloa tiene talento para volver a brillar en el taekwondo nacional: Ren\u00e9 Liz\u00e1rraga","datePublished":"2026-08-31T18:40:09+00:00","mainEntityOfPage":{"@id":"https:\/\/fuentesfidedignas.com.mx\/index.php\/2026\/08\/31\/sinaloa-tiene-talento-para-volver-a-brillar-en-el-taekwondo-nacional-rene-lizarraga\/"},"wordCount":581,"publisher":{"@id":"https:\/\/fuentesfidedignas.com.mx\/#organization"},"image":{"@id":"https:\/\/fuentesfidedignas.com.mx\/index.php\/2026\/08\/31\/sinaloa-tiene-talento-para-volver-a-brillar-en-el-taekwondo-nacional-rene-lizarraga\/#primaryimage"},"thumbnailUrl":"https:\/\/fuentesfidedignas.com.mx\/wp-content\/uploads\/2026\/08\/28b44cca-7186-4703-b2dc-4b0f75246332.jpeg","articleSection":["NOTICIAS LOCALES"],"inLanguage":"es"},{"@type":"WebPage","@id":"https:\/\/fuentesfidedignas.com.mx\/index.php\/2026\/08\/31\/sinaloa-tiene-talento-para-volver-a-brillar-en-el-taekwondo-nacional-rene-lizarraga\/","url":"https:\/\/fuentesfidedignas.com.mx\/index.php\/2026\/08\/31\/sinaloa-tiene-talento-para-volver-a-brillar-en-el-taekwondo-nacional-rene-lizarraga\/","name":"Sinaloa tiene talento para volver a brillar en el taekwondo nacional: Ren\u00e9 Liz\u00e1rraga - Fuentes Fidedignas","isPartOf":{"@id":"https:\/\/fuentesfidedignas.com.mx\/#website"},"primaryImageOfPage":{"@id":"https:\/\/fuentesfidedignas.com.mx\/index.php\/2026\/08\/31\/sinaloa-tiene-talento-para-volver-a-brillar-en-el-taekwondo-nacional-rene-lizarraga\/#primaryimage"},"image":{"@id":"https:\/\/fuentesfidedignas.com.mx\/index.php\/2026\/08\/31\/sinaloa-tiene-talento-para-volver-a-brillar-en-el-taekwondo-nacional-rene-lizarraga\/#primaryimage"},"thumbnailUrl":"https:\/\/fuentesfidedignas.com.mx\/wp-content\/uploads\/2026\/08\/28b44cca-7186-4703-b2dc-4b0f75246332.jpeg","datePublished":"2026-08-31T18:40:09+00:00","breadcrumb":{"@id":"https:\/\/fuentesfidedignas.com.mx\/index.php\/2026\/08\/31\/sinaloa-tiene-talento-para-volver-a-brillar-en-el-taekwondo-nacional-rene-lizarraga\/#breadcrumb"},"inLanguage":"es","potentialAction":[{"@type":"ReadAction","target":["https:\/\/fuentesfidedignas.com.mx\/index.php\/2026\/08\/31\/sinaloa-tiene-talento-para-volver-a-brillar-en-el-taekwondo-nacional-rene-lizarraga\/"]}]},{"@type":"ImageObject","inLanguage":"es","@id":"https:\/\/fuentesfidedignas.com.mx\/index.php\/2026\/08\/31\/sinaloa-tiene-talento-para-volver-a-brillar-en-el-taekwondo-nacional-rene-lizarraga\/#primaryimage","url":"https:\/\/fuentesfidedignas.com.mx\/wp-content\/uploads\/2026\/08\/28b44cca-7186-4703-b2dc-4b0f75246332.jpeg","contentUrl":"https:\/\/fuentesfidedignas.com.mx\/wp-content\/uploads\/2026\/08\/28b44cca-7186-4703-b2dc-4b0f75246332.jpeg","width":1600,"height":900},{"@type":"BreadcrumbList","@id":"https:\/\/fuentesfidedignas.com.mx\/index.php\/2026\/08\/31\/sinaloa-tiene-talento-para-volver-a-brillar-en-el-taekwondo-nacional-rene-lizarraga\/#breadcrumb","itemListElement":[{"@type":"ListItem","position":1,"name":"Inicio","item":"https:\/\/fuentesfidedignas.com.mx\/"},{"@type":"ListItem","position":2,"name":"Sinaloa tiene talento para volver a brillar en el taekwondo nacional: Ren\u00e9 Liz\u00e1rraga"}]},{"@type":"WebSite","@id":"https:\/\/fuentesfidedignas.com.mx\/#website","url":"https:\/\/fuentesfidedignas.com.mx\/","name":"Fuentes Fidedignas","description":"Otro sitio realizado con WordPress","publisher":{"@id":"https:\/\/fuentesfidedignas.com.mx\/#organization"},"potentialAction":[{"@type":"SearchAction","target":{"@type":"EntryPoint","urlTemplate":"https:\/\/fuentesfidedignas.com.mx\/?s={search_term_string}"},"query-input":{"@type":"PropertyValueSpecification","valueRequired":true,"valueName":"search_term_string"}}],"inLanguage":"es"},{"@type":"Organization","@id":"https:\/\/fuentesfidedignas.com.mx\/#organization","name":"Fuentes Fidedignas","url":"https:\/\/fuentesfidedignas.com.mx\/","logo":{"@type":"ImageObject","inLanguage":"es","@id":"https:\/\/fuentesfidedignas.com.mx\/#\/schema\/logo\/image\/","url":"https:\/\/fuentesfidedignas.com.mx\/wp-content\/uploads\/2021\/04\/logo-retina.png","contentUrl":"https:\/\/fuentesfidedignas.com.mx\/wp-content\/uploads\/2021\/04\/logo-retina.png","width":280,"height":51,"caption":"Fuentes Fidedignas"},"image":{"@id":"https:\/\/fuentesfidedignas.com.mx\/#\/schema\/logo\/image\/"},"sameAs":["https:\/\/www.facebook.com\/Fuentes-Fidedignas-368234489921644","https:\/\/x.com\/fidedignas"]},{"@type":"Person","@id":"https:\/\/fuentesfidedignas.com.mx\/#\/schema\/person\/331be9283d37198e2acd5750279085b0","name":"Redacci\u00f3n","image":{"@type":"ImageObject","inLanguage":"es","@id":"https:\/\/secure.gravatar.com\/avatar\/f6d8782c11d12b2d4ad3fbb6931aeab5309937a4d6cd2fc9cfaa28a6396a5aec?s=96&d=mm&r=g","url":"https:\/\/secure.gravatar.com\/avatar\/f6d8782c11d12b2d4ad3fbb6931aeab5309937a4d6cd2fc9cfaa28a6396a5aec?s=96&d=mm&r=g","contentUrl":"https:\/\/secure.gravatar.com\/avatar\/f6d8782c11d12b2d4ad3fbb6931aeab5309937a4d6cd2fc9cfaa28a6396a5aec?s=96&d=mm&r=g","caption":"Redacci\u00f3n"},"url":"https:\/\/fuentesfidedignas.com.mx\/index.php\/author\/redaccion\/"}]}},"_links":{"self":[{"href":"https:\/\/fuentesfidedignas.com.mx\/index.php\/wp-json\/wp\/v2\/posts\/141296","targetHints":{"allow":["GET"]}}],"collection":[{"href":"https:\/\/fuentesfidedignas.com.mx\/index.php\/wp-json\/wp\/v2\/posts"}],"about":[{"href":"https:\/\/fuentesfidedignas.com.mx\/index.php\/wp-json\/wp\/v2\/types\/post"}],"author":[{"embeddable":true,"href":"https:\/\/fuentesfidedignas.com.mx\/index.php\/wp-json\/wp\/v2\/users\/4"}],"replies":[{"embeddable":true,"href":"https:\/\/fuentesfidedignas.com.mx\/index.php\/wp-json\/wp\/v2\/comments?post=141296"}],"version-history":[{"count":1,"href":"https:\/\/fuentesfidedignas.com.mx\/index.php\/wp-json\/wp\/v2\/posts\/141296\/revisions"}],"predecessor-version":[{"id":141297,"href":"https:\/\/fuentesfidedignas.com.mx\/index.php\/wp-json\/wp\/v2\/posts\/141296\/revisions\/141297"}],"wp:featuredmedia":[{"embeddable":true,"href":"https:\/\/fuentesfidedignas.com.mx\/index.php\/wp-json\/wp\/v2\/media\/141295"}],"wp:attachment":[{"href":"https:\/\/fuentesfidedignas.com.mx\/index.php\/wp-json\/wp\/v2\/media?parent=141296"}],"wp:term":[{"taxonomy":"category","embeddable":true,"href":"https:\/\/fuentesfidedignas.com.mx\/index.php\/wp-json\/wp\/v2\/categories?post=141296"},{"taxonomy":"post_tag","embeddable":true,"href":"https:\/\/fuentesfidedignas.com.mx\/index.php\/wp-json\/wp\/v2\/tags?post=141296"}],"curies":[{"name":"wp","href":"https:\/\/api.w.org\/{rel}","templated":true}]}}