{"id":141292,"date":"2026-08-31T11:33:58","date_gmt":"2026-08-31T18:33:58","guid":{"rendered":"https:\/\/fuentesfidedignas.com.mx\/?p=141292"},"modified":"2026-08-31T11:34:10","modified_gmt":"2026-08-31T18:34:10","slug":"se-tienen-detectadas-82-escuelas-que-inician-el-ciclo-escolar-sin-energia-electrica-gobernadora","status":"publish","type":"post","link":"https:\/\/fuentesfidedignas.com.mx\/index.php\/2026\/08\/31\/se-tienen-detectadas-82-escuelas-que-inician-el-ciclo-escolar-sin-energia-electrica-gobernadora\/","title":{"rendered":"Se tienen detectadas 82 escuelas que inician el ciclo escolar sin energ\u00eda el\u00e9ctrica: Gobernadora"},"content":{"rendered":"\n<p class=\"wp-block-paragraph\"><strong><em>La mandataria estatal explic\u00f3 que 82 planteles, menos del 1 por ciento del n\u00famero total, est\u00e1 sin energ\u00eda el\u00e9ctrica, pero ya se trabaja en el restablecimiento del servicio<\/em><\/strong><\/p>\n\n\n\n<p class=\"wp-block-paragraph\">Culiac\u00e1n, Sin.- La gobernadora Graciela Dom\u00ednguez Nava dio a conocer que del total de escuelas de educaci\u00f3n b\u00e1sica que hay en Sinaloa, que son 5 mil 938 planteles, se tiene detectado que 82 de ellas al d\u00eda de hoy no tienen energ\u00eda el\u00e9ctrica total o parcialmente, lo que representa menos del 1 por ciento, pero inform\u00f3 que 41 de esas 82 escuelas ya tienen la obra de rehabilitaci\u00f3n contratada.<\/p>\n\n\n\n<p class=\"wp-block-paragraph\">\u201cYo ofrec\u00ed que siempre vamos a hablar con la verdad, por lo que hoy que iniciamos el ciclo escolar debemos informar que de las 5 mil 938 escuelas que tenemos, 82 no cuentan ahorita con el suministro el\u00e9ctrico; estamos trabajando a marchas forzadas para lograr reestablecerlo, nos hemos puesto una meta de mes y medio para que puedan quedar todas\u201d, dijo.<\/p>\n\n\n\n<p class=\"wp-block-paragraph\">La mandataria estatal se\u00f1al\u00f3 que de las restantes 41 escuelas, en 38 ya est\u00e1 por iniciar la contrataci\u00f3n de la obra, mientras que en s\u00f3lo tres de ellas, debido al monto requerido es necesario abrir una licitaci\u00f3n p\u00fablica, pero se revisa una figura jur\u00eddica que permite tener una excepci\u00f3n, a fin de atender el problema lo antes posible como en el resto de las escuelas.<\/p>\n\n\n\n<p class=\"wp-block-paragraph\">Cabe destacar que la estimaci\u00f3n es que los trabajos de rehabilitaci\u00f3n de estos 82 planteles educativos requerir\u00e1n una inversi\u00f3n de 91 millones de pesos, pero no se descarta que pudiera alcanzar o superar los 100 millones de pesos.<\/p>\n\n\n\n<p class=\"wp-block-paragraph\">La gobernadora Dom\u00ednguez Nava precis\u00f3 que estos trabajos de rehabilitaci\u00f3n le corresponden al Instituto Sinaloense de Infraestructura F\u00edsica Educativa (ISIFE), por tratarse de escuelas, pero ya solicit\u00f3 a la Secretar\u00eda de Obras P\u00fablicas que apoye a este instituto para acelerar la soluci\u00f3n de estos problemas.<\/p>\n\n\n\n<p class=\"wp-block-paragraph\">Ante el inicio de ciclo escolar que empez\u00f3 justo este d\u00eda, dio a conocer que en estos 82 planteles hay un esquema de clases virtuales para que los alumnos no se retrasen, pero debido a que algunas de estas escuelas tienen parcialmente luz, se han organizado dependiendo del n\u00famero de aulas disponibles para que los grupos se turnen para tomar clases presenciales.<\/p>\n\n\n\n<p class=\"wp-block-paragraph\">\u201cDecirles a las mam\u00e1s, a los pap\u00e1s, cuyos hijos van a estas escuelas, que nos tengan confianza, que estamos buscando junto con la comunidad escolar llegar a algunos mecanismos que permitan mantener la atenci\u00f3n a sus ni\u00f1as y ni\u00f1os en lo que rehabilitamos la energ\u00eda el\u00e9ctrica\u201d, se\u00f1al\u00f3.<\/p>\n\n\n\n<p class=\"wp-block-paragraph\">Por otra parte, la gobernadora Graciela Dom\u00ednguez se refiri\u00f3 al Programa La Escuela es Nuestra, a prop\u00f3sito de este inicio de ciclo escolar, y al respecto, que al corte del mes de agosto de este a\u00f1o, un total de mil 618 escuelas han sido atendidas con una inversi\u00f3n de 521 millones de pesos.<\/p>\n","protected":false},"excerpt":{"rendered":"<p>La mandataria estatal explic\u00f3 que 82 planteles, menos del 1 por ciento del n\u00famero total, est\u00e1 sin energ\u00eda el\u00e9ctrica, pero ya se trabaja en el restablecimiento del servicio Culiac\u00e1n, Sin.- La gobernadora Graciela Dom\u00ednguez Nava dio a conocer que del total de escuelas de educaci\u00f3n b\u00e1sica que hay en Sinaloa, que son 5 mil 938 [&hellip;]<\/p>\n","protected":false},"author":4,"featured_media":70223,"comment_status":"open","ping_status":"open","sticky":false,"template":"","format":"standard","meta":{"tdm_status":"","tdm_grid_status":"","footnotes":""},"categories":[37],"tags":[],"class_list":["post-141292","post","type-post","status-publish","format-standard","has-post-thumbnail","category-nota-principal"],"yoast_head":"<!-- This site is optimized with the Yoast SEO plugin v28.3 - https:\/\/yoast.com\/product\/yoast-seo-wordpress\/ -->\n<title>Se tienen detectadas 82 escuelas que inician el ciclo escolar sin energ\u00eda el\u00e9ctrica: Gobernadora - Fuentes Fidedignas<\/title>\n<meta name=\"robots\" content=\"index, follow, max-snippet:-1, max-image-preview:large, max-video-preview:-1\" \/>\n<link rel=\"canonical\" href=\"https:\/\/fuentesfidedignas.com.mx\/index.php\/2026\/08\/31\/se-tienen-detectadas-82-escuelas-que-inician-el-ciclo-escolar-sin-energia-electrica-gobernadora\/\" \/>\n<meta property=\"og:locale\" content=\"es_MX\" \/>\n<meta property=\"og:type\" content=\"article\" \/>\n<meta property=\"og:title\" content=\"Se tienen detectadas 82 escuelas que inician el ciclo escolar sin energ\u00eda el\u00e9ctrica: Gobernadora - Fuentes Fidedignas\" \/>\n<meta property=\"og:description\" content=\"La mandataria estatal explic\u00f3 que 82 planteles, menos del 1 por ciento del n\u00famero total, est\u00e1 sin energ\u00eda el\u00e9ctrica, pero ya se trabaja en el restablecimiento del servicio Culiac\u00e1n, Sin.- La gobernadora Graciela Dom\u00ednguez Nava dio a conocer que del total de escuelas de educaci\u00f3n b\u00e1sica que hay en Sinaloa, que son 5 mil 938 [&hellip;]\" \/>\n<meta property=\"og:url\" content=\"https:\/\/fuentesfidedignas.com.mx\/index.php\/2026\/08\/31\/se-tienen-detectadas-82-escuelas-que-inician-el-ciclo-escolar-sin-energia-electrica-gobernadora\/\" \/>\n<meta property=\"og:site_name\" content=\"Fuentes Fidedignas\" \/>\n<meta property=\"article:publisher\" content=\"https:\/\/www.facebook.com\/Fuentes-Fidedignas-368234489921644\" \/>\n<meta property=\"article:published_time\" content=\"2026-08-31T18:33:58+00:00\" \/>\n<meta property=\"article:modified_time\" content=\"2026-08-31T18:34:10+00:00\" \/>\n<meta property=\"og:image\" content=\"https:\/\/fuentesfidedignas.com.mx\/wp-content\/uploads\/2024\/01\/mantenimientos-a-aires-acondicionados-a-una-escuela-en-mazatlan.jpg\" \/>\n\t<meta property=\"og:image:width\" content=\"1600\" \/>\n\t<meta property=\"og:image:height\" content=\"900\" \/>\n\t<meta property=\"og:image:type\" content=\"image\/jpeg\" \/>\n<meta name=\"author\" content=\"Redacci\u00f3n\" \/>\n<meta name=\"twitter:card\" content=\"summary_large_image\" \/>\n<meta name=\"twitter:creator\" content=\"@fidedignas\" \/>\n<meta name=\"twitter:site\" content=\"@fidedignas\" \/>\n<meta name=\"twitter:label1\" content=\"Escrito por\" \/>\n\t<meta name=\"twitter:data1\" content=\"Redacci\u00f3n\" \/>\n\t<meta name=\"twitter:label2\" content=\"Tiempo de lectura\" \/>\n\t<meta name=\"twitter:data2\" content=\"3 minutos\" \/>\n<script type=\"application\/ld+json\" class=\"yoast-schema-graph\">{\"@context\":\"https:\\\/\\\/schema.org\",\"@graph\":[{\"@type\":\"Article\",\"@id\":\"https:\\\/\\\/fuentesfidedignas.com.mx\\\/index.php\\\/2026\\\/08\\\/31\\\/se-tienen-detectadas-82-escuelas-que-inician-el-ciclo-escolar-sin-energia-electrica-gobernadora\\\/#article\",\"isPartOf\":{\"@id\":\"https:\\\/\\\/fuentesfidedignas.com.mx\\\/index.php\\\/2026\\\/08\\\/31\\\/se-tienen-detectadas-82-escuelas-que-inician-el-ciclo-escolar-sin-energia-electrica-gobernadora\\\/\"},\"author\":{\"name\":\"Redacci\u00f3n\",\"@id\":\"https:\\\/\\\/fuentesfidedignas.com.mx\\\/#\\\/schema\\\/person\\\/331be9283d37198e2acd5750279085b0\"},\"headline\":\"Se tienen detectadas 82 escuelas que inician el ciclo escolar sin energ\u00eda el\u00e9ctrica: Gobernadora\",\"datePublished\":\"2026-08-31T18:33:58+00:00\",\"dateModified\":\"2026-08-31T18:34:10+00:00\",\"mainEntityOfPage\":{\"@id\":\"https:\\\/\\\/fuentesfidedignas.com.mx\\\/index.php\\\/2026\\\/08\\\/31\\\/se-tienen-detectadas-82-escuelas-que-inician-el-ciclo-escolar-sin-energia-electrica-gobernadora\\\/\"},\"wordCount\":508,\"commentCount\":0,\"publisher\":{\"@id\":\"https:\\\/\\\/fuentesfidedignas.com.mx\\\/#organization\"},\"image\":{\"@id\":\"https:\\\/\\\/fuentesfidedignas.com.mx\\\/index.php\\\/2026\\\/08\\\/31\\\/se-tienen-detectadas-82-escuelas-que-inician-el-ciclo-escolar-sin-energia-electrica-gobernadora\\\/#primaryimage\"},\"thumbnailUrl\":\"https:\\\/\\\/fuentesfidedignas.com.mx\\\/wp-content\\\/uploads\\\/2024\\\/01\\\/mantenimientos-a-aires-acondicionados-a-una-escuela-en-mazatlan.jpg\",\"articleSection\":[\"NOTA PRINCIPAL\"],\"inLanguage\":\"es\",\"potentialAction\":[{\"@type\":\"CommentAction\",\"name\":\"Comment\",\"target\":[\"https:\\\/\\\/fuentesfidedignas.com.mx\\\/index.php\\\/2026\\\/08\\\/31\\\/se-tienen-detectadas-82-escuelas-que-inician-el-ciclo-escolar-sin-energia-electrica-gobernadora\\\/#respond\"]}]},{\"@type\":\"WebPage\",\"@id\":\"https:\\\/\\\/fuentesfidedignas.com.mx\\\/index.php\\\/2026\\\/08\\\/31\\\/se-tienen-detectadas-82-escuelas-que-inician-el-ciclo-escolar-sin-energia-electrica-gobernadora\\\/\",\"url\":\"https:\\\/\\\/fuentesfidedignas.com.mx\\\/index.php\\\/2026\\\/08\\\/31\\\/se-tienen-detectadas-82-escuelas-que-inician-el-ciclo-escolar-sin-energia-electrica-gobernadora\\\/\",\"name\":\"Se tienen detectadas 82 escuelas que inician el ciclo escolar sin energ\u00eda el\u00e9ctrica: Gobernadora - Fuentes Fidedignas\",\"isPartOf\":{\"@id\":\"https:\\\/\\\/fuentesfidedignas.com.mx\\\/#website\"},\"primaryImageOfPage\":{\"@id\":\"https:\\\/\\\/fuentesfidedignas.com.mx\\\/index.php\\\/2026\\\/08\\\/31\\\/se-tienen-detectadas-82-escuelas-que-inician-el-ciclo-escolar-sin-energia-electrica-gobernadora\\\/#primaryimage\"},\"image\":{\"@id\":\"https:\\\/\\\/fuentesfidedignas.com.mx\\\/index.php\\\/2026\\\/08\\\/31\\\/se-tienen-detectadas-82-escuelas-que-inician-el-ciclo-escolar-sin-energia-electrica-gobernadora\\\/#primaryimage\"},\"thumbnailUrl\":\"https:\\\/\\\/fuentesfidedignas.com.mx\\\/wp-content\\\/uploads\\\/2024\\\/01\\\/mantenimientos-a-aires-acondicionados-a-una-escuela-en-mazatlan.jpg\",\"datePublished\":\"2026-08-31T18:33:58+00:00\",\"dateModified\":\"2026-08-31T18:34:10+00:00\",\"breadcrumb\":{\"@id\":\"https:\\\/\\\/fuentesfidedignas.com.mx\\\/index.php\\\/2026\\\/08\\\/31\\\/se-tienen-detectadas-82-escuelas-que-inician-el-ciclo-escolar-sin-energia-electrica-gobernadora\\\/#breadcrumb\"},\"inLanguage\":\"es\",\"potentialAction\":[{\"@type\":\"ReadAction\",\"target\":[\"https:\\\/\\\/fuentesfidedignas.com.mx\\\/index.php\\\/2026\\\/08\\\/31\\\/se-tienen-detectadas-82-escuelas-que-inician-el-ciclo-escolar-sin-energia-electrica-gobernadora\\\/\"]}]},{\"@type\":\"ImageObject\",\"inLanguage\":\"es\",\"@id\":\"https:\\\/\\\/fuentesfidedignas.com.mx\\\/index.php\\\/2026\\\/08\\\/31\\\/se-tienen-detectadas-82-escuelas-que-inician-el-ciclo-escolar-sin-energia-electrica-gobernadora\\\/#primaryimage\",\"url\":\"https:\\\/\\\/fuentesfidedignas.com.mx\\\/wp-content\\\/uploads\\\/2024\\\/01\\\/mantenimientos-a-aires-acondicionados-a-una-escuela-en-mazatlan.jpg\",\"contentUrl\":\"https:\\\/\\\/fuentesfidedignas.com.mx\\\/wp-content\\\/uploads\\\/2024\\\/01\\\/mantenimientos-a-aires-acondicionados-a-una-escuela-en-mazatlan.jpg\",\"width\":1600,\"height\":900},{\"@type\":\"BreadcrumbList\",\"@id\":\"https:\\\/\\\/fuentesfidedignas.com.mx\\\/index.php\\\/2026\\\/08\\\/31\\\/se-tienen-detectadas-82-escuelas-que-inician-el-ciclo-escolar-sin-energia-electrica-gobernadora\\\/#breadcrumb\",\"itemListElement\":[{\"@type\":\"ListItem\",\"position\":1,\"name\":\"Inicio\",\"item\":\"https:\\\/\\\/fuentesfidedignas.com.mx\\\/\"},{\"@type\":\"ListItem\",\"position\":2,\"name\":\"Se tienen detectadas 82 escuelas que inician el ciclo escolar sin energ\u00eda el\u00e9ctrica: Gobernadora\"}]},{\"@type\":\"WebSite\",\"@id\":\"https:\\\/\\\/fuentesfidedignas.com.mx\\\/#website\",\"url\":\"https:\\\/\\\/fuentesfidedignas.com.mx\\\/\",\"name\":\"Fuentes Fidedignas\",\"description\":\"Otro sitio realizado con WordPress\",\"publisher\":{\"@id\":\"https:\\\/\\\/fuentesfidedignas.com.mx\\\/#organization\"},\"potentialAction\":[{\"@type\":\"SearchAction\",\"target\":{\"@type\":\"EntryPoint\",\"urlTemplate\":\"https:\\\/\\\/fuentesfidedignas.com.mx\\\/?s={search_term_string}\"},\"query-input\":{\"@type\":\"PropertyValueSpecification\",\"valueRequired\":true,\"valueName\":\"search_term_string\"}}],\"inLanguage\":\"es\"},{\"@type\":\"Organization\",\"@id\":\"https:\\\/\\\/fuentesfidedignas.com.mx\\\/#organization\",\"name\":\"Fuentes Fidedignas\",\"url\":\"https:\\\/\\\/fuentesfidedignas.com.mx\\\/\",\"logo\":{\"@type\":\"ImageObject\",\"inLanguage\":\"es\",\"@id\":\"https:\\\/\\\/fuentesfidedignas.com.mx\\\/#\\\/schema\\\/logo\\\/image\\\/\",\"url\":\"https:\\\/\\\/fuentesfidedignas.com.mx\\\/wp-content\\\/uploads\\\/2021\\\/04\\\/logo-retina.png\",\"contentUrl\":\"https:\\\/\\\/fuentesfidedignas.com.mx\\\/wp-content\\\/uploads\\\/2021\\\/04\\\/logo-retina.png\",\"width\":280,\"height\":51,\"caption\":\"Fuentes Fidedignas\"},\"image\":{\"@id\":\"https:\\\/\\\/fuentesfidedignas.com.mx\\\/#\\\/schema\\\/logo\\\/image\\\/\"},\"sameAs\":[\"https:\\\/\\\/www.facebook.com\\\/Fuentes-Fidedignas-368234489921644\",\"https:\\\/\\\/x.com\\\/fidedignas\"]},{\"@type\":\"Person\",\"@id\":\"https:\\\/\\\/fuentesfidedignas.com.mx\\\/#\\\/schema\\\/person\\\/331be9283d37198e2acd5750279085b0\",\"name\":\"Redacci\u00f3n\",\"image\":{\"@type\":\"ImageObject\",\"inLanguage\":\"es\",\"@id\":\"https:\\\/\\\/secure.gravatar.com\\\/avatar\\\/f6d8782c11d12b2d4ad3fbb6931aeab5309937a4d6cd2fc9cfaa28a6396a5aec?s=96&d=mm&r=g\",\"url\":\"https:\\\/\\\/secure.gravatar.com\\\/avatar\\\/f6d8782c11d12b2d4ad3fbb6931aeab5309937a4d6cd2fc9cfaa28a6396a5aec?s=96&d=mm&r=g\",\"contentUrl\":\"https:\\\/\\\/secure.gravatar.com\\\/avatar\\\/f6d8782c11d12b2d4ad3fbb6931aeab5309937a4d6cd2fc9cfaa28a6396a5aec?s=96&d=mm&r=g\",\"caption\":\"Redacci\u00f3n\"},\"url\":\"https:\\\/\\\/fuentesfidedignas.com.mx\\\/index.php\\\/author\\\/redaccion\\\/\"}]}<\/script>\n<!-- \/ Yoast SEO plugin. -->","yoast_head_json":{"title":"Se tienen detectadas 82 escuelas que inician el ciclo escolar sin energ\u00eda el\u00e9ctrica: Gobernadora - Fuentes Fidedignas","robots":{"index":"index","follow":"follow","max-snippet":"max-snippet:-1","max-image-preview":"max-image-preview:large","max-video-preview":"max-video-preview:-1"},"canonical":"https:\/\/fuentesfidedignas.com.mx\/index.php\/2026\/08\/31\/se-tienen-detectadas-82-escuelas-que-inician-el-ciclo-escolar-sin-energia-electrica-gobernadora\/","og_locale":"es_MX","og_type":"article","og_title":"Se tienen detectadas 82 escuelas que inician el ciclo escolar sin energ\u00eda el\u00e9ctrica: Gobernadora - Fuentes Fidedignas","og_description":"La mandataria estatal explic\u00f3 que 82 planteles, menos del 1 por ciento del n\u00famero total, est\u00e1 sin energ\u00eda el\u00e9ctrica, pero ya se trabaja en el restablecimiento del servicio Culiac\u00e1n, Sin.- La gobernadora Graciela Dom\u00ednguez Nava dio a conocer que del total de escuelas de educaci\u00f3n b\u00e1sica que hay en Sinaloa, que son 5 mil 938 [&hellip;]","og_url":"https:\/\/fuentesfidedignas.com.mx\/index.php\/2026\/08\/31\/se-tienen-detectadas-82-escuelas-que-inician-el-ciclo-escolar-sin-energia-electrica-gobernadora\/","og_site_name":"Fuentes Fidedignas","article_publisher":"https:\/\/www.facebook.com\/Fuentes-Fidedignas-368234489921644","article_published_time":"2026-08-31T18:33:58+00:00","article_modified_time":"2026-08-31T18:34:10+00:00","og_image":[{"width":1600,"height":900,"url":"https:\/\/fuentesfidedignas.com.mx\/wp-content\/uploads\/2024\/01\/mantenimientos-a-aires-acondicionados-a-una-escuela-en-mazatlan.jpg","type":"image\/jpeg"}],"author":"Redacci\u00f3n","twitter_card":"summary_large_image","twitter_creator":"@fidedignas","twitter_site":"@fidedignas","twitter_misc":{"Escrito por":"Redacci\u00f3n","Tiempo de lectura":"3 minutos"},"schema":{"@context":"https:\/\/schema.org","@graph":[{"@type":"Article","@id":"https:\/\/fuentesfidedignas.com.mx\/index.php\/2026\/08\/31\/se-tienen-detectadas-82-escuelas-que-inician-el-ciclo-escolar-sin-energia-electrica-gobernadora\/#article","isPartOf":{"@id":"https:\/\/fuentesfidedignas.com.mx\/index.php\/2026\/08\/31\/se-tienen-detectadas-82-escuelas-que-inician-el-ciclo-escolar-sin-energia-electrica-gobernadora\/"},"author":{"name":"Redacci\u00f3n","@id":"https:\/\/fuentesfidedignas.com.mx\/#\/schema\/person\/331be9283d37198e2acd5750279085b0"},"headline":"Se tienen detectadas 82 escuelas que inician el ciclo escolar sin energ\u00eda el\u00e9ctrica: Gobernadora","datePublished":"2026-08-31T18:33:58+00:00","dateModified":"2026-08-31T18:34:10+00:00","mainEntityOfPage":{"@id":"https:\/\/fuentesfidedignas.com.mx\/index.php\/2026\/08\/31\/se-tienen-detectadas-82-escuelas-que-inician-el-ciclo-escolar-sin-energia-electrica-gobernadora\/"},"wordCount":508,"commentCount":0,"publisher":{"@id":"https:\/\/fuentesfidedignas.com.mx\/#organization"},"image":{"@id":"https:\/\/fuentesfidedignas.com.mx\/index.php\/2026\/08\/31\/se-tienen-detectadas-82-escuelas-que-inician-el-ciclo-escolar-sin-energia-electrica-gobernadora\/#primaryimage"},"thumbnailUrl":"https:\/\/fuentesfidedignas.com.mx\/wp-content\/uploads\/2024\/01\/mantenimientos-a-aires-acondicionados-a-una-escuela-en-mazatlan.jpg","articleSection":["NOTA PRINCIPAL"],"inLanguage":"es","potentialAction":[{"@type":"CommentAction","name":"Comment","target":["https:\/\/fuentesfidedignas.com.mx\/index.php\/2026\/08\/31\/se-tienen-detectadas-82-escuelas-que-inician-el-ciclo-escolar-sin-energia-electrica-gobernadora\/#respond"]}]},{"@type":"WebPage","@id":"https:\/\/fuentesfidedignas.com.mx\/index.php\/2026\/08\/31\/se-tienen-detectadas-82-escuelas-que-inician-el-ciclo-escolar-sin-energia-electrica-gobernadora\/","url":"https:\/\/fuentesfidedignas.com.mx\/index.php\/2026\/08\/31\/se-tienen-detectadas-82-escuelas-que-inician-el-ciclo-escolar-sin-energia-electrica-gobernadora\/","name":"Se tienen detectadas 82 escuelas que inician el ciclo escolar sin energ\u00eda el\u00e9ctrica: Gobernadora - Fuentes Fidedignas","isPartOf":{"@id":"https:\/\/fuentesfidedignas.com.mx\/#website"},"primaryImageOfPage":{"@id":"https:\/\/fuentesfidedignas.com.mx\/index.php\/2026\/08\/31\/se-tienen-detectadas-82-escuelas-que-inician-el-ciclo-escolar-sin-energia-electrica-gobernadora\/#primaryimage"},"image":{"@id":"https:\/\/fuentesfidedignas.com.mx\/index.php\/2026\/08\/31\/se-tienen-detectadas-82-escuelas-que-inician-el-ciclo-escolar-sin-energia-electrica-gobernadora\/#primaryimage"},"thumbnailUrl":"https:\/\/fuentesfidedignas.com.mx\/wp-content\/uploads\/2024\/01\/mantenimientos-a-aires-acondicionados-a-una-escuela-en-mazatlan.jpg","datePublished":"2026-08-31T18:33:58+00:00","dateModified":"2026-08-31T18:34:10+00:00","breadcrumb":{"@id":"https:\/\/fuentesfidedignas.com.mx\/index.php\/2026\/08\/31\/se-tienen-detectadas-82-escuelas-que-inician-el-ciclo-escolar-sin-energia-electrica-gobernadora\/#breadcrumb"},"inLanguage":"es","potentialAction":[{"@type":"ReadAction","target":["https:\/\/fuentesfidedignas.com.mx\/index.php\/2026\/08\/31\/se-tienen-detectadas-82-escuelas-que-inician-el-ciclo-escolar-sin-energia-electrica-gobernadora\/"]}]},{"@type":"ImageObject","inLanguage":"es","@id":"https:\/\/fuentesfidedignas.com.mx\/index.php\/2026\/08\/31\/se-tienen-detectadas-82-escuelas-que-inician-el-ciclo-escolar-sin-energia-electrica-gobernadora\/#primaryimage","url":"https:\/\/fuentesfidedignas.com.mx\/wp-content\/uploads\/2024\/01\/mantenimientos-a-aires-acondicionados-a-una-escuela-en-mazatlan.jpg","contentUrl":"https:\/\/fuentesfidedignas.com.mx\/wp-content\/uploads\/2024\/01\/mantenimientos-a-aires-acondicionados-a-una-escuela-en-mazatlan.jpg","width":1600,"height":900},{"@type":"BreadcrumbList","@id":"https:\/\/fuentesfidedignas.com.mx\/index.php\/2026\/08\/31\/se-tienen-detectadas-82-escuelas-que-inician-el-ciclo-escolar-sin-energia-electrica-gobernadora\/#breadcrumb","itemListElement":[{"@type":"ListItem","position":1,"name":"Inicio","item":"https:\/\/fuentesfidedignas.com.mx\/"},{"@type":"ListItem","position":2,"name":"Se tienen detectadas 82 escuelas que inician el ciclo escolar sin energ\u00eda el\u00e9ctrica: Gobernadora"}]},{"@type":"WebSite","@id":"https:\/\/fuentesfidedignas.com.mx\/#website","url":"https:\/\/fuentesfidedignas.com.mx\/","name":"Fuentes Fidedignas","description":"Otro sitio realizado con WordPress","publisher":{"@id":"https:\/\/fuentesfidedignas.com.mx\/#organization"},"potentialAction":[{"@type":"SearchAction","target":{"@type":"EntryPoint","urlTemplate":"https:\/\/fuentesfidedignas.com.mx\/?s={search_term_string}"},"query-input":{"@type":"PropertyValueSpecification","valueRequired":true,"valueName":"search_term_string"}}],"inLanguage":"es"},{"@type":"Organization","@id":"https:\/\/fuentesfidedignas.com.mx\/#organization","name":"Fuentes Fidedignas","url":"https:\/\/fuentesfidedignas.com.mx\/","logo":{"@type":"ImageObject","inLanguage":"es","@id":"https:\/\/fuentesfidedignas.com.mx\/#\/schema\/logo\/image\/","url":"https:\/\/fuentesfidedignas.com.mx\/wp-content\/uploads\/2021\/04\/logo-retina.png","contentUrl":"https:\/\/fuentesfidedignas.com.mx\/wp-content\/uploads\/2021\/04\/logo-retina.png","width":280,"height":51,"caption":"Fuentes Fidedignas"},"image":{"@id":"https:\/\/fuentesfidedignas.com.mx\/#\/schema\/logo\/image\/"},"sameAs":["https:\/\/www.facebook.com\/Fuentes-Fidedignas-368234489921644","https:\/\/x.com\/fidedignas"]},{"@type":"Person","@id":"https:\/\/fuentesfidedignas.com.mx\/#\/schema\/person\/331be9283d37198e2acd5750279085b0","name":"Redacci\u00f3n","image":{"@type":"ImageObject","inLanguage":"es","@id":"https:\/\/secure.gravatar.com\/avatar\/f6d8782c11d12b2d4ad3fbb6931aeab5309937a4d6cd2fc9cfaa28a6396a5aec?s=96&d=mm&r=g","url":"https:\/\/secure.gravatar.com\/avatar\/f6d8782c11d12b2d4ad3fbb6931aeab5309937a4d6cd2fc9cfaa28a6396a5aec?s=96&d=mm&r=g","contentUrl":"https:\/\/secure.gravatar.com\/avatar\/f6d8782c11d12b2d4ad3fbb6931aeab5309937a4d6cd2fc9cfaa28a6396a5aec?s=96&d=mm&r=g","caption":"Redacci\u00f3n"},"url":"https:\/\/fuentesfidedignas.com.mx\/index.php\/author\/redaccion\/"}]}},"_links":{"self":[{"href":"https:\/\/fuentesfidedignas.com.mx\/index.php\/wp-json\/wp\/v2\/posts\/141292","targetHints":{"allow":["GET"]}}],"collection":[{"href":"https:\/\/fuentesfidedignas.com.mx\/index.php\/wp-json\/wp\/v2\/posts"}],"about":[{"href":"https:\/\/fuentesfidedignas.com.mx\/index.php\/wp-json\/wp\/v2\/types\/post"}],"author":[{"embeddable":true,"href":"https:\/\/fuentesfidedignas.com.mx\/index.php\/wp-json\/wp\/v2\/users\/4"}],"replies":[{"embeddable":true,"href":"https:\/\/fuentesfidedignas.com.mx\/index.php\/wp-json\/wp\/v2\/comments?post=141292"}],"version-history":[{"count":1,"href":"https:\/\/fuentesfidedignas.com.mx\/index.php\/wp-json\/wp\/v2\/posts\/141292\/revisions"}],"predecessor-version":[{"id":141294,"href":"https:\/\/fuentesfidedignas.com.mx\/index.php\/wp-json\/wp\/v2\/posts\/141292\/revisions\/141294"}],"wp:featuredmedia":[{"embeddable":true,"href":"https:\/\/fuentesfidedignas.com.mx\/index.php\/wp-json\/wp\/v2\/media\/70223"}],"wp:attachment":[{"href":"https:\/\/fuentesfidedignas.com.mx\/index.php\/wp-json\/wp\/v2\/media?parent=141292"}],"wp:term":[{"taxonomy":"category","embeddable":true,"href":"https:\/\/fuentesfidedignas.com.mx\/index.php\/wp-json\/wp\/v2\/categories?post=141292"},{"taxonomy":"post_tag","embeddable":true,"href":"https:\/\/fuentesfidedignas.com.mx\/index.php\/wp-json\/wp\/v2\/tags?post=141292"}],"curies":[{"name":"wp","href":"https:\/\/api.w.org\/{rel}","templated":true}]}}