{"id":141288,"date":"2026-08-31T11:19:14","date_gmt":"2026-08-31T18:19:14","guid":{"rendered":"https:\/\/fuentesfidedignas.com.mx\/?p=141288"},"modified":"2026-08-31T11:19:19","modified_gmt":"2026-08-31T18:19:19","slug":"claudia-sheinbaum-mantiene-una-atencion-prioritaria-para-la-seguridad-de-sinaloa-graciela-dominguez","status":"publish","type":"post","link":"https:\/\/fuentesfidedignas.com.mx\/index.php\/2026\/08\/31\/claudia-sheinbaum-mantiene-una-atencion-prioritaria-para-la-seguridad-de-sinaloa-graciela-dominguez\/","title":{"rendered":"Claudia Sheinbaum mantiene una atenci\u00f3n prioritaria para la seguridad de Sinaloa: Graciela Dom\u00ednguez"},"content":{"rendered":"\n<p class=\"wp-block-paragraph\"><strong><em>El sello del pr\u00f3ximo presupuesto ser\u00e1 la atenci\u00f3n a las necesidades m\u00e1s b\u00e1sicas, precis\u00f3.<\/em><\/strong><\/p>\n\n\n\n<p class=\"wp-block-paragraph\">Culiac\u00e1n, Sin.\u2013 Mantener una pol\u00edtica humanista enfocada en resolver las necesidades m\u00e1s apremiantes de la ciudadan\u00eda ser\u00e1 el factor decisivo en la ejecuci\u00f3n del pr\u00f3ximo presupuesto, destac\u00f3 este lunes la Gobernadora Graciela Dom\u00ednguez Nava, quien adem\u00e1s reiter\u00f3 que desde gobierno federal se mantiene un respaldo total para estas acciones y especialmente para el tema de seguridad.<\/p>\n\n\n\n<p class=\"wp-block-paragraph\">Al abordar la posibilidad de que el gabinete de seguridad federal pueda realizar nuevamente reuniones en territorio sinaloense, la mandataria estatal mencion\u00f3 que esto podr\u00eda concretarse en el corto plazo, en el marco de la estrategia federal que impulsa la Presidenta Claudia Sheinbaum para nuestro estado.<\/p>\n\n\n\n<p class=\"wp-block-paragraph\">\u201cEs parte de esta estrategia, de esta revisi\u00f3n que se sigue haciendo con las distintas entidades federativas y Sinaloa est\u00e1 en un plano de una atenci\u00f3n prioritaria por parte de la Presidenta, en ese sentido yo no dudo que pronto podamos tener de nuevo una reuni\u00f3n de esta naturaleza, que implica hacer un seguimiento y un an\u00e1lisis de lo que todos los d\u00edas se hace aqu\u00ed en Sinaloa en la Mesa de Seguridad\u201d, expres\u00f3.<\/p>\n\n\n\n<p class=\"wp-block-paragraph\">En cuanto al enfoque del pr\u00f3ximo presupuesto, agreg\u00f3 que lo primordial ser\u00e1 la resoluci\u00f3n de las cuestiones que m\u00e1s importan a la ciudadan\u00eda y que realmente brindan un beneficio con impacto directo en la vida diaria.<\/p>\n\n\n\n<p class=\"wp-block-paragraph\">\u201cDe entrada yo lo que voy a comprometer es que va a ser un presupuesto de car\u00e1cter social donde vamos a priorizar una serie de atenciones de necesidades m\u00e1s b\u00e1sicas, necesitamos profundizar la atenci\u00f3n a todas las comunidades que siguen sin tener un buen servicio de agua potable, eso es un derecho b\u00e1sico esencial, sin agua no podemos tener otras cosas\u201d, agreg\u00f3.<\/p>\n\n\n\n<p class=\"wp-block-paragraph\">Dominguez Nava concluy\u00f3 mencionando que en este momento se est\u00e1 trabajando para brindar resultados concretos y que puedan ser percibidos por las familias sinaloenses de manera inmediata.<\/p>\n","protected":false},"excerpt":{"rendered":"<p>El sello del pr\u00f3ximo presupuesto ser\u00e1 la atenci\u00f3n a las necesidades m\u00e1s b\u00e1sicas, precis\u00f3. Culiac\u00e1n, Sin.\u2013 Mantener una pol\u00edtica humanista enfocada en resolver las necesidades m\u00e1s apremiantes de la ciudadan\u00eda ser\u00e1 el factor decisivo en la ejecuci\u00f3n del pr\u00f3ximo presupuesto, destac\u00f3 este lunes la Gobernadora Graciela Dom\u00ednguez Nava, quien adem\u00e1s reiter\u00f3 que desde gobierno federal [&hellip;]<\/p>\n","protected":false},"author":4,"featured_media":92720,"comment_status":"open","ping_status":"open","sticky":false,"template":"","format":"standard","meta":{"tdm_status":"","tdm_grid_status":"","footnotes":""},"categories":[38],"tags":[],"class_list":["post-141288","post","type-post","status-publish","format-standard","has-post-thumbnail","category-noticias-locales"],"yoast_head":"<!-- This site is optimized with the Yoast SEO plugin v28.3 - https:\/\/yoast.com\/product\/yoast-seo-wordpress\/ -->\n<title>Claudia Sheinbaum mantiene una atenci\u00f3n prioritaria para la seguridad de Sinaloa: Graciela Dom\u00ednguez - Fuentes Fidedignas<\/title>\n<meta name=\"robots\" content=\"index, follow, max-snippet:-1, max-image-preview:large, max-video-preview:-1\" \/>\n<link rel=\"canonical\" href=\"https:\/\/fuentesfidedignas.com.mx\/index.php\/2026\/08\/31\/claudia-sheinbaum-mantiene-una-atencion-prioritaria-para-la-seguridad-de-sinaloa-graciela-dominguez\/\" \/>\n<meta property=\"og:locale\" content=\"es_MX\" \/>\n<meta property=\"og:type\" content=\"article\" \/>\n<meta property=\"og:title\" content=\"Claudia Sheinbaum mantiene una atenci\u00f3n prioritaria para la seguridad de Sinaloa: Graciela Dom\u00ednguez - Fuentes Fidedignas\" \/>\n<meta property=\"og:description\" content=\"El sello del pr\u00f3ximo presupuesto ser\u00e1 la atenci\u00f3n a las necesidades m\u00e1s b\u00e1sicas, precis\u00f3. Culiac\u00e1n, Sin.\u2013 Mantener una pol\u00edtica humanista enfocada en resolver las necesidades m\u00e1s apremiantes de la ciudadan\u00eda ser\u00e1 el factor decisivo en la ejecuci\u00f3n del pr\u00f3ximo presupuesto, destac\u00f3 este lunes la Gobernadora Graciela Dom\u00ednguez Nava, quien adem\u00e1s reiter\u00f3 que desde gobierno federal [&hellip;]\" \/>\n<meta property=\"og:url\" content=\"https:\/\/fuentesfidedignas.com.mx\/index.php\/2026\/08\/31\/claudia-sheinbaum-mantiene-una-atencion-prioritaria-para-la-seguridad-de-sinaloa-graciela-dominguez\/\" \/>\n<meta property=\"og:site_name\" content=\"Fuentes Fidedignas\" \/>\n<meta property=\"article:publisher\" content=\"https:\/\/www.facebook.com\/Fuentes-Fidedignas-368234489921644\" \/>\n<meta property=\"article:published_time\" content=\"2026-08-31T18:19:14+00:00\" \/>\n<meta property=\"article:modified_time\" content=\"2026-08-31T18:19:19+00:00\" \/>\n<meta property=\"og:image\" content=\"https:\/\/fuentesfidedignas.com.mx\/wp-content\/uploads\/2024\/10\/seguridad-policias.jpg\" \/>\n\t<meta property=\"og:image:width\" content=\"650\" \/>\n\t<meta property=\"og:image:height\" content=\"367\" \/>\n\t<meta property=\"og:image:type\" content=\"image\/jpeg\" \/>\n<meta name=\"author\" content=\"Redacci\u00f3n\" \/>\n<meta name=\"twitter:card\" content=\"summary_large_image\" \/>\n<meta name=\"twitter:creator\" content=\"@fidedignas\" \/>\n<meta name=\"twitter:site\" content=\"@fidedignas\" \/>\n<meta name=\"twitter:label1\" content=\"Escrito por\" \/>\n\t<meta name=\"twitter:data1\" content=\"Redacci\u00f3n\" \/>\n\t<meta name=\"twitter:label2\" content=\"Tiempo de lectura\" \/>\n\t<meta name=\"twitter:data2\" content=\"2 minutos\" \/>\n<script type=\"application\/ld+json\" class=\"yoast-schema-graph\">{\"@context\":\"https:\\\/\\\/schema.org\",\"@graph\":[{\"@type\":\"Article\",\"@id\":\"https:\\\/\\\/fuentesfidedignas.com.mx\\\/index.php\\\/2026\\\/08\\\/31\\\/claudia-sheinbaum-mantiene-una-atencion-prioritaria-para-la-seguridad-de-sinaloa-graciela-dominguez\\\/#article\",\"isPartOf\":{\"@id\":\"https:\\\/\\\/fuentesfidedignas.com.mx\\\/index.php\\\/2026\\\/08\\\/31\\\/claudia-sheinbaum-mantiene-una-atencion-prioritaria-para-la-seguridad-de-sinaloa-graciela-dominguez\\\/\"},\"author\":{\"name\":\"Redacci\u00f3n\",\"@id\":\"https:\\\/\\\/fuentesfidedignas.com.mx\\\/#\\\/schema\\\/person\\\/331be9283d37198e2acd5750279085b0\"},\"headline\":\"Claudia Sheinbaum mantiene una atenci\u00f3n prioritaria para la seguridad de Sinaloa: Graciela Dom\u00ednguez\",\"datePublished\":\"2026-08-31T18:19:14+00:00\",\"dateModified\":\"2026-08-31T18:19:19+00:00\",\"mainEntityOfPage\":{\"@id\":\"https:\\\/\\\/fuentesfidedignas.com.mx\\\/index.php\\\/2026\\\/08\\\/31\\\/claudia-sheinbaum-mantiene-una-atencion-prioritaria-para-la-seguridad-de-sinaloa-graciela-dominguez\\\/\"},\"wordCount\":357,\"commentCount\":0,\"publisher\":{\"@id\":\"https:\\\/\\\/fuentesfidedignas.com.mx\\\/#organization\"},\"image\":{\"@id\":\"https:\\\/\\\/fuentesfidedignas.com.mx\\\/index.php\\\/2026\\\/08\\\/31\\\/claudia-sheinbaum-mantiene-una-atencion-prioritaria-para-la-seguridad-de-sinaloa-graciela-dominguez\\\/#primaryimage\"},\"thumbnailUrl\":\"https:\\\/\\\/fuentesfidedignas.com.mx\\\/wp-content\\\/uploads\\\/2024\\\/10\\\/seguridad-policias.jpg\",\"articleSection\":[\"NOTICIAS LOCALES\"],\"inLanguage\":\"es\",\"potentialAction\":[{\"@type\":\"CommentAction\",\"name\":\"Comment\",\"target\":[\"https:\\\/\\\/fuentesfidedignas.com.mx\\\/index.php\\\/2026\\\/08\\\/31\\\/claudia-sheinbaum-mantiene-una-atencion-prioritaria-para-la-seguridad-de-sinaloa-graciela-dominguez\\\/#respond\"]}]},{\"@type\":\"WebPage\",\"@id\":\"https:\\\/\\\/fuentesfidedignas.com.mx\\\/index.php\\\/2026\\\/08\\\/31\\\/claudia-sheinbaum-mantiene-una-atencion-prioritaria-para-la-seguridad-de-sinaloa-graciela-dominguez\\\/\",\"url\":\"https:\\\/\\\/fuentesfidedignas.com.mx\\\/index.php\\\/2026\\\/08\\\/31\\\/claudia-sheinbaum-mantiene-una-atencion-prioritaria-para-la-seguridad-de-sinaloa-graciela-dominguez\\\/\",\"name\":\"Claudia Sheinbaum mantiene una atenci\u00f3n prioritaria para la seguridad de Sinaloa: Graciela Dom\u00ednguez - Fuentes Fidedignas\",\"isPartOf\":{\"@id\":\"https:\\\/\\\/fuentesfidedignas.com.mx\\\/#website\"},\"primaryImageOfPage\":{\"@id\":\"https:\\\/\\\/fuentesfidedignas.com.mx\\\/index.php\\\/2026\\\/08\\\/31\\\/claudia-sheinbaum-mantiene-una-atencion-prioritaria-para-la-seguridad-de-sinaloa-graciela-dominguez\\\/#primaryimage\"},\"image\":{\"@id\":\"https:\\\/\\\/fuentesfidedignas.com.mx\\\/index.php\\\/2026\\\/08\\\/31\\\/claudia-sheinbaum-mantiene-una-atencion-prioritaria-para-la-seguridad-de-sinaloa-graciela-dominguez\\\/#primaryimage\"},\"thumbnailUrl\":\"https:\\\/\\\/fuentesfidedignas.com.mx\\\/wp-content\\\/uploads\\\/2024\\\/10\\\/seguridad-policias.jpg\",\"datePublished\":\"2026-08-31T18:19:14+00:00\",\"dateModified\":\"2026-08-31T18:19:19+00:00\",\"breadcrumb\":{\"@id\":\"https:\\\/\\\/fuentesfidedignas.com.mx\\\/index.php\\\/2026\\\/08\\\/31\\\/claudia-sheinbaum-mantiene-una-atencion-prioritaria-para-la-seguridad-de-sinaloa-graciela-dominguez\\\/#breadcrumb\"},\"inLanguage\":\"es\",\"potentialAction\":[{\"@type\":\"ReadAction\",\"target\":[\"https:\\\/\\\/fuentesfidedignas.com.mx\\\/index.php\\\/2026\\\/08\\\/31\\\/claudia-sheinbaum-mantiene-una-atencion-prioritaria-para-la-seguridad-de-sinaloa-graciela-dominguez\\\/\"]}]},{\"@type\":\"ImageObject\",\"inLanguage\":\"es\",\"@id\":\"https:\\\/\\\/fuentesfidedignas.com.mx\\\/index.php\\\/2026\\\/08\\\/31\\\/claudia-sheinbaum-mantiene-una-atencion-prioritaria-para-la-seguridad-de-sinaloa-graciela-dominguez\\\/#primaryimage\",\"url\":\"https:\\\/\\\/fuentesfidedignas.com.mx\\\/wp-content\\\/uploads\\\/2024\\\/10\\\/seguridad-policias.jpg\",\"contentUrl\":\"https:\\\/\\\/fuentesfidedignas.com.mx\\\/wp-content\\\/uploads\\\/2024\\\/10\\\/seguridad-policias.jpg\",\"width\":650,\"height\":367},{\"@type\":\"BreadcrumbList\",\"@id\":\"https:\\\/\\\/fuentesfidedignas.com.mx\\\/index.php\\\/2026\\\/08\\\/31\\\/claudia-sheinbaum-mantiene-una-atencion-prioritaria-para-la-seguridad-de-sinaloa-graciela-dominguez\\\/#breadcrumb\",\"itemListElement\":[{\"@type\":\"ListItem\",\"position\":1,\"name\":\"Inicio\",\"item\":\"https:\\\/\\\/fuentesfidedignas.com.mx\\\/\"},{\"@type\":\"ListItem\",\"position\":2,\"name\":\"Claudia Sheinbaum mantiene una atenci\u00f3n prioritaria para la seguridad de Sinaloa: Graciela Dom\u00ednguez\"}]},{\"@type\":\"WebSite\",\"@id\":\"https:\\\/\\\/fuentesfidedignas.com.mx\\\/#website\",\"url\":\"https:\\\/\\\/fuentesfidedignas.com.mx\\\/\",\"name\":\"Fuentes Fidedignas\",\"description\":\"Otro sitio realizado con WordPress\",\"publisher\":{\"@id\":\"https:\\\/\\\/fuentesfidedignas.com.mx\\\/#organization\"},\"potentialAction\":[{\"@type\":\"SearchAction\",\"target\":{\"@type\":\"EntryPoint\",\"urlTemplate\":\"https:\\\/\\\/fuentesfidedignas.com.mx\\\/?s={search_term_string}\"},\"query-input\":{\"@type\":\"PropertyValueSpecification\",\"valueRequired\":true,\"valueName\":\"search_term_string\"}}],\"inLanguage\":\"es\"},{\"@type\":\"Organization\",\"@id\":\"https:\\\/\\\/fuentesfidedignas.com.mx\\\/#organization\",\"name\":\"Fuentes Fidedignas\",\"url\":\"https:\\\/\\\/fuentesfidedignas.com.mx\\\/\",\"logo\":{\"@type\":\"ImageObject\",\"inLanguage\":\"es\",\"@id\":\"https:\\\/\\\/fuentesfidedignas.com.mx\\\/#\\\/schema\\\/logo\\\/image\\\/\",\"url\":\"https:\\\/\\\/fuentesfidedignas.com.mx\\\/wp-content\\\/uploads\\\/2021\\\/04\\\/logo-retina.png\",\"contentUrl\":\"https:\\\/\\\/fuentesfidedignas.com.mx\\\/wp-content\\\/uploads\\\/2021\\\/04\\\/logo-retina.png\",\"width\":280,\"height\":51,\"caption\":\"Fuentes Fidedignas\"},\"image\":{\"@id\":\"https:\\\/\\\/fuentesfidedignas.com.mx\\\/#\\\/schema\\\/logo\\\/image\\\/\"},\"sameAs\":[\"https:\\\/\\\/www.facebook.com\\\/Fuentes-Fidedignas-368234489921644\",\"https:\\\/\\\/x.com\\\/fidedignas\"]},{\"@type\":\"Person\",\"@id\":\"https:\\\/\\\/fuentesfidedignas.com.mx\\\/#\\\/schema\\\/person\\\/331be9283d37198e2acd5750279085b0\",\"name\":\"Redacci\u00f3n\",\"image\":{\"@type\":\"ImageObject\",\"inLanguage\":\"es\",\"@id\":\"https:\\\/\\\/secure.gravatar.com\\\/avatar\\\/f6d8782c11d12b2d4ad3fbb6931aeab5309937a4d6cd2fc9cfaa28a6396a5aec?s=96&d=mm&r=g\",\"url\":\"https:\\\/\\\/secure.gravatar.com\\\/avatar\\\/f6d8782c11d12b2d4ad3fbb6931aeab5309937a4d6cd2fc9cfaa28a6396a5aec?s=96&d=mm&r=g\",\"contentUrl\":\"https:\\\/\\\/secure.gravatar.com\\\/avatar\\\/f6d8782c11d12b2d4ad3fbb6931aeab5309937a4d6cd2fc9cfaa28a6396a5aec?s=96&d=mm&r=g\",\"caption\":\"Redacci\u00f3n\"},\"url\":\"https:\\\/\\\/fuentesfidedignas.com.mx\\\/index.php\\\/author\\\/redaccion\\\/\"}]}<\/script>\n<!-- \/ Yoast SEO plugin. -->","yoast_head_json":{"title":"Claudia Sheinbaum mantiene una atenci\u00f3n prioritaria para la seguridad de Sinaloa: Graciela Dom\u00ednguez - Fuentes Fidedignas","robots":{"index":"index","follow":"follow","max-snippet":"max-snippet:-1","max-image-preview":"max-image-preview:large","max-video-preview":"max-video-preview:-1"},"canonical":"https:\/\/fuentesfidedignas.com.mx\/index.php\/2026\/08\/31\/claudia-sheinbaum-mantiene-una-atencion-prioritaria-para-la-seguridad-de-sinaloa-graciela-dominguez\/","og_locale":"es_MX","og_type":"article","og_title":"Claudia Sheinbaum mantiene una atenci\u00f3n prioritaria para la seguridad de Sinaloa: Graciela Dom\u00ednguez - Fuentes Fidedignas","og_description":"El sello del pr\u00f3ximo presupuesto ser\u00e1 la atenci\u00f3n a las necesidades m\u00e1s b\u00e1sicas, precis\u00f3. Culiac\u00e1n, Sin.\u2013 Mantener una pol\u00edtica humanista enfocada en resolver las necesidades m\u00e1s apremiantes de la ciudadan\u00eda ser\u00e1 el factor decisivo en la ejecuci\u00f3n del pr\u00f3ximo presupuesto, destac\u00f3 este lunes la Gobernadora Graciela Dom\u00ednguez Nava, quien adem\u00e1s reiter\u00f3 que desde gobierno federal [&hellip;]","og_url":"https:\/\/fuentesfidedignas.com.mx\/index.php\/2026\/08\/31\/claudia-sheinbaum-mantiene-una-atencion-prioritaria-para-la-seguridad-de-sinaloa-graciela-dominguez\/","og_site_name":"Fuentes Fidedignas","article_publisher":"https:\/\/www.facebook.com\/Fuentes-Fidedignas-368234489921644","article_published_time":"2026-08-31T18:19:14+00:00","article_modified_time":"2026-08-31T18:19:19+00:00","og_image":[{"width":650,"height":367,"url":"https:\/\/fuentesfidedignas.com.mx\/wp-content\/uploads\/2024\/10\/seguridad-policias.jpg","type":"image\/jpeg"}],"author":"Redacci\u00f3n","twitter_card":"summary_large_image","twitter_creator":"@fidedignas","twitter_site":"@fidedignas","twitter_misc":{"Escrito por":"Redacci\u00f3n","Tiempo de lectura":"2 minutos"},"schema":{"@context":"https:\/\/schema.org","@graph":[{"@type":"Article","@id":"https:\/\/fuentesfidedignas.com.mx\/index.php\/2026\/08\/31\/claudia-sheinbaum-mantiene-una-atencion-prioritaria-para-la-seguridad-de-sinaloa-graciela-dominguez\/#article","isPartOf":{"@id":"https:\/\/fuentesfidedignas.com.mx\/index.php\/2026\/08\/31\/claudia-sheinbaum-mantiene-una-atencion-prioritaria-para-la-seguridad-de-sinaloa-graciela-dominguez\/"},"author":{"name":"Redacci\u00f3n","@id":"https:\/\/fuentesfidedignas.com.mx\/#\/schema\/person\/331be9283d37198e2acd5750279085b0"},"headline":"Claudia Sheinbaum mantiene una atenci\u00f3n prioritaria para la seguridad de Sinaloa: Graciela Dom\u00ednguez","datePublished":"2026-08-31T18:19:14+00:00","dateModified":"2026-08-31T18:19:19+00:00","mainEntityOfPage":{"@id":"https:\/\/fuentesfidedignas.com.mx\/index.php\/2026\/08\/31\/claudia-sheinbaum-mantiene-una-atencion-prioritaria-para-la-seguridad-de-sinaloa-graciela-dominguez\/"},"wordCount":357,"commentCount":0,"publisher":{"@id":"https:\/\/fuentesfidedignas.com.mx\/#organization"},"image":{"@id":"https:\/\/fuentesfidedignas.com.mx\/index.php\/2026\/08\/31\/claudia-sheinbaum-mantiene-una-atencion-prioritaria-para-la-seguridad-de-sinaloa-graciela-dominguez\/#primaryimage"},"thumbnailUrl":"https:\/\/fuentesfidedignas.com.mx\/wp-content\/uploads\/2024\/10\/seguridad-policias.jpg","articleSection":["NOTICIAS LOCALES"],"inLanguage":"es","potentialAction":[{"@type":"CommentAction","name":"Comment","target":["https:\/\/fuentesfidedignas.com.mx\/index.php\/2026\/08\/31\/claudia-sheinbaum-mantiene-una-atencion-prioritaria-para-la-seguridad-de-sinaloa-graciela-dominguez\/#respond"]}]},{"@type":"WebPage","@id":"https:\/\/fuentesfidedignas.com.mx\/index.php\/2026\/08\/31\/claudia-sheinbaum-mantiene-una-atencion-prioritaria-para-la-seguridad-de-sinaloa-graciela-dominguez\/","url":"https:\/\/fuentesfidedignas.com.mx\/index.php\/2026\/08\/31\/claudia-sheinbaum-mantiene-una-atencion-prioritaria-para-la-seguridad-de-sinaloa-graciela-dominguez\/","name":"Claudia Sheinbaum mantiene una atenci\u00f3n prioritaria para la seguridad de Sinaloa: Graciela Dom\u00ednguez - Fuentes Fidedignas","isPartOf":{"@id":"https:\/\/fuentesfidedignas.com.mx\/#website"},"primaryImageOfPage":{"@id":"https:\/\/fuentesfidedignas.com.mx\/index.php\/2026\/08\/31\/claudia-sheinbaum-mantiene-una-atencion-prioritaria-para-la-seguridad-de-sinaloa-graciela-dominguez\/#primaryimage"},"image":{"@id":"https:\/\/fuentesfidedignas.com.mx\/index.php\/2026\/08\/31\/claudia-sheinbaum-mantiene-una-atencion-prioritaria-para-la-seguridad-de-sinaloa-graciela-dominguez\/#primaryimage"},"thumbnailUrl":"https:\/\/fuentesfidedignas.com.mx\/wp-content\/uploads\/2024\/10\/seguridad-policias.jpg","datePublished":"2026-08-31T18:19:14+00:00","dateModified":"2026-08-31T18:19:19+00:00","breadcrumb":{"@id":"https:\/\/fuentesfidedignas.com.mx\/index.php\/2026\/08\/31\/claudia-sheinbaum-mantiene-una-atencion-prioritaria-para-la-seguridad-de-sinaloa-graciela-dominguez\/#breadcrumb"},"inLanguage":"es","potentialAction":[{"@type":"ReadAction","target":["https:\/\/fuentesfidedignas.com.mx\/index.php\/2026\/08\/31\/claudia-sheinbaum-mantiene-una-atencion-prioritaria-para-la-seguridad-de-sinaloa-graciela-dominguez\/"]}]},{"@type":"ImageObject","inLanguage":"es","@id":"https:\/\/fuentesfidedignas.com.mx\/index.php\/2026\/08\/31\/claudia-sheinbaum-mantiene-una-atencion-prioritaria-para-la-seguridad-de-sinaloa-graciela-dominguez\/#primaryimage","url":"https:\/\/fuentesfidedignas.com.mx\/wp-content\/uploads\/2024\/10\/seguridad-policias.jpg","contentUrl":"https:\/\/fuentesfidedignas.com.mx\/wp-content\/uploads\/2024\/10\/seguridad-policias.jpg","width":650,"height":367},{"@type":"BreadcrumbList","@id":"https:\/\/fuentesfidedignas.com.mx\/index.php\/2026\/08\/31\/claudia-sheinbaum-mantiene-una-atencion-prioritaria-para-la-seguridad-de-sinaloa-graciela-dominguez\/#breadcrumb","itemListElement":[{"@type":"ListItem","position":1,"name":"Inicio","item":"https:\/\/fuentesfidedignas.com.mx\/"},{"@type":"ListItem","position":2,"name":"Claudia Sheinbaum mantiene una atenci\u00f3n prioritaria para la seguridad de Sinaloa: Graciela Dom\u00ednguez"}]},{"@type":"WebSite","@id":"https:\/\/fuentesfidedignas.com.mx\/#website","url":"https:\/\/fuentesfidedignas.com.mx\/","name":"Fuentes Fidedignas","description":"Otro sitio realizado con WordPress","publisher":{"@id":"https:\/\/fuentesfidedignas.com.mx\/#organization"},"potentialAction":[{"@type":"SearchAction","target":{"@type":"EntryPoint","urlTemplate":"https:\/\/fuentesfidedignas.com.mx\/?s={search_term_string}"},"query-input":{"@type":"PropertyValueSpecification","valueRequired":true,"valueName":"search_term_string"}}],"inLanguage":"es"},{"@type":"Organization","@id":"https:\/\/fuentesfidedignas.com.mx\/#organization","name":"Fuentes Fidedignas","url":"https:\/\/fuentesfidedignas.com.mx\/","logo":{"@type":"ImageObject","inLanguage":"es","@id":"https:\/\/fuentesfidedignas.com.mx\/#\/schema\/logo\/image\/","url":"https:\/\/fuentesfidedignas.com.mx\/wp-content\/uploads\/2021\/04\/logo-retina.png","contentUrl":"https:\/\/fuentesfidedignas.com.mx\/wp-content\/uploads\/2021\/04\/logo-retina.png","width":280,"height":51,"caption":"Fuentes Fidedignas"},"image":{"@id":"https:\/\/fuentesfidedignas.com.mx\/#\/schema\/logo\/image\/"},"sameAs":["https:\/\/www.facebook.com\/Fuentes-Fidedignas-368234489921644","https:\/\/x.com\/fidedignas"]},{"@type":"Person","@id":"https:\/\/fuentesfidedignas.com.mx\/#\/schema\/person\/331be9283d37198e2acd5750279085b0","name":"Redacci\u00f3n","image":{"@type":"ImageObject","inLanguage":"es","@id":"https:\/\/secure.gravatar.com\/avatar\/f6d8782c11d12b2d4ad3fbb6931aeab5309937a4d6cd2fc9cfaa28a6396a5aec?s=96&d=mm&r=g","url":"https:\/\/secure.gravatar.com\/avatar\/f6d8782c11d12b2d4ad3fbb6931aeab5309937a4d6cd2fc9cfaa28a6396a5aec?s=96&d=mm&r=g","contentUrl":"https:\/\/secure.gravatar.com\/avatar\/f6d8782c11d12b2d4ad3fbb6931aeab5309937a4d6cd2fc9cfaa28a6396a5aec?s=96&d=mm&r=g","caption":"Redacci\u00f3n"},"url":"https:\/\/fuentesfidedignas.com.mx\/index.php\/author\/redaccion\/"}]}},"_links":{"self":[{"href":"https:\/\/fuentesfidedignas.com.mx\/index.php\/wp-json\/wp\/v2\/posts\/141288","targetHints":{"allow":["GET"]}}],"collection":[{"href":"https:\/\/fuentesfidedignas.com.mx\/index.php\/wp-json\/wp\/v2\/posts"}],"about":[{"href":"https:\/\/fuentesfidedignas.com.mx\/index.php\/wp-json\/wp\/v2\/types\/post"}],"author":[{"embeddable":true,"href":"https:\/\/fuentesfidedignas.com.mx\/index.php\/wp-json\/wp\/v2\/users\/4"}],"replies":[{"embeddable":true,"href":"https:\/\/fuentesfidedignas.com.mx\/index.php\/wp-json\/wp\/v2\/comments?post=141288"}],"version-history":[{"count":1,"href":"https:\/\/fuentesfidedignas.com.mx\/index.php\/wp-json\/wp\/v2\/posts\/141288\/revisions"}],"predecessor-version":[{"id":141290,"href":"https:\/\/fuentesfidedignas.com.mx\/index.php\/wp-json\/wp\/v2\/posts\/141288\/revisions\/141290"}],"wp:featuredmedia":[{"embeddable":true,"href":"https:\/\/fuentesfidedignas.com.mx\/index.php\/wp-json\/wp\/v2\/media\/92720"}],"wp:attachment":[{"href":"https:\/\/fuentesfidedignas.com.mx\/index.php\/wp-json\/wp\/v2\/media?parent=141288"}],"wp:term":[{"taxonomy":"category","embeddable":true,"href":"https:\/\/fuentesfidedignas.com.mx\/index.php\/wp-json\/wp\/v2\/categories?post=141288"},{"taxonomy":"post_tag","embeddable":true,"href":"https:\/\/fuentesfidedignas.com.mx\/index.php\/wp-json\/wp\/v2\/tags?post=141288"}],"curies":[{"name":"wp","href":"https:\/\/api.w.org\/{rel}","templated":true}]}}