{"id":141283,"date":"2026-09-02T01:57:00","date_gmt":"2026-09-02T08:57:00","guid":{"rendered":"https:\/\/fuentesfidedignas.com.mx\/?p=141283"},"modified":"2026-08-31T11:24:40","modified_gmt":"2026-08-31T18:24:40","slug":"te-violan-con-cada-like-con-cada-compartir-y-cada-vez-que-te-graban-activista-olimpia-coral","status":"publish","type":"post","link":"https:\/\/fuentesfidedignas.com.mx\/index.php\/2026\/09\/02\/te-violan-con-cada-like-con-cada-compartir-y-cada-vez-que-te-graban-activista-olimpia-coral\/","title":{"rendered":"\u2018Te violan con cada like, con cada compartir y cada vez que te graban\u2019: activista Olimpia Coral"},"content":{"rendered":"\n<p class=\"wp-block-paragraph\"><strong><em><br>En un mundo cada vez m\u00e1s digitalizado, la violencia sexual digital evoluciona y cambia a un ritmo exacerbado y preocupante.<\/em><\/strong><\/p>\n\n\n\n<p class=\"wp-block-paragraph\">\u201cTe violan con cada like, con cada compartir y cada vez que te graban\u201d, asevera la activista mexicana y defensora de los derechos digitales de las mujeres Olimpia Coral, al referirse a un tipo de violencia en l\u00ednea a la que ella misma sobrevivi\u00f3 y a la que, junto con la red internacional Defensoras Digitales, denomina violencia sexual digital.<\/p>\n\n\n\n<p class=\"wp-block-paragraph\">Para combatirla proponen un pacto global digital para \u201cresponsabilizar\u201d a las plataformas que \u201calmacenan, difunden, compilan, comercializan y ganan dinero con la violencia, la censura algor\u00edtmica patriarcal y la explotaci\u00f3n sexual de las mujeres\u201d.<\/p>\n\n\n\n<p class=\"wp-block-paragraph\">En un mundo cada vez m\u00e1s digitalizado, la violencia sexual digital evoluciona y cambia a un ritmo exacerbado y preocupante. Tal es as\u00ed que \u201choy ya no es necesario tener nuestros cuerpos f\u00edsicos para violarlos y existe una automatizaci\u00f3n de la violaci\u00f3n\u201d.<\/p>\n\n\n\n<p class=\"wp-block-paragraph\">As\u00ed lo denuncian en una entrevista con EFE en Madrid Coral, impulsora de la Ley Olimpia contra el acoso digital hacia las mujeres en M\u00e9xico, y Fernanda Medell\u00edn, activista y responsable de comunicaci\u00f3n de Defensoras Digitales, la red internacional de activistas y sobrevivientes, principalmente de Am\u00e9rica Latina y el Caribe.<\/p>\n\n\n\n<p class=\"wp-block-paragraph\">Coral alerta sobre los peligros de la inteligencia artificial y su correlaci\u00f3n con el aumento de la violencia sexual digital, por lo que, junto con Defensoras Digitales y el apoyo de otras entidades y personalidades -como Aura Chat o Enrique Partida-, han desarrollado su propia herramienta de IA, Ley OlimpIA.<\/p>\n\n\n\n<p class=\"wp-block-paragraph\">Con este \u201csmart chat\u201d capaz de ofrecer \u201cla misma respuesta que te dar\u00eda una Defensora Digital\u201d pretenden ayudar a las v\u00edctimas de violencia sexual digital y ocupar los espacios reservados para quienes Coral denomina como \u201cse\u00f1oritingos de Internet\u201d (algoritmos patriarcales y grandes magnates tecnol\u00f3gicos).<\/p>\n\n\n\n<h2 class=\"wp-block-heading\"><strong>Ensa\u00f1amiento con las mujeres<\/strong><\/h2>\n\n\n\n<p class=\"wp-block-paragraph\">La violencia digital afecta a todos, pero sobre todo a las mujeres, y \u201ctiene particularidades: desde el anonimato de los agresores hasta la continuidad de la violencia que sufren las personas que han vivido estas agresiones\u201d, apunta Medell\u00edn a EFE.<\/p>\n\n\n\n<p class=\"wp-block-paragraph\">\u201cA las mujeres periodistas o pol\u00edticas no las critican en redes sociales por su ejercicio period\u00edstico, no las critican por su ejercicio en la pol\u00edtica, no las critican por las propuestas, las critican porque el pelo lo trae mal acomodado, porque est\u00e1 gorda, porque est\u00e1 flaca, porque es una mal cogida, porque todo es en torno a los c\u00e1nones de belleza, a esta objetivizaci\u00f3n de nuestros cuerpos\u201d, denuncia.<\/p>\n\n\n\n<p class=\"wp-block-paragraph\">Desde su puesta en vigor en el a\u00f1o 2021 en M\u00e9xico, la Ley Olimpia se ha expandido a otros pa\u00edses de Latinoam\u00e9rica como Argentina o Paraguay, y desde Defensoras Digitales buscan que suceda lo mismo en Espa\u00f1a y Europa.<\/p>\n\n\n\n<p class=\"wp-block-paragraph\">La lucha de Coral comenz\u00f3 en 2013, cuando ella misma sufri\u00f3 violencia sexual digital y fue consciente del vac\u00edo jur\u00eddico e institucional que rodeaba al delito por aquel entonces.<\/p>\n\n\n\n<p class=\"wp-block-paragraph\">La violencia digital comprende aquellos actos que ocurren en\/dentro de las tecnolog\u00edas de la informaci\u00f3n y la comunicaci\u00f3n que vulneran los derechos humanos \u201cy una de las violencias digitales que m\u00e1s nos preocupan es la violencia sexual digital, donde se difunde y se produce tu contenido \u00edntimo sin tu consentimiento\u201d, explica Coral.<\/p>\n\n\n\n<p class=\"wp-block-paragraph\">Estos retos ya presentes se han visto agravados con la aparici\u00f3n de la IA y las nuevas formas de violencia sexual digital que genera, y que han dejado de ser solo \u201cviolencias que se dan en condiciones humanas\u201d para transformarse en lo que Coral denomina como la \u201cantropomorfizaci\u00f3n\u201d del cuerpo femenino, y hace alusi\u00f3n al sexo con robots.<\/p>\n\n\n\n<p class=\"wp-block-paragraph\">\u201cCon inteligencia artificial y con la antropomorfizaci\u00f3n t\u00e9cnica inorg\u00e1nica pueden crear una identidad con tu cara, con tu rostro, con tu boca, con tu voz. Eres t\u00fa, es tu hija, es tu hermana, es tu mam\u00e1, es tu vecina, eres t\u00fa en un cuerpo robotizado, que los est\u00e1n vendiendo entre 16,000 y 46,000 d\u00f3lares, y se venden para automatizar la violaci\u00f3n\u201d, detalla.<\/p>\n\n\n\n<p class=\"wp-block-paragraph\">\u201cTe violan con cada like, con cada compartir, cada vez que te graban o te almacenan, cuando te difunden, y sobrevives a una violaci\u00f3n que adem\u00e1s se masifica a trav\u00e9s de estos espacios digitales. Hoy ya no es necesario tener nuestros cuerpos f\u00edsicos para violarlos, y hay una automatizaci\u00f3n de la violaci\u00f3n\u201d, denuncia.<\/p>\n\n\n\n<h2 class=\"wp-block-heading\"><strong>Un pacto global digital para responsabilizar al \u2018imperio digital<\/strong>\u2018<\/h2>\n\n\n\n<p class=\"wp-block-paragraph\">Preocupada, la activista reconoce que uno de los aspectos m\u00e1s alarmantes sobre la violencia sexual digital es la \u201cextraterritorizaci\u00f3n\u201d&nbsp;y explica que, hoy en d\u00eda, \u201cuna v\u00edctima de Espa\u00f1a puede tener un agresor que se encuentre lejos, en otro pa\u00eds\u201d.<\/p>\n\n\n\n<p class=\"wp-block-paragraph\">Ante esta situaci\u00f3n, Coral y Defensoras Digitales proponen la realizaci\u00f3n y firma de un tratado internacional capaz de frenar la inmunidad de las grandes tecnol\u00f3gicas, que da\u00f1a sobre todo a las mujeres.<\/p>\n\n\n\n<p class=\"wp-block-paragraph\">Para Coral, la cooperaci\u00f3n internacional resulta fundamental en este contexto e implica \u201cadelantarnos al futuro\u201d. Un futuro que, de no ser regulado como es debido -y como estas expertas adelantan- puede devenir en \u201cfascismo digital\u201d.<\/p>\n\n\n\n<p class=\"wp-block-paragraph\">\u201cSi el Estado (lo p\u00fablico) se al\u00eda con las plataformas (privacidad neoliberal), tendremos fascismo digital\u201d, alerta Coral, al tiempo que alude a la situaci\u00f3n estadounidense, donde magnates digitales como Elon Musk (due\u00f1o de X) y Marc Zuckerberg (fundador de Facebook) se sit\u00faan del lado del poder estatal.&nbsp;<\/p>\n\n\n\n<h2 class=\"wp-block-heading\">Documental<\/h2>\n\n\n\n<p class=\"wp-block-paragraph\">Este fin de semana se estren\u00f3 en Madrid \u2018Llamarse Olimpia\u2019 (2025), un documental que narra la lucha legal de la activista mexicana Olimpia Coral que cristaliz\u00f3 en la llamada \u2018Ley Olimpia\u2019, que castiga la violencia digital en M\u00e9xico y ha sido ejemplo para normas similares en otros pa\u00edses de Am\u00e9rica Latina. Dicha obra fue dirigida por \u00cdndira Cato.<\/p>\n","protected":false},"excerpt":{"rendered":"<p>En un mundo cada vez m\u00e1s digitalizado, la violencia sexual digital evoluciona y cambia a un ritmo exacerbado y preocupante. \u201cTe violan con cada like, con cada compartir y cada vez que te graban\u201d, asevera la activista mexicana y defensora de los derechos digitales de las mujeres Olimpia Coral, al referirse a un tipo de [&hellip;]<\/p>\n","protected":false},"author":22,"featured_media":141289,"comment_status":"open","ping_status":"open","sticky":false,"template":"","format":"standard","meta":{"tdm_status":"","tdm_grid_status":"","footnotes":""},"categories":[33,36],"tags":[],"class_list":["post-141283","post","type-post","status-publish","format-standard","has-post-thumbnail","category-igualdad-sustantiva","category-semanales"],"yoast_head":"<!-- This site is optimized with the Yoast SEO plugin v28.4 - https:\/\/yoast.com\/product\/yoast-seo-wordpress\/ -->\n<title>\u2018Te violan con cada like, con cada compartir y cada vez que te graban\u2019: activista Olimpia Coral - Fuentes Fidedignas<\/title>\n<meta name=\"robots\" content=\"index, follow, max-snippet:-1, max-image-preview:large, max-video-preview:-1\" \/>\n<link rel=\"canonical\" href=\"https:\/\/fuentesfidedignas.com.mx\/index.php\/2026\/09\/02\/te-violan-con-cada-like-con-cada-compartir-y-cada-vez-que-te-graban-activista-olimpia-coral\/\" \/>\n<meta property=\"og:locale\" content=\"es_MX\" \/>\n<meta property=\"og:type\" content=\"article\" \/>\n<meta property=\"og:title\" content=\"\u2018Te violan con cada like, con cada compartir y cada vez que te graban\u2019: activista Olimpia Coral - Fuentes Fidedignas\" \/>\n<meta property=\"og:description\" content=\"En un mundo cada vez m\u00e1s digitalizado, la violencia sexual digital evoluciona y cambia a un ritmo exacerbado y preocupante. \u201cTe violan con cada like, con cada compartir y cada vez que te graban\u201d, asevera la activista mexicana y defensora de los derechos digitales de las mujeres Olimpia Coral, al referirse a un tipo de [&hellip;]\" \/>\n<meta property=\"og:url\" content=\"https:\/\/fuentesfidedignas.com.mx\/index.php\/2026\/09\/02\/te-violan-con-cada-like-con-cada-compartir-y-cada-vez-que-te-graban-activista-olimpia-coral\/\" \/>\n<meta property=\"og:site_name\" content=\"Fuentes Fidedignas\" \/>\n<meta property=\"article:publisher\" content=\"https:\/\/www.facebook.com\/Fuentes-Fidedignas-368234489921644\" \/>\n<meta property=\"article:published_time\" content=\"2026-09-02T08:57:00+00:00\" \/>\n<meta property=\"og:image\" content=\"https:\/\/fuentesfidedignas.com.mx\/wp-content\/uploads\/2026\/08\/olimpia-coral.webp\" \/>\n\t<meta property=\"og:image:width\" content=\"1280\" \/>\n\t<meta property=\"og:image:height\" content=\"720\" \/>\n\t<meta property=\"og:image:type\" content=\"image\/webp\" \/>\n<meta name=\"author\" content=\"EFE\" \/>\n<meta name=\"twitter:card\" content=\"summary_large_image\" \/>\n<meta name=\"twitter:creator\" content=\"@fidedignas\" \/>\n<meta name=\"twitter:site\" content=\"@fidedignas\" \/>\n<meta name=\"twitter:label1\" content=\"Escrito por\" \/>\n\t<meta name=\"twitter:data1\" content=\"EFE\" \/>\n\t<meta name=\"twitter:label2\" content=\"Tiempo de lectura\" \/>\n\t<meta name=\"twitter:data2\" content=\"5 minutos\" \/>\n<script type=\"application\/ld+json\" class=\"yoast-schema-graph\">{\"@context\":\"https:\\\/\\\/schema.org\",\"@graph\":[{\"@type\":\"Article\",\"@id\":\"https:\\\/\\\/fuentesfidedignas.com.mx\\\/index.php\\\/2026\\\/09\\\/02\\\/te-violan-con-cada-like-con-cada-compartir-y-cada-vez-que-te-graban-activista-olimpia-coral\\\/#article\",\"isPartOf\":{\"@id\":\"https:\\\/\\\/fuentesfidedignas.com.mx\\\/index.php\\\/2026\\\/09\\\/02\\\/te-violan-con-cada-like-con-cada-compartir-y-cada-vez-que-te-graban-activista-olimpia-coral\\\/\"},\"author\":{\"name\":\"EFE\",\"@id\":\"https:\\\/\\\/fuentesfidedignas.com.mx\\\/#\\\/schema\\\/person\\\/0d44615087b5a626d5d3f13afe31ac41\"},\"headline\":\"\u2018Te violan con cada like, con cada compartir y cada vez que te graban\u2019: activista Olimpia Coral\",\"datePublished\":\"2026-09-02T08:57:00+00:00\",\"mainEntityOfPage\":{\"@id\":\"https:\\\/\\\/fuentesfidedignas.com.mx\\\/index.php\\\/2026\\\/09\\\/02\\\/te-violan-con-cada-like-con-cada-compartir-y-cada-vez-que-te-graban-activista-olimpia-coral\\\/\"},\"wordCount\":1010,\"commentCount\":0,\"publisher\":{\"@id\":\"https:\\\/\\\/fuentesfidedignas.com.mx\\\/#organization\"},\"image\":{\"@id\":\"https:\\\/\\\/fuentesfidedignas.com.mx\\\/index.php\\\/2026\\\/09\\\/02\\\/te-violan-con-cada-like-con-cada-compartir-y-cada-vez-que-te-graban-activista-olimpia-coral\\\/#primaryimage\"},\"thumbnailUrl\":\"https:\\\/\\\/fuentesfidedignas.com.mx\\\/wp-content\\\/uploads\\\/2026\\\/08\\\/olimpia-coral.webp\",\"articleSection\":[\"IGUALDAD SUSTANTIVA\",\"SEMANALES\"],\"inLanguage\":\"es\",\"potentialAction\":[{\"@type\":\"CommentAction\",\"name\":\"Comment\",\"target\":[\"https:\\\/\\\/fuentesfidedignas.com.mx\\\/index.php\\\/2026\\\/09\\\/02\\\/te-violan-con-cada-like-con-cada-compartir-y-cada-vez-que-te-graban-activista-olimpia-coral\\\/#respond\"]}]},{\"@type\":\"WebPage\",\"@id\":\"https:\\\/\\\/fuentesfidedignas.com.mx\\\/index.php\\\/2026\\\/09\\\/02\\\/te-violan-con-cada-like-con-cada-compartir-y-cada-vez-que-te-graban-activista-olimpia-coral\\\/\",\"url\":\"https:\\\/\\\/fuentesfidedignas.com.mx\\\/index.php\\\/2026\\\/09\\\/02\\\/te-violan-con-cada-like-con-cada-compartir-y-cada-vez-que-te-graban-activista-olimpia-coral\\\/\",\"name\":\"\u2018Te violan con cada like, con cada compartir y cada vez que te graban\u2019: activista Olimpia Coral - Fuentes Fidedignas\",\"isPartOf\":{\"@id\":\"https:\\\/\\\/fuentesfidedignas.com.mx\\\/#website\"},\"primaryImageOfPage\":{\"@id\":\"https:\\\/\\\/fuentesfidedignas.com.mx\\\/index.php\\\/2026\\\/09\\\/02\\\/te-violan-con-cada-like-con-cada-compartir-y-cada-vez-que-te-graban-activista-olimpia-coral\\\/#primaryimage\"},\"image\":{\"@id\":\"https:\\\/\\\/fuentesfidedignas.com.mx\\\/index.php\\\/2026\\\/09\\\/02\\\/te-violan-con-cada-like-con-cada-compartir-y-cada-vez-que-te-graban-activista-olimpia-coral\\\/#primaryimage\"},\"thumbnailUrl\":\"https:\\\/\\\/fuentesfidedignas.com.mx\\\/wp-content\\\/uploads\\\/2026\\\/08\\\/olimpia-coral.webp\",\"datePublished\":\"2026-09-02T08:57:00+00:00\",\"breadcrumb\":{\"@id\":\"https:\\\/\\\/fuentesfidedignas.com.mx\\\/index.php\\\/2026\\\/09\\\/02\\\/te-violan-con-cada-like-con-cada-compartir-y-cada-vez-que-te-graban-activista-olimpia-coral\\\/#breadcrumb\"},\"inLanguage\":\"es\",\"potentialAction\":[{\"@type\":\"ReadAction\",\"target\":[\"https:\\\/\\\/fuentesfidedignas.com.mx\\\/index.php\\\/2026\\\/09\\\/02\\\/te-violan-con-cada-like-con-cada-compartir-y-cada-vez-que-te-graban-activista-olimpia-coral\\\/\"]}]},{\"@type\":\"ImageObject\",\"inLanguage\":\"es\",\"@id\":\"https:\\\/\\\/fuentesfidedignas.com.mx\\\/index.php\\\/2026\\\/09\\\/02\\\/te-violan-con-cada-like-con-cada-compartir-y-cada-vez-que-te-graban-activista-olimpia-coral\\\/#primaryimage\",\"url\":\"https:\\\/\\\/fuentesfidedignas.com.mx\\\/wp-content\\\/uploads\\\/2026\\\/08\\\/olimpia-coral.webp\",\"contentUrl\":\"https:\\\/\\\/fuentesfidedignas.com.mx\\\/wp-content\\\/uploads\\\/2026\\\/08\\\/olimpia-coral.webp\",\"width\":1280,\"height\":720},{\"@type\":\"BreadcrumbList\",\"@id\":\"https:\\\/\\\/fuentesfidedignas.com.mx\\\/index.php\\\/2026\\\/09\\\/02\\\/te-violan-con-cada-like-con-cada-compartir-y-cada-vez-que-te-graban-activista-olimpia-coral\\\/#breadcrumb\",\"itemListElement\":[{\"@type\":\"ListItem\",\"position\":1,\"name\":\"Inicio\",\"item\":\"https:\\\/\\\/fuentesfidedignas.com.mx\\\/\"},{\"@type\":\"ListItem\",\"position\":2,\"name\":\"\u2018Te violan con cada like, con cada compartir y cada vez que te graban\u2019: activista Olimpia Coral\"}]},{\"@type\":\"WebSite\",\"@id\":\"https:\\\/\\\/fuentesfidedignas.com.mx\\\/#website\",\"url\":\"https:\\\/\\\/fuentesfidedignas.com.mx\\\/\",\"name\":\"Fuentes Fidedignas\",\"description\":\"Otro sitio realizado con WordPress\",\"publisher\":{\"@id\":\"https:\\\/\\\/fuentesfidedignas.com.mx\\\/#organization\"},\"potentialAction\":[{\"@type\":\"SearchAction\",\"target\":{\"@type\":\"EntryPoint\",\"urlTemplate\":\"https:\\\/\\\/fuentesfidedignas.com.mx\\\/?s={search_term_string}\"},\"query-input\":{\"@type\":\"PropertyValueSpecification\",\"valueRequired\":true,\"valueName\":\"search_term_string\"}}],\"inLanguage\":\"es\"},{\"@type\":\"Organization\",\"@id\":\"https:\\\/\\\/fuentesfidedignas.com.mx\\\/#organization\",\"name\":\"Fuentes Fidedignas\",\"url\":\"https:\\\/\\\/fuentesfidedignas.com.mx\\\/\",\"logo\":{\"@type\":\"ImageObject\",\"inLanguage\":\"es\",\"@id\":\"https:\\\/\\\/fuentesfidedignas.com.mx\\\/#\\\/schema\\\/logo\\\/image\\\/\",\"url\":\"https:\\\/\\\/fuentesfidedignas.com.mx\\\/wp-content\\\/uploads\\\/2021\\\/04\\\/logo-retina.png\",\"contentUrl\":\"https:\\\/\\\/fuentesfidedignas.com.mx\\\/wp-content\\\/uploads\\\/2021\\\/04\\\/logo-retina.png\",\"width\":280,\"height\":51,\"caption\":\"Fuentes Fidedignas\"},\"image\":{\"@id\":\"https:\\\/\\\/fuentesfidedignas.com.mx\\\/#\\\/schema\\\/logo\\\/image\\\/\"},\"sameAs\":[\"https:\\\/\\\/www.facebook.com\\\/Fuentes-Fidedignas-368234489921644\",\"https:\\\/\\\/x.com\\\/fidedignas\"]},{\"@type\":\"Person\",\"@id\":\"https:\\\/\\\/fuentesfidedignas.com.mx\\\/#\\\/schema\\\/person\\\/0d44615087b5a626d5d3f13afe31ac41\",\"name\":\"EFE\",\"image\":{\"@type\":\"ImageObject\",\"inLanguage\":\"es\",\"@id\":\"https:\\\/\\\/secure.gravatar.com\\\/avatar\\\/7048c2d9b569d9bed55bb53ad23821e6e047aa66338fb6ea9868627bbb9f54e8?s=96&d=mm&r=g\",\"url\":\"https:\\\/\\\/secure.gravatar.com\\\/avatar\\\/7048c2d9b569d9bed55bb53ad23821e6e047aa66338fb6ea9868627bbb9f54e8?s=96&d=mm&r=g\",\"contentUrl\":\"https:\\\/\\\/secure.gravatar.com\\\/avatar\\\/7048c2d9b569d9bed55bb53ad23821e6e047aa66338fb6ea9868627bbb9f54e8?s=96&d=mm&r=g\",\"caption\":\"EFE\"},\"url\":\"https:\\\/\\\/fuentesfidedignas.com.mx\\\/index.php\\\/author\\\/efe\\\/\"}]}<\/script>\n<!-- \/ Yoast SEO plugin. -->","yoast_head_json":{"title":"\u2018Te violan con cada like, con cada compartir y cada vez que te graban\u2019: activista Olimpia Coral - Fuentes Fidedignas","robots":{"index":"index","follow":"follow","max-snippet":"max-snippet:-1","max-image-preview":"max-image-preview:large","max-video-preview":"max-video-preview:-1"},"canonical":"https:\/\/fuentesfidedignas.com.mx\/index.php\/2026\/09\/02\/te-violan-con-cada-like-con-cada-compartir-y-cada-vez-que-te-graban-activista-olimpia-coral\/","og_locale":"es_MX","og_type":"article","og_title":"\u2018Te violan con cada like, con cada compartir y cada vez que te graban\u2019: activista Olimpia Coral - Fuentes Fidedignas","og_description":"En un mundo cada vez m\u00e1s digitalizado, la violencia sexual digital evoluciona y cambia a un ritmo exacerbado y preocupante. \u201cTe violan con cada like, con cada compartir y cada vez que te graban\u201d, asevera la activista mexicana y defensora de los derechos digitales de las mujeres Olimpia Coral, al referirse a un tipo de [&hellip;]","og_url":"https:\/\/fuentesfidedignas.com.mx\/index.php\/2026\/09\/02\/te-violan-con-cada-like-con-cada-compartir-y-cada-vez-que-te-graban-activista-olimpia-coral\/","og_site_name":"Fuentes Fidedignas","article_publisher":"https:\/\/www.facebook.com\/Fuentes-Fidedignas-368234489921644","article_published_time":"2026-09-02T08:57:00+00:00","og_image":[{"width":1280,"height":720,"url":"https:\/\/fuentesfidedignas.com.mx\/wp-content\/uploads\/2026\/08\/olimpia-coral.webp","type":"image\/webp"}],"author":"EFE","twitter_card":"summary_large_image","twitter_creator":"@fidedignas","twitter_site":"@fidedignas","twitter_misc":{"Escrito por":"EFE","Tiempo de lectura":"5 minutos"},"schema":{"@context":"https:\/\/schema.org","@graph":[{"@type":"Article","@id":"https:\/\/fuentesfidedignas.com.mx\/index.php\/2026\/09\/02\/te-violan-con-cada-like-con-cada-compartir-y-cada-vez-que-te-graban-activista-olimpia-coral\/#article","isPartOf":{"@id":"https:\/\/fuentesfidedignas.com.mx\/index.php\/2026\/09\/02\/te-violan-con-cada-like-con-cada-compartir-y-cada-vez-que-te-graban-activista-olimpia-coral\/"},"author":{"name":"EFE","@id":"https:\/\/fuentesfidedignas.com.mx\/#\/schema\/person\/0d44615087b5a626d5d3f13afe31ac41"},"headline":"\u2018Te violan con cada like, con cada compartir y cada vez que te graban\u2019: activista Olimpia Coral","datePublished":"2026-09-02T08:57:00+00:00","mainEntityOfPage":{"@id":"https:\/\/fuentesfidedignas.com.mx\/index.php\/2026\/09\/02\/te-violan-con-cada-like-con-cada-compartir-y-cada-vez-que-te-graban-activista-olimpia-coral\/"},"wordCount":1010,"commentCount":0,"publisher":{"@id":"https:\/\/fuentesfidedignas.com.mx\/#organization"},"image":{"@id":"https:\/\/fuentesfidedignas.com.mx\/index.php\/2026\/09\/02\/te-violan-con-cada-like-con-cada-compartir-y-cada-vez-que-te-graban-activista-olimpia-coral\/#primaryimage"},"thumbnailUrl":"https:\/\/fuentesfidedignas.com.mx\/wp-content\/uploads\/2026\/08\/olimpia-coral.webp","articleSection":["IGUALDAD SUSTANTIVA","SEMANALES"],"inLanguage":"es","potentialAction":[{"@type":"CommentAction","name":"Comment","target":["https:\/\/fuentesfidedignas.com.mx\/index.php\/2026\/09\/02\/te-violan-con-cada-like-con-cada-compartir-y-cada-vez-que-te-graban-activista-olimpia-coral\/#respond"]}]},{"@type":"WebPage","@id":"https:\/\/fuentesfidedignas.com.mx\/index.php\/2026\/09\/02\/te-violan-con-cada-like-con-cada-compartir-y-cada-vez-que-te-graban-activista-olimpia-coral\/","url":"https:\/\/fuentesfidedignas.com.mx\/index.php\/2026\/09\/02\/te-violan-con-cada-like-con-cada-compartir-y-cada-vez-que-te-graban-activista-olimpia-coral\/","name":"\u2018Te violan con cada like, con cada compartir y cada vez que te graban\u2019: activista Olimpia Coral - Fuentes Fidedignas","isPartOf":{"@id":"https:\/\/fuentesfidedignas.com.mx\/#website"},"primaryImageOfPage":{"@id":"https:\/\/fuentesfidedignas.com.mx\/index.php\/2026\/09\/02\/te-violan-con-cada-like-con-cada-compartir-y-cada-vez-que-te-graban-activista-olimpia-coral\/#primaryimage"},"image":{"@id":"https:\/\/fuentesfidedignas.com.mx\/index.php\/2026\/09\/02\/te-violan-con-cada-like-con-cada-compartir-y-cada-vez-que-te-graban-activista-olimpia-coral\/#primaryimage"},"thumbnailUrl":"https:\/\/fuentesfidedignas.com.mx\/wp-content\/uploads\/2026\/08\/olimpia-coral.webp","datePublished":"2026-09-02T08:57:00+00:00","breadcrumb":{"@id":"https:\/\/fuentesfidedignas.com.mx\/index.php\/2026\/09\/02\/te-violan-con-cada-like-con-cada-compartir-y-cada-vez-que-te-graban-activista-olimpia-coral\/#breadcrumb"},"inLanguage":"es","potentialAction":[{"@type":"ReadAction","target":["https:\/\/fuentesfidedignas.com.mx\/index.php\/2026\/09\/02\/te-violan-con-cada-like-con-cada-compartir-y-cada-vez-que-te-graban-activista-olimpia-coral\/"]}]},{"@type":"ImageObject","inLanguage":"es","@id":"https:\/\/fuentesfidedignas.com.mx\/index.php\/2026\/09\/02\/te-violan-con-cada-like-con-cada-compartir-y-cada-vez-que-te-graban-activista-olimpia-coral\/#primaryimage","url":"https:\/\/fuentesfidedignas.com.mx\/wp-content\/uploads\/2026\/08\/olimpia-coral.webp","contentUrl":"https:\/\/fuentesfidedignas.com.mx\/wp-content\/uploads\/2026\/08\/olimpia-coral.webp","width":1280,"height":720},{"@type":"BreadcrumbList","@id":"https:\/\/fuentesfidedignas.com.mx\/index.php\/2026\/09\/02\/te-violan-con-cada-like-con-cada-compartir-y-cada-vez-que-te-graban-activista-olimpia-coral\/#breadcrumb","itemListElement":[{"@type":"ListItem","position":1,"name":"Inicio","item":"https:\/\/fuentesfidedignas.com.mx\/"},{"@type":"ListItem","position":2,"name":"\u2018Te violan con cada like, con cada compartir y cada vez que te graban\u2019: activista Olimpia Coral"}]},{"@type":"WebSite","@id":"https:\/\/fuentesfidedignas.com.mx\/#website","url":"https:\/\/fuentesfidedignas.com.mx\/","name":"Fuentes Fidedignas","description":"Otro sitio realizado con WordPress","publisher":{"@id":"https:\/\/fuentesfidedignas.com.mx\/#organization"},"potentialAction":[{"@type":"SearchAction","target":{"@type":"EntryPoint","urlTemplate":"https:\/\/fuentesfidedignas.com.mx\/?s={search_term_string}"},"query-input":{"@type":"PropertyValueSpecification","valueRequired":true,"valueName":"search_term_string"}}],"inLanguage":"es"},{"@type":"Organization","@id":"https:\/\/fuentesfidedignas.com.mx\/#organization","name":"Fuentes Fidedignas","url":"https:\/\/fuentesfidedignas.com.mx\/","logo":{"@type":"ImageObject","inLanguage":"es","@id":"https:\/\/fuentesfidedignas.com.mx\/#\/schema\/logo\/image\/","url":"https:\/\/fuentesfidedignas.com.mx\/wp-content\/uploads\/2021\/04\/logo-retina.png","contentUrl":"https:\/\/fuentesfidedignas.com.mx\/wp-content\/uploads\/2021\/04\/logo-retina.png","width":280,"height":51,"caption":"Fuentes Fidedignas"},"image":{"@id":"https:\/\/fuentesfidedignas.com.mx\/#\/schema\/logo\/image\/"},"sameAs":["https:\/\/www.facebook.com\/Fuentes-Fidedignas-368234489921644","https:\/\/x.com\/fidedignas"]},{"@type":"Person","@id":"https:\/\/fuentesfidedignas.com.mx\/#\/schema\/person\/0d44615087b5a626d5d3f13afe31ac41","name":"EFE","image":{"@type":"ImageObject","inLanguage":"es","@id":"https:\/\/secure.gravatar.com\/avatar\/7048c2d9b569d9bed55bb53ad23821e6e047aa66338fb6ea9868627bbb9f54e8?s=96&d=mm&r=g","url":"https:\/\/secure.gravatar.com\/avatar\/7048c2d9b569d9bed55bb53ad23821e6e047aa66338fb6ea9868627bbb9f54e8?s=96&d=mm&r=g","contentUrl":"https:\/\/secure.gravatar.com\/avatar\/7048c2d9b569d9bed55bb53ad23821e6e047aa66338fb6ea9868627bbb9f54e8?s=96&d=mm&r=g","caption":"EFE"},"url":"https:\/\/fuentesfidedignas.com.mx\/index.php\/author\/efe\/"}]}},"_links":{"self":[{"href":"https:\/\/fuentesfidedignas.com.mx\/index.php\/wp-json\/wp\/v2\/posts\/141283","targetHints":{"allow":["GET"]}}],"collection":[{"href":"https:\/\/fuentesfidedignas.com.mx\/index.php\/wp-json\/wp\/v2\/posts"}],"about":[{"href":"https:\/\/fuentesfidedignas.com.mx\/index.php\/wp-json\/wp\/v2\/types\/post"}],"author":[{"embeddable":true,"href":"https:\/\/fuentesfidedignas.com.mx\/index.php\/wp-json\/wp\/v2\/users\/22"}],"replies":[{"embeddable":true,"href":"https:\/\/fuentesfidedignas.com.mx\/index.php\/wp-json\/wp\/v2\/comments?post=141283"}],"version-history":[{"count":1,"href":"https:\/\/fuentesfidedignas.com.mx\/index.php\/wp-json\/wp\/v2\/posts\/141283\/revisions"}],"predecessor-version":[{"id":141291,"href":"https:\/\/fuentesfidedignas.com.mx\/index.php\/wp-json\/wp\/v2\/posts\/141283\/revisions\/141291"}],"wp:featuredmedia":[{"embeddable":true,"href":"https:\/\/fuentesfidedignas.com.mx\/index.php\/wp-json\/wp\/v2\/media\/141289"}],"wp:attachment":[{"href":"https:\/\/fuentesfidedignas.com.mx\/index.php\/wp-json\/wp\/v2\/media?parent=141283"}],"wp:term":[{"taxonomy":"category","embeddable":true,"href":"https:\/\/fuentesfidedignas.com.mx\/index.php\/wp-json\/wp\/v2\/categories?post=141283"},{"taxonomy":"post_tag","embeddable":true,"href":"https:\/\/fuentesfidedignas.com.mx\/index.php\/wp-json\/wp\/v2\/tags?post=141283"}],"curies":[{"name":"wp","href":"https:\/\/api.w.org\/{rel}","templated":true}]}}