{"id":141270,"date":"2026-09-01T01:41:00","date_gmt":"2026-09-01T08:41:00","guid":{"rendered":"https:\/\/fuentesfidedignas.com.mx\/?p=141270"},"modified":"2026-08-31T14:35:30","modified_gmt":"2026-08-31T21:35:30","slug":"nueva-ley-general-de-bienestar-animal-en-nuevo-leon-un-retroceso-para-los-animales","status":"publish","type":"post","link":"https:\/\/fuentesfidedignas.com.mx\/index.php\/2026\/09\/01\/nueva-ley-general-de-bienestar-animal-en-nuevo-leon-un-retroceso-para-los-animales\/","title":{"rendered":"Nueva Ley General de Bienestar Animal en Nuevo Le\u00f3n: un retroceso para los animales"},"content":{"rendered":"\n<p class=\"wp-block-paragraph\">En Nuevo Le\u00f3n, durante los \u00faltimos a\u00f1os se han conseguido avances importantes en materia de protecci\u00f3n animal. Actualmente, est\u00e1 prohibido el uso de caballos carretoneros, las peleas de perros y las peleas de animales en general. Adem\u00e1s, de manera secundaria, la legislaci\u00f3n reconoce a los animales como seres sintientes y ha permitido fortalecer las herramientas de las autoridades para decomisar animales v\u00edctimas de maltrato o que se encuentran en posesi\u00f3n ilegal, entre otras medidas.<\/p>\n\n\n\n<p class=\"wp-block-paragraph\">Una nueva iniciativa de Ley General de Bienestar Animal podr\u00eda representar un importante retroceso para estos avances. El proyecto, compuesto por 190 art\u00edculos, plantea modificaciones que, de acuerdo con activistas y organizaciones defensoras de los animales, podr\u00edan debilitar las protecciones que distintos estados han conseguido mediante a\u00f1os de trabajo.<\/p>\n\n\n\n<p class=\"wp-block-paragraph\"><strong>Cambios y cuestionamientos<\/strong><\/p>\n\n\n\n<p class=\"wp-block-paragraph\">Uno de los principales cuestionamientos es que la nueva legislaci\u00f3n establecer\u00eda un marco general al que tendr\u00edan que sujetarse las entidades federativas, lo que podr\u00eda limitar los avances que algunos estados ya han alcanzado en materia de protecci\u00f3n animal.<\/p>\n\n\n\n<p class=\"wp-block-paragraph\">Uno de los cambios m\u00e1s preocupantes se encuentra en la prohibici\u00f3n de las peleas de animales. Mientras la legislaci\u00f3n de Nuevo Le\u00f3n establece de manera contundente que las peleas de animales est\u00e1n prohibidas, la nueva iniciativa utiliza el t\u00e9rmino \u201cpeleas ilegales\u201d. El cambio de una sola palabra puede parecer insignificante, pero jur\u00eddicamente abre la puerta a interpretar que podr\u00edan existir peleas consideradas legales bajo determinadas condiciones, como sucede en otros estados. De esta manera, una prohibici\u00f3n que actualmente es absoluta podr\u00eda quedar debilitada.<\/p>\n\n\n\n<p class=\"wp-block-paragraph\">Algo similar ocurre con los espect\u00e1culos que utilizan animales. En Nuevo Le\u00f3n est\u00e1 prohibido emplear animales en eventos p\u00fablicos y privados como parte del entretenimiento, as\u00ed como en determinados espacios e instituciones educativas. No obstante, el art\u00edculo 59 de la iniciativa plantea regular el uso de animales en este tipo de situaciones siempre que exista supervisi\u00f3n veterinaria.<\/p>\n\n\n\n<p class=\"wp-block-paragraph\">El problema es que, cuando una legislaci\u00f3n establece mecanismos para regular una actividad, tambi\u00e9n puede estar reconociendo la posibilidad de que dicha actividad ocurra bajo determinadas condiciones. Para quienes defienden los derechos de los animales, esto representa una diferencia fundamental: no se trata de garantizar que una pr\u00e1ctica pueda realizarse \u201cde manera adecuada\u201d, sino de cuestionar si los animales deber\u00edan ser utilizados para el entretenimiento humano en primer lugar.<\/p>\n\n\n\n<h2 class=\"wp-block-heading\"><strong>\u00bfSeres sintientes o bienes sujetos de apropiaci\u00f3n?<\/strong><\/h2>\n\n\n\n<p class=\"wp-block-paragraph\">Otro de los puntos m\u00e1s controvertidos se encuentra en la manera en que la iniciativa define a los animales.<\/p>\n\n\n\n<p class=\"wp-block-paragraph\">El art\u00edculo 1 reconoce que los animales son seres&nbsp;<a href=\"https:\/\/comunicacionsocial.senado.gob.mx\/informacion\/comunicados\/15729-presentan-proyecto-para-expedir-ley-general-en-materia-de-bienestar-cuidado-y-proteccion-de-los-animales\" target=\"_blank\" rel=\"noopener\">sintientes<\/a>, pero al mismo tiempo los considera susceptibles de apropiaci\u00f3n y sujetos de \u201cuso\u201d por parte de los seres humanos. Esta combinaci\u00f3n genera una contradicci\u00f3n de fondo: reconocer que un animal puede sentir dolor, miedo y sufrimiento, mientras simult\u00e1neamente se mantiene la posibilidad de considerarlo objeto de apropiaci\u00f3n y utilizaci\u00f3n.<\/p>\n\n\n\n<p class=\"wp-block-paragraph\">Para el movimiento de defensa animal, reconocer la sintiencia no deber\u00eda ser simplemente una descripci\u00f3n biol\u00f3gica. Deber\u00eda implicar obligaciones concretas hacia los animales y el reconocimiento de que sus intereses deben ser protegidos por la ley.<\/p>\n\n\n\n<p class=\"wp-block-paragraph\">El art\u00edculo 3, fracci\u00f3n XVI, tambi\u00e9n define el bienestar animal como un estado f\u00edsico y mental. Sin embargo, esta definici\u00f3n puede resultar insuficiente si el bienestar se entiende \u00fanicamente como una condici\u00f3n y no como una obligaci\u00f3n jur\u00eddica de garantizar que los animales puedan vivir libres de sufrimiento y violencia.<\/p>\n\n\n\n<p class=\"wp-block-paragraph\">En este sentido, tambi\u00e9n preocupa la definici\u00f3n de crueldad y maltrato. Si las conductas sancionables quedan condicionadas a determinadas interpretaciones sobre la intenci\u00f3n, la brutalidad o el da\u00f1o provocado, podr\u00edan generarse vac\u00edos que dificulten la denuncia y sanci\u00f3n de determinadas formas de violencia u omisi\u00f3n de cuidados.<\/p>\n\n\n\n<h2 class=\"wp-block-heading\"><strong>El caso de los perros encadenados<\/strong><\/h2>\n\n\n\n<p class=\"wp-block-paragraph\">Uno de los ejemplos m\u00e1s claros de lo que podr\u00eda significar este cambio es el de los perros que permanecen encadenados. Actualmente, este tipo de situaci\u00f3n puede ser objeto de denuncia cuando constituye una forma de omisi\u00f3n de cuidados o afecta el bienestar del animal. La protecci\u00f3n busca evitar que el da\u00f1o ocurra, en lugar de esperar a que el animal presente heridas o consecuencias graves.<\/p>\n\n\n\n<p class=\"wp-block-paragraph\">El art\u00edculo 15 de la iniciativa plantea prohibir la sujeci\u00f3n de animales \u00fanicamente bajo determinadas circunstancias, como cuando se les provoquen heridas, estrangulamiento o se les impida comer, beber, descansar o acicalarse.<\/p>\n\n\n\n<p class=\"wp-block-paragraph\">A primera vista podr\u00eda parecer una medida de protecci\u00f3n. Pero, como se\u00f1ala la activista Ivonne Esc\u00e1rcega, el problema es precisamente que una situaci\u00f3n que anteriormente pod\u00eda considerarse una vulneraci\u00f3n de la libertad y bienestar del animal podr\u00eda terminar siendo tolerada mientras no exista un da\u00f1o f\u00edsico evidente.<\/p>\n\n\n\n<p class=\"wp-block-paragraph\">Los animales tienen derecho a condiciones de vida dignas y a no ser sometidos a restricciones injustificadas. Su bienestar no deber\u00eda ser una recompensa que se conserve \u00fanicamente mientras no presenten heridas visibles.<\/p>\n\n\n\n<p class=\"wp-block-paragraph\">Esperar a que un animal resulte lesionado para intervenir significa actuar demasiado tarde.<\/p>\n\n\n\n<h2 class=\"wp-block-heading\"><strong>El posible regreso de los caballos carretoneros<\/strong><\/h2>\n\n\n\n<p class=\"wp-block-paragraph\">Otro de los puntos que genera preocupaci\u00f3n es el relacionado con los llamados animales de carga. Nuevo Le\u00f3n cuenta actualmente con un r\u00e9gimen que proh\u00edbe los veh\u00edculos arrastrados por animales en el estado, con determinadas disposiciones y regulaciones. Este avance ha sido especialmente importante para los caballos utilizados hist\u00f3ricamente para tirar de carretones.<\/p>\n\n\n\n<p class=\"wp-block-paragraph\">La nueva iniciativa no establece un l\u00edmite claro a la vida laboral de estos animales ni regula de manera suficiente aspectos como el tipo de carga o las condiciones de los veh\u00edculos. Adem\u00e1s, contempla \u00fanicamente algunas prohibiciones espec\u00edficas, como el uso de equinos menores de tres meses o de hembras gestantes, y no establece un programa de sustituci\u00f3n.<\/p>\n\n\n\n<p class=\"wp-block-paragraph\">Esto podr\u00eda abrir nuevamente la puerta al uso de caballos para tirar de veh\u00edculos en Nuevo Le\u00f3n.<\/p>\n\n\n\n<p class=\"wp-block-paragraph\">La pregunta entonces es inevitable: si un estado ya consigui\u00f3 avanzar hacia la eliminaci\u00f3n de una pr\u00e1ctica que somete a los animales a explotaci\u00f3n, \u00bfpor qu\u00e9 una nueva legislaci\u00f3n deber\u00eda permitir que ese avance se pierda?<\/p>\n\n\n\n<h2 class=\"wp-block-heading\"><strong>Animales decomisados: \u00bfrescatados? o nuevamente convertidos en mercanc\u00eda<\/strong><\/h2>\n\n\n\n<p class=\"wp-block-paragraph\">La iniciativa tambi\u00e9n contempla disposiciones relacionadas con los animales que han sido decomisados despu\u00e9s de sufrir maltrato.<\/p>\n\n\n\n<p class=\"wp-block-paragraph\">El art\u00edculo 107 permitir\u00eda la venta de animales mediante invitaci\u00f3n a cuando menos tres compradores y su remate mediante subasta p\u00fablica. La excepci\u00f3n expresa corresponde a la fauna silvestre, cuya regulaci\u00f3n se encuentra vinculada con la legislaci\u00f3n nacional. Esto significa que, bajo determinadas circunstancias, animales que fueron rescatados despu\u00e9s de haber sido v\u00edctimas de maltrato podr\u00edan volver a ser comercializados.<\/p>\n\n\n\n<p class=\"wp-block-paragraph\">Esto plantea una contradicci\u00f3n profunda. Un animal no deber\u00eda pasar de ser v\u00edctima de maltrato a convertirse nuevamente en un objeto que puede ser comprado por quien est\u00e9 dispuesto a pagar por \u00e9l. Adem\u00e1s, surge una pregunta fundamental: \u00bfqu\u00e9 garant\u00edas existir\u00edan respecto al destino que tendr\u00e1 el animal una vez vendido?<\/p>\n\n\n\n<p class=\"wp-block-paragraph\">El rescate deber\u00eda significar una oportunidad para vivir una vida segura y libre de violencia, no el inicio de un nuevo proceso de comercializaci\u00f3n.<\/p>\n\n\n\n<h2 class=\"wp-block-heading\"><strong>Una ley que podr\u00eda borrar a\u00f1os de avances<\/strong><\/h2>\n\n\n\n<p class=\"wp-block-paragraph\">Varios de estos se\u00f1alamientos han sido expuestos por Ivonne Esc\u00e1rcega, activista y defensora de los animales en Nuevo Le\u00f3n, quien ha analizado distintos apartados de la iniciativa y ha advertido sobre las consecuencias que podr\u00eda tener para los animales.<\/p>\n\n\n\n<p class=\"wp-block-paragraph\">Esc\u00e1rcega plantea siete peticiones b\u00e1sicas a nivel nacional. El objetivo, se\u00f1ala, no es simplemente modificar algunos art\u00edculos de la iniciativa, sino solicitar que el proyecto sea desechado por completo.<\/p>\n\n\n\n<p class=\"wp-block-paragraph\">La raz\u00f3n es que, desde esta perspectiva, el problema no se encuentra \u00fanicamente en determinados art\u00edculos, sino en el enfoque general de la propuesta. En lugar de fortalecer el reconocimiento de los animales como seres sintientes con intereses propios, la iniciativa podr\u00eda mantener y ampliar su consideraci\u00f3n como objetos susceptibles de apropiaci\u00f3n, utilizaci\u00f3n y comercializaci\u00f3n.<\/p>\n\n\n\n<p class=\"wp-block-paragraph\">Despu\u00e9s de a\u00f1os de trabajo de activistas, organizaciones y ciudadanos para conseguir mayores protecciones legales, permitir que estos avances retrocedan significa dejar nuevamente desprotegidos a miles de animales.<\/p>\n\n\n\n<p class=\"wp-block-paragraph\">Una verdadera ley de bienestar animal deber\u00eda significar m\u00e1s protecci\u00f3n, no menos; m\u00e1s derechos, no nuevas formas de explotaci\u00f3n. Los animales no son mercanc\u00edas, herramientas de entretenimiento ni bienes que puedan recuperarse, venderse o utilizarse seg\u00fan las necesidades humanas. Son seres sintientes capaces de experimentar dolor, miedo y bienestar, y precisamente por ello la legislaci\u00f3n deber\u00eda avanzar hacia su protecci\u00f3n, no hacia la normalizaci\u00f3n de su uso.<\/p>\n\n\n\n<p class=\"wp-block-paragraph\">El progreso no deber\u00eda medirse por cu\u00e1ntas actividades podemos regular, sino por cu\u00e1ntas formas de sufrimiento somos capaces de dejar atr\u00e1s. Si una ley permite retroceder en derechos que ya fueron conquistados, entonces no estamos hablando de bienestar: estamos hablando de perder lo que durante a\u00f1os se luch\u00f3 por conseguir.<\/p>\n\n\n\n<p class=\"wp-block-paragraph\"><\/p>\n","protected":false},"excerpt":{"rendered":"<p>En Nuevo Le\u00f3n, durante los \u00faltimos a\u00f1os se han conseguido avances importantes en materia de protecci\u00f3n animal. Actualmente, est\u00e1 prohibido el uso de caballos carretoneros, las peleas de perros y las peleas de animales en general. Adem\u00e1s, de manera secundaria, la legislaci\u00f3n reconoce a los animales como seres sintientes y ha permitido fortalecer las herramientas [&hellip;]<\/p>\n","protected":false},"author":78,"featured_media":141271,"comment_status":"open","ping_status":"open","sticky":false,"template":"","format":"standard","meta":{"tdm_status":"","tdm_grid_status":"","footnotes":""},"categories":[32,36],"tags":[],"class_list":["post-141270","post","type-post","status-publish","format-standard","has-post-thumbnail","category-derechos-animales","category-semanales"],"yoast_head":"<!-- This site is optimized with the Yoast SEO plugin v28.3 - https:\/\/yoast.com\/product\/yoast-seo-wordpress\/ -->\n<title>Nueva Ley General de Bienestar Animal en Nuevo Le\u00f3n: un retroceso para los animales - Fuentes Fidedignas<\/title>\n<meta name=\"robots\" content=\"index, follow, max-snippet:-1, max-image-preview:large, max-video-preview:-1\" \/>\n<link rel=\"canonical\" href=\"https:\/\/fuentesfidedignas.com.mx\/index.php\/2026\/09\/01\/nueva-ley-general-de-bienestar-animal-en-nuevo-leon-un-retroceso-para-los-animales\/\" \/>\n<meta property=\"og:locale\" content=\"es_MX\" \/>\n<meta property=\"og:type\" content=\"article\" \/>\n<meta property=\"og:title\" content=\"Nueva Ley General de Bienestar Animal en Nuevo Le\u00f3n: un retroceso para los animales - Fuentes Fidedignas\" \/>\n<meta property=\"og:description\" content=\"En Nuevo Le\u00f3n, durante los \u00faltimos a\u00f1os se han conseguido avances importantes en materia de protecci\u00f3n animal. Actualmente, est\u00e1 prohibido el uso de caballos carretoneros, las peleas de perros y las peleas de animales en general. Adem\u00e1s, de manera secundaria, la legislaci\u00f3n reconoce a los animales como seres sintientes y ha permitido fortalecer las herramientas [&hellip;]\" \/>\n<meta property=\"og:url\" content=\"https:\/\/fuentesfidedignas.com.mx\/index.php\/2026\/09\/01\/nueva-ley-general-de-bienestar-animal-en-nuevo-leon-un-retroceso-para-los-animales\/\" \/>\n<meta property=\"og:site_name\" content=\"Fuentes Fidedignas\" \/>\n<meta property=\"article:publisher\" content=\"https:\/\/www.facebook.com\/Fuentes-Fidedignas-368234489921644\" \/>\n<meta property=\"article:published_time\" content=\"2026-09-01T08:41:00+00:00\" \/>\n<meta property=\"og:image\" content=\"https:\/\/fuentesfidedignas.com.mx\/wp-content\/uploads\/2026\/08\/caballo7.webp\" \/>\n\t<meta property=\"og:image:width\" content=\"700\" \/>\n\t<meta property=\"og:image:height\" content=\"525\" \/>\n\t<meta property=\"og:image:type\" content=\"image\/webp\" \/>\n<meta name=\"author\" content=\"SinEmbargo\" \/>\n<meta name=\"twitter:card\" content=\"summary_large_image\" \/>\n<meta name=\"twitter:creator\" content=\"@fidedignas\" \/>\n<meta name=\"twitter:site\" content=\"@fidedignas\" \/>\n<meta name=\"twitter:label1\" content=\"Escrito por\" \/>\n\t<meta name=\"twitter:data1\" content=\"SinEmbargo\" \/>\n\t<meta name=\"twitter:label2\" content=\"Tiempo de lectura\" \/>\n\t<meta name=\"twitter:data2\" content=\"7 minutos\" \/>\n<script type=\"application\/ld+json\" class=\"yoast-schema-graph\">{\"@context\":\"https:\\\/\\\/schema.org\",\"@graph\":[{\"@type\":\"Article\",\"@id\":\"https:\\\/\\\/fuentesfidedignas.com.mx\\\/index.php\\\/2026\\\/09\\\/01\\\/nueva-ley-general-de-bienestar-animal-en-nuevo-leon-un-retroceso-para-los-animales\\\/#article\",\"isPartOf\":{\"@id\":\"https:\\\/\\\/fuentesfidedignas.com.mx\\\/index.php\\\/2026\\\/09\\\/01\\\/nueva-ley-general-de-bienestar-animal-en-nuevo-leon-un-retroceso-para-los-animales\\\/\"},\"author\":{\"name\":\"SinEmbargo\",\"@id\":\"https:\\\/\\\/fuentesfidedignas.com.mx\\\/#\\\/schema\\\/person\\\/b6ca2edfbca968e66c93a1c78dcc84ac\"},\"headline\":\"Nueva Ley General de Bienestar Animal en Nuevo Le\u00f3n: un retroceso para los animales\",\"datePublished\":\"2026-09-01T08:41:00+00:00\",\"mainEntityOfPage\":{\"@id\":\"https:\\\/\\\/fuentesfidedignas.com.mx\\\/index.php\\\/2026\\\/09\\\/01\\\/nueva-ley-general-de-bienestar-animal-en-nuevo-leon-un-retroceso-para-los-animales\\\/\"},\"wordCount\":1564,\"commentCount\":0,\"publisher\":{\"@id\":\"https:\\\/\\\/fuentesfidedignas.com.mx\\\/#organization\"},\"image\":{\"@id\":\"https:\\\/\\\/fuentesfidedignas.com.mx\\\/index.php\\\/2026\\\/09\\\/01\\\/nueva-ley-general-de-bienestar-animal-en-nuevo-leon-un-retroceso-para-los-animales\\\/#primaryimage\"},\"thumbnailUrl\":\"https:\\\/\\\/fuentesfidedignas.com.mx\\\/wp-content\\\/uploads\\\/2026\\\/08\\\/caballo7.webp\",\"articleSection\":[\"DERECHOS ANIMALES\",\"SEMANALES\"],\"inLanguage\":\"es\",\"potentialAction\":[{\"@type\":\"CommentAction\",\"name\":\"Comment\",\"target\":[\"https:\\\/\\\/fuentesfidedignas.com.mx\\\/index.php\\\/2026\\\/09\\\/01\\\/nueva-ley-general-de-bienestar-animal-en-nuevo-leon-un-retroceso-para-los-animales\\\/#respond\"]}]},{\"@type\":\"WebPage\",\"@id\":\"https:\\\/\\\/fuentesfidedignas.com.mx\\\/index.php\\\/2026\\\/09\\\/01\\\/nueva-ley-general-de-bienestar-animal-en-nuevo-leon-un-retroceso-para-los-animales\\\/\",\"url\":\"https:\\\/\\\/fuentesfidedignas.com.mx\\\/index.php\\\/2026\\\/09\\\/01\\\/nueva-ley-general-de-bienestar-animal-en-nuevo-leon-un-retroceso-para-los-animales\\\/\",\"name\":\"Nueva Ley General de Bienestar Animal en Nuevo Le\u00f3n: un retroceso para los animales - Fuentes Fidedignas\",\"isPartOf\":{\"@id\":\"https:\\\/\\\/fuentesfidedignas.com.mx\\\/#website\"},\"primaryImageOfPage\":{\"@id\":\"https:\\\/\\\/fuentesfidedignas.com.mx\\\/index.php\\\/2026\\\/09\\\/01\\\/nueva-ley-general-de-bienestar-animal-en-nuevo-leon-un-retroceso-para-los-animales\\\/#primaryimage\"},\"image\":{\"@id\":\"https:\\\/\\\/fuentesfidedignas.com.mx\\\/index.php\\\/2026\\\/09\\\/01\\\/nueva-ley-general-de-bienestar-animal-en-nuevo-leon-un-retroceso-para-los-animales\\\/#primaryimage\"},\"thumbnailUrl\":\"https:\\\/\\\/fuentesfidedignas.com.mx\\\/wp-content\\\/uploads\\\/2026\\\/08\\\/caballo7.webp\",\"datePublished\":\"2026-09-01T08:41:00+00:00\",\"breadcrumb\":{\"@id\":\"https:\\\/\\\/fuentesfidedignas.com.mx\\\/index.php\\\/2026\\\/09\\\/01\\\/nueva-ley-general-de-bienestar-animal-en-nuevo-leon-un-retroceso-para-los-animales\\\/#breadcrumb\"},\"inLanguage\":\"es\",\"potentialAction\":[{\"@type\":\"ReadAction\",\"target\":[\"https:\\\/\\\/fuentesfidedignas.com.mx\\\/index.php\\\/2026\\\/09\\\/01\\\/nueva-ley-general-de-bienestar-animal-en-nuevo-leon-un-retroceso-para-los-animales\\\/\"]}]},{\"@type\":\"ImageObject\",\"inLanguage\":\"es\",\"@id\":\"https:\\\/\\\/fuentesfidedignas.com.mx\\\/index.php\\\/2026\\\/09\\\/01\\\/nueva-ley-general-de-bienestar-animal-en-nuevo-leon-un-retroceso-para-los-animales\\\/#primaryimage\",\"url\":\"https:\\\/\\\/fuentesfidedignas.com.mx\\\/wp-content\\\/uploads\\\/2026\\\/08\\\/caballo7.webp\",\"contentUrl\":\"https:\\\/\\\/fuentesfidedignas.com.mx\\\/wp-content\\\/uploads\\\/2026\\\/08\\\/caballo7.webp\",\"width\":700,\"height\":525},{\"@type\":\"BreadcrumbList\",\"@id\":\"https:\\\/\\\/fuentesfidedignas.com.mx\\\/index.php\\\/2026\\\/09\\\/01\\\/nueva-ley-general-de-bienestar-animal-en-nuevo-leon-un-retroceso-para-los-animales\\\/#breadcrumb\",\"itemListElement\":[{\"@type\":\"ListItem\",\"position\":1,\"name\":\"Inicio\",\"item\":\"https:\\\/\\\/fuentesfidedignas.com.mx\\\/\"},{\"@type\":\"ListItem\",\"position\":2,\"name\":\"Nueva Ley General de Bienestar Animal en Nuevo Le\u00f3n: un retroceso para los animales\"}]},{\"@type\":\"WebSite\",\"@id\":\"https:\\\/\\\/fuentesfidedignas.com.mx\\\/#website\",\"url\":\"https:\\\/\\\/fuentesfidedignas.com.mx\\\/\",\"name\":\"Fuentes Fidedignas\",\"description\":\"Otro sitio realizado con WordPress\",\"publisher\":{\"@id\":\"https:\\\/\\\/fuentesfidedignas.com.mx\\\/#organization\"},\"potentialAction\":[{\"@type\":\"SearchAction\",\"target\":{\"@type\":\"EntryPoint\",\"urlTemplate\":\"https:\\\/\\\/fuentesfidedignas.com.mx\\\/?s={search_term_string}\"},\"query-input\":{\"@type\":\"PropertyValueSpecification\",\"valueRequired\":true,\"valueName\":\"search_term_string\"}}],\"inLanguage\":\"es\"},{\"@type\":\"Organization\",\"@id\":\"https:\\\/\\\/fuentesfidedignas.com.mx\\\/#organization\",\"name\":\"Fuentes Fidedignas\",\"url\":\"https:\\\/\\\/fuentesfidedignas.com.mx\\\/\",\"logo\":{\"@type\":\"ImageObject\",\"inLanguage\":\"es\",\"@id\":\"https:\\\/\\\/fuentesfidedignas.com.mx\\\/#\\\/schema\\\/logo\\\/image\\\/\",\"url\":\"https:\\\/\\\/fuentesfidedignas.com.mx\\\/wp-content\\\/uploads\\\/2021\\\/04\\\/logo-retina.png\",\"contentUrl\":\"https:\\\/\\\/fuentesfidedignas.com.mx\\\/wp-content\\\/uploads\\\/2021\\\/04\\\/logo-retina.png\",\"width\":280,\"height\":51,\"caption\":\"Fuentes Fidedignas\"},\"image\":{\"@id\":\"https:\\\/\\\/fuentesfidedignas.com.mx\\\/#\\\/schema\\\/logo\\\/image\\\/\"},\"sameAs\":[\"https:\\\/\\\/www.facebook.com\\\/Fuentes-Fidedignas-368234489921644\",\"https:\\\/\\\/x.com\\\/fidedignas\"]},{\"@type\":\"Person\",\"@id\":\"https:\\\/\\\/fuentesfidedignas.com.mx\\\/#\\\/schema\\\/person\\\/b6ca2edfbca968e66c93a1c78dcc84ac\",\"name\":\"SinEmbargo\",\"image\":{\"@type\":\"ImageObject\",\"inLanguage\":\"es\",\"@id\":\"https:\\\/\\\/secure.gravatar.com\\\/avatar\\\/bc899d68e537bc6130402e5beec873ae4b5d33adf9df99ecf2dbcfb92bb53833?s=96&d=mm&r=g\",\"url\":\"https:\\\/\\\/secure.gravatar.com\\\/avatar\\\/bc899d68e537bc6130402e5beec873ae4b5d33adf9df99ecf2dbcfb92bb53833?s=96&d=mm&r=g\",\"contentUrl\":\"https:\\\/\\\/secure.gravatar.com\\\/avatar\\\/bc899d68e537bc6130402e5beec873ae4b5d33adf9df99ecf2dbcfb92bb53833?s=96&d=mm&r=g\",\"caption\":\"SinEmbargo\"},\"url\":\"https:\\\/\\\/fuentesfidedignas.com.mx\\\/index.php\\\/author\\\/sinembargo\\\/\"}]}<\/script>\n<!-- \/ Yoast SEO plugin. -->","yoast_head_json":{"title":"Nueva Ley General de Bienestar Animal en Nuevo Le\u00f3n: un retroceso para los animales - Fuentes Fidedignas","robots":{"index":"index","follow":"follow","max-snippet":"max-snippet:-1","max-image-preview":"max-image-preview:large","max-video-preview":"max-video-preview:-1"},"canonical":"https:\/\/fuentesfidedignas.com.mx\/index.php\/2026\/09\/01\/nueva-ley-general-de-bienestar-animal-en-nuevo-leon-un-retroceso-para-los-animales\/","og_locale":"es_MX","og_type":"article","og_title":"Nueva Ley General de Bienestar Animal en Nuevo Le\u00f3n: un retroceso para los animales - Fuentes Fidedignas","og_description":"En Nuevo Le\u00f3n, durante los \u00faltimos a\u00f1os se han conseguido avances importantes en materia de protecci\u00f3n animal. Actualmente, est\u00e1 prohibido el uso de caballos carretoneros, las peleas de perros y las peleas de animales en general. Adem\u00e1s, de manera secundaria, la legislaci\u00f3n reconoce a los animales como seres sintientes y ha permitido fortalecer las herramientas [&hellip;]","og_url":"https:\/\/fuentesfidedignas.com.mx\/index.php\/2026\/09\/01\/nueva-ley-general-de-bienestar-animal-en-nuevo-leon-un-retroceso-para-los-animales\/","og_site_name":"Fuentes Fidedignas","article_publisher":"https:\/\/www.facebook.com\/Fuentes-Fidedignas-368234489921644","article_published_time":"2026-09-01T08:41:00+00:00","og_image":[{"width":700,"height":525,"url":"https:\/\/fuentesfidedignas.com.mx\/wp-content\/uploads\/2026\/08\/caballo7.webp","type":"image\/webp"}],"author":"SinEmbargo","twitter_card":"summary_large_image","twitter_creator":"@fidedignas","twitter_site":"@fidedignas","twitter_misc":{"Escrito por":"SinEmbargo","Tiempo de lectura":"7 minutos"},"schema":{"@context":"https:\/\/schema.org","@graph":[{"@type":"Article","@id":"https:\/\/fuentesfidedignas.com.mx\/index.php\/2026\/09\/01\/nueva-ley-general-de-bienestar-animal-en-nuevo-leon-un-retroceso-para-los-animales\/#article","isPartOf":{"@id":"https:\/\/fuentesfidedignas.com.mx\/index.php\/2026\/09\/01\/nueva-ley-general-de-bienestar-animal-en-nuevo-leon-un-retroceso-para-los-animales\/"},"author":{"name":"SinEmbargo","@id":"https:\/\/fuentesfidedignas.com.mx\/#\/schema\/person\/b6ca2edfbca968e66c93a1c78dcc84ac"},"headline":"Nueva Ley General de Bienestar Animal en Nuevo Le\u00f3n: un retroceso para los animales","datePublished":"2026-09-01T08:41:00+00:00","mainEntityOfPage":{"@id":"https:\/\/fuentesfidedignas.com.mx\/index.php\/2026\/09\/01\/nueva-ley-general-de-bienestar-animal-en-nuevo-leon-un-retroceso-para-los-animales\/"},"wordCount":1564,"commentCount":0,"publisher":{"@id":"https:\/\/fuentesfidedignas.com.mx\/#organization"},"image":{"@id":"https:\/\/fuentesfidedignas.com.mx\/index.php\/2026\/09\/01\/nueva-ley-general-de-bienestar-animal-en-nuevo-leon-un-retroceso-para-los-animales\/#primaryimage"},"thumbnailUrl":"https:\/\/fuentesfidedignas.com.mx\/wp-content\/uploads\/2026\/08\/caballo7.webp","articleSection":["DERECHOS ANIMALES","SEMANALES"],"inLanguage":"es","potentialAction":[{"@type":"CommentAction","name":"Comment","target":["https:\/\/fuentesfidedignas.com.mx\/index.php\/2026\/09\/01\/nueva-ley-general-de-bienestar-animal-en-nuevo-leon-un-retroceso-para-los-animales\/#respond"]}]},{"@type":"WebPage","@id":"https:\/\/fuentesfidedignas.com.mx\/index.php\/2026\/09\/01\/nueva-ley-general-de-bienestar-animal-en-nuevo-leon-un-retroceso-para-los-animales\/","url":"https:\/\/fuentesfidedignas.com.mx\/index.php\/2026\/09\/01\/nueva-ley-general-de-bienestar-animal-en-nuevo-leon-un-retroceso-para-los-animales\/","name":"Nueva Ley General de Bienestar Animal en Nuevo Le\u00f3n: un retroceso para los animales - Fuentes Fidedignas","isPartOf":{"@id":"https:\/\/fuentesfidedignas.com.mx\/#website"},"primaryImageOfPage":{"@id":"https:\/\/fuentesfidedignas.com.mx\/index.php\/2026\/09\/01\/nueva-ley-general-de-bienestar-animal-en-nuevo-leon-un-retroceso-para-los-animales\/#primaryimage"},"image":{"@id":"https:\/\/fuentesfidedignas.com.mx\/index.php\/2026\/09\/01\/nueva-ley-general-de-bienestar-animal-en-nuevo-leon-un-retroceso-para-los-animales\/#primaryimage"},"thumbnailUrl":"https:\/\/fuentesfidedignas.com.mx\/wp-content\/uploads\/2026\/08\/caballo7.webp","datePublished":"2026-09-01T08:41:00+00:00","breadcrumb":{"@id":"https:\/\/fuentesfidedignas.com.mx\/index.php\/2026\/09\/01\/nueva-ley-general-de-bienestar-animal-en-nuevo-leon-un-retroceso-para-los-animales\/#breadcrumb"},"inLanguage":"es","potentialAction":[{"@type":"ReadAction","target":["https:\/\/fuentesfidedignas.com.mx\/index.php\/2026\/09\/01\/nueva-ley-general-de-bienestar-animal-en-nuevo-leon-un-retroceso-para-los-animales\/"]}]},{"@type":"ImageObject","inLanguage":"es","@id":"https:\/\/fuentesfidedignas.com.mx\/index.php\/2026\/09\/01\/nueva-ley-general-de-bienestar-animal-en-nuevo-leon-un-retroceso-para-los-animales\/#primaryimage","url":"https:\/\/fuentesfidedignas.com.mx\/wp-content\/uploads\/2026\/08\/caballo7.webp","contentUrl":"https:\/\/fuentesfidedignas.com.mx\/wp-content\/uploads\/2026\/08\/caballo7.webp","width":700,"height":525},{"@type":"BreadcrumbList","@id":"https:\/\/fuentesfidedignas.com.mx\/index.php\/2026\/09\/01\/nueva-ley-general-de-bienestar-animal-en-nuevo-leon-un-retroceso-para-los-animales\/#breadcrumb","itemListElement":[{"@type":"ListItem","position":1,"name":"Inicio","item":"https:\/\/fuentesfidedignas.com.mx\/"},{"@type":"ListItem","position":2,"name":"Nueva Ley General de Bienestar Animal en Nuevo Le\u00f3n: un retroceso para los animales"}]},{"@type":"WebSite","@id":"https:\/\/fuentesfidedignas.com.mx\/#website","url":"https:\/\/fuentesfidedignas.com.mx\/","name":"Fuentes Fidedignas","description":"Otro sitio realizado con WordPress","publisher":{"@id":"https:\/\/fuentesfidedignas.com.mx\/#organization"},"potentialAction":[{"@type":"SearchAction","target":{"@type":"EntryPoint","urlTemplate":"https:\/\/fuentesfidedignas.com.mx\/?s={search_term_string}"},"query-input":{"@type":"PropertyValueSpecification","valueRequired":true,"valueName":"search_term_string"}}],"inLanguage":"es"},{"@type":"Organization","@id":"https:\/\/fuentesfidedignas.com.mx\/#organization","name":"Fuentes Fidedignas","url":"https:\/\/fuentesfidedignas.com.mx\/","logo":{"@type":"ImageObject","inLanguage":"es","@id":"https:\/\/fuentesfidedignas.com.mx\/#\/schema\/logo\/image\/","url":"https:\/\/fuentesfidedignas.com.mx\/wp-content\/uploads\/2021\/04\/logo-retina.png","contentUrl":"https:\/\/fuentesfidedignas.com.mx\/wp-content\/uploads\/2021\/04\/logo-retina.png","width":280,"height":51,"caption":"Fuentes Fidedignas"},"image":{"@id":"https:\/\/fuentesfidedignas.com.mx\/#\/schema\/logo\/image\/"},"sameAs":["https:\/\/www.facebook.com\/Fuentes-Fidedignas-368234489921644","https:\/\/x.com\/fidedignas"]},{"@type":"Person","@id":"https:\/\/fuentesfidedignas.com.mx\/#\/schema\/person\/b6ca2edfbca968e66c93a1c78dcc84ac","name":"SinEmbargo","image":{"@type":"ImageObject","inLanguage":"es","@id":"https:\/\/secure.gravatar.com\/avatar\/bc899d68e537bc6130402e5beec873ae4b5d33adf9df99ecf2dbcfb92bb53833?s=96&d=mm&r=g","url":"https:\/\/secure.gravatar.com\/avatar\/bc899d68e537bc6130402e5beec873ae4b5d33adf9df99ecf2dbcfb92bb53833?s=96&d=mm&r=g","contentUrl":"https:\/\/secure.gravatar.com\/avatar\/bc899d68e537bc6130402e5beec873ae4b5d33adf9df99ecf2dbcfb92bb53833?s=96&d=mm&r=g","caption":"SinEmbargo"},"url":"https:\/\/fuentesfidedignas.com.mx\/index.php\/author\/sinembargo\/"}]}},"_links":{"self":[{"href":"https:\/\/fuentesfidedignas.com.mx\/index.php\/wp-json\/wp\/v2\/posts\/141270","targetHints":{"allow":["GET"]}}],"collection":[{"href":"https:\/\/fuentesfidedignas.com.mx\/index.php\/wp-json\/wp\/v2\/posts"}],"about":[{"href":"https:\/\/fuentesfidedignas.com.mx\/index.php\/wp-json\/wp\/v2\/types\/post"}],"author":[{"embeddable":true,"href":"https:\/\/fuentesfidedignas.com.mx\/index.php\/wp-json\/wp\/v2\/users\/78"}],"replies":[{"embeddable":true,"href":"https:\/\/fuentesfidedignas.com.mx\/index.php\/wp-json\/wp\/v2\/comments?post=141270"}],"version-history":[{"count":1,"href":"https:\/\/fuentesfidedignas.com.mx\/index.php\/wp-json\/wp\/v2\/posts\/141270\/revisions"}],"predecessor-version":[{"id":141272,"href":"https:\/\/fuentesfidedignas.com.mx\/index.php\/wp-json\/wp\/v2\/posts\/141270\/revisions\/141272"}],"wp:featuredmedia":[{"embeddable":true,"href":"https:\/\/fuentesfidedignas.com.mx\/index.php\/wp-json\/wp\/v2\/media\/141271"}],"wp:attachment":[{"href":"https:\/\/fuentesfidedignas.com.mx\/index.php\/wp-json\/wp\/v2\/media?parent=141270"}],"wp:term":[{"taxonomy":"category","embeddable":true,"href":"https:\/\/fuentesfidedignas.com.mx\/index.php\/wp-json\/wp\/v2\/categories?post=141270"},{"taxonomy":"post_tag","embeddable":true,"href":"https:\/\/fuentesfidedignas.com.mx\/index.php\/wp-json\/wp\/v2\/tags?post=141270"}],"curies":[{"name":"wp","href":"https:\/\/api.w.org\/{rel}","templated":true}]}}